{"id":8730,"date":"2014-08-14T21:00:07","date_gmt":"2014-08-14T21:00:07","guid":{"rendered":"http:\/\/www.cric-colombia.org\/portal\/?p=8730"},"modified":"2014-08-14T21:00:07","modified_gmt":"2014-08-14T21:00:07","slug":"juan-de-dios-cometa-ejemplo-de-lucha-presente-siempre-en-los-pueblos-indigenas-del-cauca","status":"publish","type":"post","link":"https:\/\/www.cric-colombia.org\/portal\/juan-de-dios-cometa-ejemplo-de-lucha-presente-siempre-en-los-pueblos-indigenas-del-cauca\/","title":{"rendered":"\u201cJUAN DE DIOS COMETA: Ejemplo de lucha presente siempre en los Pueblos Ind\u00edgenas del Cauca\u201d"},"content":{"rendered":"<p style=\"text-align: justify;\" align=\"center\"><span style=\"font-size: 13px;\"><a href=\"https:\/\/www.cric-colombia.org\/portal\/wp-content\/uploads\/2012\/12\/LogoCRIC.jpg\"><img decoding=\"async\" loading=\"lazy\" class=\"alignright size-medium wp-image-3291\" title=\"LogoCRIC\" src=\"https:\/\/www.cric-colombia.org\/portal\/wp-content\/uploads\/2012\/12\/LogoCRIC-300x228.jpg\" alt=\"\" width=\"300\" height=\"228\" srcset=\"https:\/\/www.cric-colombia.org\/portal\/wp-content\/uploads\/2012\/12\/LogoCRIC-300x228.jpg 300w, https:\/\/www.cric-colombia.org\/portal\/wp-content\/uploads\/2012\/12\/LogoCRIC.jpg 900w\" sizes=\"(max-width: 300px) 100vw, 300px\" \/><\/a>El Consejo Regional Ind\u00edgena del Cauca-CRIC,\u00a0 sus autoridades y comunidades ind\u00edgenas filiales, informa a la opini\u00f3n p\u00fablica nacional e internacional:<\/span><strong style=\"font-size: 13px;\">\u00a0<\/strong><\/p>\n<p><strong><a href=\"https:\/\/soundcloud.com\/comunicaciones_cric\/audio-carlos-alberto\">Audio_Consejero_CRIC<\/a> \u2013 <a href=\"https:\/\/soundcloud.com\/comunicaciones_cric\/120204_002a\">Audio_Mayor_CRIC<\/a><\/strong><\/p>\n<p style=\"text-align: justify;\">Que, el d\u00eda mi\u00e9rcoles 13 de Agosto de 2014 en horas de la Tarde, falleci\u00f3 el Comunero y l\u00edder ind\u00edgena Nasa <strong>\u00a0JUAN DE DIOS COMETA<\/strong>, en la ciudad de Popay\u00e1n, debido a que se encontraba en un delicado estado de salud desde hace varios meses, que le produjo la muerte. El Mayor Cometa, ejerci\u00f3 con valent\u00eda su liderazgo dentro del resguardo de Paniquita, y fuera del territorio del Cauca.\u00a0 Su vida estuvo destinada en gran parte al fortalecimiento del proceso organizativo y bienestar social de la comunidad Ind\u00edgena y sectores sociales.<span style=\"font-size: 13px;\">\u00a0<!--more--><\/span><\/p>\n<p style=\"text-align: justify;\">Su permanencia en el Territorio ind\u00edgena de Paniquita, Municipio de Totor\u00f3, fue de admiraci\u00f3n y respeto de quienes compartieron en su vida organizativa, siempre le aposto de manera practica a la paz y tranquilidad de su comunidad y dem\u00e1s pueblos ind\u00edgenas del Pa\u00eds, ejerci\u00f3 su labor con gran responsabilidad, puntualidad, honestidad, sencillez, seriedad, y respetuoso de las decisiones tomadas en la organizaci\u00f3n.<\/p>\n<p style=\"text-align: justify;\">A su familia, sus hermanos, comunidad y Cabildo Ind\u00edgena de Paniquita, amigos y familia CRIC, nuestras m\u00e1s sinceras y sentidas condolencias. Hubi\u00e9semos querido que este momento nunca llegara pero la vida es as\u00ed. Ahora que el cuerpo de JUAN DE DIOS COMETA descansa en el seno de la madre tierra y su alma se reencontr\u00f3 con los esp\u00edritus milenarios, nos deja en nuestros corazones sus valores, luchas y sue\u00f1os por siempre.<\/p>\n<p align=\"center\"><strong>CONSEJERIA MAYOR<\/strong><\/p>\n<p align=\"center\">Consejo Regional Ind\u00edgena del Cauca CRIC<\/p>\n","protected":false},"excerpt":{"rendered":"<p>El Consejo Regional Ind\u00edgena del Cauca-CRIC,\u00a0 sus autoridades y comunidades ind\u00edgenas filiales, informa a la opini\u00f3n p\u00fablica nacional e internacional:\u00a0 Audio_Consejero_CRIC \u2013 Audio_Mayor_CRIC Que, el d\u00eda mi\u00e9rcoles 13 de Agosto de 2014 en horas de la Tarde, falleci\u00f3 el Comunero y l\u00edder ind\u00edgena Nasa \u00a0JUAN DE DIOS COMETA, en la ciudad de Popay\u00e1n, debido a <\/p>\n","protected":false},"author":6,"featured_media":3291,"comment_status":"open","ping_status":"open","sticky":false,"template":"","format":"standard","meta":{"footnotes":""},"categories":[3,19],"tags":[],"yoast_head":"<!-- This site is optimized with the Yoast SEO plugin v20.12 - https:\/\/yoast.com\/wordpress\/plugins\/seo\/ -->\n<title>\u201cJUAN DE DIOS COMETA: Ejemplo de lucha presente siempre en los Pueblos Ind\u00edgenas del Cauca\u201d - Consejo Regional Ind\u00edgena del Cauca - CRIC<\/title>\n<meta name=\"robots\" content=\"index, follow, max-snippet:-1, max-image-preview:large, max-video-preview:-1\" \/>\n<link rel=\"canonical\" href=\"https:\/\/www.cric-colombia.org\/portal\/juan-de-dios-cometa-ejemplo-de-lucha-presente-siempre-en-los-pueblos-indigenas-del-cauca\/\" \/>\n<meta property=\"og:locale\" content=\"es_ES\" \/>\n<meta property=\"og:type\" content=\"article\" \/>\n<meta property=\"og:title\" content=\"\u201cJUAN DE DIOS COMETA: Ejemplo de lucha presente siempre en los Pueblos Ind\u00edgenas del Cauca\u201d - Consejo Regional Ind\u00edgena del Cauca - CRIC\" \/>\n<meta property=\"og:description\" content=\"El Consejo Regional Ind\u00edgena del Cauca-CRIC,\u00a0 sus autoridades y comunidades ind\u00edgenas filiales, informa a la opini\u00f3n p\u00fablica nacional e internacional:\u00a0 Audio_Consejero_CRIC \u2013 Audio_Mayor_CRIC Que, el d\u00eda mi\u00e9rcoles 13 de Agosto de 2014 en horas de la Tarde, falleci\u00f3 el Comunero y l\u00edder ind\u00edgena Nasa \u00a0JUAN DE DIOS COMETA, en la ciudad de Popay\u00e1n, debido a\" \/>\n<meta property=\"og:url\" content=\"https:\/\/www.cric-colombia.org\/portal\/juan-de-dios-cometa-ejemplo-de-lucha-presente-siempre-en-los-pueblos-indigenas-del-cauca\/\" \/>\n<meta property=\"og:site_name\" content=\"Consejo Regional Ind\u00edgena del Cauca - CRIC\" \/>\n<meta property=\"article:publisher\" content=\"https:\/\/www.facebook.com\/cric.colombia\/\" \/>\n<meta property=\"article:published_time\" content=\"2014-08-14T21:00:07+00:00\" \/>\n<meta property=\"og:image\" content=\"https:\/\/www.cric-colombia.org\/portal\/wp-content\/uploads\/2012\/12\/LogoCRIC.jpg\" \/>\n\t<meta property=\"og:image:width\" content=\"900\" \/>\n\t<meta property=\"og:image:height\" content=\"685\" \/>\n\t<meta property=\"og:image:type\" content=\"image\/jpeg\" \/>\n<meta name=\"author\" content=\"Comunicaciones CRIC\" \/>\n<meta name=\"twitter:card\" content=\"summary_large_image\" \/>\n<meta name=\"twitter:creator\" content=\"@CRIC_Cauca\" \/>\n<meta name=\"twitter:site\" content=\"@CRIC_Cauca\" \/>\n<meta name=\"twitter:label1\" content=\"Escrito por\" \/>\n\t<meta name=\"twitter:data1\" content=\"Comunicaciones CRIC\" \/>\n\t<meta name=\"twitter:label2\" content=\"Tiempo de lectura\" \/>\n\t<meta name=\"twitter:data2\" content=\"1 minuto\" \/>\n<script type=\"application\/ld+json\" class=\"yoast-schema-graph\">{\"@context\":\"https:\/\/schema.org\",\"@graph\":[{\"@type\":\"Article\",\"@id\":\"https:\/\/www.cric-colombia.org\/portal\/juan-de-dios-cometa-ejemplo-de-lucha-presente-siempre-en-los-pueblos-indigenas-del-cauca\/#article\",\"isPartOf\":{\"@id\":\"https:\/\/www.cric-colombia.org\/portal\/juan-de-dios-cometa-ejemplo-de-lucha-presente-siempre-en-los-pueblos-indigenas-del-cauca\/\"},\"author\":{\"name\":\"Comunicaciones CRIC\",\"@id\":\"https:\/\/www.cric-colombia.org\/portal\/#\/schema\/person\/ab3a3099267de33d55f74f34ba201931\"},\"headline\":\"\u201cJUAN DE DIOS COMETA: Ejemplo de lucha presente siempre en los Pueblos Ind\u00edgenas del Cauca\u201d\",\"datePublished\":\"2014-08-14T21:00:07+00:00\",\"dateModified\":\"2014-08-14T21:00:07+00:00\",\"mainEntityOfPage\":{\"@id\":\"https:\/\/www.cric-colombia.org\/portal\/juan-de-dios-cometa-ejemplo-de-lucha-presente-siempre-en-los-pueblos-indigenas-del-cauca\/\"},\"wordCount\":295,\"commentCount\":0,\"publisher\":{\"@id\":\"https:\/\/www.cric-colombia.org\/portal\/#organization\"},\"articleSection\":[\"Actualidad Ind\u00edgena del Cauca\",\"Comunicados de prensa\"],\"inLanguage\":\"es\",\"potentialAction\":[{\"@type\":\"CommentAction\",\"name\":\"Comment\",\"target\":[\"https:\/\/www.cric-colombia.org\/portal\/juan-de-dios-cometa-ejemplo-de-lucha-presente-siempre-en-los-pueblos-indigenas-del-cauca\/#respond\"]}]},{\"@type\":\"WebPage\",\"@id\":\"https:\/\/www.cric-colombia.org\/portal\/juan-de-dios-cometa-ejemplo-de-lucha-presente-siempre-en-los-pueblos-indigenas-del-cauca\/\",\"url\":\"https:\/\/www.cric-colombia.org\/portal\/juan-de-dios-cometa-ejemplo-de-lucha-presente-siempre-en-los-pueblos-indigenas-del-cauca\/\",\"name\":\"\u201cJUAN DE DIOS COMETA: Ejemplo de lucha presente siempre en los Pueblos Ind\u00edgenas del Cauca\u201d - Consejo Regional Ind\u00edgena del Cauca - CRIC\",\"isPartOf\":{\"@id\":\"https:\/\/www.cric-colombia.org\/portal\/#website\"},\"datePublished\":\"2014-08-14T21:00:07+00:00\",\"dateModified\":\"2014-08-14T21:00:07+00:00\",\"breadcrumb\":{\"@id\":\"https:\/\/www.cric-colombia.org\/portal\/juan-de-dios-cometa-ejemplo-de-lucha-presente-siempre-en-los-pueblos-indigenas-del-cauca\/#breadcrumb\"},\"inLanguage\":\"es\",\"potentialAction\":[{\"@type\":\"ReadAction\",\"target\":[\"https:\/\/www.cric-colombia.org\/portal\/juan-de-dios-cometa-ejemplo-de-lucha-presente-siempre-en-los-pueblos-indigenas-del-cauca\/\"]}]},{\"@type\":\"BreadcrumbList\",\"@id\":\"https:\/\/www.cric-colombia.org\/portal\/juan-de-dios-cometa-ejemplo-de-lucha-presente-siempre-en-los-pueblos-indigenas-del-cauca\/#breadcrumb\",\"itemListElement\":[{\"@type\":\"ListItem\",\"position\":1,\"name\":\"Portada\",\"item\":\"https:\/\/www.cric-colombia.org\/portal\/\"},{\"@type\":\"ListItem\",\"position\":2,\"name\":\"\u201cJUAN DE DIOS COMETA: Ejemplo de lucha presente siempre en los Pueblos Ind\u00edgenas del Cauca\u201d\"}]},{\"@type\":\"WebSite\",\"@id\":\"https:\/\/www.cric-colombia.org\/portal\/#website\",\"url\":\"https:\/\/www.cric-colombia.org\/portal\/\",\"name\":\"Consejo Regional Ind\u00edgena del Cauca - CRIC\",\"description\":\"P\u00e1gina oficial del Consejo Regional Ind\u00edgena del Cauca, Colombia\",\"publisher\":{\"@id\":\"https:\/\/www.cric-colombia.org\/portal\/#organization\"},\"potentialAction\":[{\"@type\":\"SearchAction\",\"target\":{\"@type\":\"EntryPoint\",\"urlTemplate\":\"https:\/\/www.cric-colombia.org\/portal\/?s={search_term_string}\"},\"query-input\":\"required name=search_term_string\"}],\"inLanguage\":\"es\"},{\"@type\":\"Organization\",\"@id\":\"https:\/\/www.cric-colombia.org\/portal\/#organization\",\"name\":\"Consejo Regional Ind\u00edgena del Cauca\",\"url\":\"https:\/\/www.cric-colombia.org\/portal\/\",\"logo\":{\"@type\":\"ImageObject\",\"inLanguage\":\"es\",\"@id\":\"https:\/\/www.cric-colombia.org\/portal\/#\/schema\/logo\/image\/\",\"url\":\"https:\/\/www.cric-colombia.org\/portal\/wp-content\/uploads\/2015\/08\/logo_cric.jpg\",\"contentUrl\":\"https:\/\/www.cric-colombia.org\/portal\/wp-content\/uploads\/2015\/08\/logo_cric.jpg\",\"width\":512,\"height\":512,\"caption\":\"Consejo Regional Ind\u00edgena del Cauca\"},\"image\":{\"@id\":\"https:\/\/www.cric-colombia.org\/portal\/#\/schema\/logo\/image\/\"},\"sameAs\":[\"https:\/\/www.facebook.com\/cric.colombia\/\",\"https:\/\/twitter.com\/CRIC_Cauca\"]},{\"@type\":\"Person\",\"@id\":\"https:\/\/www.cric-colombia.org\/portal\/#\/schema\/person\/ab3a3099267de33d55f74f34ba201931\",\"name\":\"Comunicaciones CRIC\",\"image\":{\"@type\":\"ImageObject\",\"inLanguage\":\"es\",\"@id\":\"https:\/\/www.cric-colombia.org\/portal\/#\/schema\/person\/image\/\",\"url\":\"https:\/\/secure.gravatar.com\/avatar\/a8d1a6cfcb82a80d09dafefdcc3dcc8a?s=96&d=retro&r=g\",\"contentUrl\":\"https:\/\/secure.gravatar.com\/avatar\/a8d1a6cfcb82a80d09dafefdcc3dcc8a?s=96&d=retro&r=g\",\"caption\":\"Comunicaciones CRIC\"},\"url\":\"https:\/\/www.cric-colombia.org\/portal\/author\/comunicaciones\/\"}]}<\/script>\n<!-- \/ Yoast SEO plugin. -->","yoast_head_json":{"title":"\u201cJUAN DE DIOS COMETA: Ejemplo de lucha presente siempre en los Pueblos Ind\u00edgenas del Cauca\u201d - Consejo Regional Ind\u00edgena del Cauca - CRIC","robots":{"index":"index","follow":"follow","max-snippet":"max-snippet:-1","max-image-preview":"max-image-preview:large","max-video-preview":"max-video-preview:-1"},"canonical":"https:\/\/www.cric-colombia.org\/portal\/juan-de-dios-cometa-ejemplo-de-lucha-presente-siempre-en-los-pueblos-indigenas-del-cauca\/","og_locale":"es_ES","og_type":"article","og_title":"\u201cJUAN DE DIOS COMETA: Ejemplo de lucha presente siempre en los Pueblos Ind\u00edgenas del Cauca\u201d - Consejo Regional Ind\u00edgena del Cauca - CRIC","og_description":"El Consejo Regional Ind\u00edgena del Cauca-CRIC,\u00a0 sus autoridades y comunidades ind\u00edgenas filiales, informa a la opini\u00f3n p\u00fablica nacional e internacional:\u00a0 Audio_Consejero_CRIC \u2013 Audio_Mayor_CRIC Que, el d\u00eda mi\u00e9rcoles 13 de Agosto de 2014 en horas de la Tarde, falleci\u00f3 el Comunero y l\u00edder ind\u00edgena Nasa \u00a0JUAN DE DIOS COMETA, en la ciudad de Popay\u00e1n, debido a","og_url":"https:\/\/www.cric-colombia.org\/portal\/juan-de-dios-cometa-ejemplo-de-lucha-presente-siempre-en-los-pueblos-indigenas-del-cauca\/","og_site_name":"Consejo Regional Ind\u00edgena del Cauca - CRIC","article_publisher":"https:\/\/www.facebook.com\/cric.colombia\/","article_published_time":"2014-08-14T21:00:07+00:00","og_image":[{"width":"900","height":"685","url":"https:\/\/www.cric-colombia.org\/portal\/wp-content\/uploads\/2012\/12\/LogoCRIC.jpg","type":"image\/jpeg"}],"author":"Comunicaciones CRIC","twitter_card":"summary_large_image","twitter_creator":"@CRIC_Cauca","twitter_site":"@CRIC_Cauca","twitter_misc":{"Escrito por":"Comunicaciones CRIC","Tiempo de lectura":"1 minuto"},"schema":{"@context":"https:\/\/schema.org","@graph":[{"@type":"Article","@id":"https:\/\/www.cric-colombia.org\/portal\/juan-de-dios-cometa-ejemplo-de-lucha-presente-siempre-en-los-pueblos-indigenas-del-cauca\/#article","isPartOf":{"@id":"https:\/\/www.cric-colombia.org\/portal\/juan-de-dios-cometa-ejemplo-de-lucha-presente-siempre-en-los-pueblos-indigenas-del-cauca\/"},"author":{"name":"Comunicaciones CRIC","@id":"https:\/\/www.cric-colombia.org\/portal\/#\/schema\/person\/ab3a3099267de33d55f74f34ba201931"},"headline":"\u201cJUAN DE DIOS COMETA: Ejemplo de lucha presente siempre en los Pueblos Ind\u00edgenas del Cauca\u201d","datePublished":"2014-08-14T21:00:07+00:00","dateModified":"2014-08-14T21:00:07+00:00","mainEntityOfPage":{"@id":"https:\/\/www.cric-colombia.org\/portal\/juan-de-dios-cometa-ejemplo-de-lucha-presente-siempre-en-los-pueblos-indigenas-del-cauca\/"},"wordCount":295,"commentCount":0,"publisher":{"@id":"https:\/\/www.cric-colombia.org\/portal\/#organization"},"articleSection":["Actualidad Ind\u00edgena del Cauca","Comunicados de prensa"],"inLanguage":"es","potentialAction":[{"@type":"CommentAction","name":"Comment","target":["https:\/\/www.cric-colombia.org\/portal\/juan-de-dios-cometa-ejemplo-de-lucha-presente-siempre-en-los-pueblos-indigenas-del-cauca\/#respond"]}]},{"@type":"WebPage","@id":"https:\/\/www.cric-colombia.org\/portal\/juan-de-dios-cometa-ejemplo-de-lucha-presente-siempre-en-los-pueblos-indigenas-del-cauca\/","url":"https:\/\/www.cric-colombia.org\/portal\/juan-de-dios-cometa-ejemplo-de-lucha-presente-siempre-en-los-pueblos-indigenas-del-cauca\/","name":"\u201cJUAN DE DIOS COMETA: Ejemplo de lucha presente siempre en los Pueblos Ind\u00edgenas del Cauca\u201d - Consejo Regional Ind\u00edgena del Cauca - CRIC","isPartOf":{"@id":"https:\/\/www.cric-colombia.org\/portal\/#website"},"datePublished":"2014-08-14T21:00:07+00:00","dateModified":"2014-08-14T21:00:07+00:00","breadcrumb":{"@id":"https:\/\/www.cric-colombia.org\/portal\/juan-de-dios-cometa-ejemplo-de-lucha-presente-siempre-en-los-pueblos-indigenas-del-cauca\/#breadcrumb"},"inLanguage":"es","potentialAction":[{"@type":"ReadAction","target":["https:\/\/www.cric-colombia.org\/portal\/juan-de-dios-cometa-ejemplo-de-lucha-presente-siempre-en-los-pueblos-indigenas-del-cauca\/"]}]},{"@type":"BreadcrumbList","@id":"https:\/\/www.cric-colombia.org\/portal\/juan-de-dios-cometa-ejemplo-de-lucha-presente-siempre-en-los-pueblos-indigenas-del-cauca\/#breadcrumb","itemListElement":[{"@type":"ListItem","position":1,"name":"Portada","item":"https:\/\/www.cric-colombia.org\/portal\/"},{"@type":"ListItem","position":2,"name":"\u201cJUAN DE DIOS COMETA: Ejemplo de lucha presente siempre en los Pueblos Ind\u00edgenas del Cauca\u201d"}]},{"@type":"WebSite","@id":"https:\/\/www.cric-colombia.org\/portal\/#website","url":"https:\/\/www.cric-colombia.org\/portal\/","name":"Consejo Regional Ind\u00edgena del Cauca - CRIC","description":"P\u00e1gina oficial del Consejo Regional Ind\u00edgena del Cauca, Colombia","publisher":{"@id":"https:\/\/www.cric-colombia.org\/portal\/#organization"},"potentialAction":[{"@type":"SearchAction","target":{"@type":"EntryPoint","urlTemplate":"https:\/\/www.cric-colombia.org\/portal\/?s={search_term_string}"},"query-input":"required name=search_term_string"}],"inLanguage":"es"},{"@type":"Organization","@id":"https:\/\/www.cric-colombia.org\/portal\/#organization","name":"Consejo Regional Ind\u00edgena del Cauca","url":"https:\/\/www.cric-colombia.org\/portal\/","logo":{"@type":"ImageObject","inLanguage":"es","@id":"https:\/\/www.cric-colombia.org\/portal\/#\/schema\/logo\/image\/","url":"https:\/\/www.cric-colombia.org\/portal\/wp-content\/uploads\/2015\/08\/logo_cric.jpg","contentUrl":"https:\/\/www.cric-colombia.org\/portal\/wp-content\/uploads\/2015\/08\/logo_cric.jpg","width":512,"height":512,"caption":"Consejo Regional Ind\u00edgena del Cauca"},"image":{"@id":"https:\/\/www.cric-colombia.org\/portal\/#\/schema\/logo\/image\/"},"sameAs":["https:\/\/www.facebook.com\/cric.colombia\/","https:\/\/twitter.com\/CRIC_Cauca"]},{"@type":"Person","@id":"https:\/\/www.cric-colombia.org\/portal\/#\/schema\/person\/ab3a3099267de33d55f74f34ba201931","name":"Comunicaciones CRIC","image":{"@type":"ImageObject","inLanguage":"es","@id":"https:\/\/www.cric-colombia.org\/portal\/#\/schema\/person\/image\/","url":"https:\/\/secure.gravatar.com\/avatar\/a8d1a6cfcb82a80d09dafefdcc3dcc8a?s=96&d=retro&r=g","contentUrl":"https:\/\/secure.gravatar.com\/avatar\/a8d1a6cfcb82a80d09dafefdcc3dcc8a?s=96&d=retro&r=g","caption":"Comunicaciones CRIC"},"url":"https:\/\/www.cric-colombia.org\/portal\/author\/comunicaciones\/"}]}},"jetpack_featured_media_url":"https:\/\/www.cric-colombia.org\/portal\/wp-content\/uploads\/2012\/12\/LogoCRIC.jpg","_links":{"self":[{"href":"https:\/\/www.cric-colombia.org\/portal\/wp-json\/wp\/v2\/posts\/8730"}],"collection":[{"href":"https:\/\/www.cric-colombia.org\/portal\/wp-json\/wp\/v2\/posts"}],"about":[{"href":"https:\/\/www.cric-colombia.org\/portal\/wp-json\/wp\/v2\/types\/post"}],"author":[{"embeddable":true,"href":"https:\/\/www.cric-colombia.org\/portal\/wp-json\/wp\/v2\/users\/6"}],"replies":[{"embeddable":true,"href":"https:\/\/www.cric-colombia.org\/portal\/wp-json\/wp\/v2\/comments?post=8730"}],"version-history":[{"count":2,"href":"https:\/\/www.cric-colombia.org\/portal\/wp-json\/wp\/v2\/posts\/8730\/revisions"}],"predecessor-version":[{"id":8733,"href":"https:\/\/www.cric-colombia.org\/portal\/wp-json\/wp\/v2\/posts\/8730\/revisions\/8733"}],"wp:featuredmedia":[{"embeddable":true,"href":"https:\/\/www.cric-colombia.org\/portal\/wp-json\/wp\/v2\/media\/3291"}],"wp:attachment":[{"href":"https:\/\/www.cric-colombia.org\/portal\/wp-json\/wp\/v2\/media?parent=8730"}],"wp:term":[{"taxonomy":"category","embeddable":true,"href":"https:\/\/www.cric-colombia.org\/portal\/wp-json\/wp\/v2\/categories?post=8730"},{"taxonomy":"post_tag","embeddable":true,"href":"https:\/\/www.cric-colombia.org\/portal\/wp-json\/wp\/v2\/tags?post=8730"}],"curies":[{"name":"wp","href":"https:\/\/api.w.org\/{rel}","templated":true}]}}