{"id":46438,"date":"2026-09-03T14:33:27","date_gmt":"2026-09-03T19:33:27","guid":{"rendered":"https:\/\/www.cric-colombia.org\/portal\/?p=46438"},"modified":"2026-09-03T14:33:27","modified_gmt":"2026-09-03T19:33:27","slug":"en-el-territorio-de-corinto-inicio-la-tulpa-de-comunicacion-politica-y-audiovisual-para-el-wet-wet-finzenxi","status":"publish","type":"post","link":"https:\/\/www.cric-colombia.org\/portal\/en-el-territorio-de-corinto-inicio-la-tulpa-de-comunicacion-politica-y-audiovisual-para-el-wet-wet-finzenxi\/","title":{"rendered":"En el territorio de Corinto inici\u00f3 la Tulpa de Comunicaci\u00f3n, Pol\u00edtica y Audiovisual para el W\u00ebt w\u00ebt Finzenxi"},"content":{"rendered":"<p>En el territorio de Corinto, norte del Cauca se dio inicio al tejido de enraizamiento para la comunicaci\u00f3n y el audiovisual en el norte del Cauca. Este proceso conocido hacia afuera como diplomado, tiene como horizonte el W\u00ebt w\u00ebt Finzenxi, el Buen Vivir y busca cuidar, fortalecer y potencializar los dones de quienes desde los territorios vienen tejiendo procesos de comunicaci\u00f3n y producci\u00f3n audiovisual.<\/p>\n<p>Aqu\u00ed se encuentran comunicadores de los territorios, autoridades, estudiantes, procesos educativos y otras personas que hacen de la comunicaci\u00f3n una herramienta para narrar, pensar y fortalecer la vida comunitaria.<\/p>\n<p>Durante un a\u00f1o se caminar\u00e1 la palabra, se aprender\u00e1 haciendo, conoceremos la historia del cine ind\u00edgena, investigaremos nuestras propias historias, exploraremos los distintos roles de una producci\u00f3n audiovisual y aprenderemos sobre rodaje, edici\u00f3n, derechos de autor y otros elementos de la creaci\u00f3n cinematogr\u00e1fica.<\/p>\n<p>Asimismo, este tejido no se queda en el aula, puesto que es aprender haciendo ser\u00e1 el camino para la creaci\u00f3n de cuatro cortometrajes, cuyos formatos y lenguajes se ir\u00e1n definiendo a medida que avance el proceso.<\/p>\n<p>El tejido recorrer\u00e1 diferentes resguardos y comunidades, llevando consigo las pel\u00edculas, las preguntas y las conversaciones. A trav\u00e9s de videoforos y encuentros comunitarios, buscaremos acercar las historias a la comunidad y la comunidad a las historias, fortaleciendo tambi\u00e9n la formaci\u00f3n de p\u00fablicos y los espacios de circulaci\u00f3n audiovisual en nuestros territorios.<\/p>\n<p>Porque hacer cine desde los pueblos no es solamente aprender a usar una c\u00e1mara, es aprender a mirarnos, a narrarnos y a encontrarnos en nuestras propias historias.<\/p>\n<div>Por: Programa de comunicaciones CRIC<\/div>\n","protected":false},"excerpt":{"rendered":"<p>En el territorio de Corinto, norte del Cauca se dio inicio al tejido de enraizamiento para la comunicaci\u00f3n y el audiovisual en el norte del Cauca. Este proceso conocido hacia afuera como diplomado, tiene como horizonte el W\u00ebt w\u00ebt Finzenxi, el Buen Vivir y busca cuidar, fortalecer y potencializar los dones de quienes desde los <\/p>\n","protected":false},"author":6,"featured_media":46439,"comment_status":"open","ping_status":"open","sticky":false,"template":"","format":"standard","meta":{"footnotes":""},"categories":[3],"tags":[1263,643,1374,1375],"yoast_head":"<!-- This site is optimized with the Yoast SEO plugin v20.12 - https:\/\/yoast.com\/wordpress\/plugins\/seo\/ -->\n<title>En el territorio de Corinto inici\u00f3 la Tulpa de Comunicaci\u00f3n, Pol\u00edtica y Audiovisual para el W\u00ebt w\u00ebt Finzenxi - Consejo Regional Ind\u00edgena del Cauca - CRIC<\/title>\n<meta name=\"description\" content=\"En el territorio de Corinto, norte del Cauca se dio inicio al tejido de enraizamiento para la comunicaci\u00f3n y el audiovisual en el norte del Cauca. Este proceso conocido hacia afuera como diplomado, tiene como horizonte el W\u00ebt w\u00ebt Finzenxi, el Buen Vivir y busca cuidar, fortalecer y potencializar los dones de quienes desde los territorios vienen tejiendo procesos de comunicaci\u00f3n y producci\u00f3n audiovisual.\" \/>\n<meta name=\"robots\" content=\"index, follow, max-snippet:-1, max-image-preview:large, max-video-preview:-1\" \/>\n<link rel=\"canonical\" href=\"https:\/\/www.cric-colombia.org\/portal\/en-el-territorio-de-corinto-inicio-la-tulpa-de-comunicacion-politica-y-audiovisual-para-el-wet-wet-finzenxi\/\" \/>\n<meta property=\"og:locale\" content=\"es_ES\" \/>\n<meta property=\"og:type\" content=\"article\" \/>\n<meta property=\"og:title\" content=\"En el territorio de Corinto inici\u00f3 la Tulpa de Comunicaci\u00f3n, Pol\u00edtica y Audiovisual para el W\u00ebt w\u00ebt Finzenxi - Consejo Regional Ind\u00edgena del Cauca - CRIC\" \/>\n<meta property=\"og:description\" content=\"En el territorio de Corinto, norte del Cauca se dio inicio al tejido de enraizamiento para la comunicaci\u00f3n y el audiovisual en el norte del Cauca. Este proceso conocido hacia afuera como diplomado, tiene como horizonte el W\u00ebt w\u00ebt Finzenxi, el Buen Vivir y busca cuidar, fortalecer y potencializar los dones de quienes desde los territorios vienen tejiendo procesos de comunicaci\u00f3n y producci\u00f3n audiovisual.\" \/>\n<meta property=\"og:url\" content=\"https:\/\/www.cric-colombia.org\/portal\/en-el-territorio-de-corinto-inicio-la-tulpa-de-comunicacion-politica-y-audiovisual-para-el-wet-wet-finzenxi\/\" \/>\n<meta property=\"og:site_name\" content=\"Consejo Regional Ind\u00edgena del Cauca - CRIC\" \/>\n<meta property=\"article:publisher\" content=\"https:\/\/www.facebook.com\/cric.colombia\/\" \/>\n<meta property=\"article:published_time\" content=\"2026-09-03T19:33:27+00:00\" \/>\n<meta property=\"og:image\" content=\"https:\/\/www.cric-colombia.org\/portal\/wp-content\/uploads\/2026\/09\/WhatsApp-Image-2026-09-03-at-2.20.22-PM.jpeg\" \/>\n\t<meta property=\"og:image:width\" content=\"1265\" \/>\n\t<meta property=\"og:image:height\" content=\"710\" \/>\n\t<meta property=\"og:image:type\" content=\"image\/jpeg\" \/>\n<meta name=\"author\" content=\"Comunicaciones CRIC\" \/>\n<meta name=\"twitter:card\" content=\"summary_large_image\" \/>\n<meta name=\"twitter:creator\" content=\"@CRIC_Cauca\" \/>\n<meta name=\"twitter:site\" content=\"@CRIC_Cauca\" \/>\n<meta name=\"twitter:label1\" content=\"Escrito por\" \/>\n\t<meta name=\"twitter:data1\" content=\"Comunicaciones CRIC\" \/>\n\t<meta name=\"twitter:label2\" content=\"Tiempo de lectura\" \/>\n\t<meta name=\"twitter:data2\" content=\"2 minutos\" \/>\n<script type=\"application\/ld+json\" class=\"yoast-schema-graph\">{\"@context\":\"https:\/\/schema.org\",\"@graph\":[{\"@type\":\"Article\",\"@id\":\"https:\/\/www.cric-colombia.org\/portal\/en-el-territorio-de-corinto-inicio-la-tulpa-de-comunicacion-politica-y-audiovisual-para-el-wet-wet-finzenxi\/#article\",\"isPartOf\":{\"@id\":\"https:\/\/www.cric-colombia.org\/portal\/en-el-territorio-de-corinto-inicio-la-tulpa-de-comunicacion-politica-y-audiovisual-para-el-wet-wet-finzenxi\/\"},\"author\":{\"name\":\"Comunicaciones CRIC\",\"@id\":\"https:\/\/www.cric-colombia.org\/portal\/#\/schema\/person\/ab3a3099267de33d55f74f34ba201931\"},\"headline\":\"En el territorio de Corinto inici\u00f3 la Tulpa de Comunicaci\u00f3n, Pol\u00edtica y Audiovisual para el W\u00ebt w\u00ebt Finzenxi\",\"datePublished\":\"2026-09-03T19:33:27+00:00\",\"dateModified\":\"2026-09-03T19:33:27+00:00\",\"mainEntityOfPage\":{\"@id\":\"https:\/\/www.cric-colombia.org\/portal\/en-el-territorio-de-corinto-inicio-la-tulpa-de-comunicacion-politica-y-audiovisual-para-el-wet-wet-finzenxi\/\"},\"wordCount\":298,\"commentCount\":0,\"publisher\":{\"@id\":\"https:\/\/www.cric-colombia.org\/portal\/#organization\"},\"keywords\":[\"buen vivir\",\"Norte del Cauca\",\"Tulpas de comunicaci\u00f3n\",\"W\u00ebt w\u00ebt Finzenxi\"],\"articleSection\":[\"Actualidad Ind\u00edgena del Cauca\"],\"inLanguage\":\"es\",\"potentialAction\":[{\"@type\":\"CommentAction\",\"name\":\"Comment\",\"target\":[\"https:\/\/www.cric-colombia.org\/portal\/en-el-territorio-de-corinto-inicio-la-tulpa-de-comunicacion-politica-y-audiovisual-para-el-wet-wet-finzenxi\/#respond\"]}]},{\"@type\":\"WebPage\",\"@id\":\"https:\/\/www.cric-colombia.org\/portal\/en-el-territorio-de-corinto-inicio-la-tulpa-de-comunicacion-politica-y-audiovisual-para-el-wet-wet-finzenxi\/\",\"url\":\"https:\/\/www.cric-colombia.org\/portal\/en-el-territorio-de-corinto-inicio-la-tulpa-de-comunicacion-politica-y-audiovisual-para-el-wet-wet-finzenxi\/\",\"name\":\"En el territorio de Corinto inici\u00f3 la Tulpa de Comunicaci\u00f3n, Pol\u00edtica y Audiovisual para el W\u00ebt w\u00ebt Finzenxi - Consejo Regional Ind\u00edgena del Cauca - CRIC\",\"isPartOf\":{\"@id\":\"https:\/\/www.cric-colombia.org\/portal\/#website\"},\"datePublished\":\"2026-09-03T19:33:27+00:00\",\"dateModified\":\"2026-09-03T19:33:27+00:00\",\"description\":\"En el territorio de Corinto, norte del Cauca se dio inicio al tejido de enraizamiento para la comunicaci\u00f3n y el audiovisual en el norte del Cauca. Este proceso conocido hacia afuera como diplomado, tiene como horizonte el W\u00ebt w\u00ebt Finzenxi, el Buen Vivir y busca cuidar, fortalecer y potencializar los dones de quienes desde los territorios vienen tejiendo procesos de comunicaci\u00f3n y producci\u00f3n audiovisual.\",\"breadcrumb\":{\"@id\":\"https:\/\/www.cric-colombia.org\/portal\/en-el-territorio-de-corinto-inicio-la-tulpa-de-comunicacion-politica-y-audiovisual-para-el-wet-wet-finzenxi\/#breadcrumb\"},\"inLanguage\":\"es\",\"potentialAction\":[{\"@type\":\"ReadAction\",\"target\":[\"https:\/\/www.cric-colombia.org\/portal\/en-el-territorio-de-corinto-inicio-la-tulpa-de-comunicacion-politica-y-audiovisual-para-el-wet-wet-finzenxi\/\"]}]},{\"@type\":\"BreadcrumbList\",\"@id\":\"https:\/\/www.cric-colombia.org\/portal\/en-el-territorio-de-corinto-inicio-la-tulpa-de-comunicacion-politica-y-audiovisual-para-el-wet-wet-finzenxi\/#breadcrumb\",\"itemListElement\":[{\"@type\":\"ListItem\",\"position\":1,\"name\":\"Portada\",\"item\":\"https:\/\/www.cric-colombia.org\/portal\/\"},{\"@type\":\"ListItem\",\"position\":2,\"name\":\"En el territorio de Corinto inici\u00f3 la Tulpa de Comunicaci\u00f3n, Pol\u00edtica y Audiovisual para el W\u00ebt w\u00ebt Finzenxi\"}]},{\"@type\":\"WebSite\",\"@id\":\"https:\/\/www.cric-colombia.org\/portal\/#website\",\"url\":\"https:\/\/www.cric-colombia.org\/portal\/\",\"name\":\"Consejo Regional Ind\u00edgena del Cauca - CRIC\",\"description\":\"P\u00e1gina oficial del Consejo Regional Ind\u00edgena del Cauca, Colombia\",\"publisher\":{\"@id\":\"https:\/\/www.cric-colombia.org\/portal\/#organization\"},\"potentialAction\":[{\"@type\":\"SearchAction\",\"target\":{\"@type\":\"EntryPoint\",\"urlTemplate\":\"https:\/\/www.cric-colombia.org\/portal\/?s={search_term_string}\"},\"query-input\":\"required name=search_term_string\"}],\"inLanguage\":\"es\"},{\"@type\":\"Organization\",\"@id\":\"https:\/\/www.cric-colombia.org\/portal\/#organization\",\"name\":\"Consejo Regional Ind\u00edgena del Cauca\",\"url\":\"https:\/\/www.cric-colombia.org\/portal\/\",\"logo\":{\"@type\":\"ImageObject\",\"inLanguage\":\"es\",\"@id\":\"https:\/\/www.cric-colombia.org\/portal\/#\/schema\/logo\/image\/\",\"url\":\"https:\/\/www.cric-colombia.org\/portal\/wp-content\/uploads\/2015\/08\/logo_cric.jpg\",\"contentUrl\":\"https:\/\/www.cric-colombia.org\/portal\/wp-content\/uploads\/2015\/08\/logo_cric.jpg\",\"width\":512,\"height\":512,\"caption\":\"Consejo Regional Ind\u00edgena del Cauca\"},\"image\":{\"@id\":\"https:\/\/www.cric-colombia.org\/portal\/#\/schema\/logo\/image\/\"},\"sameAs\":[\"https:\/\/www.facebook.com\/cric.colombia\/\",\"https:\/\/twitter.com\/CRIC_Cauca\"]},{\"@type\":\"Person\",\"@id\":\"https:\/\/www.cric-colombia.org\/portal\/#\/schema\/person\/ab3a3099267de33d55f74f34ba201931\",\"name\":\"Comunicaciones CRIC\",\"image\":{\"@type\":\"ImageObject\",\"inLanguage\":\"es\",\"@id\":\"https:\/\/www.cric-colombia.org\/portal\/#\/schema\/person\/image\/\",\"url\":\"https:\/\/secure.gravatar.com\/avatar\/a8d1a6cfcb82a80d09dafefdcc3dcc8a?s=96&d=retro&r=g\",\"contentUrl\":\"https:\/\/secure.gravatar.com\/avatar\/a8d1a6cfcb82a80d09dafefdcc3dcc8a?s=96&d=retro&r=g\",\"caption\":\"Comunicaciones CRIC\"},\"url\":\"https:\/\/www.cric-colombia.org\/portal\/author\/comunicaciones\/\"}]}<\/script>\n<!-- \/ Yoast SEO plugin. -->","yoast_head_json":{"title":"En el territorio de Corinto inici\u00f3 la Tulpa de Comunicaci\u00f3n, Pol\u00edtica y Audiovisual para el W\u00ebt w\u00ebt Finzenxi - Consejo Regional Ind\u00edgena del Cauca - CRIC","description":"En el territorio de Corinto, norte del Cauca se dio inicio al tejido de enraizamiento para la comunicaci\u00f3n y el audiovisual en el norte del Cauca. Este proceso conocido hacia afuera como diplomado, tiene como horizonte el W\u00ebt w\u00ebt Finzenxi, el Buen Vivir y busca cuidar, fortalecer y potencializar los dones de quienes desde los territorios vienen tejiendo procesos de comunicaci\u00f3n y producci\u00f3n audiovisual.","robots":{"index":"index","follow":"follow","max-snippet":"max-snippet:-1","max-image-preview":"max-image-preview:large","max-video-preview":"max-video-preview:-1"},"canonical":"https:\/\/www.cric-colombia.org\/portal\/en-el-territorio-de-corinto-inicio-la-tulpa-de-comunicacion-politica-y-audiovisual-para-el-wet-wet-finzenxi\/","og_locale":"es_ES","og_type":"article","og_title":"En el territorio de Corinto inici\u00f3 la Tulpa de Comunicaci\u00f3n, Pol\u00edtica y Audiovisual para el W\u00ebt w\u00ebt Finzenxi - Consejo Regional Ind\u00edgena del Cauca - CRIC","og_description":"En el territorio de Corinto, norte del Cauca se dio inicio al tejido de enraizamiento para la comunicaci\u00f3n y el audiovisual en el norte del Cauca. Este proceso conocido hacia afuera como diplomado, tiene como horizonte el W\u00ebt w\u00ebt Finzenxi, el Buen Vivir y busca cuidar, fortalecer y potencializar los dones de quienes desde los territorios vienen tejiendo procesos de comunicaci\u00f3n y producci\u00f3n audiovisual.","og_url":"https:\/\/www.cric-colombia.org\/portal\/en-el-territorio-de-corinto-inicio-la-tulpa-de-comunicacion-politica-y-audiovisual-para-el-wet-wet-finzenxi\/","og_site_name":"Consejo Regional Ind\u00edgena del Cauca - CRIC","article_publisher":"https:\/\/www.facebook.com\/cric.colombia\/","article_published_time":"2026-09-03T19:33:27+00:00","og_image":[{"width":1265,"height":710,"url":"https:\/\/www.cric-colombia.org\/portal\/wp-content\/uploads\/2026\/09\/WhatsApp-Image-2026-09-03-at-2.20.22-PM.jpeg","type":"image\/jpeg"}],"author":"Comunicaciones CRIC","twitter_card":"summary_large_image","twitter_creator":"@CRIC_Cauca","twitter_site":"@CRIC_Cauca","twitter_misc":{"Escrito por":"Comunicaciones CRIC","Tiempo de lectura":"2 minutos"},"schema":{"@context":"https:\/\/schema.org","@graph":[{"@type":"Article","@id":"https:\/\/www.cric-colombia.org\/portal\/en-el-territorio-de-corinto-inicio-la-tulpa-de-comunicacion-politica-y-audiovisual-para-el-wet-wet-finzenxi\/#article","isPartOf":{"@id":"https:\/\/www.cric-colombia.org\/portal\/en-el-territorio-de-corinto-inicio-la-tulpa-de-comunicacion-politica-y-audiovisual-para-el-wet-wet-finzenxi\/"},"author":{"name":"Comunicaciones CRIC","@id":"https:\/\/www.cric-colombia.org\/portal\/#\/schema\/person\/ab3a3099267de33d55f74f34ba201931"},"headline":"En el territorio de Corinto inici\u00f3 la Tulpa de Comunicaci\u00f3n, Pol\u00edtica y Audiovisual para el W\u00ebt w\u00ebt Finzenxi","datePublished":"2026-09-03T19:33:27+00:00","dateModified":"2026-09-03T19:33:27+00:00","mainEntityOfPage":{"@id":"https:\/\/www.cric-colombia.org\/portal\/en-el-territorio-de-corinto-inicio-la-tulpa-de-comunicacion-politica-y-audiovisual-para-el-wet-wet-finzenxi\/"},"wordCount":298,"commentCount":0,"publisher":{"@id":"https:\/\/www.cric-colombia.org\/portal\/#organization"},"keywords":["buen vivir","Norte del Cauca","Tulpas de comunicaci\u00f3n","W\u00ebt w\u00ebt Finzenxi"],"articleSection":["Actualidad Ind\u00edgena del Cauca"],"inLanguage":"es","potentialAction":[{"@type":"CommentAction","name":"Comment","target":["https:\/\/www.cric-colombia.org\/portal\/en-el-territorio-de-corinto-inicio-la-tulpa-de-comunicacion-politica-y-audiovisual-para-el-wet-wet-finzenxi\/#respond"]}]},{"@type":"WebPage","@id":"https:\/\/www.cric-colombia.org\/portal\/en-el-territorio-de-corinto-inicio-la-tulpa-de-comunicacion-politica-y-audiovisual-para-el-wet-wet-finzenxi\/","url":"https:\/\/www.cric-colombia.org\/portal\/en-el-territorio-de-corinto-inicio-la-tulpa-de-comunicacion-politica-y-audiovisual-para-el-wet-wet-finzenxi\/","name":"En el territorio de Corinto inici\u00f3 la Tulpa de Comunicaci\u00f3n, Pol\u00edtica y Audiovisual para el W\u00ebt w\u00ebt Finzenxi - Consejo Regional Ind\u00edgena del Cauca - CRIC","isPartOf":{"@id":"https:\/\/www.cric-colombia.org\/portal\/#website"},"datePublished":"2026-09-03T19:33:27+00:00","dateModified":"2026-09-03T19:33:27+00:00","description":"En el territorio de Corinto, norte del Cauca se dio inicio al tejido de enraizamiento para la comunicaci\u00f3n y el audiovisual en el norte del Cauca. Este proceso conocido hacia afuera como diplomado, tiene como horizonte el W\u00ebt w\u00ebt Finzenxi, el Buen Vivir y busca cuidar, fortalecer y potencializar los dones de quienes desde los territorios vienen tejiendo procesos de comunicaci\u00f3n y producci\u00f3n audiovisual.","breadcrumb":{"@id":"https:\/\/www.cric-colombia.org\/portal\/en-el-territorio-de-corinto-inicio-la-tulpa-de-comunicacion-politica-y-audiovisual-para-el-wet-wet-finzenxi\/#breadcrumb"},"inLanguage":"es","potentialAction":[{"@type":"ReadAction","target":["https:\/\/www.cric-colombia.org\/portal\/en-el-territorio-de-corinto-inicio-la-tulpa-de-comunicacion-politica-y-audiovisual-para-el-wet-wet-finzenxi\/"]}]},{"@type":"BreadcrumbList","@id":"https:\/\/www.cric-colombia.org\/portal\/en-el-territorio-de-corinto-inicio-la-tulpa-de-comunicacion-politica-y-audiovisual-para-el-wet-wet-finzenxi\/#breadcrumb","itemListElement":[{"@type":"ListItem","position":1,"name":"Portada","item":"https:\/\/www.cric-colombia.org\/portal\/"},{"@type":"ListItem","position":2,"name":"En el territorio de Corinto inici\u00f3 la Tulpa de Comunicaci\u00f3n, Pol\u00edtica y Audiovisual para el W\u00ebt w\u00ebt Finzenxi"}]},{"@type":"WebSite","@id":"https:\/\/www.cric-colombia.org\/portal\/#website","url":"https:\/\/www.cric-colombia.org\/portal\/","name":"Consejo Regional Ind\u00edgena del Cauca - CRIC","description":"P\u00e1gina oficial del Consejo Regional Ind\u00edgena del Cauca, Colombia","publisher":{"@id":"https:\/\/www.cric-colombia.org\/portal\/#organization"},"potentialAction":[{"@type":"SearchAction","target":{"@type":"EntryPoint","urlTemplate":"https:\/\/www.cric-colombia.org\/portal\/?s={search_term_string}"},"query-input":"required name=search_term_string"}],"inLanguage":"es"},{"@type":"Organization","@id":"https:\/\/www.cric-colombia.org\/portal\/#organization","name":"Consejo Regional Ind\u00edgena del Cauca","url":"https:\/\/www.cric-colombia.org\/portal\/","logo":{"@type":"ImageObject","inLanguage":"es","@id":"https:\/\/www.cric-colombia.org\/portal\/#\/schema\/logo\/image\/","url":"https:\/\/www.cric-colombia.org\/portal\/wp-content\/uploads\/2015\/08\/logo_cric.jpg","contentUrl":"https:\/\/www.cric-colombia.org\/portal\/wp-content\/uploads\/2015\/08\/logo_cric.jpg","width":512,"height":512,"caption":"Consejo Regional Ind\u00edgena del Cauca"},"image":{"@id":"https:\/\/www.cric-colombia.org\/portal\/#\/schema\/logo\/image\/"},"sameAs":["https:\/\/www.facebook.com\/cric.colombia\/","https:\/\/twitter.com\/CRIC_Cauca"]},{"@type":"Person","@id":"https:\/\/www.cric-colombia.org\/portal\/#\/schema\/person\/ab3a3099267de33d55f74f34ba201931","name":"Comunicaciones CRIC","image":{"@type":"ImageObject","inLanguage":"es","@id":"https:\/\/www.cric-colombia.org\/portal\/#\/schema\/person\/image\/","url":"https:\/\/secure.gravatar.com\/avatar\/a8d1a6cfcb82a80d09dafefdcc3dcc8a?s=96&d=retro&r=g","contentUrl":"https:\/\/secure.gravatar.com\/avatar\/a8d1a6cfcb82a80d09dafefdcc3dcc8a?s=96&d=retro&r=g","caption":"Comunicaciones CRIC"},"url":"https:\/\/www.cric-colombia.org\/portal\/author\/comunicaciones\/"}]}},"jetpack_featured_media_url":"https:\/\/www.cric-colombia.org\/portal\/wp-content\/uploads\/2026\/09\/WhatsApp-Image-2026-09-03-at-2.20.22-PM.jpeg","_links":{"self":[{"href":"https:\/\/www.cric-colombia.org\/portal\/wp-json\/wp\/v2\/posts\/46438"}],"collection":[{"href":"https:\/\/www.cric-colombia.org\/portal\/wp-json\/wp\/v2\/posts"}],"about":[{"href":"https:\/\/www.cric-colombia.org\/portal\/wp-json\/wp\/v2\/types\/post"}],"author":[{"embeddable":true,"href":"https:\/\/www.cric-colombia.org\/portal\/wp-json\/wp\/v2\/users\/6"}],"replies":[{"embeddable":true,"href":"https:\/\/www.cric-colombia.org\/portal\/wp-json\/wp\/v2\/comments?post=46438"}],"version-history":[{"count":1,"href":"https:\/\/www.cric-colombia.org\/portal\/wp-json\/wp\/v2\/posts\/46438\/revisions"}],"predecessor-version":[{"id":46440,"href":"https:\/\/www.cric-colombia.org\/portal\/wp-json\/wp\/v2\/posts\/46438\/revisions\/46440"}],"wp:featuredmedia":[{"embeddable":true,"href":"https:\/\/www.cric-colombia.org\/portal\/wp-json\/wp\/v2\/media\/46439"}],"wp:attachment":[{"href":"https:\/\/www.cric-colombia.org\/portal\/wp-json\/wp\/v2\/media?parent=46438"}],"wp:term":[{"taxonomy":"category","embeddable":true,"href":"https:\/\/www.cric-colombia.org\/portal\/wp-json\/wp\/v2\/categories?post=46438"},{"taxonomy":"post_tag","embeddable":true,"href":"https:\/\/www.cric-colombia.org\/portal\/wp-json\/wp\/v2\/tags?post=46438"}],"curies":[{"name":"wp","href":"https:\/\/api.w.org\/{rel}","templated":true}]}}