{"id":46430,"date":"2026-09-01T09:28:34","date_gmt":"2026-09-01T14:28:34","guid":{"rendered":"https:\/\/www.cric-colombia.org\/portal\/?p=46430"},"modified":"2026-09-01T09:30:26","modified_gmt":"2026-09-01T14:30:26","slug":"rechazamos-categoricamente-los-viles-asesinatos-de-la-lideresa-y-defensora-de-los-derechos-humanos-maria-ovidia-palechor-y-de-su-companero-el-lider-social-james-flor","status":"publish","type":"post","link":"https:\/\/www.cric-colombia.org\/portal\/rechazamos-categoricamente-los-viles-asesinatos-de-la-lideresa-y-defensora-de-los-derechos-humanos-maria-ovidia-palechor-y-de-su-companero-el-lider-social-james-flor\/","title":{"rendered":"Rechazamos categ\u00f3ricamente los viles asesinatos de la lideresa y defensora de los derechos humanos Mar\u00eda Ovidia Palechor y de su compa\u00f1ero, el l\u00edder social James Flor"},"content":{"rendered":"<p>Mar\u00eda Ovidia Palechor, mujer Yanakuna y defensora de los derechos humanos, se desempe\u00f1\u00f3 como coordinadora del Programa de Defensa de la Vida y los Derechos Humanos y del Programa Mujer del Consejo Regional Ind\u00edgena del Cauca-CRIC.<br \/>\nDurante toda su vida, fue una destacada lideresa en la defensa de los derechos humanos y del territorio, as\u00ed como en la construcci\u00f3n de paz.<\/p>\n<p>Actualmente, acompa\u00f1aba las iniciativas comunitarias de paz del corregimiento de La Pedregosa, integrado por 17 veredas y un consejo comunitario, y declarado formalmente Territorio de Paz. Asimismo, lideraba las denuncias y reclamaciones relacionadas con la masacre ocurrida en El T\u00fanel el 25 de abril de 2026.<\/p>\n<p>James Flor, fue un reconocido l\u00edder campesino y representante departamental de la Mesa de Participaci\u00f3n de V\u00edctimas. Tambi\u00e9n se desempe\u00f1\u00f3 como representante municipal de las v\u00edctimas. Su liderazgo se caracteriz\u00f3 por la defensa de los derechos de las v\u00edctimas y la reivindicaci\u00f3n de las comunidades campesinas.<\/p>\n<p>Mar\u00eda Ovidia, James y otras lideresas y l\u00edderes sociales hab\u00edan alertado e insistido reiteradamente sobre el grave riesgo que enfrenta la comunidad debido a la presencia y el amedrentamiento de actores armados situaci\u00f3n agravada por los hechos ocurridos en 25 de abril de 2026 en el T\u00fanel, Cajib\u00edo. En varias ocasiones denunciaron sobre las amenazas y riesgos concurrentes, solicitando medidas de respuesta mediante Acci\u00f3n urgente al Estado.<\/p>\n<p>Hoy, con gran tristeza sus nombres se suman a la dolorosa e interminable lista de l\u00edderes y lideresas sociales asesinados vilmente para silenciar sus voces, acciones y liderazgos. Una vez m\u00e1s la impotencia para las familias y comunidades sufren el dolor de la p\u00e9rdida de sus seres queridos.<\/p>\n<p>Desde el CRIC, el Programa de Defensa de la Vida y los Derechos humanos y la Guardia ind\u00edgena; expresamos nuestra solidaridad con sus familias; con la comunidad de La Pedregosa, que acogi\u00f3 a Mar\u00eda Ovidia durante muchos a\u00f1os; y con el pueblo Yanakuna, que fue testigo de su liderazgo y compromiso.<\/p>\n<p>Finalmente, alertamos sobre el grave riesgo que enfrentan la vida y la integridad de las lideresas y los l\u00edderes sociales del Territorio de Paz de La Pedregosa, quienes acompa\u00f1an de manera decidida y frontal estos procesos de construcci\u00f3n de paz. Exigimos al Estado adoptar medidas inmediatas y eficaces para garantizar su protecci\u00f3n y la de toda la comunidad.<\/p>\n<p style=\"text-align: center;\">\u00a1Cuenten con nosotros para la paz, nunca para la guerra!<\/p>\n<p style=\"text-align: center;\">Popay\u00e1n, 1 de septiembre de 2026.<\/p>\n<p><strong>Descargue aqu\u00ed el comunicado:<\/strong><\/p>\n<a href=\"https:\/\/www.cric-colombia.org\/portal\/wp-content\/uploads\/2026\/09\/Comunicado-asesinato-lideres-sociales_compressed-1.pdf\" class=\"pdfemb-viewer\" style=\"\" data-width=\"max\" data-height=\"max\" data-toolbar=\"both\" data-toolbar-fixed=\"off\">Comunicado asesinato lideres sociales_compressed (1)<\/a>\n","protected":false},"excerpt":{"rendered":"<p>Mar\u00eda Ovidia Palechor, mujer Yanakuna y defensora de los derechos humanos, se desempe\u00f1\u00f3 como coordinadora del Programa de Defensa de la Vida y los Derechos Humanos y del Programa Mujer del Consejo Regional Ind\u00edgena del Cauca-CRIC. Durante toda su vida, fue una destacada lideresa en la defensa de los derechos humanos y del territorio, as\u00ed <\/p>\n","protected":false},"author":6,"featured_media":46434,"comment_status":"open","ping_status":"open","sticky":false,"template":"","format":"standard","meta":{"footnotes":""},"categories":[3],"tags":[624,1372,1371,1373],"yoast_head":"<!-- This site is optimized with the Yoast SEO plugin v20.12 - https:\/\/yoast.com\/wordpress\/plugins\/seo\/ -->\n<title>Rechazamos categ\u00f3ricamente los viles asesinatos de la lideresa y defensora de los derechos humanos Mar\u00eda Ovidia Palechor y de su compa\u00f1ero, el l\u00edder social James Flor - Consejo Regional Ind\u00edgena del Cauca - CRIC<\/title>\n<meta name=\"description\" content=\"Mar\u00eda Ovidia Palechor, mujer Yanakuna y defensora de los derechos humanos, se desempe\u00f1\u00f3 como coordinadora del Programa de Defensa de la Vida y los Derechos Humanos y del Programa Mujer del Consejo Regional Ind\u00edgena del Cauca-CRIC.Durante toda su vida, fue una destacada lideresa en la defensa de los derechos humanos y del territorio, as\u00ed como en la construcci\u00f3n de paz.\" \/>\n<meta name=\"robots\" content=\"index, follow, max-snippet:-1, max-image-preview:large, max-video-preview:-1\" \/>\n<link rel=\"canonical\" href=\"https:\/\/www.cric-colombia.org\/portal\/rechazamos-categoricamente-los-viles-asesinatos-de-la-lideresa-y-defensora-de-los-derechos-humanos-maria-ovidia-palechor-y-de-su-companero-el-lider-social-james-flor\/\" \/>\n<meta property=\"og:locale\" content=\"es_ES\" \/>\n<meta property=\"og:type\" content=\"article\" \/>\n<meta property=\"og:title\" content=\"Rechazamos categ\u00f3ricamente los viles asesinatos de la lideresa y defensora de los derechos humanos Mar\u00eda Ovidia Palechor y de su compa\u00f1ero, el l\u00edder social James Flor - Consejo Regional Ind\u00edgena del Cauca - CRIC\" \/>\n<meta property=\"og:description\" content=\"Mar\u00eda Ovidia Palechor, mujer Yanakuna y defensora de los derechos humanos, se desempe\u00f1\u00f3 como coordinadora del Programa de Defensa de la Vida y los Derechos Humanos y del Programa Mujer del Consejo Regional Ind\u00edgena del Cauca-CRIC.Durante toda su vida, fue una destacada lideresa en la defensa de los derechos humanos y del territorio, as\u00ed como en la construcci\u00f3n de paz.\" \/>\n<meta property=\"og:url\" content=\"https:\/\/www.cric-colombia.org\/portal\/rechazamos-categoricamente-los-viles-asesinatos-de-la-lideresa-y-defensora-de-los-derechos-humanos-maria-ovidia-palechor-y-de-su-companero-el-lider-social-james-flor\/\" \/>\n<meta property=\"og:site_name\" content=\"Consejo Regional Ind\u00edgena del Cauca - CRIC\" \/>\n<meta property=\"article:publisher\" content=\"https:\/\/www.facebook.com\/cric.colombia\/\" \/>\n<meta property=\"article:published_time\" content=\"2026-09-01T14:28:34+00:00\" \/>\n<meta property=\"article:modified_time\" content=\"2026-09-01T14:30:26+00:00\" \/>\n<meta property=\"og:image\" content=\"https:\/\/www.cric-colombia.org\/portal\/wp-content\/uploads\/2026\/09\/WhatsApp-Image-2026-09-01-at-9.23.28-AM.jpeg\" \/>\n\t<meta property=\"og:image:width\" content=\"1200\" \/>\n\t<meta property=\"og:image:height\" content=\"630\" \/>\n\t<meta property=\"og:image:type\" content=\"image\/jpeg\" \/>\n<meta name=\"author\" content=\"Comunicaciones CRIC\" \/>\n<meta name=\"twitter:card\" content=\"summary_large_image\" \/>\n<meta name=\"twitter:creator\" content=\"@CRIC_Cauca\" \/>\n<meta name=\"twitter:site\" content=\"@CRIC_Cauca\" \/>\n<meta name=\"twitter:label1\" content=\"Escrito por\" \/>\n\t<meta name=\"twitter:data1\" content=\"Comunicaciones CRIC\" \/>\n\t<meta name=\"twitter:label2\" content=\"Tiempo de lectura\" \/>\n\t<meta name=\"twitter:data2\" content=\"2 minutos\" \/>\n<script type=\"application\/ld+json\" class=\"yoast-schema-graph\">{\"@context\":\"https:\/\/schema.org\",\"@graph\":[{\"@type\":\"Article\",\"@id\":\"https:\/\/www.cric-colombia.org\/portal\/rechazamos-categoricamente-los-viles-asesinatos-de-la-lideresa-y-defensora-de-los-derechos-humanos-maria-ovidia-palechor-y-de-su-companero-el-lider-social-james-flor\/#article\",\"isPartOf\":{\"@id\":\"https:\/\/www.cric-colombia.org\/portal\/rechazamos-categoricamente-los-viles-asesinatos-de-la-lideresa-y-defensora-de-los-derechos-humanos-maria-ovidia-palechor-y-de-su-companero-el-lider-social-james-flor\/\"},\"author\":{\"name\":\"Comunicaciones CRIC\",\"@id\":\"https:\/\/www.cric-colombia.org\/portal\/#\/schema\/person\/ab3a3099267de33d55f74f34ba201931\"},\"headline\":\"Rechazamos categ\u00f3ricamente los viles asesinatos de la lideresa y defensora de los derechos humanos Mar\u00eda Ovidia Palechor y de su compa\u00f1ero, el l\u00edder social James Flor\",\"datePublished\":\"2026-09-01T14:28:34+00:00\",\"dateModified\":\"2026-09-01T14:30:26+00:00\",\"mainEntityOfPage\":{\"@id\":\"https:\/\/www.cric-colombia.org\/portal\/rechazamos-categoricamente-los-viles-asesinatos-de-la-lideresa-y-defensora-de-los-derechos-humanos-maria-ovidia-palechor-y-de-su-companero-el-lider-social-james-flor\/\"},\"wordCount\":468,\"commentCount\":0,\"publisher\":{\"@id\":\"https:\/\/www.cric-colombia.org\/portal\/#organization\"},\"keywords\":[\"defensa de la vida\",\"James Flor\",\"Lideresas sociales asesinados\",\"Mar\u00eda Ovidia Palechor\"],\"articleSection\":[\"Actualidad Ind\u00edgena del Cauca\"],\"inLanguage\":\"es\",\"potentialAction\":[{\"@type\":\"CommentAction\",\"name\":\"Comment\",\"target\":[\"https:\/\/www.cric-colombia.org\/portal\/rechazamos-categoricamente-los-viles-asesinatos-de-la-lideresa-y-defensora-de-los-derechos-humanos-maria-ovidia-palechor-y-de-su-companero-el-lider-social-james-flor\/#respond\"]}]},{\"@type\":\"WebPage\",\"@id\":\"https:\/\/www.cric-colombia.org\/portal\/rechazamos-categoricamente-los-viles-asesinatos-de-la-lideresa-y-defensora-de-los-derechos-humanos-maria-ovidia-palechor-y-de-su-companero-el-lider-social-james-flor\/\",\"url\":\"https:\/\/www.cric-colombia.org\/portal\/rechazamos-categoricamente-los-viles-asesinatos-de-la-lideresa-y-defensora-de-los-derechos-humanos-maria-ovidia-palechor-y-de-su-companero-el-lider-social-james-flor\/\",\"name\":\"Rechazamos categ\u00f3ricamente los viles asesinatos de la lideresa y defensora de los derechos humanos Mar\u00eda Ovidia Palechor y de su compa\u00f1ero, el l\u00edder social James Flor - Consejo Regional Ind\u00edgena del Cauca - CRIC\",\"isPartOf\":{\"@id\":\"https:\/\/www.cric-colombia.org\/portal\/#website\"},\"datePublished\":\"2026-09-01T14:28:34+00:00\",\"dateModified\":\"2026-09-01T14:30:26+00:00\",\"description\":\"Mar\u00eda Ovidia Palechor, mujer Yanakuna y defensora de los derechos humanos, se desempe\u00f1\u00f3 como coordinadora del Programa de Defensa de la Vida y los Derechos Humanos y del Programa Mujer del Consejo Regional Ind\u00edgena del Cauca-CRIC.Durante toda su vida, fue una destacada lideresa en la defensa de los derechos humanos y del territorio, as\u00ed como en la construcci\u00f3n de paz.\",\"breadcrumb\":{\"@id\":\"https:\/\/www.cric-colombia.org\/portal\/rechazamos-categoricamente-los-viles-asesinatos-de-la-lideresa-y-defensora-de-los-derechos-humanos-maria-ovidia-palechor-y-de-su-companero-el-lider-social-james-flor\/#breadcrumb\"},\"inLanguage\":\"es\",\"potentialAction\":[{\"@type\":\"ReadAction\",\"target\":[\"https:\/\/www.cric-colombia.org\/portal\/rechazamos-categoricamente-los-viles-asesinatos-de-la-lideresa-y-defensora-de-los-derechos-humanos-maria-ovidia-palechor-y-de-su-companero-el-lider-social-james-flor\/\"]}]},{\"@type\":\"BreadcrumbList\",\"@id\":\"https:\/\/www.cric-colombia.org\/portal\/rechazamos-categoricamente-los-viles-asesinatos-de-la-lideresa-y-defensora-de-los-derechos-humanos-maria-ovidia-palechor-y-de-su-companero-el-lider-social-james-flor\/#breadcrumb\",\"itemListElement\":[{\"@type\":\"ListItem\",\"position\":1,\"name\":\"Portada\",\"item\":\"https:\/\/www.cric-colombia.org\/portal\/\"},{\"@type\":\"ListItem\",\"position\":2,\"name\":\"Rechazamos categ\u00f3ricamente los viles asesinatos de la lideresa y defensora de los derechos humanos Mar\u00eda Ovidia Palechor y de su compa\u00f1ero, el l\u00edder social James Flor\"}]},{\"@type\":\"WebSite\",\"@id\":\"https:\/\/www.cric-colombia.org\/portal\/#website\",\"url\":\"https:\/\/www.cric-colombia.org\/portal\/\",\"name\":\"Consejo Regional Ind\u00edgena del Cauca - CRIC\",\"description\":\"P\u00e1gina oficial del Consejo Regional Ind\u00edgena del Cauca, Colombia\",\"publisher\":{\"@id\":\"https:\/\/www.cric-colombia.org\/portal\/#organization\"},\"potentialAction\":[{\"@type\":\"SearchAction\",\"target\":{\"@type\":\"EntryPoint\",\"urlTemplate\":\"https:\/\/www.cric-colombia.org\/portal\/?s={search_term_string}\"},\"query-input\":\"required name=search_term_string\"}],\"inLanguage\":\"es\"},{\"@type\":\"Organization\",\"@id\":\"https:\/\/www.cric-colombia.org\/portal\/#organization\",\"name\":\"Consejo Regional Ind\u00edgena del Cauca\",\"url\":\"https:\/\/www.cric-colombia.org\/portal\/\",\"logo\":{\"@type\":\"ImageObject\",\"inLanguage\":\"es\",\"@id\":\"https:\/\/www.cric-colombia.org\/portal\/#\/schema\/logo\/image\/\",\"url\":\"https:\/\/www.cric-colombia.org\/portal\/wp-content\/uploads\/2015\/08\/logo_cric.jpg\",\"contentUrl\":\"https:\/\/www.cric-colombia.org\/portal\/wp-content\/uploads\/2015\/08\/logo_cric.jpg\",\"width\":512,\"height\":512,\"caption\":\"Consejo Regional Ind\u00edgena del Cauca\"},\"image\":{\"@id\":\"https:\/\/www.cric-colombia.org\/portal\/#\/schema\/logo\/image\/\"},\"sameAs\":[\"https:\/\/www.facebook.com\/cric.colombia\/\",\"https:\/\/twitter.com\/CRIC_Cauca\"]},{\"@type\":\"Person\",\"@id\":\"https:\/\/www.cric-colombia.org\/portal\/#\/schema\/person\/ab3a3099267de33d55f74f34ba201931\",\"name\":\"Comunicaciones CRIC\",\"image\":{\"@type\":\"ImageObject\",\"inLanguage\":\"es\",\"@id\":\"https:\/\/www.cric-colombia.org\/portal\/#\/schema\/person\/image\/\",\"url\":\"https:\/\/secure.gravatar.com\/avatar\/a8d1a6cfcb82a80d09dafefdcc3dcc8a?s=96&d=retro&r=g\",\"contentUrl\":\"https:\/\/secure.gravatar.com\/avatar\/a8d1a6cfcb82a80d09dafefdcc3dcc8a?s=96&d=retro&r=g\",\"caption\":\"Comunicaciones CRIC\"},\"url\":\"https:\/\/www.cric-colombia.org\/portal\/author\/comunicaciones\/\"}]}<\/script>\n<!-- \/ Yoast SEO plugin. -->","yoast_head_json":{"title":"Rechazamos categ\u00f3ricamente los viles asesinatos de la lideresa y defensora de los derechos humanos Mar\u00eda Ovidia Palechor y de su compa\u00f1ero, el l\u00edder social James Flor - Consejo Regional Ind\u00edgena del Cauca - CRIC","description":"Mar\u00eda Ovidia Palechor, mujer Yanakuna y defensora de los derechos humanos, se desempe\u00f1\u00f3 como coordinadora del Programa de Defensa de la Vida y los Derechos Humanos y del Programa Mujer del Consejo Regional Ind\u00edgena del Cauca-CRIC.Durante toda su vida, fue una destacada lideresa en la defensa de los derechos humanos y del territorio, as\u00ed como en la construcci\u00f3n de paz.","robots":{"index":"index","follow":"follow","max-snippet":"max-snippet:-1","max-image-preview":"max-image-preview:large","max-video-preview":"max-video-preview:-1"},"canonical":"https:\/\/www.cric-colombia.org\/portal\/rechazamos-categoricamente-los-viles-asesinatos-de-la-lideresa-y-defensora-de-los-derechos-humanos-maria-ovidia-palechor-y-de-su-companero-el-lider-social-james-flor\/","og_locale":"es_ES","og_type":"article","og_title":"Rechazamos categ\u00f3ricamente los viles asesinatos de la lideresa y defensora de los derechos humanos Mar\u00eda Ovidia Palechor y de su compa\u00f1ero, el l\u00edder social James Flor - Consejo Regional Ind\u00edgena del Cauca - CRIC","og_description":"Mar\u00eda Ovidia Palechor, mujer Yanakuna y defensora de los derechos humanos, se desempe\u00f1\u00f3 como coordinadora del Programa de Defensa de la Vida y los Derechos Humanos y del Programa Mujer del Consejo Regional Ind\u00edgena del Cauca-CRIC.Durante toda su vida, fue una destacada lideresa en la defensa de los derechos humanos y del territorio, as\u00ed como en la construcci\u00f3n de paz.","og_url":"https:\/\/www.cric-colombia.org\/portal\/rechazamos-categoricamente-los-viles-asesinatos-de-la-lideresa-y-defensora-de-los-derechos-humanos-maria-ovidia-palechor-y-de-su-companero-el-lider-social-james-flor\/","og_site_name":"Consejo Regional Ind\u00edgena del Cauca - CRIC","article_publisher":"https:\/\/www.facebook.com\/cric.colombia\/","article_published_time":"2026-09-01T14:28:34+00:00","article_modified_time":"2026-09-01T14:30:26+00:00","og_image":[{"width":1200,"height":630,"url":"https:\/\/www.cric-colombia.org\/portal\/wp-content\/uploads\/2026\/09\/WhatsApp-Image-2026-09-01-at-9.23.28-AM.jpeg","type":"image\/jpeg"}],"author":"Comunicaciones CRIC","twitter_card":"summary_large_image","twitter_creator":"@CRIC_Cauca","twitter_site":"@CRIC_Cauca","twitter_misc":{"Escrito por":"Comunicaciones CRIC","Tiempo de lectura":"2 minutos"},"schema":{"@context":"https:\/\/schema.org","@graph":[{"@type":"Article","@id":"https:\/\/www.cric-colombia.org\/portal\/rechazamos-categoricamente-los-viles-asesinatos-de-la-lideresa-y-defensora-de-los-derechos-humanos-maria-ovidia-palechor-y-de-su-companero-el-lider-social-james-flor\/#article","isPartOf":{"@id":"https:\/\/www.cric-colombia.org\/portal\/rechazamos-categoricamente-los-viles-asesinatos-de-la-lideresa-y-defensora-de-los-derechos-humanos-maria-ovidia-palechor-y-de-su-companero-el-lider-social-james-flor\/"},"author":{"name":"Comunicaciones CRIC","@id":"https:\/\/www.cric-colombia.org\/portal\/#\/schema\/person\/ab3a3099267de33d55f74f34ba201931"},"headline":"Rechazamos categ\u00f3ricamente los viles asesinatos de la lideresa y defensora de los derechos humanos Mar\u00eda Ovidia Palechor y de su compa\u00f1ero, el l\u00edder social James Flor","datePublished":"2026-09-01T14:28:34+00:00","dateModified":"2026-09-01T14:30:26+00:00","mainEntityOfPage":{"@id":"https:\/\/www.cric-colombia.org\/portal\/rechazamos-categoricamente-los-viles-asesinatos-de-la-lideresa-y-defensora-de-los-derechos-humanos-maria-ovidia-palechor-y-de-su-companero-el-lider-social-james-flor\/"},"wordCount":468,"commentCount":0,"publisher":{"@id":"https:\/\/www.cric-colombia.org\/portal\/#organization"},"keywords":["defensa de la vida","James Flor","Lideresas sociales asesinados","Mar\u00eda Ovidia Palechor"],"articleSection":["Actualidad Ind\u00edgena del Cauca"],"inLanguage":"es","potentialAction":[{"@type":"CommentAction","name":"Comment","target":["https:\/\/www.cric-colombia.org\/portal\/rechazamos-categoricamente-los-viles-asesinatos-de-la-lideresa-y-defensora-de-los-derechos-humanos-maria-ovidia-palechor-y-de-su-companero-el-lider-social-james-flor\/#respond"]}]},{"@type":"WebPage","@id":"https:\/\/www.cric-colombia.org\/portal\/rechazamos-categoricamente-los-viles-asesinatos-de-la-lideresa-y-defensora-de-los-derechos-humanos-maria-ovidia-palechor-y-de-su-companero-el-lider-social-james-flor\/","url":"https:\/\/www.cric-colombia.org\/portal\/rechazamos-categoricamente-los-viles-asesinatos-de-la-lideresa-y-defensora-de-los-derechos-humanos-maria-ovidia-palechor-y-de-su-companero-el-lider-social-james-flor\/","name":"Rechazamos categ\u00f3ricamente los viles asesinatos de la lideresa y defensora de los derechos humanos Mar\u00eda Ovidia Palechor y de su compa\u00f1ero, el l\u00edder social James Flor - Consejo Regional Ind\u00edgena del Cauca - CRIC","isPartOf":{"@id":"https:\/\/www.cric-colombia.org\/portal\/#website"},"datePublished":"2026-09-01T14:28:34+00:00","dateModified":"2026-09-01T14:30:26+00:00","description":"Mar\u00eda Ovidia Palechor, mujer Yanakuna y defensora de los derechos humanos, se desempe\u00f1\u00f3 como coordinadora del Programa de Defensa de la Vida y los Derechos Humanos y del Programa Mujer del Consejo Regional Ind\u00edgena del Cauca-CRIC.Durante toda su vida, fue una destacada lideresa en la defensa de los derechos humanos y del territorio, as\u00ed como en la construcci\u00f3n de paz.","breadcrumb":{"@id":"https:\/\/www.cric-colombia.org\/portal\/rechazamos-categoricamente-los-viles-asesinatos-de-la-lideresa-y-defensora-de-los-derechos-humanos-maria-ovidia-palechor-y-de-su-companero-el-lider-social-james-flor\/#breadcrumb"},"inLanguage":"es","potentialAction":[{"@type":"ReadAction","target":["https:\/\/www.cric-colombia.org\/portal\/rechazamos-categoricamente-los-viles-asesinatos-de-la-lideresa-y-defensora-de-los-derechos-humanos-maria-ovidia-palechor-y-de-su-companero-el-lider-social-james-flor\/"]}]},{"@type":"BreadcrumbList","@id":"https:\/\/www.cric-colombia.org\/portal\/rechazamos-categoricamente-los-viles-asesinatos-de-la-lideresa-y-defensora-de-los-derechos-humanos-maria-ovidia-palechor-y-de-su-companero-el-lider-social-james-flor\/#breadcrumb","itemListElement":[{"@type":"ListItem","position":1,"name":"Portada","item":"https:\/\/www.cric-colombia.org\/portal\/"},{"@type":"ListItem","position":2,"name":"Rechazamos categ\u00f3ricamente los viles asesinatos de la lideresa y defensora de los derechos humanos Mar\u00eda Ovidia Palechor y de su compa\u00f1ero, el l\u00edder social James Flor"}]},{"@type":"WebSite","@id":"https:\/\/www.cric-colombia.org\/portal\/#website","url":"https:\/\/www.cric-colombia.org\/portal\/","name":"Consejo Regional Ind\u00edgena del Cauca - CRIC","description":"P\u00e1gina oficial del Consejo Regional Ind\u00edgena del Cauca, Colombia","publisher":{"@id":"https:\/\/www.cric-colombia.org\/portal\/#organization"},"potentialAction":[{"@type":"SearchAction","target":{"@type":"EntryPoint","urlTemplate":"https:\/\/www.cric-colombia.org\/portal\/?s={search_term_string}"},"query-input":"required name=search_term_string"}],"inLanguage":"es"},{"@type":"Organization","@id":"https:\/\/www.cric-colombia.org\/portal\/#organization","name":"Consejo Regional Ind\u00edgena del Cauca","url":"https:\/\/www.cric-colombia.org\/portal\/","logo":{"@type":"ImageObject","inLanguage":"es","@id":"https:\/\/www.cric-colombia.org\/portal\/#\/schema\/logo\/image\/","url":"https:\/\/www.cric-colombia.org\/portal\/wp-content\/uploads\/2015\/08\/logo_cric.jpg","contentUrl":"https:\/\/www.cric-colombia.org\/portal\/wp-content\/uploads\/2015\/08\/logo_cric.jpg","width":512,"height":512,"caption":"Consejo Regional Ind\u00edgena del Cauca"},"image":{"@id":"https:\/\/www.cric-colombia.org\/portal\/#\/schema\/logo\/image\/"},"sameAs":["https:\/\/www.facebook.com\/cric.colombia\/","https:\/\/twitter.com\/CRIC_Cauca"]},{"@type":"Person","@id":"https:\/\/www.cric-colombia.org\/portal\/#\/schema\/person\/ab3a3099267de33d55f74f34ba201931","name":"Comunicaciones CRIC","image":{"@type":"ImageObject","inLanguage":"es","@id":"https:\/\/www.cric-colombia.org\/portal\/#\/schema\/person\/image\/","url":"https:\/\/secure.gravatar.com\/avatar\/a8d1a6cfcb82a80d09dafefdcc3dcc8a?s=96&d=retro&r=g","contentUrl":"https:\/\/secure.gravatar.com\/avatar\/a8d1a6cfcb82a80d09dafefdcc3dcc8a?s=96&d=retro&r=g","caption":"Comunicaciones CRIC"},"url":"https:\/\/www.cric-colombia.org\/portal\/author\/comunicaciones\/"}]}},"jetpack_featured_media_url":"https:\/\/www.cric-colombia.org\/portal\/wp-content\/uploads\/2026\/09\/WhatsApp-Image-2026-09-01-at-9.23.28-AM.jpeg","_links":{"self":[{"href":"https:\/\/www.cric-colombia.org\/portal\/wp-json\/wp\/v2\/posts\/46430"}],"collection":[{"href":"https:\/\/www.cric-colombia.org\/portal\/wp-json\/wp\/v2\/posts"}],"about":[{"href":"https:\/\/www.cric-colombia.org\/portal\/wp-json\/wp\/v2\/types\/post"}],"author":[{"embeddable":true,"href":"https:\/\/www.cric-colombia.org\/portal\/wp-json\/wp\/v2\/users\/6"}],"replies":[{"embeddable":true,"href":"https:\/\/www.cric-colombia.org\/portal\/wp-json\/wp\/v2\/comments?post=46430"}],"version-history":[{"count":1,"href":"https:\/\/www.cric-colombia.org\/portal\/wp-json\/wp\/v2\/posts\/46430\/revisions"}],"predecessor-version":[{"id":46435,"href":"https:\/\/www.cric-colombia.org\/portal\/wp-json\/wp\/v2\/posts\/46430\/revisions\/46435"}],"wp:featuredmedia":[{"embeddable":true,"href":"https:\/\/www.cric-colombia.org\/portal\/wp-json\/wp\/v2\/media\/46434"}],"wp:attachment":[{"href":"https:\/\/www.cric-colombia.org\/portal\/wp-json\/wp\/v2\/media?parent=46430"}],"wp:term":[{"taxonomy":"category","embeddable":true,"href":"https:\/\/www.cric-colombia.org\/portal\/wp-json\/wp\/v2\/categories?post=46430"},{"taxonomy":"post_tag","embeddable":true,"href":"https:\/\/www.cric-colombia.org\/portal\/wp-json\/wp\/v2\/tags?post=46430"}],"curies":[{"name":"wp","href":"https:\/\/api.w.org\/{rel}","templated":true}]}}