{"id":46421,"date":"2026-08-31T15:46:38","date_gmt":"2026-08-31T20:46:38","guid":{"rendered":"https:\/\/www.cric-colombia.org\/portal\/?p=46421"},"modified":"2026-08-31T15:46:38","modified_gmt":"2026-08-31T20:46:38","slug":"la-ruta-buscadora-esta-en-el-cauca-recorrido-de-la-unidad-movil-de-la-ubpd-hasta-el-18-de-septiembre","status":"publish","type":"post","link":"https:\/\/www.cric-colombia.org\/portal\/la-ruta-buscadora-esta-en-el-cauca-recorrido-de-la-unidad-movil-de-la-ubpd-hasta-el-18-de-septiembre\/","title":{"rendered":"La Ruta Buscadora est\u00e1 en el Cauca: Recorrido de la unidad m\u00f3vil de la UBPD hasta el 18 de septiembre"},"content":{"rendered":"<ul>\n<li aria-level=\"1\"><i><span style=\"font-weight: 400;\">La estrategia m\u00f3vil de la Unidad de B\u00fasqueda de Personas dadas por Desaparecidas (UBPD) recorrer\u00e1 19 territorios del departamento para acercar la b\u00fasqueda a familiares y comunidades afectadas por la desaparici\u00f3n de sus seres queridos.<\/span><\/i><\/li>\n<li style=\"font-weight: 400;\" aria-level=\"1\"><i><span style=\"font-weight: 400;\">En el Cauca estamos buscando a m\u00e1s de 3.109 personas dadas por desaparecidas, a trav\u00e9s de nuestros cuatro Planes Regionales de B\u00fasqueda (PRBs): PRB Norte del Cauca, PRB CRIC, PRB Valle de Pubenza y PRB Valle del Pat\u00eda y Macizo Colombiano.<\/span><\/i><\/li>\n<\/ul>\n<p><b>Santander de Quilichao, Cauca, 26 de agosto de 2026.<\/b><span style=\"font-weight: 400;\">\u00a0 Desde el municipio de Miranda, la UBPD inici\u00f3 su recorrido en el departamento del Cauca con<\/span><a href=\"https:\/\/unidadbusqueda.gov.co\/ruta-buscadora\/\"> <b><i>La Ruta Buscadora<\/i><\/b><\/a><span style=\"font-weight: 400;\">, una unidad m\u00f3vil que durante un mes recorrer\u00e1 19 municipios del departamento, con permanencia de 3 a 4 d\u00edas en Santander de Quilichao y Popay\u00e1n, con el fin de llegar a territorios donde la entidad no tiene presencia permanente para contribuir a la b\u00fasqueda de\u00a0<\/span><a href=\"https:\/\/datos.unidadbusqueda.gov.co\/universo-personas-dadas-desaparecidas\/\"><b>las m\u00e1s de 137.000 personas desaparecidas<\/b><\/a><b>\u00a0<\/b><span style=\"font-weight: 400;\">que ha dejado el conflicto armado en Colombia y aliviar el dolor de sus familias, que durante a\u00f1os y d\u00e9cadas han esperado saber \u00bfd\u00f3nde est\u00e1n? y \u00bfqu\u00e9 les pas\u00f3?<\/span><\/p>\n<p><span style=\"font-weight: 400;\">En el departamento del Cauca <\/span><a href=\"https:\/\/unidadbusqueda.gov.co\/ruta-buscadora\/\"><b><i>La Ruta Buscadora<\/i><\/b><\/a><span style=\"font-weight: 400;\">\u00a0se desplazar\u00e1 hasta el 18 de septiembre partiendo de Miranda, norte del cauca hasta Bol\u00edvar en el Macizo colombiano; y estar\u00e1 en jornada completa de 9:00 a..m. a 4:00 p.m. en 24 puntos. El rutero es el siguiente: Miranda, Corinto, Caloto, Torib\u00edo, Santander de Quilichao (3 d\u00edas), Buenos Aires, Su\u00e1rez, Caldono, Morales, Cajib\u00edo, Silvia, Totor\u00f3, Popay\u00e1n (4 d\u00edas), La Sierra, El Tambo, La Vega, El Bordo-Pat\u00eda, Balboa y Bol\u00edvar; y de ah\u00ed seguir\u00e1 su recorrido al departamento de Nari\u00f1o.\u00a0<\/span><\/p>\n<p><span style=\"font-weight: 400;\">Durante su trayecto, la Unidad de B\u00fasqueda llevar\u00e1 a cabo acciones pedag\u00f3gicas orientadas a fortalecer la participaci\u00f3n de las personas que buscan a sus seres queridos, as\u00ed como de organizaciones sociales y ciudadan\u00eda en general.\u00a0<\/span><b>Tambi\u00e9n tomar\u00e1 muestras gen\u00e9ticas con fines de identificaci\u00f3n, brindar\u00e1 orientaci\u00f3n y atenci\u00f3n a personas buscadoras y recopilar\u00e1 informaci\u00f3n que permita saber del paradero de las personas desaparecidas, dentro de la misionalidad humanitaria y extrajudicial.<\/b><\/p>\n<p><span style=\"font-weight: 400;\">La atenci\u00f3n no requiere cita previa. Las personas podr\u00e1n acercarse en su municipio entre <\/span><b>las 9:00 a. m. y las 4:00 p. m.<\/b><span style=\"font-weight: 400;\">, al Parque Principal\/sal\u00f3n Comunal \u00f3 Polideportivo, puntos de atenci\u00f3n que ser\u00e1n previamente anunciado a trav\u00e9s de medios locales y otros canales de difusi\u00f3n d\u00edas previos.<\/span><\/p>\n<p><span style=\"font-weight: 400;\">Cabe resaltar que este espacio tambi\u00e9n est\u00e1 abierto para quienes participaron directa o indirectamente en el conflicto armado y deseen aportar informaci\u00f3n que permita ubicar a personas desaparecidas.<\/span><b>\u00a0<\/b><a href=\"https:\/\/unidadbusqueda.gov.co\/acerca-ubpd\/\"><b>La UBPD act\u00faa bajo un mandato humanitario, extrajudici<\/b><\/a><b>al y confidencial<\/b><span style=\"font-weight: 400;\">, <\/span><span style=\"font-weight: 400;\">por lo que no busca culpables, no estigmatiza ni emite juicios, por lo que tambi\u00e9n rigen los principios de neutralidad e imparcialidad.\u00a0<\/span><\/p>\n<p><span style=\"font-weight: 400;\">A la fecha la Ruta buscadora en el Cauca ha atendido a la poblaci\u00f3n de los municipios de Miranda, Corinto, Caloto, Torib\u00edo y Santander de Quilichao con un balance de\u00a0 56 nuevas solicitudes de b\u00fasqueda, 51 tomas de muestras gen\u00e9ticas con fines de identificaci\u00f3n, 1 aportante de informaci\u00f3n y 38 casos trasladados por competencia a otras entidades.\u00a0<\/span><\/p>\n<p><span style=\"font-weight: 400;\">La Unidad de B\u00fasqueda de Personas dadas por Desaparecidas expresa su agradecimiento a las comunidades, familiares v\u00edctimas de desaparici\u00f3n, personas buscadoras, organizaciones defensoras de derechos humanos, autoridades \u00e9tnicas, medios de comunicaci\u00f3n, alcald\u00edas municipales y a la Gobernaci\u00f3n del Cauca, por contribuir a la apertura y sostenimiento de los corredores humanitarios para que la Ruta Buscadora avance y cumpla con su mandato humanitario, extrajudicial y confidencial.<\/span><\/p>\n<p><b><i>La Ruta Buscadora <\/i><\/b><span style=\"font-weight: 400;\">hace tambi\u00e9n un llamado colectivo a prevenir y erradicar la desaparici\u00f3n de personas en Colombia y a garantizar que hechos tan dolorosos no se repitan. Si la ciudadan\u00eda o los allegados de una persona desaparecida desean m\u00e1s informaci\u00f3n sobre los servicios de esta estrategia, pueden comunicarse a<\/span> <a href=\"https:\/\/unidadbusqueda.gov.co\/sedes\/\"><b>las l\u00edneas 316\u202f278\u202f3918 o 01\u202f8000\u202f16\u202f2226<\/b><\/a> <span style=\"font-weight: 400;\">y encontrar informaci\u00f3n es esta p\u00e1gina web.\u00a0<\/span><\/p>\n<p><span style=\"font-weight: 400;\">Para mayor informaci\u00f3n en el Cauca, comunicate a la l\u00ednea telef\u00f3nica <\/span><b>317 648 06 17<\/b><span style=\"font-weight: 400;\">, correo electr\u00f3nico <\/span><span style=\"font-weight: 400;\">spopayancorrespondencia@unidadbusqueda.gov.co<\/span><span style=\"font-weight: 400;\"> o<\/span> <a href=\"https:\/\/unidadbusqueda.gov.co\/sedes\/\"><b>se dirijan a la calle 9 Norte # 7 \u2013 65 (segundo piso), en el barrio Prados del Norte de Popay\u00e1n.<\/b><\/a><span style=\"font-weight: 400;\">\u00a0<\/span><\/p>\n<p><b>Redes sociales: @UBPDColombia &#8211; Unidad de B\u00fasqueda de Personas Dadas por Desaparecidas (UBPD)<\/b><\/p>\n<p><a href=\"https:\/\/www.cric-colombia.org\/portal\/wp-content\/uploads\/2026\/08\/WhatsApp-Image-2026-08-31-at-3.36.24-PM.jpeg\"><img decoding=\"async\" loading=\"lazy\" class=\"aligncenter size-full wp-image-46422\" src=\"https:\/\/www.cric-colombia.org\/portal\/wp-content\/uploads\/2026\/08\/WhatsApp-Image-2026-08-31-at-3.36.24-PM.jpeg\" alt=\"\" width=\"1080\" height=\"1350\" srcset=\"https:\/\/www.cric-colombia.org\/portal\/wp-content\/uploads\/2026\/08\/WhatsApp-Image-2026-08-31-at-3.36.24-PM.jpeg 1080w, https:\/\/www.cric-colombia.org\/portal\/wp-content\/uploads\/2026\/08\/WhatsApp-Image-2026-08-31-at-3.36.24-PM-240x300.jpeg 240w, https:\/\/www.cric-colombia.org\/portal\/wp-content\/uploads\/2026\/08\/WhatsApp-Image-2026-08-31-at-3.36.24-PM-819x1024.jpeg 819w, https:\/\/www.cric-colombia.org\/portal\/wp-content\/uploads\/2026\/08\/WhatsApp-Image-2026-08-31-at-3.36.24-PM-768x960.jpeg 768w, https:\/\/www.cric-colombia.org\/portal\/wp-content\/uploads\/2026\/08\/WhatsApp-Image-2026-08-31-at-3.36.24-PM-696x870.jpeg 696w, https:\/\/www.cric-colombia.org\/portal\/wp-content\/uploads\/2026\/08\/WhatsApp-Image-2026-08-31-at-3.36.24-PM-1068x1335.jpeg 1068w, https:\/\/www.cric-colombia.org\/portal\/wp-content\/uploads\/2026\/08\/WhatsApp-Image-2026-08-31-at-3.36.24-PM-336x420.jpeg 336w\" sizes=\"(max-width: 1080px) 100vw, 1080px\" \/><\/a> <a href=\"https:\/\/www.cric-colombia.org\/portal\/wp-content\/uploads\/2026\/08\/WhatsApp-Image-2026-08-31-at-3.36.24-PM-2.jpeg\"><img decoding=\"async\" loading=\"lazy\" class=\"aligncenter size-full wp-image-46423\" src=\"https:\/\/www.cric-colombia.org\/portal\/wp-content\/uploads\/2026\/08\/WhatsApp-Image-2026-08-31-at-3.36.24-PM-2.jpeg\" alt=\"\" width=\"1080\" height=\"1350\" srcset=\"https:\/\/www.cric-colombia.org\/portal\/wp-content\/uploads\/2026\/08\/WhatsApp-Image-2026-08-31-at-3.36.24-PM-2.jpeg 1080w, https:\/\/www.cric-colombia.org\/portal\/wp-content\/uploads\/2026\/08\/WhatsApp-Image-2026-08-31-at-3.36.24-PM-2-240x300.jpeg 240w, https:\/\/www.cric-colombia.org\/portal\/wp-content\/uploads\/2026\/08\/WhatsApp-Image-2026-08-31-at-3.36.24-PM-2-819x1024.jpeg 819w, https:\/\/www.cric-colombia.org\/portal\/wp-content\/uploads\/2026\/08\/WhatsApp-Image-2026-08-31-at-3.36.24-PM-2-768x960.jpeg 768w, https:\/\/www.cric-colombia.org\/portal\/wp-content\/uploads\/2026\/08\/WhatsApp-Image-2026-08-31-at-3.36.24-PM-2-696x870.jpeg 696w, https:\/\/www.cric-colombia.org\/portal\/wp-content\/uploads\/2026\/08\/WhatsApp-Image-2026-08-31-at-3.36.24-PM-2-1068x1335.jpeg 1068w, https:\/\/www.cric-colombia.org\/portal\/wp-content\/uploads\/2026\/08\/WhatsApp-Image-2026-08-31-at-3.36.24-PM-2-336x420.jpeg 336w\" sizes=\"(max-width: 1080px) 100vw, 1080px\" \/><\/a> <a href=\"https:\/\/www.cric-colombia.org\/portal\/wp-content\/uploads\/2026\/08\/WhatsApp-Image-2026-08-31-at-3.36.25-PM.jpeg\"><img decoding=\"async\" loading=\"lazy\" class=\"aligncenter size-full wp-image-46424\" src=\"https:\/\/www.cric-colombia.org\/portal\/wp-content\/uploads\/2026\/08\/WhatsApp-Image-2026-08-31-at-3.36.25-PM.jpeg\" alt=\"\" width=\"1080\" height=\"1350\" srcset=\"https:\/\/www.cric-colombia.org\/portal\/wp-content\/uploads\/2026\/08\/WhatsApp-Image-2026-08-31-at-3.36.25-PM.jpeg 1080w, https:\/\/www.cric-colombia.org\/portal\/wp-content\/uploads\/2026\/08\/WhatsApp-Image-2026-08-31-at-3.36.25-PM-240x300.jpeg 240w, https:\/\/www.cric-colombia.org\/portal\/wp-content\/uploads\/2026\/08\/WhatsApp-Image-2026-08-31-at-3.36.25-PM-819x1024.jpeg 819w, https:\/\/www.cric-colombia.org\/portal\/wp-content\/uploads\/2026\/08\/WhatsApp-Image-2026-08-31-at-3.36.25-PM-768x960.jpeg 768w, https:\/\/www.cric-colombia.org\/portal\/wp-content\/uploads\/2026\/08\/WhatsApp-Image-2026-08-31-at-3.36.25-PM-696x870.jpeg 696w, https:\/\/www.cric-colombia.org\/portal\/wp-content\/uploads\/2026\/08\/WhatsApp-Image-2026-08-31-at-3.36.25-PM-1068x1335.jpeg 1068w, https:\/\/www.cric-colombia.org\/portal\/wp-content\/uploads\/2026\/08\/WhatsApp-Image-2026-08-31-at-3.36.25-PM-336x420.jpeg 336w\" sizes=\"(max-width: 1080px) 100vw, 1080px\" \/><\/a><\/p>\n<p>&nbsp;<\/p>\n<p><br style=\"font-weight: 400;\" \/><br style=\"font-weight: 400;\" \/><\/p>\n","protected":false},"excerpt":{"rendered":"<p>La estrategia m\u00f3vil de la Unidad de B\u00fasqueda de Personas dadas por Desaparecidas (UBPD) recorrer\u00e1 19 territorios del departamento para acercar la b\u00fasqueda a familiares y comunidades afectadas por la desaparici\u00f3n de sus seres queridos. En el Cauca estamos buscando a m\u00e1s de 3.109 personas dadas por desaparecidas, a trav\u00e9s de nuestros cuatro Planes Regionales <\/p>\n","protected":false},"author":6,"featured_media":46425,"comment_status":"open","ping_status":"open","sticky":false,"template":"","format":"standard","meta":{"footnotes":""},"categories":[3],"tags":[],"yoast_head":"<!-- This site is optimized with the Yoast SEO plugin v20.12 - https:\/\/yoast.com\/wordpress\/plugins\/seo\/ -->\n<title>La Ruta Buscadora est\u00e1 en el Cauca: Recorrido de la unidad m\u00f3vil de la UBPD hasta el 18 de septiembre - Consejo Regional Ind\u00edgena del Cauca - CRIC<\/title>\n<meta name=\"robots\" content=\"index, follow, max-snippet:-1, max-image-preview:large, max-video-preview:-1\" \/>\n<link rel=\"canonical\" href=\"https:\/\/www.cric-colombia.org\/portal\/la-ruta-buscadora-esta-en-el-cauca-recorrido-de-la-unidad-movil-de-la-ubpd-hasta-el-18-de-septiembre\/\" \/>\n<meta property=\"og:locale\" content=\"es_ES\" \/>\n<meta property=\"og:type\" content=\"article\" \/>\n<meta property=\"og:title\" content=\"La Ruta Buscadora est\u00e1 en el Cauca: Recorrido de la unidad m\u00f3vil de la UBPD hasta el 18 de septiembre - Consejo Regional Ind\u00edgena del Cauca - CRIC\" \/>\n<meta property=\"og:description\" content=\"La estrategia m\u00f3vil de la Unidad de B\u00fasqueda de Personas dadas por Desaparecidas (UBPD) recorrer\u00e1 19 territorios del departamento para acercar la b\u00fasqueda a familiares y comunidades afectadas por la desaparici\u00f3n de sus seres queridos. En el Cauca estamos buscando a m\u00e1s de 3.109 personas dadas por desaparecidas, a trav\u00e9s de nuestros cuatro Planes Regionales\" \/>\n<meta property=\"og:url\" content=\"https:\/\/www.cric-colombia.org\/portal\/la-ruta-buscadora-esta-en-el-cauca-recorrido-de-la-unidad-movil-de-la-ubpd-hasta-el-18-de-septiembre\/\" \/>\n<meta property=\"og:site_name\" content=\"Consejo Regional Ind\u00edgena del Cauca - CRIC\" \/>\n<meta property=\"article:publisher\" content=\"https:\/\/www.facebook.com\/cric.colombia\/\" \/>\n<meta property=\"article:published_time\" content=\"2026-08-31T20:46:38+00:00\" \/>\n<meta property=\"og:image\" content=\"https:\/\/www.cric-colombia.org\/portal\/wp-content\/uploads\/2026\/08\/459225112_1062824849178268_6817447027514193425_n.jpg\" \/>\n\t<meta property=\"og:image:width\" content=\"1080\" \/>\n\t<meta property=\"og:image:height\" content=\"1080\" \/>\n\t<meta property=\"og:image:type\" content=\"image\/jpeg\" \/>\n<meta name=\"author\" content=\"Comunicaciones CRIC\" \/>\n<meta name=\"twitter:card\" content=\"summary_large_image\" \/>\n<meta name=\"twitter:creator\" content=\"@CRIC_Cauca\" \/>\n<meta name=\"twitter:site\" content=\"@CRIC_Cauca\" \/>\n<meta name=\"twitter:label1\" content=\"Escrito por\" \/>\n\t<meta name=\"twitter:data1\" content=\"Comunicaciones CRIC\" \/>\n\t<meta name=\"twitter:label2\" content=\"Tiempo de lectura\" \/>\n\t<meta name=\"twitter:data2\" content=\"4 minutos\" \/>\n<script type=\"application\/ld+json\" class=\"yoast-schema-graph\">{\"@context\":\"https:\/\/schema.org\",\"@graph\":[{\"@type\":\"Article\",\"@id\":\"https:\/\/www.cric-colombia.org\/portal\/la-ruta-buscadora-esta-en-el-cauca-recorrido-de-la-unidad-movil-de-la-ubpd-hasta-el-18-de-septiembre\/#article\",\"isPartOf\":{\"@id\":\"https:\/\/www.cric-colombia.org\/portal\/la-ruta-buscadora-esta-en-el-cauca-recorrido-de-la-unidad-movil-de-la-ubpd-hasta-el-18-de-septiembre\/\"},\"author\":{\"name\":\"Comunicaciones CRIC\",\"@id\":\"https:\/\/www.cric-colombia.org\/portal\/#\/schema\/person\/ab3a3099267de33d55f74f34ba201931\"},\"headline\":\"La Ruta Buscadora est\u00e1 en el Cauca: Recorrido de la unidad m\u00f3vil de la UBPD hasta el 18 de septiembre\",\"datePublished\":\"2026-08-31T20:46:38+00:00\",\"dateModified\":\"2026-08-31T20:46:38+00:00\",\"mainEntityOfPage\":{\"@id\":\"https:\/\/www.cric-colombia.org\/portal\/la-ruta-buscadora-esta-en-el-cauca-recorrido-de-la-unidad-movil-de-la-ubpd-hasta-el-18-de-septiembre\/\"},\"wordCount\":756,\"commentCount\":0,\"publisher\":{\"@id\":\"https:\/\/www.cric-colombia.org\/portal\/#organization\"},\"articleSection\":[\"Actualidad Ind\u00edgena del Cauca\"],\"inLanguage\":\"es\",\"potentialAction\":[{\"@type\":\"CommentAction\",\"name\":\"Comment\",\"target\":[\"https:\/\/www.cric-colombia.org\/portal\/la-ruta-buscadora-esta-en-el-cauca-recorrido-de-la-unidad-movil-de-la-ubpd-hasta-el-18-de-septiembre\/#respond\"]}]},{\"@type\":\"WebPage\",\"@id\":\"https:\/\/www.cric-colombia.org\/portal\/la-ruta-buscadora-esta-en-el-cauca-recorrido-de-la-unidad-movil-de-la-ubpd-hasta-el-18-de-septiembre\/\",\"url\":\"https:\/\/www.cric-colombia.org\/portal\/la-ruta-buscadora-esta-en-el-cauca-recorrido-de-la-unidad-movil-de-la-ubpd-hasta-el-18-de-septiembre\/\",\"name\":\"La Ruta Buscadora est\u00e1 en el Cauca: Recorrido de la unidad m\u00f3vil de la UBPD hasta el 18 de septiembre - Consejo Regional Ind\u00edgena del Cauca - CRIC\",\"isPartOf\":{\"@id\":\"https:\/\/www.cric-colombia.org\/portal\/#website\"},\"datePublished\":\"2026-08-31T20:46:38+00:00\",\"dateModified\":\"2026-08-31T20:46:38+00:00\",\"breadcrumb\":{\"@id\":\"https:\/\/www.cric-colombia.org\/portal\/la-ruta-buscadora-esta-en-el-cauca-recorrido-de-la-unidad-movil-de-la-ubpd-hasta-el-18-de-septiembre\/#breadcrumb\"},\"inLanguage\":\"es\",\"potentialAction\":[{\"@type\":\"ReadAction\",\"target\":[\"https:\/\/www.cric-colombia.org\/portal\/la-ruta-buscadora-esta-en-el-cauca-recorrido-de-la-unidad-movil-de-la-ubpd-hasta-el-18-de-septiembre\/\"]}]},{\"@type\":\"BreadcrumbList\",\"@id\":\"https:\/\/www.cric-colombia.org\/portal\/la-ruta-buscadora-esta-en-el-cauca-recorrido-de-la-unidad-movil-de-la-ubpd-hasta-el-18-de-septiembre\/#breadcrumb\",\"itemListElement\":[{\"@type\":\"ListItem\",\"position\":1,\"name\":\"Portada\",\"item\":\"https:\/\/www.cric-colombia.org\/portal\/\"},{\"@type\":\"ListItem\",\"position\":2,\"name\":\"La Ruta Buscadora est\u00e1 en el Cauca: Recorrido de la unidad m\u00f3vil de la UBPD hasta el 18 de septiembre\"}]},{\"@type\":\"WebSite\",\"@id\":\"https:\/\/www.cric-colombia.org\/portal\/#website\",\"url\":\"https:\/\/www.cric-colombia.org\/portal\/\",\"name\":\"Consejo Regional Ind\u00edgena del Cauca - CRIC\",\"description\":\"P\u00e1gina oficial del Consejo Regional Ind\u00edgena del Cauca, Colombia\",\"publisher\":{\"@id\":\"https:\/\/www.cric-colombia.org\/portal\/#organization\"},\"potentialAction\":[{\"@type\":\"SearchAction\",\"target\":{\"@type\":\"EntryPoint\",\"urlTemplate\":\"https:\/\/www.cric-colombia.org\/portal\/?s={search_term_string}\"},\"query-input\":\"required name=search_term_string\"}],\"inLanguage\":\"es\"},{\"@type\":\"Organization\",\"@id\":\"https:\/\/www.cric-colombia.org\/portal\/#organization\",\"name\":\"Consejo Regional Ind\u00edgena del Cauca\",\"url\":\"https:\/\/www.cric-colombia.org\/portal\/\",\"logo\":{\"@type\":\"ImageObject\",\"inLanguage\":\"es\",\"@id\":\"https:\/\/www.cric-colombia.org\/portal\/#\/schema\/logo\/image\/\",\"url\":\"https:\/\/www.cric-colombia.org\/portal\/wp-content\/uploads\/2015\/08\/logo_cric.jpg\",\"contentUrl\":\"https:\/\/www.cric-colombia.org\/portal\/wp-content\/uploads\/2015\/08\/logo_cric.jpg\",\"width\":512,\"height\":512,\"caption\":\"Consejo Regional Ind\u00edgena del Cauca\"},\"image\":{\"@id\":\"https:\/\/www.cric-colombia.org\/portal\/#\/schema\/logo\/image\/\"},\"sameAs\":[\"https:\/\/www.facebook.com\/cric.colombia\/\",\"https:\/\/twitter.com\/CRIC_Cauca\"]},{\"@type\":\"Person\",\"@id\":\"https:\/\/www.cric-colombia.org\/portal\/#\/schema\/person\/ab3a3099267de33d55f74f34ba201931\",\"name\":\"Comunicaciones CRIC\",\"image\":{\"@type\":\"ImageObject\",\"inLanguage\":\"es\",\"@id\":\"https:\/\/www.cric-colombia.org\/portal\/#\/schema\/person\/image\/\",\"url\":\"https:\/\/secure.gravatar.com\/avatar\/a8d1a6cfcb82a80d09dafefdcc3dcc8a?s=96&d=retro&r=g\",\"contentUrl\":\"https:\/\/secure.gravatar.com\/avatar\/a8d1a6cfcb82a80d09dafefdcc3dcc8a?s=96&d=retro&r=g\",\"caption\":\"Comunicaciones CRIC\"},\"url\":\"https:\/\/www.cric-colombia.org\/portal\/author\/comunicaciones\/\"}]}<\/script>\n<!-- \/ Yoast SEO plugin. -->","yoast_head_json":{"title":"La Ruta Buscadora est\u00e1 en el Cauca: Recorrido de la unidad m\u00f3vil de la UBPD hasta el 18 de septiembre - Consejo Regional Ind\u00edgena del Cauca - CRIC","robots":{"index":"index","follow":"follow","max-snippet":"max-snippet:-1","max-image-preview":"max-image-preview:large","max-video-preview":"max-video-preview:-1"},"canonical":"https:\/\/www.cric-colombia.org\/portal\/la-ruta-buscadora-esta-en-el-cauca-recorrido-de-la-unidad-movil-de-la-ubpd-hasta-el-18-de-septiembre\/","og_locale":"es_ES","og_type":"article","og_title":"La Ruta Buscadora est\u00e1 en el Cauca: Recorrido de la unidad m\u00f3vil de la UBPD hasta el 18 de septiembre - Consejo Regional Ind\u00edgena del Cauca - CRIC","og_description":"La estrategia m\u00f3vil de la Unidad de B\u00fasqueda de Personas dadas por Desaparecidas (UBPD) recorrer\u00e1 19 territorios del departamento para acercar la b\u00fasqueda a familiares y comunidades afectadas por la desaparici\u00f3n de sus seres queridos. En el Cauca estamos buscando a m\u00e1s de 3.109 personas dadas por desaparecidas, a trav\u00e9s de nuestros cuatro Planes Regionales","og_url":"https:\/\/www.cric-colombia.org\/portal\/la-ruta-buscadora-esta-en-el-cauca-recorrido-de-la-unidad-movil-de-la-ubpd-hasta-el-18-de-septiembre\/","og_site_name":"Consejo Regional Ind\u00edgena del Cauca - CRIC","article_publisher":"https:\/\/www.facebook.com\/cric.colombia\/","article_published_time":"2026-08-31T20:46:38+00:00","og_image":[{"width":1080,"height":1080,"url":"https:\/\/www.cric-colombia.org\/portal\/wp-content\/uploads\/2026\/08\/459225112_1062824849178268_6817447027514193425_n.jpg","type":"image\/jpeg"}],"author":"Comunicaciones CRIC","twitter_card":"summary_large_image","twitter_creator":"@CRIC_Cauca","twitter_site":"@CRIC_Cauca","twitter_misc":{"Escrito por":"Comunicaciones CRIC","Tiempo de lectura":"4 minutos"},"schema":{"@context":"https:\/\/schema.org","@graph":[{"@type":"Article","@id":"https:\/\/www.cric-colombia.org\/portal\/la-ruta-buscadora-esta-en-el-cauca-recorrido-de-la-unidad-movil-de-la-ubpd-hasta-el-18-de-septiembre\/#article","isPartOf":{"@id":"https:\/\/www.cric-colombia.org\/portal\/la-ruta-buscadora-esta-en-el-cauca-recorrido-de-la-unidad-movil-de-la-ubpd-hasta-el-18-de-septiembre\/"},"author":{"name":"Comunicaciones CRIC","@id":"https:\/\/www.cric-colombia.org\/portal\/#\/schema\/person\/ab3a3099267de33d55f74f34ba201931"},"headline":"La Ruta Buscadora est\u00e1 en el Cauca: Recorrido de la unidad m\u00f3vil de la UBPD hasta el 18 de septiembre","datePublished":"2026-08-31T20:46:38+00:00","dateModified":"2026-08-31T20:46:38+00:00","mainEntityOfPage":{"@id":"https:\/\/www.cric-colombia.org\/portal\/la-ruta-buscadora-esta-en-el-cauca-recorrido-de-la-unidad-movil-de-la-ubpd-hasta-el-18-de-septiembre\/"},"wordCount":756,"commentCount":0,"publisher":{"@id":"https:\/\/www.cric-colombia.org\/portal\/#organization"},"articleSection":["Actualidad Ind\u00edgena del Cauca"],"inLanguage":"es","potentialAction":[{"@type":"CommentAction","name":"Comment","target":["https:\/\/www.cric-colombia.org\/portal\/la-ruta-buscadora-esta-en-el-cauca-recorrido-de-la-unidad-movil-de-la-ubpd-hasta-el-18-de-septiembre\/#respond"]}]},{"@type":"WebPage","@id":"https:\/\/www.cric-colombia.org\/portal\/la-ruta-buscadora-esta-en-el-cauca-recorrido-de-la-unidad-movil-de-la-ubpd-hasta-el-18-de-septiembre\/","url":"https:\/\/www.cric-colombia.org\/portal\/la-ruta-buscadora-esta-en-el-cauca-recorrido-de-la-unidad-movil-de-la-ubpd-hasta-el-18-de-septiembre\/","name":"La Ruta Buscadora est\u00e1 en el Cauca: Recorrido de la unidad m\u00f3vil de la UBPD hasta el 18 de septiembre - Consejo Regional Ind\u00edgena del Cauca - CRIC","isPartOf":{"@id":"https:\/\/www.cric-colombia.org\/portal\/#website"},"datePublished":"2026-08-31T20:46:38+00:00","dateModified":"2026-08-31T20:46:38+00:00","breadcrumb":{"@id":"https:\/\/www.cric-colombia.org\/portal\/la-ruta-buscadora-esta-en-el-cauca-recorrido-de-la-unidad-movil-de-la-ubpd-hasta-el-18-de-septiembre\/#breadcrumb"},"inLanguage":"es","potentialAction":[{"@type":"ReadAction","target":["https:\/\/www.cric-colombia.org\/portal\/la-ruta-buscadora-esta-en-el-cauca-recorrido-de-la-unidad-movil-de-la-ubpd-hasta-el-18-de-septiembre\/"]}]},{"@type":"BreadcrumbList","@id":"https:\/\/www.cric-colombia.org\/portal\/la-ruta-buscadora-esta-en-el-cauca-recorrido-de-la-unidad-movil-de-la-ubpd-hasta-el-18-de-septiembre\/#breadcrumb","itemListElement":[{"@type":"ListItem","position":1,"name":"Portada","item":"https:\/\/www.cric-colombia.org\/portal\/"},{"@type":"ListItem","position":2,"name":"La Ruta Buscadora est\u00e1 en el Cauca: Recorrido de la unidad m\u00f3vil de la UBPD hasta el 18 de septiembre"}]},{"@type":"WebSite","@id":"https:\/\/www.cric-colombia.org\/portal\/#website","url":"https:\/\/www.cric-colombia.org\/portal\/","name":"Consejo Regional Ind\u00edgena del Cauca - CRIC","description":"P\u00e1gina oficial del Consejo Regional Ind\u00edgena del Cauca, Colombia","publisher":{"@id":"https:\/\/www.cric-colombia.org\/portal\/#organization"},"potentialAction":[{"@type":"SearchAction","target":{"@type":"EntryPoint","urlTemplate":"https:\/\/www.cric-colombia.org\/portal\/?s={search_term_string}"},"query-input":"required name=search_term_string"}],"inLanguage":"es"},{"@type":"Organization","@id":"https:\/\/www.cric-colombia.org\/portal\/#organization","name":"Consejo Regional Ind\u00edgena del Cauca","url":"https:\/\/www.cric-colombia.org\/portal\/","logo":{"@type":"ImageObject","inLanguage":"es","@id":"https:\/\/www.cric-colombia.org\/portal\/#\/schema\/logo\/image\/","url":"https:\/\/www.cric-colombia.org\/portal\/wp-content\/uploads\/2015\/08\/logo_cric.jpg","contentUrl":"https:\/\/www.cric-colombia.org\/portal\/wp-content\/uploads\/2015\/08\/logo_cric.jpg","width":512,"height":512,"caption":"Consejo Regional Ind\u00edgena del Cauca"},"image":{"@id":"https:\/\/www.cric-colombia.org\/portal\/#\/schema\/logo\/image\/"},"sameAs":["https:\/\/www.facebook.com\/cric.colombia\/","https:\/\/twitter.com\/CRIC_Cauca"]},{"@type":"Person","@id":"https:\/\/www.cric-colombia.org\/portal\/#\/schema\/person\/ab3a3099267de33d55f74f34ba201931","name":"Comunicaciones CRIC","image":{"@type":"ImageObject","inLanguage":"es","@id":"https:\/\/www.cric-colombia.org\/portal\/#\/schema\/person\/image\/","url":"https:\/\/secure.gravatar.com\/avatar\/a8d1a6cfcb82a80d09dafefdcc3dcc8a?s=96&d=retro&r=g","contentUrl":"https:\/\/secure.gravatar.com\/avatar\/a8d1a6cfcb82a80d09dafefdcc3dcc8a?s=96&d=retro&r=g","caption":"Comunicaciones CRIC"},"url":"https:\/\/www.cric-colombia.org\/portal\/author\/comunicaciones\/"}]}},"jetpack_featured_media_url":"https:\/\/www.cric-colombia.org\/portal\/wp-content\/uploads\/2026\/08\/459225112_1062824849178268_6817447027514193425_n.jpg","_links":{"self":[{"href":"https:\/\/www.cric-colombia.org\/portal\/wp-json\/wp\/v2\/posts\/46421"}],"collection":[{"href":"https:\/\/www.cric-colombia.org\/portal\/wp-json\/wp\/v2\/posts"}],"about":[{"href":"https:\/\/www.cric-colombia.org\/portal\/wp-json\/wp\/v2\/types\/post"}],"author":[{"embeddable":true,"href":"https:\/\/www.cric-colombia.org\/portal\/wp-json\/wp\/v2\/users\/6"}],"replies":[{"embeddable":true,"href":"https:\/\/www.cric-colombia.org\/portal\/wp-json\/wp\/v2\/comments?post=46421"}],"version-history":[{"count":1,"href":"https:\/\/www.cric-colombia.org\/portal\/wp-json\/wp\/v2\/posts\/46421\/revisions"}],"predecessor-version":[{"id":46426,"href":"https:\/\/www.cric-colombia.org\/portal\/wp-json\/wp\/v2\/posts\/46421\/revisions\/46426"}],"wp:featuredmedia":[{"embeddable":true,"href":"https:\/\/www.cric-colombia.org\/portal\/wp-json\/wp\/v2\/media\/46425"}],"wp:attachment":[{"href":"https:\/\/www.cric-colombia.org\/portal\/wp-json\/wp\/v2\/media?parent=46421"}],"wp:term":[{"taxonomy":"category","embeddable":true,"href":"https:\/\/www.cric-colombia.org\/portal\/wp-json\/wp\/v2\/categories?post=46421"},{"taxonomy":"post_tag","embeddable":true,"href":"https:\/\/www.cric-colombia.org\/portal\/wp-json\/wp\/v2\/tags?post=46421"}],"curies":[{"name":"wp","href":"https:\/\/api.w.org\/{rel}","templated":true}]}}