{"id":44998,"date":"2026-01-13T18:02:30","date_gmt":"2026-01-13T23:02:30","guid":{"rendered":"https:\/\/www.cric-colombia.org\/portal\/?p=44998"},"modified":"2026-01-13T18:04:35","modified_gmt":"2026-01-13T23:04:35","slug":"memoria-viva-recuperacion-tierra-indigena-paletara","status":"publish","type":"post","link":"https:\/\/www.cric-colombia.org\/portal\/memoria-viva-recuperacion-tierra-indigena-paletara\/","title":{"rendered":"Memoria viva de la recuperaci\u00f3n de la tierra y la organizaci\u00f3n ind\u00edgena en Paletar\u00e1"},"content":{"rendered":"<p><span data-tt=\"{&quot;paragraphStyle&quot;:{&quot;alignment&quot;:4},&quot;fontHints&quot;:1}\">Mayora Mar\u00eda Hortencia Vargas Velasco (1948\u20132026)<\/span><\/p>\n<p><span data-tt=\"{&quot;paragraphStyle&quot;:{&quot;alignment&quot;:4}}\">El 11 de enero de 2026 falleci\u00f3 la Mayora <\/span><span data-tt=\"{&quot;paragraphStyle&quot;:{&quot;alignment&quot;:4},&quot;fontHints&quot;:1}\">Mar\u00eda Hortencia Vargas Velasco<\/span><span data-tt=\"{&quot;paragraphStyle&quot;:{&quot;alignment&quot;:4}}\">, recuperadora de la tierra y una de las voces fundacionales del proceso organizativo ind\u00edgena en el territorio de Paletar\u00e1; su vida, apuntalada por la resistencia silenciosa y nuestra organizaci\u00f3n indigena, queda viva en la memoria colectiva como testimonio de una \u00e9poca en la que ser ind\u00edgena y defender la tierra significaba persecuci\u00f3n, c\u00e1rcel y estigmatizaci\u00f3n. <\/span><\/p>\n<p><span data-tt=\"{&quot;paragraphStyle&quot;:{&quot;alignment&quot;:4}}\">Naci\u00f3 el <\/span><span data-tt=\"{&quot;paragraphStyle&quot;:{&quot;alignment&quot;:4},&quot;fontHints&quot;:1}\">31 de diciembre de 1948<\/span><span data-tt=\"{&quot;paragraphStyle&quot;:{&quot;alignment&quot;:4}}\">, en Paletar\u00e1, Cauca, en su relato de vida, dej\u00f3 constancia de una infancia atravesada por el despojo territorial: <\/span><\/p>\n<blockquote class=\"td_quote_box td_box_center\"><p><em><strong>\u201cAntes solo era barro y monta\u00f1a, en esos tiempos no hab\u00eda caminos, solo caminos de bestia (caballos)\u201d.<\/strong><\/em><\/p><\/blockquote>\n<div>\n<p><span data-tt=\"{&quot;paragraphStyle&quot;:{&quot;alignment&quot;:4,&quot;writingDirection&quot;:1,&quot;indent&quot;:1}}\">Hija de <\/span><span data-tt=\"{&quot;paragraphStyle&quot;:{&quot;alignment&quot;:4,&quot;writingDirection&quot;:1,&quot;indent&quot;:1},&quot;fontHints&quot;:1}\">Luis \u00c1ngel Vargas<\/span><span data-tt=\"{&quot;paragraphStyle&quot;:{&quot;alignment&quot;:4,&quot;writingDirection&quot;:1,&quot;indent&quot;:1}}\"> y <\/span><span data-tt=\"{&quot;paragraphStyle&quot;:{&quot;alignment&quot;:4,&quot;writingDirection&quot;:1,&quot;indent&quot;:1},&quot;fontHints&quot;:1}\">Sof\u00eda Velasco<\/span><span data-tt=\"{&quot;paragraphStyle&quot;:{&quot;alignment&quot;:4,&quot;writingDirection&quot;:1,&quot;indent&quot;:1}}\">, creci\u00f3 en un contexto de haciendas donde seg\u00fan su propio testimonio grandes familias terratenientes controlaban el territorio: <\/span><\/p>\n<blockquote class=\"td_quote_box td_box_center\"><p><strong>\u201cLos Valencia y los Iragorri eran due\u00f1os de todas las monta\u00f1as\u2026 mucha antes nos la quitaron con enga\u00f1os\u201d. <\/strong><\/p><\/blockquote>\n<p><span data-tt=\"{&quot;paragraphStyle&quot;:{&quot;alignment&quot;:4,&quot;writingDirection&quot;:1,&quot;indent&quot;:1}}\">Aunque nunca se sinti\u00f3 cercana al estudio formal, su formaci\u00f3n pol\u00edtica organizativa se teji\u00f3 en la pr\u00e1ctica comunitaria, fue parte del <\/span><span data-tt=\"{&quot;paragraphStyle&quot;:{&quot;alignment&quot;:4,&quot;writingDirection&quot;:1,&quot;indent&quot;:1},&quot;fontHints&quot;:1}\">primer n\u00facleo de recuperaci\u00f3n de la tierra<\/span><span data-tt=\"{&quot;paragraphStyle&quot;:{&quot;alignment&quot;:4,&quot;writingDirection&quot;:1,&quot;indent&quot;:1}}\">, integrado inicialmente por apenas 7 personas, cuando incluso dentro de la comunidad hab\u00eda miedo: <\/span><\/p>\n<blockquote class=\"td_quote_box td_box_center\"><p><strong>\u201cDec\u00edan que si sac\u00e1bamos a los patroncitos, qui\u00e9n nos iba a dar de comer\u201d. <\/strong><\/p><\/blockquote>\n<p><span data-tt=\"{&quot;paragraphStyle&quot;:{&quot;alignment&quot;:4,&quot;writingDirection&quot;:1,&quot;indent&quot;:1}}\">Ese proceso dio paso a la organizaci\u00f3n como <\/span><span data-tt=\"{&quot;paragraphStyle&quot;:{&quot;alignment&quot;:4,&quot;writingDirection&quot;:1,&quot;indent&quot;:1},&quot;fontHints&quot;:1}\">Cabildo<\/span><span data-tt=\"{&quot;paragraphStyle&quot;:{&quot;alignment&quot;:4,&quot;writingDirection&quot;:1,&quot;indent&quot;:1}}\">, en un contexto de profunda negaci\u00f3n institucional, seg\u00fan su testimonio, Paletar\u00e1 no era reconocido como territorio ind\u00edgena porque se afirmaba que all\u00ed <em><strong>\u201cno hab\u00eda ind\u00edgenas, que todos \u00e9ramos venideros\u201d.<\/strong><\/em> El reconocimiento lleg\u00f3 tras a\u00f1os de reuniones, asesor\u00edas y aprendizaje colectivo. <\/span><\/p>\n<p><span data-tt=\"{&quot;paragraphStyle&quot;:{&quot;alignment&quot;:4,&quot;writingDirection&quot;:1,&quot;indent&quot;:1}}\">En ese camino fueron clave los acompa\u00f1amientos del resguardo de <\/span><span data-tt=\"{&quot;paragraphStyle&quot;:{&quot;alignment&quot;:4,&quot;writingDirection&quot;:1,&quot;indent&quot;:1},&quot;fontHints&quot;:1}\">Kokonuko<\/span><span data-tt=\"{&quot;paragraphStyle&quot;:{&quot;alignment&quot;:4,&quot;writingDirection&quot;:1,&quot;indent&quot;:1}}\"> y del <\/span><span data-tt=\"{&quot;paragraphStyle&quot;:{&quot;alignment&quot;:4,&quot;writingDirection&quot;:1,&quot;indent&quot;:1},&quot;fontHints&quot;:1}\">CRIC<\/span><span data-tt=\"{&quot;paragraphStyle&quot;:{&quot;alignment&quot;:4,&quot;writingDirection&quot;:1,&quot;indent&quot;:1}}\">, as\u00ed como l\u00edderes como <\/span><span data-tt=\"{&quot;paragraphStyle&quot;:{&quot;alignment&quot;:4,&quot;writingDirection&quot;:1,&quot;indent&quot;:1},&quot;fontHints&quot;:1}\">Genaro S\u00e1nchez<\/span><span data-tt=\"{&quot;paragraphStyle&quot;:{&quot;alignment&quot;:4,&quot;writingDirection&quot;:1,&quot;indent&quot;:1}}\"> y <\/span><span data-tt=\"{&quot;paragraphStyle&quot;:{&quot;alignment&quot;:4,&quot;writingDirection&quot;:1,&quot;indent&quot;:1},&quot;fontHints&quot;:1}\">Gonzalo Gurrute<\/span><span data-tt=\"{&quot;paragraphStyle&quot;:{&quot;alignment&quot;:4,&quot;writingDirection&quot;:1,&quot;indent&quot;:1}}\">, quienes orientaron sobre la estructura del cabildo y la organizaci\u00f3n ind\u00edgena, record\u00f3 tambi\u00e9n la de ir a visitar un equipo de Bogot\u00e1 identificado por ella como el grupo de <\/span><span data-tt=\"{&quot;paragraphStyle&quot;:{&quot;alignment&quot;:4,&quot;writingDirection&quot;:1,&quot;indent&quot;:1},&quot;fontHints&quot;:2}\">Edgar Pardo<\/span><span data-tt=\"{&quot;paragraphStyle&quot;:{&quot;alignment&quot;:4,&quot;writingDirection&quot;:1,&quot;indent&quot;:1}}\"> que impuls\u00f3 el env\u00edo de delegados para conocer la experiencia de cabildos en otros territorios como en Coyaima. <\/span><\/p>\n<p><span data-tt=\"{&quot;paragraphStyle&quot;:{&quot;alignment&quot;:4,&quot;writingDirection&quot;:1,&quot;indent&quot;:1}}\">Su liderazgo tuvo costos personales la Mayora Hortencia fue <\/span><span data-tt=\"{&quot;paragraphStyle&quot;:{&quot;alignment&quot;:4,&quot;writingDirection&quot;:1,&quot;indent&quot;:1},&quot;fontHints&quot;:1}\">detenida y encarcelada bajo acusaciones falsas<\/span><span data-tt=\"{&quot;paragraphStyle&quot;:{&quot;alignment&quot;:4,&quot;writingDirection&quot;:1,&quot;indent&quot;:1}}\">, se\u00f1alada como <em><strong>\u201cguerrillera\u201d<\/strong><\/em>, no por un delito probado, sino por su papel como recuperadora de la tierra: <\/span><\/p>\n<blockquote class=\"td_quote_box td_box_center\"><p><span data-tt=\"{&quot;paragraphStyle&quot;:{&quot;alignment&quot;:4,&quot;writingDirection&quot;:1,&quot;indent&quot;:1}}\"><strong>\u201cNo me llevaban por recuperadora de tierra, sino que disque yo era guerrillera\u201d.<\/strong> <\/span><\/p><\/blockquote>\n<p><span data-tt=\"{&quot;paragraphStyle&quot;:{&quot;alignment&quot;:4,&quot;writingDirection&quot;:1,&quot;indent&quot;:1}}\">Fue liberada gracias a la defensa jur\u00eddica de un abogado que ella recuerda con gratitud, conocido como \u00ab<\/span><strong>Tol\u00f3n\u00bb<\/strong><span data-tt=\"{&quot;paragraphStyle&quot;:{&quot;alignment&quot;:4,&quot;writingDirection&quot;:1,&quot;indent&quot;:1}}\">, en un contexto donde la criminalizaci\u00f3n de la lucha ind\u00edgena era una pr\u00e1ctica recurrente. <\/span><\/p>\n<p><span data-tt=\"{&quot;paragraphStyle&quot;:{&quot;alignment&quot;:4,&quot;writingDirection&quot;:1,&quot;indent&quot;:1}}\">En sus \u00faltimas reflexiones, la Mayora expres\u00f3 preocupaci\u00f3n por el presente del movimiento ind\u00edgena y por el distanciamiento de algunos liderazgos frente a las comunidades: <\/span><\/p>\n<blockquote class=\"td_quote_box td_box_center\"><p><strong><em>\u201cNo hay autonom\u00eda\u2026 antes ven\u00edan, visitaban, se embarraban con uno; ahora nunca veo a nadie por ac\u00e1\u201d. <\/em><\/strong><\/p><\/blockquote>\n<p><span data-tt=\"{&quot;paragraphStyle&quot;:{&quot;alignment&quot;:4,&quot;writingDirection&quot;:1,&quot;indent&quot;:1}}\">Su mensaje final, dirigido a j\u00f3venes y autoridades, no fue de reproche sino de memoria: recordar que los derechos actuales existen porque otros asumieron riesgos cuando nadie cre\u00eda posible organizarse. <\/span><\/p>\n<p><span data-tt=\"{&quot;paragraphStyle&quot;:{&quot;alignment&quot;:4,&quot;writingDirection&quot;:1,&quot;indent&quot;:1}}\">La Mayora Mar\u00eda Hortencia Vargas Velasco no fue solo testigo de la historia: <\/span><span data-tt=\"{&quot;paragraphStyle&quot;:{&quot;alignment&quot;:4,&quot;writingDirection&quot;:1,&quot;indent&quot;:1},&quot;fontHints&quot;:1}\">la camin\u00f3, la sufri\u00f3 y la construy\u00f3<\/span><span data-tt=\"{&quot;paragraphStyle&quot;:{&quot;alignment&quot;:4,&quot;writingDirection&quot;:1,&quot;indent&quot;:1}}\">. <\/span><\/p>\n<\/div>\n<p><strong>Por: Programa de Comunicaciones CRIC <\/strong><\/p>\n","protected":false},"excerpt":{"rendered":"<p>Mayora Mar\u00eda Hortencia Vargas Velasco (1948\u20132026) El 11 de enero de 2026 falleci\u00f3 la Mayora Mar\u00eda Hortencia Vargas Velasco, recuperadora de la tierra y una de las voces fundacionales del proceso organizativo ind\u00edgena en el territorio de Paletar\u00e1; su vida, apuntalada por la resistencia silenciosa y nuestra organizaci\u00f3n indigena, queda viva en la memoria colectiva <\/p>\n","protected":false},"author":6,"featured_media":45000,"comment_status":"open","ping_status":"open","sticky":false,"template":"","format":"standard","meta":{"footnotes":""},"categories":[3],"tags":[469,918,1315],"yoast_head":"<!-- This site is optimized with the Yoast SEO plugin v20.12 - https:\/\/yoast.com\/wordpress\/plugins\/seo\/ -->\n<title>Memoria viva de la recuperaci\u00f3n de la tierra y la organizaci\u00f3n ind\u00edgena en Paletar\u00e1 - Consejo Regional Ind\u00edgena del Cauca - CRIC<\/title>\n<meta name=\"robots\" content=\"index, follow, max-snippet:-1, max-image-preview:large, max-video-preview:-1\" \/>\n<link rel=\"canonical\" href=\"https:\/\/www.cric-colombia.org\/portal\/memoria-viva-recuperacion-tierra-indigena-paletara\/\" \/>\n<meta property=\"og:locale\" content=\"es_ES\" \/>\n<meta property=\"og:type\" content=\"article\" \/>\n<meta property=\"og:title\" content=\"Memoria viva de la recuperaci\u00f3n de la tierra y la organizaci\u00f3n ind\u00edgena en Paletar\u00e1 - Consejo Regional Ind\u00edgena del Cauca - CRIC\" \/>\n<meta property=\"og:description\" content=\"Mayora Mar\u00eda Hortencia Vargas Velasco (1948\u20132026) El 11 de enero de 2026 falleci\u00f3 la Mayora Mar\u00eda Hortencia Vargas Velasco, recuperadora de la tierra y una de las voces fundacionales del proceso organizativo ind\u00edgena en el territorio de Paletar\u00e1; su vida, apuntalada por la resistencia silenciosa y nuestra organizaci\u00f3n indigena, queda viva en la memoria colectiva\" \/>\n<meta property=\"og:url\" content=\"https:\/\/www.cric-colombia.org\/portal\/memoria-viva-recuperacion-tierra-indigena-paletara\/\" \/>\n<meta property=\"og:site_name\" content=\"Consejo Regional Ind\u00edgena del Cauca - CRIC\" \/>\n<meta property=\"article:publisher\" content=\"https:\/\/www.facebook.com\/cric.colombia\/\" \/>\n<meta property=\"article:published_time\" content=\"2026-01-13T23:02:30+00:00\" \/>\n<meta property=\"article:modified_time\" content=\"2026-01-13T23:04:35+00:00\" \/>\n<meta property=\"og:image\" content=\"https:\/\/www.cric-colombia.org\/portal\/wp-content\/uploads\/2026\/01\/maria-Hortencia.jpg\" \/>\n\t<meta property=\"og:image:width\" content=\"1080\" \/>\n\t<meta property=\"og:image:height\" content=\"1350\" \/>\n\t<meta property=\"og:image:type\" content=\"image\/jpeg\" \/>\n<meta name=\"author\" content=\"Comunicaciones CRIC\" \/>\n<meta name=\"twitter:card\" content=\"summary_large_image\" \/>\n<meta name=\"twitter:creator\" content=\"@CRIC_Cauca\" \/>\n<meta name=\"twitter:site\" content=\"@CRIC_Cauca\" \/>\n<meta name=\"twitter:label1\" content=\"Escrito por\" \/>\n\t<meta name=\"twitter:data1\" content=\"Comunicaciones CRIC\" \/>\n\t<meta name=\"twitter:label2\" content=\"Tiempo de lectura\" \/>\n\t<meta name=\"twitter:data2\" content=\"2 minutos\" \/>\n<script type=\"application\/ld+json\" class=\"yoast-schema-graph\">{\"@context\":\"https:\/\/schema.org\",\"@graph\":[{\"@type\":\"Article\",\"@id\":\"https:\/\/www.cric-colombia.org\/portal\/memoria-viva-recuperacion-tierra-indigena-paletara\/#article\",\"isPartOf\":{\"@id\":\"https:\/\/www.cric-colombia.org\/portal\/memoria-viva-recuperacion-tierra-indigena-paletara\/\"},\"author\":{\"name\":\"Comunicaciones CRIC\",\"@id\":\"https:\/\/www.cric-colombia.org\/portal\/#\/schema\/person\/ab3a3099267de33d55f74f34ba201931\"},\"headline\":\"Memoria viva de la recuperaci\u00f3n de la tierra y la organizaci\u00f3n ind\u00edgena en Paletar\u00e1\",\"datePublished\":\"2026-01-13T23:02:30+00:00\",\"dateModified\":\"2026-01-13T23:04:35+00:00\",\"mainEntityOfPage\":{\"@id\":\"https:\/\/www.cric-colombia.org\/portal\/memoria-viva-recuperacion-tierra-indigena-paletara\/\"},\"wordCount\":573,\"commentCount\":0,\"publisher\":{\"@id\":\"https:\/\/www.cric-colombia.org\/portal\/#organization\"},\"keywords\":[\"kokonuko\",\"mayora\",\"paletara\"],\"articleSection\":[\"Actualidad Ind\u00edgena del Cauca\"],\"inLanguage\":\"es\",\"potentialAction\":[{\"@type\":\"CommentAction\",\"name\":\"Comment\",\"target\":[\"https:\/\/www.cric-colombia.org\/portal\/memoria-viva-recuperacion-tierra-indigena-paletara\/#respond\"]}]},{\"@type\":\"WebPage\",\"@id\":\"https:\/\/www.cric-colombia.org\/portal\/memoria-viva-recuperacion-tierra-indigena-paletara\/\",\"url\":\"https:\/\/www.cric-colombia.org\/portal\/memoria-viva-recuperacion-tierra-indigena-paletara\/\",\"name\":\"Memoria viva de la recuperaci\u00f3n de la tierra y la organizaci\u00f3n ind\u00edgena en Paletar\u00e1 - Consejo Regional Ind\u00edgena del Cauca - CRIC\",\"isPartOf\":{\"@id\":\"https:\/\/www.cric-colombia.org\/portal\/#website\"},\"datePublished\":\"2026-01-13T23:02:30+00:00\",\"dateModified\":\"2026-01-13T23:04:35+00:00\",\"breadcrumb\":{\"@id\":\"https:\/\/www.cric-colombia.org\/portal\/memoria-viva-recuperacion-tierra-indigena-paletara\/#breadcrumb\"},\"inLanguage\":\"es\",\"potentialAction\":[{\"@type\":\"ReadAction\",\"target\":[\"https:\/\/www.cric-colombia.org\/portal\/memoria-viva-recuperacion-tierra-indigena-paletara\/\"]}]},{\"@type\":\"BreadcrumbList\",\"@id\":\"https:\/\/www.cric-colombia.org\/portal\/memoria-viva-recuperacion-tierra-indigena-paletara\/#breadcrumb\",\"itemListElement\":[{\"@type\":\"ListItem\",\"position\":1,\"name\":\"Portada\",\"item\":\"https:\/\/www.cric-colombia.org\/portal\/\"},{\"@type\":\"ListItem\",\"position\":2,\"name\":\"Memoria viva de la recuperaci\u00f3n de la tierra y la organizaci\u00f3n ind\u00edgena en Paletar\u00e1\"}]},{\"@type\":\"WebSite\",\"@id\":\"https:\/\/www.cric-colombia.org\/portal\/#website\",\"url\":\"https:\/\/www.cric-colombia.org\/portal\/\",\"name\":\"Consejo Regional Ind\u00edgena del Cauca - CRIC\",\"description\":\"P\u00e1gina oficial del Consejo Regional Ind\u00edgena del Cauca, Colombia\",\"publisher\":{\"@id\":\"https:\/\/www.cric-colombia.org\/portal\/#organization\"},\"potentialAction\":[{\"@type\":\"SearchAction\",\"target\":{\"@type\":\"EntryPoint\",\"urlTemplate\":\"https:\/\/www.cric-colombia.org\/portal\/?s={search_term_string}\"},\"query-input\":\"required name=search_term_string\"}],\"inLanguage\":\"es\"},{\"@type\":\"Organization\",\"@id\":\"https:\/\/www.cric-colombia.org\/portal\/#organization\",\"name\":\"Consejo Regional Ind\u00edgena del Cauca\",\"url\":\"https:\/\/www.cric-colombia.org\/portal\/\",\"logo\":{\"@type\":\"ImageObject\",\"inLanguage\":\"es\",\"@id\":\"https:\/\/www.cric-colombia.org\/portal\/#\/schema\/logo\/image\/\",\"url\":\"https:\/\/www.cric-colombia.org\/portal\/wp-content\/uploads\/2015\/08\/logo_cric.jpg\",\"contentUrl\":\"https:\/\/www.cric-colombia.org\/portal\/wp-content\/uploads\/2015\/08\/logo_cric.jpg\",\"width\":512,\"height\":512,\"caption\":\"Consejo Regional Ind\u00edgena del Cauca\"},\"image\":{\"@id\":\"https:\/\/www.cric-colombia.org\/portal\/#\/schema\/logo\/image\/\"},\"sameAs\":[\"https:\/\/www.facebook.com\/cric.colombia\/\",\"https:\/\/twitter.com\/CRIC_Cauca\"]},{\"@type\":\"Person\",\"@id\":\"https:\/\/www.cric-colombia.org\/portal\/#\/schema\/person\/ab3a3099267de33d55f74f34ba201931\",\"name\":\"Comunicaciones CRIC\",\"image\":{\"@type\":\"ImageObject\",\"inLanguage\":\"es\",\"@id\":\"https:\/\/www.cric-colombia.org\/portal\/#\/schema\/person\/image\/\",\"url\":\"https:\/\/secure.gravatar.com\/avatar\/a8d1a6cfcb82a80d09dafefdcc3dcc8a?s=96&d=retro&r=g\",\"contentUrl\":\"https:\/\/secure.gravatar.com\/avatar\/a8d1a6cfcb82a80d09dafefdcc3dcc8a?s=96&d=retro&r=g\",\"caption\":\"Comunicaciones CRIC\"},\"url\":\"https:\/\/www.cric-colombia.org\/portal\/author\/comunicaciones\/\"}]}<\/script>\n<!-- \/ Yoast SEO plugin. -->","yoast_head_json":{"title":"Memoria viva de la recuperaci\u00f3n de la tierra y la organizaci\u00f3n ind\u00edgena en Paletar\u00e1 - Consejo Regional Ind\u00edgena del Cauca - CRIC","robots":{"index":"index","follow":"follow","max-snippet":"max-snippet:-1","max-image-preview":"max-image-preview:large","max-video-preview":"max-video-preview:-1"},"canonical":"https:\/\/www.cric-colombia.org\/portal\/memoria-viva-recuperacion-tierra-indigena-paletara\/","og_locale":"es_ES","og_type":"article","og_title":"Memoria viva de la recuperaci\u00f3n de la tierra y la organizaci\u00f3n ind\u00edgena en Paletar\u00e1 - Consejo Regional Ind\u00edgena del Cauca - CRIC","og_description":"Mayora Mar\u00eda Hortencia Vargas Velasco (1948\u20132026) El 11 de enero de 2026 falleci\u00f3 la Mayora Mar\u00eda Hortencia Vargas Velasco, recuperadora de la tierra y una de las voces fundacionales del proceso organizativo ind\u00edgena en el territorio de Paletar\u00e1; su vida, apuntalada por la resistencia silenciosa y nuestra organizaci\u00f3n indigena, queda viva en la memoria colectiva","og_url":"https:\/\/www.cric-colombia.org\/portal\/memoria-viva-recuperacion-tierra-indigena-paletara\/","og_site_name":"Consejo Regional Ind\u00edgena del Cauca - CRIC","article_publisher":"https:\/\/www.facebook.com\/cric.colombia\/","article_published_time":"2026-01-13T23:02:30+00:00","article_modified_time":"2026-01-13T23:04:35+00:00","og_image":[{"width":1080,"height":1350,"url":"https:\/\/www.cric-colombia.org\/portal\/wp-content\/uploads\/2026\/01\/maria-Hortencia.jpg","type":"image\/jpeg"}],"author":"Comunicaciones CRIC","twitter_card":"summary_large_image","twitter_creator":"@CRIC_Cauca","twitter_site":"@CRIC_Cauca","twitter_misc":{"Escrito por":"Comunicaciones CRIC","Tiempo de lectura":"2 minutos"},"schema":{"@context":"https:\/\/schema.org","@graph":[{"@type":"Article","@id":"https:\/\/www.cric-colombia.org\/portal\/memoria-viva-recuperacion-tierra-indigena-paletara\/#article","isPartOf":{"@id":"https:\/\/www.cric-colombia.org\/portal\/memoria-viva-recuperacion-tierra-indigena-paletara\/"},"author":{"name":"Comunicaciones CRIC","@id":"https:\/\/www.cric-colombia.org\/portal\/#\/schema\/person\/ab3a3099267de33d55f74f34ba201931"},"headline":"Memoria viva de la recuperaci\u00f3n de la tierra y la organizaci\u00f3n ind\u00edgena en Paletar\u00e1","datePublished":"2026-01-13T23:02:30+00:00","dateModified":"2026-01-13T23:04:35+00:00","mainEntityOfPage":{"@id":"https:\/\/www.cric-colombia.org\/portal\/memoria-viva-recuperacion-tierra-indigena-paletara\/"},"wordCount":573,"commentCount":0,"publisher":{"@id":"https:\/\/www.cric-colombia.org\/portal\/#organization"},"keywords":["kokonuko","mayora","paletara"],"articleSection":["Actualidad Ind\u00edgena del Cauca"],"inLanguage":"es","potentialAction":[{"@type":"CommentAction","name":"Comment","target":["https:\/\/www.cric-colombia.org\/portal\/memoria-viva-recuperacion-tierra-indigena-paletara\/#respond"]}]},{"@type":"WebPage","@id":"https:\/\/www.cric-colombia.org\/portal\/memoria-viva-recuperacion-tierra-indigena-paletara\/","url":"https:\/\/www.cric-colombia.org\/portal\/memoria-viva-recuperacion-tierra-indigena-paletara\/","name":"Memoria viva de la recuperaci\u00f3n de la tierra y la organizaci\u00f3n ind\u00edgena en Paletar\u00e1 - Consejo Regional Ind\u00edgena del Cauca - CRIC","isPartOf":{"@id":"https:\/\/www.cric-colombia.org\/portal\/#website"},"datePublished":"2026-01-13T23:02:30+00:00","dateModified":"2026-01-13T23:04:35+00:00","breadcrumb":{"@id":"https:\/\/www.cric-colombia.org\/portal\/memoria-viva-recuperacion-tierra-indigena-paletara\/#breadcrumb"},"inLanguage":"es","potentialAction":[{"@type":"ReadAction","target":["https:\/\/www.cric-colombia.org\/portal\/memoria-viva-recuperacion-tierra-indigena-paletara\/"]}]},{"@type":"BreadcrumbList","@id":"https:\/\/www.cric-colombia.org\/portal\/memoria-viva-recuperacion-tierra-indigena-paletara\/#breadcrumb","itemListElement":[{"@type":"ListItem","position":1,"name":"Portada","item":"https:\/\/www.cric-colombia.org\/portal\/"},{"@type":"ListItem","position":2,"name":"Memoria viva de la recuperaci\u00f3n de la tierra y la organizaci\u00f3n ind\u00edgena en Paletar\u00e1"}]},{"@type":"WebSite","@id":"https:\/\/www.cric-colombia.org\/portal\/#website","url":"https:\/\/www.cric-colombia.org\/portal\/","name":"Consejo Regional Ind\u00edgena del Cauca - CRIC","description":"P\u00e1gina oficial del Consejo Regional Ind\u00edgena del Cauca, Colombia","publisher":{"@id":"https:\/\/www.cric-colombia.org\/portal\/#organization"},"potentialAction":[{"@type":"SearchAction","target":{"@type":"EntryPoint","urlTemplate":"https:\/\/www.cric-colombia.org\/portal\/?s={search_term_string}"},"query-input":"required name=search_term_string"}],"inLanguage":"es"},{"@type":"Organization","@id":"https:\/\/www.cric-colombia.org\/portal\/#organization","name":"Consejo Regional Ind\u00edgena del Cauca","url":"https:\/\/www.cric-colombia.org\/portal\/","logo":{"@type":"ImageObject","inLanguage":"es","@id":"https:\/\/www.cric-colombia.org\/portal\/#\/schema\/logo\/image\/","url":"https:\/\/www.cric-colombia.org\/portal\/wp-content\/uploads\/2015\/08\/logo_cric.jpg","contentUrl":"https:\/\/www.cric-colombia.org\/portal\/wp-content\/uploads\/2015\/08\/logo_cric.jpg","width":512,"height":512,"caption":"Consejo Regional Ind\u00edgena del Cauca"},"image":{"@id":"https:\/\/www.cric-colombia.org\/portal\/#\/schema\/logo\/image\/"},"sameAs":["https:\/\/www.facebook.com\/cric.colombia\/","https:\/\/twitter.com\/CRIC_Cauca"]},{"@type":"Person","@id":"https:\/\/www.cric-colombia.org\/portal\/#\/schema\/person\/ab3a3099267de33d55f74f34ba201931","name":"Comunicaciones CRIC","image":{"@type":"ImageObject","inLanguage":"es","@id":"https:\/\/www.cric-colombia.org\/portal\/#\/schema\/person\/image\/","url":"https:\/\/secure.gravatar.com\/avatar\/a8d1a6cfcb82a80d09dafefdcc3dcc8a?s=96&d=retro&r=g","contentUrl":"https:\/\/secure.gravatar.com\/avatar\/a8d1a6cfcb82a80d09dafefdcc3dcc8a?s=96&d=retro&r=g","caption":"Comunicaciones CRIC"},"url":"https:\/\/www.cric-colombia.org\/portal\/author\/comunicaciones\/"}]}},"jetpack_featured_media_url":"https:\/\/www.cric-colombia.org\/portal\/wp-content\/uploads\/2026\/01\/maria-Hortencia.jpg","_links":{"self":[{"href":"https:\/\/www.cric-colombia.org\/portal\/wp-json\/wp\/v2\/posts\/44998"}],"collection":[{"href":"https:\/\/www.cric-colombia.org\/portal\/wp-json\/wp\/v2\/posts"}],"about":[{"href":"https:\/\/www.cric-colombia.org\/portal\/wp-json\/wp\/v2\/types\/post"}],"author":[{"embeddable":true,"href":"https:\/\/www.cric-colombia.org\/portal\/wp-json\/wp\/v2\/users\/6"}],"replies":[{"embeddable":true,"href":"https:\/\/www.cric-colombia.org\/portal\/wp-json\/wp\/v2\/comments?post=44998"}],"version-history":[{"count":1,"href":"https:\/\/www.cric-colombia.org\/portal\/wp-json\/wp\/v2\/posts\/44998\/revisions"}],"predecessor-version":[{"id":44999,"href":"https:\/\/www.cric-colombia.org\/portal\/wp-json\/wp\/v2\/posts\/44998\/revisions\/44999"}],"wp:featuredmedia":[{"embeddable":true,"href":"https:\/\/www.cric-colombia.org\/portal\/wp-json\/wp\/v2\/media\/45000"}],"wp:attachment":[{"href":"https:\/\/www.cric-colombia.org\/portal\/wp-json\/wp\/v2\/media?parent=44998"}],"wp:term":[{"taxonomy":"category","embeddable":true,"href":"https:\/\/www.cric-colombia.org\/portal\/wp-json\/wp\/v2\/categories?post=44998"},{"taxonomy":"post_tag","embeddable":true,"href":"https:\/\/www.cric-colombia.org\/portal\/wp-json\/wp\/v2\/tags?post=44998"}],"curies":[{"name":"wp","href":"https:\/\/api.w.org\/{rel}","templated":true}]}}