{"id":43666,"date":"2025-10-11T18:10:39","date_gmt":"2025-10-11T23:10:39","guid":{"rendered":"https:\/\/www.cric-colombia.org\/portal\/?p=43666"},"modified":"2025-10-11T18:10:39","modified_gmt":"2025-10-11T23:10:39","slug":"palabra-trinchera","status":"publish","type":"post","link":"https:\/\/www.cric-colombia.org\/portal\/palabra-trinchera\/","title":{"rendered":"La palabra como Trinchera, mayor Yule frente al Genocidio Silencioso"},"content":{"rendered":"<p class=\"p1\"><span class=\"s2\">En el Territorio Ancestral del Pueblo Polindara, Zona Oriente del Cauca, se escuch\u00f3 una voz que no habla solo por los Pueblos Ind\u00edgenas, sino por una naci\u00f3n que busca reencontrarse con la vida: el mayor Givanni Yule, director de la Unidad de Restituci\u00f3n de Tierras, la ponencia, m\u00e1s que un discurso pol\u00edtico, fue una <\/span><span class=\"s1\">declaraci\u00f3n de conciencia en minga<\/span><span class=\"s2\"> sobre la defensa del territorio, la soberan\u00eda y la vida como principios innegociables de la humanidad.<img decoding=\"async\" loading=\"lazy\" class=\"aligncenter wp-image-43720 size-full\" src=\"https:\/\/www.cric-colombia.org\/portal\/wp-content\/uploads\/2025\/10\/enceuntro-de-la-guardia-indgena-CRIC-49.jpg\" alt=\"\" width=\"1280\" height=\"720\" srcset=\"https:\/\/www.cric-colombia.org\/portal\/wp-content\/uploads\/2025\/10\/enceuntro-de-la-guardia-indgena-CRIC-49.jpg 1280w, https:\/\/www.cric-colombia.org\/portal\/wp-content\/uploads\/2025\/10\/enceuntro-de-la-guardia-indgena-CRIC-49-300x169.jpg 300w, https:\/\/www.cric-colombia.org\/portal\/wp-content\/uploads\/2025\/10\/enceuntro-de-la-guardia-indgena-CRIC-49-1024x576.jpg 1024w, https:\/\/www.cric-colombia.org\/portal\/wp-content\/uploads\/2025\/10\/enceuntro-de-la-guardia-indgena-CRIC-49-768x432.jpg 768w, https:\/\/www.cric-colombia.org\/portal\/wp-content\/uploads\/2025\/10\/enceuntro-de-la-guardia-indgena-CRIC-49-696x392.jpg 696w, https:\/\/www.cric-colombia.org\/portal\/wp-content\/uploads\/2025\/10\/enceuntro-de-la-guardia-indgena-CRIC-49-1068x601.jpg 1068w, https:\/\/www.cric-colombia.org\/portal\/wp-content\/uploads\/2025\/10\/enceuntro-de-la-guardia-indgena-CRIC-49-747x420.jpg 747w\" sizes=\"(max-width: 1280px) 100vw, 1280px\" \/><\/span><\/p>\n<p class=\"p1\"><span class=\"s2\">Yule NO habl\u00f3 desde el escritorio de la burocracia, sino desde la Minga de los caminos y la palabra, denunci\u00f3 con firmeza el genocidio f\u00edsico y cultural que padecen los Pueblos Ind\u00edgenas del Cauca, seg\u00fan sus propias palabras a lo que ocurre en Gaza, recordando que la violencia tiene el mismo rostro donde quiera que se imponga el poder por sobre la vida, no se trat\u00f3 de un discurso ideol\u00f3gico, sino de una radiograf\u00eda del alma de los pueblos que resisten con dignidad a la guerra, al despojo y a la indiferencia institucional.<\/span><\/p>\n<p class=\"p1\"><span class=\"s2\"><img decoding=\"async\" loading=\"lazy\" class=\"size-medium wp-image-43665 alignleft\" src=\"https:\/\/www.cric-colombia.org\/portal\/wp-content\/uploads\/2025\/10\/Encuentro-de-la-Guardia-Regional-CRIC-Polindara-3-214x300.jpg\" alt=\"\" width=\"214\" height=\"300\" srcset=\"https:\/\/www.cric-colombia.org\/portal\/wp-content\/uploads\/2025\/10\/Encuentro-de-la-Guardia-Regional-CRIC-Polindara-3-214x300.jpg 214w, https:\/\/www.cric-colombia.org\/portal\/wp-content\/uploads\/2025\/10\/Encuentro-de-la-Guardia-Regional-CRIC-Polindara-3-731x1024.jpg 731w, https:\/\/www.cric-colombia.org\/portal\/wp-content\/uploads\/2025\/10\/Encuentro-de-la-Guardia-Regional-CRIC-Polindara-3-768x1075.jpg 768w, https:\/\/www.cric-colombia.org\/portal\/wp-content\/uploads\/2025\/10\/Encuentro-de-la-Guardia-Regional-CRIC-Polindara-3-1097x1536.jpg 1097w, https:\/\/www.cric-colombia.org\/portal\/wp-content\/uploads\/2025\/10\/Encuentro-de-la-Guardia-Regional-CRIC-Polindara-3-1463x2048.jpg 1463w, https:\/\/www.cric-colombia.org\/portal\/wp-content\/uploads\/2025\/10\/Encuentro-de-la-Guardia-Regional-CRIC-Polindara-3-696x974.jpg 696w, https:\/\/www.cric-colombia.org\/portal\/wp-content\/uploads\/2025\/10\/Encuentro-de-la-Guardia-Regional-CRIC-Polindara-3-1068x1495.jpg 1068w, https:\/\/www.cric-colombia.org\/portal\/wp-content\/uploads\/2025\/10\/Encuentro-de-la-Guardia-Regional-CRIC-Polindara-3-300x420.jpg 300w, https:\/\/www.cric-colombia.org\/portal\/wp-content\/uploads\/2025\/10\/Encuentro-de-la-Guardia-Regional-CRIC-Polindara-3.jpg 1620w\" sizes=\"(max-width: 214px) 100vw, 214px\" \/>El planteamiento sobre la <\/span><span class=\"s1\">Guardia Ind\u00edgena como fuerza milinaria de paz<\/span><span class=\"s2\"> reconfigura el concepto mismo de seguridad nacional: no desde las armas, sino desde la palabra, el consenso y la reconciliaci\u00f3n territorial, la propuesta de una \u201cfuerza sin fusiles\u201d, basado en la autoridad moral, espiritual y comunitaria, constituye un desaf\u00edo a los modelos cl\u00e1sicos del poder, en un pa\u00eds acostumbrado a ver la paz como firma o decreto, mayor Yule recuerda que la paz es verbo, es acto en minga, es <\/span><span class=\"s1\">territorio tejido desde el equilibrio y la armon\u00eda<\/span><span class=\"s2\">.<\/span><\/p>\n<p class=\"p1\"><span class=\"s2\">Pero tambi\u00e9n hay pol\u00edtica en la palabra, el mayor record\u00f3 que Colombia atraviesa un momento hist\u00f3rico donde la democracia se juega entre la dignidad y la manipulaci\u00f3n, cuestion\u00f3 el control medi\u00e1tico de las \u00e9lites que han gobernado con la mentira y llam\u00f3 a fortalecer la institucionalidad que surge desde abajo, desde las bases o comunidades, desde las ra\u00edces del poder popular.<\/span><\/p>\n\r\n                <style type=\"text\/css\">\r\n                    \r\n                    #td_uid_1_6a9756e16775b  .td-doubleSlider-2 .td-item1 {\r\n                        background: url(https:\/\/www.cric-colombia.org\/portal\/wp-content\/uploads\/2025\/10\/enceuntro-de-la-guardia-indgena-CRIC-19-80x60.jpg) 0 0 no-repeat;\r\n                    }\r\n                    #td_uid_1_6a9756e16775b  .td-doubleSlider-2 .td-item2 {\r\n                        background: url(https:\/\/www.cric-colombia.org\/portal\/wp-content\/uploads\/2025\/10\/enceuntro-de-la-guardia-indgena-CRIC-20-80x60.jpg) 0 0 no-repeat;\r\n                    }\r\n                    #td_uid_1_6a9756e16775b  .td-doubleSlider-2 .td-item3 {\r\n                        background: url(https:\/\/www.cric-colombia.org\/portal\/wp-content\/uploads\/2025\/10\/enceuntro-de-la-guardia-indgena-CRIC-21-80x60.jpg) 0 0 no-repeat;\r\n                    }\r\n                    #td_uid_1_6a9756e16775b  .td-doubleSlider-2 .td-item4 {\r\n                        background: url(https:\/\/www.cric-colombia.org\/portal\/wp-content\/uploads\/2025\/10\/enceuntro-de-la-guardia-indgena-CRIC-24-80x60.jpg) 0 0 no-repeat;\r\n                    }\r\n                    #td_uid_1_6a9756e16775b  .td-doubleSlider-2 .td-item5 {\r\n                        background: url(https:\/\/www.cric-colombia.org\/portal\/wp-content\/uploads\/2025\/10\/enceuntro-de-la-guardia-indgena-CRIC-28-80x60.jpg) 0 0 no-repeat;\r\n                    }\r\n                    #td_uid_1_6a9756e16775b  .td-doubleSlider-2 .td-item6 {\r\n                        background: url(https:\/\/www.cric-colombia.org\/portal\/wp-content\/uploads\/2025\/10\/enceuntro-de-la-guardia-indgena-CRIC-32-80x60.jpg) 0 0 no-repeat;\r\n                    }\r\n                    #td_uid_1_6a9756e16775b  .td-doubleSlider-2 .td-item7 {\r\n                        background: url(https:\/\/www.cric-colombia.org\/portal\/wp-content\/uploads\/2025\/10\/enceuntro-de-la-guardia-indgena-CRIC-37-80x60.jpg) 0 0 no-repeat;\r\n                    }\r\n                    #td_uid_1_6a9756e16775b  .td-doubleSlider-2 .td-item8 {\r\n                        background: url(https:\/\/www.cric-colombia.org\/portal\/wp-content\/uploads\/2025\/10\/enceuntro-de-la-guardia-indgena-CRIC-41-80x60.jpg) 0 0 no-repeat;\r\n                    }\r\n                    #td_uid_1_6a9756e16775b  .td-doubleSlider-2 .td-item9 {\r\n                        background: url(https:\/\/www.cric-colombia.org\/portal\/wp-content\/uploads\/2025\/10\/enceuntro-de-la-guardia-indgena-CRIC-43-80x60.jpg) 0 0 no-repeat;\r\n                    }\r\n                    #td_uid_1_6a9756e16775b  .td-doubleSlider-2 .td-item10 {\r\n                        background: url(https:\/\/www.cric-colombia.org\/portal\/wp-content\/uploads\/2025\/10\/enceuntro-de-la-guardia-indgena-CRIC-44-80x60.jpg) 0 0 no-repeat;\r\n                    }\r\n                    #td_uid_1_6a9756e16775b  .td-doubleSlider-2 .td-item11 {\r\n                        background: url(https:\/\/www.cric-colombia.org\/portal\/wp-content\/uploads\/2025\/10\/enceuntro-de-la-guardia-indgena-CRIC-46-80x60.jpg) 0 0 no-repeat;\r\n                    }\r\n                    #td_uid_1_6a9756e16775b  .td-doubleSlider-2 .td-item12 {\r\n                        background: url(https:\/\/www.cric-colombia.org\/portal\/wp-content\/uploads\/2025\/10\/enceuntro-de-la-guardia-indgena-CRIC-47-80x60.jpg) 0 0 no-repeat;\r\n                    }\r\n                    #td_uid_1_6a9756e16775b  .td-doubleSlider-2 .td-item13 {\r\n                        background: url(https:\/\/www.cric-colombia.org\/portal\/wp-content\/uploads\/2025\/10\/enceuntro-de-la-guardia-indgena-CRIC-48-80x60.jpg) 0 0 no-repeat;\r\n                    }\r\n                <\/style>\r\n\r\n                <div id=\"td_uid_1_6a9756e16775b\" class=\"td-slide-on-2-columns\">\r\n                    <div class=\"post_td_gallery\">\r\n                        <div class=\"td-gallery-slide-top\">\r\n                           <div class=\"td-gallery-title\"><\/div>\r\n\r\n                            <div class=\"td-gallery-controls-wrapper\">\r\n                                <div class=\"td-gallery-slide-count\"><span class=\"td-gallery-slide-item-focus\">1<\/span> of 13<\/div>\r\n                                <div class=\"td-gallery-slide-prev-next-but\">\r\n                                    <i class = \"td-icon-left doubleSliderPrevButton\"><\/i>\r\n                                    <i class = \"td-icon-right doubleSliderNextButton\"><\/i>\r\n                                <\/div>\r\n                            <\/div>\r\n                        <\/div>\r\n\r\n                        <div class = \"td-doubleSlider-1 \">\r\n                            <div class = \"td-slider\">\r\n                                \r\n                    <div class = \"td-slide-item td-item1\">\r\n                        <figure class=\"td-slide-galery-figure td-slide-popup-gallery\">\r\n                            <a class=\"slide-gallery-image-link\" href=\"https:\/\/www.cric-colombia.org\/portal\/wp-content\/uploads\/2025\/10\/enceuntro-de-la-guardia-indgena-CRIC-19.jpg\" title=\"enceuntro de la guardia indgena CRIC (19)\"  data-caption=\"\"  data-description=\"\">\r\n                                <img src=\"https:\/\/www.cric-colombia.org\/portal\/wp-content\/uploads\/2025\/10\/enceuntro-de-la-guardia-indgena-CRIC-19-747x420.jpg\" alt=\"\">\r\n                            <\/a>\r\n                            \r\n                        <\/figure>\r\n                    <\/div>\r\n                    <div class = \"td-slide-item td-item2\">\r\n                        <figure class=\"td-slide-galery-figure td-slide-popup-gallery\">\r\n                            <a class=\"slide-gallery-image-link\" href=\"https:\/\/www.cric-colombia.org\/portal\/wp-content\/uploads\/2025\/10\/enceuntro-de-la-guardia-indgena-CRIC-20.jpg\" title=\"enceuntro de la guardia indgena CRIC (20)\"  data-caption=\"\"  data-description=\"\">\r\n                                <img src=\"https:\/\/www.cric-colombia.org\/portal\/wp-content\/uploads\/2025\/10\/enceuntro-de-la-guardia-indgena-CRIC-20-747x420.jpg\" alt=\"\">\r\n                            <\/a>\r\n                            \r\n                        <\/figure>\r\n                    <\/div>\r\n                    <div class = \"td-slide-item td-item3\">\r\n                        <figure class=\"td-slide-galery-figure td-slide-popup-gallery\">\r\n                            <a class=\"slide-gallery-image-link\" href=\"https:\/\/www.cric-colombia.org\/portal\/wp-content\/uploads\/2025\/10\/enceuntro-de-la-guardia-indgena-CRIC-21.jpg\" title=\"enceuntro de la guardia indgena CRIC (21)\"  data-caption=\"\"  data-description=\"\">\r\n                                <img src=\"https:\/\/www.cric-colombia.org\/portal\/wp-content\/uploads\/2025\/10\/enceuntro-de-la-guardia-indgena-CRIC-21-747x420.jpg\" alt=\"\">\r\n                            <\/a>\r\n                            \r\n                        <\/figure>\r\n                    <\/div>\r\n                    <div class = \"td-slide-item td-item4\">\r\n                        <figure class=\"td-slide-galery-figure td-slide-popup-gallery\">\r\n                            <a class=\"slide-gallery-image-link\" href=\"https:\/\/www.cric-colombia.org\/portal\/wp-content\/uploads\/2025\/10\/enceuntro-de-la-guardia-indgena-CRIC-24.jpg\" title=\"enceuntro de la guardia indgena CRIC (24)\"  data-caption=\"\"  data-description=\"\">\r\n                                <img src=\"https:\/\/www.cric-colombia.org\/portal\/wp-content\/uploads\/2025\/10\/enceuntro-de-la-guardia-indgena-CRIC-24-747x420.jpg\" alt=\"\">\r\n                            <\/a>\r\n                            \r\n                        <\/figure>\r\n                    <\/div>\r\n                    <div class = \"td-slide-item td-item5\">\r\n                        <figure class=\"td-slide-galery-figure td-slide-popup-gallery\">\r\n                            <a class=\"slide-gallery-image-link\" href=\"https:\/\/www.cric-colombia.org\/portal\/wp-content\/uploads\/2025\/10\/enceuntro-de-la-guardia-indgena-CRIC-28.jpg\" title=\"enceuntro de la guardia indgena CRIC (28)\"  data-caption=\"\"  data-description=\"\">\r\n                                <img src=\"https:\/\/www.cric-colombia.org\/portal\/wp-content\/uploads\/2025\/10\/enceuntro-de-la-guardia-indgena-CRIC-28-747x420.jpg\" alt=\"\">\r\n                            <\/a>\r\n                            \r\n                        <\/figure>\r\n                    <\/div>\r\n                    <div class = \"td-slide-item td-item6\">\r\n                        <figure class=\"td-slide-galery-figure td-slide-popup-gallery\">\r\n                            <a class=\"slide-gallery-image-link\" href=\"https:\/\/www.cric-colombia.org\/portal\/wp-content\/uploads\/2025\/10\/enceuntro-de-la-guardia-indgena-CRIC-32.jpg\" title=\"enceuntro de la guardia indgena CRIC (32)\"  data-caption=\"\"  data-description=\"\">\r\n                                <img src=\"https:\/\/www.cric-colombia.org\/portal\/wp-content\/uploads\/2025\/10\/enceuntro-de-la-guardia-indgena-CRIC-32-747x420.jpg\" alt=\"\">\r\n                            <\/a>\r\n                            \r\n                        <\/figure>\r\n                    <\/div>\r\n                    <div class = \"td-slide-item td-item7\">\r\n                        <figure class=\"td-slide-galery-figure td-slide-popup-gallery\">\r\n                            <a class=\"slide-gallery-image-link\" href=\"https:\/\/www.cric-colombia.org\/portal\/wp-content\/uploads\/2025\/10\/enceuntro-de-la-guardia-indgena-CRIC-37.jpg\" title=\"enceuntro de la guardia indgena CRIC (37)\"  data-caption=\"\"  data-description=\"\">\r\n                                <img src=\"https:\/\/www.cric-colombia.org\/portal\/wp-content\/uploads\/2025\/10\/enceuntro-de-la-guardia-indgena-CRIC-37-747x420.jpg\" alt=\"\">\r\n                            <\/a>\r\n                            \r\n                        <\/figure>\r\n                    <\/div>\r\n                    <div class = \"td-slide-item td-item8\">\r\n                        <figure class=\"td-slide-galery-figure td-slide-popup-gallery\">\r\n                            <a class=\"slide-gallery-image-link\" href=\"https:\/\/www.cric-colombia.org\/portal\/wp-content\/uploads\/2025\/10\/enceuntro-de-la-guardia-indgena-CRIC-41.jpg\" title=\"enceuntro de la guardia indgena CRIC (41)\"  data-caption=\"\"  data-description=\"\">\r\n                                <img src=\"https:\/\/www.cric-colombia.org\/portal\/wp-content\/uploads\/2025\/10\/enceuntro-de-la-guardia-indgena-CRIC-41-747x420.jpg\" alt=\"\">\r\n                            <\/a>\r\n                            \r\n                        <\/figure>\r\n                    <\/div>\r\n                    <div class = \"td-slide-item td-item9\">\r\n                        <figure class=\"td-slide-galery-figure td-slide-popup-gallery\">\r\n                            <a class=\"slide-gallery-image-link\" href=\"https:\/\/www.cric-colombia.org\/portal\/wp-content\/uploads\/2025\/10\/enceuntro-de-la-guardia-indgena-CRIC-43.jpg\" title=\"enceuntro de la guardia indgena CRIC (43)\"  data-caption=\"\"  data-description=\"\">\r\n                                <img src=\"https:\/\/www.cric-colombia.org\/portal\/wp-content\/uploads\/2025\/10\/enceuntro-de-la-guardia-indgena-CRIC-43-747x420.jpg\" alt=\"\">\r\n                            <\/a>\r\n                            \r\n                        <\/figure>\r\n                    <\/div>\r\n                    <div class = \"td-slide-item td-item10\">\r\n                        <figure class=\"td-slide-galery-figure td-slide-popup-gallery\">\r\n                            <a class=\"slide-gallery-image-link\" href=\"https:\/\/www.cric-colombia.org\/portal\/wp-content\/uploads\/2025\/10\/enceuntro-de-la-guardia-indgena-CRIC-44.jpg\" title=\"enceuntro de la guardia indgena CRIC (44)\"  data-caption=\"\"  data-description=\"\">\r\n                                <img src=\"https:\/\/www.cric-colombia.org\/portal\/wp-content\/uploads\/2025\/10\/enceuntro-de-la-guardia-indgena-CRIC-44-747x420.jpg\" alt=\"\">\r\n                            <\/a>\r\n                            \r\n                        <\/figure>\r\n                    <\/div>\r\n                    <div class = \"td-slide-item td-item11\">\r\n                        <figure class=\"td-slide-galery-figure td-slide-popup-gallery\">\r\n                            <a class=\"slide-gallery-image-link\" href=\"https:\/\/www.cric-colombia.org\/portal\/wp-content\/uploads\/2025\/10\/enceuntro-de-la-guardia-indgena-CRIC-46.jpg\" title=\"enceuntro de la guardia indgena CRIC (46)\"  data-caption=\"\"  data-description=\"\">\r\n                                <img src=\"https:\/\/www.cric-colombia.org\/portal\/wp-content\/uploads\/2025\/10\/enceuntro-de-la-guardia-indgena-CRIC-46-747x420.jpg\" alt=\"\">\r\n                            <\/a>\r\n                            \r\n                        <\/figure>\r\n                    <\/div>\r\n                    <div class = \"td-slide-item td-item12\">\r\n                        <figure class=\"td-slide-galery-figure td-slide-popup-gallery\">\r\n                            <a class=\"slide-gallery-image-link\" href=\"https:\/\/www.cric-colombia.org\/portal\/wp-content\/uploads\/2025\/10\/enceuntro-de-la-guardia-indgena-CRIC-47.jpg\" title=\"enceuntro de la guardia indgena CRIC (47)\"  data-caption=\"\"  data-description=\"\">\r\n                                <img src=\"https:\/\/www.cric-colombia.org\/portal\/wp-content\/uploads\/2025\/10\/enceuntro-de-la-guardia-indgena-CRIC-47-747x420.jpg\" alt=\"\">\r\n                            <\/a>\r\n                            \r\n                        <\/figure>\r\n                    <\/div>\r\n                    <div class = \"td-slide-item td-item13\">\r\n                        <figure class=\"td-slide-galery-figure td-slide-popup-gallery\">\r\n                            <a class=\"slide-gallery-image-link\" href=\"https:\/\/www.cric-colombia.org\/portal\/wp-content\/uploads\/2025\/10\/enceuntro-de-la-guardia-indgena-CRIC-48.jpg\" title=\"enceuntro de la guardia indgena CRIC (48)\"  data-caption=\"\"  data-description=\"\">\r\n                                <img src=\"https:\/\/www.cric-colombia.org\/portal\/wp-content\/uploads\/2025\/10\/enceuntro-de-la-guardia-indgena-CRIC-48-747x420.jpg\" alt=\"\">\r\n                            <\/a>\r\n                            \r\n                        <\/figure>\r\n                    <\/div>\r\n                            <\/div>\r\n                        <\/div>\r\n\r\n                        <div class = \"td-doubleSlider-2\">\r\n                            <div class = \"td-slider\">\r\n                                \r\n                    <div class = \"td-button td-item1\">\r\n                        <div class = \"td-border\"><\/div>\r\n                    <\/div>\r\n                    <div class = \"td-button td-item2\">\r\n                        <div class = \"td-border\"><\/div>\r\n                    <\/div>\r\n                    <div class = \"td-button td-item3\">\r\n                        <div class = \"td-border\"><\/div>\r\n                    <\/div>\r\n                    <div class = \"td-button td-item4\">\r\n                        <div class = \"td-border\"><\/div>\r\n                    <\/div>\r\n                    <div class = \"td-button td-item5\">\r\n                        <div class = \"td-border\"><\/div>\r\n                    <\/div>\r\n                    <div class = \"td-button td-item6\">\r\n                        <div class = \"td-border\"><\/div>\r\n                    <\/div>\r\n                    <div class = \"td-button td-item7\">\r\n                        <div class = \"td-border\"><\/div>\r\n                    <\/div>\r\n                    <div class = \"td-button td-item8\">\r\n                        <div class = \"td-border\"><\/div>\r\n                    <\/div>\r\n                    <div class = \"td-button td-item9\">\r\n                        <div class = \"td-border\"><\/div>\r\n                    <\/div>\r\n                    <div class = \"td-button td-item10\">\r\n                        <div class = \"td-border\"><\/div>\r\n                    <\/div>\r\n                    <div class = \"td-button td-item11\">\r\n                        <div class = \"td-border\"><\/div>\r\n                    <\/div>\r\n                    <div class = \"td-button td-item12\">\r\n                        <div class = \"td-border\"><\/div>\r\n                    <\/div>\r\n                    <div class = \"td-button td-item13\">\r\n                        <div class = \"td-border\"><\/div>\r\n                    <\/div>\r\n                            <\/div>\r\n                        <\/div>\r\n\r\n                    <\/div>\r\n\r\n                <\/div>\r\n                \n<p class=\"p1\"><span class=\"s2\">Su met\u00e1fora se vuelve s\u00edmbolo de la restituci\u00f3n integral: no solo de tierras, sino de memoria, cultura, lenguas y espiritualidades. \u201cRestituir la memoria es restituir la vida\u201d, dijo en medio del evento, recordando que sin territorio no hay identidad, y sin identidad no hay naci\u00f3n.<\/span><\/p>\n<p class=\"p1\"><strong><span class=\"s2\">Por: Programa de Comunicaciones CRIC<\/span><\/strong><\/p>\n","protected":false},"excerpt":{"rendered":"<p>En el Territorio Ancestral del Pueblo Polindara, Zona Oriente del Cauca, se escuch\u00f3 una voz que no habla solo por los Pueblos Ind\u00edgenas, sino por una naci\u00f3n que busca reencontrarse con la vida: el mayor Givanni Yule, director de la Unidad de Restituci\u00f3n de Tierras, la ponencia, m\u00e1s que un discurso pol\u00edtico, fue una declaraci\u00f3n <\/p>\n","protected":false},"author":6,"featured_media":43663,"comment_status":"open","ping_status":"open","sticky":false,"template":"","format":"standard","meta":{"footnotes":""},"categories":[3],"tags":[453],"yoast_head":"<!-- This site is optimized with the Yoast SEO plugin v20.12 - https:\/\/yoast.com\/wordpress\/plugins\/seo\/ -->\n<title>La palabra como Trinchera, mayor Yule frente al Genocidio Silencioso - Consejo Regional Ind\u00edgena del Cauca - CRIC<\/title>\n<meta name=\"robots\" content=\"index, follow, max-snippet:-1, max-image-preview:large, max-video-preview:-1\" \/>\n<link rel=\"canonical\" href=\"https:\/\/www.cric-colombia.org\/portal\/palabra-trinchera\/\" \/>\n<meta property=\"og:locale\" content=\"es_ES\" \/>\n<meta property=\"og:type\" content=\"article\" \/>\n<meta property=\"og:title\" content=\"La palabra como Trinchera, mayor Yule frente al Genocidio Silencioso - Consejo Regional Ind\u00edgena del Cauca - CRIC\" \/>\n<meta property=\"og:description\" content=\"En el Territorio Ancestral del Pueblo Polindara, Zona Oriente del Cauca, se escuch\u00f3 una voz que no habla solo por los Pueblos Ind\u00edgenas, sino por una naci\u00f3n que busca reencontrarse con la vida: el mayor Givanni Yule, director de la Unidad de Restituci\u00f3n de Tierras, la ponencia, m\u00e1s que un discurso pol\u00edtico, fue una declaraci\u00f3n\" \/>\n<meta property=\"og:url\" content=\"https:\/\/www.cric-colombia.org\/portal\/palabra-trinchera\/\" \/>\n<meta property=\"og:site_name\" content=\"Consejo Regional Ind\u00edgena del Cauca - CRIC\" \/>\n<meta property=\"article:publisher\" content=\"https:\/\/www.facebook.com\/cric.colombia\/\" \/>\n<meta property=\"article:published_time\" content=\"2025-10-11T23:10:39+00:00\" \/>\n<meta property=\"og:image\" content=\"https:\/\/www.cric-colombia.org\/portal\/wp-content\/uploads\/2025\/10\/Encuentro-de-la-Guardia-Regional-CRIC-Polindara-1.jpg\" \/>\n\t<meta property=\"og:image:width\" content=\"1620\" \/>\n\t<meta property=\"og:image:height\" content=\"2268\" \/>\n\t<meta property=\"og:image:type\" content=\"image\/jpeg\" \/>\n<meta name=\"author\" content=\"Comunicaciones CRIC\" \/>\n<meta name=\"twitter:card\" content=\"summary_large_image\" \/>\n<meta name=\"twitter:creator\" content=\"@CRIC_Cauca\" \/>\n<meta name=\"twitter:site\" content=\"@CRIC_Cauca\" \/>\n<meta name=\"twitter:label1\" content=\"Escrito por\" \/>\n\t<meta name=\"twitter:data1\" content=\"Comunicaciones CRIC\" \/>\n\t<meta name=\"twitter:label2\" content=\"Tiempo de lectura\" \/>\n\t<meta name=\"twitter:data2\" content=\"2 minutos\" \/>\n<script type=\"application\/ld+json\" class=\"yoast-schema-graph\">{\"@context\":\"https:\/\/schema.org\",\"@graph\":[{\"@type\":\"Article\",\"@id\":\"https:\/\/www.cric-colombia.org\/portal\/palabra-trinchera\/#article\",\"isPartOf\":{\"@id\":\"https:\/\/www.cric-colombia.org\/portal\/palabra-trinchera\/\"},\"author\":{\"name\":\"Comunicaciones CRIC\",\"@id\":\"https:\/\/www.cric-colombia.org\/portal\/#\/schema\/person\/ab3a3099267de33d55f74f34ba201931\"},\"headline\":\"La palabra como Trinchera, mayor Yule frente al Genocidio Silencioso\",\"datePublished\":\"2025-10-11T23:10:39+00:00\",\"dateModified\":\"2025-10-11T23:10:39+00:00\",\"mainEntityOfPage\":{\"@id\":\"https:\/\/www.cric-colombia.org\/portal\/palabra-trinchera\/\"},\"wordCount\":413,\"commentCount\":0,\"publisher\":{\"@id\":\"https:\/\/www.cric-colombia.org\/portal\/#organization\"},\"keywords\":[\"Guardia\"],\"articleSection\":[\"Actualidad Ind\u00edgena del Cauca\"],\"inLanguage\":\"es\",\"potentialAction\":[{\"@type\":\"CommentAction\",\"name\":\"Comment\",\"target\":[\"https:\/\/www.cric-colombia.org\/portal\/palabra-trinchera\/#respond\"]}]},{\"@type\":\"WebPage\",\"@id\":\"https:\/\/www.cric-colombia.org\/portal\/palabra-trinchera\/\",\"url\":\"https:\/\/www.cric-colombia.org\/portal\/palabra-trinchera\/\",\"name\":\"La palabra como Trinchera, mayor Yule frente al Genocidio Silencioso - Consejo Regional Ind\u00edgena del Cauca - CRIC\",\"isPartOf\":{\"@id\":\"https:\/\/www.cric-colombia.org\/portal\/#website\"},\"datePublished\":\"2025-10-11T23:10:39+00:00\",\"dateModified\":\"2025-10-11T23:10:39+00:00\",\"breadcrumb\":{\"@id\":\"https:\/\/www.cric-colombia.org\/portal\/palabra-trinchera\/#breadcrumb\"},\"inLanguage\":\"es\",\"potentialAction\":[{\"@type\":\"ReadAction\",\"target\":[\"https:\/\/www.cric-colombia.org\/portal\/palabra-trinchera\/\"]}]},{\"@type\":\"BreadcrumbList\",\"@id\":\"https:\/\/www.cric-colombia.org\/portal\/palabra-trinchera\/#breadcrumb\",\"itemListElement\":[{\"@type\":\"ListItem\",\"position\":1,\"name\":\"Portada\",\"item\":\"https:\/\/www.cric-colombia.org\/portal\/\"},{\"@type\":\"ListItem\",\"position\":2,\"name\":\"La palabra como Trinchera, mayor Yule frente al Genocidio Silencioso\"}]},{\"@type\":\"WebSite\",\"@id\":\"https:\/\/www.cric-colombia.org\/portal\/#website\",\"url\":\"https:\/\/www.cric-colombia.org\/portal\/\",\"name\":\"Consejo Regional Ind\u00edgena del Cauca - CRIC\",\"description\":\"P\u00e1gina oficial del Consejo Regional Ind\u00edgena del Cauca, Colombia\",\"publisher\":{\"@id\":\"https:\/\/www.cric-colombia.org\/portal\/#organization\"},\"potentialAction\":[{\"@type\":\"SearchAction\",\"target\":{\"@type\":\"EntryPoint\",\"urlTemplate\":\"https:\/\/www.cric-colombia.org\/portal\/?s={search_term_string}\"},\"query-input\":\"required name=search_term_string\"}],\"inLanguage\":\"es\"},{\"@type\":\"Organization\",\"@id\":\"https:\/\/www.cric-colombia.org\/portal\/#organization\",\"name\":\"Consejo Regional Ind\u00edgena del Cauca\",\"url\":\"https:\/\/www.cric-colombia.org\/portal\/\",\"logo\":{\"@type\":\"ImageObject\",\"inLanguage\":\"es\",\"@id\":\"https:\/\/www.cric-colombia.org\/portal\/#\/schema\/logo\/image\/\",\"url\":\"https:\/\/www.cric-colombia.org\/portal\/wp-content\/uploads\/2015\/08\/logo_cric.jpg\",\"contentUrl\":\"https:\/\/www.cric-colombia.org\/portal\/wp-content\/uploads\/2015\/08\/logo_cric.jpg\",\"width\":512,\"height\":512,\"caption\":\"Consejo Regional Ind\u00edgena del Cauca\"},\"image\":{\"@id\":\"https:\/\/www.cric-colombia.org\/portal\/#\/schema\/logo\/image\/\"},\"sameAs\":[\"https:\/\/www.facebook.com\/cric.colombia\/\",\"https:\/\/twitter.com\/CRIC_Cauca\"]},{\"@type\":\"Person\",\"@id\":\"https:\/\/www.cric-colombia.org\/portal\/#\/schema\/person\/ab3a3099267de33d55f74f34ba201931\",\"name\":\"Comunicaciones CRIC\",\"image\":{\"@type\":\"ImageObject\",\"inLanguage\":\"es\",\"@id\":\"https:\/\/www.cric-colombia.org\/portal\/#\/schema\/person\/image\/\",\"url\":\"https:\/\/secure.gravatar.com\/avatar\/a8d1a6cfcb82a80d09dafefdcc3dcc8a?s=96&d=retro&r=g\",\"contentUrl\":\"https:\/\/secure.gravatar.com\/avatar\/a8d1a6cfcb82a80d09dafefdcc3dcc8a?s=96&d=retro&r=g\",\"caption\":\"Comunicaciones CRIC\"},\"url\":\"https:\/\/www.cric-colombia.org\/portal\/author\/comunicaciones\/\"}]}<\/script>\n<!-- \/ Yoast SEO plugin. -->","yoast_head_json":{"title":"La palabra como Trinchera, mayor Yule frente al Genocidio Silencioso - Consejo Regional Ind\u00edgena del Cauca - CRIC","robots":{"index":"index","follow":"follow","max-snippet":"max-snippet:-1","max-image-preview":"max-image-preview:large","max-video-preview":"max-video-preview:-1"},"canonical":"https:\/\/www.cric-colombia.org\/portal\/palabra-trinchera\/","og_locale":"es_ES","og_type":"article","og_title":"La palabra como Trinchera, mayor Yule frente al Genocidio Silencioso - Consejo Regional Ind\u00edgena del Cauca - CRIC","og_description":"En el Territorio Ancestral del Pueblo Polindara, Zona Oriente del Cauca, se escuch\u00f3 una voz que no habla solo por los Pueblos Ind\u00edgenas, sino por una naci\u00f3n que busca reencontrarse con la vida: el mayor Givanni Yule, director de la Unidad de Restituci\u00f3n de Tierras, la ponencia, m\u00e1s que un discurso pol\u00edtico, fue una declaraci\u00f3n","og_url":"https:\/\/www.cric-colombia.org\/portal\/palabra-trinchera\/","og_site_name":"Consejo Regional Ind\u00edgena del Cauca - CRIC","article_publisher":"https:\/\/www.facebook.com\/cric.colombia\/","article_published_time":"2025-10-11T23:10:39+00:00","og_image":[{"width":1620,"height":2268,"url":"https:\/\/www.cric-colombia.org\/portal\/wp-content\/uploads\/2025\/10\/Encuentro-de-la-Guardia-Regional-CRIC-Polindara-1.jpg","type":"image\/jpeg"}],"author":"Comunicaciones CRIC","twitter_card":"summary_large_image","twitter_creator":"@CRIC_Cauca","twitter_site":"@CRIC_Cauca","twitter_misc":{"Escrito por":"Comunicaciones CRIC","Tiempo de lectura":"2 minutos"},"schema":{"@context":"https:\/\/schema.org","@graph":[{"@type":"Article","@id":"https:\/\/www.cric-colombia.org\/portal\/palabra-trinchera\/#article","isPartOf":{"@id":"https:\/\/www.cric-colombia.org\/portal\/palabra-trinchera\/"},"author":{"name":"Comunicaciones CRIC","@id":"https:\/\/www.cric-colombia.org\/portal\/#\/schema\/person\/ab3a3099267de33d55f74f34ba201931"},"headline":"La palabra como Trinchera, mayor Yule frente al Genocidio Silencioso","datePublished":"2025-10-11T23:10:39+00:00","dateModified":"2025-10-11T23:10:39+00:00","mainEntityOfPage":{"@id":"https:\/\/www.cric-colombia.org\/portal\/palabra-trinchera\/"},"wordCount":413,"commentCount":0,"publisher":{"@id":"https:\/\/www.cric-colombia.org\/portal\/#organization"},"keywords":["Guardia"],"articleSection":["Actualidad Ind\u00edgena del Cauca"],"inLanguage":"es","potentialAction":[{"@type":"CommentAction","name":"Comment","target":["https:\/\/www.cric-colombia.org\/portal\/palabra-trinchera\/#respond"]}]},{"@type":"WebPage","@id":"https:\/\/www.cric-colombia.org\/portal\/palabra-trinchera\/","url":"https:\/\/www.cric-colombia.org\/portal\/palabra-trinchera\/","name":"La palabra como Trinchera, mayor Yule frente al Genocidio Silencioso - Consejo Regional Ind\u00edgena del Cauca - CRIC","isPartOf":{"@id":"https:\/\/www.cric-colombia.org\/portal\/#website"},"datePublished":"2025-10-11T23:10:39+00:00","dateModified":"2025-10-11T23:10:39+00:00","breadcrumb":{"@id":"https:\/\/www.cric-colombia.org\/portal\/palabra-trinchera\/#breadcrumb"},"inLanguage":"es","potentialAction":[{"@type":"ReadAction","target":["https:\/\/www.cric-colombia.org\/portal\/palabra-trinchera\/"]}]},{"@type":"BreadcrumbList","@id":"https:\/\/www.cric-colombia.org\/portal\/palabra-trinchera\/#breadcrumb","itemListElement":[{"@type":"ListItem","position":1,"name":"Portada","item":"https:\/\/www.cric-colombia.org\/portal\/"},{"@type":"ListItem","position":2,"name":"La palabra como Trinchera, mayor Yule frente al Genocidio Silencioso"}]},{"@type":"WebSite","@id":"https:\/\/www.cric-colombia.org\/portal\/#website","url":"https:\/\/www.cric-colombia.org\/portal\/","name":"Consejo Regional Ind\u00edgena del Cauca - CRIC","description":"P\u00e1gina oficial del Consejo Regional Ind\u00edgena del Cauca, Colombia","publisher":{"@id":"https:\/\/www.cric-colombia.org\/portal\/#organization"},"potentialAction":[{"@type":"SearchAction","target":{"@type":"EntryPoint","urlTemplate":"https:\/\/www.cric-colombia.org\/portal\/?s={search_term_string}"},"query-input":"required name=search_term_string"}],"inLanguage":"es"},{"@type":"Organization","@id":"https:\/\/www.cric-colombia.org\/portal\/#organization","name":"Consejo Regional Ind\u00edgena del Cauca","url":"https:\/\/www.cric-colombia.org\/portal\/","logo":{"@type":"ImageObject","inLanguage":"es","@id":"https:\/\/www.cric-colombia.org\/portal\/#\/schema\/logo\/image\/","url":"https:\/\/www.cric-colombia.org\/portal\/wp-content\/uploads\/2015\/08\/logo_cric.jpg","contentUrl":"https:\/\/www.cric-colombia.org\/portal\/wp-content\/uploads\/2015\/08\/logo_cric.jpg","width":512,"height":512,"caption":"Consejo Regional Ind\u00edgena del Cauca"},"image":{"@id":"https:\/\/www.cric-colombia.org\/portal\/#\/schema\/logo\/image\/"},"sameAs":["https:\/\/www.facebook.com\/cric.colombia\/","https:\/\/twitter.com\/CRIC_Cauca"]},{"@type":"Person","@id":"https:\/\/www.cric-colombia.org\/portal\/#\/schema\/person\/ab3a3099267de33d55f74f34ba201931","name":"Comunicaciones CRIC","image":{"@type":"ImageObject","inLanguage":"es","@id":"https:\/\/www.cric-colombia.org\/portal\/#\/schema\/person\/image\/","url":"https:\/\/secure.gravatar.com\/avatar\/a8d1a6cfcb82a80d09dafefdcc3dcc8a?s=96&d=retro&r=g","contentUrl":"https:\/\/secure.gravatar.com\/avatar\/a8d1a6cfcb82a80d09dafefdcc3dcc8a?s=96&d=retro&r=g","caption":"Comunicaciones CRIC"},"url":"https:\/\/www.cric-colombia.org\/portal\/author\/comunicaciones\/"}]}},"jetpack_featured_media_url":"https:\/\/www.cric-colombia.org\/portal\/wp-content\/uploads\/2025\/10\/Encuentro-de-la-Guardia-Regional-CRIC-Polindara-1.jpg","_links":{"self":[{"href":"https:\/\/www.cric-colombia.org\/portal\/wp-json\/wp\/v2\/posts\/43666"}],"collection":[{"href":"https:\/\/www.cric-colombia.org\/portal\/wp-json\/wp\/v2\/posts"}],"about":[{"href":"https:\/\/www.cric-colombia.org\/portal\/wp-json\/wp\/v2\/types\/post"}],"author":[{"embeddable":true,"href":"https:\/\/www.cric-colombia.org\/portal\/wp-json\/wp\/v2\/users\/6"}],"replies":[{"embeddable":true,"href":"https:\/\/www.cric-colombia.org\/portal\/wp-json\/wp\/v2\/comments?post=43666"}],"version-history":[{"count":5,"href":"https:\/\/www.cric-colombia.org\/portal\/wp-json\/wp\/v2\/posts\/43666\/revisions"}],"predecessor-version":[{"id":43738,"href":"https:\/\/www.cric-colombia.org\/portal\/wp-json\/wp\/v2\/posts\/43666\/revisions\/43738"}],"wp:featuredmedia":[{"embeddable":true,"href":"https:\/\/www.cric-colombia.org\/portal\/wp-json\/wp\/v2\/media\/43663"}],"wp:attachment":[{"href":"https:\/\/www.cric-colombia.org\/portal\/wp-json\/wp\/v2\/media?parent=43666"}],"wp:term":[{"taxonomy":"category","embeddable":true,"href":"https:\/\/www.cric-colombia.org\/portal\/wp-json\/wp\/v2\/categories?post=43666"},{"taxonomy":"post_tag","embeddable":true,"href":"https:\/\/www.cric-colombia.org\/portal\/wp-json\/wp\/v2\/tags?post=43666"}],"curies":[{"name":"wp","href":"https:\/\/api.w.org\/{rel}","templated":true}]}}