{"id":43660,"date":"2025-10-11T18:09:51","date_gmt":"2025-10-11T23:09:51","guid":{"rendered":"https:\/\/www.cric-colombia.org\/portal\/?p=43660"},"modified":"2025-10-11T19:27:25","modified_gmt":"2025-10-12T00:27:25","slug":"cric-denuncia-grave-emergencia-humanitaria-en-territorios-indigenas-del-cauca","status":"publish","type":"post","link":"https:\/\/www.cric-colombia.org\/portal\/cric-denuncia-grave-emergencia-humanitaria-en-territorios-indigenas-del-cauca\/","title":{"rendered":"CRIC denuncia grave Emergencia Humanitaria en Territorios Ind\u00edgenas del Cauca"},"content":{"rendered":"<p class=\"p1\">El consejero Pe\u00f1a hizo un llamado urgente a las Autoridades y a la sociedad civil para proteger la vida y la Autonom\u00eda de los Pueblos Ind\u00edgenas frente al recrudecimiento de la violencia en el Territorio.<img decoding=\"async\" loading=\"lazy\" class=\"aligncenter wp-image-43669 size-full\" src=\"https:\/\/www.cric-colombia.org\/portal\/wp-content\/uploads\/2025\/10\/Encuentro-de-la-Guardia-Regional-CRIC-Polindara-5.jpg\" alt=\"\" width=\"1620\" height=\"2268\" srcset=\"https:\/\/www.cric-colombia.org\/portal\/wp-content\/uploads\/2025\/10\/Encuentro-de-la-Guardia-Regional-CRIC-Polindara-5.jpg 1620w, https:\/\/www.cric-colombia.org\/portal\/wp-content\/uploads\/2025\/10\/Encuentro-de-la-Guardia-Regional-CRIC-Polindara-5-214x300.jpg 214w, https:\/\/www.cric-colombia.org\/portal\/wp-content\/uploads\/2025\/10\/Encuentro-de-la-Guardia-Regional-CRIC-Polindara-5-731x1024.jpg 731w, https:\/\/www.cric-colombia.org\/portal\/wp-content\/uploads\/2025\/10\/Encuentro-de-la-Guardia-Regional-CRIC-Polindara-5-768x1075.jpg 768w, https:\/\/www.cric-colombia.org\/portal\/wp-content\/uploads\/2025\/10\/Encuentro-de-la-Guardia-Regional-CRIC-Polindara-5-1097x1536.jpg 1097w, https:\/\/www.cric-colombia.org\/portal\/wp-content\/uploads\/2025\/10\/Encuentro-de-la-Guardia-Regional-CRIC-Polindara-5-1463x2048.jpg 1463w, https:\/\/www.cric-colombia.org\/portal\/wp-content\/uploads\/2025\/10\/Encuentro-de-la-Guardia-Regional-CRIC-Polindara-5-696x974.jpg 696w, https:\/\/www.cric-colombia.org\/portal\/wp-content\/uploads\/2025\/10\/Encuentro-de-la-Guardia-Regional-CRIC-Polindara-5-1068x1495.jpg 1068w, https:\/\/www.cric-colombia.org\/portal\/wp-content\/uploads\/2025\/10\/Encuentro-de-la-Guardia-Regional-CRIC-Polindara-5-300x420.jpg 300w\" sizes=\"(max-width: 1620px) 100vw, 1620px\" \/><\/p>\n<p class=\"p1\"><span class=\"s2\">Durante el encuentro regional de Guardia Ind\u00edgena, el consejero advirti\u00f3 sobre la grave crisis humanitaria que atraviesan los Territorios Ind\u00edgenas del Cauca debido al accionar de grupos armados que buscan desestabilizar las organizaciones y apoderarse de los Territorios.<img decoding=\"async\" loading=\"lazy\" class=\"aligncenter wp-image-43698 size-full\" src=\"https:\/\/www.cric-colombia.org\/portal\/wp-content\/uploads\/2025\/10\/enceuntro-de-la-guardia-indgena-CRIC-18.jpg\" alt=\"\" width=\"1280\" height=\"720\" srcset=\"https:\/\/www.cric-colombia.org\/portal\/wp-content\/uploads\/2025\/10\/enceuntro-de-la-guardia-indgena-CRIC-18.jpg 1280w, https:\/\/www.cric-colombia.org\/portal\/wp-content\/uploads\/2025\/10\/enceuntro-de-la-guardia-indgena-CRIC-18-300x169.jpg 300w, https:\/\/www.cric-colombia.org\/portal\/wp-content\/uploads\/2025\/10\/enceuntro-de-la-guardia-indgena-CRIC-18-1024x576.jpg 1024w, https:\/\/www.cric-colombia.org\/portal\/wp-content\/uploads\/2025\/10\/enceuntro-de-la-guardia-indgena-CRIC-18-768x432.jpg 768w, https:\/\/www.cric-colombia.org\/portal\/wp-content\/uploads\/2025\/10\/enceuntro-de-la-guardia-indgena-CRIC-18-696x392.jpg 696w, https:\/\/www.cric-colombia.org\/portal\/wp-content\/uploads\/2025\/10\/enceuntro-de-la-guardia-indgena-CRIC-18-1068x601.jpg 1068w, https:\/\/www.cric-colombia.org\/portal\/wp-content\/uploads\/2025\/10\/enceuntro-de-la-guardia-indgena-CRIC-18-747x420.jpg 747w\" sizes=\"(max-width: 1280px) 100vw, 1280px\" \/><\/span><\/p>\n<blockquote class=\"td_quote_box td_box_center\">\n<p class=\"p1\"><span class=\"s2\">\u201c<\/span><em><span class=\"s3\">Hoy la extrema derecha de este pa\u00eds se ha propuesto acabar con nuestra organizaci\u00f3n, dividir nuestros cabildos e infiltrarse en nuestras guardias<\/span><\/em><span class=\"s2\">\u201d&#8230;<\/span><\/p>\n<\/blockquote>\n<p class=\"p1\"><span class=\"s2\">se\u00f1al\u00f3 el consejero, quien hizo \u00e9nfasis en que dichos grupos act\u00faan bajo intereses del narcotr\u00e1fico y la miner\u00eda ilegal, poniendo en riesgo la pervivencia cultural y espiritual de los Pueblos Ind\u00edgenas.<img decoding=\"async\" loading=\"lazy\" class=\"aligncenter wp-image-43700 size-full\" src=\"https:\/\/www.cric-colombia.org\/portal\/wp-content\/uploads\/2025\/10\/enceuntro-de-la-guardia-indgena-CRIC-27.jpg\" alt=\"\" width=\"1280\" height=\"720\" srcset=\"https:\/\/www.cric-colombia.org\/portal\/wp-content\/uploads\/2025\/10\/enceuntro-de-la-guardia-indgena-CRIC-27.jpg 1280w, https:\/\/www.cric-colombia.org\/portal\/wp-content\/uploads\/2025\/10\/enceuntro-de-la-guardia-indgena-CRIC-27-300x169.jpg 300w, https:\/\/www.cric-colombia.org\/portal\/wp-content\/uploads\/2025\/10\/enceuntro-de-la-guardia-indgena-CRIC-27-1024x576.jpg 1024w, https:\/\/www.cric-colombia.org\/portal\/wp-content\/uploads\/2025\/10\/enceuntro-de-la-guardia-indgena-CRIC-27-768x432.jpg 768w, https:\/\/www.cric-colombia.org\/portal\/wp-content\/uploads\/2025\/10\/enceuntro-de-la-guardia-indgena-CRIC-27-696x392.jpg 696w, https:\/\/www.cric-colombia.org\/portal\/wp-content\/uploads\/2025\/10\/enceuntro-de-la-guardia-indgena-CRIC-27-1068x601.jpg 1068w, https:\/\/www.cric-colombia.org\/portal\/wp-content\/uploads\/2025\/10\/enceuntro-de-la-guardia-indgena-CRIC-27-747x420.jpg 747w\" sizes=\"(max-width: 1280px) 100vw, 1280px\" \/><\/span><\/p>\n<p class=\"p1\"><span class=\"s2\">Desde Los pueblos originarios se contin\u00faa apostando por la P<\/span><span class=\"s3\">az, la palabra y la Minga hacia adentro<\/span><span class=\"s2\">, como procesos fundamentales para mantener la unidad, la memoria y la esperanza de los Pueblos.<\/span><\/p>\n<p class=\"p1\"><span class=\"s2\">Asimismo, inst\u00f3 a las instituciones del Estado y a los organismos internacionales a acompa\u00f1ar de manera efectiva las denuncias y garantizar la protecci\u00f3n integral de las comunidades.<\/span><\/p>\n<blockquote class=\"td_quote_box td_box_center\">\n<p class=\"p1\"><span class=\"s2\">\u201c<\/span><span class=\"s3\">Le apostamos a la vida y a la paz, pero con verdad y autonom\u00eda, no nos dejaremos arrastrar por las pol\u00edticas de la violencia.<\/span><span class=\"s2\">\u201d<\/span><\/p>\n<\/blockquote>\n\r\n                <style type=\"text\/css\">\r\n                    \r\n                    #td_uid_1_6a9756e1449c0  .td-doubleSlider-2 .td-item1 {\r\n                        background: url(https:\/\/www.cric-colombia.org\/portal\/wp-content\/uploads\/2025\/10\/enceuntro-de-la-guardia-indgena-CRIC-34-80x60.jpg) 0 0 no-repeat;\r\n                    }\r\n                    #td_uid_1_6a9756e1449c0  .td-doubleSlider-2 .td-item2 {\r\n                        background: url(https:\/\/www.cric-colombia.org\/portal\/wp-content\/uploads\/2025\/10\/enceuntro-de-la-guardia-indgena-CRIC-33-80x60.jpg) 0 0 no-repeat;\r\n                    }\r\n                    #td_uid_1_6a9756e1449c0  .td-doubleSlider-2 .td-item3 {\r\n                        background: url(https:\/\/www.cric-colombia.org\/portal\/wp-content\/uploads\/2025\/10\/enceuntro-de-la-guardia-indgena-CRIC-31-80x60.jpg) 0 0 no-repeat;\r\n                    }\r\n                    #td_uid_1_6a9756e1449c0  .td-doubleSlider-2 .td-item4 {\r\n                        background: url(https:\/\/www.cric-colombia.org\/portal\/wp-content\/uploads\/2025\/10\/enceuntro-de-la-guardia-indgena-CRIC-30-80x60.jpg) 0 0 no-repeat;\r\n                    }\r\n                    #td_uid_1_6a9756e1449c0  .td-doubleSlider-2 .td-item5 {\r\n                        background: url(https:\/\/www.cric-colombia.org\/portal\/wp-content\/uploads\/2025\/10\/enceuntro-de-la-guardia-indgena-CRIC-29-80x60.jpg) 0 0 no-repeat;\r\n                    }\r\n                    #td_uid_1_6a9756e1449c0  .td-doubleSlider-2 .td-item6 {\r\n                        background: url(https:\/\/www.cric-colombia.org\/portal\/wp-content\/uploads\/2025\/10\/enceuntro-de-la-guardia-indgena-CRIC-26-80x60.jpg) 0 0 no-repeat;\r\n                    }\r\n                    #td_uid_1_6a9756e1449c0  .td-doubleSlider-2 .td-item7 {\r\n                        background: url(https:\/\/www.cric-colombia.org\/portal\/wp-content\/uploads\/2025\/10\/enceuntro-de-la-guardia-indgena-CRIC-17-80x60.jpg) 0 0 no-repeat;\r\n                    }\r\n                    #td_uid_1_6a9756e1449c0  .td-doubleSlider-2 .td-item8 {\r\n                        background: url(https:\/\/www.cric-colombia.org\/portal\/wp-content\/uploads\/2025\/10\/enceuntro-de-la-guardia-indgena-CRIC-16-80x60.jpg) 0 0 no-repeat;\r\n                    }\r\n                    #td_uid_1_6a9756e1449c0  .td-doubleSlider-2 .td-item9 {\r\n                        background: url(https:\/\/www.cric-colombia.org\/portal\/wp-content\/uploads\/2025\/10\/enceuntro-de-la-guardia-indgena-CRIC-14-80x60.jpg) 0 0 no-repeat;\r\n                    }\r\n                    #td_uid_1_6a9756e1449c0  .td-doubleSlider-2 .td-item10 {\r\n                        background: url(https:\/\/www.cric-colombia.org\/portal\/wp-content\/uploads\/2025\/10\/enceuntro-de-la-guardia-indgena-CRIC-13-80x60.jpg) 0 0 no-repeat;\r\n                    }\r\n                    #td_uid_1_6a9756e1449c0  .td-doubleSlider-2 .td-item11 {\r\n                        background: url(https:\/\/www.cric-colombia.org\/portal\/wp-content\/uploads\/2025\/10\/enceuntro-de-la-guardia-indgena-CRIC-10-80x60.jpg) 0 0 no-repeat;\r\n                    }\r\n                <\/style>\r\n\r\n                <div id=\"td_uid_1_6a9756e1449c0\" class=\"td-slide-on-2-columns\">\r\n                    <div class=\"post_td_gallery\">\r\n                        <div class=\"td-gallery-slide-top\">\r\n                           <div class=\"td-gallery-title\"><\/div>\r\n\r\n                            <div class=\"td-gallery-controls-wrapper\">\r\n                                <div class=\"td-gallery-slide-count\"><span class=\"td-gallery-slide-item-focus\">1<\/span> of 11<\/div>\r\n                                <div class=\"td-gallery-slide-prev-next-but\">\r\n                                    <i class = \"td-icon-left doubleSliderPrevButton\"><\/i>\r\n                                    <i class = \"td-icon-right doubleSliderNextButton\"><\/i>\r\n                                <\/div>\r\n                            <\/div>\r\n                        <\/div>\r\n\r\n                        <div class = \"td-doubleSlider-1 \">\r\n                            <div class = \"td-slider\">\r\n                                \r\n                    <div class = \"td-slide-item td-item1\">\r\n                        <figure class=\"td-slide-galery-figure td-slide-popup-gallery\">\r\n                            <a class=\"slide-gallery-image-link\" href=\"https:\/\/www.cric-colombia.org\/portal\/wp-content\/uploads\/2025\/10\/enceuntro-de-la-guardia-indgena-CRIC-34.jpg\" title=\"enceuntro de la guardia indgena CRIC (34)\"  data-caption=\"\"  data-description=\"\">\r\n                                <img src=\"https:\/\/www.cric-colombia.org\/portal\/wp-content\/uploads\/2025\/10\/enceuntro-de-la-guardia-indgena-CRIC-34-747x420.jpg\" alt=\"\">\r\n                            <\/a>\r\n                            \r\n                        <\/figure>\r\n                    <\/div>\r\n                    <div class = \"td-slide-item td-item2\">\r\n                        <figure class=\"td-slide-galery-figure td-slide-popup-gallery\">\r\n                            <a class=\"slide-gallery-image-link\" href=\"https:\/\/www.cric-colombia.org\/portal\/wp-content\/uploads\/2025\/10\/enceuntro-de-la-guardia-indgena-CRIC-33.jpg\" title=\"enceuntro de la guardia indgena CRIC (33)\"  data-caption=\"\"  data-description=\"\">\r\n                                <img src=\"https:\/\/www.cric-colombia.org\/portal\/wp-content\/uploads\/2025\/10\/enceuntro-de-la-guardia-indgena-CRIC-33-747x420.jpg\" alt=\"\">\r\n                            <\/a>\r\n                            \r\n                        <\/figure>\r\n                    <\/div>\r\n                    <div class = \"td-slide-item td-item3\">\r\n                        <figure class=\"td-slide-galery-figure td-slide-popup-gallery\">\r\n                            <a class=\"slide-gallery-image-link\" href=\"https:\/\/www.cric-colombia.org\/portal\/wp-content\/uploads\/2025\/10\/enceuntro-de-la-guardia-indgena-CRIC-31.jpg\" title=\"enceuntro de la guardia indgena CRIC (31)\"  data-caption=\"\"  data-description=\"\">\r\n                                <img src=\"https:\/\/www.cric-colombia.org\/portal\/wp-content\/uploads\/2025\/10\/enceuntro-de-la-guardia-indgena-CRIC-31-747x420.jpg\" alt=\"\">\r\n                            <\/a>\r\n                            \r\n                        <\/figure>\r\n                    <\/div>\r\n                    <div class = \"td-slide-item td-item4\">\r\n                        <figure class=\"td-slide-galery-figure td-slide-popup-gallery\">\r\n                            <a class=\"slide-gallery-image-link\" href=\"https:\/\/www.cric-colombia.org\/portal\/wp-content\/uploads\/2025\/10\/enceuntro-de-la-guardia-indgena-CRIC-30.jpg\" title=\"enceuntro de la guardia indgena CRIC (30)\"  data-caption=\"\"  data-description=\"\">\r\n                                <img src=\"https:\/\/www.cric-colombia.org\/portal\/wp-content\/uploads\/2025\/10\/enceuntro-de-la-guardia-indgena-CRIC-30-747x420.jpg\" alt=\"\">\r\n                            <\/a>\r\n                            \r\n                        <\/figure>\r\n                    <\/div>\r\n                    <div class = \"td-slide-item td-item5\">\r\n                        <figure class=\"td-slide-galery-figure td-slide-popup-gallery\">\r\n                            <a class=\"slide-gallery-image-link\" href=\"https:\/\/www.cric-colombia.org\/portal\/wp-content\/uploads\/2025\/10\/enceuntro-de-la-guardia-indgena-CRIC-29.jpg\" title=\"enceuntro de la guardia indgena CRIC (29)\"  data-caption=\"\"  data-description=\"\">\r\n                                <img src=\"https:\/\/www.cric-colombia.org\/portal\/wp-content\/uploads\/2025\/10\/enceuntro-de-la-guardia-indgena-CRIC-29-747x420.jpg\" alt=\"\">\r\n                            <\/a>\r\n                            \r\n                        <\/figure>\r\n                    <\/div>\r\n                    <div class = \"td-slide-item td-item6\">\r\n                        <figure class=\"td-slide-galery-figure td-slide-popup-gallery\">\r\n                            <a class=\"slide-gallery-image-link\" href=\"https:\/\/www.cric-colombia.org\/portal\/wp-content\/uploads\/2025\/10\/enceuntro-de-la-guardia-indgena-CRIC-26.jpg\" title=\"enceuntro de la guardia indgena CRIC (26)\"  data-caption=\"\"  data-description=\"\">\r\n                                <img src=\"https:\/\/www.cric-colombia.org\/portal\/wp-content\/uploads\/2025\/10\/enceuntro-de-la-guardia-indgena-CRIC-26-747x420.jpg\" alt=\"\">\r\n                            <\/a>\r\n                            \r\n                        <\/figure>\r\n                    <\/div>\r\n                    <div class = \"td-slide-item td-item7\">\r\n                        <figure class=\"td-slide-galery-figure td-slide-popup-gallery\">\r\n                            <a class=\"slide-gallery-image-link\" href=\"https:\/\/www.cric-colombia.org\/portal\/wp-content\/uploads\/2025\/10\/enceuntro-de-la-guardia-indgena-CRIC-17.jpg\" title=\"enceuntro de la guardia indgena CRIC (17)\"  data-caption=\"\"  data-description=\"\">\r\n                                <img src=\"https:\/\/www.cric-colombia.org\/portal\/wp-content\/uploads\/2025\/10\/enceuntro-de-la-guardia-indgena-CRIC-17-747x420.jpg\" alt=\"\">\r\n                            <\/a>\r\n                            \r\n                        <\/figure>\r\n                    <\/div>\r\n                    <div class = \"td-slide-item td-item8\">\r\n                        <figure class=\"td-slide-galery-figure td-slide-popup-gallery\">\r\n                            <a class=\"slide-gallery-image-link\" href=\"https:\/\/www.cric-colombia.org\/portal\/wp-content\/uploads\/2025\/10\/enceuntro-de-la-guardia-indgena-CRIC-16.jpg\" title=\"enceuntro de la guardia indgena CRIC (16)\"  data-caption=\"\"  data-description=\"\">\r\n                                <img src=\"https:\/\/www.cric-colombia.org\/portal\/wp-content\/uploads\/2025\/10\/enceuntro-de-la-guardia-indgena-CRIC-16-747x420.jpg\" alt=\"\">\r\n                            <\/a>\r\n                            \r\n                        <\/figure>\r\n                    <\/div>\r\n                    <div class = \"td-slide-item td-item9\">\r\n                        <figure class=\"td-slide-galery-figure td-slide-popup-gallery\">\r\n                            <a class=\"slide-gallery-image-link\" href=\"https:\/\/www.cric-colombia.org\/portal\/wp-content\/uploads\/2025\/10\/enceuntro-de-la-guardia-indgena-CRIC-14.jpg\" title=\"enceuntro de la guardia indgena CRIC (14)\"  data-caption=\"\"  data-description=\"\">\r\n                                <img src=\"https:\/\/www.cric-colombia.org\/portal\/wp-content\/uploads\/2025\/10\/enceuntro-de-la-guardia-indgena-CRIC-14-747x420.jpg\" alt=\"\">\r\n                            <\/a>\r\n                            \r\n                        <\/figure>\r\n                    <\/div>\r\n                    <div class = \"td-slide-item td-item10\">\r\n                        <figure class=\"td-slide-galery-figure td-slide-popup-gallery\">\r\n                            <a class=\"slide-gallery-image-link\" href=\"https:\/\/www.cric-colombia.org\/portal\/wp-content\/uploads\/2025\/10\/enceuntro-de-la-guardia-indgena-CRIC-13.jpg\" title=\"enceuntro de la guardia indgena CRIC (13)\"  data-caption=\"\"  data-description=\"\">\r\n                                <img src=\"https:\/\/www.cric-colombia.org\/portal\/wp-content\/uploads\/2025\/10\/enceuntro-de-la-guardia-indgena-CRIC-13-747x420.jpg\" alt=\"\">\r\n                            <\/a>\r\n                            \r\n                        <\/figure>\r\n                    <\/div>\r\n                    <div class = \"td-slide-item td-item11\">\r\n                        <figure class=\"td-slide-galery-figure td-slide-popup-gallery\">\r\n                            <a class=\"slide-gallery-image-link\" href=\"https:\/\/www.cric-colombia.org\/portal\/wp-content\/uploads\/2025\/10\/enceuntro-de-la-guardia-indgena-CRIC-10.jpg\" title=\"enceuntro de la guardia indgena CRIC (10)\"  data-caption=\"\"  data-description=\"\">\r\n                                <img src=\"https:\/\/www.cric-colombia.org\/portal\/wp-content\/uploads\/2025\/10\/enceuntro-de-la-guardia-indgena-CRIC-10-747x420.jpg\" alt=\"\">\r\n                            <\/a>\r\n                            \r\n                        <\/figure>\r\n                    <\/div>\r\n                            <\/div>\r\n                        <\/div>\r\n\r\n                        <div class = \"td-doubleSlider-2\">\r\n                            <div class = \"td-slider\">\r\n                                \r\n                    <div class = \"td-button td-item1\">\r\n                        <div class = \"td-border\"><\/div>\r\n                    <\/div>\r\n                    <div class = \"td-button td-item2\">\r\n                        <div class = \"td-border\"><\/div>\r\n                    <\/div>\r\n                    <div class = \"td-button td-item3\">\r\n                        <div class = \"td-border\"><\/div>\r\n                    <\/div>\r\n                    <div class = \"td-button td-item4\">\r\n                        <div class = \"td-border\"><\/div>\r\n                    <\/div>\r\n                    <div class = \"td-button td-item5\">\r\n                        <div class = \"td-border\"><\/div>\r\n                    <\/div>\r\n                    <div class = \"td-button td-item6\">\r\n                        <div class = \"td-border\"><\/div>\r\n                    <\/div>\r\n                    <div class = \"td-button td-item7\">\r\n                        <div class = \"td-border\"><\/div>\r\n                    <\/div>\r\n                    <div class = \"td-button td-item8\">\r\n                        <div class = \"td-border\"><\/div>\r\n                    <\/div>\r\n                    <div class = \"td-button td-item9\">\r\n                        <div class = \"td-border\"><\/div>\r\n                    <\/div>\r\n                    <div class = \"td-button td-item10\">\r\n                        <div class = \"td-border\"><\/div>\r\n                    <\/div>\r\n                    <div class = \"td-button td-item11\">\r\n                        <div class = \"td-border\"><\/div>\r\n                    <\/div>\r\n                            <\/div>\r\n                        <\/div>\r\n\r\n                    <\/div>\r\n\r\n                <\/div>\r\n                \n<p class=\"p1\"><strong><span class=\"s2\">Por: Programa de Comunicaciones CRIC<\/span><\/strong><\/p>\n","protected":false},"excerpt":{"rendered":"<p>El consejero Pe\u00f1a hizo un llamado urgente a las Autoridades y a la sociedad civil para proteger la vida y la Autonom\u00eda de los Pueblos Ind\u00edgenas frente al recrudecimiento de la violencia en el Territorio. Durante el encuentro regional de Guardia Ind\u00edgena, el consejero advirti\u00f3 sobre la grave crisis humanitaria que atraviesan los Territorios Ind\u00edgenas <\/p>\n","protected":false},"author":6,"featured_media":43695,"comment_status":"open","ping_status":"open","sticky":false,"template":"","format":"standard","meta":{"footnotes":""},"categories":[3],"tags":[371,453],"yoast_head":"<!-- This site is optimized with the Yoast SEO plugin v20.12 - https:\/\/yoast.com\/wordpress\/plugins\/seo\/ -->\n<title>CRIC denuncia grave Emergencia Humanitaria en Territorios Ind\u00edgenas del Cauca - Consejo Regional Ind\u00edgena del Cauca - CRIC<\/title>\n<meta name=\"robots\" content=\"index, follow, max-snippet:-1, max-image-preview:large, max-video-preview:-1\" \/>\n<link rel=\"canonical\" href=\"https:\/\/www.cric-colombia.org\/portal\/cric-denuncia-grave-emergencia-humanitaria-en-territorios-indigenas-del-cauca\/\" \/>\n<meta property=\"og:locale\" content=\"es_ES\" \/>\n<meta property=\"og:type\" content=\"article\" \/>\n<meta property=\"og:title\" content=\"CRIC denuncia grave Emergencia Humanitaria en Territorios Ind\u00edgenas del Cauca - Consejo Regional Ind\u00edgena del Cauca - CRIC\" \/>\n<meta property=\"og:description\" content=\"El consejero Pe\u00f1a hizo un llamado urgente a las Autoridades y a la sociedad civil para proteger la vida y la Autonom\u00eda de los Pueblos Ind\u00edgenas frente al recrudecimiento de la violencia en el Territorio. Durante el encuentro regional de Guardia Ind\u00edgena, el consejero advirti\u00f3 sobre la grave crisis humanitaria que atraviesan los Territorios Ind\u00edgenas\" \/>\n<meta property=\"og:url\" content=\"https:\/\/www.cric-colombia.org\/portal\/cric-denuncia-grave-emergencia-humanitaria-en-territorios-indigenas-del-cauca\/\" \/>\n<meta property=\"og:site_name\" content=\"Consejo Regional Ind\u00edgena del Cauca - CRIC\" \/>\n<meta property=\"article:publisher\" content=\"https:\/\/www.facebook.com\/cric.colombia\/\" \/>\n<meta property=\"article:published_time\" content=\"2025-10-11T23:09:51+00:00\" \/>\n<meta property=\"article:modified_time\" content=\"2025-10-12T00:27:25+00:00\" \/>\n<meta property=\"og:image\" content=\"https:\/\/www.cric-colombia.org\/portal\/wp-content\/uploads\/2025\/10\/enceuntro-de-la-guardia-indgena-CRIC-15.jpg\" \/>\n\t<meta property=\"og:image:width\" content=\"974\" \/>\n\t<meta property=\"og:image:height\" content=\"548\" \/>\n\t<meta property=\"og:image:type\" content=\"image\/jpeg\" \/>\n<meta name=\"author\" content=\"Comunicaciones CRIC\" \/>\n<meta name=\"twitter:card\" content=\"summary_large_image\" \/>\n<meta name=\"twitter:creator\" content=\"@CRIC_Cauca\" \/>\n<meta name=\"twitter:site\" content=\"@CRIC_Cauca\" \/>\n<meta name=\"twitter:label1\" content=\"Escrito por\" \/>\n\t<meta name=\"twitter:data1\" content=\"Comunicaciones CRIC\" \/>\n\t<meta name=\"twitter:label2\" content=\"Tiempo de lectura\" \/>\n\t<meta name=\"twitter:data2\" content=\"1 minuto\" \/>\n<script type=\"application\/ld+json\" class=\"yoast-schema-graph\">{\"@context\":\"https:\/\/schema.org\",\"@graph\":[{\"@type\":\"Article\",\"@id\":\"https:\/\/www.cric-colombia.org\/portal\/cric-denuncia-grave-emergencia-humanitaria-en-territorios-indigenas-del-cauca\/#article\",\"isPartOf\":{\"@id\":\"https:\/\/www.cric-colombia.org\/portal\/cric-denuncia-grave-emergencia-humanitaria-en-territorios-indigenas-del-cauca\/\"},\"author\":{\"name\":\"Comunicaciones CRIC\",\"@id\":\"https:\/\/www.cric-colombia.org\/portal\/#\/schema\/person\/ab3a3099267de33d55f74f34ba201931\"},\"headline\":\"CRIC denuncia grave Emergencia Humanitaria en Territorios Ind\u00edgenas del Cauca\",\"datePublished\":\"2025-10-11T23:09:51+00:00\",\"dateModified\":\"2025-10-12T00:27:25+00:00\",\"mainEntityOfPage\":{\"@id\":\"https:\/\/www.cric-colombia.org\/portal\/cric-denuncia-grave-emergencia-humanitaria-en-territorios-indigenas-del-cauca\/\"},\"wordCount\":250,\"commentCount\":0,\"publisher\":{\"@id\":\"https:\/\/www.cric-colombia.org\/portal\/#organization\"},\"keywords\":[\"Consejeria\",\"Guardia\"],\"articleSection\":[\"Actualidad Ind\u00edgena del Cauca\"],\"inLanguage\":\"es\",\"potentialAction\":[{\"@type\":\"CommentAction\",\"name\":\"Comment\",\"target\":[\"https:\/\/www.cric-colombia.org\/portal\/cric-denuncia-grave-emergencia-humanitaria-en-territorios-indigenas-del-cauca\/#respond\"]}]},{\"@type\":\"WebPage\",\"@id\":\"https:\/\/www.cric-colombia.org\/portal\/cric-denuncia-grave-emergencia-humanitaria-en-territorios-indigenas-del-cauca\/\",\"url\":\"https:\/\/www.cric-colombia.org\/portal\/cric-denuncia-grave-emergencia-humanitaria-en-territorios-indigenas-del-cauca\/\",\"name\":\"CRIC denuncia grave Emergencia Humanitaria en Territorios Ind\u00edgenas del Cauca - Consejo Regional Ind\u00edgena del Cauca - CRIC\",\"isPartOf\":{\"@id\":\"https:\/\/www.cric-colombia.org\/portal\/#website\"},\"datePublished\":\"2025-10-11T23:09:51+00:00\",\"dateModified\":\"2025-10-12T00:27:25+00:00\",\"breadcrumb\":{\"@id\":\"https:\/\/www.cric-colombia.org\/portal\/cric-denuncia-grave-emergencia-humanitaria-en-territorios-indigenas-del-cauca\/#breadcrumb\"},\"inLanguage\":\"es\",\"potentialAction\":[{\"@type\":\"ReadAction\",\"target\":[\"https:\/\/www.cric-colombia.org\/portal\/cric-denuncia-grave-emergencia-humanitaria-en-territorios-indigenas-del-cauca\/\"]}]},{\"@type\":\"BreadcrumbList\",\"@id\":\"https:\/\/www.cric-colombia.org\/portal\/cric-denuncia-grave-emergencia-humanitaria-en-territorios-indigenas-del-cauca\/#breadcrumb\",\"itemListElement\":[{\"@type\":\"ListItem\",\"position\":1,\"name\":\"Portada\",\"item\":\"https:\/\/www.cric-colombia.org\/portal\/\"},{\"@type\":\"ListItem\",\"position\":2,\"name\":\"CRIC denuncia grave Emergencia Humanitaria en Territorios Ind\u00edgenas del Cauca\"}]},{\"@type\":\"WebSite\",\"@id\":\"https:\/\/www.cric-colombia.org\/portal\/#website\",\"url\":\"https:\/\/www.cric-colombia.org\/portal\/\",\"name\":\"Consejo Regional Ind\u00edgena del Cauca - CRIC\",\"description\":\"P\u00e1gina oficial del Consejo Regional Ind\u00edgena del Cauca, Colombia\",\"publisher\":{\"@id\":\"https:\/\/www.cric-colombia.org\/portal\/#organization\"},\"potentialAction\":[{\"@type\":\"SearchAction\",\"target\":{\"@type\":\"EntryPoint\",\"urlTemplate\":\"https:\/\/www.cric-colombia.org\/portal\/?s={search_term_string}\"},\"query-input\":\"required name=search_term_string\"}],\"inLanguage\":\"es\"},{\"@type\":\"Organization\",\"@id\":\"https:\/\/www.cric-colombia.org\/portal\/#organization\",\"name\":\"Consejo Regional Ind\u00edgena del Cauca\",\"url\":\"https:\/\/www.cric-colombia.org\/portal\/\",\"logo\":{\"@type\":\"ImageObject\",\"inLanguage\":\"es\",\"@id\":\"https:\/\/www.cric-colombia.org\/portal\/#\/schema\/logo\/image\/\",\"url\":\"https:\/\/www.cric-colombia.org\/portal\/wp-content\/uploads\/2015\/08\/logo_cric.jpg\",\"contentUrl\":\"https:\/\/www.cric-colombia.org\/portal\/wp-content\/uploads\/2015\/08\/logo_cric.jpg\",\"width\":512,\"height\":512,\"caption\":\"Consejo Regional Ind\u00edgena del Cauca\"},\"image\":{\"@id\":\"https:\/\/www.cric-colombia.org\/portal\/#\/schema\/logo\/image\/\"},\"sameAs\":[\"https:\/\/www.facebook.com\/cric.colombia\/\",\"https:\/\/twitter.com\/CRIC_Cauca\"]},{\"@type\":\"Person\",\"@id\":\"https:\/\/www.cric-colombia.org\/portal\/#\/schema\/person\/ab3a3099267de33d55f74f34ba201931\",\"name\":\"Comunicaciones CRIC\",\"image\":{\"@type\":\"ImageObject\",\"inLanguage\":\"es\",\"@id\":\"https:\/\/www.cric-colombia.org\/portal\/#\/schema\/person\/image\/\",\"url\":\"https:\/\/secure.gravatar.com\/avatar\/a8d1a6cfcb82a80d09dafefdcc3dcc8a?s=96&d=retro&r=g\",\"contentUrl\":\"https:\/\/secure.gravatar.com\/avatar\/a8d1a6cfcb82a80d09dafefdcc3dcc8a?s=96&d=retro&r=g\",\"caption\":\"Comunicaciones CRIC\"},\"url\":\"https:\/\/www.cric-colombia.org\/portal\/author\/comunicaciones\/\"}]}<\/script>\n<!-- \/ Yoast SEO plugin. -->","yoast_head_json":{"title":"CRIC denuncia grave Emergencia Humanitaria en Territorios Ind\u00edgenas del Cauca - Consejo Regional Ind\u00edgena del Cauca - CRIC","robots":{"index":"index","follow":"follow","max-snippet":"max-snippet:-1","max-image-preview":"max-image-preview:large","max-video-preview":"max-video-preview:-1"},"canonical":"https:\/\/www.cric-colombia.org\/portal\/cric-denuncia-grave-emergencia-humanitaria-en-territorios-indigenas-del-cauca\/","og_locale":"es_ES","og_type":"article","og_title":"CRIC denuncia grave Emergencia Humanitaria en Territorios Ind\u00edgenas del Cauca - Consejo Regional Ind\u00edgena del Cauca - CRIC","og_description":"El consejero Pe\u00f1a hizo un llamado urgente a las Autoridades y a la sociedad civil para proteger la vida y la Autonom\u00eda de los Pueblos Ind\u00edgenas frente al recrudecimiento de la violencia en el Territorio. Durante el encuentro regional de Guardia Ind\u00edgena, el consejero advirti\u00f3 sobre la grave crisis humanitaria que atraviesan los Territorios Ind\u00edgenas","og_url":"https:\/\/www.cric-colombia.org\/portal\/cric-denuncia-grave-emergencia-humanitaria-en-territorios-indigenas-del-cauca\/","og_site_name":"Consejo Regional Ind\u00edgena del Cauca - CRIC","article_publisher":"https:\/\/www.facebook.com\/cric.colombia\/","article_published_time":"2025-10-11T23:09:51+00:00","article_modified_time":"2025-10-12T00:27:25+00:00","og_image":[{"width":974,"height":548,"url":"https:\/\/www.cric-colombia.org\/portal\/wp-content\/uploads\/2025\/10\/enceuntro-de-la-guardia-indgena-CRIC-15.jpg","type":"image\/jpeg"}],"author":"Comunicaciones CRIC","twitter_card":"summary_large_image","twitter_creator":"@CRIC_Cauca","twitter_site":"@CRIC_Cauca","twitter_misc":{"Escrito por":"Comunicaciones CRIC","Tiempo de lectura":"1 minuto"},"schema":{"@context":"https:\/\/schema.org","@graph":[{"@type":"Article","@id":"https:\/\/www.cric-colombia.org\/portal\/cric-denuncia-grave-emergencia-humanitaria-en-territorios-indigenas-del-cauca\/#article","isPartOf":{"@id":"https:\/\/www.cric-colombia.org\/portal\/cric-denuncia-grave-emergencia-humanitaria-en-territorios-indigenas-del-cauca\/"},"author":{"name":"Comunicaciones CRIC","@id":"https:\/\/www.cric-colombia.org\/portal\/#\/schema\/person\/ab3a3099267de33d55f74f34ba201931"},"headline":"CRIC denuncia grave Emergencia Humanitaria en Territorios Ind\u00edgenas del Cauca","datePublished":"2025-10-11T23:09:51+00:00","dateModified":"2025-10-12T00:27:25+00:00","mainEntityOfPage":{"@id":"https:\/\/www.cric-colombia.org\/portal\/cric-denuncia-grave-emergencia-humanitaria-en-territorios-indigenas-del-cauca\/"},"wordCount":250,"commentCount":0,"publisher":{"@id":"https:\/\/www.cric-colombia.org\/portal\/#organization"},"keywords":["Consejeria","Guardia"],"articleSection":["Actualidad Ind\u00edgena del Cauca"],"inLanguage":"es","potentialAction":[{"@type":"CommentAction","name":"Comment","target":["https:\/\/www.cric-colombia.org\/portal\/cric-denuncia-grave-emergencia-humanitaria-en-territorios-indigenas-del-cauca\/#respond"]}]},{"@type":"WebPage","@id":"https:\/\/www.cric-colombia.org\/portal\/cric-denuncia-grave-emergencia-humanitaria-en-territorios-indigenas-del-cauca\/","url":"https:\/\/www.cric-colombia.org\/portal\/cric-denuncia-grave-emergencia-humanitaria-en-territorios-indigenas-del-cauca\/","name":"CRIC denuncia grave Emergencia Humanitaria en Territorios Ind\u00edgenas del Cauca - Consejo Regional Ind\u00edgena del Cauca - CRIC","isPartOf":{"@id":"https:\/\/www.cric-colombia.org\/portal\/#website"},"datePublished":"2025-10-11T23:09:51+00:00","dateModified":"2025-10-12T00:27:25+00:00","breadcrumb":{"@id":"https:\/\/www.cric-colombia.org\/portal\/cric-denuncia-grave-emergencia-humanitaria-en-territorios-indigenas-del-cauca\/#breadcrumb"},"inLanguage":"es","potentialAction":[{"@type":"ReadAction","target":["https:\/\/www.cric-colombia.org\/portal\/cric-denuncia-grave-emergencia-humanitaria-en-territorios-indigenas-del-cauca\/"]}]},{"@type":"BreadcrumbList","@id":"https:\/\/www.cric-colombia.org\/portal\/cric-denuncia-grave-emergencia-humanitaria-en-territorios-indigenas-del-cauca\/#breadcrumb","itemListElement":[{"@type":"ListItem","position":1,"name":"Portada","item":"https:\/\/www.cric-colombia.org\/portal\/"},{"@type":"ListItem","position":2,"name":"CRIC denuncia grave Emergencia Humanitaria en Territorios Ind\u00edgenas del Cauca"}]},{"@type":"WebSite","@id":"https:\/\/www.cric-colombia.org\/portal\/#website","url":"https:\/\/www.cric-colombia.org\/portal\/","name":"Consejo Regional Ind\u00edgena del Cauca - CRIC","description":"P\u00e1gina oficial del Consejo Regional Ind\u00edgena del Cauca, Colombia","publisher":{"@id":"https:\/\/www.cric-colombia.org\/portal\/#organization"},"potentialAction":[{"@type":"SearchAction","target":{"@type":"EntryPoint","urlTemplate":"https:\/\/www.cric-colombia.org\/portal\/?s={search_term_string}"},"query-input":"required name=search_term_string"}],"inLanguage":"es"},{"@type":"Organization","@id":"https:\/\/www.cric-colombia.org\/portal\/#organization","name":"Consejo Regional Ind\u00edgena del Cauca","url":"https:\/\/www.cric-colombia.org\/portal\/","logo":{"@type":"ImageObject","inLanguage":"es","@id":"https:\/\/www.cric-colombia.org\/portal\/#\/schema\/logo\/image\/","url":"https:\/\/www.cric-colombia.org\/portal\/wp-content\/uploads\/2015\/08\/logo_cric.jpg","contentUrl":"https:\/\/www.cric-colombia.org\/portal\/wp-content\/uploads\/2015\/08\/logo_cric.jpg","width":512,"height":512,"caption":"Consejo Regional Ind\u00edgena del Cauca"},"image":{"@id":"https:\/\/www.cric-colombia.org\/portal\/#\/schema\/logo\/image\/"},"sameAs":["https:\/\/www.facebook.com\/cric.colombia\/","https:\/\/twitter.com\/CRIC_Cauca"]},{"@type":"Person","@id":"https:\/\/www.cric-colombia.org\/portal\/#\/schema\/person\/ab3a3099267de33d55f74f34ba201931","name":"Comunicaciones CRIC","image":{"@type":"ImageObject","inLanguage":"es","@id":"https:\/\/www.cric-colombia.org\/portal\/#\/schema\/person\/image\/","url":"https:\/\/secure.gravatar.com\/avatar\/a8d1a6cfcb82a80d09dafefdcc3dcc8a?s=96&d=retro&r=g","contentUrl":"https:\/\/secure.gravatar.com\/avatar\/a8d1a6cfcb82a80d09dafefdcc3dcc8a?s=96&d=retro&r=g","caption":"Comunicaciones CRIC"},"url":"https:\/\/www.cric-colombia.org\/portal\/author\/comunicaciones\/"}]}},"jetpack_featured_media_url":"https:\/\/www.cric-colombia.org\/portal\/wp-content\/uploads\/2025\/10\/enceuntro-de-la-guardia-indgena-CRIC-15.jpg","_links":{"self":[{"href":"https:\/\/www.cric-colombia.org\/portal\/wp-json\/wp\/v2\/posts\/43660"}],"collection":[{"href":"https:\/\/www.cric-colombia.org\/portal\/wp-json\/wp\/v2\/posts"}],"about":[{"href":"https:\/\/www.cric-colombia.org\/portal\/wp-json\/wp\/v2\/types\/post"}],"author":[{"embeddable":true,"href":"https:\/\/www.cric-colombia.org\/portal\/wp-json\/wp\/v2\/users\/6"}],"replies":[{"embeddable":true,"href":"https:\/\/www.cric-colombia.org\/portal\/wp-json\/wp\/v2\/comments?post=43660"}],"version-history":[{"count":7,"href":"https:\/\/www.cric-colombia.org\/portal\/wp-json\/wp\/v2\/posts\/43660\/revisions"}],"predecessor-version":[{"id":43742,"href":"https:\/\/www.cric-colombia.org\/portal\/wp-json\/wp\/v2\/posts\/43660\/revisions\/43742"}],"wp:featuredmedia":[{"embeddable":true,"href":"https:\/\/www.cric-colombia.org\/portal\/wp-json\/wp\/v2\/media\/43695"}],"wp:attachment":[{"href":"https:\/\/www.cric-colombia.org\/portal\/wp-json\/wp\/v2\/media?parent=43660"}],"wp:term":[{"taxonomy":"category","embeddable":true,"href":"https:\/\/www.cric-colombia.org\/portal\/wp-json\/wp\/v2\/categories?post=43660"},{"taxonomy":"post_tag","embeddable":true,"href":"https:\/\/www.cric-colombia.org\/portal\/wp-json\/wp\/v2\/tags?post=43660"}],"curies":[{"name":"wp","href":"https:\/\/api.w.org\/{rel}","templated":true}]}}