{"id":42695,"date":"2025-07-04T12:42:00","date_gmt":"2025-07-04T17:42:00","guid":{"rendered":"https:\/\/www.cric-colombia.org\/portal\/?p=42695"},"modified":"2025-07-04T12:42:00","modified_gmt":"2025-07-04T17:42:00","slug":"tierra-de-suenos-el-espacio-donde-las-semillas-de-vida-tejen-memoria-unidad-y-diversidad-en-el-17-congreso-del-cric","status":"publish","type":"post","link":"https:\/\/www.cric-colombia.org\/portal\/tierra-de-suenos-el-espacio-donde-las-semillas-de-vida-tejen-memoria-unidad-y-diversidad-en-el-17-congreso-del-cric\/","title":{"rendered":"\u2018Tierra de Sue\u00f1os\u2019, el espacio donde las semillas de vida tejen memoria, unidad y diversidad en el 17 Congreso del CRIC"},"content":{"rendered":"<p style=\"font-weight: 400; text-align: justify;\">Como un verdadero viaje en el tiempo se vivi\u00f3<strong> \u2018Tierra de Sue\u00f1os\u2019,<\/strong>\u00a0la estrategia pedag\u00f3gica del Programa de Educaci\u00f3n Biling\u00fce e Intercultural (PEBI), que se tom\u00f3 el 17 Congreso del Consejo Regional Ind\u00edgena del Cauca\u00a0 para<strong> fortalecer las ra\u00edces, la identidad<\/strong> y la alegr\u00eda de los m\u00e1s peque\u00f1os.<\/p>\n<p style=\"font-weight: 400; text-align: justify;\">Durante dos d\u00edas, cerca de 400 ni\u00f1as, ni\u00f1os y adolescentes \u2013semillas de vida\u2013 participaron en un recorrido por 11 estaciones dise\u00f1adas para despertar los sentidos y conectar con la memoria de los pueblos ind\u00edgenas. A trav\u00e9s del olfato, el tacto, la vista, el gusto, el o\u00eddo y el juego, las semillas <strong>recorrieron las historias de lucha,<\/strong> espiritualidad, sabidur\u00eda ancestral y resistencia que han marcado los 54 a\u00f1os de camino organizativo del CRIC.<\/p>\n<p><img decoding=\"async\" loading=\"lazy\" class=\"wp-image-42697 aligncenter\" src=\"https:\/\/www.cric-colombia.org\/portal\/wp-content\/uploads\/2025\/07\/Semillas-29-300x225.jpg\" alt=\"\" width=\"512\" height=\"384\" srcset=\"https:\/\/www.cric-colombia.org\/portal\/wp-content\/uploads\/2025\/07\/Semillas-29-300x225.jpg 300w, https:\/\/www.cric-colombia.org\/portal\/wp-content\/uploads\/2025\/07\/Semillas-29-1024x768.jpg 1024w, https:\/\/www.cric-colombia.org\/portal\/wp-content\/uploads\/2025\/07\/Semillas-29-768x576.jpg 768w, https:\/\/www.cric-colombia.org\/portal\/wp-content\/uploads\/2025\/07\/Semillas-29-1536x1152.jpg 1536w, https:\/\/www.cric-colombia.org\/portal\/wp-content\/uploads\/2025\/07\/Semillas-29-80x60.jpg 80w, https:\/\/www.cric-colombia.org\/portal\/wp-content\/uploads\/2025\/07\/Semillas-29-265x198.jpg 265w, https:\/\/www.cric-colombia.org\/portal\/wp-content\/uploads\/2025\/07\/Semillas-29-696x522.jpg 696w, https:\/\/www.cric-colombia.org\/portal\/wp-content\/uploads\/2025\/07\/Semillas-29-1068x801.jpg 1068w, https:\/\/www.cric-colombia.org\/portal\/wp-content\/uploads\/2025\/07\/Semillas-29-560x420.jpg 560w, https:\/\/www.cric-colombia.org\/portal\/wp-content\/uploads\/2025\/07\/Semillas-29.jpg 2048w\" sizes=\"(max-width: 512px) 100vw, 512px\" \/><\/p>\n<p style=\"font-weight: 400; text-align: justify;\">La experiencia fue enriquecida gracias al acompa\u00f1amiento del Programa J\u00f3venes CRIC, que aport\u00f3 desde su energ\u00eda, su creatividad y su compromiso organizativo. J\u00f3venes de diferentes territorios guiaron actividades, documentaron procesos y compartieron saberes con las nuevas generaciones, activaron los sentidos de las semillas de vida con aromas, juegos entre otros de forma intergeneracional. As\u00ed, <strong>el relevo de la palabra, la historia y el sentir colectivo<\/strong> se hace presente no solo en el discurso, sino en la pr\u00e1ctica diaria del Congreso.<\/p>\n<p style=\"font-weight: 400; text-align: justify;\">En este espacio floreci\u00f3 la diversidad, Semillas de vida con capacidades diversas participaron activamente en las estaciones pedag\u00f3gicas, demostrando que la educaci\u00f3n propia es incluyente, amorosa y profundamente humana. Desde el juego, el arte, el sonido y el contacto con la tierra, los ni\u00f1os y ni\u00f1as aportaron su sensibilidad \u00fanica al espacio, record\u00e1ndonos que la diferencia no separa, sino que enriquece. Tierra de Sue\u00f1os fue tambi\u00e9n un lugar para sentir que <strong>todas las formas de ser y habitar el mundo tienen un lugar en los procesos organizativos del CRIC.<\/strong><\/p>\n<p><img decoding=\"async\" loading=\"lazy\" class=\" wp-image-42698 aligncenter\" src=\"https:\/\/www.cric-colombia.org\/portal\/wp-content\/uploads\/2025\/07\/Semillas-27-300x225.jpg\" alt=\"\" width=\"558\" height=\"419\" srcset=\"https:\/\/www.cric-colombia.org\/portal\/wp-content\/uploads\/2025\/07\/Semillas-27-300x225.jpg 300w, https:\/\/www.cric-colombia.org\/portal\/wp-content\/uploads\/2025\/07\/Semillas-27-1024x768.jpg 1024w, https:\/\/www.cric-colombia.org\/portal\/wp-content\/uploads\/2025\/07\/Semillas-27-768x576.jpg 768w, https:\/\/www.cric-colombia.org\/portal\/wp-content\/uploads\/2025\/07\/Semillas-27-1536x1152.jpg 1536w, https:\/\/www.cric-colombia.org\/portal\/wp-content\/uploads\/2025\/07\/Semillas-27-80x60.jpg 80w, https:\/\/www.cric-colombia.org\/portal\/wp-content\/uploads\/2025\/07\/Semillas-27-265x198.jpg 265w, https:\/\/www.cric-colombia.org\/portal\/wp-content\/uploads\/2025\/07\/Semillas-27-696x522.jpg 696w, https:\/\/www.cric-colombia.org\/portal\/wp-content\/uploads\/2025\/07\/Semillas-27-1068x801.jpg 1068w, https:\/\/www.cric-colombia.org\/portal\/wp-content\/uploads\/2025\/07\/Semillas-27-560x420.jpg 560w, https:\/\/www.cric-colombia.org\/portal\/wp-content\/uploads\/2025\/07\/Semillas-27.jpg 2048w\" sizes=\"(max-width: 558px) 100vw, 558px\" \/><\/p>\n<p style=\"font-weight: 400; text-align: justify;\">As\u00ed, en medio del Congreso que re\u00fane a m\u00e1s de 15.000 ind\u00edgenas de todo el Cauca en el territorio de P\u00farac\u00e9<strong>, Tierra de Sue\u00f1os<\/strong> se consolid\u00f3 como una <strong>apuesta viva<\/strong> por la educaci\u00f3n propia, por la <strong>diversidad y por el futuro<\/strong> para cultivar una vida de paz, armon\u00eda y bienestar.<\/p>\n<p style=\"font-weight: 400; text-align: justify;\"><strong>J\u00f3venes CRIC<\/strong><\/p>\n","protected":false},"excerpt":{"rendered":"<p>Como un verdadero viaje en el tiempo se vivi\u00f3 \u2018Tierra de Sue\u00f1os\u2019,\u00a0la estrategia pedag\u00f3gica del Programa de Educaci\u00f3n Biling\u00fce e Intercultural (PEBI), que se tom\u00f3 el 17 Congreso del Consejo Regional Ind\u00edgena del Cauca\u00a0 para fortalecer las ra\u00edces, la identidad y la alegr\u00eda de los m\u00e1s peque\u00f1os. Durante dos d\u00edas, cerca de 400 ni\u00f1as, ni\u00f1os <\/p>\n","protected":false},"author":6,"featured_media":42696,"comment_status":"open","ping_status":"open","sticky":false,"template":"","format":"standard","meta":{"footnotes":""},"categories":[3],"tags":[1209,348,88,253,774,251,675],"yoast_head":"<!-- This site is optimized with the Yoast SEO plugin v20.12 - https:\/\/yoast.com\/wordpress\/plugins\/seo\/ -->\n<title>\u2018Tierra de Sue\u00f1os\u2019, el espacio donde las semillas de vida tejen memoria, unidad y diversidad en el 17 Congreso del CRIC - Consejo Regional Ind\u00edgena del Cauca - CRIC<\/title>\n<meta name=\"robots\" content=\"index, follow, max-snippet:-1, max-image-preview:large, max-video-preview:-1\" \/>\n<link rel=\"canonical\" href=\"https:\/\/www.cric-colombia.org\/portal\/tierra-de-suenos-el-espacio-donde-las-semillas-de-vida-tejen-memoria-unidad-y-diversidad-en-el-17-congreso-del-cric\/\" \/>\n<meta property=\"og:locale\" content=\"es_ES\" \/>\n<meta property=\"og:type\" content=\"article\" \/>\n<meta property=\"og:title\" content=\"\u2018Tierra de Sue\u00f1os\u2019, el espacio donde las semillas de vida tejen memoria, unidad y diversidad en el 17 Congreso del CRIC - Consejo Regional Ind\u00edgena del Cauca - CRIC\" \/>\n<meta property=\"og:description\" content=\"Como un verdadero viaje en el tiempo se vivi\u00f3 \u2018Tierra de Sue\u00f1os\u2019,\u00a0la estrategia pedag\u00f3gica del Programa de Educaci\u00f3n Biling\u00fce e Intercultural (PEBI), que se tom\u00f3 el 17 Congreso del Consejo Regional Ind\u00edgena del Cauca\u00a0 para fortalecer las ra\u00edces, la identidad y la alegr\u00eda de los m\u00e1s peque\u00f1os. Durante dos d\u00edas, cerca de 400 ni\u00f1as, ni\u00f1os\" \/>\n<meta property=\"og:url\" content=\"https:\/\/www.cric-colombia.org\/portal\/tierra-de-suenos-el-espacio-donde-las-semillas-de-vida-tejen-memoria-unidad-y-diversidad-en-el-17-congreso-del-cric\/\" \/>\n<meta property=\"og:site_name\" content=\"Consejo Regional Ind\u00edgena del Cauca - CRIC\" \/>\n<meta property=\"article:publisher\" content=\"https:\/\/www.facebook.com\/cric.colombia\/\" \/>\n<meta property=\"article:published_time\" content=\"2025-07-04T17:42:00+00:00\" \/>\n<meta property=\"og:image\" content=\"https:\/\/www.cric-colombia.org\/portal\/wp-content\/uploads\/2025\/07\/WEB-PORTADA-TIERRA-SUENOS-II.png\" \/>\n\t<meta property=\"og:image:width\" content=\"600\" \/>\n\t<meta property=\"og:image:height\" content=\"450\" \/>\n\t<meta property=\"og:image:type\" content=\"image\/png\" \/>\n<meta name=\"author\" content=\"Comunicaciones CRIC\" \/>\n<meta name=\"twitter:card\" content=\"summary_large_image\" \/>\n<meta name=\"twitter:creator\" content=\"@CRIC_Cauca\" \/>\n<meta name=\"twitter:site\" content=\"@CRIC_Cauca\" \/>\n<meta name=\"twitter:label1\" content=\"Escrito por\" \/>\n\t<meta name=\"twitter:data1\" content=\"Comunicaciones CRIC\" \/>\n\t<meta name=\"twitter:label2\" content=\"Tiempo de lectura\" \/>\n\t<meta name=\"twitter:data2\" content=\"2 minutos\" \/>\n<script type=\"application\/ld+json\" class=\"yoast-schema-graph\">{\"@context\":\"https:\/\/schema.org\",\"@graph\":[{\"@type\":\"Article\",\"@id\":\"https:\/\/www.cric-colombia.org\/portal\/tierra-de-suenos-el-espacio-donde-las-semillas-de-vida-tejen-memoria-unidad-y-diversidad-en-el-17-congreso-del-cric\/#article\",\"isPartOf\":{\"@id\":\"https:\/\/www.cric-colombia.org\/portal\/tierra-de-suenos-el-espacio-donde-las-semillas-de-vida-tejen-memoria-unidad-y-diversidad-en-el-17-congreso-del-cric\/\"},\"author\":{\"name\":\"Comunicaciones CRIC\",\"@id\":\"https:\/\/www.cric-colombia.org\/portal\/#\/schema\/person\/ab3a3099267de33d55f74f34ba201931\"},\"headline\":\"\u2018Tierra de Sue\u00f1os\u2019, el espacio donde las semillas de vida tejen memoria, unidad y diversidad en el 17 Congreso del CRIC\",\"datePublished\":\"2025-07-04T17:42:00+00:00\",\"dateModified\":\"2025-07-04T17:42:00+00:00\",\"mainEntityOfPage\":{\"@id\":\"https:\/\/www.cric-colombia.org\/portal\/tierra-de-suenos-el-espacio-donde-las-semillas-de-vida-tejen-memoria-unidad-y-diversidad-en-el-17-congreso-del-cric\/\"},\"wordCount\":395,\"commentCount\":0,\"publisher\":{\"@id\":\"https:\/\/www.cric-colombia.org\/portal\/#organization\"},\"keywords\":[\"17 congreso\",\"Congreso\",\"cric\",\"Educacion\",\"jovenes\",\"PEBI\",\"semillas\"],\"articleSection\":[\"Actualidad Ind\u00edgena del Cauca\"],\"inLanguage\":\"es\",\"potentialAction\":[{\"@type\":\"CommentAction\",\"name\":\"Comment\",\"target\":[\"https:\/\/www.cric-colombia.org\/portal\/tierra-de-suenos-el-espacio-donde-las-semillas-de-vida-tejen-memoria-unidad-y-diversidad-en-el-17-congreso-del-cric\/#respond\"]}]},{\"@type\":\"WebPage\",\"@id\":\"https:\/\/www.cric-colombia.org\/portal\/tierra-de-suenos-el-espacio-donde-las-semillas-de-vida-tejen-memoria-unidad-y-diversidad-en-el-17-congreso-del-cric\/\",\"url\":\"https:\/\/www.cric-colombia.org\/portal\/tierra-de-suenos-el-espacio-donde-las-semillas-de-vida-tejen-memoria-unidad-y-diversidad-en-el-17-congreso-del-cric\/\",\"name\":\"\u2018Tierra de Sue\u00f1os\u2019, el espacio donde las semillas de vida tejen memoria, unidad y diversidad en el 17 Congreso del CRIC - Consejo Regional Ind\u00edgena del Cauca - CRIC\",\"isPartOf\":{\"@id\":\"https:\/\/www.cric-colombia.org\/portal\/#website\"},\"datePublished\":\"2025-07-04T17:42:00+00:00\",\"dateModified\":\"2025-07-04T17:42:00+00:00\",\"breadcrumb\":{\"@id\":\"https:\/\/www.cric-colombia.org\/portal\/tierra-de-suenos-el-espacio-donde-las-semillas-de-vida-tejen-memoria-unidad-y-diversidad-en-el-17-congreso-del-cric\/#breadcrumb\"},\"inLanguage\":\"es\",\"potentialAction\":[{\"@type\":\"ReadAction\",\"target\":[\"https:\/\/www.cric-colombia.org\/portal\/tierra-de-suenos-el-espacio-donde-las-semillas-de-vida-tejen-memoria-unidad-y-diversidad-en-el-17-congreso-del-cric\/\"]}]},{\"@type\":\"BreadcrumbList\",\"@id\":\"https:\/\/www.cric-colombia.org\/portal\/tierra-de-suenos-el-espacio-donde-las-semillas-de-vida-tejen-memoria-unidad-y-diversidad-en-el-17-congreso-del-cric\/#breadcrumb\",\"itemListElement\":[{\"@type\":\"ListItem\",\"position\":1,\"name\":\"Portada\",\"item\":\"https:\/\/www.cric-colombia.org\/portal\/\"},{\"@type\":\"ListItem\",\"position\":2,\"name\":\"\u2018Tierra de Sue\u00f1os\u2019, el espacio donde las semillas de vida tejen memoria, unidad y diversidad en el 17 Congreso del CRIC\"}]},{\"@type\":\"WebSite\",\"@id\":\"https:\/\/www.cric-colombia.org\/portal\/#website\",\"url\":\"https:\/\/www.cric-colombia.org\/portal\/\",\"name\":\"Consejo Regional Ind\u00edgena del Cauca - CRIC\",\"description\":\"P\u00e1gina oficial del Consejo Regional Ind\u00edgena del Cauca, Colombia\",\"publisher\":{\"@id\":\"https:\/\/www.cric-colombia.org\/portal\/#organization\"},\"potentialAction\":[{\"@type\":\"SearchAction\",\"target\":{\"@type\":\"EntryPoint\",\"urlTemplate\":\"https:\/\/www.cric-colombia.org\/portal\/?s={search_term_string}\"},\"query-input\":\"required name=search_term_string\"}],\"inLanguage\":\"es\"},{\"@type\":\"Organization\",\"@id\":\"https:\/\/www.cric-colombia.org\/portal\/#organization\",\"name\":\"Consejo Regional Ind\u00edgena del Cauca\",\"url\":\"https:\/\/www.cric-colombia.org\/portal\/\",\"logo\":{\"@type\":\"ImageObject\",\"inLanguage\":\"es\",\"@id\":\"https:\/\/www.cric-colombia.org\/portal\/#\/schema\/logo\/image\/\",\"url\":\"https:\/\/www.cric-colombia.org\/portal\/wp-content\/uploads\/2015\/08\/logo_cric.jpg\",\"contentUrl\":\"https:\/\/www.cric-colombia.org\/portal\/wp-content\/uploads\/2015\/08\/logo_cric.jpg\",\"width\":512,\"height\":512,\"caption\":\"Consejo Regional Ind\u00edgena del Cauca\"},\"image\":{\"@id\":\"https:\/\/www.cric-colombia.org\/portal\/#\/schema\/logo\/image\/\"},\"sameAs\":[\"https:\/\/www.facebook.com\/cric.colombia\/\",\"https:\/\/twitter.com\/CRIC_Cauca\"]},{\"@type\":\"Person\",\"@id\":\"https:\/\/www.cric-colombia.org\/portal\/#\/schema\/person\/ab3a3099267de33d55f74f34ba201931\",\"name\":\"Comunicaciones CRIC\",\"image\":{\"@type\":\"ImageObject\",\"inLanguage\":\"es\",\"@id\":\"https:\/\/www.cric-colombia.org\/portal\/#\/schema\/person\/image\/\",\"url\":\"https:\/\/secure.gravatar.com\/avatar\/a8d1a6cfcb82a80d09dafefdcc3dcc8a?s=96&d=retro&r=g\",\"contentUrl\":\"https:\/\/secure.gravatar.com\/avatar\/a8d1a6cfcb82a80d09dafefdcc3dcc8a?s=96&d=retro&r=g\",\"caption\":\"Comunicaciones CRIC\"},\"url\":\"https:\/\/www.cric-colombia.org\/portal\/author\/comunicaciones\/\"}]}<\/script>\n<!-- \/ Yoast SEO plugin. -->","yoast_head_json":{"title":"\u2018Tierra de Sue\u00f1os\u2019, el espacio donde las semillas de vida tejen memoria, unidad y diversidad en el 17 Congreso del CRIC - Consejo Regional Ind\u00edgena del Cauca - CRIC","robots":{"index":"index","follow":"follow","max-snippet":"max-snippet:-1","max-image-preview":"max-image-preview:large","max-video-preview":"max-video-preview:-1"},"canonical":"https:\/\/www.cric-colombia.org\/portal\/tierra-de-suenos-el-espacio-donde-las-semillas-de-vida-tejen-memoria-unidad-y-diversidad-en-el-17-congreso-del-cric\/","og_locale":"es_ES","og_type":"article","og_title":"\u2018Tierra de Sue\u00f1os\u2019, el espacio donde las semillas de vida tejen memoria, unidad y diversidad en el 17 Congreso del CRIC - Consejo Regional Ind\u00edgena del Cauca - CRIC","og_description":"Como un verdadero viaje en el tiempo se vivi\u00f3 \u2018Tierra de Sue\u00f1os\u2019,\u00a0la estrategia pedag\u00f3gica del Programa de Educaci\u00f3n Biling\u00fce e Intercultural (PEBI), que se tom\u00f3 el 17 Congreso del Consejo Regional Ind\u00edgena del Cauca\u00a0 para fortalecer las ra\u00edces, la identidad y la alegr\u00eda de los m\u00e1s peque\u00f1os. Durante dos d\u00edas, cerca de 400 ni\u00f1as, ni\u00f1os","og_url":"https:\/\/www.cric-colombia.org\/portal\/tierra-de-suenos-el-espacio-donde-las-semillas-de-vida-tejen-memoria-unidad-y-diversidad-en-el-17-congreso-del-cric\/","og_site_name":"Consejo Regional Ind\u00edgena del Cauca - CRIC","article_publisher":"https:\/\/www.facebook.com\/cric.colombia\/","article_published_time":"2025-07-04T17:42:00+00:00","og_image":[{"width":600,"height":450,"url":"https:\/\/www.cric-colombia.org\/portal\/wp-content\/uploads\/2025\/07\/WEB-PORTADA-TIERRA-SUENOS-II.png","type":"image\/png"}],"author":"Comunicaciones CRIC","twitter_card":"summary_large_image","twitter_creator":"@CRIC_Cauca","twitter_site":"@CRIC_Cauca","twitter_misc":{"Escrito por":"Comunicaciones CRIC","Tiempo de lectura":"2 minutos"},"schema":{"@context":"https:\/\/schema.org","@graph":[{"@type":"Article","@id":"https:\/\/www.cric-colombia.org\/portal\/tierra-de-suenos-el-espacio-donde-las-semillas-de-vida-tejen-memoria-unidad-y-diversidad-en-el-17-congreso-del-cric\/#article","isPartOf":{"@id":"https:\/\/www.cric-colombia.org\/portal\/tierra-de-suenos-el-espacio-donde-las-semillas-de-vida-tejen-memoria-unidad-y-diversidad-en-el-17-congreso-del-cric\/"},"author":{"name":"Comunicaciones CRIC","@id":"https:\/\/www.cric-colombia.org\/portal\/#\/schema\/person\/ab3a3099267de33d55f74f34ba201931"},"headline":"\u2018Tierra de Sue\u00f1os\u2019, el espacio donde las semillas de vida tejen memoria, unidad y diversidad en el 17 Congreso del CRIC","datePublished":"2025-07-04T17:42:00+00:00","dateModified":"2025-07-04T17:42:00+00:00","mainEntityOfPage":{"@id":"https:\/\/www.cric-colombia.org\/portal\/tierra-de-suenos-el-espacio-donde-las-semillas-de-vida-tejen-memoria-unidad-y-diversidad-en-el-17-congreso-del-cric\/"},"wordCount":395,"commentCount":0,"publisher":{"@id":"https:\/\/www.cric-colombia.org\/portal\/#organization"},"keywords":["17 congreso","Congreso","cric","Educacion","jovenes","PEBI","semillas"],"articleSection":["Actualidad Ind\u00edgena del Cauca"],"inLanguage":"es","potentialAction":[{"@type":"CommentAction","name":"Comment","target":["https:\/\/www.cric-colombia.org\/portal\/tierra-de-suenos-el-espacio-donde-las-semillas-de-vida-tejen-memoria-unidad-y-diversidad-en-el-17-congreso-del-cric\/#respond"]}]},{"@type":"WebPage","@id":"https:\/\/www.cric-colombia.org\/portal\/tierra-de-suenos-el-espacio-donde-las-semillas-de-vida-tejen-memoria-unidad-y-diversidad-en-el-17-congreso-del-cric\/","url":"https:\/\/www.cric-colombia.org\/portal\/tierra-de-suenos-el-espacio-donde-las-semillas-de-vida-tejen-memoria-unidad-y-diversidad-en-el-17-congreso-del-cric\/","name":"\u2018Tierra de Sue\u00f1os\u2019, el espacio donde las semillas de vida tejen memoria, unidad y diversidad en el 17 Congreso del CRIC - Consejo Regional Ind\u00edgena del Cauca - CRIC","isPartOf":{"@id":"https:\/\/www.cric-colombia.org\/portal\/#website"},"datePublished":"2025-07-04T17:42:00+00:00","dateModified":"2025-07-04T17:42:00+00:00","breadcrumb":{"@id":"https:\/\/www.cric-colombia.org\/portal\/tierra-de-suenos-el-espacio-donde-las-semillas-de-vida-tejen-memoria-unidad-y-diversidad-en-el-17-congreso-del-cric\/#breadcrumb"},"inLanguage":"es","potentialAction":[{"@type":"ReadAction","target":["https:\/\/www.cric-colombia.org\/portal\/tierra-de-suenos-el-espacio-donde-las-semillas-de-vida-tejen-memoria-unidad-y-diversidad-en-el-17-congreso-del-cric\/"]}]},{"@type":"BreadcrumbList","@id":"https:\/\/www.cric-colombia.org\/portal\/tierra-de-suenos-el-espacio-donde-las-semillas-de-vida-tejen-memoria-unidad-y-diversidad-en-el-17-congreso-del-cric\/#breadcrumb","itemListElement":[{"@type":"ListItem","position":1,"name":"Portada","item":"https:\/\/www.cric-colombia.org\/portal\/"},{"@type":"ListItem","position":2,"name":"\u2018Tierra de Sue\u00f1os\u2019, el espacio donde las semillas de vida tejen memoria, unidad y diversidad en el 17 Congreso del CRIC"}]},{"@type":"WebSite","@id":"https:\/\/www.cric-colombia.org\/portal\/#website","url":"https:\/\/www.cric-colombia.org\/portal\/","name":"Consejo Regional Ind\u00edgena del Cauca - CRIC","description":"P\u00e1gina oficial del Consejo Regional Ind\u00edgena del Cauca, Colombia","publisher":{"@id":"https:\/\/www.cric-colombia.org\/portal\/#organization"},"potentialAction":[{"@type":"SearchAction","target":{"@type":"EntryPoint","urlTemplate":"https:\/\/www.cric-colombia.org\/portal\/?s={search_term_string}"},"query-input":"required name=search_term_string"}],"inLanguage":"es"},{"@type":"Organization","@id":"https:\/\/www.cric-colombia.org\/portal\/#organization","name":"Consejo Regional Ind\u00edgena del Cauca","url":"https:\/\/www.cric-colombia.org\/portal\/","logo":{"@type":"ImageObject","inLanguage":"es","@id":"https:\/\/www.cric-colombia.org\/portal\/#\/schema\/logo\/image\/","url":"https:\/\/www.cric-colombia.org\/portal\/wp-content\/uploads\/2015\/08\/logo_cric.jpg","contentUrl":"https:\/\/www.cric-colombia.org\/portal\/wp-content\/uploads\/2015\/08\/logo_cric.jpg","width":512,"height":512,"caption":"Consejo Regional Ind\u00edgena del Cauca"},"image":{"@id":"https:\/\/www.cric-colombia.org\/portal\/#\/schema\/logo\/image\/"},"sameAs":["https:\/\/www.facebook.com\/cric.colombia\/","https:\/\/twitter.com\/CRIC_Cauca"]},{"@type":"Person","@id":"https:\/\/www.cric-colombia.org\/portal\/#\/schema\/person\/ab3a3099267de33d55f74f34ba201931","name":"Comunicaciones CRIC","image":{"@type":"ImageObject","inLanguage":"es","@id":"https:\/\/www.cric-colombia.org\/portal\/#\/schema\/person\/image\/","url":"https:\/\/secure.gravatar.com\/avatar\/a8d1a6cfcb82a80d09dafefdcc3dcc8a?s=96&d=retro&r=g","contentUrl":"https:\/\/secure.gravatar.com\/avatar\/a8d1a6cfcb82a80d09dafefdcc3dcc8a?s=96&d=retro&r=g","caption":"Comunicaciones CRIC"},"url":"https:\/\/www.cric-colombia.org\/portal\/author\/comunicaciones\/"}]}},"jetpack_featured_media_url":"https:\/\/www.cric-colombia.org\/portal\/wp-content\/uploads\/2025\/07\/WEB-PORTADA-TIERRA-SUENOS-II.png","_links":{"self":[{"href":"https:\/\/www.cric-colombia.org\/portal\/wp-json\/wp\/v2\/posts\/42695"}],"collection":[{"href":"https:\/\/www.cric-colombia.org\/portal\/wp-json\/wp\/v2\/posts"}],"about":[{"href":"https:\/\/www.cric-colombia.org\/portal\/wp-json\/wp\/v2\/types\/post"}],"author":[{"embeddable":true,"href":"https:\/\/www.cric-colombia.org\/portal\/wp-json\/wp\/v2\/users\/6"}],"replies":[{"embeddable":true,"href":"https:\/\/www.cric-colombia.org\/portal\/wp-json\/wp\/v2\/comments?post=42695"}],"version-history":[{"count":1,"href":"https:\/\/www.cric-colombia.org\/portal\/wp-json\/wp\/v2\/posts\/42695\/revisions"}],"predecessor-version":[{"id":42699,"href":"https:\/\/www.cric-colombia.org\/portal\/wp-json\/wp\/v2\/posts\/42695\/revisions\/42699"}],"wp:featuredmedia":[{"embeddable":true,"href":"https:\/\/www.cric-colombia.org\/portal\/wp-json\/wp\/v2\/media\/42696"}],"wp:attachment":[{"href":"https:\/\/www.cric-colombia.org\/portal\/wp-json\/wp\/v2\/media?parent=42695"}],"wp:term":[{"taxonomy":"category","embeddable":true,"href":"https:\/\/www.cric-colombia.org\/portal\/wp-json\/wp\/v2\/categories?post=42695"},{"taxonomy":"post_tag","embeddable":true,"href":"https:\/\/www.cric-colombia.org\/portal\/wp-json\/wp\/v2\/tags?post=42695"}],"curies":[{"name":"wp","href":"https:\/\/api.w.org\/{rel}","templated":true}]}}