{"id":42692,"date":"2025-07-04T09:50:06","date_gmt":"2025-07-04T14:50:06","guid":{"rendered":"https:\/\/www.cric-colombia.org\/portal\/?p=42692"},"modified":"2025-07-04T09:50:06","modified_gmt":"2025-07-04T14:50:06","slug":"adenda-n-1-termino-de-referencia-n-01d-constratista-para-la-construccion-de-centro-de-acopio-del-pidar-477-de-2021","status":"publish","type":"post","link":"https:\/\/www.cric-colombia.org\/portal\/adenda-n-1-termino-de-referencia-n-01d-constratista-para-la-construccion-de-centro-de-acopio-del-pidar-477-de-2021\/","title":{"rendered":"Adenda N. 1: T\u00e9rmino de referencia N\u00b0 01D constratista para la construcci\u00f3n de centro de acopio del PIDAR 477 de 2021"},"content":{"rendered":"<p class=\"p1\" style=\"text-align: justify;\">En el marco de la Resoluci\u00f3n n\u00famero 477 de 2021 por medio de la cual se aprueba la cofinanciaci\u00f3n del Proyecto Integral de Desarrollo Agropecuario y Rural con enfoque territorial radicado con el No 20216100098191 de tipo estrat\u00e9gico Nacional identificado con el BP No 3214, denominado: <b>\u201cfortalecer la agrocadena del caf\u00e9 mediante el apoyo a la comercializaci\u00f3n de caf\u00e9s de <\/b><b>excelente calidad a nivel internacional provenientes de los territorios ind\u00edgenas adscritos al Consejo Regional Ind\u00edgena del C<\/b><b>auca (CRIC)\u201d<\/b><\/p>\n<p style=\"text-align: center;\">Ver documento: <a href=\"https:\/\/www.cric-colombia.org\/portal\/wp-content\/uploads\/2025\/07\/ADENDA-No.-01-PIDAR-477-construccion.pdf\" class=\"pdfemb-viewer\" style=\"\" data-width=\"max\" data-height=\"max\" data-toolbar=\"both\" data-toolbar-fixed=\"off\">ADENDA-No.-01-PIDAR- 477 construccion<\/a><\/p>\n","protected":false},"excerpt":{"rendered":"<p>En el marco de la Resoluci\u00f3n n\u00famero 477 de 2021 por medio de la cual se aprueba la cofinanciaci\u00f3n del Proyecto Integral de Desarrollo Agropecuario y Rural con enfoque territorial radicado con el No 20216100098191 de tipo estrat\u00e9gico Nacional identificado con el BP No 3214, denominado: \u201cfortalecer la agrocadena del caf\u00e9 mediante el apoyo a <\/p>\n","protected":false},"author":6,"featured_media":36596,"comment_status":"open","ping_status":"open","sticky":false,"template":"","format":"standard","meta":{"footnotes":""},"categories":[13],"tags":[1269,89,44,88,1228,339,1121,1234],"yoast_head":"<!-- This site is optimized with the Yoast SEO plugin v20.12 - https:\/\/yoast.com\/wordpress\/plugins\/seo\/ -->\n<title>Adenda N. 1: T\u00e9rmino de referencia N\u00b0 01D constratista para la construcci\u00f3n de centro de acopio del PIDAR 477 de 2021 - Consejo Regional Ind\u00edgena del Cauca - CRIC<\/title>\n<meta name=\"robots\" content=\"index, follow, max-snippet:-1, max-image-preview:large, max-video-preview:-1\" \/>\n<link rel=\"canonical\" href=\"https:\/\/www.cric-colombia.org\/portal\/adenda-n-1-termino-de-referencia-n-01d-constratista-para-la-construccion-de-centro-de-acopio-del-pidar-477-de-2021\/\" \/>\n<meta property=\"og:locale\" content=\"es_ES\" \/>\n<meta property=\"og:type\" content=\"article\" \/>\n<meta property=\"og:title\" content=\"Adenda N. 1: T\u00e9rmino de referencia N\u00b0 01D constratista para la construcci\u00f3n de centro de acopio del PIDAR 477 de 2021 - Consejo Regional Ind\u00edgena del Cauca - CRIC\" \/>\n<meta property=\"og:description\" content=\"En el marco de la Resoluci\u00f3n n\u00famero 477 de 2021 por medio de la cual se aprueba la cofinanciaci\u00f3n del Proyecto Integral de Desarrollo Agropecuario y Rural con enfoque territorial radicado con el No 20216100098191 de tipo estrat\u00e9gico Nacional identificado con el BP No 3214, denominado: \u201cfortalecer la agrocadena del caf\u00e9 mediante el apoyo a\" \/>\n<meta property=\"og:url\" content=\"https:\/\/www.cric-colombia.org\/portal\/adenda-n-1-termino-de-referencia-n-01d-constratista-para-la-construccion-de-centro-de-acopio-del-pidar-477-de-2021\/\" \/>\n<meta property=\"og:site_name\" content=\"Consejo Regional Ind\u00edgena del Cauca - CRIC\" \/>\n<meta property=\"article:publisher\" content=\"https:\/\/www.facebook.com\/cric.colombia\/\" \/>\n<meta property=\"article:published_time\" content=\"2025-07-04T14:50:06+00:00\" \/>\n<meta property=\"og:image\" content=\"https:\/\/www.cric-colombia.org\/portal\/wp-content\/uploads\/2023\/02\/logo-cric-52-a\u00f1os-4-principios500x500.png\" \/>\n\t<meta property=\"og:image:width\" content=\"500\" \/>\n\t<meta property=\"og:image:height\" content=\"500\" \/>\n\t<meta property=\"og:image:type\" content=\"image\/png\" \/>\n<meta name=\"author\" content=\"Comunicaciones CRIC\" \/>\n<meta name=\"twitter:card\" content=\"summary_large_image\" \/>\n<meta name=\"twitter:creator\" content=\"@CRIC_Cauca\" \/>\n<meta name=\"twitter:site\" content=\"@CRIC_Cauca\" \/>\n<meta name=\"twitter:label1\" content=\"Escrito por\" \/>\n\t<meta name=\"twitter:data1\" content=\"Comunicaciones CRIC\" \/>\n\t<meta name=\"twitter:label2\" content=\"Tiempo de lectura\" \/>\n\t<meta name=\"twitter:data2\" content=\"1 minuto\" \/>\n<script type=\"application\/ld+json\" class=\"yoast-schema-graph\">{\"@context\":\"https:\/\/schema.org\",\"@graph\":[{\"@type\":\"Article\",\"@id\":\"https:\/\/www.cric-colombia.org\/portal\/adenda-n-1-termino-de-referencia-n-01d-constratista-para-la-construccion-de-centro-de-acopio-del-pidar-477-de-2021\/#article\",\"isPartOf\":{\"@id\":\"https:\/\/www.cric-colombia.org\/portal\/adenda-n-1-termino-de-referencia-n-01d-constratista-para-la-construccion-de-centro-de-acopio-del-pidar-477-de-2021\/\"},\"author\":{\"name\":\"Comunicaciones CRIC\",\"@id\":\"https:\/\/www.cric-colombia.org\/portal\/#\/schema\/person\/ab3a3099267de33d55f74f34ba201931\"},\"headline\":\"Adenda N. 1: T\u00e9rmino de referencia N\u00b0 01D constratista para la construcci\u00f3n de centro de acopio del PIDAR 477 de 2021\",\"datePublished\":\"2025-07-04T14:50:06+00:00\",\"dateModified\":\"2025-07-04T14:50:06+00:00\",\"mainEntityOfPage\":{\"@id\":\"https:\/\/www.cric-colombia.org\/portal\/adenda-n-1-termino-de-referencia-n-01d-constratista-para-la-construccion-de-centro-de-acopio-del-pidar-477-de-2021\/\"},\"wordCount\":124,\"commentCount\":0,\"publisher\":{\"@id\":\"https:\/\/www.cric-colombia.org\/portal\/#organization\"},\"keywords\":[\"adenda\",\"cauca\",\"Convocatoria\",\"cric\",\"pidar\",\"Produccion\",\"propuesta\",\"proyecto\"],\"articleSection\":[\"Convocatorias\"],\"inLanguage\":\"es\",\"potentialAction\":[{\"@type\":\"CommentAction\",\"name\":\"Comment\",\"target\":[\"https:\/\/www.cric-colombia.org\/portal\/adenda-n-1-termino-de-referencia-n-01d-constratista-para-la-construccion-de-centro-de-acopio-del-pidar-477-de-2021\/#respond\"]}]},{\"@type\":\"WebPage\",\"@id\":\"https:\/\/www.cric-colombia.org\/portal\/adenda-n-1-termino-de-referencia-n-01d-constratista-para-la-construccion-de-centro-de-acopio-del-pidar-477-de-2021\/\",\"url\":\"https:\/\/www.cric-colombia.org\/portal\/adenda-n-1-termino-de-referencia-n-01d-constratista-para-la-construccion-de-centro-de-acopio-del-pidar-477-de-2021\/\",\"name\":\"Adenda N. 1: T\u00e9rmino de referencia N\u00b0 01D constratista para la construcci\u00f3n de centro de acopio del PIDAR 477 de 2021 - Consejo Regional Ind\u00edgena del Cauca - CRIC\",\"isPartOf\":{\"@id\":\"https:\/\/www.cric-colombia.org\/portal\/#website\"},\"datePublished\":\"2025-07-04T14:50:06+00:00\",\"dateModified\":\"2025-07-04T14:50:06+00:00\",\"breadcrumb\":{\"@id\":\"https:\/\/www.cric-colombia.org\/portal\/adenda-n-1-termino-de-referencia-n-01d-constratista-para-la-construccion-de-centro-de-acopio-del-pidar-477-de-2021\/#breadcrumb\"},\"inLanguage\":\"es\",\"potentialAction\":[{\"@type\":\"ReadAction\",\"target\":[\"https:\/\/www.cric-colombia.org\/portal\/adenda-n-1-termino-de-referencia-n-01d-constratista-para-la-construccion-de-centro-de-acopio-del-pidar-477-de-2021\/\"]}]},{\"@type\":\"BreadcrumbList\",\"@id\":\"https:\/\/www.cric-colombia.org\/portal\/adenda-n-1-termino-de-referencia-n-01d-constratista-para-la-construccion-de-centro-de-acopio-del-pidar-477-de-2021\/#breadcrumb\",\"itemListElement\":[{\"@type\":\"ListItem\",\"position\":1,\"name\":\"Portada\",\"item\":\"https:\/\/www.cric-colombia.org\/portal\/\"},{\"@type\":\"ListItem\",\"position\":2,\"name\":\"Adenda N. 1: T\u00e9rmino de referencia N\u00b0 01D constratista para la construcci\u00f3n de centro de acopio del PIDAR 477 de 2021\"}]},{\"@type\":\"WebSite\",\"@id\":\"https:\/\/www.cric-colombia.org\/portal\/#website\",\"url\":\"https:\/\/www.cric-colombia.org\/portal\/\",\"name\":\"Consejo Regional Ind\u00edgena del Cauca - CRIC\",\"description\":\"P\u00e1gina oficial del Consejo Regional Ind\u00edgena del Cauca, Colombia\",\"publisher\":{\"@id\":\"https:\/\/www.cric-colombia.org\/portal\/#organization\"},\"potentialAction\":[{\"@type\":\"SearchAction\",\"target\":{\"@type\":\"EntryPoint\",\"urlTemplate\":\"https:\/\/www.cric-colombia.org\/portal\/?s={search_term_string}\"},\"query-input\":\"required name=search_term_string\"}],\"inLanguage\":\"es\"},{\"@type\":\"Organization\",\"@id\":\"https:\/\/www.cric-colombia.org\/portal\/#organization\",\"name\":\"Consejo Regional Ind\u00edgena del Cauca\",\"url\":\"https:\/\/www.cric-colombia.org\/portal\/\",\"logo\":{\"@type\":\"ImageObject\",\"inLanguage\":\"es\",\"@id\":\"https:\/\/www.cric-colombia.org\/portal\/#\/schema\/logo\/image\/\",\"url\":\"https:\/\/www.cric-colombia.org\/portal\/wp-content\/uploads\/2015\/08\/logo_cric.jpg\",\"contentUrl\":\"https:\/\/www.cric-colombia.org\/portal\/wp-content\/uploads\/2015\/08\/logo_cric.jpg\",\"width\":512,\"height\":512,\"caption\":\"Consejo Regional Ind\u00edgena del Cauca\"},\"image\":{\"@id\":\"https:\/\/www.cric-colombia.org\/portal\/#\/schema\/logo\/image\/\"},\"sameAs\":[\"https:\/\/www.facebook.com\/cric.colombia\/\",\"https:\/\/twitter.com\/CRIC_Cauca\"]},{\"@type\":\"Person\",\"@id\":\"https:\/\/www.cric-colombia.org\/portal\/#\/schema\/person\/ab3a3099267de33d55f74f34ba201931\",\"name\":\"Comunicaciones CRIC\",\"image\":{\"@type\":\"ImageObject\",\"inLanguage\":\"es\",\"@id\":\"https:\/\/www.cric-colombia.org\/portal\/#\/schema\/person\/image\/\",\"url\":\"https:\/\/secure.gravatar.com\/avatar\/a8d1a6cfcb82a80d09dafefdcc3dcc8a?s=96&d=retro&r=g\",\"contentUrl\":\"https:\/\/secure.gravatar.com\/avatar\/a8d1a6cfcb82a80d09dafefdcc3dcc8a?s=96&d=retro&r=g\",\"caption\":\"Comunicaciones CRIC\"},\"url\":\"https:\/\/www.cric-colombia.org\/portal\/author\/comunicaciones\/\"}]}<\/script>\n<!-- \/ Yoast SEO plugin. -->","yoast_head_json":{"title":"Adenda N. 1: T\u00e9rmino de referencia N\u00b0 01D constratista para la construcci\u00f3n de centro de acopio del PIDAR 477 de 2021 - Consejo Regional Ind\u00edgena del Cauca - CRIC","robots":{"index":"index","follow":"follow","max-snippet":"max-snippet:-1","max-image-preview":"max-image-preview:large","max-video-preview":"max-video-preview:-1"},"canonical":"https:\/\/www.cric-colombia.org\/portal\/adenda-n-1-termino-de-referencia-n-01d-constratista-para-la-construccion-de-centro-de-acopio-del-pidar-477-de-2021\/","og_locale":"es_ES","og_type":"article","og_title":"Adenda N. 1: T\u00e9rmino de referencia N\u00b0 01D constratista para la construcci\u00f3n de centro de acopio del PIDAR 477 de 2021 - Consejo Regional Ind\u00edgena del Cauca - CRIC","og_description":"En el marco de la Resoluci\u00f3n n\u00famero 477 de 2021 por medio de la cual se aprueba la cofinanciaci\u00f3n del Proyecto Integral de Desarrollo Agropecuario y Rural con enfoque territorial radicado con el No 20216100098191 de tipo estrat\u00e9gico Nacional identificado con el BP No 3214, denominado: \u201cfortalecer la agrocadena del caf\u00e9 mediante el apoyo a","og_url":"https:\/\/www.cric-colombia.org\/portal\/adenda-n-1-termino-de-referencia-n-01d-constratista-para-la-construccion-de-centro-de-acopio-del-pidar-477-de-2021\/","og_site_name":"Consejo Regional Ind\u00edgena del Cauca - CRIC","article_publisher":"https:\/\/www.facebook.com\/cric.colombia\/","article_published_time":"2025-07-04T14:50:06+00:00","og_image":[{"width":500,"height":500,"url":"https:\/\/www.cric-colombia.org\/portal\/wp-content\/uploads\/2023\/02\/logo-cric-52-a\u00f1os-4-principios500x500.png","type":"image\/png"}],"author":"Comunicaciones CRIC","twitter_card":"summary_large_image","twitter_creator":"@CRIC_Cauca","twitter_site":"@CRIC_Cauca","twitter_misc":{"Escrito por":"Comunicaciones CRIC","Tiempo de lectura":"1 minuto"},"schema":{"@context":"https:\/\/schema.org","@graph":[{"@type":"Article","@id":"https:\/\/www.cric-colombia.org\/portal\/adenda-n-1-termino-de-referencia-n-01d-constratista-para-la-construccion-de-centro-de-acopio-del-pidar-477-de-2021\/#article","isPartOf":{"@id":"https:\/\/www.cric-colombia.org\/portal\/adenda-n-1-termino-de-referencia-n-01d-constratista-para-la-construccion-de-centro-de-acopio-del-pidar-477-de-2021\/"},"author":{"name":"Comunicaciones CRIC","@id":"https:\/\/www.cric-colombia.org\/portal\/#\/schema\/person\/ab3a3099267de33d55f74f34ba201931"},"headline":"Adenda N. 1: T\u00e9rmino de referencia N\u00b0 01D constratista para la construcci\u00f3n de centro de acopio del PIDAR 477 de 2021","datePublished":"2025-07-04T14:50:06+00:00","dateModified":"2025-07-04T14:50:06+00:00","mainEntityOfPage":{"@id":"https:\/\/www.cric-colombia.org\/portal\/adenda-n-1-termino-de-referencia-n-01d-constratista-para-la-construccion-de-centro-de-acopio-del-pidar-477-de-2021\/"},"wordCount":124,"commentCount":0,"publisher":{"@id":"https:\/\/www.cric-colombia.org\/portal\/#organization"},"keywords":["adenda","cauca","Convocatoria","cric","pidar","Produccion","propuesta","proyecto"],"articleSection":["Convocatorias"],"inLanguage":"es","potentialAction":[{"@type":"CommentAction","name":"Comment","target":["https:\/\/www.cric-colombia.org\/portal\/adenda-n-1-termino-de-referencia-n-01d-constratista-para-la-construccion-de-centro-de-acopio-del-pidar-477-de-2021\/#respond"]}]},{"@type":"WebPage","@id":"https:\/\/www.cric-colombia.org\/portal\/adenda-n-1-termino-de-referencia-n-01d-constratista-para-la-construccion-de-centro-de-acopio-del-pidar-477-de-2021\/","url":"https:\/\/www.cric-colombia.org\/portal\/adenda-n-1-termino-de-referencia-n-01d-constratista-para-la-construccion-de-centro-de-acopio-del-pidar-477-de-2021\/","name":"Adenda N. 1: T\u00e9rmino de referencia N\u00b0 01D constratista para la construcci\u00f3n de centro de acopio del PIDAR 477 de 2021 - Consejo Regional Ind\u00edgena del Cauca - CRIC","isPartOf":{"@id":"https:\/\/www.cric-colombia.org\/portal\/#website"},"datePublished":"2025-07-04T14:50:06+00:00","dateModified":"2025-07-04T14:50:06+00:00","breadcrumb":{"@id":"https:\/\/www.cric-colombia.org\/portal\/adenda-n-1-termino-de-referencia-n-01d-constratista-para-la-construccion-de-centro-de-acopio-del-pidar-477-de-2021\/#breadcrumb"},"inLanguage":"es","potentialAction":[{"@type":"ReadAction","target":["https:\/\/www.cric-colombia.org\/portal\/adenda-n-1-termino-de-referencia-n-01d-constratista-para-la-construccion-de-centro-de-acopio-del-pidar-477-de-2021\/"]}]},{"@type":"BreadcrumbList","@id":"https:\/\/www.cric-colombia.org\/portal\/adenda-n-1-termino-de-referencia-n-01d-constratista-para-la-construccion-de-centro-de-acopio-del-pidar-477-de-2021\/#breadcrumb","itemListElement":[{"@type":"ListItem","position":1,"name":"Portada","item":"https:\/\/www.cric-colombia.org\/portal\/"},{"@type":"ListItem","position":2,"name":"Adenda N. 1: T\u00e9rmino de referencia N\u00b0 01D constratista para la construcci\u00f3n de centro de acopio del PIDAR 477 de 2021"}]},{"@type":"WebSite","@id":"https:\/\/www.cric-colombia.org\/portal\/#website","url":"https:\/\/www.cric-colombia.org\/portal\/","name":"Consejo Regional Ind\u00edgena del Cauca - CRIC","description":"P\u00e1gina oficial del Consejo Regional Ind\u00edgena del Cauca, Colombia","publisher":{"@id":"https:\/\/www.cric-colombia.org\/portal\/#organization"},"potentialAction":[{"@type":"SearchAction","target":{"@type":"EntryPoint","urlTemplate":"https:\/\/www.cric-colombia.org\/portal\/?s={search_term_string}"},"query-input":"required name=search_term_string"}],"inLanguage":"es"},{"@type":"Organization","@id":"https:\/\/www.cric-colombia.org\/portal\/#organization","name":"Consejo Regional Ind\u00edgena del Cauca","url":"https:\/\/www.cric-colombia.org\/portal\/","logo":{"@type":"ImageObject","inLanguage":"es","@id":"https:\/\/www.cric-colombia.org\/portal\/#\/schema\/logo\/image\/","url":"https:\/\/www.cric-colombia.org\/portal\/wp-content\/uploads\/2015\/08\/logo_cric.jpg","contentUrl":"https:\/\/www.cric-colombia.org\/portal\/wp-content\/uploads\/2015\/08\/logo_cric.jpg","width":512,"height":512,"caption":"Consejo Regional Ind\u00edgena del Cauca"},"image":{"@id":"https:\/\/www.cric-colombia.org\/portal\/#\/schema\/logo\/image\/"},"sameAs":["https:\/\/www.facebook.com\/cric.colombia\/","https:\/\/twitter.com\/CRIC_Cauca"]},{"@type":"Person","@id":"https:\/\/www.cric-colombia.org\/portal\/#\/schema\/person\/ab3a3099267de33d55f74f34ba201931","name":"Comunicaciones CRIC","image":{"@type":"ImageObject","inLanguage":"es","@id":"https:\/\/www.cric-colombia.org\/portal\/#\/schema\/person\/image\/","url":"https:\/\/secure.gravatar.com\/avatar\/a8d1a6cfcb82a80d09dafefdcc3dcc8a?s=96&d=retro&r=g","contentUrl":"https:\/\/secure.gravatar.com\/avatar\/a8d1a6cfcb82a80d09dafefdcc3dcc8a?s=96&d=retro&r=g","caption":"Comunicaciones CRIC"},"url":"https:\/\/www.cric-colombia.org\/portal\/author\/comunicaciones\/"}]}},"jetpack_featured_media_url":"https:\/\/www.cric-colombia.org\/portal\/wp-content\/uploads\/2023\/02\/logo-cric-52-a\u00f1os-4-principios500x500.png","_links":{"self":[{"href":"https:\/\/www.cric-colombia.org\/portal\/wp-json\/wp\/v2\/posts\/42692"}],"collection":[{"href":"https:\/\/www.cric-colombia.org\/portal\/wp-json\/wp\/v2\/posts"}],"about":[{"href":"https:\/\/www.cric-colombia.org\/portal\/wp-json\/wp\/v2\/types\/post"}],"author":[{"embeddable":true,"href":"https:\/\/www.cric-colombia.org\/portal\/wp-json\/wp\/v2\/users\/6"}],"replies":[{"embeddable":true,"href":"https:\/\/www.cric-colombia.org\/portal\/wp-json\/wp\/v2\/comments?post=42692"}],"version-history":[{"count":1,"href":"https:\/\/www.cric-colombia.org\/portal\/wp-json\/wp\/v2\/posts\/42692\/revisions"}],"predecessor-version":[{"id":42694,"href":"https:\/\/www.cric-colombia.org\/portal\/wp-json\/wp\/v2\/posts\/42692\/revisions\/42694"}],"wp:featuredmedia":[{"embeddable":true,"href":"https:\/\/www.cric-colombia.org\/portal\/wp-json\/wp\/v2\/media\/36596"}],"wp:attachment":[{"href":"https:\/\/www.cric-colombia.org\/portal\/wp-json\/wp\/v2\/media?parent=42692"}],"wp:term":[{"taxonomy":"category","embeddable":true,"href":"https:\/\/www.cric-colombia.org\/portal\/wp-json\/wp\/v2\/categories?post=42692"},{"taxonomy":"post_tag","embeddable":true,"href":"https:\/\/www.cric-colombia.org\/portal\/wp-json\/wp\/v2\/tags?post=42692"}],"curies":[{"name":"wp","href":"https:\/\/api.w.org\/{rel}","templated":true}]}}