{"id":42674,"date":"2025-07-03T14:04:51","date_gmt":"2025-07-03T19:04:51","guid":{"rendered":"https:\/\/www.cric-colombia.org\/portal\/?p=42674"},"modified":"2025-07-03T14:11:43","modified_gmt":"2025-07-03T19:11:43","slug":"tercer-dia-del-17-congreso-del-cric-en-purace-reflexiones-sobre-la-gobernabilidad-y-el-fortalecimiento-comunitario","status":"publish","type":"post","link":"https:\/\/www.cric-colombia.org\/portal\/tercer-dia-del-17-congreso-del-cric-en-purace-reflexiones-sobre-la-gobernabilidad-y-el-fortalecimiento-comunitario\/","title":{"rendered":"Tercer d\u00eda del 17 Congreso del CRIC en Purac\u00e9: Reflexiones sobre la gobernabilidad y el fortalecimiento comunitario"},"content":{"rendered":"<p style=\"text-align: justify;\">En el tercer d\u00eda del 17 Congreso del Consejo Regional Ind\u00edgena del Cauca (CRIC), que se lleva a cabo en Purac\u00e9, la subcomisi\u00f3n de <strong>Gobernabilidad<\/strong> se reuni\u00f3 para realizar una profunda reflexi\u00f3n sobre el papel fundamental que desempe\u00f1an los comuneros y comuneras en el <strong>proceso organizativo.<\/strong><\/p>\n<p style=\"text-align: justify;\">Durante esta jornada, se destac\u00f3 que <strong>los comuneros y comuneras son el motor principal del CRIC;<\/strong> sin su compromiso y participaci\u00f3n activa, la organizaci\u00f3n perder\u00eda su fuerza y vitalidad. Por ello, se enfatiz\u00f3 la necesidad de <strong>orientar y capacitar<\/strong> constantemente a las comunidades en temas organizativos, fortaleciendo as\u00ed las bases del movimiento.<\/p>\n<p style=\"text-align: justify;\"><img decoding=\"async\" loading=\"lazy\" class=\" wp-image-42676 aligncenter\" src=\"https:\/\/www.cric-colombia.org\/portal\/wp-content\/uploads\/2025\/07\/NOTA-UAIIN-CRIC-1-300x200.png\" alt=\"\" width=\"506\" height=\"337\" srcset=\"https:\/\/www.cric-colombia.org\/portal\/wp-content\/uploads\/2025\/07\/NOTA-UAIIN-CRIC-1-300x200.png 300w, https:\/\/www.cric-colombia.org\/portal\/wp-content\/uploads\/2025\/07\/NOTA-UAIIN-CRIC-1-696x464.png 696w, https:\/\/www.cric-colombia.org\/portal\/wp-content\/uploads\/2025\/07\/NOTA-UAIIN-CRIC-1-630x420.png 630w, https:\/\/www.cric-colombia.org\/portal\/wp-content\/uploads\/2025\/07\/NOTA-UAIIN-CRIC-1.png 700w\" sizes=\"(max-width: 506px) 100vw, 506px\" \/><br \/>\nAsimismo, se subray\u00f3 la importancia de brindar una <strong>adecuada orientaci\u00f3n administrativa<\/strong> dentro del Congreso, ya que la transparencia y claridad en estos aspectos son fundamentales para que los territorios comprendan y participen plenamente en los procesos administrativos de la organizaci\u00f3n.<\/p>\n<p style=\"text-align: justify;\">La comunidad tambi\u00e9n tiene un rol clave en el cuidado y control del proceso organizativo en los distintos espacios que conforman el CRIC. La vigilancia colectiva garantiza que los principios y acuerdos se mantengan firmes, asegurando un desarrollo coherente con las <strong>necesidades y valores<\/strong> de los pueblos ind\u00edgenas.<\/p>\n<p style=\"text-align: justify;\">Por otra parte, se reconoci\u00f3 el papel invaluable de los mayores como pilares esenciales de la organizaci\u00f3n. Ellos han construido el camino mediante su conocimiento ancestral y humildad. Sin embargo, se evidenci\u00f3 que en algunos momentos no han sido suficientemente tenidos en cuenta en las conversaciones ni recibieron el apoyo debido por su labor hist\u00f3rica, por lo que se hizo un<strong> llamado a valorarlos y fortalecer su participaci\u00f3n activa.<\/strong><br \/>\n<img decoding=\"async\" loading=\"lazy\" class=\" wp-image-42678 aligncenter\" src=\"https:\/\/www.cric-colombia.org\/portal\/wp-content\/uploads\/2025\/07\/NOTA-UAIIN-CRIC-3-300x200.png\" alt=\"\" width=\"476\" height=\"318\" srcset=\"https:\/\/www.cric-colombia.org\/portal\/wp-content\/uploads\/2025\/07\/NOTA-UAIIN-CRIC-3-300x200.png 300w, https:\/\/www.cric-colombia.org\/portal\/wp-content\/uploads\/2025\/07\/NOTA-UAIIN-CRIC-3-696x464.png 696w, https:\/\/www.cric-colombia.org\/portal\/wp-content\/uploads\/2025\/07\/NOTA-UAIIN-CRIC-3-630x420.png 630w, https:\/\/www.cric-colombia.org\/portal\/wp-content\/uploads\/2025\/07\/NOTA-UAIIN-CRIC-3.png 700w\" sizes=\"(max-width: 476px) 100vw, 476px\" \/><br \/>\nFinalmente, otro pilar fundamental identificado son las mujeres ind\u00edgenas. A trav\u00e9s de su liderazgo y compromiso, <strong>el proceso avanza hacia un nuevo horizonte.<\/strong> No obstante, se resalt\u00f3 la importancia de seguir apoy\u00e1ndolas en temas de liderazgo para que puedan continuar fortaleciendo su caminar dentro de la organizaci\u00f3n. En un pa\u00eds donde a\u00fan persisten retos para alcanzar la igualdad plena, es necesario impulsar espacios donde las mujeres asuman roles protag\u00f3nicos en todos los niveles del CRIC.<\/p>\n<p style=\"text-align: justify;\">El Congreso contin\u00faa avanzando con estas <strong>reflexiones profundas<\/strong> que buscan fortalecer la gobernabilidad interna y garantizar un proceso organizativo s\u00f3lido, inclusivo y respetuoso con las ra\u00edces ancestrales de los pueblos ind\u00edgenas.<\/p>\n<p><strong><img decoding=\"async\" loading=\"lazy\" class=\" wp-image-42677 aligncenter\" src=\"https:\/\/www.cric-colombia.org\/portal\/wp-content\/uploads\/2025\/07\/NOTA-UAIIN-CRIC-2-300x200.png\" alt=\"\" width=\"499\" height=\"333\" srcset=\"https:\/\/www.cric-colombia.org\/portal\/wp-content\/uploads\/2025\/07\/NOTA-UAIIN-CRIC-2-300x200.png 300w, https:\/\/www.cric-colombia.org\/portal\/wp-content\/uploads\/2025\/07\/NOTA-UAIIN-CRIC-2-696x464.png 696w, https:\/\/www.cric-colombia.org\/portal\/wp-content\/uploads\/2025\/07\/NOTA-UAIIN-CRIC-2-630x420.png 630w, https:\/\/www.cric-colombia.org\/portal\/wp-content\/uploads\/2025\/07\/NOTA-UAIIN-CRIC-2.png 700w\" sizes=\"(max-width: 499px) 100vw, 499px\" \/><\/strong><\/p>\n<p><strong>Comunicaciones UAIIN &#8211; CRIC\u00a0<\/strong><\/p>\n","protected":false},"excerpt":{"rendered":"<p>En el tercer d\u00eda del 17 Congreso del Consejo Regional Ind\u00edgena del Cauca (CRIC), que se lleva a cabo en Purac\u00e9, la subcomisi\u00f3n de Gobernabilidad se reuni\u00f3 para realizar una profunda reflexi\u00f3n sobre el papel fundamental que desempe\u00f1an los comuneros y comuneras en el proceso organizativo. Durante esta jornada, se destac\u00f3 que los comuneros y <\/p>\n","protected":false},"author":6,"featured_media":42682,"comment_status":"open","ping_status":"open","sticky":false,"template":"","format":"standard","meta":{"footnotes":""},"categories":[3,74],"tags":[1209,626,94,796,348,88,642,1268,682,1119],"yoast_head":"<!-- This site is optimized with the Yoast SEO plugin v20.12 - https:\/\/yoast.com\/wordpress\/plugins\/seo\/ -->\n<title>Tercer d\u00eda del 17 Congreso del CRIC en Purac\u00e9: Reflexiones sobre la gobernabilidad y el fortalecimiento comunitario - Consejo Regional Ind\u00edgena del Cauca - CRIC<\/title>\n<meta name=\"robots\" content=\"index, follow, max-snippet:-1, max-image-preview:large, max-video-preview:-1\" \/>\n<link rel=\"canonical\" href=\"https:\/\/www.cric-colombia.org\/portal\/tercer-dia-del-17-congreso-del-cric-en-purace-reflexiones-sobre-la-gobernabilidad-y-el-fortalecimiento-comunitario\/\" \/>\n<meta property=\"og:locale\" content=\"es_ES\" \/>\n<meta property=\"og:type\" content=\"article\" \/>\n<meta property=\"og:title\" content=\"Tercer d\u00eda del 17 Congreso del CRIC en Purac\u00e9: Reflexiones sobre la gobernabilidad y el fortalecimiento comunitario - Consejo Regional Ind\u00edgena del Cauca - CRIC\" \/>\n<meta property=\"og:description\" content=\"En el tercer d\u00eda del 17 Congreso del Consejo Regional Ind\u00edgena del Cauca (CRIC), que se lleva a cabo en Purac\u00e9, la subcomisi\u00f3n de Gobernabilidad se reuni\u00f3 para realizar una profunda reflexi\u00f3n sobre el papel fundamental que desempe\u00f1an los comuneros y comuneras en el proceso organizativo. Durante esta jornada, se destac\u00f3 que los comuneros y\" \/>\n<meta property=\"og:url\" content=\"https:\/\/www.cric-colombia.org\/portal\/tercer-dia-del-17-congreso-del-cric-en-purace-reflexiones-sobre-la-gobernabilidad-y-el-fortalecimiento-comunitario\/\" \/>\n<meta property=\"og:site_name\" content=\"Consejo Regional Ind\u00edgena del Cauca - CRIC\" \/>\n<meta property=\"article:publisher\" content=\"https:\/\/www.facebook.com\/cric.colombia\/\" \/>\n<meta property=\"article:published_time\" content=\"2025-07-03T19:04:51+00:00\" \/>\n<meta property=\"article:modified_time\" content=\"2025-07-03T19:11:43+00:00\" \/>\n<meta property=\"og:image\" content=\"https:\/\/www.cric-colombia.org\/portal\/wp-content\/uploads\/2025\/07\/WEB-PORTADA-CRIC-II.png\" \/>\n\t<meta property=\"og:image:width\" content=\"500\" \/>\n\t<meta property=\"og:image:height\" content=\"333\" \/>\n\t<meta property=\"og:image:type\" content=\"image\/png\" \/>\n<meta name=\"author\" content=\"Comunicaciones CRIC\" \/>\n<meta name=\"twitter:card\" content=\"summary_large_image\" \/>\n<meta name=\"twitter:creator\" content=\"@CRIC_Cauca\" \/>\n<meta name=\"twitter:site\" content=\"@CRIC_Cauca\" \/>\n<meta name=\"twitter:label1\" content=\"Escrito por\" \/>\n\t<meta name=\"twitter:data1\" content=\"Comunicaciones CRIC\" \/>\n\t<meta name=\"twitter:label2\" content=\"Tiempo de lectura\" \/>\n\t<meta name=\"twitter:data2\" content=\"2 minutos\" \/>\n<script type=\"application\/ld+json\" class=\"yoast-schema-graph\">{\"@context\":\"https:\/\/schema.org\",\"@graph\":[{\"@type\":\"Article\",\"@id\":\"https:\/\/www.cric-colombia.org\/portal\/tercer-dia-del-17-congreso-del-cric-en-purace-reflexiones-sobre-la-gobernabilidad-y-el-fortalecimiento-comunitario\/#article\",\"isPartOf\":{\"@id\":\"https:\/\/www.cric-colombia.org\/portal\/tercer-dia-del-17-congreso-del-cric-en-purace-reflexiones-sobre-la-gobernabilidad-y-el-fortalecimiento-comunitario\/\"},\"author\":{\"name\":\"Comunicaciones CRIC\",\"@id\":\"https:\/\/www.cric-colombia.org\/portal\/#\/schema\/person\/ab3a3099267de33d55f74f34ba201931\"},\"headline\":\"Tercer d\u00eda del 17 Congreso del CRIC en Purac\u00e9: Reflexiones sobre la gobernabilidad y el fortalecimiento comunitario\",\"datePublished\":\"2025-07-03T19:04:51+00:00\",\"dateModified\":\"2025-07-03T19:11:43+00:00\",\"mainEntityOfPage\":{\"@id\":\"https:\/\/www.cric-colombia.org\/portal\/tercer-dia-del-17-congreso-del-cric-en-purace-reflexiones-sobre-la-gobernabilidad-y-el-fortalecimiento-comunitario\/\"},\"wordCount\":407,\"commentCount\":0,\"publisher\":{\"@id\":\"https:\/\/www.cric-colombia.org\/portal\/#organization\"},\"keywords\":[\"17 congreso\",\"asamblea\",\"autonomia\",\"comision\",\"Congreso\",\"cric\",\"Gobierno Propio\",\"organizativo\",\"pol\u00edtico\",\"purace\"],\"articleSection\":[\"Actualidad Ind\u00edgena del Cauca\",\"Multimedia\"],\"inLanguage\":\"es\",\"potentialAction\":[{\"@type\":\"CommentAction\",\"name\":\"Comment\",\"target\":[\"https:\/\/www.cric-colombia.org\/portal\/tercer-dia-del-17-congreso-del-cric-en-purace-reflexiones-sobre-la-gobernabilidad-y-el-fortalecimiento-comunitario\/#respond\"]}]},{\"@type\":\"WebPage\",\"@id\":\"https:\/\/www.cric-colombia.org\/portal\/tercer-dia-del-17-congreso-del-cric-en-purace-reflexiones-sobre-la-gobernabilidad-y-el-fortalecimiento-comunitario\/\",\"url\":\"https:\/\/www.cric-colombia.org\/portal\/tercer-dia-del-17-congreso-del-cric-en-purace-reflexiones-sobre-la-gobernabilidad-y-el-fortalecimiento-comunitario\/\",\"name\":\"Tercer d\u00eda del 17 Congreso del CRIC en Purac\u00e9: Reflexiones sobre la gobernabilidad y el fortalecimiento comunitario - Consejo Regional Ind\u00edgena del Cauca - CRIC\",\"isPartOf\":{\"@id\":\"https:\/\/www.cric-colombia.org\/portal\/#website\"},\"datePublished\":\"2025-07-03T19:04:51+00:00\",\"dateModified\":\"2025-07-03T19:11:43+00:00\",\"breadcrumb\":{\"@id\":\"https:\/\/www.cric-colombia.org\/portal\/tercer-dia-del-17-congreso-del-cric-en-purace-reflexiones-sobre-la-gobernabilidad-y-el-fortalecimiento-comunitario\/#breadcrumb\"},\"inLanguage\":\"es\",\"potentialAction\":[{\"@type\":\"ReadAction\",\"target\":[\"https:\/\/www.cric-colombia.org\/portal\/tercer-dia-del-17-congreso-del-cric-en-purace-reflexiones-sobre-la-gobernabilidad-y-el-fortalecimiento-comunitario\/\"]}]},{\"@type\":\"BreadcrumbList\",\"@id\":\"https:\/\/www.cric-colombia.org\/portal\/tercer-dia-del-17-congreso-del-cric-en-purace-reflexiones-sobre-la-gobernabilidad-y-el-fortalecimiento-comunitario\/#breadcrumb\",\"itemListElement\":[{\"@type\":\"ListItem\",\"position\":1,\"name\":\"Portada\",\"item\":\"https:\/\/www.cric-colombia.org\/portal\/\"},{\"@type\":\"ListItem\",\"position\":2,\"name\":\"Tercer d\u00eda del 17 Congreso del CRIC en Purac\u00e9: Reflexiones sobre la gobernabilidad y el fortalecimiento comunitario\"}]},{\"@type\":\"WebSite\",\"@id\":\"https:\/\/www.cric-colombia.org\/portal\/#website\",\"url\":\"https:\/\/www.cric-colombia.org\/portal\/\",\"name\":\"Consejo Regional Ind\u00edgena del Cauca - CRIC\",\"description\":\"P\u00e1gina oficial del Consejo Regional Ind\u00edgena del Cauca, Colombia\",\"publisher\":{\"@id\":\"https:\/\/www.cric-colombia.org\/portal\/#organization\"},\"potentialAction\":[{\"@type\":\"SearchAction\",\"target\":{\"@type\":\"EntryPoint\",\"urlTemplate\":\"https:\/\/www.cric-colombia.org\/portal\/?s={search_term_string}\"},\"query-input\":\"required name=search_term_string\"}],\"inLanguage\":\"es\"},{\"@type\":\"Organization\",\"@id\":\"https:\/\/www.cric-colombia.org\/portal\/#organization\",\"name\":\"Consejo Regional Ind\u00edgena del Cauca\",\"url\":\"https:\/\/www.cric-colombia.org\/portal\/\",\"logo\":{\"@type\":\"ImageObject\",\"inLanguage\":\"es\",\"@id\":\"https:\/\/www.cric-colombia.org\/portal\/#\/schema\/logo\/image\/\",\"url\":\"https:\/\/www.cric-colombia.org\/portal\/wp-content\/uploads\/2015\/08\/logo_cric.jpg\",\"contentUrl\":\"https:\/\/www.cric-colombia.org\/portal\/wp-content\/uploads\/2015\/08\/logo_cric.jpg\",\"width\":512,\"height\":512,\"caption\":\"Consejo Regional Ind\u00edgena del Cauca\"},\"image\":{\"@id\":\"https:\/\/www.cric-colombia.org\/portal\/#\/schema\/logo\/image\/\"},\"sameAs\":[\"https:\/\/www.facebook.com\/cric.colombia\/\",\"https:\/\/twitter.com\/CRIC_Cauca\"]},{\"@type\":\"Person\",\"@id\":\"https:\/\/www.cric-colombia.org\/portal\/#\/schema\/person\/ab3a3099267de33d55f74f34ba201931\",\"name\":\"Comunicaciones CRIC\",\"image\":{\"@type\":\"ImageObject\",\"inLanguage\":\"es\",\"@id\":\"https:\/\/www.cric-colombia.org\/portal\/#\/schema\/person\/image\/\",\"url\":\"https:\/\/secure.gravatar.com\/avatar\/a8d1a6cfcb82a80d09dafefdcc3dcc8a?s=96&d=retro&r=g\",\"contentUrl\":\"https:\/\/secure.gravatar.com\/avatar\/a8d1a6cfcb82a80d09dafefdcc3dcc8a?s=96&d=retro&r=g\",\"caption\":\"Comunicaciones CRIC\"},\"url\":\"https:\/\/www.cric-colombia.org\/portal\/author\/comunicaciones\/\"}]}<\/script>\n<!-- \/ Yoast SEO plugin. -->","yoast_head_json":{"title":"Tercer d\u00eda del 17 Congreso del CRIC en Purac\u00e9: Reflexiones sobre la gobernabilidad y el fortalecimiento comunitario - Consejo Regional Ind\u00edgena del Cauca - CRIC","robots":{"index":"index","follow":"follow","max-snippet":"max-snippet:-1","max-image-preview":"max-image-preview:large","max-video-preview":"max-video-preview:-1"},"canonical":"https:\/\/www.cric-colombia.org\/portal\/tercer-dia-del-17-congreso-del-cric-en-purace-reflexiones-sobre-la-gobernabilidad-y-el-fortalecimiento-comunitario\/","og_locale":"es_ES","og_type":"article","og_title":"Tercer d\u00eda del 17 Congreso del CRIC en Purac\u00e9: Reflexiones sobre la gobernabilidad y el fortalecimiento comunitario - Consejo Regional Ind\u00edgena del Cauca - CRIC","og_description":"En el tercer d\u00eda del 17 Congreso del Consejo Regional Ind\u00edgena del Cauca (CRIC), que se lleva a cabo en Purac\u00e9, la subcomisi\u00f3n de Gobernabilidad se reuni\u00f3 para realizar una profunda reflexi\u00f3n sobre el papel fundamental que desempe\u00f1an los comuneros y comuneras en el proceso organizativo. Durante esta jornada, se destac\u00f3 que los comuneros y","og_url":"https:\/\/www.cric-colombia.org\/portal\/tercer-dia-del-17-congreso-del-cric-en-purace-reflexiones-sobre-la-gobernabilidad-y-el-fortalecimiento-comunitario\/","og_site_name":"Consejo Regional Ind\u00edgena del Cauca - CRIC","article_publisher":"https:\/\/www.facebook.com\/cric.colombia\/","article_published_time":"2025-07-03T19:04:51+00:00","article_modified_time":"2025-07-03T19:11:43+00:00","og_image":[{"width":500,"height":333,"url":"https:\/\/www.cric-colombia.org\/portal\/wp-content\/uploads\/2025\/07\/WEB-PORTADA-CRIC-II.png","type":"image\/png"}],"author":"Comunicaciones CRIC","twitter_card":"summary_large_image","twitter_creator":"@CRIC_Cauca","twitter_site":"@CRIC_Cauca","twitter_misc":{"Escrito por":"Comunicaciones CRIC","Tiempo de lectura":"2 minutos"},"schema":{"@context":"https:\/\/schema.org","@graph":[{"@type":"Article","@id":"https:\/\/www.cric-colombia.org\/portal\/tercer-dia-del-17-congreso-del-cric-en-purace-reflexiones-sobre-la-gobernabilidad-y-el-fortalecimiento-comunitario\/#article","isPartOf":{"@id":"https:\/\/www.cric-colombia.org\/portal\/tercer-dia-del-17-congreso-del-cric-en-purace-reflexiones-sobre-la-gobernabilidad-y-el-fortalecimiento-comunitario\/"},"author":{"name":"Comunicaciones CRIC","@id":"https:\/\/www.cric-colombia.org\/portal\/#\/schema\/person\/ab3a3099267de33d55f74f34ba201931"},"headline":"Tercer d\u00eda del 17 Congreso del CRIC en Purac\u00e9: Reflexiones sobre la gobernabilidad y el fortalecimiento comunitario","datePublished":"2025-07-03T19:04:51+00:00","dateModified":"2025-07-03T19:11:43+00:00","mainEntityOfPage":{"@id":"https:\/\/www.cric-colombia.org\/portal\/tercer-dia-del-17-congreso-del-cric-en-purace-reflexiones-sobre-la-gobernabilidad-y-el-fortalecimiento-comunitario\/"},"wordCount":407,"commentCount":0,"publisher":{"@id":"https:\/\/www.cric-colombia.org\/portal\/#organization"},"keywords":["17 congreso","asamblea","autonomia","comision","Congreso","cric","Gobierno Propio","organizativo","pol\u00edtico","purace"],"articleSection":["Actualidad Ind\u00edgena del Cauca","Multimedia"],"inLanguage":"es","potentialAction":[{"@type":"CommentAction","name":"Comment","target":["https:\/\/www.cric-colombia.org\/portal\/tercer-dia-del-17-congreso-del-cric-en-purace-reflexiones-sobre-la-gobernabilidad-y-el-fortalecimiento-comunitario\/#respond"]}]},{"@type":"WebPage","@id":"https:\/\/www.cric-colombia.org\/portal\/tercer-dia-del-17-congreso-del-cric-en-purace-reflexiones-sobre-la-gobernabilidad-y-el-fortalecimiento-comunitario\/","url":"https:\/\/www.cric-colombia.org\/portal\/tercer-dia-del-17-congreso-del-cric-en-purace-reflexiones-sobre-la-gobernabilidad-y-el-fortalecimiento-comunitario\/","name":"Tercer d\u00eda del 17 Congreso del CRIC en Purac\u00e9: Reflexiones sobre la gobernabilidad y el fortalecimiento comunitario - Consejo Regional Ind\u00edgena del Cauca - CRIC","isPartOf":{"@id":"https:\/\/www.cric-colombia.org\/portal\/#website"},"datePublished":"2025-07-03T19:04:51+00:00","dateModified":"2025-07-03T19:11:43+00:00","breadcrumb":{"@id":"https:\/\/www.cric-colombia.org\/portal\/tercer-dia-del-17-congreso-del-cric-en-purace-reflexiones-sobre-la-gobernabilidad-y-el-fortalecimiento-comunitario\/#breadcrumb"},"inLanguage":"es","potentialAction":[{"@type":"ReadAction","target":["https:\/\/www.cric-colombia.org\/portal\/tercer-dia-del-17-congreso-del-cric-en-purace-reflexiones-sobre-la-gobernabilidad-y-el-fortalecimiento-comunitario\/"]}]},{"@type":"BreadcrumbList","@id":"https:\/\/www.cric-colombia.org\/portal\/tercer-dia-del-17-congreso-del-cric-en-purace-reflexiones-sobre-la-gobernabilidad-y-el-fortalecimiento-comunitario\/#breadcrumb","itemListElement":[{"@type":"ListItem","position":1,"name":"Portada","item":"https:\/\/www.cric-colombia.org\/portal\/"},{"@type":"ListItem","position":2,"name":"Tercer d\u00eda del 17 Congreso del CRIC en Purac\u00e9: Reflexiones sobre la gobernabilidad y el fortalecimiento comunitario"}]},{"@type":"WebSite","@id":"https:\/\/www.cric-colombia.org\/portal\/#website","url":"https:\/\/www.cric-colombia.org\/portal\/","name":"Consejo Regional Ind\u00edgena del Cauca - CRIC","description":"P\u00e1gina oficial del Consejo Regional Ind\u00edgena del Cauca, Colombia","publisher":{"@id":"https:\/\/www.cric-colombia.org\/portal\/#organization"},"potentialAction":[{"@type":"SearchAction","target":{"@type":"EntryPoint","urlTemplate":"https:\/\/www.cric-colombia.org\/portal\/?s={search_term_string}"},"query-input":"required name=search_term_string"}],"inLanguage":"es"},{"@type":"Organization","@id":"https:\/\/www.cric-colombia.org\/portal\/#organization","name":"Consejo Regional Ind\u00edgena del Cauca","url":"https:\/\/www.cric-colombia.org\/portal\/","logo":{"@type":"ImageObject","inLanguage":"es","@id":"https:\/\/www.cric-colombia.org\/portal\/#\/schema\/logo\/image\/","url":"https:\/\/www.cric-colombia.org\/portal\/wp-content\/uploads\/2015\/08\/logo_cric.jpg","contentUrl":"https:\/\/www.cric-colombia.org\/portal\/wp-content\/uploads\/2015\/08\/logo_cric.jpg","width":512,"height":512,"caption":"Consejo Regional Ind\u00edgena del Cauca"},"image":{"@id":"https:\/\/www.cric-colombia.org\/portal\/#\/schema\/logo\/image\/"},"sameAs":["https:\/\/www.facebook.com\/cric.colombia\/","https:\/\/twitter.com\/CRIC_Cauca"]},{"@type":"Person","@id":"https:\/\/www.cric-colombia.org\/portal\/#\/schema\/person\/ab3a3099267de33d55f74f34ba201931","name":"Comunicaciones CRIC","image":{"@type":"ImageObject","inLanguage":"es","@id":"https:\/\/www.cric-colombia.org\/portal\/#\/schema\/person\/image\/","url":"https:\/\/secure.gravatar.com\/avatar\/a8d1a6cfcb82a80d09dafefdcc3dcc8a?s=96&d=retro&r=g","contentUrl":"https:\/\/secure.gravatar.com\/avatar\/a8d1a6cfcb82a80d09dafefdcc3dcc8a?s=96&d=retro&r=g","caption":"Comunicaciones CRIC"},"url":"https:\/\/www.cric-colombia.org\/portal\/author\/comunicaciones\/"}]}},"jetpack_featured_media_url":"https:\/\/www.cric-colombia.org\/portal\/wp-content\/uploads\/2025\/07\/WEB-PORTADA-CRIC-II.png","_links":{"self":[{"href":"https:\/\/www.cric-colombia.org\/portal\/wp-json\/wp\/v2\/posts\/42674"}],"collection":[{"href":"https:\/\/www.cric-colombia.org\/portal\/wp-json\/wp\/v2\/posts"}],"about":[{"href":"https:\/\/www.cric-colombia.org\/portal\/wp-json\/wp\/v2\/types\/post"}],"author":[{"embeddable":true,"href":"https:\/\/www.cric-colombia.org\/portal\/wp-json\/wp\/v2\/users\/6"}],"replies":[{"embeddable":true,"href":"https:\/\/www.cric-colombia.org\/portal\/wp-json\/wp\/v2\/comments?post=42674"}],"version-history":[{"count":3,"href":"https:\/\/www.cric-colombia.org\/portal\/wp-json\/wp\/v2\/posts\/42674\/revisions"}],"predecessor-version":[{"id":42681,"href":"https:\/\/www.cric-colombia.org\/portal\/wp-json\/wp\/v2\/posts\/42674\/revisions\/42681"}],"wp:featuredmedia":[{"embeddable":true,"href":"https:\/\/www.cric-colombia.org\/portal\/wp-json\/wp\/v2\/media\/42682"}],"wp:attachment":[{"href":"https:\/\/www.cric-colombia.org\/portal\/wp-json\/wp\/v2\/media?parent=42674"}],"wp:term":[{"taxonomy":"category","embeddable":true,"href":"https:\/\/www.cric-colombia.org\/portal\/wp-json\/wp\/v2\/categories?post=42674"},{"taxonomy":"post_tag","embeddable":true,"href":"https:\/\/www.cric-colombia.org\/portal\/wp-json\/wp\/v2\/tags?post=42674"}],"curies":[{"name":"wp","href":"https:\/\/api.w.org\/{rel}","templated":true}]}}