{"id":42658,"date":"2025-07-03T10:42:07","date_gmt":"2025-07-03T15:42:07","guid":{"rendered":"https:\/\/www.cric-colombia.org\/portal\/?p=42658"},"modified":"2025-07-03T11:16:36","modified_gmt":"2025-07-03T16:16:36","slug":"cocinas-del-congreso-cric-donde-tambien-se-teje-la-resistencia","status":"publish","type":"post","link":"https:\/\/www.cric-colombia.org\/portal\/cocinas-del-congreso-cric-donde-tambien-se-teje-la-resistencia\/","title":{"rendered":"Cocinas del Congreso CRIC: donde tambi\u00e9n se teje la resistencia"},"content":{"rendered":"<p style=\"font-weight: 400; text-align: justify;\">Mientras en los escenarios del Congreso se alzan las consignas de dignidad y se tejen propuestas para fortalecer la lucha de los pueblos originarios, en las cocinas comunitarias tambi\u00e9n se<strong> construye, con alimentos, la base de la autonom\u00eda, la salud y la vida<\/strong> digna.<\/p>\n<p style=\"font-weight: 400; text-align: justify;\">Mujeres y hombres provenientes de los territorios del CRIC han asumido con compromiso y amor la tarea de alimentar a miles de comuneros y comuneras que participan en el 17 Congreso del Consejo Regional Ind\u00edgena del Cauca.<\/p>\n<p><img decoding=\"async\" loading=\"lazy\" class=\"wp-image-42659 aligncenter\" src=\"https:\/\/www.cric-colombia.org\/portal\/wp-content\/uploads\/2025\/07\/cocina-1-300x169.jpg\" alt=\"\" width=\"549\" height=\"309\" srcset=\"https:\/\/www.cric-colombia.org\/portal\/wp-content\/uploads\/2025\/07\/cocina-1-300x169.jpg 300w, https:\/\/www.cric-colombia.org\/portal\/wp-content\/uploads\/2025\/07\/cocina-1-1024x576.jpg 1024w, https:\/\/www.cric-colombia.org\/portal\/wp-content\/uploads\/2025\/07\/cocina-1-768x432.jpg 768w, https:\/\/www.cric-colombia.org\/portal\/wp-content\/uploads\/2025\/07\/cocina-1-1536x864.jpg 1536w, https:\/\/www.cric-colombia.org\/portal\/wp-content\/uploads\/2025\/07\/cocina-1-696x392.jpg 696w, https:\/\/www.cric-colombia.org\/portal\/wp-content\/uploads\/2025\/07\/cocina-1-1068x601.jpg 1068w, https:\/\/www.cric-colombia.org\/portal\/wp-content\/uploads\/2025\/07\/cocina-1-747x420.jpg 747w, https:\/\/www.cric-colombia.org\/portal\/wp-content\/uploads\/2025\/07\/cocina-1.jpg 1920w\" sizes=\"(max-width: 549px) 100vw, 549px\" \/><\/p>\n<p style=\"font-weight: 400; text-align: justify;\">Desde antes del amanecer, las manos sabias ya est\u00e1n activas:<strong> pelando, moliendo, cocinando y organizando<\/strong> los alimentos que fortalecen los cuerpos y el esp\u00edritu de lucha.<\/p>\n<p style=\"font-weight: 400; text-align: justify;\">Pero aqu\u00ed no se cocina cualquier cosa. En cada olla se defiende la soberan\u00eda alimentaria: alimentos que vienen del territorio, <strong>cultivados sin venenos,<\/strong> nacidos de las semillas propias y del trabajo comunitario. <strong>Es el ma\u00edz, la yuca, el caf\u00e9, la papa nativa, el mote,<\/strong> los pl\u00e1tanos sembrados con cari\u00f1o.<\/p>\n<blockquote class=\"td_pull_quote td_pull_center\">\n<p style=\"font-weight: 400;\">\u201cAqu\u00ed no solo alimentamos. Aqu\u00ed resistimos con lo que sembramos, con lo que cuidamos. Porque alimentarse bien tambi\u00e9n es una forma de decir no a lo que nos quieren imponer\u201d, <span lang=\"es\">dice do\u00f1a Saturia Ilamo Talaga, cocinera tradicional de Tacuey\u00f3.<\/span><\/p>\n<\/blockquote>\n<p style=\"font-weight: 400; text-align: justify;\"><img decoding=\"async\" loading=\"lazy\" class=\"wp-image-42668 aligncenter\" src=\"https:\/\/www.cric-colombia.org\/portal\/wp-content\/uploads\/2025\/07\/Semillas-23-300x225.jpg\" alt=\"\" width=\"564\" height=\"423\" srcset=\"https:\/\/www.cric-colombia.org\/portal\/wp-content\/uploads\/2025\/07\/Semillas-23-300x225.jpg 300w, https:\/\/www.cric-colombia.org\/portal\/wp-content\/uploads\/2025\/07\/Semillas-23-1024x768.jpg 1024w, https:\/\/www.cric-colombia.org\/portal\/wp-content\/uploads\/2025\/07\/Semillas-23-768x576.jpg 768w, https:\/\/www.cric-colombia.org\/portal\/wp-content\/uploads\/2025\/07\/Semillas-23-1536x1152.jpg 1536w, https:\/\/www.cric-colombia.org\/portal\/wp-content\/uploads\/2025\/07\/Semillas-23-80x60.jpg 80w, https:\/\/www.cric-colombia.org\/portal\/wp-content\/uploads\/2025\/07\/Semillas-23-265x198.jpg 265w, https:\/\/www.cric-colombia.org\/portal\/wp-content\/uploads\/2025\/07\/Semillas-23-696x522.jpg 696w, https:\/\/www.cric-colombia.org\/portal\/wp-content\/uploads\/2025\/07\/Semillas-23-1068x801.jpg 1068w, https:\/\/www.cric-colombia.org\/portal\/wp-content\/uploads\/2025\/07\/Semillas-23-560x420.jpg 560w, https:\/\/www.cric-colombia.org\/portal\/wp-content\/uploads\/2025\/07\/Semillas-23.jpg 2048w\" sizes=\"(max-width: 564px) 100vw, 564px\" \/>Las cocinas del Congreso son tambi\u00e9n <strong>espacios de di\u00e1logo, aprendizaje intergeneracional<\/strong> y cuidado mutuo. All\u00ed, mientras se mueve la cuchara de palo, se conversa sobre la importancia de mantener vivas las <strong>pr\u00e1cticas ancestrales,<\/strong> de seguir cultivando sin depender de agroindustrias y de proteger el territorio.<\/p>\n<blockquote class=\"td_pull_quote td_pull_center\">\n<p style=\"font-weight: 400;\">\u201cNuestra lucha tambi\u00e9n pasa por el fog\u00f3n. Si dejamos perder nuestras semillas, nuestras formas de alimentarnos, tambi\u00e9n estamos dejando perder parte de nuestra cultura\u201d, comparte Daniela Yule, cocinera ancestral de Munchique Los Tigres.<\/p>\n<\/blockquote>\n<p style=\"font-weight: 400; text-align: justify;\">Por eso, en este Congreso, <strong>reconocer a las cocinas,<\/strong> las tulpas es reconocer que la resistencia no solo est\u00e1 en los discursos, sino tambi\u00e9n en lo cotidiano, en cada bocado, en cada olla, en cada fuego encendido para cuidar la vida.<\/p>\n<p><img decoding=\"async\" loading=\"lazy\" class=\" wp-image-42669 aligncenter\" src=\"https:\/\/www.cric-colombia.org\/portal\/wp-content\/uploads\/2025\/07\/Semillas-21-300x225.jpg\" alt=\"\" width=\"529\" height=\"397\" srcset=\"https:\/\/www.cric-colombia.org\/portal\/wp-content\/uploads\/2025\/07\/Semillas-21-300x225.jpg 300w, https:\/\/www.cric-colombia.org\/portal\/wp-content\/uploads\/2025\/07\/Semillas-21-1024x768.jpg 1024w, https:\/\/www.cric-colombia.org\/portal\/wp-content\/uploads\/2025\/07\/Semillas-21-768x576.jpg 768w, https:\/\/www.cric-colombia.org\/portal\/wp-content\/uploads\/2025\/07\/Semillas-21-1536x1152.jpg 1536w, https:\/\/www.cric-colombia.org\/portal\/wp-content\/uploads\/2025\/07\/Semillas-21-80x60.jpg 80w, https:\/\/www.cric-colombia.org\/portal\/wp-content\/uploads\/2025\/07\/Semillas-21-265x198.jpg 265w, https:\/\/www.cric-colombia.org\/portal\/wp-content\/uploads\/2025\/07\/Semillas-21-696x522.jpg 696w, https:\/\/www.cric-colombia.org\/portal\/wp-content\/uploads\/2025\/07\/Semillas-21-1068x801.jpg 1068w, https:\/\/www.cric-colombia.org\/portal\/wp-content\/uploads\/2025\/07\/Semillas-21-560x420.jpg 560w, https:\/\/www.cric-colombia.org\/portal\/wp-content\/uploads\/2025\/07\/Semillas-21.jpg 2048w\" sizes=\"(max-width: 529px) 100vw, 529px\" \/><\/p>\n<p style=\"font-weight: 400; text-align: justify;\"><strong>Comunicaciones CRIC\u00a0<\/strong><\/p>\n<p style=\"font-weight: 400; text-align: justify;\">\n","protected":false},"excerpt":{"rendered":"<p>Mientras en los escenarios del Congreso se alzan las consignas de dignidad y se tejen propuestas para fortalecer la lucha de los pueblos originarios, en las cocinas comunitarias tambi\u00e9n se construye, con alimentos, la base de la autonom\u00eda, la salud y la vida digna. Mujeres y hombres provenientes de los territorios del CRIC han asumido <\/p>\n","protected":false},"author":6,"featured_media":42665,"comment_status":"open","ping_status":"open","sticky":false,"template":"","format":"standard","meta":{"footnotes":""},"categories":[3,74],"tags":[1238,89,827,348,88,1119,172,675,1265],"yoast_head":"<!-- This site is optimized with the Yoast SEO plugin v20.12 - https:\/\/yoast.com\/wordpress\/plugins\/seo\/ -->\n<title>Cocinas del Congreso CRIC: donde tambi\u00e9n se teje la resistencia - Consejo Regional Ind\u00edgena del Cauca - CRIC<\/title>\n<meta name=\"robots\" content=\"index, follow, max-snippet:-1, max-image-preview:large, max-video-preview:-1\" \/>\n<link rel=\"canonical\" href=\"https:\/\/www.cric-colombia.org\/portal\/cocinas-del-congreso-cric-donde-tambien-se-teje-la-resistencia\/\" \/>\n<meta property=\"og:locale\" content=\"es_ES\" \/>\n<meta property=\"og:type\" content=\"article\" \/>\n<meta property=\"og:title\" content=\"Cocinas del Congreso CRIC: donde tambi\u00e9n se teje la resistencia - Consejo Regional Ind\u00edgena del Cauca - CRIC\" \/>\n<meta property=\"og:description\" content=\"Mientras en los escenarios del Congreso se alzan las consignas de dignidad y se tejen propuestas para fortalecer la lucha de los pueblos originarios, en las cocinas comunitarias tambi\u00e9n se construye, con alimentos, la base de la autonom\u00eda, la salud y la vida digna. Mujeres y hombres provenientes de los territorios del CRIC han asumido\" \/>\n<meta property=\"og:url\" content=\"https:\/\/www.cric-colombia.org\/portal\/cocinas-del-congreso-cric-donde-tambien-se-teje-la-resistencia\/\" \/>\n<meta property=\"og:site_name\" content=\"Consejo Regional Ind\u00edgena del Cauca - CRIC\" \/>\n<meta property=\"article:publisher\" content=\"https:\/\/www.facebook.com\/cric.colombia\/\" \/>\n<meta property=\"article:published_time\" content=\"2025-07-03T15:42:07+00:00\" \/>\n<meta property=\"article:modified_time\" content=\"2025-07-03T16:16:36+00:00\" \/>\n<meta property=\"og:image\" content=\"https:\/\/www.cric-colombia.org\/portal\/wp-content\/uploads\/2025\/07\/COCINA-WEB-PORTADA.png\" \/>\n\t<meta property=\"og:image:width\" content=\"700\" \/>\n\t<meta property=\"og:image:height\" content=\"394\" \/>\n\t<meta property=\"og:image:type\" content=\"image\/png\" \/>\n<meta name=\"author\" content=\"Comunicaciones CRIC\" \/>\n<meta name=\"twitter:card\" content=\"summary_large_image\" \/>\n<meta name=\"twitter:creator\" content=\"@CRIC_Cauca\" \/>\n<meta name=\"twitter:site\" content=\"@CRIC_Cauca\" \/>\n<meta name=\"twitter:label1\" content=\"Escrito por\" \/>\n\t<meta name=\"twitter:data1\" content=\"Comunicaciones CRIC\" \/>\n\t<meta name=\"twitter:label2\" content=\"Tiempo de lectura\" \/>\n\t<meta name=\"twitter:data2\" content=\"2 minutos\" \/>\n<script type=\"application\/ld+json\" class=\"yoast-schema-graph\">{\"@context\":\"https:\/\/schema.org\",\"@graph\":[{\"@type\":\"Article\",\"@id\":\"https:\/\/www.cric-colombia.org\/portal\/cocinas-del-congreso-cric-donde-tambien-se-teje-la-resistencia\/#article\",\"isPartOf\":{\"@id\":\"https:\/\/www.cric-colombia.org\/portal\/cocinas-del-congreso-cric-donde-tambien-se-teje-la-resistencia\/\"},\"author\":{\"name\":\"Comunicaciones CRIC\",\"@id\":\"https:\/\/www.cric-colombia.org\/portal\/#\/schema\/person\/ab3a3099267de33d55f74f34ba201931\"},\"headline\":\"Cocinas del Congreso CRIC: donde tambi\u00e9n se teje la resistencia\",\"datePublished\":\"2025-07-03T15:42:07+00:00\",\"dateModified\":\"2025-07-03T16:16:36+00:00\",\"mainEntityOfPage\":{\"@id\":\"https:\/\/www.cric-colombia.org\/portal\/cocinas-del-congreso-cric-donde-tambien-se-teje-la-resistencia\/\"},\"wordCount\":344,\"commentCount\":0,\"publisher\":{\"@id\":\"https:\/\/www.cric-colombia.org\/portal\/#organization\"},\"keywords\":[\"alimentaci\u00f3n\",\"cauca\",\"cocina\",\"Congreso\",\"cric\",\"purace\",\"Resistencia\",\"semillas\",\"soberania\"],\"articleSection\":[\"Actualidad Ind\u00edgena del Cauca\",\"Multimedia\"],\"inLanguage\":\"es\",\"potentialAction\":[{\"@type\":\"CommentAction\",\"name\":\"Comment\",\"target\":[\"https:\/\/www.cric-colombia.org\/portal\/cocinas-del-congreso-cric-donde-tambien-se-teje-la-resistencia\/#respond\"]}]},{\"@type\":\"WebPage\",\"@id\":\"https:\/\/www.cric-colombia.org\/portal\/cocinas-del-congreso-cric-donde-tambien-se-teje-la-resistencia\/\",\"url\":\"https:\/\/www.cric-colombia.org\/portal\/cocinas-del-congreso-cric-donde-tambien-se-teje-la-resistencia\/\",\"name\":\"Cocinas del Congreso CRIC: donde tambi\u00e9n se teje la resistencia - Consejo Regional Ind\u00edgena del Cauca - CRIC\",\"isPartOf\":{\"@id\":\"https:\/\/www.cric-colombia.org\/portal\/#website\"},\"datePublished\":\"2025-07-03T15:42:07+00:00\",\"dateModified\":\"2025-07-03T16:16:36+00:00\",\"breadcrumb\":{\"@id\":\"https:\/\/www.cric-colombia.org\/portal\/cocinas-del-congreso-cric-donde-tambien-se-teje-la-resistencia\/#breadcrumb\"},\"inLanguage\":\"es\",\"potentialAction\":[{\"@type\":\"ReadAction\",\"target\":[\"https:\/\/www.cric-colombia.org\/portal\/cocinas-del-congreso-cric-donde-tambien-se-teje-la-resistencia\/\"]}]},{\"@type\":\"BreadcrumbList\",\"@id\":\"https:\/\/www.cric-colombia.org\/portal\/cocinas-del-congreso-cric-donde-tambien-se-teje-la-resistencia\/#breadcrumb\",\"itemListElement\":[{\"@type\":\"ListItem\",\"position\":1,\"name\":\"Portada\",\"item\":\"https:\/\/www.cric-colombia.org\/portal\/\"},{\"@type\":\"ListItem\",\"position\":2,\"name\":\"Cocinas del Congreso CRIC: donde tambi\u00e9n se teje la resistencia\"}]},{\"@type\":\"WebSite\",\"@id\":\"https:\/\/www.cric-colombia.org\/portal\/#website\",\"url\":\"https:\/\/www.cric-colombia.org\/portal\/\",\"name\":\"Consejo Regional Ind\u00edgena del Cauca - CRIC\",\"description\":\"P\u00e1gina oficial del Consejo Regional Ind\u00edgena del Cauca, Colombia\",\"publisher\":{\"@id\":\"https:\/\/www.cric-colombia.org\/portal\/#organization\"},\"potentialAction\":[{\"@type\":\"SearchAction\",\"target\":{\"@type\":\"EntryPoint\",\"urlTemplate\":\"https:\/\/www.cric-colombia.org\/portal\/?s={search_term_string}\"},\"query-input\":\"required name=search_term_string\"}],\"inLanguage\":\"es\"},{\"@type\":\"Organization\",\"@id\":\"https:\/\/www.cric-colombia.org\/portal\/#organization\",\"name\":\"Consejo Regional Ind\u00edgena del Cauca\",\"url\":\"https:\/\/www.cric-colombia.org\/portal\/\",\"logo\":{\"@type\":\"ImageObject\",\"inLanguage\":\"es\",\"@id\":\"https:\/\/www.cric-colombia.org\/portal\/#\/schema\/logo\/image\/\",\"url\":\"https:\/\/www.cric-colombia.org\/portal\/wp-content\/uploads\/2015\/08\/logo_cric.jpg\",\"contentUrl\":\"https:\/\/www.cric-colombia.org\/portal\/wp-content\/uploads\/2015\/08\/logo_cric.jpg\",\"width\":512,\"height\":512,\"caption\":\"Consejo Regional Ind\u00edgena del Cauca\"},\"image\":{\"@id\":\"https:\/\/www.cric-colombia.org\/portal\/#\/schema\/logo\/image\/\"},\"sameAs\":[\"https:\/\/www.facebook.com\/cric.colombia\/\",\"https:\/\/twitter.com\/CRIC_Cauca\"]},{\"@type\":\"Person\",\"@id\":\"https:\/\/www.cric-colombia.org\/portal\/#\/schema\/person\/ab3a3099267de33d55f74f34ba201931\",\"name\":\"Comunicaciones CRIC\",\"image\":{\"@type\":\"ImageObject\",\"inLanguage\":\"es\",\"@id\":\"https:\/\/www.cric-colombia.org\/portal\/#\/schema\/person\/image\/\",\"url\":\"https:\/\/secure.gravatar.com\/avatar\/a8d1a6cfcb82a80d09dafefdcc3dcc8a?s=96&d=retro&r=g\",\"contentUrl\":\"https:\/\/secure.gravatar.com\/avatar\/a8d1a6cfcb82a80d09dafefdcc3dcc8a?s=96&d=retro&r=g\",\"caption\":\"Comunicaciones CRIC\"},\"url\":\"https:\/\/www.cric-colombia.org\/portal\/author\/comunicaciones\/\"}]}<\/script>\n<!-- \/ Yoast SEO plugin. -->","yoast_head_json":{"title":"Cocinas del Congreso CRIC: donde tambi\u00e9n se teje la resistencia - Consejo Regional Ind\u00edgena del Cauca - CRIC","robots":{"index":"index","follow":"follow","max-snippet":"max-snippet:-1","max-image-preview":"max-image-preview:large","max-video-preview":"max-video-preview:-1"},"canonical":"https:\/\/www.cric-colombia.org\/portal\/cocinas-del-congreso-cric-donde-tambien-se-teje-la-resistencia\/","og_locale":"es_ES","og_type":"article","og_title":"Cocinas del Congreso CRIC: donde tambi\u00e9n se teje la resistencia - Consejo Regional Ind\u00edgena del Cauca - CRIC","og_description":"Mientras en los escenarios del Congreso se alzan las consignas de dignidad y se tejen propuestas para fortalecer la lucha de los pueblos originarios, en las cocinas comunitarias tambi\u00e9n se construye, con alimentos, la base de la autonom\u00eda, la salud y la vida digna. Mujeres y hombres provenientes de los territorios del CRIC han asumido","og_url":"https:\/\/www.cric-colombia.org\/portal\/cocinas-del-congreso-cric-donde-tambien-se-teje-la-resistencia\/","og_site_name":"Consejo Regional Ind\u00edgena del Cauca - CRIC","article_publisher":"https:\/\/www.facebook.com\/cric.colombia\/","article_published_time":"2025-07-03T15:42:07+00:00","article_modified_time":"2025-07-03T16:16:36+00:00","og_image":[{"width":700,"height":394,"url":"https:\/\/www.cric-colombia.org\/portal\/wp-content\/uploads\/2025\/07\/COCINA-WEB-PORTADA.png","type":"image\/png"}],"author":"Comunicaciones CRIC","twitter_card":"summary_large_image","twitter_creator":"@CRIC_Cauca","twitter_site":"@CRIC_Cauca","twitter_misc":{"Escrito por":"Comunicaciones CRIC","Tiempo de lectura":"2 minutos"},"schema":{"@context":"https:\/\/schema.org","@graph":[{"@type":"Article","@id":"https:\/\/www.cric-colombia.org\/portal\/cocinas-del-congreso-cric-donde-tambien-se-teje-la-resistencia\/#article","isPartOf":{"@id":"https:\/\/www.cric-colombia.org\/portal\/cocinas-del-congreso-cric-donde-tambien-se-teje-la-resistencia\/"},"author":{"name":"Comunicaciones CRIC","@id":"https:\/\/www.cric-colombia.org\/portal\/#\/schema\/person\/ab3a3099267de33d55f74f34ba201931"},"headline":"Cocinas del Congreso CRIC: donde tambi\u00e9n se teje la resistencia","datePublished":"2025-07-03T15:42:07+00:00","dateModified":"2025-07-03T16:16:36+00:00","mainEntityOfPage":{"@id":"https:\/\/www.cric-colombia.org\/portal\/cocinas-del-congreso-cric-donde-tambien-se-teje-la-resistencia\/"},"wordCount":344,"commentCount":0,"publisher":{"@id":"https:\/\/www.cric-colombia.org\/portal\/#organization"},"keywords":["alimentaci\u00f3n","cauca","cocina","Congreso","cric","purace","Resistencia","semillas","soberania"],"articleSection":["Actualidad Ind\u00edgena del Cauca","Multimedia"],"inLanguage":"es","potentialAction":[{"@type":"CommentAction","name":"Comment","target":["https:\/\/www.cric-colombia.org\/portal\/cocinas-del-congreso-cric-donde-tambien-se-teje-la-resistencia\/#respond"]}]},{"@type":"WebPage","@id":"https:\/\/www.cric-colombia.org\/portal\/cocinas-del-congreso-cric-donde-tambien-se-teje-la-resistencia\/","url":"https:\/\/www.cric-colombia.org\/portal\/cocinas-del-congreso-cric-donde-tambien-se-teje-la-resistencia\/","name":"Cocinas del Congreso CRIC: donde tambi\u00e9n se teje la resistencia - Consejo Regional Ind\u00edgena del Cauca - CRIC","isPartOf":{"@id":"https:\/\/www.cric-colombia.org\/portal\/#website"},"datePublished":"2025-07-03T15:42:07+00:00","dateModified":"2025-07-03T16:16:36+00:00","breadcrumb":{"@id":"https:\/\/www.cric-colombia.org\/portal\/cocinas-del-congreso-cric-donde-tambien-se-teje-la-resistencia\/#breadcrumb"},"inLanguage":"es","potentialAction":[{"@type":"ReadAction","target":["https:\/\/www.cric-colombia.org\/portal\/cocinas-del-congreso-cric-donde-tambien-se-teje-la-resistencia\/"]}]},{"@type":"BreadcrumbList","@id":"https:\/\/www.cric-colombia.org\/portal\/cocinas-del-congreso-cric-donde-tambien-se-teje-la-resistencia\/#breadcrumb","itemListElement":[{"@type":"ListItem","position":1,"name":"Portada","item":"https:\/\/www.cric-colombia.org\/portal\/"},{"@type":"ListItem","position":2,"name":"Cocinas del Congreso CRIC: donde tambi\u00e9n se teje la resistencia"}]},{"@type":"WebSite","@id":"https:\/\/www.cric-colombia.org\/portal\/#website","url":"https:\/\/www.cric-colombia.org\/portal\/","name":"Consejo Regional Ind\u00edgena del Cauca - CRIC","description":"P\u00e1gina oficial del Consejo Regional Ind\u00edgena del Cauca, Colombia","publisher":{"@id":"https:\/\/www.cric-colombia.org\/portal\/#organization"},"potentialAction":[{"@type":"SearchAction","target":{"@type":"EntryPoint","urlTemplate":"https:\/\/www.cric-colombia.org\/portal\/?s={search_term_string}"},"query-input":"required name=search_term_string"}],"inLanguage":"es"},{"@type":"Organization","@id":"https:\/\/www.cric-colombia.org\/portal\/#organization","name":"Consejo Regional Ind\u00edgena del Cauca","url":"https:\/\/www.cric-colombia.org\/portal\/","logo":{"@type":"ImageObject","inLanguage":"es","@id":"https:\/\/www.cric-colombia.org\/portal\/#\/schema\/logo\/image\/","url":"https:\/\/www.cric-colombia.org\/portal\/wp-content\/uploads\/2015\/08\/logo_cric.jpg","contentUrl":"https:\/\/www.cric-colombia.org\/portal\/wp-content\/uploads\/2015\/08\/logo_cric.jpg","width":512,"height":512,"caption":"Consejo Regional Ind\u00edgena del Cauca"},"image":{"@id":"https:\/\/www.cric-colombia.org\/portal\/#\/schema\/logo\/image\/"},"sameAs":["https:\/\/www.facebook.com\/cric.colombia\/","https:\/\/twitter.com\/CRIC_Cauca"]},{"@type":"Person","@id":"https:\/\/www.cric-colombia.org\/portal\/#\/schema\/person\/ab3a3099267de33d55f74f34ba201931","name":"Comunicaciones CRIC","image":{"@type":"ImageObject","inLanguage":"es","@id":"https:\/\/www.cric-colombia.org\/portal\/#\/schema\/person\/image\/","url":"https:\/\/secure.gravatar.com\/avatar\/a8d1a6cfcb82a80d09dafefdcc3dcc8a?s=96&d=retro&r=g","contentUrl":"https:\/\/secure.gravatar.com\/avatar\/a8d1a6cfcb82a80d09dafefdcc3dcc8a?s=96&d=retro&r=g","caption":"Comunicaciones CRIC"},"url":"https:\/\/www.cric-colombia.org\/portal\/author\/comunicaciones\/"}]}},"jetpack_featured_media_url":"https:\/\/www.cric-colombia.org\/portal\/wp-content\/uploads\/2025\/07\/COCINA-WEB-PORTADA.png","_links":{"self":[{"href":"https:\/\/www.cric-colombia.org\/portal\/wp-json\/wp\/v2\/posts\/42658"}],"collection":[{"href":"https:\/\/www.cric-colombia.org\/portal\/wp-json\/wp\/v2\/posts"}],"about":[{"href":"https:\/\/www.cric-colombia.org\/portal\/wp-json\/wp\/v2\/types\/post"}],"author":[{"embeddable":true,"href":"https:\/\/www.cric-colombia.org\/portal\/wp-json\/wp\/v2\/users\/6"}],"replies":[{"embeddable":true,"href":"https:\/\/www.cric-colombia.org\/portal\/wp-json\/wp\/v2\/comments?post=42658"}],"version-history":[{"count":5,"href":"https:\/\/www.cric-colombia.org\/portal\/wp-json\/wp\/v2\/posts\/42658\/revisions"}],"predecessor-version":[{"id":42670,"href":"https:\/\/www.cric-colombia.org\/portal\/wp-json\/wp\/v2\/posts\/42658\/revisions\/42670"}],"wp:featuredmedia":[{"embeddable":true,"href":"https:\/\/www.cric-colombia.org\/portal\/wp-json\/wp\/v2\/media\/42665"}],"wp:attachment":[{"href":"https:\/\/www.cric-colombia.org\/portal\/wp-json\/wp\/v2\/media?parent=42658"}],"wp:term":[{"taxonomy":"category","embeddable":true,"href":"https:\/\/www.cric-colombia.org\/portal\/wp-json\/wp\/v2\/categories?post=42658"},{"taxonomy":"post_tag","embeddable":true,"href":"https:\/\/www.cric-colombia.org\/portal\/wp-json\/wp\/v2\/tags?post=42658"}],"curies":[{"name":"wp","href":"https:\/\/api.w.org\/{rel}","templated":true}]}}