{"id":42598,"date":"2025-06-26T08:23:35","date_gmt":"2025-06-26T13:23:35","guid":{"rendered":"https:\/\/www.cric-colombia.org\/portal\/?p=42598"},"modified":"2025-06-26T08:23:35","modified_gmt":"2025-06-26T13:23:35","slug":"denuncia-publica-nacional-atentado-contra-coordinador-de-guardia-indigena-en-morales-cauca","status":"publish","type":"post","link":"https:\/\/www.cric-colombia.org\/portal\/denuncia-publica-nacional-atentado-contra-coordinador-de-guardia-indigena-en-morales-cauca\/","title":{"rendered":"Denuncia p\u00fablica nacional: Atentado contra coordinador de Guardia Ind\u00edgena en Morales, Cauca"},"content":{"rendered":"<p style=\"font-weight: 400; text-align: justify;\"><strong>Hechos:<\/strong><\/p>\n<p>El d\u00eda de ayer 25 de junio del presente a\u00f1o, hombres armados atentan contra la vida del coordinador de Guardia Ind\u00edgena de Uh Wala Vxic <strong>ESTIVEN TORRES <\/strong>y un hombre de protecci\u00f3n de la Unidad Nacional de Protecci\u00f3n en Morales Cauca, siendo aproximadamente a las nueve de la noche, sobre la v\u00eda que conduce de la tulpa de la vereda El Maco hacia la cabecera municipal de Morales, dos sujetos armados\u00a0 hacen se\u00f1al de pare, al evadir el pare debido a las amenazas que ya tiene el compa\u00f1ero guardia ind\u00edgena, los sujetos armados persiguen en una motocicleta hasta la entrada del municipio haciendo varios disparos contra la integridad del guardia ind\u00edgena y un hombre de protecci\u00f3n, en donde <strong>ESTIVEN TORRES<\/strong> queda herido con un impacto de arma de fuego en una de las extremidades inferiores del cuerpo, alcanzan a llegar a la estaci\u00f3n de la Polic\u00eda Nacional pero estos omiten brindar apoyo, por tal raz\u00f3n se dirigen al hospital municipal donde le brindaron los primeros auxilios.<\/p>\n<p style=\"font-weight: 400; text-align: justify;\">Por lo anterior,<\/p>\n<ol style=\"text-align: justify;\">\n<li><strong>DENUNCIAMOS<\/strong> el cobarde atentado perpetrado por los grupos armados ilegales contra la integridad de nuestro compa\u00f1ero guardia ind\u00edgena, quien se desempe\u00f1a como coordinador zonal de guardia y recientemente fue elegido autoridad tradicional del territorio ancestral de Honduras, que los organismos e instituciones del Estado que defienden y promueven los DD. HH brinden atenci\u00f3n inmediata a estas acciones criminales que se vienen ejecutando contra la guardia ind\u00edgena del Cauca.<\/li>\n<li><strong>RECHAZAMOS<\/strong> toda forma de intimidaci\u00f3n, amenazas, atentados, se\u00f1alamientos y asesinatos que vienen desarrollando los grupos armados ilegales que operan en el Cauca, bajo pretextos rebuscados y falsos para eliminar el proceso de la guardia ind\u00edgena.<\/li>\n<li><strong>EXIGIMOS<\/strong> al gobierno nacional que sin ninguna dilaci\u00f3n ni pretextos extreme las medidas de seguridad para las comunidades ind\u00edgenas del Cauca y su guardia ind\u00edgena, ya que las existentes por parte de la UNP son ineficientes y no son acordes a la situaci\u00f3n de riesgo; s\u00ed el gobierno ofrece extremar la seguridad a los precandidatos corruptos de la oposici\u00f3n que toda la vida han vivido y gozado del Estado y del Gobierno, \u00bfpor qu\u00e9 no hacerlo para los que defendemos la vida, la paz, el territorio y la vida?<\/li>\n<li><strong>REIVINDICAMOS<\/strong> que las autoridades tradicionales, la guardia ind\u00edgena y la Nasa Wala (asamblea general) somos los \u00fanicos que tenemos el pleno derecho de ejercer gobierno y control social en nuestros territorios ancestrales, esta irrenunciable posici\u00f3n pol\u00edtica y territorial contra los grupos armados ilegales o legal la mantendremos hasta que se apague el sol.<\/li>\n<\/ol>\n<p style=\"font-weight: 400; text-align: center;\"><strong>Departamento del Cauca, 26 de junio del 2025.<\/strong><\/p>\n<p style=\"font-weight: 400; text-align: center;\"><strong>\u201cCuenten con nosotros para la Paz, nunca para la guerra\u201d<\/strong><\/p>\n<p style=\"text-align: center;\"><a href=\"https:\/\/www.cric-colombia.org\/portal\/wp-content\/uploads\/2025\/06\/DENUNCIA-ATENTADO-ESTIVEN-TORRES-1.pdf\" class=\"pdfemb-viewer\" style=\"\" data-width=\"max\" data-height=\"max\" data-toolbar=\"both\" data-toolbar-fixed=\"off\">DENUNCIA ATENTADO ESTIVEN TORRES<\/a><\/p>\n<p style=\"font-weight: 400; text-align: justify;\"><strong>\u00a0<\/strong><\/p>\n","protected":false},"excerpt":{"rendered":"<p>Hechos: El d\u00eda de ayer 25 de junio del presente a\u00f1o, hombres armados atentan contra la vida del coordinador de Guardia Ind\u00edgena de Uh Wala Vxic ESTIVEN TORRES y un hombre de protecci\u00f3n de la Unidad Nacional de Protecci\u00f3n en Morales Cauca, siendo aproximadamente a las nueve de la noche, sobre la v\u00eda que conduce <\/p>\n","protected":false},"author":6,"featured_media":41102,"comment_status":"open","ping_status":"open","sticky":false,"template":"","format":"standard","meta":{"footnotes":""},"categories":[3,19],"tags":[690,462,88,244,453,252,651],"yoast_head":"<!-- This site is optimized with the Yoast SEO plugin v20.12 - https:\/\/yoast.com\/wordpress\/plugins\/seo\/ -->\n<title>Denuncia p\u00fablica nacional: Atentado contra coordinador de Guardia Ind\u00edgena en Morales, Cauca - Consejo Regional Ind\u00edgena del Cauca - CRIC<\/title>\n<meta name=\"robots\" content=\"index, follow, max-snippet:-1, max-image-preview:large, max-video-preview:-1\" \/>\n<link rel=\"canonical\" href=\"https:\/\/www.cric-colombia.org\/portal\/denuncia-publica-nacional-atentado-contra-coordinador-de-guardia-indigena-en-morales-cauca\/\" \/>\n<meta property=\"og:locale\" content=\"es_ES\" \/>\n<meta property=\"og:type\" content=\"article\" \/>\n<meta property=\"og:title\" content=\"Denuncia p\u00fablica nacional: Atentado contra coordinador de Guardia Ind\u00edgena en Morales, Cauca - Consejo Regional Ind\u00edgena del Cauca - CRIC\" \/>\n<meta property=\"og:description\" content=\"Hechos: El d\u00eda de ayer 25 de junio del presente a\u00f1o, hombres armados atentan contra la vida del coordinador de Guardia Ind\u00edgena de Uh Wala Vxic ESTIVEN TORRES y un hombre de protecci\u00f3n de la Unidad Nacional de Protecci\u00f3n en Morales Cauca, siendo aproximadamente a las nueve de la noche, sobre la v\u00eda que conduce\" \/>\n<meta property=\"og:url\" content=\"https:\/\/www.cric-colombia.org\/portal\/denuncia-publica-nacional-atentado-contra-coordinador-de-guardia-indigena-en-morales-cauca\/\" \/>\n<meta property=\"og:site_name\" content=\"Consejo Regional Ind\u00edgena del Cauca - CRIC\" \/>\n<meta property=\"article:publisher\" content=\"https:\/\/www.facebook.com\/cric.colombia\/\" \/>\n<meta property=\"article:published_time\" content=\"2025-06-26T13:23:35+00:00\" \/>\n<meta property=\"og:image\" content=\"https:\/\/www.cric-colombia.org\/portal\/wp-content\/uploads\/2024\/11\/Logo-Guardia-Indigena-CRIC.png\" \/>\n\t<meta property=\"og:image:width\" content=\"600\" \/>\n\t<meta property=\"og:image:height\" content=\"607\" \/>\n\t<meta property=\"og:image:type\" content=\"image\/png\" \/>\n<meta name=\"author\" content=\"Comunicaciones CRIC\" \/>\n<meta name=\"twitter:card\" content=\"summary_large_image\" \/>\n<meta name=\"twitter:creator\" content=\"@CRIC_Cauca\" \/>\n<meta name=\"twitter:site\" content=\"@CRIC_Cauca\" \/>\n<meta name=\"twitter:label1\" content=\"Escrito por\" \/>\n\t<meta name=\"twitter:data1\" content=\"Comunicaciones CRIC\" \/>\n\t<meta name=\"twitter:label2\" content=\"Tiempo de lectura\" \/>\n\t<meta name=\"twitter:data2\" content=\"2 minutos\" \/>\n<script type=\"application\/ld+json\" class=\"yoast-schema-graph\">{\"@context\":\"https:\/\/schema.org\",\"@graph\":[{\"@type\":\"Article\",\"@id\":\"https:\/\/www.cric-colombia.org\/portal\/denuncia-publica-nacional-atentado-contra-coordinador-de-guardia-indigena-en-morales-cauca\/#article\",\"isPartOf\":{\"@id\":\"https:\/\/www.cric-colombia.org\/portal\/denuncia-publica-nacional-atentado-contra-coordinador-de-guardia-indigena-en-morales-cauca\/\"},\"author\":{\"name\":\"Comunicaciones CRIC\",\"@id\":\"https:\/\/www.cric-colombia.org\/portal\/#\/schema\/person\/ab3a3099267de33d55f74f34ba201931\"},\"headline\":\"Denuncia p\u00fablica nacional: Atentado contra coordinador de Guardia Ind\u00edgena en Morales, Cauca\",\"datePublished\":\"2025-06-26T13:23:35+00:00\",\"dateModified\":\"2025-06-26T13:23:35+00:00\",\"mainEntityOfPage\":{\"@id\":\"https:\/\/www.cric-colombia.org\/portal\/denuncia-publica-nacional-atentado-contra-coordinador-de-guardia-indigena-en-morales-cauca\/\"},\"wordCount\":490,\"commentCount\":0,\"publisher\":{\"@id\":\"https:\/\/www.cric-colombia.org\/portal\/#organization\"},\"keywords\":[\"ALERTA\",\"Atentado\",\"cric\",\"derechos humanos\",\"Guardia\",\"Morales\",\"violencia\"],\"articleSection\":[\"Actualidad Ind\u00edgena del Cauca\",\"Comunicados de prensa\"],\"inLanguage\":\"es\",\"potentialAction\":[{\"@type\":\"CommentAction\",\"name\":\"Comment\",\"target\":[\"https:\/\/www.cric-colombia.org\/portal\/denuncia-publica-nacional-atentado-contra-coordinador-de-guardia-indigena-en-morales-cauca\/#respond\"]}]},{\"@type\":\"WebPage\",\"@id\":\"https:\/\/www.cric-colombia.org\/portal\/denuncia-publica-nacional-atentado-contra-coordinador-de-guardia-indigena-en-morales-cauca\/\",\"url\":\"https:\/\/www.cric-colombia.org\/portal\/denuncia-publica-nacional-atentado-contra-coordinador-de-guardia-indigena-en-morales-cauca\/\",\"name\":\"Denuncia p\u00fablica nacional: Atentado contra coordinador de Guardia Ind\u00edgena en Morales, Cauca - Consejo Regional Ind\u00edgena del Cauca - CRIC\",\"isPartOf\":{\"@id\":\"https:\/\/www.cric-colombia.org\/portal\/#website\"},\"datePublished\":\"2025-06-26T13:23:35+00:00\",\"dateModified\":\"2025-06-26T13:23:35+00:00\",\"breadcrumb\":{\"@id\":\"https:\/\/www.cric-colombia.org\/portal\/denuncia-publica-nacional-atentado-contra-coordinador-de-guardia-indigena-en-morales-cauca\/#breadcrumb\"},\"inLanguage\":\"es\",\"potentialAction\":[{\"@type\":\"ReadAction\",\"target\":[\"https:\/\/www.cric-colombia.org\/portal\/denuncia-publica-nacional-atentado-contra-coordinador-de-guardia-indigena-en-morales-cauca\/\"]}]},{\"@type\":\"BreadcrumbList\",\"@id\":\"https:\/\/www.cric-colombia.org\/portal\/denuncia-publica-nacional-atentado-contra-coordinador-de-guardia-indigena-en-morales-cauca\/#breadcrumb\",\"itemListElement\":[{\"@type\":\"ListItem\",\"position\":1,\"name\":\"Portada\",\"item\":\"https:\/\/www.cric-colombia.org\/portal\/\"},{\"@type\":\"ListItem\",\"position\":2,\"name\":\"Denuncia p\u00fablica nacional: Atentado contra coordinador de Guardia Ind\u00edgena en Morales, Cauca\"}]},{\"@type\":\"WebSite\",\"@id\":\"https:\/\/www.cric-colombia.org\/portal\/#website\",\"url\":\"https:\/\/www.cric-colombia.org\/portal\/\",\"name\":\"Consejo Regional Ind\u00edgena del Cauca - CRIC\",\"description\":\"P\u00e1gina oficial del Consejo Regional Ind\u00edgena del Cauca, Colombia\",\"publisher\":{\"@id\":\"https:\/\/www.cric-colombia.org\/portal\/#organization\"},\"potentialAction\":[{\"@type\":\"SearchAction\",\"target\":{\"@type\":\"EntryPoint\",\"urlTemplate\":\"https:\/\/www.cric-colombia.org\/portal\/?s={search_term_string}\"},\"query-input\":\"required name=search_term_string\"}],\"inLanguage\":\"es\"},{\"@type\":\"Organization\",\"@id\":\"https:\/\/www.cric-colombia.org\/portal\/#organization\",\"name\":\"Consejo Regional Ind\u00edgena del Cauca\",\"url\":\"https:\/\/www.cric-colombia.org\/portal\/\",\"logo\":{\"@type\":\"ImageObject\",\"inLanguage\":\"es\",\"@id\":\"https:\/\/www.cric-colombia.org\/portal\/#\/schema\/logo\/image\/\",\"url\":\"https:\/\/www.cric-colombia.org\/portal\/wp-content\/uploads\/2015\/08\/logo_cric.jpg\",\"contentUrl\":\"https:\/\/www.cric-colombia.org\/portal\/wp-content\/uploads\/2015\/08\/logo_cric.jpg\",\"width\":512,\"height\":512,\"caption\":\"Consejo Regional Ind\u00edgena del Cauca\"},\"image\":{\"@id\":\"https:\/\/www.cric-colombia.org\/portal\/#\/schema\/logo\/image\/\"},\"sameAs\":[\"https:\/\/www.facebook.com\/cric.colombia\/\",\"https:\/\/twitter.com\/CRIC_Cauca\"]},{\"@type\":\"Person\",\"@id\":\"https:\/\/www.cric-colombia.org\/portal\/#\/schema\/person\/ab3a3099267de33d55f74f34ba201931\",\"name\":\"Comunicaciones CRIC\",\"image\":{\"@type\":\"ImageObject\",\"inLanguage\":\"es\",\"@id\":\"https:\/\/www.cric-colombia.org\/portal\/#\/schema\/person\/image\/\",\"url\":\"https:\/\/secure.gravatar.com\/avatar\/a8d1a6cfcb82a80d09dafefdcc3dcc8a?s=96&d=retro&r=g\",\"contentUrl\":\"https:\/\/secure.gravatar.com\/avatar\/a8d1a6cfcb82a80d09dafefdcc3dcc8a?s=96&d=retro&r=g\",\"caption\":\"Comunicaciones CRIC\"},\"url\":\"https:\/\/www.cric-colombia.org\/portal\/author\/comunicaciones\/\"}]}<\/script>\n<!-- \/ Yoast SEO plugin. -->","yoast_head_json":{"title":"Denuncia p\u00fablica nacional: Atentado contra coordinador de Guardia Ind\u00edgena en Morales, Cauca - Consejo Regional Ind\u00edgena del Cauca - CRIC","robots":{"index":"index","follow":"follow","max-snippet":"max-snippet:-1","max-image-preview":"max-image-preview:large","max-video-preview":"max-video-preview:-1"},"canonical":"https:\/\/www.cric-colombia.org\/portal\/denuncia-publica-nacional-atentado-contra-coordinador-de-guardia-indigena-en-morales-cauca\/","og_locale":"es_ES","og_type":"article","og_title":"Denuncia p\u00fablica nacional: Atentado contra coordinador de Guardia Ind\u00edgena en Morales, Cauca - Consejo Regional Ind\u00edgena del Cauca - CRIC","og_description":"Hechos: El d\u00eda de ayer 25 de junio del presente a\u00f1o, hombres armados atentan contra la vida del coordinador de Guardia Ind\u00edgena de Uh Wala Vxic ESTIVEN TORRES y un hombre de protecci\u00f3n de la Unidad Nacional de Protecci\u00f3n en Morales Cauca, siendo aproximadamente a las nueve de la noche, sobre la v\u00eda que conduce","og_url":"https:\/\/www.cric-colombia.org\/portal\/denuncia-publica-nacional-atentado-contra-coordinador-de-guardia-indigena-en-morales-cauca\/","og_site_name":"Consejo Regional Ind\u00edgena del Cauca - CRIC","article_publisher":"https:\/\/www.facebook.com\/cric.colombia\/","article_published_time":"2025-06-26T13:23:35+00:00","og_image":[{"width":600,"height":607,"url":"https:\/\/www.cric-colombia.org\/portal\/wp-content\/uploads\/2024\/11\/Logo-Guardia-Indigena-CRIC.png","type":"image\/png"}],"author":"Comunicaciones CRIC","twitter_card":"summary_large_image","twitter_creator":"@CRIC_Cauca","twitter_site":"@CRIC_Cauca","twitter_misc":{"Escrito por":"Comunicaciones CRIC","Tiempo de lectura":"2 minutos"},"schema":{"@context":"https:\/\/schema.org","@graph":[{"@type":"Article","@id":"https:\/\/www.cric-colombia.org\/portal\/denuncia-publica-nacional-atentado-contra-coordinador-de-guardia-indigena-en-morales-cauca\/#article","isPartOf":{"@id":"https:\/\/www.cric-colombia.org\/portal\/denuncia-publica-nacional-atentado-contra-coordinador-de-guardia-indigena-en-morales-cauca\/"},"author":{"name":"Comunicaciones CRIC","@id":"https:\/\/www.cric-colombia.org\/portal\/#\/schema\/person\/ab3a3099267de33d55f74f34ba201931"},"headline":"Denuncia p\u00fablica nacional: Atentado contra coordinador de Guardia Ind\u00edgena en Morales, Cauca","datePublished":"2025-06-26T13:23:35+00:00","dateModified":"2025-06-26T13:23:35+00:00","mainEntityOfPage":{"@id":"https:\/\/www.cric-colombia.org\/portal\/denuncia-publica-nacional-atentado-contra-coordinador-de-guardia-indigena-en-morales-cauca\/"},"wordCount":490,"commentCount":0,"publisher":{"@id":"https:\/\/www.cric-colombia.org\/portal\/#organization"},"keywords":["ALERTA","Atentado","cric","derechos humanos","Guardia","Morales","violencia"],"articleSection":["Actualidad Ind\u00edgena del Cauca","Comunicados de prensa"],"inLanguage":"es","potentialAction":[{"@type":"CommentAction","name":"Comment","target":["https:\/\/www.cric-colombia.org\/portal\/denuncia-publica-nacional-atentado-contra-coordinador-de-guardia-indigena-en-morales-cauca\/#respond"]}]},{"@type":"WebPage","@id":"https:\/\/www.cric-colombia.org\/portal\/denuncia-publica-nacional-atentado-contra-coordinador-de-guardia-indigena-en-morales-cauca\/","url":"https:\/\/www.cric-colombia.org\/portal\/denuncia-publica-nacional-atentado-contra-coordinador-de-guardia-indigena-en-morales-cauca\/","name":"Denuncia p\u00fablica nacional: Atentado contra coordinador de Guardia Ind\u00edgena en Morales, Cauca - Consejo Regional Ind\u00edgena del Cauca - CRIC","isPartOf":{"@id":"https:\/\/www.cric-colombia.org\/portal\/#website"},"datePublished":"2025-06-26T13:23:35+00:00","dateModified":"2025-06-26T13:23:35+00:00","breadcrumb":{"@id":"https:\/\/www.cric-colombia.org\/portal\/denuncia-publica-nacional-atentado-contra-coordinador-de-guardia-indigena-en-morales-cauca\/#breadcrumb"},"inLanguage":"es","potentialAction":[{"@type":"ReadAction","target":["https:\/\/www.cric-colombia.org\/portal\/denuncia-publica-nacional-atentado-contra-coordinador-de-guardia-indigena-en-morales-cauca\/"]}]},{"@type":"BreadcrumbList","@id":"https:\/\/www.cric-colombia.org\/portal\/denuncia-publica-nacional-atentado-contra-coordinador-de-guardia-indigena-en-morales-cauca\/#breadcrumb","itemListElement":[{"@type":"ListItem","position":1,"name":"Portada","item":"https:\/\/www.cric-colombia.org\/portal\/"},{"@type":"ListItem","position":2,"name":"Denuncia p\u00fablica nacional: Atentado contra coordinador de Guardia Ind\u00edgena en Morales, Cauca"}]},{"@type":"WebSite","@id":"https:\/\/www.cric-colombia.org\/portal\/#website","url":"https:\/\/www.cric-colombia.org\/portal\/","name":"Consejo Regional Ind\u00edgena del Cauca - CRIC","description":"P\u00e1gina oficial del Consejo Regional Ind\u00edgena del Cauca, Colombia","publisher":{"@id":"https:\/\/www.cric-colombia.org\/portal\/#organization"},"potentialAction":[{"@type":"SearchAction","target":{"@type":"EntryPoint","urlTemplate":"https:\/\/www.cric-colombia.org\/portal\/?s={search_term_string}"},"query-input":"required name=search_term_string"}],"inLanguage":"es"},{"@type":"Organization","@id":"https:\/\/www.cric-colombia.org\/portal\/#organization","name":"Consejo Regional Ind\u00edgena del Cauca","url":"https:\/\/www.cric-colombia.org\/portal\/","logo":{"@type":"ImageObject","inLanguage":"es","@id":"https:\/\/www.cric-colombia.org\/portal\/#\/schema\/logo\/image\/","url":"https:\/\/www.cric-colombia.org\/portal\/wp-content\/uploads\/2015\/08\/logo_cric.jpg","contentUrl":"https:\/\/www.cric-colombia.org\/portal\/wp-content\/uploads\/2015\/08\/logo_cric.jpg","width":512,"height":512,"caption":"Consejo Regional Ind\u00edgena del Cauca"},"image":{"@id":"https:\/\/www.cric-colombia.org\/portal\/#\/schema\/logo\/image\/"},"sameAs":["https:\/\/www.facebook.com\/cric.colombia\/","https:\/\/twitter.com\/CRIC_Cauca"]},{"@type":"Person","@id":"https:\/\/www.cric-colombia.org\/portal\/#\/schema\/person\/ab3a3099267de33d55f74f34ba201931","name":"Comunicaciones CRIC","image":{"@type":"ImageObject","inLanguage":"es","@id":"https:\/\/www.cric-colombia.org\/portal\/#\/schema\/person\/image\/","url":"https:\/\/secure.gravatar.com\/avatar\/a8d1a6cfcb82a80d09dafefdcc3dcc8a?s=96&d=retro&r=g","contentUrl":"https:\/\/secure.gravatar.com\/avatar\/a8d1a6cfcb82a80d09dafefdcc3dcc8a?s=96&d=retro&r=g","caption":"Comunicaciones CRIC"},"url":"https:\/\/www.cric-colombia.org\/portal\/author\/comunicaciones\/"}]}},"jetpack_featured_media_url":"https:\/\/www.cric-colombia.org\/portal\/wp-content\/uploads\/2024\/11\/Logo-Guardia-Indigena-CRIC.png","_links":{"self":[{"href":"https:\/\/www.cric-colombia.org\/portal\/wp-json\/wp\/v2\/posts\/42598"}],"collection":[{"href":"https:\/\/www.cric-colombia.org\/portal\/wp-json\/wp\/v2\/posts"}],"about":[{"href":"https:\/\/www.cric-colombia.org\/portal\/wp-json\/wp\/v2\/types\/post"}],"author":[{"embeddable":true,"href":"https:\/\/www.cric-colombia.org\/portal\/wp-json\/wp\/v2\/users\/6"}],"replies":[{"embeddable":true,"href":"https:\/\/www.cric-colombia.org\/portal\/wp-json\/wp\/v2\/comments?post=42598"}],"version-history":[{"count":2,"href":"https:\/\/www.cric-colombia.org\/portal\/wp-json\/wp\/v2\/posts\/42598\/revisions"}],"predecessor-version":[{"id":42601,"href":"https:\/\/www.cric-colombia.org\/portal\/wp-json\/wp\/v2\/posts\/42598\/revisions\/42601"}],"wp:featuredmedia":[{"embeddable":true,"href":"https:\/\/www.cric-colombia.org\/portal\/wp-json\/wp\/v2\/media\/41102"}],"wp:attachment":[{"href":"https:\/\/www.cric-colombia.org\/portal\/wp-json\/wp\/v2\/media?parent=42598"}],"wp:term":[{"taxonomy":"category","embeddable":true,"href":"https:\/\/www.cric-colombia.org\/portal\/wp-json\/wp\/v2\/categories?post=42598"},{"taxonomy":"post_tag","embeddable":true,"href":"https:\/\/www.cric-colombia.org\/portal\/wp-json\/wp\/v2\/tags?post=42598"}],"curies":[{"name":"wp","href":"https:\/\/api.w.org\/{rel}","templated":true}]}}