{"id":42552,"date":"2025-06-19T19:37:04","date_gmt":"2025-06-20T00:37:04","guid":{"rendered":"https:\/\/www.cric-colombia.org\/portal\/?p=42552"},"modified":"2025-06-19T19:38:34","modified_gmt":"2025-06-20T00:38:34","slug":"declaracion-del-glf-bogota-derechos-territoriales-equitativos-para-la-paz-foro-global-de-la-tierra","status":"publish","type":"post","link":"https:\/\/www.cric-colombia.org\/portal\/declaracion-del-glf-bogota-derechos-territoriales-equitativos-para-la-paz-foro-global-de-la-tierra\/","title":{"rendered":"Declaraci\u00f3n del GLF Bogot\u00e1 Derechos territoriales equitativos para la paz &#8211; Foro Global de la Tierra"},"content":{"rendered":"<h1 style=\"text-align: justify;\">Pre\u00e1mbulo<\/h1>\n<ol style=\"text-align: justify;\">\n<li>Nosotros, miembros de la <strong>Coalici\u00f3n Internacional para el Acceso a la Tierra (ILC) <\/strong>&#8211; una alianza global de 323 organizaciones de 97 pa\u00edses &#8211; nos reunimos en <strong>Bogot\u00e1, Colombia <\/strong>para el <strong>10\u00ba Foro Global de la Tierra (GLF)<\/strong>. En el marco de la celebraci\u00f3n del 30 aniversario de la ILC, celebramos tambi\u00e9n <strong>nuestra solidaridad colectiva y los logros concretos <\/strong>hacia una gobernanza de la tierra centrada en las personas. En la \u00faltima d\u00e9cada, estamos orgullosos de haber ayudado a garantizar los derechos a la tierra de m\u00e1s de 4,7 millones de mujeres y hombres, sobre m\u00e1s de 45 millones de hect\u00e1reas, y contribuido a 154 reformas pol\u00edticas y legales.<\/li>\n<li><strong>Las mujeres, las juventudes, las y los peque\u00f1os agricultores y las y los agricultores familiares, las y los campesinos, las y los pescadores, las personas afrodescendientes, los pueblos ind\u00edgenas y las y los pastores <\/strong>est\u00e1n en la primera l\u00ednea de la defensa de la tierra, alimentan a las comunidades y protegen la naturaleza, pero se enfrentan a la discriminaci\u00f3n, el acaparamiento de tierras, el despojo y la violencia. Nos comprometemos a proteger a las personas defensoras de la tierra y el medio ambiente, situando el liderazgo de los pueblos en el centro de nuestro trabajo y garantizando la igualdad de derechos sobre la tierra, el acceso a los recursos y la participaci\u00f3n. Respaldamos las Declaraciones de los Pueblos Ind\u00edgenas, los J\u00f3venes y los Pueblos Afrodescendientes de este Foro.<\/li>\n<li>Agradecemos al Gobierno y al pueblo de Colombia su c\u00e1lida acogida. La decisi\u00f3n de Colombia de dar prioridad a la reforma agraria como estrategia fundamental para la construcci\u00f3n de paz, en colaboraci\u00f3n con las organizaciones populares y de los pueblos, nos da esperanzas. Felicitamos su firme compromiso con la reforma agraria redistributiva, especialmente en el fragmentado e incierto contexto global actual.<\/li>\n<li>Nos enfrentamos a un mundo marcado por crisis interrelacionadas: <strong>desigualdad, concentraci\u00f3n de la tierra, p\u00e9rdida de biodiversidad, cambio clim\u00e1tico, degradaci\u00f3n del suelo, conflictos, polarizaci\u00f3n, inseguridad alimentaria y amenazas a los derechos humanos y a la democracia<\/strong>. Estas crisis est\u00e1n impulsadas por sistemas que priorizan los beneficios y a las din\u00e1micas de poder por encima de las personas y el planeta, perjudicando a quienes viven de y en la tierra: m\u00e1s de 100 millones de los cuales est\u00e1n representados por nuestros miembros.<\/li>\n<li>En respuesta, reafirmamos el poder transformador de nuestra diversa Coalici\u00f3n. Juntas, nuestras voces traen el cambio. Nuestra experiencia demuestra que la distribuci\u00f3n equitativa de la tierra, la reforma agraria y la seguridad de la tenencia son esenciales para una transici\u00f3n justa y sostenible. Nos solidarizamos para avanzar en una gobernanza de la tierra centrada en las personas como una soluci\u00f3n a los retos que compartimos colectivamente nosotros y las generaciones futuras.<\/li>\n<\/ol>\n<p style=\"font-weight: 400; text-align: justify;\">Hacemos un llamado sobre cuatro \u00e1reas que requieren atenci\u00f3n urgente:<\/p>\n<h3 style=\"text-align: justify;\"><strong>Derechos a la tierra para la biodiversidad y la justicia clim\u00e1tica<\/strong><\/h3>\n<ol style=\"text-align: justify;\" start=\"6\">\n<li>Apreciamos el progreso realizado en el marco de <strong>las Convenciones de R\u00edo <\/strong>en el reconocimiento de <strong>la seguridad de la tenencia de la tierra <\/strong>como elemento esencial para alcanzar los objetivos globales de neutralidad de la degradaci\u00f3n de la tierra, protecci\u00f3n de la biodiversidad y acci\u00f3n por el clima.<\/li>\n<li>Acogemos con satisfacci\u00f3n este impulso e instamos a una acci\u00f3n m\u00e1s fuerte y coordinada en la <strong>COP 30 de la CMNUCC <\/strong>para avanzar en la gobernanza de la tierra centrada en las personas como base de la justicia ambiental. Hacemos un llamado a <strong>los gobiernos y a las organizaciones intergubernamentales <\/strong>para que prioricen los derechos de tenencia de la tierra, en particular los de <strong>las mujeres, las juventudes, las y los peque\u00f1os agricultores y las y los agricultores familiares, las y los campesinos, las y los pescadores, las personasafrodescendientes, los pueblos ind\u00edgenas y las y los pastores<\/strong>, como estrategia fundamental para cumplir los compromisos en materia de clima y biodiversidad. <strong>La gobernanza de la tierra <\/strong>responsable y centrada en las personas debe reconocerse como un aspecto central de la <strong>acci\u00f3n por el clima. <\/strong><\/li>\n<\/ol>\n<h3 style=\"text-align: justify;\"><strong>Transformar sistemas, defender derechos: Justicia alimentaria, energ\u00e9tica y territorial<\/strong><\/h3>\n<ol style=\"text-align: justify;\" start=\"8\">\n<li>Las transiciones urgentes en <strong>los sistemas energ\u00e9ticos <\/strong>y <strong>alimentarios <\/strong>deben respetar y fortalecer <strong>los derechos humanos<\/strong>, la tenencia de la tierra, las pr\u00e1cticas agr\u00edcolas sostenibles y la mejora de la seguridad alimentaria y la nutrici\u00f3n. Estamos profundamente preocupados por el acaparamiento de tierras y las violaciones que afectan a <strong>mujeres, j\u00f3venes, las y los peque\u00f1os agricultores y agricultores familiares, las y los campesinos, las y los pescadores, las personas afrodescendientes, los pueblos ind\u00edgenas y las y los pastores<\/strong>, a menudo impulsados por inversiones energ\u00e9ticas y agr\u00edcolas mal administradas. Estas transiciones deben ser justas, equitativas y centradas en las personas, basadas en el liderazgo, el consentimiento y la participaci\u00f3n de quienes viven en y de la tierra.<\/li>\n<li><strong>Las comunidades deben tener el poder y la autonom\u00eda para decidir <\/strong>si se llevan a cabo proyectos energ\u00e9ticos y agr\u00edcolas en sus tierras y territorios, y en qu\u00e9 condiciones. Hacemos un llamado a <strong>gobiernos, inversores y empresas <\/strong>para que respeten la autodeterminaci\u00f3n, cuando proceda, defiendan <strong>el Consentimiento Libre, Previo e Informado (CLPI)<\/strong>, garanticen <strong>el respeto de los compromisos y leyes internacionales y nacionales, <\/strong>la transparencia, la protecci\u00f3n medioambiental, la distribuci\u00f3n de beneficios y la plena participaci\u00f3n de las comunidades afectadas en todas las fases. <strong>Redistribuci\u00f3n del poder: Reorientar la ayuda hacia el desarrollo orientado desde lo local <\/strong><\/li>\n<li>En todo el mundo, las inversiones en democracia y derechos humanos, construcci\u00f3n de paz y desarrollo sostenible est\u00e1n disminuyendo. Este declive agrava la desigualdad, la pobreza y el hambre, alimenta los conflictos y socava los cimientos de la paz a largo plazo.<\/li>\n<li>Hacemos un llamado <strong>a los donantes, a las instituciones financieras internacionales y a los gobiernos <\/strong>para que reequilibren las prioridades, dirigiendo los recursos hacia las mujeres, las juventudes y los <strong>esfuerzos de desarrollo justos y equitativos, basados en los derechos y liderados por la comunidad<\/strong>, incluyendo una gobernanza m\u00e1s centrada en las personas y, en particular, hacia la reforma agraria, la acci\u00f3n clim\u00e1tica y la transformaci\u00f3n de nuestros sistemas alimentarios.<\/li>\n<li>Hacemos un llamado a los gobiernos para que renueven el Compromiso de Tenencia Forestal de 2021 en la COP 30 con compromisos financieros y pol\u00edticos m\u00e1s fuertes para reconocer y asegurar la tenencia de los Pueblos Ind\u00edgenas, Afrodescendientes y comunidades locales en todos los ecosistemas, incluyendo los pastizales.<\/li>\n<\/ol>\n<p style=\"font-weight: 400; text-align: justify;\"><strong>\u00a0<\/strong><\/p>\n<h3 style=\"text-align: justify;\"><strong>Construcci\u00f3n de paz<\/strong><\/h3>\n<ol style=\"text-align: justify;\" start=\"13\">\n<li>La concentraci\u00f3n de la tierra y la riqueza es el centro de la injusticia estructural que est\u00e1 profundamente arraigada y del conflicto, impulsando las desigualdades y el da\u00f1o ecol\u00f3gico. <strong>La reforma agraria redistributiva <\/strong>no es s\u00f3lo una herramienta para la equidad econ\u00f3mica, sino un requisito fundamental para la reconciliaci\u00f3n y la paz, especialmente en las sociedades en situaci\u00f3n de posconflicto.<\/li>\n<li>Hacemos un llamado a <strong>los gobiernos y a las organizaciones intergubernamentales <\/strong>para que apoyen procesos de reforma agraria inclusivos y justos, reconociendo la tierra como un derecho humano y un bien colectivo. <strong>No puede haber paz sostenible, ni florecimiento colectivo sin justicia agraria, social y medioambiental. Esto incluye la acci\u00f3n en pro de la justicia de g\u00e9nero, la lucha contra la discriminaci\u00f3n y la violencia, all\u00ed donde se produzcan. <\/strong><\/li>\n<li>Expresamos nuestra <strong>solidaridad con los miembros de la ILC y con todas las comunidades que se enfrentan a la ocupaci\u00f3n, el desplazamiento y la violencia relacionada con la tierra<\/strong>, incluida <strong>Palestina<\/strong>, donde la tierra y la vida est\u00e1n bajo asedio. Nos oponemos a la expropiaci\u00f3n de tierras como arma de guerra y reafirmamos nuestro compromiso con la paz basada en la justicia, la dignidad y los derechos humanos.<\/li>\n<\/ol>\n<h2 style=\"text-align: justify;\">Conclusi\u00f3n<\/h2>\n<ol style=\"text-align: justify;\" start=\"16\">\n<li>Expresamos nuestra profunda gratitud al pueblo y al gobierno de <strong>Colombia<\/strong>. Colombia es un poderoso ejemplo de c\u00f3mo la lucha por la tierra es inseparable de la lucha por la paz. Nosotros, los miembros de la Coalici\u00f3n Internacional para el Acceso a la Tierra, trabajaremos de manera estrecha para apoyar los resultados centrados en las personas de la Conferencia Internacional sobre Reforma Agraria y Desarrollo Rural +20, que se celebrar\u00e1 en Colombia en febrero de 2026.<\/li>\n<\/ol>\n<ol style=\"text-align: justify;\" start=\"17\">\n<li>Juntos, nos vamos de Bogot\u00e1 con un sentido de inspiraci\u00f3n y uni\u00f3n y listas y listos para actuar. Hacemos un llamado a los gobiernos, a la sociedad civil, a los movimientos sociales, a los donantes y a todos los socios para construir agendas y compromisos conjuntos, avanzando hacia un futuro en el que <strong>los derechos a la tierra sean vistos como una pilar esencial de la paz, la justicia clim\u00e1tica, la sostenibilidad y la dignidad humana<\/strong>. Debemos garantizar que <strong>los sistemas alimentarios<\/strong>, la <strong>conservaci\u00f3n<\/strong>, la <strong>transici\u00f3n energ\u00e9tica y la acci\u00f3n clim\u00e1tica <\/strong>no se produzcan a expensas de las comunidades, los ecosistemas o los <strong>derechos humanos<\/strong>. Juntos, seguiremos colaborando de manera significativa desde la base para construir mundos justos, sostenibles y florecientes.<\/li>\n<\/ol>\n<p style=\"font-weight: 400; text-align: justify;\"><em>La Coalici\u00f3n Internacional para el Acceso a la Tierra (ILC) es la m\u00e1s grande y diversa coalici\u00f3n que trabaja por los derechos a la tierra en el mundo. Juntos, trabajamos por el cambio de los sistemas de gobernanza de la tierra. Nuestras 323 organizaciones miembros se encuentran en 97 pa\u00edses. El 10\u00ba Foro Global de la Tierra de la ILC fue organizado por el CINEP, el Ministerio de Agricultura y Reforma Agraria y la Comisi\u00f3n Europea en Colombia. Esta Declaraci\u00f3n fue adoptada por la Asamblea de Miembros de la ILC el 20 de junio de 2025.<\/em><\/p>\n<p style=\"font-weight: 400; text-align: center;\"><a href=\"https:\/\/www.cric-colombia.org\/portal\/wp-content\/uploads\/2025\/06\/GLF-Bogotai-Declaration.pdf\" class=\"pdfemb-viewer\" style=\"\" data-width=\"max\" data-height=\"max\" data-toolbar=\"both\" data-toolbar-fixed=\"off\">GLF Bogota\u00ec Declaration<\/a><\/p>\n","protected":false},"excerpt":{"rendered":"<p>Pre\u00e1mbulo Nosotros, miembros de la Coalici\u00f3n Internacional para el Acceso a la Tierra (ILC) &#8211; una alianza global de 323 organizaciones de 97 pa\u00edses &#8211; nos reunimos en Bogot\u00e1, Colombia para el 10\u00ba Foro Global de la Tierra (GLF). En el marco de la celebraci\u00f3n del 30 aniversario de la ILC, celebramos tambi\u00e9n nuestra solidaridad <\/p>\n","protected":false},"author":6,"featured_media":42553,"comment_status":"open","ping_status":"open","sticky":false,"template":"","format":"standard","meta":{"footnotes":""},"categories":[23,19],"tags":[1095,89,1253,88,1250,1202,1243,1251,1252,245,439,333,92,169],"yoast_head":"<!-- This site is optimized with the Yoast SEO plugin v20.12 - https:\/\/yoast.com\/wordpress\/plugins\/seo\/ -->\n<title>Declaraci\u00f3n del GLF Bogot\u00e1 Derechos territoriales equitativos para la paz - Foro Global de la Tierra - Consejo Regional Ind\u00edgena del Cauca - CRIC<\/title>\n<meta name=\"robots\" content=\"index, follow, max-snippet:-1, max-image-preview:large, max-video-preview:-1\" \/>\n<link rel=\"canonical\" href=\"https:\/\/www.cric-colombia.org\/portal\/declaracion-del-glf-bogota-derechos-territoriales-equitativos-para-la-paz-foro-global-de-la-tierra\/\" \/>\n<meta property=\"og:locale\" content=\"es_ES\" \/>\n<meta property=\"og:type\" content=\"article\" \/>\n<meta property=\"og:title\" content=\"Declaraci\u00f3n del GLF Bogot\u00e1 Derechos territoriales equitativos para la paz - Foro Global de la Tierra - Consejo Regional Ind\u00edgena del Cauca - CRIC\" \/>\n<meta property=\"og:description\" content=\"Pre\u00e1mbulo Nosotros, miembros de la Coalici\u00f3n Internacional para el Acceso a la Tierra (ILC) &#8211; una alianza global de 323 organizaciones de 97 pa\u00edses &#8211; nos reunimos en Bogot\u00e1, Colombia para el 10\u00ba Foro Global de la Tierra (GLF). En el marco de la celebraci\u00f3n del 30 aniversario de la ILC, celebramos tambi\u00e9n nuestra solidaridad\" \/>\n<meta property=\"og:url\" content=\"https:\/\/www.cric-colombia.org\/portal\/declaracion-del-glf-bogota-derechos-territoriales-equitativos-para-la-paz-foro-global-de-la-tierra\/\" \/>\n<meta property=\"og:site_name\" content=\"Consejo Regional Ind\u00edgena del Cauca - CRIC\" \/>\n<meta property=\"article:publisher\" content=\"https:\/\/www.facebook.com\/cric.colombia\/\" \/>\n<meta property=\"article:published_time\" content=\"2025-06-20T00:37:04+00:00\" \/>\n<meta property=\"article:modified_time\" content=\"2025-06-20T00:38:34+00:00\" \/>\n<meta property=\"og:image\" content=\"https:\/\/www.cric-colombia.org\/portal\/wp-content\/uploads\/2025\/06\/FORO-GLOBAL.jpg\" \/>\n\t<meta property=\"og:image:width\" content=\"1477\" \/>\n\t<meta property=\"og:image:height\" content=\"700\" \/>\n\t<meta property=\"og:image:type\" content=\"image\/jpeg\" \/>\n<meta name=\"author\" content=\"Comunicaciones CRIC\" \/>\n<meta name=\"twitter:card\" content=\"summary_large_image\" \/>\n<meta name=\"twitter:creator\" content=\"@CRIC_Cauca\" \/>\n<meta name=\"twitter:site\" content=\"@CRIC_Cauca\" \/>\n<meta name=\"twitter:label1\" content=\"Escrito por\" \/>\n\t<meta name=\"twitter:data1\" content=\"Comunicaciones CRIC\" \/>\n\t<meta name=\"twitter:label2\" content=\"Tiempo de lectura\" \/>\n\t<meta name=\"twitter:data2\" content=\"8 minutos\" \/>\n<script type=\"application\/ld+json\" class=\"yoast-schema-graph\">{\"@context\":\"https:\/\/schema.org\",\"@graph\":[{\"@type\":\"Article\",\"@id\":\"https:\/\/www.cric-colombia.org\/portal\/declaracion-del-glf-bogota-derechos-territoriales-equitativos-para-la-paz-foro-global-de-la-tierra\/#article\",\"isPartOf\":{\"@id\":\"https:\/\/www.cric-colombia.org\/portal\/declaracion-del-glf-bogota-derechos-territoriales-equitativos-para-la-paz-foro-global-de-la-tierra\/\"},\"author\":{\"name\":\"Comunicaciones CRIC\",\"@id\":\"https:\/\/www.cric-colombia.org\/portal\/#\/schema\/person\/ab3a3099267de33d55f74f34ba201931\"},\"headline\":\"Declaraci\u00f3n del GLF Bogot\u00e1 Derechos territoriales equitativos para la paz &#8211; Foro Global de la Tierra\",\"datePublished\":\"2025-06-20T00:37:04+00:00\",\"dateModified\":\"2025-06-20T00:38:34+00:00\",\"mainEntityOfPage\":{\"@id\":\"https:\/\/www.cric-colombia.org\/portal\/declaracion-del-glf-bogota-derechos-territoriales-equitativos-para-la-paz-foro-global-de-la-tierra\/\"},\"wordCount\":1650,\"commentCount\":0,\"publisher\":{\"@id\":\"https:\/\/www.cric-colombia.org\/portal\/#organization\"},\"keywords\":[\"Biodiversidad\",\"cauca\",\"clima\",\"cric\",\"declaracion\",\"defensa\",\"foro\",\"foro global de la tierra\",\"land coallition\",\"Paz\",\"Pronunciamiento\",\"Territorio\",\"tierra\",\"Vida\"],\"articleSection\":[\"Actualidad Ind\u00edgena Nacional\",\"Comunicados de prensa\"],\"inLanguage\":\"es\",\"potentialAction\":[{\"@type\":\"CommentAction\",\"name\":\"Comment\",\"target\":[\"https:\/\/www.cric-colombia.org\/portal\/declaracion-del-glf-bogota-derechos-territoriales-equitativos-para-la-paz-foro-global-de-la-tierra\/#respond\"]}]},{\"@type\":\"WebPage\",\"@id\":\"https:\/\/www.cric-colombia.org\/portal\/declaracion-del-glf-bogota-derechos-territoriales-equitativos-para-la-paz-foro-global-de-la-tierra\/\",\"url\":\"https:\/\/www.cric-colombia.org\/portal\/declaracion-del-glf-bogota-derechos-territoriales-equitativos-para-la-paz-foro-global-de-la-tierra\/\",\"name\":\"Declaraci\u00f3n del GLF Bogot\u00e1 Derechos territoriales equitativos para la paz - Foro Global de la Tierra - Consejo Regional Ind\u00edgena del Cauca - CRIC\",\"isPartOf\":{\"@id\":\"https:\/\/www.cric-colombia.org\/portal\/#website\"},\"datePublished\":\"2025-06-20T00:37:04+00:00\",\"dateModified\":\"2025-06-20T00:38:34+00:00\",\"breadcrumb\":{\"@id\":\"https:\/\/www.cric-colombia.org\/portal\/declaracion-del-glf-bogota-derechos-territoriales-equitativos-para-la-paz-foro-global-de-la-tierra\/#breadcrumb\"},\"inLanguage\":\"es\",\"potentialAction\":[{\"@type\":\"ReadAction\",\"target\":[\"https:\/\/www.cric-colombia.org\/portal\/declaracion-del-glf-bogota-derechos-territoriales-equitativos-para-la-paz-foro-global-de-la-tierra\/\"]}]},{\"@type\":\"BreadcrumbList\",\"@id\":\"https:\/\/www.cric-colombia.org\/portal\/declaracion-del-glf-bogota-derechos-territoriales-equitativos-para-la-paz-foro-global-de-la-tierra\/#breadcrumb\",\"itemListElement\":[{\"@type\":\"ListItem\",\"position\":1,\"name\":\"Portada\",\"item\":\"https:\/\/www.cric-colombia.org\/portal\/\"},{\"@type\":\"ListItem\",\"position\":2,\"name\":\"Declaraci\u00f3n del GLF Bogot\u00e1 Derechos territoriales equitativos para la paz &#8211; Foro Global de la Tierra\"}]},{\"@type\":\"WebSite\",\"@id\":\"https:\/\/www.cric-colombia.org\/portal\/#website\",\"url\":\"https:\/\/www.cric-colombia.org\/portal\/\",\"name\":\"Consejo Regional Ind\u00edgena del Cauca - CRIC\",\"description\":\"P\u00e1gina oficial del Consejo Regional Ind\u00edgena del Cauca, Colombia\",\"publisher\":{\"@id\":\"https:\/\/www.cric-colombia.org\/portal\/#organization\"},\"potentialAction\":[{\"@type\":\"SearchAction\",\"target\":{\"@type\":\"EntryPoint\",\"urlTemplate\":\"https:\/\/www.cric-colombia.org\/portal\/?s={search_term_string}\"},\"query-input\":\"required name=search_term_string\"}],\"inLanguage\":\"es\"},{\"@type\":\"Organization\",\"@id\":\"https:\/\/www.cric-colombia.org\/portal\/#organization\",\"name\":\"Consejo Regional Ind\u00edgena del Cauca\",\"url\":\"https:\/\/www.cric-colombia.org\/portal\/\",\"logo\":{\"@type\":\"ImageObject\",\"inLanguage\":\"es\",\"@id\":\"https:\/\/www.cric-colombia.org\/portal\/#\/schema\/logo\/image\/\",\"url\":\"https:\/\/www.cric-colombia.org\/portal\/wp-content\/uploads\/2015\/08\/logo_cric.jpg\",\"contentUrl\":\"https:\/\/www.cric-colombia.org\/portal\/wp-content\/uploads\/2015\/08\/logo_cric.jpg\",\"width\":512,\"height\":512,\"caption\":\"Consejo Regional Ind\u00edgena del Cauca\"},\"image\":{\"@id\":\"https:\/\/www.cric-colombia.org\/portal\/#\/schema\/logo\/image\/\"},\"sameAs\":[\"https:\/\/www.facebook.com\/cric.colombia\/\",\"https:\/\/twitter.com\/CRIC_Cauca\"]},{\"@type\":\"Person\",\"@id\":\"https:\/\/www.cric-colombia.org\/portal\/#\/schema\/person\/ab3a3099267de33d55f74f34ba201931\",\"name\":\"Comunicaciones CRIC\",\"image\":{\"@type\":\"ImageObject\",\"inLanguage\":\"es\",\"@id\":\"https:\/\/www.cric-colombia.org\/portal\/#\/schema\/person\/image\/\",\"url\":\"https:\/\/secure.gravatar.com\/avatar\/a8d1a6cfcb82a80d09dafefdcc3dcc8a?s=96&d=retro&r=g\",\"contentUrl\":\"https:\/\/secure.gravatar.com\/avatar\/a8d1a6cfcb82a80d09dafefdcc3dcc8a?s=96&d=retro&r=g\",\"caption\":\"Comunicaciones CRIC\"},\"url\":\"https:\/\/www.cric-colombia.org\/portal\/author\/comunicaciones\/\"}]}<\/script>\n<!-- \/ Yoast SEO plugin. -->","yoast_head_json":{"title":"Declaraci\u00f3n del GLF Bogot\u00e1 Derechos territoriales equitativos para la paz - Foro Global de la Tierra - Consejo Regional Ind\u00edgena del Cauca - CRIC","robots":{"index":"index","follow":"follow","max-snippet":"max-snippet:-1","max-image-preview":"max-image-preview:large","max-video-preview":"max-video-preview:-1"},"canonical":"https:\/\/www.cric-colombia.org\/portal\/declaracion-del-glf-bogota-derechos-territoriales-equitativos-para-la-paz-foro-global-de-la-tierra\/","og_locale":"es_ES","og_type":"article","og_title":"Declaraci\u00f3n del GLF Bogot\u00e1 Derechos territoriales equitativos para la paz - Foro Global de la Tierra - Consejo Regional Ind\u00edgena del Cauca - CRIC","og_description":"Pre\u00e1mbulo Nosotros, miembros de la Coalici\u00f3n Internacional para el Acceso a la Tierra (ILC) &#8211; una alianza global de 323 organizaciones de 97 pa\u00edses &#8211; nos reunimos en Bogot\u00e1, Colombia para el 10\u00ba Foro Global de la Tierra (GLF). En el marco de la celebraci\u00f3n del 30 aniversario de la ILC, celebramos tambi\u00e9n nuestra solidaridad","og_url":"https:\/\/www.cric-colombia.org\/portal\/declaracion-del-glf-bogota-derechos-territoriales-equitativos-para-la-paz-foro-global-de-la-tierra\/","og_site_name":"Consejo Regional Ind\u00edgena del Cauca - CRIC","article_publisher":"https:\/\/www.facebook.com\/cric.colombia\/","article_published_time":"2025-06-20T00:37:04+00:00","article_modified_time":"2025-06-20T00:38:34+00:00","og_image":[{"width":1477,"height":700,"url":"https:\/\/www.cric-colombia.org\/portal\/wp-content\/uploads\/2025\/06\/FORO-GLOBAL.jpg","type":"image\/jpeg"}],"author":"Comunicaciones CRIC","twitter_card":"summary_large_image","twitter_creator":"@CRIC_Cauca","twitter_site":"@CRIC_Cauca","twitter_misc":{"Escrito por":"Comunicaciones CRIC","Tiempo de lectura":"8 minutos"},"schema":{"@context":"https:\/\/schema.org","@graph":[{"@type":"Article","@id":"https:\/\/www.cric-colombia.org\/portal\/declaracion-del-glf-bogota-derechos-territoriales-equitativos-para-la-paz-foro-global-de-la-tierra\/#article","isPartOf":{"@id":"https:\/\/www.cric-colombia.org\/portal\/declaracion-del-glf-bogota-derechos-territoriales-equitativos-para-la-paz-foro-global-de-la-tierra\/"},"author":{"name":"Comunicaciones CRIC","@id":"https:\/\/www.cric-colombia.org\/portal\/#\/schema\/person\/ab3a3099267de33d55f74f34ba201931"},"headline":"Declaraci\u00f3n del GLF Bogot\u00e1 Derechos territoriales equitativos para la paz &#8211; Foro Global de la Tierra","datePublished":"2025-06-20T00:37:04+00:00","dateModified":"2025-06-20T00:38:34+00:00","mainEntityOfPage":{"@id":"https:\/\/www.cric-colombia.org\/portal\/declaracion-del-glf-bogota-derechos-territoriales-equitativos-para-la-paz-foro-global-de-la-tierra\/"},"wordCount":1650,"commentCount":0,"publisher":{"@id":"https:\/\/www.cric-colombia.org\/portal\/#organization"},"keywords":["Biodiversidad","cauca","clima","cric","declaracion","defensa","foro","foro global de la tierra","land coallition","Paz","Pronunciamiento","Territorio","tierra","Vida"],"articleSection":["Actualidad Ind\u00edgena Nacional","Comunicados de prensa"],"inLanguage":"es","potentialAction":[{"@type":"CommentAction","name":"Comment","target":["https:\/\/www.cric-colombia.org\/portal\/declaracion-del-glf-bogota-derechos-territoriales-equitativos-para-la-paz-foro-global-de-la-tierra\/#respond"]}]},{"@type":"WebPage","@id":"https:\/\/www.cric-colombia.org\/portal\/declaracion-del-glf-bogota-derechos-territoriales-equitativos-para-la-paz-foro-global-de-la-tierra\/","url":"https:\/\/www.cric-colombia.org\/portal\/declaracion-del-glf-bogota-derechos-territoriales-equitativos-para-la-paz-foro-global-de-la-tierra\/","name":"Declaraci\u00f3n del GLF Bogot\u00e1 Derechos territoriales equitativos para la paz - Foro Global de la Tierra - Consejo Regional Ind\u00edgena del Cauca - CRIC","isPartOf":{"@id":"https:\/\/www.cric-colombia.org\/portal\/#website"},"datePublished":"2025-06-20T00:37:04+00:00","dateModified":"2025-06-20T00:38:34+00:00","breadcrumb":{"@id":"https:\/\/www.cric-colombia.org\/portal\/declaracion-del-glf-bogota-derechos-territoriales-equitativos-para-la-paz-foro-global-de-la-tierra\/#breadcrumb"},"inLanguage":"es","potentialAction":[{"@type":"ReadAction","target":["https:\/\/www.cric-colombia.org\/portal\/declaracion-del-glf-bogota-derechos-territoriales-equitativos-para-la-paz-foro-global-de-la-tierra\/"]}]},{"@type":"BreadcrumbList","@id":"https:\/\/www.cric-colombia.org\/portal\/declaracion-del-glf-bogota-derechos-territoriales-equitativos-para-la-paz-foro-global-de-la-tierra\/#breadcrumb","itemListElement":[{"@type":"ListItem","position":1,"name":"Portada","item":"https:\/\/www.cric-colombia.org\/portal\/"},{"@type":"ListItem","position":2,"name":"Declaraci\u00f3n del GLF Bogot\u00e1 Derechos territoriales equitativos para la paz &#8211; Foro Global de la Tierra"}]},{"@type":"WebSite","@id":"https:\/\/www.cric-colombia.org\/portal\/#website","url":"https:\/\/www.cric-colombia.org\/portal\/","name":"Consejo Regional Ind\u00edgena del Cauca - CRIC","description":"P\u00e1gina oficial del Consejo Regional Ind\u00edgena del Cauca, Colombia","publisher":{"@id":"https:\/\/www.cric-colombia.org\/portal\/#organization"},"potentialAction":[{"@type":"SearchAction","target":{"@type":"EntryPoint","urlTemplate":"https:\/\/www.cric-colombia.org\/portal\/?s={search_term_string}"},"query-input":"required name=search_term_string"}],"inLanguage":"es"},{"@type":"Organization","@id":"https:\/\/www.cric-colombia.org\/portal\/#organization","name":"Consejo Regional Ind\u00edgena del Cauca","url":"https:\/\/www.cric-colombia.org\/portal\/","logo":{"@type":"ImageObject","inLanguage":"es","@id":"https:\/\/www.cric-colombia.org\/portal\/#\/schema\/logo\/image\/","url":"https:\/\/www.cric-colombia.org\/portal\/wp-content\/uploads\/2015\/08\/logo_cric.jpg","contentUrl":"https:\/\/www.cric-colombia.org\/portal\/wp-content\/uploads\/2015\/08\/logo_cric.jpg","width":512,"height":512,"caption":"Consejo Regional Ind\u00edgena del Cauca"},"image":{"@id":"https:\/\/www.cric-colombia.org\/portal\/#\/schema\/logo\/image\/"},"sameAs":["https:\/\/www.facebook.com\/cric.colombia\/","https:\/\/twitter.com\/CRIC_Cauca"]},{"@type":"Person","@id":"https:\/\/www.cric-colombia.org\/portal\/#\/schema\/person\/ab3a3099267de33d55f74f34ba201931","name":"Comunicaciones CRIC","image":{"@type":"ImageObject","inLanguage":"es","@id":"https:\/\/www.cric-colombia.org\/portal\/#\/schema\/person\/image\/","url":"https:\/\/secure.gravatar.com\/avatar\/a8d1a6cfcb82a80d09dafefdcc3dcc8a?s=96&d=retro&r=g","contentUrl":"https:\/\/secure.gravatar.com\/avatar\/a8d1a6cfcb82a80d09dafefdcc3dcc8a?s=96&d=retro&r=g","caption":"Comunicaciones CRIC"},"url":"https:\/\/www.cric-colombia.org\/portal\/author\/comunicaciones\/"}]}},"jetpack_featured_media_url":"https:\/\/www.cric-colombia.org\/portal\/wp-content\/uploads\/2025\/06\/FORO-GLOBAL.jpg","_links":{"self":[{"href":"https:\/\/www.cric-colombia.org\/portal\/wp-json\/wp\/v2\/posts\/42552"}],"collection":[{"href":"https:\/\/www.cric-colombia.org\/portal\/wp-json\/wp\/v2\/posts"}],"about":[{"href":"https:\/\/www.cric-colombia.org\/portal\/wp-json\/wp\/v2\/types\/post"}],"author":[{"embeddable":true,"href":"https:\/\/www.cric-colombia.org\/portal\/wp-json\/wp\/v2\/users\/6"}],"replies":[{"embeddable":true,"href":"https:\/\/www.cric-colombia.org\/portal\/wp-json\/wp\/v2\/comments?post=42552"}],"version-history":[{"count":4,"href":"https:\/\/www.cric-colombia.org\/portal\/wp-json\/wp\/v2\/posts\/42552\/revisions"}],"predecessor-version":[{"id":42558,"href":"https:\/\/www.cric-colombia.org\/portal\/wp-json\/wp\/v2\/posts\/42552\/revisions\/42558"}],"wp:featuredmedia":[{"embeddable":true,"href":"https:\/\/www.cric-colombia.org\/portal\/wp-json\/wp\/v2\/media\/42553"}],"wp:attachment":[{"href":"https:\/\/www.cric-colombia.org\/portal\/wp-json\/wp\/v2\/media?parent=42552"}],"wp:term":[{"taxonomy":"category","embeddable":true,"href":"https:\/\/www.cric-colombia.org\/portal\/wp-json\/wp\/v2\/categories?post=42552"},{"taxonomy":"post_tag","embeddable":true,"href":"https:\/\/www.cric-colombia.org\/portal\/wp-json\/wp\/v2\/tags?post=42552"}],"curies":[{"name":"wp","href":"https:\/\/api.w.org\/{rel}","templated":true}]}}