{"id":42497,"date":"2025-06-10T09:06:29","date_gmt":"2025-06-10T14:06:29","guid":{"rendered":"https:\/\/www.cric-colombia.org\/portal\/?p=42497"},"modified":"2025-06-10T09:06:29","modified_gmt":"2025-06-10T14:06:29","slug":"el-primer-foro-global-indigena-de-la-tierra-reune-a-destacados-lideres-y-lideresas-en-kwet-kina-colombia","status":"publish","type":"post","link":"https:\/\/www.cric-colombia.org\/portal\/el-primer-foro-global-indigena-de-la-tierra-reune-a-destacados-lideres-y-lideresas-en-kwet-kina-colombia\/","title":{"rendered":"El primer Foro Global Ind\u00edgena de la Tierra re\u00fane a destacados l\u00edderes y lideresas en Kwet Kina, Colombia"},"content":{"rendered":"<p class=\"p1\" style=\"text-align: justify;\">Cauca, Colombia \u2013 9 de junio de 2025<\/p>\n<p class=\"p1\" style=\"text-align: justify;\">Del 13 al 15 de junio de 2025, cerca de 100 l\u00edderes y lideresas ind\u00edgenas de m\u00e1s de 21 pa\u00edses de \u00c1frica, Asia, Medio Oriente y Am\u00e9rica Latina se reunir\u00e1n en el Resguardo Ind\u00edgena Kwet Kina, en el departamento del Cauca, Colombia, para participar en el primer Foro Global Ind\u00edgena de la Tierra.<\/p>\n<p class=\"p1\" style=\"text-align: justify;\">Este encuentro hist\u00f3rico ser\u00e1 un espacio de resistencia, di\u00e1logo y construcci\u00f3n colectiva de propuestas para pol\u00edticas de tierras. Como antesala al X Foro Global de la Tierra en Bogot\u00e1, ser\u00e1 clave para fortalecer la agenda ind\u00edgena en torno a la defensa territorial, la autodeterminaci\u00f3n y la justicia clim\u00e1tica, as\u00ed como para intercambiar experiencias y buenas pr\u00e1cticas sobre procesos fundamentales como la demarcaci\u00f3n y titulaci\u00f3n de tierras.<\/p>\n<p class=\"p1\" style=\"text-align: justify;\"><strong>Un Foro liderado por y para pueblos ind\u00edgenas <\/strong><\/p>\n<p class=\"p1\" style=\"text-align: justify;\">Los pueblos ind\u00edgenas gestionan cerca del 25% de las tierras del planeta y son custodios fundamentales de la biodiversidad. Sin embargo, enfrentan graves amenazas: el despojo territorial provocado por el acaparamiento de tierras, la expansi\u00f3n de actividades extractivas y de monocultivos, as\u00ed como la criminalizaci\u00f3n y la violencia sistem\u00e1tica. En Colombia, pa\u00eds que alberga a 115 pueblos ind\u00edgenas, estos desaf\u00edos son especialmente urgentes.<\/p>\n<p class=\"p1\" style=\"text-align: justify;\">Con este evento se busca fortalecer el movimiento ind\u00edgena en el debate global sobre la tierra y abrir una oportunidad clave de articulaci\u00f3n pol\u00edtica en un a\u00f1o decisivo, marcado por la ruta hacia la COP30 en Brasil. Ser\u00e1 tambi\u00e9n un momento para reforzar el llamado a garantizar la participaci\u00f3n plena y efectiva de los pueblos ind\u00edgenas en los procesos de toma de decisiones que afectan sus territorios.El Foro es impulsado por un comit\u00e9 organizador global que re\u00fane a siete organizaciones ind\u00edgenas clave de Colombia \u2014ONIC, OPIAC, AISO, Gobierno Mayor, AICO, CIT y el CRIC como organizaci\u00f3n anfitriona\u2014, as\u00ed como representantes ind\u00edgenas de Am\u00e9rica Latina, \u00c1frica y Asia, la Coalici\u00f3n Internacional para el Acceso a la Tierra (ILC) y el Centro de<\/p>\n<p class=\"p1\" style=\"text-align: justify;\"><strong>Investigaci\u00f3n y Educaci\u00f3n Popular (CINEP\/PPP).<\/strong><\/p>\n<p class=\"p1\" style=\"text-align: justify;\">\u201cPara los pueblos ind\u00edgenas, la tierra no es un recurso: es un ser vivo, nuestra casa grande. Defenderla es defender la vida misma. Este Foro es un paso m\u00e1s en la construcci\u00f3n de caminos colectivos desde nuestros saberes, luchas y espiritualidades.<\/p>\n<p class=\"p1\" style=\"text-align: justify;\">Es tambi\u00e9n una oportunidad para visibilizar la experiencia del CRIC, que por m\u00e1s de cinco d\u00e9cadas ha tejido procesos de recuperaci\u00f3n territorial y defensa de la Madre Tierra desde el Cauca\u201d, afirma Jhoe Sauca, Consejero Mayor del Consejo Regional Ind\u00edgena del Cauca (CRIC).<\/p>\n<p class=\"p1\" style=\"text-align: justify;\">El Relator Especial de la ONU sobre los derechos de los Pueblos Ind\u00edgenas, Dr. Albert Barume, tambi\u00e9n destaca la relevancia de los temas que abordar\u00e1 el Foro: \u201cLos derechos territoriales de los Pueblos Ind\u00edgenas se basan en la autodeterminaci\u00f3n y en la norma de no discriminaci\u00f3n racial. Si no pueden ejercer ese derecho, no pueden vivir con dignidad ni tomar las riendas de su destino, ya que carecen de control sobre sus derechos a la tierra. Este principio debe estar claramente reflejado en los procesos relacionados con el clima, los cuales no deben diluir ni equiparar los derechos a la tierra de los Pueblos Ind\u00edgenas con otros reclamos sobre el territorio\u201d<\/p>\n<p class=\"p1\" style=\"text-align: justify;\"><strong>Una agenda construida desde los territorios<\/strong><\/p>\n<p class=\"p1\" style=\"text-align: justify;\">El Foro se desarrollar\u00e1 en el Cauca con el acompa\u00f1amiento de la Guardia Ind\u00edgena, una estructura de organizaci\u00f3n y protecci\u00f3n comunitaria que vela por la vida, el territorio y los derechos colectivos.<\/p>\n<p class=\"p1\" style=\"text-align: justify;\">Contar\u00e1 con la participaci\u00f3n de autoridades ind\u00edgenas y l\u00edderes y lideresas de alto nivel, y abrir\u00e1 espacios de di\u00e1logo regional y construcci\u00f3n colectiva orientados a la elaboraci\u00f3n de una Declaraci\u00f3n Ind\u00edgena Global. Este documento reflejar\u00e1 las prioridades de los pueblos ind\u00edgenas y ofrecer\u00e1 recomendaciones concretas para avanzar en el reconocimiento de sus derechos territoriales, ambientales y culturales.<\/p>\n<p class=\"p1\" style=\"text-align: justify;\">Durante la segunda jornada, se visitar\u00e1 el territorio de L\u00f3pez Adentro, donde se podr\u00e1 conocer de cerca el proceso de liberaci\u00f3n de la Madre Tierra impulsado por el pueblo Nasa, as\u00ed como experiencias de econom\u00eda propia como la empresa ind\u00edgena Kwe\u2019sx Arroz, ejemplo de gesti\u00f3n colectiva y sostenible de territorios recuperados.Una cita en defensa de los derechos colectivos<\/p>\n<p class=\"p1\" style=\"text-align: justify;\">El Foro Global Ind\u00edgena de la Tierra se consolida como un espacio estrat\u00e9gico para articular propuestas concretas desde los territorios frente a las m\u00faltiples crisis que afectan a los pueblos ind\u00edgenas. En un contexto de aumento de la conflictividad territorial, presi\u00f3n sobre los bienes comunes y exclusi\u00f3n de los espacios de decisi\u00f3n, este encuentro busca posicionar una agenda global construida por y para los pueblos ind\u00edgenas, centrada en el reconocimiento pleno de sus derechos, la protecci\u00f3n de sus territorios y su participaci\u00f3n efectiva en las pol\u00edticas que les afectan.<\/p>\n<p class=\"p2\" style=\"text-align: center;\"><a href=\"https:\/\/www.cric-colombia.org\/portal\/wp-content\/uploads\/2025\/06\/Nota-de-Prensa_Foro-Global-Indigena-de-la-Tierra_VF.pdf\" class=\"pdfemb-viewer\" style=\"\" data-width=\"max\" data-height=\"max\" data-toolbar=\"both\" data-toolbar-fixed=\"off\">Nota de Prensa_Foro Global Indigena de la Tierra_VF<\/a><\/p>\n<p>&nbsp;<\/p>\n","protected":false},"excerpt":{"rendered":"<p>Cauca, Colombia \u2013 9 de junio de 2025 Del 13 al 15 de junio de 2025, cerca de 100 l\u00edderes y lideresas ind\u00edgenas de m\u00e1s de 21 pa\u00edses de \u00c1frica, Asia, Medio Oriente y Am\u00e9rica Latina se reunir\u00e1n en el Resguardo Ind\u00edgena Kwet Kina, en el departamento del Cauca, Colombia, para participar en el primer <\/p>\n","protected":false},"author":6,"featured_media":42434,"comment_status":"open","ping_status":"open","sticky":false,"template":"","format":"standard","meta":{"footnotes":""},"categories":[3],"tags":[198,1243,366,1244,1245,300,333,92],"yoast_head":"<!-- This site is optimized with the Yoast SEO plugin v20.12 - https:\/\/yoast.com\/wordpress\/plugins\/seo\/ -->\n<title>El primer Foro Global Ind\u00edgena de la Tierra re\u00fane a destacados l\u00edderes y lideresas en Kwet Kina, Colombia - Consejo Regional Ind\u00edgena del Cauca - CRIC<\/title>\n<meta name=\"robots\" content=\"index, follow, max-snippet:-1, max-image-preview:large, max-video-preview:-1\" \/>\n<link rel=\"canonical\" href=\"https:\/\/www.cric-colombia.org\/portal\/el-primer-foro-global-indigena-de-la-tierra-reune-a-destacados-lideres-y-lideresas-en-kwet-kina-colombia\/\" \/>\n<meta property=\"og:locale\" content=\"es_ES\" \/>\n<meta property=\"og:type\" content=\"article\" \/>\n<meta property=\"og:title\" content=\"El primer Foro Global Ind\u00edgena de la Tierra re\u00fane a destacados l\u00edderes y lideresas en Kwet Kina, Colombia - Consejo Regional Ind\u00edgena del Cauca - CRIC\" \/>\n<meta property=\"og:description\" content=\"Cauca, Colombia \u2013 9 de junio de 2025 Del 13 al 15 de junio de 2025, cerca de 100 l\u00edderes y lideresas ind\u00edgenas de m\u00e1s de 21 pa\u00edses de \u00c1frica, Asia, Medio Oriente y Am\u00e9rica Latina se reunir\u00e1n en el Resguardo Ind\u00edgena Kwet Kina, en el departamento del Cauca, Colombia, para participar en el primer\" \/>\n<meta property=\"og:url\" content=\"https:\/\/www.cric-colombia.org\/portal\/el-primer-foro-global-indigena-de-la-tierra-reune-a-destacados-lideres-y-lideresas-en-kwet-kina-colombia\/\" \/>\n<meta property=\"og:site_name\" content=\"Consejo Regional Ind\u00edgena del Cauca - CRIC\" \/>\n<meta property=\"article:publisher\" content=\"https:\/\/www.facebook.com\/cric.colombia\/\" \/>\n<meta property=\"article:published_time\" content=\"2025-06-10T14:06:29+00:00\" \/>\n<meta property=\"og:image\" content=\"https:\/\/www.cric-colombia.org\/portal\/wp-content\/uploads\/2025\/05\/FORO-DE-LA-TIERRA.jpg\" \/>\n\t<meta property=\"og:image:width\" content=\"1080\" \/>\n\t<meta property=\"og:image:height\" content=\"1350\" \/>\n\t<meta property=\"og:image:type\" content=\"image\/jpeg\" \/>\n<meta name=\"author\" content=\"Comunicaciones CRIC\" \/>\n<meta name=\"twitter:card\" content=\"summary_large_image\" \/>\n<meta name=\"twitter:creator\" content=\"@CRIC_Cauca\" \/>\n<meta name=\"twitter:site\" content=\"@CRIC_Cauca\" \/>\n<meta name=\"twitter:label1\" content=\"Escrito por\" \/>\n\t<meta name=\"twitter:data1\" content=\"Comunicaciones CRIC\" \/>\n\t<meta name=\"twitter:label2\" content=\"Tiempo de lectura\" \/>\n\t<meta name=\"twitter:data2\" content=\"4 minutos\" \/>\n<script type=\"application\/ld+json\" class=\"yoast-schema-graph\">{\"@context\":\"https:\/\/schema.org\",\"@graph\":[{\"@type\":\"Article\",\"@id\":\"https:\/\/www.cric-colombia.org\/portal\/el-primer-foro-global-indigena-de-la-tierra-reune-a-destacados-lideres-y-lideresas-en-kwet-kina-colombia\/#article\",\"isPartOf\":{\"@id\":\"https:\/\/www.cric-colombia.org\/portal\/el-primer-foro-global-indigena-de-la-tierra-reune-a-destacados-lideres-y-lideresas-en-kwet-kina-colombia\/\"},\"author\":{\"name\":\"Comunicaciones CRIC\",\"@id\":\"https:\/\/www.cric-colombia.org\/portal\/#\/schema\/person\/ab3a3099267de33d55f74f34ba201931\"},\"headline\":\"El primer Foro Global Ind\u00edgena de la Tierra re\u00fane a destacados l\u00edderes y lideresas en Kwet Kina, Colombia\",\"datePublished\":\"2025-06-10T14:06:29+00:00\",\"dateModified\":\"2025-06-10T14:06:29+00:00\",\"mainEntityOfPage\":{\"@id\":\"https:\/\/www.cric-colombia.org\/portal\/el-primer-foro-global-indigena-de-la-tierra-reune-a-destacados-lideres-y-lideresas-en-kwet-kina-colombia\/\"},\"wordCount\":885,\"commentCount\":0,\"publisher\":{\"@id\":\"https:\/\/www.cric-colombia.org\/portal\/#organization\"},\"keywords\":[\"comunicado\",\"foro\",\"Internacional\",\"nota\",\"prensa\",\"Proteccion\",\"Territorio\",\"tierra\"],\"articleSection\":[\"Actualidad Ind\u00edgena del Cauca\"],\"inLanguage\":\"es\",\"potentialAction\":[{\"@type\":\"CommentAction\",\"name\":\"Comment\",\"target\":[\"https:\/\/www.cric-colombia.org\/portal\/el-primer-foro-global-indigena-de-la-tierra-reune-a-destacados-lideres-y-lideresas-en-kwet-kina-colombia\/#respond\"]}]},{\"@type\":\"WebPage\",\"@id\":\"https:\/\/www.cric-colombia.org\/portal\/el-primer-foro-global-indigena-de-la-tierra-reune-a-destacados-lideres-y-lideresas-en-kwet-kina-colombia\/\",\"url\":\"https:\/\/www.cric-colombia.org\/portal\/el-primer-foro-global-indigena-de-la-tierra-reune-a-destacados-lideres-y-lideresas-en-kwet-kina-colombia\/\",\"name\":\"El primer Foro Global Ind\u00edgena de la Tierra re\u00fane a destacados l\u00edderes y lideresas en Kwet Kina, Colombia - Consejo Regional Ind\u00edgena del Cauca - CRIC\",\"isPartOf\":{\"@id\":\"https:\/\/www.cric-colombia.org\/portal\/#website\"},\"datePublished\":\"2025-06-10T14:06:29+00:00\",\"dateModified\":\"2025-06-10T14:06:29+00:00\",\"breadcrumb\":{\"@id\":\"https:\/\/www.cric-colombia.org\/portal\/el-primer-foro-global-indigena-de-la-tierra-reune-a-destacados-lideres-y-lideresas-en-kwet-kina-colombia\/#breadcrumb\"},\"inLanguage\":\"es\",\"potentialAction\":[{\"@type\":\"ReadAction\",\"target\":[\"https:\/\/www.cric-colombia.org\/portal\/el-primer-foro-global-indigena-de-la-tierra-reune-a-destacados-lideres-y-lideresas-en-kwet-kina-colombia\/\"]}]},{\"@type\":\"BreadcrumbList\",\"@id\":\"https:\/\/www.cric-colombia.org\/portal\/el-primer-foro-global-indigena-de-la-tierra-reune-a-destacados-lideres-y-lideresas-en-kwet-kina-colombia\/#breadcrumb\",\"itemListElement\":[{\"@type\":\"ListItem\",\"position\":1,\"name\":\"Portada\",\"item\":\"https:\/\/www.cric-colombia.org\/portal\/\"},{\"@type\":\"ListItem\",\"position\":2,\"name\":\"El primer Foro Global Ind\u00edgena de la Tierra re\u00fane a destacados l\u00edderes y lideresas en Kwet Kina, Colombia\"}]},{\"@type\":\"WebSite\",\"@id\":\"https:\/\/www.cric-colombia.org\/portal\/#website\",\"url\":\"https:\/\/www.cric-colombia.org\/portal\/\",\"name\":\"Consejo Regional Ind\u00edgena del Cauca - CRIC\",\"description\":\"P\u00e1gina oficial del Consejo Regional Ind\u00edgena del Cauca, Colombia\",\"publisher\":{\"@id\":\"https:\/\/www.cric-colombia.org\/portal\/#organization\"},\"potentialAction\":[{\"@type\":\"SearchAction\",\"target\":{\"@type\":\"EntryPoint\",\"urlTemplate\":\"https:\/\/www.cric-colombia.org\/portal\/?s={search_term_string}\"},\"query-input\":\"required name=search_term_string\"}],\"inLanguage\":\"es\"},{\"@type\":\"Organization\",\"@id\":\"https:\/\/www.cric-colombia.org\/portal\/#organization\",\"name\":\"Consejo Regional Ind\u00edgena del Cauca\",\"url\":\"https:\/\/www.cric-colombia.org\/portal\/\",\"logo\":{\"@type\":\"ImageObject\",\"inLanguage\":\"es\",\"@id\":\"https:\/\/www.cric-colombia.org\/portal\/#\/schema\/logo\/image\/\",\"url\":\"https:\/\/www.cric-colombia.org\/portal\/wp-content\/uploads\/2015\/08\/logo_cric.jpg\",\"contentUrl\":\"https:\/\/www.cric-colombia.org\/portal\/wp-content\/uploads\/2015\/08\/logo_cric.jpg\",\"width\":512,\"height\":512,\"caption\":\"Consejo Regional Ind\u00edgena del Cauca\"},\"image\":{\"@id\":\"https:\/\/www.cric-colombia.org\/portal\/#\/schema\/logo\/image\/\"},\"sameAs\":[\"https:\/\/www.facebook.com\/cric.colombia\/\",\"https:\/\/twitter.com\/CRIC_Cauca\"]},{\"@type\":\"Person\",\"@id\":\"https:\/\/www.cric-colombia.org\/portal\/#\/schema\/person\/ab3a3099267de33d55f74f34ba201931\",\"name\":\"Comunicaciones CRIC\",\"image\":{\"@type\":\"ImageObject\",\"inLanguage\":\"es\",\"@id\":\"https:\/\/www.cric-colombia.org\/portal\/#\/schema\/person\/image\/\",\"url\":\"https:\/\/secure.gravatar.com\/avatar\/a8d1a6cfcb82a80d09dafefdcc3dcc8a?s=96&d=retro&r=g\",\"contentUrl\":\"https:\/\/secure.gravatar.com\/avatar\/a8d1a6cfcb82a80d09dafefdcc3dcc8a?s=96&d=retro&r=g\",\"caption\":\"Comunicaciones CRIC\"},\"url\":\"https:\/\/www.cric-colombia.org\/portal\/author\/comunicaciones\/\"}]}<\/script>\n<!-- \/ Yoast SEO plugin. -->","yoast_head_json":{"title":"El primer Foro Global Ind\u00edgena de la Tierra re\u00fane a destacados l\u00edderes y lideresas en Kwet Kina, Colombia - Consejo Regional Ind\u00edgena del Cauca - CRIC","robots":{"index":"index","follow":"follow","max-snippet":"max-snippet:-1","max-image-preview":"max-image-preview:large","max-video-preview":"max-video-preview:-1"},"canonical":"https:\/\/www.cric-colombia.org\/portal\/el-primer-foro-global-indigena-de-la-tierra-reune-a-destacados-lideres-y-lideresas-en-kwet-kina-colombia\/","og_locale":"es_ES","og_type":"article","og_title":"El primer Foro Global Ind\u00edgena de la Tierra re\u00fane a destacados l\u00edderes y lideresas en Kwet Kina, Colombia - Consejo Regional Ind\u00edgena del Cauca - CRIC","og_description":"Cauca, Colombia \u2013 9 de junio de 2025 Del 13 al 15 de junio de 2025, cerca de 100 l\u00edderes y lideresas ind\u00edgenas de m\u00e1s de 21 pa\u00edses de \u00c1frica, Asia, Medio Oriente y Am\u00e9rica Latina se reunir\u00e1n en el Resguardo Ind\u00edgena Kwet Kina, en el departamento del Cauca, Colombia, para participar en el primer","og_url":"https:\/\/www.cric-colombia.org\/portal\/el-primer-foro-global-indigena-de-la-tierra-reune-a-destacados-lideres-y-lideresas-en-kwet-kina-colombia\/","og_site_name":"Consejo Regional Ind\u00edgena del Cauca - CRIC","article_publisher":"https:\/\/www.facebook.com\/cric.colombia\/","article_published_time":"2025-06-10T14:06:29+00:00","og_image":[{"width":1080,"height":1350,"url":"https:\/\/www.cric-colombia.org\/portal\/wp-content\/uploads\/2025\/05\/FORO-DE-LA-TIERRA.jpg","type":"image\/jpeg"}],"author":"Comunicaciones CRIC","twitter_card":"summary_large_image","twitter_creator":"@CRIC_Cauca","twitter_site":"@CRIC_Cauca","twitter_misc":{"Escrito por":"Comunicaciones CRIC","Tiempo de lectura":"4 minutos"},"schema":{"@context":"https:\/\/schema.org","@graph":[{"@type":"Article","@id":"https:\/\/www.cric-colombia.org\/portal\/el-primer-foro-global-indigena-de-la-tierra-reune-a-destacados-lideres-y-lideresas-en-kwet-kina-colombia\/#article","isPartOf":{"@id":"https:\/\/www.cric-colombia.org\/portal\/el-primer-foro-global-indigena-de-la-tierra-reune-a-destacados-lideres-y-lideresas-en-kwet-kina-colombia\/"},"author":{"name":"Comunicaciones CRIC","@id":"https:\/\/www.cric-colombia.org\/portal\/#\/schema\/person\/ab3a3099267de33d55f74f34ba201931"},"headline":"El primer Foro Global Ind\u00edgena de la Tierra re\u00fane a destacados l\u00edderes y lideresas en Kwet Kina, Colombia","datePublished":"2025-06-10T14:06:29+00:00","dateModified":"2025-06-10T14:06:29+00:00","mainEntityOfPage":{"@id":"https:\/\/www.cric-colombia.org\/portal\/el-primer-foro-global-indigena-de-la-tierra-reune-a-destacados-lideres-y-lideresas-en-kwet-kina-colombia\/"},"wordCount":885,"commentCount":0,"publisher":{"@id":"https:\/\/www.cric-colombia.org\/portal\/#organization"},"keywords":["comunicado","foro","Internacional","nota","prensa","Proteccion","Territorio","tierra"],"articleSection":["Actualidad Ind\u00edgena del Cauca"],"inLanguage":"es","potentialAction":[{"@type":"CommentAction","name":"Comment","target":["https:\/\/www.cric-colombia.org\/portal\/el-primer-foro-global-indigena-de-la-tierra-reune-a-destacados-lideres-y-lideresas-en-kwet-kina-colombia\/#respond"]}]},{"@type":"WebPage","@id":"https:\/\/www.cric-colombia.org\/portal\/el-primer-foro-global-indigena-de-la-tierra-reune-a-destacados-lideres-y-lideresas-en-kwet-kina-colombia\/","url":"https:\/\/www.cric-colombia.org\/portal\/el-primer-foro-global-indigena-de-la-tierra-reune-a-destacados-lideres-y-lideresas-en-kwet-kina-colombia\/","name":"El primer Foro Global Ind\u00edgena de la Tierra re\u00fane a destacados l\u00edderes y lideresas en Kwet Kina, Colombia - Consejo Regional Ind\u00edgena del Cauca - CRIC","isPartOf":{"@id":"https:\/\/www.cric-colombia.org\/portal\/#website"},"datePublished":"2025-06-10T14:06:29+00:00","dateModified":"2025-06-10T14:06:29+00:00","breadcrumb":{"@id":"https:\/\/www.cric-colombia.org\/portal\/el-primer-foro-global-indigena-de-la-tierra-reune-a-destacados-lideres-y-lideresas-en-kwet-kina-colombia\/#breadcrumb"},"inLanguage":"es","potentialAction":[{"@type":"ReadAction","target":["https:\/\/www.cric-colombia.org\/portal\/el-primer-foro-global-indigena-de-la-tierra-reune-a-destacados-lideres-y-lideresas-en-kwet-kina-colombia\/"]}]},{"@type":"BreadcrumbList","@id":"https:\/\/www.cric-colombia.org\/portal\/el-primer-foro-global-indigena-de-la-tierra-reune-a-destacados-lideres-y-lideresas-en-kwet-kina-colombia\/#breadcrumb","itemListElement":[{"@type":"ListItem","position":1,"name":"Portada","item":"https:\/\/www.cric-colombia.org\/portal\/"},{"@type":"ListItem","position":2,"name":"El primer Foro Global Ind\u00edgena de la Tierra re\u00fane a destacados l\u00edderes y lideresas en Kwet Kina, Colombia"}]},{"@type":"WebSite","@id":"https:\/\/www.cric-colombia.org\/portal\/#website","url":"https:\/\/www.cric-colombia.org\/portal\/","name":"Consejo Regional Ind\u00edgena del Cauca - CRIC","description":"P\u00e1gina oficial del Consejo Regional Ind\u00edgena del Cauca, Colombia","publisher":{"@id":"https:\/\/www.cric-colombia.org\/portal\/#organization"},"potentialAction":[{"@type":"SearchAction","target":{"@type":"EntryPoint","urlTemplate":"https:\/\/www.cric-colombia.org\/portal\/?s={search_term_string}"},"query-input":"required name=search_term_string"}],"inLanguage":"es"},{"@type":"Organization","@id":"https:\/\/www.cric-colombia.org\/portal\/#organization","name":"Consejo Regional Ind\u00edgena del Cauca","url":"https:\/\/www.cric-colombia.org\/portal\/","logo":{"@type":"ImageObject","inLanguage":"es","@id":"https:\/\/www.cric-colombia.org\/portal\/#\/schema\/logo\/image\/","url":"https:\/\/www.cric-colombia.org\/portal\/wp-content\/uploads\/2015\/08\/logo_cric.jpg","contentUrl":"https:\/\/www.cric-colombia.org\/portal\/wp-content\/uploads\/2015\/08\/logo_cric.jpg","width":512,"height":512,"caption":"Consejo Regional Ind\u00edgena del Cauca"},"image":{"@id":"https:\/\/www.cric-colombia.org\/portal\/#\/schema\/logo\/image\/"},"sameAs":["https:\/\/www.facebook.com\/cric.colombia\/","https:\/\/twitter.com\/CRIC_Cauca"]},{"@type":"Person","@id":"https:\/\/www.cric-colombia.org\/portal\/#\/schema\/person\/ab3a3099267de33d55f74f34ba201931","name":"Comunicaciones CRIC","image":{"@type":"ImageObject","inLanguage":"es","@id":"https:\/\/www.cric-colombia.org\/portal\/#\/schema\/person\/image\/","url":"https:\/\/secure.gravatar.com\/avatar\/a8d1a6cfcb82a80d09dafefdcc3dcc8a?s=96&d=retro&r=g","contentUrl":"https:\/\/secure.gravatar.com\/avatar\/a8d1a6cfcb82a80d09dafefdcc3dcc8a?s=96&d=retro&r=g","caption":"Comunicaciones CRIC"},"url":"https:\/\/www.cric-colombia.org\/portal\/author\/comunicaciones\/"}]}},"jetpack_featured_media_url":"https:\/\/www.cric-colombia.org\/portal\/wp-content\/uploads\/2025\/05\/FORO-DE-LA-TIERRA.jpg","_links":{"self":[{"href":"https:\/\/www.cric-colombia.org\/portal\/wp-json\/wp\/v2\/posts\/42497"}],"collection":[{"href":"https:\/\/www.cric-colombia.org\/portal\/wp-json\/wp\/v2\/posts"}],"about":[{"href":"https:\/\/www.cric-colombia.org\/portal\/wp-json\/wp\/v2\/types\/post"}],"author":[{"embeddable":true,"href":"https:\/\/www.cric-colombia.org\/portal\/wp-json\/wp\/v2\/users\/6"}],"replies":[{"embeddable":true,"href":"https:\/\/www.cric-colombia.org\/portal\/wp-json\/wp\/v2\/comments?post=42497"}],"version-history":[{"count":1,"href":"https:\/\/www.cric-colombia.org\/portal\/wp-json\/wp\/v2\/posts\/42497\/revisions"}],"predecessor-version":[{"id":42499,"href":"https:\/\/www.cric-colombia.org\/portal\/wp-json\/wp\/v2\/posts\/42497\/revisions\/42499"}],"wp:featuredmedia":[{"embeddable":true,"href":"https:\/\/www.cric-colombia.org\/portal\/wp-json\/wp\/v2\/media\/42434"}],"wp:attachment":[{"href":"https:\/\/www.cric-colombia.org\/portal\/wp-json\/wp\/v2\/media?parent=42497"}],"wp:term":[{"taxonomy":"category","embeddable":true,"href":"https:\/\/www.cric-colombia.org\/portal\/wp-json\/wp\/v2\/categories?post=42497"},{"taxonomy":"post_tag","embeddable":true,"href":"https:\/\/www.cric-colombia.org\/portal\/wp-json\/wp\/v2\/tags?post=42497"}],"curies":[{"name":"wp","href":"https:\/\/api.w.org\/{rel}","templated":true}]}}