{"id":42402,"date":"2025-05-21T09:12:50","date_gmt":"2025-05-21T14:12:50","guid":{"rendered":"https:\/\/www.cric-colombia.org\/portal\/?p=42402"},"modified":"2025-05-21T09:31:46","modified_gmt":"2025-05-21T14:31:46","slug":"informativo-regional-amcic-cric-importante-encuentro-para-dialogar-sobre-titulos-coloniales-en-tierradentro","status":"publish","type":"post","link":"https:\/\/www.cric-colombia.org\/portal\/informativo-regional-amcic-cric-importante-encuentro-para-dialogar-sobre-titulos-coloniales-en-tierradentro\/","title":{"rendered":"Informativo Regional AMCIC &#8211; CRIC: Importante encuentro para dialogar sobre t\u00edtulos coloniales en Tierradentro\u00a0"},"content":{"rendered":"<p><strong>Mercado estudiantil: iniciativa de<span class=\"Apple-converted-space\">\u00a0 <\/span>profesores y estudiantes del<span class=\"Apple-converted-space\">\u00a0 <\/span>colegio<span class=\"Apple-converted-space\">\u00a0 <\/span>agropecuario<span class=\"Apple-converted-space\">\u00a0 <\/span>Pueblo<span class=\"Apple-converted-space\">\u00a0 <\/span>Totoroez<\/strong><\/p>\n<p style=\"text-align: justify;\">Iniciativa de<span class=\"Apple-converted-space\">\u00a0 <\/span>profesores y estudiantes del<span class=\"Apple-converted-space\">\u00a0 <\/span>colegio<span class=\"Apple-converted-space\">\u00a0 <\/span>agropecuario <span class=\"Apple-converted-space\">\u00a0 <\/span>pueblo<span class=\"Apple-converted-space\">\u00a0 T<\/span>otoroez<span class=\"Apple-converted-space\">\u00a0<\/span>con esta din\u00e1mica <span class=\"Apple-converted-space\">\u00a0 <\/span>se busca que los<span class=\"Apple-converted-space\">\u00a0 <\/span>estudiantes<span class=\"Apple-converted-space\">\u00a0 <\/span>sean<span class=\"Apple-converted-space\">\u00a0 <\/span>emprendedores de<span class=\"Apple-converted-space\">\u00a0 <\/span>sus<span class=\"Apple-converted-space\">\u00a0 <\/span>propias<span class=\"Apple-converted-space\">\u00a0 <\/span>microempresas. Los<span class=\"Apple-converted-space\">\u00a0 <\/span>estudiantes<span class=\"Apple-converted-space\">\u00a0 <\/span>sacaron<span class=\"Apple-converted-space\">\u00a0 <\/span>a<span class=\"Apple-converted-space\">\u00a0 <\/span>exhibir<span class=\"Apple-converted-space\">\u00a0 <\/span>sus <span class=\"Apple-converted-space\">\u00a0 <\/span>emprendimientos <span class=\"Apple-converted-space\">\u00a0 <\/span>en <span class=\"Apple-converted-space\">\u00a0 <\/span>el<span class=\"Apple-converted-space\">\u00a0 <\/span>puente<span class=\"Apple-converted-space\">\u00a0 <\/span>peatonal<span class=\"Apple-converted-space\">\u00a0 \u00a0 \u00a0 <\/span>carretera<span class=\"Apple-converted-space\">\u00a0 \u00a0 <\/span>transversal <span class=\"Apple-converted-space\">\u00a0 El L<\/span>ibertador se<span class=\"Apple-converted-space\">\u00a0 <\/span>continuar\u00e1 <span class=\"Apple-converted-space\">\u00a0 <\/span>con<span class=\"Apple-converted-space\">\u00a0 <\/span>esta <span class=\"Apple-converted-space\">\u00a0 <\/span>iniciativa donde<span class=\"Apple-converted-space\">\u00a0 <\/span>se<span class=\"Apple-converted-space\">\u00a0 <\/span>espera<span class=\"Apple-converted-space\">\u00a0 <\/span>la acogida<span class=\"Apple-converted-space\">\u00a0 <\/span>de la<span class=\"Apple-converted-space\">\u00a0 <\/span>comunidad.<\/p>\n<p><strong>Importante encuentro para dialogar sobre t\u00edtulos coloniales en Tierradentro\u00a0<\/strong><\/p>\n<p>Encuentro con autoridades filiales a la Asociaci\u00f3n de Autoridades Ancestrales Territoriales Nasa \u00c7xha\u00e7xha y el Consejo de Autoridades Juan Tama, con el objetivo de dialogar sobre asuntos fundamentales relacionados con la tierra, los t\u00edtulos coloniales y la formalizaci\u00f3n del proceso de clasificaci\u00f3n de los territorios ind\u00edgenas de Tierradentro.<\/p>\n<p style=\"text-align: justify;\"><strong>Consejer\u00eda de Juventud socializa proceso electoral juvenil en la Instituci\u00f3n Educativa Natal\u00e1<\/strong><span class=\"Apple-converted-space\">\u00a0 \u00a0<\/span><\/p>\n<p style=\"text-align: justify;\">La Consejer\u00eda de Juventud de Torib\u00edo, en articulaci\u00f3n con el Enlace de Juventud Municipal, realiz\u00f3 el pasado 19 de mayo una importante jornada informativa en la Instituci\u00f3n Educativa Agroindustrial Natal\u00e1. Este evento estuvo dirigido a estudiantes de los grados novenos, d\u00e9cimo y once, con el objetivo de socializar los avances del trabajo realizado durante el actual periodo y presentar el proceso electoral para la elecci\u00f3n de nuevos consejeros juveniles.<\/p>\n<p style=\"text-align: justify;\"><strong>La Unidad de Salud municipal invitan a la jornada de vacunaci\u00f3n<\/strong><\/p>\n<p style=\"text-align: justify;\">La invitaci\u00f3n a la comunidad Jambalue\u00f1a para que participe de estas jornadas de vacunaci\u00f3n que dar\u00e1n inicio el d\u00eda mi\u00e9rcoles 21 de mayo en la zona media, el d\u00eda jueves 22 de mayo en el \u00e1rea urbana, el d\u00eda viernes 23 y s\u00e1bado 24 de mayo en la zona baja, del municipio de Jambal\u00f3.<\/p>\n<p style=\"text-align: justify;\"><strong>Segunda Copa por la Paz y la identidad de los cinco pueblos de la zona Oriente COTAINDOC<\/strong><\/p>\n<p style=\"text-align: justify;\">En el territorio nasa de Pitay\u00f3, se llev\u00f3 a cabo la segunda Copa por la Paz y la identidad de los cinco pueblos de la zona Oriente COTAINDOC.<span class=\"Apple-converted-space\">\u00a0 <\/span>Participaron los 13 territorios, as\u00ed mismo la participaci\u00f3n activa del territorio de Kisg\u00f3, con equipos masculinos y femeninos sub-17 y juveniles.<span class=\"Apple-converted-space\">\u00a0 <\/span>La copa se enfoca en la formaci\u00f3n a trav\u00e9s del deporte, la integraci\u00f3n y el fortalecimiento de la unidad, la cultura y la autonom\u00eda de los pueblos ind\u00edgenas. Reporte presentado por el proceso de comunicaciones COTAINDOC.<\/p>\n<p><strong>Asambleas en el Territorio Sa&#8217;th Tama Kiwe- Resguardo San Lorenzo<\/strong><\/p>\n<p style=\"text-align: justify;\">Comienzan las asambleas<span class=\"Apple-converted-space\">\u00a0 <\/span>en el Territorio Sa&#8217;th Tama Kiwe resguardo San Lorenzo con el objetivo de analizar el cambio de autoridad teniendo en cuenta que se acerca el a\u00f1o nuevo andino en la que se realizar\u00e1 el cambio de autoridades y el de la consejer\u00eda zonal El Gobernador nos cuenta en esta entrevista el trabajo que se aproxima para la comunidad en esta toma de desiciones.<\/p>\n<p><strong>Sat&#8217;h Fxi&#8217;nxi Kiwe encamina la transici\u00f3n del andar del tiempo para el SEIP y el SISPI<\/strong><\/p>\n<p style=\"text-align: justify;\">Teniendo en cuenta el encuentro de saberes realizado en la tulpa de Play\u00f3n Naya, el plan de vida Sat&#8217;h Fxinxi Kiwe seguir\u00e1 caminando la transici\u00f3n del calendario gregoriano al Andar del Tiempo no solo de estos sistemas, sino tambi\u00e9n de los dem\u00e1s procesos, para seguir fortaleciendo el territorio desde nuestros usos y costumbres.<\/p>\n<!--[if lt IE 9]><script>document.createElement('audio');<\/script><![endif]-->\n<audio class=\"wp-audio-shortcode\" id=\"audio-42402-1\" preload=\"none\" style=\"width: 100%;\" controls=\"controls\"><source type=\"audio\/mpeg\" src=\"https:\/\/www.cric-colombia.org\/portal\/wp-content\/uploads\/2025\/05\/Informativo-RED-AMCIC-20-de-mayo-2025.mp3?_=1\" \/><a href=\"https:\/\/www.cric-colombia.org\/portal\/wp-content\/uploads\/2025\/05\/Informativo-RED-AMCIC-20-de-mayo-2025.mp3\">https:\/\/www.cric-colombia.org\/portal\/wp-content\/uploads\/2025\/05\/Informativo-RED-AMCIC-20-de-mayo-2025.mp3<\/a><\/audio>\n","protected":false},"excerpt":{"rendered":"<p>Mercado estudiantil: iniciativa de\u00a0 profesores y estudiantes del\u00a0 colegio\u00a0 agropecuario\u00a0 Pueblo\u00a0 Totoroez Iniciativa de\u00a0 profesores y estudiantes del\u00a0 colegio\u00a0 agropecuario \u00a0 pueblo\u00a0 Totoroez\u00a0con esta din\u00e1mica \u00a0 se busca que los\u00a0 estudiantes\u00a0 sean\u00a0 emprendedores de\u00a0 sus\u00a0 propias\u00a0 microempresas. Los\u00a0 estudiantes\u00a0 sacaron\u00a0 a\u00a0 exhibir\u00a0 sus \u00a0 emprendimientos \u00a0 en \u00a0 el\u00a0 puente\u00a0 peatonal\u00a0 \u00a0 \u00a0 carretera\u00a0 \u00a0 <\/p>\n","protected":false},"author":6,"featured_media":42280,"comment_status":"open","ping_status":"open","sticky":false,"template":"","format":"standard","meta":{"footnotes":""},"categories":[3,77,74],"tags":[626,89,1146,290,245,398,479,333],"yoast_head":"<!-- This site is optimized with the Yoast SEO plugin v20.12 - https:\/\/yoast.com\/wordpress\/plugins\/seo\/ -->\n<title>Informativo Regional AMCIC - CRIC: Importante encuentro para dialogar sobre t\u00edtulos coloniales en Tierradentro\u00a0 - Consejo Regional Ind\u00edgena del Cauca - CRIC<\/title>\n<meta name=\"robots\" content=\"index, follow, max-snippet:-1, max-image-preview:large, max-video-preview:-1\" \/>\n<link rel=\"canonical\" href=\"https:\/\/www.cric-colombia.org\/portal\/informativo-regional-amcic-cric-importante-encuentro-para-dialogar-sobre-titulos-coloniales-en-tierradentro\/\" \/>\n<meta property=\"og:locale\" content=\"es_ES\" \/>\n<meta property=\"og:type\" content=\"article\" \/>\n<meta property=\"og:title\" content=\"Informativo Regional AMCIC - CRIC: Importante encuentro para dialogar sobre t\u00edtulos coloniales en Tierradentro\u00a0 - Consejo Regional Ind\u00edgena del Cauca - CRIC\" \/>\n<meta property=\"og:description\" content=\"Mercado estudiantil: iniciativa de\u00a0 profesores y estudiantes del\u00a0 colegio\u00a0 agropecuario\u00a0 Pueblo\u00a0 Totoroez Iniciativa de\u00a0 profesores y estudiantes del\u00a0 colegio\u00a0 agropecuario \u00a0 pueblo\u00a0 Totoroez\u00a0con esta din\u00e1mica \u00a0 se busca que los\u00a0 estudiantes\u00a0 sean\u00a0 emprendedores de\u00a0 sus\u00a0 propias\u00a0 microempresas. Los\u00a0 estudiantes\u00a0 sacaron\u00a0 a\u00a0 exhibir\u00a0 sus \u00a0 emprendimientos \u00a0 en \u00a0 el\u00a0 puente\u00a0 peatonal\u00a0 \u00a0 \u00a0 carretera\u00a0 \u00a0\" \/>\n<meta property=\"og:url\" content=\"https:\/\/www.cric-colombia.org\/portal\/informativo-regional-amcic-cric-importante-encuentro-para-dialogar-sobre-titulos-coloniales-en-tierradentro\/\" \/>\n<meta property=\"og:site_name\" content=\"Consejo Regional Ind\u00edgena del Cauca - CRIC\" \/>\n<meta property=\"article:publisher\" content=\"https:\/\/www.facebook.com\/cric.colombia\/\" \/>\n<meta property=\"article:published_time\" content=\"2025-05-21T14:12:50+00:00\" \/>\n<meta property=\"article:modified_time\" content=\"2025-05-21T14:31:46+00:00\" \/>\n<meta property=\"og:image\" content=\"https:\/\/www.cric-colombia.org\/portal\/wp-content\/uploads\/2025\/04\/PORTADA-INFORMATIVO-RED-AMCIC.png\" \/>\n\t<meta property=\"og:image:width\" content=\"2959\" \/>\n\t<meta property=\"og:image:height\" content=\"1459\" \/>\n\t<meta property=\"og:image:type\" content=\"image\/png\" \/>\n<meta name=\"author\" content=\"Comunicaciones CRIC\" \/>\n<meta name=\"twitter:card\" content=\"summary_large_image\" \/>\n<meta name=\"twitter:creator\" content=\"@CRIC_Cauca\" \/>\n<meta name=\"twitter:site\" content=\"@CRIC_Cauca\" \/>\n<meta name=\"twitter:label1\" content=\"Escrito por\" \/>\n\t<meta name=\"twitter:data1\" content=\"Comunicaciones CRIC\" \/>\n\t<meta name=\"twitter:label2\" content=\"Tiempo de lectura\" \/>\n\t<meta name=\"twitter:data2\" content=\"3 minutos\" \/>\n<script type=\"application\/ld+json\" class=\"yoast-schema-graph\">{\"@context\":\"https:\/\/schema.org\",\"@graph\":[{\"@type\":\"Article\",\"@id\":\"https:\/\/www.cric-colombia.org\/portal\/informativo-regional-amcic-cric-importante-encuentro-para-dialogar-sobre-titulos-coloniales-en-tierradentro\/#article\",\"isPartOf\":{\"@id\":\"https:\/\/www.cric-colombia.org\/portal\/informativo-regional-amcic-cric-importante-encuentro-para-dialogar-sobre-titulos-coloniales-en-tierradentro\/\"},\"author\":{\"name\":\"Comunicaciones CRIC\",\"@id\":\"https:\/\/www.cric-colombia.org\/portal\/#\/schema\/person\/ab3a3099267de33d55f74f34ba201931\"},\"headline\":\"Informativo Regional AMCIC &#8211; CRIC: Importante encuentro para dialogar sobre t\u00edtulos coloniales en Tierradentro\u00a0\",\"datePublished\":\"2025-05-21T14:12:50+00:00\",\"dateModified\":\"2025-05-21T14:31:46+00:00\",\"mainEntityOfPage\":{\"@id\":\"https:\/\/www.cric-colombia.org\/portal\/informativo-regional-amcic-cric-importante-encuentro-para-dialogar-sobre-titulos-coloniales-en-tierradentro\/\"},\"wordCount\":575,\"commentCount\":0,\"publisher\":{\"@id\":\"https:\/\/www.cric-colombia.org\/portal\/#organization\"},\"keywords\":[\"asamblea\",\"cauca\",\"deporte\",\"Noticias\",\"Paz\",\"SEIP\",\"Sispi\",\"Territorio\"],\"articleSection\":[\"Actualidad Ind\u00edgena del Cauca\",\"Audios\",\"Multimedia\"],\"inLanguage\":\"es\",\"potentialAction\":[{\"@type\":\"CommentAction\",\"name\":\"Comment\",\"target\":[\"https:\/\/www.cric-colombia.org\/portal\/informativo-regional-amcic-cric-importante-encuentro-para-dialogar-sobre-titulos-coloniales-en-tierradentro\/#respond\"]}]},{\"@type\":\"WebPage\",\"@id\":\"https:\/\/www.cric-colombia.org\/portal\/informativo-regional-amcic-cric-importante-encuentro-para-dialogar-sobre-titulos-coloniales-en-tierradentro\/\",\"url\":\"https:\/\/www.cric-colombia.org\/portal\/informativo-regional-amcic-cric-importante-encuentro-para-dialogar-sobre-titulos-coloniales-en-tierradentro\/\",\"name\":\"Informativo Regional AMCIC - CRIC: Importante encuentro para dialogar sobre t\u00edtulos coloniales en Tierradentro\u00a0 - Consejo Regional Ind\u00edgena del Cauca - CRIC\",\"isPartOf\":{\"@id\":\"https:\/\/www.cric-colombia.org\/portal\/#website\"},\"datePublished\":\"2025-05-21T14:12:50+00:00\",\"dateModified\":\"2025-05-21T14:31:46+00:00\",\"breadcrumb\":{\"@id\":\"https:\/\/www.cric-colombia.org\/portal\/informativo-regional-amcic-cric-importante-encuentro-para-dialogar-sobre-titulos-coloniales-en-tierradentro\/#breadcrumb\"},\"inLanguage\":\"es\",\"potentialAction\":[{\"@type\":\"ReadAction\",\"target\":[\"https:\/\/www.cric-colombia.org\/portal\/informativo-regional-amcic-cric-importante-encuentro-para-dialogar-sobre-titulos-coloniales-en-tierradentro\/\"]}]},{\"@type\":\"BreadcrumbList\",\"@id\":\"https:\/\/www.cric-colombia.org\/portal\/informativo-regional-amcic-cric-importante-encuentro-para-dialogar-sobre-titulos-coloniales-en-tierradentro\/#breadcrumb\",\"itemListElement\":[{\"@type\":\"ListItem\",\"position\":1,\"name\":\"Portada\",\"item\":\"https:\/\/www.cric-colombia.org\/portal\/\"},{\"@type\":\"ListItem\",\"position\":2,\"name\":\"Informativo Regional AMCIC &#8211; CRIC: Importante encuentro para dialogar sobre t\u00edtulos coloniales en Tierradentro\u00a0\"}]},{\"@type\":\"WebSite\",\"@id\":\"https:\/\/www.cric-colombia.org\/portal\/#website\",\"url\":\"https:\/\/www.cric-colombia.org\/portal\/\",\"name\":\"Consejo Regional Ind\u00edgena del Cauca - CRIC\",\"description\":\"P\u00e1gina oficial del Consejo Regional Ind\u00edgena del Cauca, Colombia\",\"publisher\":{\"@id\":\"https:\/\/www.cric-colombia.org\/portal\/#organization\"},\"potentialAction\":[{\"@type\":\"SearchAction\",\"target\":{\"@type\":\"EntryPoint\",\"urlTemplate\":\"https:\/\/www.cric-colombia.org\/portal\/?s={search_term_string}\"},\"query-input\":\"required name=search_term_string\"}],\"inLanguage\":\"es\"},{\"@type\":\"Organization\",\"@id\":\"https:\/\/www.cric-colombia.org\/portal\/#organization\",\"name\":\"Consejo Regional Ind\u00edgena del Cauca\",\"url\":\"https:\/\/www.cric-colombia.org\/portal\/\",\"logo\":{\"@type\":\"ImageObject\",\"inLanguage\":\"es\",\"@id\":\"https:\/\/www.cric-colombia.org\/portal\/#\/schema\/logo\/image\/\",\"url\":\"https:\/\/www.cric-colombia.org\/portal\/wp-content\/uploads\/2015\/08\/logo_cric.jpg\",\"contentUrl\":\"https:\/\/www.cric-colombia.org\/portal\/wp-content\/uploads\/2015\/08\/logo_cric.jpg\",\"width\":512,\"height\":512,\"caption\":\"Consejo Regional Ind\u00edgena del Cauca\"},\"image\":{\"@id\":\"https:\/\/www.cric-colombia.org\/portal\/#\/schema\/logo\/image\/\"},\"sameAs\":[\"https:\/\/www.facebook.com\/cric.colombia\/\",\"https:\/\/twitter.com\/CRIC_Cauca\"]},{\"@type\":\"Person\",\"@id\":\"https:\/\/www.cric-colombia.org\/portal\/#\/schema\/person\/ab3a3099267de33d55f74f34ba201931\",\"name\":\"Comunicaciones CRIC\",\"image\":{\"@type\":\"ImageObject\",\"inLanguage\":\"es\",\"@id\":\"https:\/\/www.cric-colombia.org\/portal\/#\/schema\/person\/image\/\",\"url\":\"https:\/\/secure.gravatar.com\/avatar\/a8d1a6cfcb82a80d09dafefdcc3dcc8a?s=96&d=retro&r=g\",\"contentUrl\":\"https:\/\/secure.gravatar.com\/avatar\/a8d1a6cfcb82a80d09dafefdcc3dcc8a?s=96&d=retro&r=g\",\"caption\":\"Comunicaciones CRIC\"},\"url\":\"https:\/\/www.cric-colombia.org\/portal\/author\/comunicaciones\/\"}]}<\/script>\n<!-- \/ Yoast SEO plugin. -->","yoast_head_json":{"title":"Informativo Regional AMCIC - CRIC: Importante encuentro para dialogar sobre t\u00edtulos coloniales en Tierradentro\u00a0 - Consejo Regional Ind\u00edgena del Cauca - CRIC","robots":{"index":"index","follow":"follow","max-snippet":"max-snippet:-1","max-image-preview":"max-image-preview:large","max-video-preview":"max-video-preview:-1"},"canonical":"https:\/\/www.cric-colombia.org\/portal\/informativo-regional-amcic-cric-importante-encuentro-para-dialogar-sobre-titulos-coloniales-en-tierradentro\/","og_locale":"es_ES","og_type":"article","og_title":"Informativo Regional AMCIC - CRIC: Importante encuentro para dialogar sobre t\u00edtulos coloniales en Tierradentro\u00a0 - Consejo Regional Ind\u00edgena del Cauca - CRIC","og_description":"Mercado estudiantil: iniciativa de\u00a0 profesores y estudiantes del\u00a0 colegio\u00a0 agropecuario\u00a0 Pueblo\u00a0 Totoroez Iniciativa de\u00a0 profesores y estudiantes del\u00a0 colegio\u00a0 agropecuario \u00a0 pueblo\u00a0 Totoroez\u00a0con esta din\u00e1mica \u00a0 se busca que los\u00a0 estudiantes\u00a0 sean\u00a0 emprendedores de\u00a0 sus\u00a0 propias\u00a0 microempresas. Los\u00a0 estudiantes\u00a0 sacaron\u00a0 a\u00a0 exhibir\u00a0 sus \u00a0 emprendimientos \u00a0 en \u00a0 el\u00a0 puente\u00a0 peatonal\u00a0 \u00a0 \u00a0 carretera\u00a0 \u00a0","og_url":"https:\/\/www.cric-colombia.org\/portal\/informativo-regional-amcic-cric-importante-encuentro-para-dialogar-sobre-titulos-coloniales-en-tierradentro\/","og_site_name":"Consejo Regional Ind\u00edgena del Cauca - CRIC","article_publisher":"https:\/\/www.facebook.com\/cric.colombia\/","article_published_time":"2025-05-21T14:12:50+00:00","article_modified_time":"2025-05-21T14:31:46+00:00","og_image":[{"width":2959,"height":1459,"url":"https:\/\/www.cric-colombia.org\/portal\/wp-content\/uploads\/2025\/04\/PORTADA-INFORMATIVO-RED-AMCIC.png","type":"image\/png"}],"author":"Comunicaciones CRIC","twitter_card":"summary_large_image","twitter_creator":"@CRIC_Cauca","twitter_site":"@CRIC_Cauca","twitter_misc":{"Escrito por":"Comunicaciones CRIC","Tiempo de lectura":"3 minutos"},"schema":{"@context":"https:\/\/schema.org","@graph":[{"@type":"Article","@id":"https:\/\/www.cric-colombia.org\/portal\/informativo-regional-amcic-cric-importante-encuentro-para-dialogar-sobre-titulos-coloniales-en-tierradentro\/#article","isPartOf":{"@id":"https:\/\/www.cric-colombia.org\/portal\/informativo-regional-amcic-cric-importante-encuentro-para-dialogar-sobre-titulos-coloniales-en-tierradentro\/"},"author":{"name":"Comunicaciones CRIC","@id":"https:\/\/www.cric-colombia.org\/portal\/#\/schema\/person\/ab3a3099267de33d55f74f34ba201931"},"headline":"Informativo Regional AMCIC &#8211; CRIC: Importante encuentro para dialogar sobre t\u00edtulos coloniales en Tierradentro\u00a0","datePublished":"2025-05-21T14:12:50+00:00","dateModified":"2025-05-21T14:31:46+00:00","mainEntityOfPage":{"@id":"https:\/\/www.cric-colombia.org\/portal\/informativo-regional-amcic-cric-importante-encuentro-para-dialogar-sobre-titulos-coloniales-en-tierradentro\/"},"wordCount":575,"commentCount":0,"publisher":{"@id":"https:\/\/www.cric-colombia.org\/portal\/#organization"},"keywords":["asamblea","cauca","deporte","Noticias","Paz","SEIP","Sispi","Territorio"],"articleSection":["Actualidad Ind\u00edgena del Cauca","Audios","Multimedia"],"inLanguage":"es","potentialAction":[{"@type":"CommentAction","name":"Comment","target":["https:\/\/www.cric-colombia.org\/portal\/informativo-regional-amcic-cric-importante-encuentro-para-dialogar-sobre-titulos-coloniales-en-tierradentro\/#respond"]}]},{"@type":"WebPage","@id":"https:\/\/www.cric-colombia.org\/portal\/informativo-regional-amcic-cric-importante-encuentro-para-dialogar-sobre-titulos-coloniales-en-tierradentro\/","url":"https:\/\/www.cric-colombia.org\/portal\/informativo-regional-amcic-cric-importante-encuentro-para-dialogar-sobre-titulos-coloniales-en-tierradentro\/","name":"Informativo Regional AMCIC - CRIC: Importante encuentro para dialogar sobre t\u00edtulos coloniales en Tierradentro\u00a0 - Consejo Regional Ind\u00edgena del Cauca - CRIC","isPartOf":{"@id":"https:\/\/www.cric-colombia.org\/portal\/#website"},"datePublished":"2025-05-21T14:12:50+00:00","dateModified":"2025-05-21T14:31:46+00:00","breadcrumb":{"@id":"https:\/\/www.cric-colombia.org\/portal\/informativo-regional-amcic-cric-importante-encuentro-para-dialogar-sobre-titulos-coloniales-en-tierradentro\/#breadcrumb"},"inLanguage":"es","potentialAction":[{"@type":"ReadAction","target":["https:\/\/www.cric-colombia.org\/portal\/informativo-regional-amcic-cric-importante-encuentro-para-dialogar-sobre-titulos-coloniales-en-tierradentro\/"]}]},{"@type":"BreadcrumbList","@id":"https:\/\/www.cric-colombia.org\/portal\/informativo-regional-amcic-cric-importante-encuentro-para-dialogar-sobre-titulos-coloniales-en-tierradentro\/#breadcrumb","itemListElement":[{"@type":"ListItem","position":1,"name":"Portada","item":"https:\/\/www.cric-colombia.org\/portal\/"},{"@type":"ListItem","position":2,"name":"Informativo Regional AMCIC &#8211; CRIC: Importante encuentro para dialogar sobre t\u00edtulos coloniales en Tierradentro\u00a0"}]},{"@type":"WebSite","@id":"https:\/\/www.cric-colombia.org\/portal\/#website","url":"https:\/\/www.cric-colombia.org\/portal\/","name":"Consejo Regional Ind\u00edgena del Cauca - CRIC","description":"P\u00e1gina oficial del Consejo Regional Ind\u00edgena del Cauca, Colombia","publisher":{"@id":"https:\/\/www.cric-colombia.org\/portal\/#organization"},"potentialAction":[{"@type":"SearchAction","target":{"@type":"EntryPoint","urlTemplate":"https:\/\/www.cric-colombia.org\/portal\/?s={search_term_string}"},"query-input":"required name=search_term_string"}],"inLanguage":"es"},{"@type":"Organization","@id":"https:\/\/www.cric-colombia.org\/portal\/#organization","name":"Consejo Regional Ind\u00edgena del Cauca","url":"https:\/\/www.cric-colombia.org\/portal\/","logo":{"@type":"ImageObject","inLanguage":"es","@id":"https:\/\/www.cric-colombia.org\/portal\/#\/schema\/logo\/image\/","url":"https:\/\/www.cric-colombia.org\/portal\/wp-content\/uploads\/2015\/08\/logo_cric.jpg","contentUrl":"https:\/\/www.cric-colombia.org\/portal\/wp-content\/uploads\/2015\/08\/logo_cric.jpg","width":512,"height":512,"caption":"Consejo Regional Ind\u00edgena del Cauca"},"image":{"@id":"https:\/\/www.cric-colombia.org\/portal\/#\/schema\/logo\/image\/"},"sameAs":["https:\/\/www.facebook.com\/cric.colombia\/","https:\/\/twitter.com\/CRIC_Cauca"]},{"@type":"Person","@id":"https:\/\/www.cric-colombia.org\/portal\/#\/schema\/person\/ab3a3099267de33d55f74f34ba201931","name":"Comunicaciones CRIC","image":{"@type":"ImageObject","inLanguage":"es","@id":"https:\/\/www.cric-colombia.org\/portal\/#\/schema\/person\/image\/","url":"https:\/\/secure.gravatar.com\/avatar\/a8d1a6cfcb82a80d09dafefdcc3dcc8a?s=96&d=retro&r=g","contentUrl":"https:\/\/secure.gravatar.com\/avatar\/a8d1a6cfcb82a80d09dafefdcc3dcc8a?s=96&d=retro&r=g","caption":"Comunicaciones CRIC"},"url":"https:\/\/www.cric-colombia.org\/portal\/author\/comunicaciones\/"}]}},"jetpack_featured_media_url":"https:\/\/www.cric-colombia.org\/portal\/wp-content\/uploads\/2025\/04\/PORTADA-INFORMATIVO-RED-AMCIC.png","_links":{"self":[{"href":"https:\/\/www.cric-colombia.org\/portal\/wp-json\/wp\/v2\/posts\/42402"}],"collection":[{"href":"https:\/\/www.cric-colombia.org\/portal\/wp-json\/wp\/v2\/posts"}],"about":[{"href":"https:\/\/www.cric-colombia.org\/portal\/wp-json\/wp\/v2\/types\/post"}],"author":[{"embeddable":true,"href":"https:\/\/www.cric-colombia.org\/portal\/wp-json\/wp\/v2\/users\/6"}],"replies":[{"embeddable":true,"href":"https:\/\/www.cric-colombia.org\/portal\/wp-json\/wp\/v2\/comments?post=42402"}],"version-history":[{"count":2,"href":"https:\/\/www.cric-colombia.org\/portal\/wp-json\/wp\/v2\/posts\/42402\/revisions"}],"predecessor-version":[{"id":42405,"href":"https:\/\/www.cric-colombia.org\/portal\/wp-json\/wp\/v2\/posts\/42402\/revisions\/42405"}],"wp:featuredmedia":[{"embeddable":true,"href":"https:\/\/www.cric-colombia.org\/portal\/wp-json\/wp\/v2\/media\/42280"}],"wp:attachment":[{"href":"https:\/\/www.cric-colombia.org\/portal\/wp-json\/wp\/v2\/media?parent=42402"}],"wp:term":[{"taxonomy":"category","embeddable":true,"href":"https:\/\/www.cric-colombia.org\/portal\/wp-json\/wp\/v2\/categories?post=42402"},{"taxonomy":"post_tag","embeddable":true,"href":"https:\/\/www.cric-colombia.org\/portal\/wp-json\/wp\/v2\/tags?post=42402"}],"curies":[{"name":"wp","href":"https:\/\/api.w.org\/{rel}","templated":true}]}}