{"id":42329,"date":"2025-05-01T14:18:14","date_gmt":"2025-05-01T19:18:14","guid":{"rendered":"https:\/\/www.cric-colombia.org\/portal\/?p=42329"},"modified":"2025-05-01T14:18:14","modified_gmt":"2025-05-01T19:18:14","slug":"seguiremos-en-minga-caminando-desde-la-palabra-digna-y-rompiendo-el-silencio","status":"publish","type":"post","link":"https:\/\/www.cric-colombia.org\/portal\/seguiremos-en-minga-caminando-desde-la-palabra-digna-y-rompiendo-el-silencio\/","title":{"rendered":"Seguiremos en Minga, caminando desde la palabra digna y rompiendo el silencio"},"content":{"rendered":"<p>Hoy primero de mayo, d\u00eda del trabajo, <strong>saludamos a todas las luchas que caminan por la vida<\/strong> y dignidad de los pueblos.<\/p>\n<p><strong>Nos movilizamos en minga, para hacerle frente al racismo<\/strong>, a los se\u00f1alamientos de la gente de bien y al silencio. Desde distintos lugares el <strong>verde y rojo de nuestra organizaci\u00f3n camina las calles<\/strong> de las ciudades en la que hoy nos convocamos como Minga Nacional, por la defensa de la vida, la dignidad y el territorio respaldando <strong>la propuesta de consulta popular del presidente Gustavo Petro.<\/strong><\/p>\n<p><img decoding=\"async\" loading=\"lazy\" class=\"alignnone size-medium wp-image-42331\" src=\"https:\/\/www.cric-colombia.org\/portal\/wp-content\/uploads\/2025\/05\/Minga-Nacional-02-300x225.jpeg\" alt=\"\" width=\"300\" height=\"225\" srcset=\"https:\/\/www.cric-colombia.org\/portal\/wp-content\/uploads\/2025\/05\/Minga-Nacional-02-300x225.jpeg 300w, https:\/\/www.cric-colombia.org\/portal\/wp-content\/uploads\/2025\/05\/Minga-Nacional-02-1024x768.jpeg 1024w, https:\/\/www.cric-colombia.org\/portal\/wp-content\/uploads\/2025\/05\/Minga-Nacional-02-768x576.jpeg 768w, https:\/\/www.cric-colombia.org\/portal\/wp-content\/uploads\/2025\/05\/Minga-Nacional-02-1536x1152.jpeg 1536w, https:\/\/www.cric-colombia.org\/portal\/wp-content\/uploads\/2025\/05\/Minga-Nacional-02-80x60.jpeg 80w, https:\/\/www.cric-colombia.org\/portal\/wp-content\/uploads\/2025\/05\/Minga-Nacional-02-265x198.jpeg 265w, https:\/\/www.cric-colombia.org\/portal\/wp-content\/uploads\/2025\/05\/Minga-Nacional-02-696x522.jpeg 696w, https:\/\/www.cric-colombia.org\/portal\/wp-content\/uploads\/2025\/05\/Minga-Nacional-02-1068x801.jpeg 1068w, https:\/\/www.cric-colombia.org\/portal\/wp-content\/uploads\/2025\/05\/Minga-Nacional-02-560x420.jpeg 560w, https:\/\/www.cric-colombia.org\/portal\/wp-content\/uploads\/2025\/05\/Minga-Nacional-02.jpeg 1600w\" sizes=\"(max-width: 300px) 100vw, 300px\" \/><\/p>\n<p><strong>Como pueblos ind\u00edgenas hist\u00f3ricamente hemos luchado por una vida digna, <\/strong>exigiendo respeto a los derechos fundamentales, en esa lucha nos hemos unido con sectores sociales y populares del pa\u00eds, <strong>reclamando no solo el cumplimiento de acuerdos hechos con los malos gobiernos de la derecha <\/strong>que por a\u00f1os han estigmatizado y se\u00f1alado nuestras luchas por la dignidad y el buen vivir de nuestros pueblos, sino tambi\u00e9n exigiendo cambios estructurales en la pol\u00edtica del pa\u00eds.<\/p>\n<p><strong>Por eso nos hemos sumado a las movilizaciones que respaldan la pol\u00edtica de cambio, <\/strong>por medio de la consulta popular, ya que esta, para el movimiento ind\u00edgena y dem\u00e1s sectores sociales y populares del pa\u00eds, representa un mecanismo de participaci\u00f3n leg\u00edtimo para la toma de decisiones en las pol\u00edticas que nos afectan.<\/p>\n<p><strong>Como parte de la Minga Nacional,<\/strong> movilizada desde el pasado 25 de abril, hemos llamado a la unidad y a la conciencia del pueblo colombiano, ya que esta es una lucha que nos compete a todos y todas, <strong>no podemos permitir que sean los mismos corruptos de siempre, quienes tomen las decisiones del pa\u00eds,<\/strong> pasando por encima de nuestra dignidad.<\/p>\n<p><img decoding=\"async\" loading=\"lazy\" class=\"alignnone size-medium wp-image-42332\" src=\"https:\/\/www.cric-colombia.org\/portal\/wp-content\/uploads\/2025\/05\/WhatsApp-Image-2025-05-01-at-1.58.44-PM-300x225.jpeg\" alt=\"\" width=\"300\" height=\"225\" srcset=\"https:\/\/www.cric-colombia.org\/portal\/wp-content\/uploads\/2025\/05\/WhatsApp-Image-2025-05-01-at-1.58.44-PM-300x225.jpeg 300w, https:\/\/www.cric-colombia.org\/portal\/wp-content\/uploads\/2025\/05\/WhatsApp-Image-2025-05-01-at-1.58.44-PM-1024x768.jpeg 1024w, https:\/\/www.cric-colombia.org\/portal\/wp-content\/uploads\/2025\/05\/WhatsApp-Image-2025-05-01-at-1.58.44-PM-768x576.jpeg 768w, https:\/\/www.cric-colombia.org\/portal\/wp-content\/uploads\/2025\/05\/WhatsApp-Image-2025-05-01-at-1.58.44-PM-1536x1152.jpeg 1536w, https:\/\/www.cric-colombia.org\/portal\/wp-content\/uploads\/2025\/05\/WhatsApp-Image-2025-05-01-at-1.58.44-PM-80x60.jpeg 80w, https:\/\/www.cric-colombia.org\/portal\/wp-content\/uploads\/2025\/05\/WhatsApp-Image-2025-05-01-at-1.58.44-PM-265x198.jpeg 265w, https:\/\/www.cric-colombia.org\/portal\/wp-content\/uploads\/2025\/05\/WhatsApp-Image-2025-05-01-at-1.58.44-PM-696x522.jpeg 696w, https:\/\/www.cric-colombia.org\/portal\/wp-content\/uploads\/2025\/05\/WhatsApp-Image-2025-05-01-at-1.58.44-PM-1068x801.jpeg 1068w, https:\/\/www.cric-colombia.org\/portal\/wp-content\/uploads\/2025\/05\/WhatsApp-Image-2025-05-01-at-1.58.44-PM-560x420.jpeg 560w, https:\/\/www.cric-colombia.org\/portal\/wp-content\/uploads\/2025\/05\/WhatsApp-Image-2025-05-01-at-1.58.44-PM.jpeg 1600w\" sizes=\"(max-width: 300px) 100vw, 300px\" \/><\/p>\n<p><strong>El pueblo colombiano, hoy alza su voz en busca de un mejor futuro<\/strong>, uno donde la dignidad sea costumbre y donde la Madre Tierra y sus pueblos, sean libres. No perdemos la convicci\u00f3n de ese mundo otro en donde quepamos todas y todos, <strong>por ello seguiremos en Minga, caminando desde la palabra digna,<\/strong> rompiendo el silencio y las barreras impuestas por unos cuantos ricos que se creen due\u00f1os del pa\u00eds y de nuestros territorios.<\/p>\n<p>Como pueblos que luchan, <strong>seguiremos en minga por nuestros derechos,<\/strong> por nuestro territorio, por la dignidad y por la vida misma.<\/p>\n<p>&nbsp;<\/p>\n<p><strong>Por: Programa de Comunicaciones CRIC<\/strong><\/p>\n","protected":false},"excerpt":{"rendered":"<p>Hoy primero de mayo, d\u00eda del trabajo, saludamos a todas las luchas que caminan por la vida y dignidad de los pueblos. Nos movilizamos en minga, para hacerle frente al racismo, a los se\u00f1alamientos de la gente de bien y al silencio. Desde distintos lugares el verde y rojo de nuestra organizaci\u00f3n camina las calles <\/p>\n","protected":false},"author":6,"featured_media":42330,"comment_status":"open","ping_status":"open","sticky":false,"template":"","format":"standard","meta":{"footnotes":""},"categories":[3,23,74],"tags":[583,88,391,168,982,1217,1218],"yoast_head":"<!-- This site is optimized with the Yoast SEO plugin v20.12 - https:\/\/yoast.com\/wordpress\/plugins\/seo\/ -->\n<title>Seguiremos en Minga, caminando desde la palabra digna y rompiendo el silencio - Consejo Regional Ind\u00edgena del Cauca - CRIC<\/title>\n<meta name=\"robots\" content=\"index, follow, max-snippet:-1, max-image-preview:large, max-video-preview:-1\" \/>\n<link rel=\"canonical\" href=\"https:\/\/www.cric-colombia.org\/portal\/seguiremos-en-minga-caminando-desde-la-palabra-digna-y-rompiendo-el-silencio\/\" \/>\n<meta property=\"og:locale\" content=\"es_ES\" \/>\n<meta property=\"og:type\" content=\"article\" \/>\n<meta property=\"og:title\" content=\"Seguiremos en Minga, caminando desde la palabra digna y rompiendo el silencio - Consejo Regional Ind\u00edgena del Cauca - CRIC\" \/>\n<meta property=\"og:description\" content=\"Hoy primero de mayo, d\u00eda del trabajo, saludamos a todas las luchas que caminan por la vida y dignidad de los pueblos. Nos movilizamos en minga, para hacerle frente al racismo, a los se\u00f1alamientos de la gente de bien y al silencio. Desde distintos lugares el verde y rojo de nuestra organizaci\u00f3n camina las calles\" \/>\n<meta property=\"og:url\" content=\"https:\/\/www.cric-colombia.org\/portal\/seguiremos-en-minga-caminando-desde-la-palabra-digna-y-rompiendo-el-silencio\/\" \/>\n<meta property=\"og:site_name\" content=\"Consejo Regional Ind\u00edgena del Cauca - CRIC\" \/>\n<meta property=\"article:publisher\" content=\"https:\/\/www.facebook.com\/cric.colombia\/\" \/>\n<meta property=\"article:published_time\" content=\"2025-05-01T19:18:14+00:00\" \/>\n<meta property=\"og:image\" content=\"https:\/\/www.cric-colombia.org\/portal\/wp-content\/uploads\/2025\/05\/Minga-Nacional-01.jpeg\" \/>\n\t<meta property=\"og:image:width\" content=\"1600\" \/>\n\t<meta property=\"og:image:height\" content=\"1066\" \/>\n\t<meta property=\"og:image:type\" content=\"image\/jpeg\" \/>\n<meta name=\"author\" content=\"Comunicaciones CRIC\" \/>\n<meta name=\"twitter:card\" content=\"summary_large_image\" \/>\n<meta name=\"twitter:creator\" content=\"@CRIC_Cauca\" \/>\n<meta name=\"twitter:site\" content=\"@CRIC_Cauca\" \/>\n<meta name=\"twitter:label1\" content=\"Escrito por\" \/>\n\t<meta name=\"twitter:data1\" content=\"Comunicaciones CRIC\" \/>\n\t<meta name=\"twitter:label2\" content=\"Tiempo de lectura\" \/>\n\t<meta name=\"twitter:data2\" content=\"2 minutos\" \/>\n<script type=\"application\/ld+json\" class=\"yoast-schema-graph\">{\"@context\":\"https:\/\/schema.org\",\"@graph\":[{\"@type\":\"Article\",\"@id\":\"https:\/\/www.cric-colombia.org\/portal\/seguiremos-en-minga-caminando-desde-la-palabra-digna-y-rompiendo-el-silencio\/#article\",\"isPartOf\":{\"@id\":\"https:\/\/www.cric-colombia.org\/portal\/seguiremos-en-minga-caminando-desde-la-palabra-digna-y-rompiendo-el-silencio\/\"},\"author\":{\"name\":\"Comunicaciones CRIC\",\"@id\":\"https:\/\/www.cric-colombia.org\/portal\/#\/schema\/person\/ab3a3099267de33d55f74f34ba201931\"},\"headline\":\"Seguiremos en Minga, caminando desde la palabra digna y rompiendo el silencio\",\"datePublished\":\"2025-05-01T19:18:14+00:00\",\"dateModified\":\"2025-05-01T19:18:14+00:00\",\"mainEntityOfPage\":{\"@id\":\"https:\/\/www.cric-colombia.org\/portal\/seguiremos-en-minga-caminando-desde-la-palabra-digna-y-rompiendo-el-silencio\/\"},\"wordCount\":407,\"commentCount\":0,\"publisher\":{\"@id\":\"https:\/\/www.cric-colombia.org\/portal\/#organization\"},\"keywords\":[\"consulta\",\"cric\",\"Marcha\",\"Minga\",\"Petro\",\"Popular\",\"Reformas\"],\"articleSection\":[\"Actualidad Ind\u00edgena del Cauca\",\"Actualidad Ind\u00edgena Nacional\",\"Multimedia\"],\"inLanguage\":\"es\",\"potentialAction\":[{\"@type\":\"CommentAction\",\"name\":\"Comment\",\"target\":[\"https:\/\/www.cric-colombia.org\/portal\/seguiremos-en-minga-caminando-desde-la-palabra-digna-y-rompiendo-el-silencio\/#respond\"]}]},{\"@type\":\"WebPage\",\"@id\":\"https:\/\/www.cric-colombia.org\/portal\/seguiremos-en-minga-caminando-desde-la-palabra-digna-y-rompiendo-el-silencio\/\",\"url\":\"https:\/\/www.cric-colombia.org\/portal\/seguiremos-en-minga-caminando-desde-la-palabra-digna-y-rompiendo-el-silencio\/\",\"name\":\"Seguiremos en Minga, caminando desde la palabra digna y rompiendo el silencio - Consejo Regional Ind\u00edgena del Cauca - CRIC\",\"isPartOf\":{\"@id\":\"https:\/\/www.cric-colombia.org\/portal\/#website\"},\"datePublished\":\"2025-05-01T19:18:14+00:00\",\"dateModified\":\"2025-05-01T19:18:14+00:00\",\"breadcrumb\":{\"@id\":\"https:\/\/www.cric-colombia.org\/portal\/seguiremos-en-minga-caminando-desde-la-palabra-digna-y-rompiendo-el-silencio\/#breadcrumb\"},\"inLanguage\":\"es\",\"potentialAction\":[{\"@type\":\"ReadAction\",\"target\":[\"https:\/\/www.cric-colombia.org\/portal\/seguiremos-en-minga-caminando-desde-la-palabra-digna-y-rompiendo-el-silencio\/\"]}]},{\"@type\":\"BreadcrumbList\",\"@id\":\"https:\/\/www.cric-colombia.org\/portal\/seguiremos-en-minga-caminando-desde-la-palabra-digna-y-rompiendo-el-silencio\/#breadcrumb\",\"itemListElement\":[{\"@type\":\"ListItem\",\"position\":1,\"name\":\"Portada\",\"item\":\"https:\/\/www.cric-colombia.org\/portal\/\"},{\"@type\":\"ListItem\",\"position\":2,\"name\":\"Seguiremos en Minga, caminando desde la palabra digna y rompiendo el silencio\"}]},{\"@type\":\"WebSite\",\"@id\":\"https:\/\/www.cric-colombia.org\/portal\/#website\",\"url\":\"https:\/\/www.cric-colombia.org\/portal\/\",\"name\":\"Consejo Regional Ind\u00edgena del Cauca - CRIC\",\"description\":\"P\u00e1gina oficial del Consejo Regional Ind\u00edgena del Cauca, Colombia\",\"publisher\":{\"@id\":\"https:\/\/www.cric-colombia.org\/portal\/#organization\"},\"potentialAction\":[{\"@type\":\"SearchAction\",\"target\":{\"@type\":\"EntryPoint\",\"urlTemplate\":\"https:\/\/www.cric-colombia.org\/portal\/?s={search_term_string}\"},\"query-input\":\"required name=search_term_string\"}],\"inLanguage\":\"es\"},{\"@type\":\"Organization\",\"@id\":\"https:\/\/www.cric-colombia.org\/portal\/#organization\",\"name\":\"Consejo Regional Ind\u00edgena del Cauca\",\"url\":\"https:\/\/www.cric-colombia.org\/portal\/\",\"logo\":{\"@type\":\"ImageObject\",\"inLanguage\":\"es\",\"@id\":\"https:\/\/www.cric-colombia.org\/portal\/#\/schema\/logo\/image\/\",\"url\":\"https:\/\/www.cric-colombia.org\/portal\/wp-content\/uploads\/2015\/08\/logo_cric.jpg\",\"contentUrl\":\"https:\/\/www.cric-colombia.org\/portal\/wp-content\/uploads\/2015\/08\/logo_cric.jpg\",\"width\":512,\"height\":512,\"caption\":\"Consejo Regional Ind\u00edgena del Cauca\"},\"image\":{\"@id\":\"https:\/\/www.cric-colombia.org\/portal\/#\/schema\/logo\/image\/\"},\"sameAs\":[\"https:\/\/www.facebook.com\/cric.colombia\/\",\"https:\/\/twitter.com\/CRIC_Cauca\"]},{\"@type\":\"Person\",\"@id\":\"https:\/\/www.cric-colombia.org\/portal\/#\/schema\/person\/ab3a3099267de33d55f74f34ba201931\",\"name\":\"Comunicaciones CRIC\",\"image\":{\"@type\":\"ImageObject\",\"inLanguage\":\"es\",\"@id\":\"https:\/\/www.cric-colombia.org\/portal\/#\/schema\/person\/image\/\",\"url\":\"https:\/\/secure.gravatar.com\/avatar\/a8d1a6cfcb82a80d09dafefdcc3dcc8a?s=96&d=retro&r=g\",\"contentUrl\":\"https:\/\/secure.gravatar.com\/avatar\/a8d1a6cfcb82a80d09dafefdcc3dcc8a?s=96&d=retro&r=g\",\"caption\":\"Comunicaciones CRIC\"},\"url\":\"https:\/\/www.cric-colombia.org\/portal\/author\/comunicaciones\/\"}]}<\/script>\n<!-- \/ Yoast SEO plugin. -->","yoast_head_json":{"title":"Seguiremos en Minga, caminando desde la palabra digna y rompiendo el silencio - Consejo Regional Ind\u00edgena del Cauca - CRIC","robots":{"index":"index","follow":"follow","max-snippet":"max-snippet:-1","max-image-preview":"max-image-preview:large","max-video-preview":"max-video-preview:-1"},"canonical":"https:\/\/www.cric-colombia.org\/portal\/seguiremos-en-minga-caminando-desde-la-palabra-digna-y-rompiendo-el-silencio\/","og_locale":"es_ES","og_type":"article","og_title":"Seguiremos en Minga, caminando desde la palabra digna y rompiendo el silencio - Consejo Regional Ind\u00edgena del Cauca - CRIC","og_description":"Hoy primero de mayo, d\u00eda del trabajo, saludamos a todas las luchas que caminan por la vida y dignidad de los pueblos. Nos movilizamos en minga, para hacerle frente al racismo, a los se\u00f1alamientos de la gente de bien y al silencio. Desde distintos lugares el verde y rojo de nuestra organizaci\u00f3n camina las calles","og_url":"https:\/\/www.cric-colombia.org\/portal\/seguiremos-en-minga-caminando-desde-la-palabra-digna-y-rompiendo-el-silencio\/","og_site_name":"Consejo Regional Ind\u00edgena del Cauca - CRIC","article_publisher":"https:\/\/www.facebook.com\/cric.colombia\/","article_published_time":"2025-05-01T19:18:14+00:00","og_image":[{"width":1600,"height":1066,"url":"https:\/\/www.cric-colombia.org\/portal\/wp-content\/uploads\/2025\/05\/Minga-Nacional-01.jpeg","type":"image\/jpeg"}],"author":"Comunicaciones CRIC","twitter_card":"summary_large_image","twitter_creator":"@CRIC_Cauca","twitter_site":"@CRIC_Cauca","twitter_misc":{"Escrito por":"Comunicaciones CRIC","Tiempo de lectura":"2 minutos"},"schema":{"@context":"https:\/\/schema.org","@graph":[{"@type":"Article","@id":"https:\/\/www.cric-colombia.org\/portal\/seguiremos-en-minga-caminando-desde-la-palabra-digna-y-rompiendo-el-silencio\/#article","isPartOf":{"@id":"https:\/\/www.cric-colombia.org\/portal\/seguiremos-en-minga-caminando-desde-la-palabra-digna-y-rompiendo-el-silencio\/"},"author":{"name":"Comunicaciones CRIC","@id":"https:\/\/www.cric-colombia.org\/portal\/#\/schema\/person\/ab3a3099267de33d55f74f34ba201931"},"headline":"Seguiremos en Minga, caminando desde la palabra digna y rompiendo el silencio","datePublished":"2025-05-01T19:18:14+00:00","dateModified":"2025-05-01T19:18:14+00:00","mainEntityOfPage":{"@id":"https:\/\/www.cric-colombia.org\/portal\/seguiremos-en-minga-caminando-desde-la-palabra-digna-y-rompiendo-el-silencio\/"},"wordCount":407,"commentCount":0,"publisher":{"@id":"https:\/\/www.cric-colombia.org\/portal\/#organization"},"keywords":["consulta","cric","Marcha","Minga","Petro","Popular","Reformas"],"articleSection":["Actualidad Ind\u00edgena del Cauca","Actualidad Ind\u00edgena Nacional","Multimedia"],"inLanguage":"es","potentialAction":[{"@type":"CommentAction","name":"Comment","target":["https:\/\/www.cric-colombia.org\/portal\/seguiremos-en-minga-caminando-desde-la-palabra-digna-y-rompiendo-el-silencio\/#respond"]}]},{"@type":"WebPage","@id":"https:\/\/www.cric-colombia.org\/portal\/seguiremos-en-minga-caminando-desde-la-palabra-digna-y-rompiendo-el-silencio\/","url":"https:\/\/www.cric-colombia.org\/portal\/seguiremos-en-minga-caminando-desde-la-palabra-digna-y-rompiendo-el-silencio\/","name":"Seguiremos en Minga, caminando desde la palabra digna y rompiendo el silencio - Consejo Regional Ind\u00edgena del Cauca - CRIC","isPartOf":{"@id":"https:\/\/www.cric-colombia.org\/portal\/#website"},"datePublished":"2025-05-01T19:18:14+00:00","dateModified":"2025-05-01T19:18:14+00:00","breadcrumb":{"@id":"https:\/\/www.cric-colombia.org\/portal\/seguiremos-en-minga-caminando-desde-la-palabra-digna-y-rompiendo-el-silencio\/#breadcrumb"},"inLanguage":"es","potentialAction":[{"@type":"ReadAction","target":["https:\/\/www.cric-colombia.org\/portal\/seguiremos-en-minga-caminando-desde-la-palabra-digna-y-rompiendo-el-silencio\/"]}]},{"@type":"BreadcrumbList","@id":"https:\/\/www.cric-colombia.org\/portal\/seguiremos-en-minga-caminando-desde-la-palabra-digna-y-rompiendo-el-silencio\/#breadcrumb","itemListElement":[{"@type":"ListItem","position":1,"name":"Portada","item":"https:\/\/www.cric-colombia.org\/portal\/"},{"@type":"ListItem","position":2,"name":"Seguiremos en Minga, caminando desde la palabra digna y rompiendo el silencio"}]},{"@type":"WebSite","@id":"https:\/\/www.cric-colombia.org\/portal\/#website","url":"https:\/\/www.cric-colombia.org\/portal\/","name":"Consejo Regional Ind\u00edgena del Cauca - CRIC","description":"P\u00e1gina oficial del Consejo Regional Ind\u00edgena del Cauca, Colombia","publisher":{"@id":"https:\/\/www.cric-colombia.org\/portal\/#organization"},"potentialAction":[{"@type":"SearchAction","target":{"@type":"EntryPoint","urlTemplate":"https:\/\/www.cric-colombia.org\/portal\/?s={search_term_string}"},"query-input":"required name=search_term_string"}],"inLanguage":"es"},{"@type":"Organization","@id":"https:\/\/www.cric-colombia.org\/portal\/#organization","name":"Consejo Regional Ind\u00edgena del Cauca","url":"https:\/\/www.cric-colombia.org\/portal\/","logo":{"@type":"ImageObject","inLanguage":"es","@id":"https:\/\/www.cric-colombia.org\/portal\/#\/schema\/logo\/image\/","url":"https:\/\/www.cric-colombia.org\/portal\/wp-content\/uploads\/2015\/08\/logo_cric.jpg","contentUrl":"https:\/\/www.cric-colombia.org\/portal\/wp-content\/uploads\/2015\/08\/logo_cric.jpg","width":512,"height":512,"caption":"Consejo Regional Ind\u00edgena del Cauca"},"image":{"@id":"https:\/\/www.cric-colombia.org\/portal\/#\/schema\/logo\/image\/"},"sameAs":["https:\/\/www.facebook.com\/cric.colombia\/","https:\/\/twitter.com\/CRIC_Cauca"]},{"@type":"Person","@id":"https:\/\/www.cric-colombia.org\/portal\/#\/schema\/person\/ab3a3099267de33d55f74f34ba201931","name":"Comunicaciones CRIC","image":{"@type":"ImageObject","inLanguage":"es","@id":"https:\/\/www.cric-colombia.org\/portal\/#\/schema\/person\/image\/","url":"https:\/\/secure.gravatar.com\/avatar\/a8d1a6cfcb82a80d09dafefdcc3dcc8a?s=96&d=retro&r=g","contentUrl":"https:\/\/secure.gravatar.com\/avatar\/a8d1a6cfcb82a80d09dafefdcc3dcc8a?s=96&d=retro&r=g","caption":"Comunicaciones CRIC"},"url":"https:\/\/www.cric-colombia.org\/portal\/author\/comunicaciones\/"}]}},"jetpack_featured_media_url":"https:\/\/www.cric-colombia.org\/portal\/wp-content\/uploads\/2025\/05\/Minga-Nacional-01.jpeg","_links":{"self":[{"href":"https:\/\/www.cric-colombia.org\/portal\/wp-json\/wp\/v2\/posts\/42329"}],"collection":[{"href":"https:\/\/www.cric-colombia.org\/portal\/wp-json\/wp\/v2\/posts"}],"about":[{"href":"https:\/\/www.cric-colombia.org\/portal\/wp-json\/wp\/v2\/types\/post"}],"author":[{"embeddable":true,"href":"https:\/\/www.cric-colombia.org\/portal\/wp-json\/wp\/v2\/users\/6"}],"replies":[{"embeddable":true,"href":"https:\/\/www.cric-colombia.org\/portal\/wp-json\/wp\/v2\/comments?post=42329"}],"version-history":[{"count":1,"href":"https:\/\/www.cric-colombia.org\/portal\/wp-json\/wp\/v2\/posts\/42329\/revisions"}],"predecessor-version":[{"id":42333,"href":"https:\/\/www.cric-colombia.org\/portal\/wp-json\/wp\/v2\/posts\/42329\/revisions\/42333"}],"wp:featuredmedia":[{"embeddable":true,"href":"https:\/\/www.cric-colombia.org\/portal\/wp-json\/wp\/v2\/media\/42330"}],"wp:attachment":[{"href":"https:\/\/www.cric-colombia.org\/portal\/wp-json\/wp\/v2\/media?parent=42329"}],"wp:term":[{"taxonomy":"category","embeddable":true,"href":"https:\/\/www.cric-colombia.org\/portal\/wp-json\/wp\/v2\/categories?post=42329"},{"taxonomy":"post_tag","embeddable":true,"href":"https:\/\/www.cric-colombia.org\/portal\/wp-json\/wp\/v2\/tags?post=42329"}],"curies":[{"name":"wp","href":"https:\/\/api.w.org\/{rel}","templated":true}]}}