{"id":42312,"date":"2025-04-30T11:43:51","date_gmt":"2025-04-30T16:43:51","guid":{"rendered":"https:\/\/www.cric-colombia.org\/portal\/?p=42312"},"modified":"2025-04-30T11:43:51","modified_gmt":"2025-04-30T16:43:51","slug":"la-minga-de-los-pueblos-indigenas-reivindica-unidad","status":"publish","type":"post","link":"https:\/\/www.cric-colombia.org\/portal\/la-minga-de-los-pueblos-indigenas-reivindica-unidad\/","title":{"rendered":"La Minga de los pueblos ind\u00edgenas reivindica unidad"},"content":{"rendered":"<p style=\"text-align: justify;\">Para los pueblos ind\u00edgenas la minga es la esencia de <strong>unidad<\/strong>, es el compartir de la palabra sabia, es el <strong>camino pol\u00edtico<\/strong> que permite vivenciar la interculturalidad en medio de las diversidad cultural.<span class=\"Apple-converted-space\">\u00a0<\/span><\/p>\n<p style=\"text-align: justify;\">Esta vez, la Minga de los pueblos lleg\u00f3 a Bogot\u00e1 para decirle al pa\u00eds, al mundo entero, que las apuestas pol\u00edticas organizativas hoy m\u00e1s que nunca est\u00e1n encaminadas a defender los derechos colectivos como actores <strong>defensores del territorio<\/strong>, espacios territoriales y la vida, aspectos fundamentales que demuestran al pa\u00eds y al resto de sectores que niegan la historia de los pueblos ind\u00edgenas en Colombia.<\/p>\n<p><img decoding=\"async\" loading=\"lazy\" class=\"aligncenter wp-image-42314\" src=\"https:\/\/www.cric-colombia.org\/portal\/wp-content\/uploads\/2025\/04\/MINGA-BOGOTA-II-300x200.jpg\" alt=\"\" width=\"525\" height=\"350\" srcset=\"https:\/\/www.cric-colombia.org\/portal\/wp-content\/uploads\/2025\/04\/MINGA-BOGOTA-II-300x200.jpg 300w, https:\/\/www.cric-colombia.org\/portal\/wp-content\/uploads\/2025\/04\/MINGA-BOGOTA-II-1024x683.jpg 1024w, https:\/\/www.cric-colombia.org\/portal\/wp-content\/uploads\/2025\/04\/MINGA-BOGOTA-II-768x512.jpg 768w, https:\/\/www.cric-colombia.org\/portal\/wp-content\/uploads\/2025\/04\/MINGA-BOGOTA-II-1536x1024.jpg 1536w, https:\/\/www.cric-colombia.org\/portal\/wp-content\/uploads\/2025\/04\/MINGA-BOGOTA-II-2048x1365.jpg 2048w, https:\/\/www.cric-colombia.org\/portal\/wp-content\/uploads\/2025\/04\/MINGA-BOGOTA-II-696x464.jpg 696w, https:\/\/www.cric-colombia.org\/portal\/wp-content\/uploads\/2025\/04\/MINGA-BOGOTA-II-1068x712.jpg 1068w, https:\/\/www.cric-colombia.org\/portal\/wp-content\/uploads\/2025\/04\/MINGA-BOGOTA-II-630x420.jpg 630w\" sizes=\"(max-width: 525px) 100vw, 525px\" \/><\/p>\n<p style=\"text-align: justify;\">En este sentido, desde tiempos atr\u00e1s se viene tejiendo la Minga para <strong>reivindicar la dignidad<\/strong> y la unida, es por eso que esta vez la minga lleg\u00f3 a Bogot\u00e1 para defender y reclamar los derechos, exigiendo que se cumplan los diferentes compromisos pol\u00edticos y t\u00e9cnicos que hist\u00f3ricamente el estado les han negado a materializar.<span class=\"Apple-converted-space\">\u00a0<\/span><\/p>\n<p style=\"text-align: justify;\">Las exigencias est\u00e1n alrededor de la firma y estrategias de operatividad de los acuerdos entre el gobierno y los pueblos ind\u00edgenas de las organizaciones y los <strong>115 pueblos ind\u00edgenas<\/strong> de Colombia.<\/p>\n<p><img decoding=\"async\" loading=\"lazy\" class=\"aligncenter wp-image-42313\" src=\"https:\/\/www.cric-colombia.org\/portal\/wp-content\/uploads\/2025\/04\/MINGA-BOGOTA-III-300x200.jpg\" alt=\"\" width=\"509\" height=\"339\" srcset=\"https:\/\/www.cric-colombia.org\/portal\/wp-content\/uploads\/2025\/04\/MINGA-BOGOTA-III-300x200.jpg 300w, https:\/\/www.cric-colombia.org\/portal\/wp-content\/uploads\/2025\/04\/MINGA-BOGOTA-III-1024x683.jpg 1024w, https:\/\/www.cric-colombia.org\/portal\/wp-content\/uploads\/2025\/04\/MINGA-BOGOTA-III-768x512.jpg 768w, https:\/\/www.cric-colombia.org\/portal\/wp-content\/uploads\/2025\/04\/MINGA-BOGOTA-III-1536x1024.jpg 1536w, https:\/\/www.cric-colombia.org\/portal\/wp-content\/uploads\/2025\/04\/MINGA-BOGOTA-III-2048x1365.jpg 2048w, https:\/\/www.cric-colombia.org\/portal\/wp-content\/uploads\/2025\/04\/MINGA-BOGOTA-III-696x464.jpg 696w, https:\/\/www.cric-colombia.org\/portal\/wp-content\/uploads\/2025\/04\/MINGA-BOGOTA-III-1068x712.jpg 1068w, https:\/\/www.cric-colombia.org\/portal\/wp-content\/uploads\/2025\/04\/MINGA-BOGOTA-III-630x420.jpg 630w\" sizes=\"(max-width: 509px) 100vw, 509px\" \/><\/p>\n<p style=\"text-align: justify;\">Al mismo que la Minga Nacional llega para exigir al Congreso Nacional para que sus funciones respondan en realidad, la b\u00fasqueda del bienestar del pueblo colombiano, este jueves primero de mayo la Minga Nacional asiste de manera decidida en la movilizaci\u00f3n de las instalaci\u00f3n de la <strong>Consulta Popular.<\/strong><\/p>\n<p style=\"text-align: center;\"><em><strong>La Minga no se detiene, la Minga sigue caminando desde los territorios. \u00a1La Minga va por que va!<\/strong><\/em><\/p>\n<p>&nbsp;<\/p>\n<p><em><strong>Comunicaciones CRIC\u00a0<\/strong><\/em><\/p>\n","protected":false},"excerpt":{"rendered":"<p>Para los pueblos ind\u00edgenas la minga es la esencia de unidad, es el compartir de la palabra sabia, es el camino pol\u00edtico que permite vivenciar la interculturalidad en medio de las diversidad cultural.\u00a0 Esta vez, la Minga de los pueblos lleg\u00f3 a Bogot\u00e1 para decirle al pa\u00eds, al mundo entero, que las apuestas pol\u00edticas organizativas <\/p>\n","protected":false},"author":6,"featured_media":42316,"comment_status":"open","ping_status":"open","sticky":false,"template":"","format":"standard","meta":{"footnotes":""},"categories":[23],"tags":[429,583,88,168,730,893,91],"yoast_head":"<!-- This site is optimized with the Yoast SEO plugin v20.12 - https:\/\/yoast.com\/wordpress\/plugins\/seo\/ -->\n<title>La Minga de los pueblos ind\u00edgenas reivindica unidad - Consejo Regional Ind\u00edgena del Cauca - CRIC<\/title>\n<meta name=\"robots\" content=\"index, follow, max-snippet:-1, max-image-preview:large, max-video-preview:-1\" \/>\n<link rel=\"canonical\" href=\"https:\/\/www.cric-colombia.org\/portal\/la-minga-de-los-pueblos-indigenas-reivindica-unidad\/\" \/>\n<meta property=\"og:locale\" content=\"es_ES\" \/>\n<meta property=\"og:type\" content=\"article\" \/>\n<meta property=\"og:title\" content=\"La Minga de los pueblos ind\u00edgenas reivindica unidad - Consejo Regional Ind\u00edgena del Cauca - CRIC\" \/>\n<meta property=\"og:description\" content=\"Para los pueblos ind\u00edgenas la minga es la esencia de unidad, es el compartir de la palabra sabia, es el camino pol\u00edtico que permite vivenciar la interculturalidad en medio de las diversidad cultural.\u00a0 Esta vez, la Minga de los pueblos lleg\u00f3 a Bogot\u00e1 para decirle al pa\u00eds, al mundo entero, que las apuestas pol\u00edticas organizativas\" \/>\n<meta property=\"og:url\" content=\"https:\/\/www.cric-colombia.org\/portal\/la-minga-de-los-pueblos-indigenas-reivindica-unidad\/\" \/>\n<meta property=\"og:site_name\" content=\"Consejo Regional Ind\u00edgena del Cauca - CRIC\" \/>\n<meta property=\"article:publisher\" content=\"https:\/\/www.facebook.com\/cric.colombia\/\" \/>\n<meta property=\"article:published_time\" content=\"2025-04-30T16:43:51+00:00\" \/>\n<meta property=\"og:image\" content=\"https:\/\/www.cric-colombia.org\/portal\/wp-content\/uploads\/2025\/04\/MINGA-BOGOTA-I.jpg\" \/>\n\t<meta property=\"og:image:width\" content=\"1440\" \/>\n\t<meta property=\"og:image:height\" content=\"1080\" \/>\n\t<meta property=\"og:image:type\" content=\"image\/jpeg\" \/>\n<meta name=\"author\" content=\"Comunicaciones CRIC\" \/>\n<meta name=\"twitter:card\" content=\"summary_large_image\" \/>\n<meta name=\"twitter:creator\" content=\"@CRIC_Cauca\" \/>\n<meta name=\"twitter:site\" content=\"@CRIC_Cauca\" \/>\n<meta name=\"twitter:label1\" content=\"Escrito por\" \/>\n\t<meta name=\"twitter:data1\" content=\"Comunicaciones CRIC\" \/>\n\t<meta name=\"twitter:label2\" content=\"Tiempo de lectura\" \/>\n\t<meta name=\"twitter:data2\" content=\"1 minuto\" \/>\n<script type=\"application\/ld+json\" class=\"yoast-schema-graph\">{\"@context\":\"https:\/\/schema.org\",\"@graph\":[{\"@type\":\"Article\",\"@id\":\"https:\/\/www.cric-colombia.org\/portal\/la-minga-de-los-pueblos-indigenas-reivindica-unidad\/#article\",\"isPartOf\":{\"@id\":\"https:\/\/www.cric-colombia.org\/portal\/la-minga-de-los-pueblos-indigenas-reivindica-unidad\/\"},\"author\":{\"name\":\"Comunicaciones CRIC\",\"@id\":\"https:\/\/www.cric-colombia.org\/portal\/#\/schema\/person\/ab3a3099267de33d55f74f34ba201931\"},\"headline\":\"La Minga de los pueblos ind\u00edgenas reivindica unidad\",\"datePublished\":\"2025-04-30T16:43:51+00:00\",\"dateModified\":\"2025-04-30T16:43:51+00:00\",\"mainEntityOfPage\":{\"@id\":\"https:\/\/www.cric-colombia.org\/portal\/la-minga-de-los-pueblos-indigenas-reivindica-unidad\/\"},\"wordCount\":277,\"commentCount\":0,\"publisher\":{\"@id\":\"https:\/\/www.cric-colombia.org\/portal\/#organization\"},\"keywords\":[\"Bogota\",\"consulta\",\"cric\",\"Minga\",\"pueblos\",\"reforma\",\"unidad\"],\"articleSection\":[\"Actualidad Ind\u00edgena Nacional\"],\"inLanguage\":\"es\",\"potentialAction\":[{\"@type\":\"CommentAction\",\"name\":\"Comment\",\"target\":[\"https:\/\/www.cric-colombia.org\/portal\/la-minga-de-los-pueblos-indigenas-reivindica-unidad\/#respond\"]}]},{\"@type\":\"WebPage\",\"@id\":\"https:\/\/www.cric-colombia.org\/portal\/la-minga-de-los-pueblos-indigenas-reivindica-unidad\/\",\"url\":\"https:\/\/www.cric-colombia.org\/portal\/la-minga-de-los-pueblos-indigenas-reivindica-unidad\/\",\"name\":\"La Minga de los pueblos ind\u00edgenas reivindica unidad - Consejo Regional Ind\u00edgena del Cauca - CRIC\",\"isPartOf\":{\"@id\":\"https:\/\/www.cric-colombia.org\/portal\/#website\"},\"datePublished\":\"2025-04-30T16:43:51+00:00\",\"dateModified\":\"2025-04-30T16:43:51+00:00\",\"breadcrumb\":{\"@id\":\"https:\/\/www.cric-colombia.org\/portal\/la-minga-de-los-pueblos-indigenas-reivindica-unidad\/#breadcrumb\"},\"inLanguage\":\"es\",\"potentialAction\":[{\"@type\":\"ReadAction\",\"target\":[\"https:\/\/www.cric-colombia.org\/portal\/la-minga-de-los-pueblos-indigenas-reivindica-unidad\/\"]}]},{\"@type\":\"BreadcrumbList\",\"@id\":\"https:\/\/www.cric-colombia.org\/portal\/la-minga-de-los-pueblos-indigenas-reivindica-unidad\/#breadcrumb\",\"itemListElement\":[{\"@type\":\"ListItem\",\"position\":1,\"name\":\"Portada\",\"item\":\"https:\/\/www.cric-colombia.org\/portal\/\"},{\"@type\":\"ListItem\",\"position\":2,\"name\":\"La Minga de los pueblos ind\u00edgenas reivindica unidad\"}]},{\"@type\":\"WebSite\",\"@id\":\"https:\/\/www.cric-colombia.org\/portal\/#website\",\"url\":\"https:\/\/www.cric-colombia.org\/portal\/\",\"name\":\"Consejo Regional Ind\u00edgena del Cauca - CRIC\",\"description\":\"P\u00e1gina oficial del Consejo Regional Ind\u00edgena del Cauca, Colombia\",\"publisher\":{\"@id\":\"https:\/\/www.cric-colombia.org\/portal\/#organization\"},\"potentialAction\":[{\"@type\":\"SearchAction\",\"target\":{\"@type\":\"EntryPoint\",\"urlTemplate\":\"https:\/\/www.cric-colombia.org\/portal\/?s={search_term_string}\"},\"query-input\":\"required name=search_term_string\"}],\"inLanguage\":\"es\"},{\"@type\":\"Organization\",\"@id\":\"https:\/\/www.cric-colombia.org\/portal\/#organization\",\"name\":\"Consejo Regional Ind\u00edgena del Cauca\",\"url\":\"https:\/\/www.cric-colombia.org\/portal\/\",\"logo\":{\"@type\":\"ImageObject\",\"inLanguage\":\"es\",\"@id\":\"https:\/\/www.cric-colombia.org\/portal\/#\/schema\/logo\/image\/\",\"url\":\"https:\/\/www.cric-colombia.org\/portal\/wp-content\/uploads\/2015\/08\/logo_cric.jpg\",\"contentUrl\":\"https:\/\/www.cric-colombia.org\/portal\/wp-content\/uploads\/2015\/08\/logo_cric.jpg\",\"width\":512,\"height\":512,\"caption\":\"Consejo Regional Ind\u00edgena del Cauca\"},\"image\":{\"@id\":\"https:\/\/www.cric-colombia.org\/portal\/#\/schema\/logo\/image\/\"},\"sameAs\":[\"https:\/\/www.facebook.com\/cric.colombia\/\",\"https:\/\/twitter.com\/CRIC_Cauca\"]},{\"@type\":\"Person\",\"@id\":\"https:\/\/www.cric-colombia.org\/portal\/#\/schema\/person\/ab3a3099267de33d55f74f34ba201931\",\"name\":\"Comunicaciones CRIC\",\"image\":{\"@type\":\"ImageObject\",\"inLanguage\":\"es\",\"@id\":\"https:\/\/www.cric-colombia.org\/portal\/#\/schema\/person\/image\/\",\"url\":\"https:\/\/secure.gravatar.com\/avatar\/a8d1a6cfcb82a80d09dafefdcc3dcc8a?s=96&d=retro&r=g\",\"contentUrl\":\"https:\/\/secure.gravatar.com\/avatar\/a8d1a6cfcb82a80d09dafefdcc3dcc8a?s=96&d=retro&r=g\",\"caption\":\"Comunicaciones CRIC\"},\"url\":\"https:\/\/www.cric-colombia.org\/portal\/author\/comunicaciones\/\"}]}<\/script>\n<!-- \/ Yoast SEO plugin. -->","yoast_head_json":{"title":"La Minga de los pueblos ind\u00edgenas reivindica unidad - Consejo Regional Ind\u00edgena del Cauca - CRIC","robots":{"index":"index","follow":"follow","max-snippet":"max-snippet:-1","max-image-preview":"max-image-preview:large","max-video-preview":"max-video-preview:-1"},"canonical":"https:\/\/www.cric-colombia.org\/portal\/la-minga-de-los-pueblos-indigenas-reivindica-unidad\/","og_locale":"es_ES","og_type":"article","og_title":"La Minga de los pueblos ind\u00edgenas reivindica unidad - Consejo Regional Ind\u00edgena del Cauca - CRIC","og_description":"Para los pueblos ind\u00edgenas la minga es la esencia de unidad, es el compartir de la palabra sabia, es el camino pol\u00edtico que permite vivenciar la interculturalidad en medio de las diversidad cultural.\u00a0 Esta vez, la Minga de los pueblos lleg\u00f3 a Bogot\u00e1 para decirle al pa\u00eds, al mundo entero, que las apuestas pol\u00edticas organizativas","og_url":"https:\/\/www.cric-colombia.org\/portal\/la-minga-de-los-pueblos-indigenas-reivindica-unidad\/","og_site_name":"Consejo Regional Ind\u00edgena del Cauca - CRIC","article_publisher":"https:\/\/www.facebook.com\/cric.colombia\/","article_published_time":"2025-04-30T16:43:51+00:00","og_image":[{"width":1440,"height":1080,"url":"https:\/\/www.cric-colombia.org\/portal\/wp-content\/uploads\/2025\/04\/MINGA-BOGOTA-I.jpg","type":"image\/jpeg"}],"author":"Comunicaciones CRIC","twitter_card":"summary_large_image","twitter_creator":"@CRIC_Cauca","twitter_site":"@CRIC_Cauca","twitter_misc":{"Escrito por":"Comunicaciones CRIC","Tiempo de lectura":"1 minuto"},"schema":{"@context":"https:\/\/schema.org","@graph":[{"@type":"Article","@id":"https:\/\/www.cric-colombia.org\/portal\/la-minga-de-los-pueblos-indigenas-reivindica-unidad\/#article","isPartOf":{"@id":"https:\/\/www.cric-colombia.org\/portal\/la-minga-de-los-pueblos-indigenas-reivindica-unidad\/"},"author":{"name":"Comunicaciones CRIC","@id":"https:\/\/www.cric-colombia.org\/portal\/#\/schema\/person\/ab3a3099267de33d55f74f34ba201931"},"headline":"La Minga de los pueblos ind\u00edgenas reivindica unidad","datePublished":"2025-04-30T16:43:51+00:00","dateModified":"2025-04-30T16:43:51+00:00","mainEntityOfPage":{"@id":"https:\/\/www.cric-colombia.org\/portal\/la-minga-de-los-pueblos-indigenas-reivindica-unidad\/"},"wordCount":277,"commentCount":0,"publisher":{"@id":"https:\/\/www.cric-colombia.org\/portal\/#organization"},"keywords":["Bogota","consulta","cric","Minga","pueblos","reforma","unidad"],"articleSection":["Actualidad Ind\u00edgena Nacional"],"inLanguage":"es","potentialAction":[{"@type":"CommentAction","name":"Comment","target":["https:\/\/www.cric-colombia.org\/portal\/la-minga-de-los-pueblos-indigenas-reivindica-unidad\/#respond"]}]},{"@type":"WebPage","@id":"https:\/\/www.cric-colombia.org\/portal\/la-minga-de-los-pueblos-indigenas-reivindica-unidad\/","url":"https:\/\/www.cric-colombia.org\/portal\/la-minga-de-los-pueblos-indigenas-reivindica-unidad\/","name":"La Minga de los pueblos ind\u00edgenas reivindica unidad - Consejo Regional Ind\u00edgena del Cauca - CRIC","isPartOf":{"@id":"https:\/\/www.cric-colombia.org\/portal\/#website"},"datePublished":"2025-04-30T16:43:51+00:00","dateModified":"2025-04-30T16:43:51+00:00","breadcrumb":{"@id":"https:\/\/www.cric-colombia.org\/portal\/la-minga-de-los-pueblos-indigenas-reivindica-unidad\/#breadcrumb"},"inLanguage":"es","potentialAction":[{"@type":"ReadAction","target":["https:\/\/www.cric-colombia.org\/portal\/la-minga-de-los-pueblos-indigenas-reivindica-unidad\/"]}]},{"@type":"BreadcrumbList","@id":"https:\/\/www.cric-colombia.org\/portal\/la-minga-de-los-pueblos-indigenas-reivindica-unidad\/#breadcrumb","itemListElement":[{"@type":"ListItem","position":1,"name":"Portada","item":"https:\/\/www.cric-colombia.org\/portal\/"},{"@type":"ListItem","position":2,"name":"La Minga de los pueblos ind\u00edgenas reivindica unidad"}]},{"@type":"WebSite","@id":"https:\/\/www.cric-colombia.org\/portal\/#website","url":"https:\/\/www.cric-colombia.org\/portal\/","name":"Consejo Regional Ind\u00edgena del Cauca - CRIC","description":"P\u00e1gina oficial del Consejo Regional Ind\u00edgena del Cauca, Colombia","publisher":{"@id":"https:\/\/www.cric-colombia.org\/portal\/#organization"},"potentialAction":[{"@type":"SearchAction","target":{"@type":"EntryPoint","urlTemplate":"https:\/\/www.cric-colombia.org\/portal\/?s={search_term_string}"},"query-input":"required name=search_term_string"}],"inLanguage":"es"},{"@type":"Organization","@id":"https:\/\/www.cric-colombia.org\/portal\/#organization","name":"Consejo Regional Ind\u00edgena del Cauca","url":"https:\/\/www.cric-colombia.org\/portal\/","logo":{"@type":"ImageObject","inLanguage":"es","@id":"https:\/\/www.cric-colombia.org\/portal\/#\/schema\/logo\/image\/","url":"https:\/\/www.cric-colombia.org\/portal\/wp-content\/uploads\/2015\/08\/logo_cric.jpg","contentUrl":"https:\/\/www.cric-colombia.org\/portal\/wp-content\/uploads\/2015\/08\/logo_cric.jpg","width":512,"height":512,"caption":"Consejo Regional Ind\u00edgena del Cauca"},"image":{"@id":"https:\/\/www.cric-colombia.org\/portal\/#\/schema\/logo\/image\/"},"sameAs":["https:\/\/www.facebook.com\/cric.colombia\/","https:\/\/twitter.com\/CRIC_Cauca"]},{"@type":"Person","@id":"https:\/\/www.cric-colombia.org\/portal\/#\/schema\/person\/ab3a3099267de33d55f74f34ba201931","name":"Comunicaciones CRIC","image":{"@type":"ImageObject","inLanguage":"es","@id":"https:\/\/www.cric-colombia.org\/portal\/#\/schema\/person\/image\/","url":"https:\/\/secure.gravatar.com\/avatar\/a8d1a6cfcb82a80d09dafefdcc3dcc8a?s=96&d=retro&r=g","contentUrl":"https:\/\/secure.gravatar.com\/avatar\/a8d1a6cfcb82a80d09dafefdcc3dcc8a?s=96&d=retro&r=g","caption":"Comunicaciones CRIC"},"url":"https:\/\/www.cric-colombia.org\/portal\/author\/comunicaciones\/"}]}},"jetpack_featured_media_url":"https:\/\/www.cric-colombia.org\/portal\/wp-content\/uploads\/2025\/04\/MINGA-BOGOTA-I.jpg","_links":{"self":[{"href":"https:\/\/www.cric-colombia.org\/portal\/wp-json\/wp\/v2\/posts\/42312"}],"collection":[{"href":"https:\/\/www.cric-colombia.org\/portal\/wp-json\/wp\/v2\/posts"}],"about":[{"href":"https:\/\/www.cric-colombia.org\/portal\/wp-json\/wp\/v2\/types\/post"}],"author":[{"embeddable":true,"href":"https:\/\/www.cric-colombia.org\/portal\/wp-json\/wp\/v2\/users\/6"}],"replies":[{"embeddable":true,"href":"https:\/\/www.cric-colombia.org\/portal\/wp-json\/wp\/v2\/comments?post=42312"}],"version-history":[{"count":2,"href":"https:\/\/www.cric-colombia.org\/portal\/wp-json\/wp\/v2\/posts\/42312\/revisions"}],"predecessor-version":[{"id":42318,"href":"https:\/\/www.cric-colombia.org\/portal\/wp-json\/wp\/v2\/posts\/42312\/revisions\/42318"}],"wp:featuredmedia":[{"embeddable":true,"href":"https:\/\/www.cric-colombia.org\/portal\/wp-json\/wp\/v2\/media\/42316"}],"wp:attachment":[{"href":"https:\/\/www.cric-colombia.org\/portal\/wp-json\/wp\/v2\/media?parent=42312"}],"wp:term":[{"taxonomy":"category","embeddable":true,"href":"https:\/\/www.cric-colombia.org\/portal\/wp-json\/wp\/v2\/categories?post=42312"},{"taxonomy":"post_tag","embeddable":true,"href":"https:\/\/www.cric-colombia.org\/portal\/wp-json\/wp\/v2\/tags?post=42312"}],"curies":[{"name":"wp","href":"https:\/\/api.w.org\/{rel}","templated":true}]}}