{"id":42305,"date":"2025-04-29T13:25:38","date_gmt":"2025-04-29T18:25:38","guid":{"rendered":"https:\/\/www.cric-colombia.org\/portal\/?p=42305"},"modified":"2025-04-29T17:39:49","modified_gmt":"2025-04-29T22:39:49","slug":"visita-del-representante-en-colombia-del-alto-comisionado-de-la-onu-ddhh-humanos-en-el-norte-del-cauca","status":"publish","type":"post","link":"https:\/\/www.cric-colombia.org\/portal\/visita-del-representante-en-colombia-del-alto-comisionado-de-la-onu-ddhh-humanos-en-el-norte-del-cauca\/","title":{"rendered":"Visita del Representante en Colombia del Alto Comisionado de la ONU &#8211; DDHH en el Norte del Cauca"},"content":{"rendered":"<p style=\"text-align: justify;\">Scott Campbell, nuevo Representante en Colombia del Alto Comisionado de la ONU para los Derechos Humanos, se reuni\u00f3 con las comunidades y Autoridades Ancestrales de la Cxhab Wala Kiwe, Proyecto Nasa y el Consejo Regional Ind\u00edgena del Cauca &#8211; CRIC, en el municipio de Santander de Quilichao.<\/p>\n<p style=\"text-align: justify;\">Este espacio de di\u00e1logo permiti\u00f3 realizar una lectura de contexto de la situaci\u00f3n de DD.HH en el departamento, particularmente en relaci\u00f3n con las vulneraciones y afectaciones que sufren las comunidades ind\u00edgenas en el marco del conflicto armado, las cuales, evidencian la puesta en marcha de un plan de exterminio cultural y espiritual en contra de los pueblos ind\u00edgenas del Cauca.<\/p>\n<p style=\"text-align: justify;\"><img decoding=\"async\" loading=\"lazy\" class=\"aligncenter wp-image-42307\" src=\"https:\/\/www.cric-colombia.org\/portal\/wp-content\/uploads\/2025\/04\/DDHH-ONU-CRIC-45-300x170.jpg\" alt=\"\" width=\"577\" height=\"327\" srcset=\"https:\/\/www.cric-colombia.org\/portal\/wp-content\/uploads\/2025\/04\/DDHH-ONU-CRIC-45-300x170.jpg 300w, https:\/\/www.cric-colombia.org\/portal\/wp-content\/uploads\/2025\/04\/DDHH-ONU-CRIC-45-696x394.jpg 696w, https:\/\/www.cric-colombia.org\/portal\/wp-content\/uploads\/2025\/04\/DDHH-ONU-CRIC-45.jpg 700w\" sizes=\"(max-width: 577px) 100vw, 577px\" \/><br \/>\nSe abordaron temas de vital importancia para las comunidades como el reclutamiento forzado, la violencia sexual, la persecuci\u00f3n y asesinato de sabedores y sabedoras espirituales, Autoridades Ind\u00edgenas, Guardias Ind\u00edgenas, lideres y lideresas. En ese sentido, las Autoridades Ind\u00edgenas denunciaron que: \u201cni\u00f1as y ni\u00f1os vienen siendo reclutados forzosamente desde los 9 a\u00f1os de edad por los grupos armados ilegales\u201d<br \/>\nEste espacio de encuentro fortalece y proyecta el trabajo conjunto de la \u00c7xhab Wala Kiwe \u2013 ACIN, el Consejo Regional Ind\u00edgena del Cauca \u2013 CRIC y la oficina de Derechos Humanos, particularmente en relaci\u00f3n con las acciones humanitarias, los planes de prevenci\u00f3n y autoprotecci\u00f3n de las comunidades, as\u00ed como la visibilizaci\u00f3n de la situaci\u00f3n de DD.HH y la defensa de la vida en el territorio.<\/p>\n<p style=\"text-align: justify;\">Se espera que estos encuentros permitan potenciar las estrategias propias que las comunidades han construido para dar respuestas a la emergencia humanitaria, a fin de garantizar su protecci\u00f3n, supervivencia y la consolidaci\u00f3n de garant\u00edas colectivas como pueblos originarios.<\/p>\n<p style=\"text-align: justify;\"><img decoding=\"async\" loading=\"lazy\" class=\"aligncenter wp-image-42308\" src=\"https:\/\/www.cric-colombia.org\/portal\/wp-content\/uploads\/2025\/04\/DDHH-ONU-4567-300x159.jpg\" alt=\"\" width=\"534\" height=\"283\" srcset=\"https:\/\/www.cric-colombia.org\/portal\/wp-content\/uploads\/2025\/04\/DDHH-ONU-4567-300x159.jpg 300w, https:\/\/www.cric-colombia.org\/portal\/wp-content\/uploads\/2025\/04\/DDHH-ONU-4567-696x370.jpg 696w, https:\/\/www.cric-colombia.org\/portal\/wp-content\/uploads\/2025\/04\/DDHH-ONU-4567.jpg 700w\" sizes=\"(max-width: 534px) 100vw, 534px\" \/><br \/>\nEn este sentido, las Autoridades Ind\u00edgenas han sido insistentes en la necesidad de fortalecer la oficina de DDHH regional que funciona para los diferentes departamentos del sur occidente colombiano, especialmente en el Cauca.<\/p>\n","protected":false},"excerpt":{"rendered":"<p>Scott Campbell, nuevo Representante en Colombia del Alto Comisionado de la ONU para los Derechos Humanos, se reuni\u00f3 con las comunidades y Autoridades Ancestrales de la Cxhab Wala Kiwe, Proyecto Nasa y el Consejo Regional Ind\u00edgena del Cauca &#8211; CRIC, en el municipio de Santander de Quilichao. Este espacio de di\u00e1logo permiti\u00f3 realizar una lectura <\/p>\n","protected":false},"author":6,"featured_media":42306,"comment_status":"open","ping_status":"open","sticky":false,"template":"","format":"standard","meta":{"footnotes":""},"categories":[3],"tags":[89,88,273,1207,393,863,1107],"yoast_head":"<!-- This site is optimized with the Yoast SEO plugin v20.12 - https:\/\/yoast.com\/wordpress\/plugins\/seo\/ -->\n<title>Visita del Representante en Colombia del Alto Comisionado de la ONU - DDHH en el Norte del Cauca - Consejo Regional Ind\u00edgena del Cauca - CRIC<\/title>\n<meta name=\"robots\" content=\"index, follow, max-snippet:-1, max-image-preview:large, max-video-preview:-1\" \/>\n<link rel=\"canonical\" href=\"https:\/\/www.cric-colombia.org\/portal\/visita-del-representante-en-colombia-del-alto-comisionado-de-la-onu-ddhh-humanos-en-el-norte-del-cauca\/\" \/>\n<meta property=\"og:locale\" content=\"es_ES\" \/>\n<meta property=\"og:type\" content=\"article\" \/>\n<meta property=\"og:title\" content=\"Visita del Representante en Colombia del Alto Comisionado de la ONU - DDHH en el Norte del Cauca - Consejo Regional Ind\u00edgena del Cauca - CRIC\" \/>\n<meta property=\"og:description\" content=\"Scott Campbell, nuevo Representante en Colombia del Alto Comisionado de la ONU para los Derechos Humanos, se reuni\u00f3 con las comunidades y Autoridades Ancestrales de la Cxhab Wala Kiwe, Proyecto Nasa y el Consejo Regional Ind\u00edgena del Cauca &#8211; CRIC, en el municipio de Santander de Quilichao. Este espacio de di\u00e1logo permiti\u00f3 realizar una lectura\" \/>\n<meta property=\"og:url\" content=\"https:\/\/www.cric-colombia.org\/portal\/visita-del-representante-en-colombia-del-alto-comisionado-de-la-onu-ddhh-humanos-en-el-norte-del-cauca\/\" \/>\n<meta property=\"og:site_name\" content=\"Consejo Regional Ind\u00edgena del Cauca - CRIC\" \/>\n<meta property=\"article:publisher\" content=\"https:\/\/www.facebook.com\/cric.colombia\/\" \/>\n<meta property=\"article:published_time\" content=\"2025-04-29T18:25:38+00:00\" \/>\n<meta property=\"article:modified_time\" content=\"2025-04-29T22:39:49+00:00\" \/>\n<meta property=\"og:image\" content=\"https:\/\/www.cric-colombia.org\/portal\/wp-content\/uploads\/2025\/04\/DDHH-ONU-CRIC.jpg\" \/>\n\t<meta property=\"og:image:width\" content=\"700\" \/>\n\t<meta property=\"og:image:height\" content=\"431\" \/>\n\t<meta property=\"og:image:type\" content=\"image\/jpeg\" \/>\n<meta name=\"author\" content=\"Comunicaciones CRIC\" \/>\n<meta name=\"twitter:card\" content=\"summary_large_image\" \/>\n<meta name=\"twitter:creator\" content=\"@CRIC_Cauca\" \/>\n<meta name=\"twitter:site\" content=\"@CRIC_Cauca\" \/>\n<meta name=\"twitter:label1\" content=\"Escrito por\" \/>\n\t<meta name=\"twitter:data1\" content=\"Comunicaciones CRIC\" \/>\n\t<meta name=\"twitter:label2\" content=\"Tiempo de lectura\" \/>\n\t<meta name=\"twitter:data2\" content=\"2 minutos\" \/>\n<script type=\"application\/ld+json\" class=\"yoast-schema-graph\">{\"@context\":\"https:\/\/schema.org\",\"@graph\":[{\"@type\":\"Article\",\"@id\":\"https:\/\/www.cric-colombia.org\/portal\/visita-del-representante-en-colombia-del-alto-comisionado-de-la-onu-ddhh-humanos-en-el-norte-del-cauca\/#article\",\"isPartOf\":{\"@id\":\"https:\/\/www.cric-colombia.org\/portal\/visita-del-representante-en-colombia-del-alto-comisionado-de-la-onu-ddhh-humanos-en-el-norte-del-cauca\/\"},\"author\":{\"name\":\"Comunicaciones CRIC\",\"@id\":\"https:\/\/www.cric-colombia.org\/portal\/#\/schema\/person\/ab3a3099267de33d55f74f34ba201931\"},\"headline\":\"Visita del Representante en Colombia del Alto Comisionado de la ONU &#8211; DDHH en el Norte del Cauca\",\"datePublished\":\"2025-04-29T18:25:38+00:00\",\"dateModified\":\"2025-04-29T22:39:49+00:00\",\"mainEntityOfPage\":{\"@id\":\"https:\/\/www.cric-colombia.org\/portal\/visita-del-representante-en-colombia-del-alto-comisionado-de-la-onu-ddhh-humanos-en-el-norte-del-cauca\/\"},\"wordCount\":341,\"commentCount\":0,\"publisher\":{\"@id\":\"https:\/\/www.cric-colombia.org\/portal\/#organization\"},\"keywords\":[\"cauca\",\"cric\",\"DDHH\",\"forzado\",\"Norte\",\"onu\",\"reclutamiento\"],\"articleSection\":[\"Actualidad Ind\u00edgena del Cauca\"],\"inLanguage\":\"es\",\"potentialAction\":[{\"@type\":\"CommentAction\",\"name\":\"Comment\",\"target\":[\"https:\/\/www.cric-colombia.org\/portal\/visita-del-representante-en-colombia-del-alto-comisionado-de-la-onu-ddhh-humanos-en-el-norte-del-cauca\/#respond\"]}]},{\"@type\":\"WebPage\",\"@id\":\"https:\/\/www.cric-colombia.org\/portal\/visita-del-representante-en-colombia-del-alto-comisionado-de-la-onu-ddhh-humanos-en-el-norte-del-cauca\/\",\"url\":\"https:\/\/www.cric-colombia.org\/portal\/visita-del-representante-en-colombia-del-alto-comisionado-de-la-onu-ddhh-humanos-en-el-norte-del-cauca\/\",\"name\":\"Visita del Representante en Colombia del Alto Comisionado de la ONU - DDHH en el Norte del Cauca - Consejo Regional Ind\u00edgena del Cauca - CRIC\",\"isPartOf\":{\"@id\":\"https:\/\/www.cric-colombia.org\/portal\/#website\"},\"datePublished\":\"2025-04-29T18:25:38+00:00\",\"dateModified\":\"2025-04-29T22:39:49+00:00\",\"breadcrumb\":{\"@id\":\"https:\/\/www.cric-colombia.org\/portal\/visita-del-representante-en-colombia-del-alto-comisionado-de-la-onu-ddhh-humanos-en-el-norte-del-cauca\/#breadcrumb\"},\"inLanguage\":\"es\",\"potentialAction\":[{\"@type\":\"ReadAction\",\"target\":[\"https:\/\/www.cric-colombia.org\/portal\/visita-del-representante-en-colombia-del-alto-comisionado-de-la-onu-ddhh-humanos-en-el-norte-del-cauca\/\"]}]},{\"@type\":\"BreadcrumbList\",\"@id\":\"https:\/\/www.cric-colombia.org\/portal\/visita-del-representante-en-colombia-del-alto-comisionado-de-la-onu-ddhh-humanos-en-el-norte-del-cauca\/#breadcrumb\",\"itemListElement\":[{\"@type\":\"ListItem\",\"position\":1,\"name\":\"Portada\",\"item\":\"https:\/\/www.cric-colombia.org\/portal\/\"},{\"@type\":\"ListItem\",\"position\":2,\"name\":\"Visita del Representante en Colombia del Alto Comisionado de la ONU &#8211; DDHH en el Norte del Cauca\"}]},{\"@type\":\"WebSite\",\"@id\":\"https:\/\/www.cric-colombia.org\/portal\/#website\",\"url\":\"https:\/\/www.cric-colombia.org\/portal\/\",\"name\":\"Consejo Regional Ind\u00edgena del Cauca - CRIC\",\"description\":\"P\u00e1gina oficial del Consejo Regional Ind\u00edgena del Cauca, Colombia\",\"publisher\":{\"@id\":\"https:\/\/www.cric-colombia.org\/portal\/#organization\"},\"potentialAction\":[{\"@type\":\"SearchAction\",\"target\":{\"@type\":\"EntryPoint\",\"urlTemplate\":\"https:\/\/www.cric-colombia.org\/portal\/?s={search_term_string}\"},\"query-input\":\"required name=search_term_string\"}],\"inLanguage\":\"es\"},{\"@type\":\"Organization\",\"@id\":\"https:\/\/www.cric-colombia.org\/portal\/#organization\",\"name\":\"Consejo Regional Ind\u00edgena del Cauca\",\"url\":\"https:\/\/www.cric-colombia.org\/portal\/\",\"logo\":{\"@type\":\"ImageObject\",\"inLanguage\":\"es\",\"@id\":\"https:\/\/www.cric-colombia.org\/portal\/#\/schema\/logo\/image\/\",\"url\":\"https:\/\/www.cric-colombia.org\/portal\/wp-content\/uploads\/2015\/08\/logo_cric.jpg\",\"contentUrl\":\"https:\/\/www.cric-colombia.org\/portal\/wp-content\/uploads\/2015\/08\/logo_cric.jpg\",\"width\":512,\"height\":512,\"caption\":\"Consejo Regional Ind\u00edgena del Cauca\"},\"image\":{\"@id\":\"https:\/\/www.cric-colombia.org\/portal\/#\/schema\/logo\/image\/\"},\"sameAs\":[\"https:\/\/www.facebook.com\/cric.colombia\/\",\"https:\/\/twitter.com\/CRIC_Cauca\"]},{\"@type\":\"Person\",\"@id\":\"https:\/\/www.cric-colombia.org\/portal\/#\/schema\/person\/ab3a3099267de33d55f74f34ba201931\",\"name\":\"Comunicaciones CRIC\",\"image\":{\"@type\":\"ImageObject\",\"inLanguage\":\"es\",\"@id\":\"https:\/\/www.cric-colombia.org\/portal\/#\/schema\/person\/image\/\",\"url\":\"https:\/\/secure.gravatar.com\/avatar\/a8d1a6cfcb82a80d09dafefdcc3dcc8a?s=96&d=retro&r=g\",\"contentUrl\":\"https:\/\/secure.gravatar.com\/avatar\/a8d1a6cfcb82a80d09dafefdcc3dcc8a?s=96&d=retro&r=g\",\"caption\":\"Comunicaciones CRIC\"},\"url\":\"https:\/\/www.cric-colombia.org\/portal\/author\/comunicaciones\/\"}]}<\/script>\n<!-- \/ Yoast SEO plugin. -->","yoast_head_json":{"title":"Visita del Representante en Colombia del Alto Comisionado de la ONU - DDHH en el Norte del Cauca - Consejo Regional Ind\u00edgena del Cauca - CRIC","robots":{"index":"index","follow":"follow","max-snippet":"max-snippet:-1","max-image-preview":"max-image-preview:large","max-video-preview":"max-video-preview:-1"},"canonical":"https:\/\/www.cric-colombia.org\/portal\/visita-del-representante-en-colombia-del-alto-comisionado-de-la-onu-ddhh-humanos-en-el-norte-del-cauca\/","og_locale":"es_ES","og_type":"article","og_title":"Visita del Representante en Colombia del Alto Comisionado de la ONU - DDHH en el Norte del Cauca - Consejo Regional Ind\u00edgena del Cauca - CRIC","og_description":"Scott Campbell, nuevo Representante en Colombia del Alto Comisionado de la ONU para los Derechos Humanos, se reuni\u00f3 con las comunidades y Autoridades Ancestrales de la Cxhab Wala Kiwe, Proyecto Nasa y el Consejo Regional Ind\u00edgena del Cauca &#8211; CRIC, en el municipio de Santander de Quilichao. Este espacio de di\u00e1logo permiti\u00f3 realizar una lectura","og_url":"https:\/\/www.cric-colombia.org\/portal\/visita-del-representante-en-colombia-del-alto-comisionado-de-la-onu-ddhh-humanos-en-el-norte-del-cauca\/","og_site_name":"Consejo Regional Ind\u00edgena del Cauca - CRIC","article_publisher":"https:\/\/www.facebook.com\/cric.colombia\/","article_published_time":"2025-04-29T18:25:38+00:00","article_modified_time":"2025-04-29T22:39:49+00:00","og_image":[{"width":700,"height":431,"url":"https:\/\/www.cric-colombia.org\/portal\/wp-content\/uploads\/2025\/04\/DDHH-ONU-CRIC.jpg","type":"image\/jpeg"}],"author":"Comunicaciones CRIC","twitter_card":"summary_large_image","twitter_creator":"@CRIC_Cauca","twitter_site":"@CRIC_Cauca","twitter_misc":{"Escrito por":"Comunicaciones CRIC","Tiempo de lectura":"2 minutos"},"schema":{"@context":"https:\/\/schema.org","@graph":[{"@type":"Article","@id":"https:\/\/www.cric-colombia.org\/portal\/visita-del-representante-en-colombia-del-alto-comisionado-de-la-onu-ddhh-humanos-en-el-norte-del-cauca\/#article","isPartOf":{"@id":"https:\/\/www.cric-colombia.org\/portal\/visita-del-representante-en-colombia-del-alto-comisionado-de-la-onu-ddhh-humanos-en-el-norte-del-cauca\/"},"author":{"name":"Comunicaciones CRIC","@id":"https:\/\/www.cric-colombia.org\/portal\/#\/schema\/person\/ab3a3099267de33d55f74f34ba201931"},"headline":"Visita del Representante en Colombia del Alto Comisionado de la ONU &#8211; DDHH en el Norte del Cauca","datePublished":"2025-04-29T18:25:38+00:00","dateModified":"2025-04-29T22:39:49+00:00","mainEntityOfPage":{"@id":"https:\/\/www.cric-colombia.org\/portal\/visita-del-representante-en-colombia-del-alto-comisionado-de-la-onu-ddhh-humanos-en-el-norte-del-cauca\/"},"wordCount":341,"commentCount":0,"publisher":{"@id":"https:\/\/www.cric-colombia.org\/portal\/#organization"},"keywords":["cauca","cric","DDHH","forzado","Norte","onu","reclutamiento"],"articleSection":["Actualidad Ind\u00edgena del Cauca"],"inLanguage":"es","potentialAction":[{"@type":"CommentAction","name":"Comment","target":["https:\/\/www.cric-colombia.org\/portal\/visita-del-representante-en-colombia-del-alto-comisionado-de-la-onu-ddhh-humanos-en-el-norte-del-cauca\/#respond"]}]},{"@type":"WebPage","@id":"https:\/\/www.cric-colombia.org\/portal\/visita-del-representante-en-colombia-del-alto-comisionado-de-la-onu-ddhh-humanos-en-el-norte-del-cauca\/","url":"https:\/\/www.cric-colombia.org\/portal\/visita-del-representante-en-colombia-del-alto-comisionado-de-la-onu-ddhh-humanos-en-el-norte-del-cauca\/","name":"Visita del Representante en Colombia del Alto Comisionado de la ONU - DDHH en el Norte del Cauca - Consejo Regional Ind\u00edgena del Cauca - CRIC","isPartOf":{"@id":"https:\/\/www.cric-colombia.org\/portal\/#website"},"datePublished":"2025-04-29T18:25:38+00:00","dateModified":"2025-04-29T22:39:49+00:00","breadcrumb":{"@id":"https:\/\/www.cric-colombia.org\/portal\/visita-del-representante-en-colombia-del-alto-comisionado-de-la-onu-ddhh-humanos-en-el-norte-del-cauca\/#breadcrumb"},"inLanguage":"es","potentialAction":[{"@type":"ReadAction","target":["https:\/\/www.cric-colombia.org\/portal\/visita-del-representante-en-colombia-del-alto-comisionado-de-la-onu-ddhh-humanos-en-el-norte-del-cauca\/"]}]},{"@type":"BreadcrumbList","@id":"https:\/\/www.cric-colombia.org\/portal\/visita-del-representante-en-colombia-del-alto-comisionado-de-la-onu-ddhh-humanos-en-el-norte-del-cauca\/#breadcrumb","itemListElement":[{"@type":"ListItem","position":1,"name":"Portada","item":"https:\/\/www.cric-colombia.org\/portal\/"},{"@type":"ListItem","position":2,"name":"Visita del Representante en Colombia del Alto Comisionado de la ONU &#8211; DDHH en el Norte del Cauca"}]},{"@type":"WebSite","@id":"https:\/\/www.cric-colombia.org\/portal\/#website","url":"https:\/\/www.cric-colombia.org\/portal\/","name":"Consejo Regional Ind\u00edgena del Cauca - CRIC","description":"P\u00e1gina oficial del Consejo Regional Ind\u00edgena del Cauca, Colombia","publisher":{"@id":"https:\/\/www.cric-colombia.org\/portal\/#organization"},"potentialAction":[{"@type":"SearchAction","target":{"@type":"EntryPoint","urlTemplate":"https:\/\/www.cric-colombia.org\/portal\/?s={search_term_string}"},"query-input":"required name=search_term_string"}],"inLanguage":"es"},{"@type":"Organization","@id":"https:\/\/www.cric-colombia.org\/portal\/#organization","name":"Consejo Regional Ind\u00edgena del Cauca","url":"https:\/\/www.cric-colombia.org\/portal\/","logo":{"@type":"ImageObject","inLanguage":"es","@id":"https:\/\/www.cric-colombia.org\/portal\/#\/schema\/logo\/image\/","url":"https:\/\/www.cric-colombia.org\/portal\/wp-content\/uploads\/2015\/08\/logo_cric.jpg","contentUrl":"https:\/\/www.cric-colombia.org\/portal\/wp-content\/uploads\/2015\/08\/logo_cric.jpg","width":512,"height":512,"caption":"Consejo Regional Ind\u00edgena del Cauca"},"image":{"@id":"https:\/\/www.cric-colombia.org\/portal\/#\/schema\/logo\/image\/"},"sameAs":["https:\/\/www.facebook.com\/cric.colombia\/","https:\/\/twitter.com\/CRIC_Cauca"]},{"@type":"Person","@id":"https:\/\/www.cric-colombia.org\/portal\/#\/schema\/person\/ab3a3099267de33d55f74f34ba201931","name":"Comunicaciones CRIC","image":{"@type":"ImageObject","inLanguage":"es","@id":"https:\/\/www.cric-colombia.org\/portal\/#\/schema\/person\/image\/","url":"https:\/\/secure.gravatar.com\/avatar\/a8d1a6cfcb82a80d09dafefdcc3dcc8a?s=96&d=retro&r=g","contentUrl":"https:\/\/secure.gravatar.com\/avatar\/a8d1a6cfcb82a80d09dafefdcc3dcc8a?s=96&d=retro&r=g","caption":"Comunicaciones CRIC"},"url":"https:\/\/www.cric-colombia.org\/portal\/author\/comunicaciones\/"}]}},"jetpack_featured_media_url":"https:\/\/www.cric-colombia.org\/portal\/wp-content\/uploads\/2025\/04\/DDHH-ONU-CRIC.jpg","_links":{"self":[{"href":"https:\/\/www.cric-colombia.org\/portal\/wp-json\/wp\/v2\/posts\/42305"}],"collection":[{"href":"https:\/\/www.cric-colombia.org\/portal\/wp-json\/wp\/v2\/posts"}],"about":[{"href":"https:\/\/www.cric-colombia.org\/portal\/wp-json\/wp\/v2\/types\/post"}],"author":[{"embeddable":true,"href":"https:\/\/www.cric-colombia.org\/portal\/wp-json\/wp\/v2\/users\/6"}],"replies":[{"embeddable":true,"href":"https:\/\/www.cric-colombia.org\/portal\/wp-json\/wp\/v2\/comments?post=42305"}],"version-history":[{"count":2,"href":"https:\/\/www.cric-colombia.org\/portal\/wp-json\/wp\/v2\/posts\/42305\/revisions"}],"predecessor-version":[{"id":42310,"href":"https:\/\/www.cric-colombia.org\/portal\/wp-json\/wp\/v2\/posts\/42305\/revisions\/42310"}],"wp:featuredmedia":[{"embeddable":true,"href":"https:\/\/www.cric-colombia.org\/portal\/wp-json\/wp\/v2\/media\/42306"}],"wp:attachment":[{"href":"https:\/\/www.cric-colombia.org\/portal\/wp-json\/wp\/v2\/media?parent=42305"}],"wp:term":[{"taxonomy":"category","embeddable":true,"href":"https:\/\/www.cric-colombia.org\/portal\/wp-json\/wp\/v2\/categories?post=42305"},{"taxonomy":"post_tag","embeddable":true,"href":"https:\/\/www.cric-colombia.org\/portal\/wp-json\/wp\/v2\/tags?post=42305"}],"curies":[{"name":"wp","href":"https:\/\/api.w.org\/{rel}","templated":true}]}}