{"id":42261,"date":"2025-04-23T11:52:45","date_gmt":"2025-04-23T16:52:45","guid":{"rendered":"https:\/\/www.cric-colombia.org\/portal\/?p=42261"},"modified":"2025-04-23T11:52:45","modified_gmt":"2025-04-23T16:52:45","slug":"preocupacion-por-nuevo-caso-de-reclutamiento-forzado-de-una-menor-de-edad-territorio-de-cohetando-paez","status":"publish","type":"post","link":"https:\/\/www.cric-colombia.org\/portal\/preocupacion-por-nuevo-caso-de-reclutamiento-forzado-de-una-menor-de-edad-territorio-de-cohetando-paez\/","title":{"rendered":"Preocupaci\u00f3n por nuevo caso de reclutamiento forzado de una menor de edad &#8211; territorio de Cohetando, P\u00e1ez"},"content":{"rendered":"<p class=\"p1\" style=\"text-align: center;\"><b><i>Activaci\u00f3n de rutas para prevenir el Reclutamiento forzado de menores<\/i><\/b><\/p>\n<p class=\"p1\" style=\"text-align: justify;\">Las Autoridades Ancestrales Territoriales de Cohetando informamos con profunda preocupaci\u00f3n que se ha confirmados un nuevo caso de reclutamiento forzado de una menor de edad por parte de actores armados en nuestro territorio. Este hecho atenta directamente contra la vida, la armon\u00eda y los derechos fundamentales de nuestros ni\u00f1os, ni\u00f1as y adolescentes. Los hechos violentos vulneran la autonom\u00eda territorial y los principios que gu\u00edan nuestro camino como pueblos originarios: Unidad, Tierra, Cultura Y Autonom\u00eda.<\/p>\n<p class=\"p1\" style=\"text-align: justify;\">Ante esta grave situaci\u00f3n y con el objeto de proteger y prevenir la dignidad de nuestros menores, asimismo para evitar futuros casos de reclutamiento forzado activamos y fortalecemos de manera inmediata las siguientes rutas:<\/p>\n<p class=\"p1\" style=\"text-align: justify;\">1. <b>Alerta temprana con las autoridades<\/b>; cualquier sospecha o conocimiento de posibles intentos de reclutamiento deber\u00e1 ser informada, se mantendr\u00e1n habilitados los canales de comunicaci\u00f3n interna para reportes internos con<\/p>\n<p>1.1. La Guardia Ind\u00edgena<br \/>\n1.2. Las Autoridades Ancestrales<\/p>\n<p class=\"p1\" style=\"text-align: justify;\"><b>2. Protecci\u00f3n familiar y comunitaria<\/b><\/p>\n<p class=\"p1\" style=\"text-align: justify;\">2.1. 2.2. Realizar c\u00edrculos de palabra con familias en situaci\u00f3n de riesgo<br \/>\nAcompa\u00f1ar con orientadores profesionales, sabedores espirituales en los hogares cuyas vidas se vean amenazadas, vigiladas o presionadas por actores armados.<\/p>\n<p class=\"p1\" style=\"text-align: justify;\">2.3. Fortalecer los v\u00ednculos comunitarios y redes de apoyo colectivo para proteger los ni\u00f1os, ni\u00f1as y adolescentes.<\/p>\n<p class=\"p1\" style=\"text-align: justify;\"><b>3. Educativa y cultural<\/b><\/p>\n<p class=\"p1\" style=\"text-align: justify;\">3.1. Dinamizadores deber\u00e1n fortalecer la orientaci\u00f3n en la parte pedag\u00f3gica sobre los derechos humanos en los espacios educativos propios y fortalecer la protecci\u00f3n espiritual<\/p>\n<p class=\"p1\" style=\"text-align: justify;\">3.2. Integrar saberes propios, tradicionales y la pr\u00e1ctica de actividades culturales que refuercen la identidad<\/p>\n<p class=\"p1\" style=\"text-align: justify;\">3.3. Aumentar las actividades educativas para mantener a los menores en otras actividades sin tiempo de pensar en la guerra como una salida.<\/p>\n<p class=\"p1\" style=\"text-align: justify;\"><b>4. Alarmar organismos nacionales e internacionales encargados de proteger y <\/b><b>garantizar los Derechos Humanos<\/b><\/p>\n<p class=\"p1\" style=\"text-align: justify;\">4.1. Solicitar el acompa\u00f1amiento de la Defensor\u00eda del Pueblo, ICBF y organizaciones de DDHH<\/p>\n<p class=\"p1\" style=\"text-align: justify;\">4.2. Documentar los casos espec\u00edficos de reclutamiento para visibilizar la violencia a nivel local, regional, nacional e internacional. Hacemos un llamado firme a todos los actores armados presentes en el territorio:<\/p>\n<p class=\"p1\" style=\"text-align: center;\"><b>\u00a1RESPETEN LA VIDA, LA LIBERTAD Y EL DERECHO A CRECER EN PAZ DE <\/b><b>NUESTROS NI\u00d1OS, NI\u00d1AS Y ADOLESCENTES<\/b>!<\/p>\n<p style=\"text-align: center;\">Nuestro territorio ancestral de Cohetando es sagrado y no puede ser un campo de guerra.<\/p>\n<p class=\"p1\" style=\"text-align: justify;\">Solicitamos a la comunidad a actuar con decisi\u00f3n unidad y firmeza para defender a nuestros menores. La vida, la libertad y su futuro est\u00e1n en nuestras manos.<\/p>\n<p class=\"p1\" style=\"text-align: center;\"><b>\u00a1Seguimos en resistencia!\u00a0<\/b><\/p>\n<p style=\"text-align: center;\"><a href=\"https:\/\/www.cric-colombia.org\/portal\/wp-content\/uploads\/2025\/04\/CIRCULAR-RECLUTAMIENTO-COHETANDO.pdf\" class=\"pdfemb-viewer\" style=\"\" data-width=\"max\" data-height=\"max\" data-toolbar=\"both\" data-toolbar-fixed=\"off\">CIRCULAR RECLUTAMIENTO COHETANDO<\/a><\/p>\n","protected":false},"excerpt":{"rendered":"<p>Activaci\u00f3n de rutas para prevenir el Reclutamiento forzado de menores Las Autoridades Ancestrales Territoriales de Cohetando informamos con profunda preocupaci\u00f3n que se ha confirmados un nuevo caso de reclutamiento forzado de una menor de edad por parte de actores armados en nuestro territorio. Este hecho atenta directamente contra la vida, la armon\u00eda y los derechos <\/p>\n","protected":false},"author":6,"featured_media":42262,"comment_status":"open","ping_status":"open","sticky":false,"template":"","format":"standard","meta":{"footnotes":""},"categories":[3],"tags":[1208,305,672,1207,609,1107,651],"yoast_head":"<!-- This site is optimized with the Yoast SEO plugin v20.12 - https:\/\/yoast.com\/wordpress\/plugins\/seo\/ -->\n<title>Preocupaci\u00f3n por nuevo caso de reclutamiento forzado de una menor de edad - territorio de Cohetando, P\u00e1ez - Consejo Regional Ind\u00edgena del Cauca - CRIC<\/title>\n<meta name=\"robots\" content=\"index, follow, max-snippet:-1, max-image-preview:large, max-video-preview:-1\" \/>\n<link rel=\"canonical\" href=\"https:\/\/www.cric-colombia.org\/portal\/preocupacion-por-nuevo-caso-de-reclutamiento-forzado-de-una-menor-de-edad-territorio-de-cohetando-paez\/\" \/>\n<meta property=\"og:locale\" content=\"es_ES\" \/>\n<meta property=\"og:type\" content=\"article\" \/>\n<meta property=\"og:title\" content=\"Preocupaci\u00f3n por nuevo caso de reclutamiento forzado de una menor de edad - territorio de Cohetando, P\u00e1ez - Consejo Regional Ind\u00edgena del Cauca - CRIC\" \/>\n<meta property=\"og:description\" content=\"Activaci\u00f3n de rutas para prevenir el Reclutamiento forzado de menores Las Autoridades Ancestrales Territoriales de Cohetando informamos con profunda preocupaci\u00f3n que se ha confirmados un nuevo caso de reclutamiento forzado de una menor de edad por parte de actores armados en nuestro territorio. Este hecho atenta directamente contra la vida, la armon\u00eda y los derechos\" \/>\n<meta property=\"og:url\" content=\"https:\/\/www.cric-colombia.org\/portal\/preocupacion-por-nuevo-caso-de-reclutamiento-forzado-de-una-menor-de-edad-territorio-de-cohetando-paez\/\" \/>\n<meta property=\"og:site_name\" content=\"Consejo Regional Ind\u00edgena del Cauca - CRIC\" \/>\n<meta property=\"article:publisher\" content=\"https:\/\/www.facebook.com\/cric.colombia\/\" \/>\n<meta property=\"article:published_time\" content=\"2025-04-23T16:52:45+00:00\" \/>\n<meta property=\"og:image\" content=\"https:\/\/www.cric-colombia.org\/portal\/wp-content\/uploads\/2025\/04\/LOGO-COHETANDO-001.png\" \/>\n\t<meta property=\"og:image:width\" content=\"1224\" \/>\n\t<meta property=\"og:image:height\" content=\"852\" \/>\n\t<meta property=\"og:image:type\" content=\"image\/png\" \/>\n<meta name=\"author\" content=\"Comunicaciones CRIC\" \/>\n<meta name=\"twitter:card\" content=\"summary_large_image\" \/>\n<meta name=\"twitter:creator\" content=\"@CRIC_Cauca\" \/>\n<meta name=\"twitter:site\" content=\"@CRIC_Cauca\" \/>\n<meta name=\"twitter:label1\" content=\"Escrito por\" \/>\n\t<meta name=\"twitter:data1\" content=\"Comunicaciones CRIC\" \/>\n\t<meta name=\"twitter:label2\" content=\"Tiempo de lectura\" \/>\n\t<meta name=\"twitter:data2\" content=\"2 minutos\" \/>\n<script type=\"application\/ld+json\" class=\"yoast-schema-graph\">{\"@context\":\"https:\/\/schema.org\",\"@graph\":[{\"@type\":\"Article\",\"@id\":\"https:\/\/www.cric-colombia.org\/portal\/preocupacion-por-nuevo-caso-de-reclutamiento-forzado-de-una-menor-de-edad-territorio-de-cohetando-paez\/#article\",\"isPartOf\":{\"@id\":\"https:\/\/www.cric-colombia.org\/portal\/preocupacion-por-nuevo-caso-de-reclutamiento-forzado-de-una-menor-de-edad-territorio-de-cohetando-paez\/\"},\"author\":{\"name\":\"Comunicaciones CRIC\",\"@id\":\"https:\/\/www.cric-colombia.org\/portal\/#\/schema\/person\/ab3a3099267de33d55f74f34ba201931\"},\"headline\":\"Preocupaci\u00f3n por nuevo caso de reclutamiento forzado de una menor de edad &#8211; territorio de Cohetando, P\u00e1ez\",\"datePublished\":\"2025-04-23T16:52:45+00:00\",\"dateModified\":\"2025-04-23T16:52:45+00:00\",\"mainEntityOfPage\":{\"@id\":\"https:\/\/www.cric-colombia.org\/portal\/preocupacion-por-nuevo-caso-de-reclutamiento-forzado-de-una-menor-de-edad-territorio-de-cohetando-paez\/\"},\"wordCount\":449,\"commentCount\":0,\"publisher\":{\"@id\":\"https:\/\/www.cric-colombia.org\/portal\/#organization\"},\"keywords\":[\"alerta territorial\",\"Conflicto\",\"derechos\",\"forzado\",\"grupos armados\",\"reclutamiento\",\"violencia\"],\"articleSection\":[\"Actualidad Ind\u00edgena del Cauca\"],\"inLanguage\":\"es\",\"potentialAction\":[{\"@type\":\"CommentAction\",\"name\":\"Comment\",\"target\":[\"https:\/\/www.cric-colombia.org\/portal\/preocupacion-por-nuevo-caso-de-reclutamiento-forzado-de-una-menor-de-edad-territorio-de-cohetando-paez\/#respond\"]}]},{\"@type\":\"WebPage\",\"@id\":\"https:\/\/www.cric-colombia.org\/portal\/preocupacion-por-nuevo-caso-de-reclutamiento-forzado-de-una-menor-de-edad-territorio-de-cohetando-paez\/\",\"url\":\"https:\/\/www.cric-colombia.org\/portal\/preocupacion-por-nuevo-caso-de-reclutamiento-forzado-de-una-menor-de-edad-territorio-de-cohetando-paez\/\",\"name\":\"Preocupaci\u00f3n por nuevo caso de reclutamiento forzado de una menor de edad - territorio de Cohetando, P\u00e1ez - Consejo Regional Ind\u00edgena del Cauca - CRIC\",\"isPartOf\":{\"@id\":\"https:\/\/www.cric-colombia.org\/portal\/#website\"},\"datePublished\":\"2025-04-23T16:52:45+00:00\",\"dateModified\":\"2025-04-23T16:52:45+00:00\",\"breadcrumb\":{\"@id\":\"https:\/\/www.cric-colombia.org\/portal\/preocupacion-por-nuevo-caso-de-reclutamiento-forzado-de-una-menor-de-edad-territorio-de-cohetando-paez\/#breadcrumb\"},\"inLanguage\":\"es\",\"potentialAction\":[{\"@type\":\"ReadAction\",\"target\":[\"https:\/\/www.cric-colombia.org\/portal\/preocupacion-por-nuevo-caso-de-reclutamiento-forzado-de-una-menor-de-edad-territorio-de-cohetando-paez\/\"]}]},{\"@type\":\"BreadcrumbList\",\"@id\":\"https:\/\/www.cric-colombia.org\/portal\/preocupacion-por-nuevo-caso-de-reclutamiento-forzado-de-una-menor-de-edad-territorio-de-cohetando-paez\/#breadcrumb\",\"itemListElement\":[{\"@type\":\"ListItem\",\"position\":1,\"name\":\"Portada\",\"item\":\"https:\/\/www.cric-colombia.org\/portal\/\"},{\"@type\":\"ListItem\",\"position\":2,\"name\":\"Preocupaci\u00f3n por nuevo caso de reclutamiento forzado de una menor de edad &#8211; territorio de Cohetando, P\u00e1ez\"}]},{\"@type\":\"WebSite\",\"@id\":\"https:\/\/www.cric-colombia.org\/portal\/#website\",\"url\":\"https:\/\/www.cric-colombia.org\/portal\/\",\"name\":\"Consejo Regional Ind\u00edgena del Cauca - CRIC\",\"description\":\"P\u00e1gina oficial del Consejo Regional Ind\u00edgena del Cauca, Colombia\",\"publisher\":{\"@id\":\"https:\/\/www.cric-colombia.org\/portal\/#organization\"},\"potentialAction\":[{\"@type\":\"SearchAction\",\"target\":{\"@type\":\"EntryPoint\",\"urlTemplate\":\"https:\/\/www.cric-colombia.org\/portal\/?s={search_term_string}\"},\"query-input\":\"required name=search_term_string\"}],\"inLanguage\":\"es\"},{\"@type\":\"Organization\",\"@id\":\"https:\/\/www.cric-colombia.org\/portal\/#organization\",\"name\":\"Consejo Regional Ind\u00edgena del Cauca\",\"url\":\"https:\/\/www.cric-colombia.org\/portal\/\",\"logo\":{\"@type\":\"ImageObject\",\"inLanguage\":\"es\",\"@id\":\"https:\/\/www.cric-colombia.org\/portal\/#\/schema\/logo\/image\/\",\"url\":\"https:\/\/www.cric-colombia.org\/portal\/wp-content\/uploads\/2015\/08\/logo_cric.jpg\",\"contentUrl\":\"https:\/\/www.cric-colombia.org\/portal\/wp-content\/uploads\/2015\/08\/logo_cric.jpg\",\"width\":512,\"height\":512,\"caption\":\"Consejo Regional Ind\u00edgena del Cauca\"},\"image\":{\"@id\":\"https:\/\/www.cric-colombia.org\/portal\/#\/schema\/logo\/image\/\"},\"sameAs\":[\"https:\/\/www.facebook.com\/cric.colombia\/\",\"https:\/\/twitter.com\/CRIC_Cauca\"]},{\"@type\":\"Person\",\"@id\":\"https:\/\/www.cric-colombia.org\/portal\/#\/schema\/person\/ab3a3099267de33d55f74f34ba201931\",\"name\":\"Comunicaciones CRIC\",\"image\":{\"@type\":\"ImageObject\",\"inLanguage\":\"es\",\"@id\":\"https:\/\/www.cric-colombia.org\/portal\/#\/schema\/person\/image\/\",\"url\":\"https:\/\/secure.gravatar.com\/avatar\/a8d1a6cfcb82a80d09dafefdcc3dcc8a?s=96&d=retro&r=g\",\"contentUrl\":\"https:\/\/secure.gravatar.com\/avatar\/a8d1a6cfcb82a80d09dafefdcc3dcc8a?s=96&d=retro&r=g\",\"caption\":\"Comunicaciones CRIC\"},\"url\":\"https:\/\/www.cric-colombia.org\/portal\/author\/comunicaciones\/\"}]}<\/script>\n<!-- \/ Yoast SEO plugin. -->","yoast_head_json":{"title":"Preocupaci\u00f3n por nuevo caso de reclutamiento forzado de una menor de edad - territorio de Cohetando, P\u00e1ez - Consejo Regional Ind\u00edgena del Cauca - CRIC","robots":{"index":"index","follow":"follow","max-snippet":"max-snippet:-1","max-image-preview":"max-image-preview:large","max-video-preview":"max-video-preview:-1"},"canonical":"https:\/\/www.cric-colombia.org\/portal\/preocupacion-por-nuevo-caso-de-reclutamiento-forzado-de-una-menor-de-edad-territorio-de-cohetando-paez\/","og_locale":"es_ES","og_type":"article","og_title":"Preocupaci\u00f3n por nuevo caso de reclutamiento forzado de una menor de edad - territorio de Cohetando, P\u00e1ez - Consejo Regional Ind\u00edgena del Cauca - CRIC","og_description":"Activaci\u00f3n de rutas para prevenir el Reclutamiento forzado de menores Las Autoridades Ancestrales Territoriales de Cohetando informamos con profunda preocupaci\u00f3n que se ha confirmados un nuevo caso de reclutamiento forzado de una menor de edad por parte de actores armados en nuestro territorio. Este hecho atenta directamente contra la vida, la armon\u00eda y los derechos","og_url":"https:\/\/www.cric-colombia.org\/portal\/preocupacion-por-nuevo-caso-de-reclutamiento-forzado-de-una-menor-de-edad-territorio-de-cohetando-paez\/","og_site_name":"Consejo Regional Ind\u00edgena del Cauca - CRIC","article_publisher":"https:\/\/www.facebook.com\/cric.colombia\/","article_published_time":"2025-04-23T16:52:45+00:00","og_image":[{"width":1224,"height":852,"url":"https:\/\/www.cric-colombia.org\/portal\/wp-content\/uploads\/2025\/04\/LOGO-COHETANDO-001.png","type":"image\/png"}],"author":"Comunicaciones CRIC","twitter_card":"summary_large_image","twitter_creator":"@CRIC_Cauca","twitter_site":"@CRIC_Cauca","twitter_misc":{"Escrito por":"Comunicaciones CRIC","Tiempo de lectura":"2 minutos"},"schema":{"@context":"https:\/\/schema.org","@graph":[{"@type":"Article","@id":"https:\/\/www.cric-colombia.org\/portal\/preocupacion-por-nuevo-caso-de-reclutamiento-forzado-de-una-menor-de-edad-territorio-de-cohetando-paez\/#article","isPartOf":{"@id":"https:\/\/www.cric-colombia.org\/portal\/preocupacion-por-nuevo-caso-de-reclutamiento-forzado-de-una-menor-de-edad-territorio-de-cohetando-paez\/"},"author":{"name":"Comunicaciones CRIC","@id":"https:\/\/www.cric-colombia.org\/portal\/#\/schema\/person\/ab3a3099267de33d55f74f34ba201931"},"headline":"Preocupaci\u00f3n por nuevo caso de reclutamiento forzado de una menor de edad &#8211; territorio de Cohetando, P\u00e1ez","datePublished":"2025-04-23T16:52:45+00:00","dateModified":"2025-04-23T16:52:45+00:00","mainEntityOfPage":{"@id":"https:\/\/www.cric-colombia.org\/portal\/preocupacion-por-nuevo-caso-de-reclutamiento-forzado-de-una-menor-de-edad-territorio-de-cohetando-paez\/"},"wordCount":449,"commentCount":0,"publisher":{"@id":"https:\/\/www.cric-colombia.org\/portal\/#organization"},"keywords":["alerta territorial","Conflicto","derechos","forzado","grupos armados","reclutamiento","violencia"],"articleSection":["Actualidad Ind\u00edgena del Cauca"],"inLanguage":"es","potentialAction":[{"@type":"CommentAction","name":"Comment","target":["https:\/\/www.cric-colombia.org\/portal\/preocupacion-por-nuevo-caso-de-reclutamiento-forzado-de-una-menor-de-edad-territorio-de-cohetando-paez\/#respond"]}]},{"@type":"WebPage","@id":"https:\/\/www.cric-colombia.org\/portal\/preocupacion-por-nuevo-caso-de-reclutamiento-forzado-de-una-menor-de-edad-territorio-de-cohetando-paez\/","url":"https:\/\/www.cric-colombia.org\/portal\/preocupacion-por-nuevo-caso-de-reclutamiento-forzado-de-una-menor-de-edad-territorio-de-cohetando-paez\/","name":"Preocupaci\u00f3n por nuevo caso de reclutamiento forzado de una menor de edad - territorio de Cohetando, P\u00e1ez - Consejo Regional Ind\u00edgena del Cauca - CRIC","isPartOf":{"@id":"https:\/\/www.cric-colombia.org\/portal\/#website"},"datePublished":"2025-04-23T16:52:45+00:00","dateModified":"2025-04-23T16:52:45+00:00","breadcrumb":{"@id":"https:\/\/www.cric-colombia.org\/portal\/preocupacion-por-nuevo-caso-de-reclutamiento-forzado-de-una-menor-de-edad-territorio-de-cohetando-paez\/#breadcrumb"},"inLanguage":"es","potentialAction":[{"@type":"ReadAction","target":["https:\/\/www.cric-colombia.org\/portal\/preocupacion-por-nuevo-caso-de-reclutamiento-forzado-de-una-menor-de-edad-territorio-de-cohetando-paez\/"]}]},{"@type":"BreadcrumbList","@id":"https:\/\/www.cric-colombia.org\/portal\/preocupacion-por-nuevo-caso-de-reclutamiento-forzado-de-una-menor-de-edad-territorio-de-cohetando-paez\/#breadcrumb","itemListElement":[{"@type":"ListItem","position":1,"name":"Portada","item":"https:\/\/www.cric-colombia.org\/portal\/"},{"@type":"ListItem","position":2,"name":"Preocupaci\u00f3n por nuevo caso de reclutamiento forzado de una menor de edad &#8211; territorio de Cohetando, P\u00e1ez"}]},{"@type":"WebSite","@id":"https:\/\/www.cric-colombia.org\/portal\/#website","url":"https:\/\/www.cric-colombia.org\/portal\/","name":"Consejo Regional Ind\u00edgena del Cauca - CRIC","description":"P\u00e1gina oficial del Consejo Regional Ind\u00edgena del Cauca, Colombia","publisher":{"@id":"https:\/\/www.cric-colombia.org\/portal\/#organization"},"potentialAction":[{"@type":"SearchAction","target":{"@type":"EntryPoint","urlTemplate":"https:\/\/www.cric-colombia.org\/portal\/?s={search_term_string}"},"query-input":"required name=search_term_string"}],"inLanguage":"es"},{"@type":"Organization","@id":"https:\/\/www.cric-colombia.org\/portal\/#organization","name":"Consejo Regional Ind\u00edgena del Cauca","url":"https:\/\/www.cric-colombia.org\/portal\/","logo":{"@type":"ImageObject","inLanguage":"es","@id":"https:\/\/www.cric-colombia.org\/portal\/#\/schema\/logo\/image\/","url":"https:\/\/www.cric-colombia.org\/portal\/wp-content\/uploads\/2015\/08\/logo_cric.jpg","contentUrl":"https:\/\/www.cric-colombia.org\/portal\/wp-content\/uploads\/2015\/08\/logo_cric.jpg","width":512,"height":512,"caption":"Consejo Regional Ind\u00edgena del Cauca"},"image":{"@id":"https:\/\/www.cric-colombia.org\/portal\/#\/schema\/logo\/image\/"},"sameAs":["https:\/\/www.facebook.com\/cric.colombia\/","https:\/\/twitter.com\/CRIC_Cauca"]},{"@type":"Person","@id":"https:\/\/www.cric-colombia.org\/portal\/#\/schema\/person\/ab3a3099267de33d55f74f34ba201931","name":"Comunicaciones CRIC","image":{"@type":"ImageObject","inLanguage":"es","@id":"https:\/\/www.cric-colombia.org\/portal\/#\/schema\/person\/image\/","url":"https:\/\/secure.gravatar.com\/avatar\/a8d1a6cfcb82a80d09dafefdcc3dcc8a?s=96&d=retro&r=g","contentUrl":"https:\/\/secure.gravatar.com\/avatar\/a8d1a6cfcb82a80d09dafefdcc3dcc8a?s=96&d=retro&r=g","caption":"Comunicaciones CRIC"},"url":"https:\/\/www.cric-colombia.org\/portal\/author\/comunicaciones\/"}]}},"jetpack_featured_media_url":"https:\/\/www.cric-colombia.org\/portal\/wp-content\/uploads\/2025\/04\/LOGO-COHETANDO-001.png","_links":{"self":[{"href":"https:\/\/www.cric-colombia.org\/portal\/wp-json\/wp\/v2\/posts\/42261"}],"collection":[{"href":"https:\/\/www.cric-colombia.org\/portal\/wp-json\/wp\/v2\/posts"}],"about":[{"href":"https:\/\/www.cric-colombia.org\/portal\/wp-json\/wp\/v2\/types\/post"}],"author":[{"embeddable":true,"href":"https:\/\/www.cric-colombia.org\/portal\/wp-json\/wp\/v2\/users\/6"}],"replies":[{"embeddable":true,"href":"https:\/\/www.cric-colombia.org\/portal\/wp-json\/wp\/v2\/comments?post=42261"}],"version-history":[{"count":3,"href":"https:\/\/www.cric-colombia.org\/portal\/wp-json\/wp\/v2\/posts\/42261\/revisions"}],"predecessor-version":[{"id":42266,"href":"https:\/\/www.cric-colombia.org\/portal\/wp-json\/wp\/v2\/posts\/42261\/revisions\/42266"}],"wp:featuredmedia":[{"embeddable":true,"href":"https:\/\/www.cric-colombia.org\/portal\/wp-json\/wp\/v2\/media\/42262"}],"wp:attachment":[{"href":"https:\/\/www.cric-colombia.org\/portal\/wp-json\/wp\/v2\/media?parent=42261"}],"wp:term":[{"taxonomy":"category","embeddable":true,"href":"https:\/\/www.cric-colombia.org\/portal\/wp-json\/wp\/v2\/categories?post=42261"},{"taxonomy":"post_tag","embeddable":true,"href":"https:\/\/www.cric-colombia.org\/portal\/wp-json\/wp\/v2\/tags?post=42261"}],"curies":[{"name":"wp","href":"https:\/\/api.w.org\/{rel}","templated":true}]}}