{"id":42252,"date":"2025-04-22T18:04:28","date_gmt":"2025-04-22T23:04:28","guid":{"rendered":"https:\/\/www.cric-colombia.org\/portal\/?p=42252"},"modified":"2025-04-22T18:12:35","modified_gmt":"2025-04-22T23:12:35","slug":"la-red-de-derechos-humanos-como-proceso-vivo","status":"publish","type":"post","link":"https:\/\/www.cric-colombia.org\/portal\/la-red-de-derechos-humanos-como-proceso-vivo\/","title":{"rendered":"La Red de Derechos Humanos como proceso vivo"},"content":{"rendered":"<p style=\"text-align: justify;\"><em>La construcci\u00f3n y consolidaci\u00f3n de un tejido propio en red como estrategia en la defensa de los Derechos Humanos y de quienes los defienden<\/em><\/p>\n<p style=\"text-align: justify;\"><strong>\u00bfC\u00f3mo tejemos la defensa de la vida y el territorio?<\/strong> \u00bfC\u00f3mo salvaguardamos sin ponernos en riesgo? \u00bfC\u00f3mo actuamos en red? Hay una necesidad de afianzar una red que defienda la vida, el territorio y los Derechos Humanos en medio de la <strong>actual crisis humanitaria<\/strong> que enfrenta el departamento del Cauca, ya que, despu\u00e9s de la firma del Acuerdo de Paz ha habido una <strong>reconfiguraci\u00f3n del conflicto armado<\/strong> y una transformaci\u00f3n de la guerra:<\/p>\n<blockquote class=\"td_pull_quote td_pull_center\">\n<p style=\"text-align: center;\">La transformaci\u00f3n de la guerra nos exige crear nuevas estrategias para defender la vida<\/p>\n<\/blockquote>\n<p><img decoding=\"async\" loading=\"lazy\" class=\"aligncenter wp-image-42255\" src=\"https:\/\/www.cric-colombia.org\/portal\/wp-content\/uploads\/2025\/04\/RED-DDHH-2-300x200.jpg\" alt=\"\" width=\"577\" height=\"385\" srcset=\"https:\/\/www.cric-colombia.org\/portal\/wp-content\/uploads\/2025\/04\/RED-DDHH-2-300x200.jpg 300w, https:\/\/www.cric-colombia.org\/portal\/wp-content\/uploads\/2025\/04\/RED-DDHH-2-768x512.jpg 768w, https:\/\/www.cric-colombia.org\/portal\/wp-content\/uploads\/2025\/04\/RED-DDHH-2-696x464.jpg 696w, https:\/\/www.cric-colombia.org\/portal\/wp-content\/uploads\/2025\/04\/RED-DDHH-2-630x420.jpg 630w, https:\/\/www.cric-colombia.org\/portal\/wp-content\/uploads\/2025\/04\/RED-DDHH-2.jpg 800w\" sizes=\"(max-width: 577px) 100vw, 577px\" \/><\/p>\n<p style=\"text-align: justify;\">Este proceso de formaci\u00f3n de la Red de Derechos Humanos que se apertur\u00f3 el pasado 9 y 10 de abril en la ciudad de Popay\u00e1n, surge como un <strong>espacio colaborativo<\/strong> entre todas las estructuras de defensa de la vida. Hombres y mujeres de las 10 zonas del Consejo Regional Ind\u00edgena del Cauca que han estado y est\u00e1n defendiendo la vida, los derechos individuales y colectivos en sus territorios junto a sus autoridades y comunidades, conociendo y reconociendo sus territorios y problem\u00e1ticas.<\/p>\n<p style=\"text-align: justify;\">Este espacio <strong>es una oportunidad<\/strong> de la organizaci\u00f3n, del movimiento ind\u00edgena, para el fortalecimiento de todas las acciones de <strong>protecci\u00f3n, prevenci\u00f3n y acci\u00f3n<\/strong> de las comunidades frente a las vulneraciones de Derechos Humanos.<span class=\"Apple-converted-space\">\u00a0 <\/span>Es tambi\u00e9n un escenario para aprender de las <strong>experiencias<\/strong> propias y de otros procesos organizativos, para acompa\u00f1ar y <strong>construir estrategias<\/strong> desde el pensamiento en red, los caminos para <strong>defender la vida y prevenir<\/strong> las afectaciones a los Derechos Humanos.<\/p>\n<h5><img decoding=\"async\" loading=\"lazy\" class=\"aligncenter wp-image-42256\" src=\"https:\/\/www.cric-colombia.org\/portal\/wp-content\/uploads\/2025\/04\/RED-DDHH-3-300x225.png\" alt=\"\" width=\"579\" height=\"434\" srcset=\"https:\/\/www.cric-colombia.org\/portal\/wp-content\/uploads\/2025\/04\/RED-DDHH-3-300x225.png 300w, https:\/\/www.cric-colombia.org\/portal\/wp-content\/uploads\/2025\/04\/RED-DDHH-3-80x60.png 80w, https:\/\/www.cric-colombia.org\/portal\/wp-content\/uploads\/2025\/04\/RED-DDHH-3-265x198.png 265w, https:\/\/www.cric-colombia.org\/portal\/wp-content\/uploads\/2025\/04\/RED-DDHH-3-560x420.png 560w, https:\/\/www.cric-colombia.org\/portal\/wp-content\/uploads\/2025\/04\/RED-DDHH-3.png 668w\" sizes=\"(max-width: 579px) 100vw, 579px\" \/><\/h5>\n<h5 style=\"text-align: justify;\"><b>\u00abSumar fuerzas para poder defender\u00bb<\/b><\/h5>\n<p style=\"text-align: justify;\">Con esta red se espera poder dejar bases comunitarias y un camino en los territorios para implementar las acciones en defensa de la vida desde planes de acci\u00f3n que se trabajen como red nacional y la construcci\u00f3n de una ruta para activar la solidaridad tanto en las comunidades, como de organizaciones e instituciones aliadas.<\/p>\n<h5 style=\"text-align: justify;\"><b>\u00abDebemos motivar la empat\u00eda a trav\u00e9s de esta red\u00bb<\/b><\/h5>\n<p style=\"text-align: justify;\">Esta es la oportunidad para analizar y entender desde todas las<strong> miradas el conflicto<\/strong> y sus fen\u00f3menos o causalidades y frente a eso fortalecer los<strong> conocimientos y acciones<\/strong> en torno a la defensa de la vida y su protecci\u00f3n entendiendo y compartiendo el significado y el <strong>sentir de la defensa<\/strong> desde cada pueblo y territorio.<\/p>\n<blockquote class=\"td_pull_quote td_pull_center\">\n<p style=\"text-align: justify;\"><i>Para prevenir debemos reflexionar sobre la naturalizaci\u00f3n y normalizaci\u00f3n de la guerra<\/i><i><\/i><\/p>\n<\/blockquote>\n<p><img decoding=\"async\" loading=\"lazy\" class=\"aligncenter wp-image-42254\" src=\"https:\/\/www.cric-colombia.org\/portal\/wp-content\/uploads\/2025\/04\/RED-DERECHOS-HUMANOS-300x196.jpg\" alt=\"\" width=\"548\" height=\"358\" srcset=\"https:\/\/www.cric-colombia.org\/portal\/wp-content\/uploads\/2025\/04\/RED-DERECHOS-HUMANOS-300x196.jpg 300w, https:\/\/www.cric-colombia.org\/portal\/wp-content\/uploads\/2025\/04\/RED-DERECHOS-HUMANOS-696x455.jpg 696w, https:\/\/www.cric-colombia.org\/portal\/wp-content\/uploads\/2025\/04\/RED-DERECHOS-HUMANOS-741x486.jpg 741w, https:\/\/www.cric-colombia.org\/portal\/wp-content\/uploads\/2025\/04\/RED-DERECHOS-HUMANOS-643x420.jpg 643w, https:\/\/www.cric-colombia.org\/portal\/wp-content\/uploads\/2025\/04\/RED-DERECHOS-HUMANOS.jpg 765w\" sizes=\"(max-width: 548px) 100vw, 548px\" \/><\/p>\n<h6 style=\"text-align: center;\"><em><strong>\u00a1Cuenten con nosotros para la paz, nunca para la guerra!<\/strong><\/em><\/h6>\n","protected":false},"excerpt":{"rendered":"<p>La construcci\u00f3n y consolidaci\u00f3n de un tejido propio en red como estrategia en la defensa de los Derechos Humanos y de quienes los defienden \u00bfC\u00f3mo tejemos la defensa de la vida y el territorio? \u00bfC\u00f3mo salvaguardamos sin ponernos en riesgo? \u00bfC\u00f3mo actuamos en red? Hay una necesidad de afianzar una red que defienda la vida, <\/p>\n","protected":false},"author":6,"featured_media":42257,"comment_status":"open","ping_status":"open","sticky":false,"template":"","format":"standard","meta":{"footnotes":""},"categories":[3],"tags":[89,88,624,244,453,1206,333,651],"yoast_head":"<!-- This site is optimized with the Yoast SEO plugin v20.12 - https:\/\/yoast.com\/wordpress\/plugins\/seo\/ -->\n<title>La Red de Derechos Humanos como proceso vivo - Consejo Regional Ind\u00edgena del Cauca - CRIC<\/title>\n<meta name=\"robots\" content=\"index, follow, max-snippet:-1, max-image-preview:large, max-video-preview:-1\" \/>\n<link rel=\"canonical\" href=\"https:\/\/www.cric-colombia.org\/portal\/la-red-de-derechos-humanos-como-proceso-vivo\/\" \/>\n<meta property=\"og:locale\" content=\"es_ES\" \/>\n<meta property=\"og:type\" content=\"article\" \/>\n<meta property=\"og:title\" content=\"La Red de Derechos Humanos como proceso vivo - Consejo Regional Ind\u00edgena del Cauca - CRIC\" \/>\n<meta property=\"og:description\" content=\"La construcci\u00f3n y consolidaci\u00f3n de un tejido propio en red como estrategia en la defensa de los Derechos Humanos y de quienes los defienden \u00bfC\u00f3mo tejemos la defensa de la vida y el territorio? \u00bfC\u00f3mo salvaguardamos sin ponernos en riesgo? \u00bfC\u00f3mo actuamos en red? Hay una necesidad de afianzar una red que defienda la vida,\" \/>\n<meta property=\"og:url\" content=\"https:\/\/www.cric-colombia.org\/portal\/la-red-de-derechos-humanos-como-proceso-vivo\/\" \/>\n<meta property=\"og:site_name\" content=\"Consejo Regional Ind\u00edgena del Cauca - CRIC\" \/>\n<meta property=\"article:publisher\" content=\"https:\/\/www.facebook.com\/cric.colombia\/\" \/>\n<meta property=\"article:published_time\" content=\"2025-04-22T23:04:28+00:00\" \/>\n<meta property=\"article:modified_time\" content=\"2025-04-22T23:12:35+00:00\" \/>\n<meta property=\"og:image\" content=\"https:\/\/www.cric-colombia.org\/portal\/wp-content\/uploads\/2025\/04\/RED-DDHH4.jpg\" \/>\n\t<meta property=\"og:image:width\" content=\"800\" \/>\n\t<meta property=\"og:image:height\" content=\"443\" \/>\n\t<meta property=\"og:image:type\" content=\"image\/jpeg\" \/>\n<meta name=\"author\" content=\"Comunicaciones CRIC\" \/>\n<meta name=\"twitter:card\" content=\"summary_large_image\" \/>\n<meta name=\"twitter:creator\" content=\"@CRIC_Cauca\" \/>\n<meta name=\"twitter:site\" content=\"@CRIC_Cauca\" \/>\n<meta name=\"twitter:label1\" content=\"Escrito por\" \/>\n\t<meta name=\"twitter:data1\" content=\"Comunicaciones CRIC\" \/>\n\t<meta name=\"twitter:label2\" content=\"Tiempo de lectura\" \/>\n\t<meta name=\"twitter:data2\" content=\"2 minutos\" \/>\n<script type=\"application\/ld+json\" class=\"yoast-schema-graph\">{\"@context\":\"https:\/\/schema.org\",\"@graph\":[{\"@type\":\"Article\",\"@id\":\"https:\/\/www.cric-colombia.org\/portal\/la-red-de-derechos-humanos-como-proceso-vivo\/#article\",\"isPartOf\":{\"@id\":\"https:\/\/www.cric-colombia.org\/portal\/la-red-de-derechos-humanos-como-proceso-vivo\/\"},\"author\":{\"name\":\"Comunicaciones CRIC\",\"@id\":\"https:\/\/www.cric-colombia.org\/portal\/#\/schema\/person\/ab3a3099267de33d55f74f34ba201931\"},\"headline\":\"La Red de Derechos Humanos como proceso vivo\",\"datePublished\":\"2025-04-22T23:04:28+00:00\",\"dateModified\":\"2025-04-22T23:12:35+00:00\",\"mainEntityOfPage\":{\"@id\":\"https:\/\/www.cric-colombia.org\/portal\/la-red-de-derechos-humanos-como-proceso-vivo\/\"},\"wordCount\":443,\"commentCount\":0,\"publisher\":{\"@id\":\"https:\/\/www.cric-colombia.org\/portal\/#organization\"},\"keywords\":[\"cauca\",\"cric\",\"defensa de la vida\",\"derechos humanos\",\"Guardia\",\"red\",\"Territorio\",\"violencia\"],\"articleSection\":[\"Actualidad Ind\u00edgena del Cauca\"],\"inLanguage\":\"es\",\"potentialAction\":[{\"@type\":\"CommentAction\",\"name\":\"Comment\",\"target\":[\"https:\/\/www.cric-colombia.org\/portal\/la-red-de-derechos-humanos-como-proceso-vivo\/#respond\"]}]},{\"@type\":\"WebPage\",\"@id\":\"https:\/\/www.cric-colombia.org\/portal\/la-red-de-derechos-humanos-como-proceso-vivo\/\",\"url\":\"https:\/\/www.cric-colombia.org\/portal\/la-red-de-derechos-humanos-como-proceso-vivo\/\",\"name\":\"La Red de Derechos Humanos como proceso vivo - Consejo Regional Ind\u00edgena del Cauca - CRIC\",\"isPartOf\":{\"@id\":\"https:\/\/www.cric-colombia.org\/portal\/#website\"},\"datePublished\":\"2025-04-22T23:04:28+00:00\",\"dateModified\":\"2025-04-22T23:12:35+00:00\",\"breadcrumb\":{\"@id\":\"https:\/\/www.cric-colombia.org\/portal\/la-red-de-derechos-humanos-como-proceso-vivo\/#breadcrumb\"},\"inLanguage\":\"es\",\"potentialAction\":[{\"@type\":\"ReadAction\",\"target\":[\"https:\/\/www.cric-colombia.org\/portal\/la-red-de-derechos-humanos-como-proceso-vivo\/\"]}]},{\"@type\":\"BreadcrumbList\",\"@id\":\"https:\/\/www.cric-colombia.org\/portal\/la-red-de-derechos-humanos-como-proceso-vivo\/#breadcrumb\",\"itemListElement\":[{\"@type\":\"ListItem\",\"position\":1,\"name\":\"Portada\",\"item\":\"https:\/\/www.cric-colombia.org\/portal\/\"},{\"@type\":\"ListItem\",\"position\":2,\"name\":\"La Red de Derechos Humanos como proceso vivo\"}]},{\"@type\":\"WebSite\",\"@id\":\"https:\/\/www.cric-colombia.org\/portal\/#website\",\"url\":\"https:\/\/www.cric-colombia.org\/portal\/\",\"name\":\"Consejo Regional Ind\u00edgena del Cauca - CRIC\",\"description\":\"P\u00e1gina oficial del Consejo Regional Ind\u00edgena del Cauca, Colombia\",\"publisher\":{\"@id\":\"https:\/\/www.cric-colombia.org\/portal\/#organization\"},\"potentialAction\":[{\"@type\":\"SearchAction\",\"target\":{\"@type\":\"EntryPoint\",\"urlTemplate\":\"https:\/\/www.cric-colombia.org\/portal\/?s={search_term_string}\"},\"query-input\":\"required name=search_term_string\"}],\"inLanguage\":\"es\"},{\"@type\":\"Organization\",\"@id\":\"https:\/\/www.cric-colombia.org\/portal\/#organization\",\"name\":\"Consejo Regional Ind\u00edgena del Cauca\",\"url\":\"https:\/\/www.cric-colombia.org\/portal\/\",\"logo\":{\"@type\":\"ImageObject\",\"inLanguage\":\"es\",\"@id\":\"https:\/\/www.cric-colombia.org\/portal\/#\/schema\/logo\/image\/\",\"url\":\"https:\/\/www.cric-colombia.org\/portal\/wp-content\/uploads\/2015\/08\/logo_cric.jpg\",\"contentUrl\":\"https:\/\/www.cric-colombia.org\/portal\/wp-content\/uploads\/2015\/08\/logo_cric.jpg\",\"width\":512,\"height\":512,\"caption\":\"Consejo Regional Ind\u00edgena del Cauca\"},\"image\":{\"@id\":\"https:\/\/www.cric-colombia.org\/portal\/#\/schema\/logo\/image\/\"},\"sameAs\":[\"https:\/\/www.facebook.com\/cric.colombia\/\",\"https:\/\/twitter.com\/CRIC_Cauca\"]},{\"@type\":\"Person\",\"@id\":\"https:\/\/www.cric-colombia.org\/portal\/#\/schema\/person\/ab3a3099267de33d55f74f34ba201931\",\"name\":\"Comunicaciones CRIC\",\"image\":{\"@type\":\"ImageObject\",\"inLanguage\":\"es\",\"@id\":\"https:\/\/www.cric-colombia.org\/portal\/#\/schema\/person\/image\/\",\"url\":\"https:\/\/secure.gravatar.com\/avatar\/a8d1a6cfcb82a80d09dafefdcc3dcc8a?s=96&d=retro&r=g\",\"contentUrl\":\"https:\/\/secure.gravatar.com\/avatar\/a8d1a6cfcb82a80d09dafefdcc3dcc8a?s=96&d=retro&r=g\",\"caption\":\"Comunicaciones CRIC\"},\"url\":\"https:\/\/www.cric-colombia.org\/portal\/author\/comunicaciones\/\"}]}<\/script>\n<!-- \/ Yoast SEO plugin. -->","yoast_head_json":{"title":"La Red de Derechos Humanos como proceso vivo - Consejo Regional Ind\u00edgena del Cauca - CRIC","robots":{"index":"index","follow":"follow","max-snippet":"max-snippet:-1","max-image-preview":"max-image-preview:large","max-video-preview":"max-video-preview:-1"},"canonical":"https:\/\/www.cric-colombia.org\/portal\/la-red-de-derechos-humanos-como-proceso-vivo\/","og_locale":"es_ES","og_type":"article","og_title":"La Red de Derechos Humanos como proceso vivo - Consejo Regional Ind\u00edgena del Cauca - CRIC","og_description":"La construcci\u00f3n y consolidaci\u00f3n de un tejido propio en red como estrategia en la defensa de los Derechos Humanos y de quienes los defienden \u00bfC\u00f3mo tejemos la defensa de la vida y el territorio? \u00bfC\u00f3mo salvaguardamos sin ponernos en riesgo? \u00bfC\u00f3mo actuamos en red? Hay una necesidad de afianzar una red que defienda la vida,","og_url":"https:\/\/www.cric-colombia.org\/portal\/la-red-de-derechos-humanos-como-proceso-vivo\/","og_site_name":"Consejo Regional Ind\u00edgena del Cauca - CRIC","article_publisher":"https:\/\/www.facebook.com\/cric.colombia\/","article_published_time":"2025-04-22T23:04:28+00:00","article_modified_time":"2025-04-22T23:12:35+00:00","og_image":[{"width":800,"height":443,"url":"https:\/\/www.cric-colombia.org\/portal\/wp-content\/uploads\/2025\/04\/RED-DDHH4.jpg","type":"image\/jpeg"}],"author":"Comunicaciones CRIC","twitter_card":"summary_large_image","twitter_creator":"@CRIC_Cauca","twitter_site":"@CRIC_Cauca","twitter_misc":{"Escrito por":"Comunicaciones CRIC","Tiempo de lectura":"2 minutos"},"schema":{"@context":"https:\/\/schema.org","@graph":[{"@type":"Article","@id":"https:\/\/www.cric-colombia.org\/portal\/la-red-de-derechos-humanos-como-proceso-vivo\/#article","isPartOf":{"@id":"https:\/\/www.cric-colombia.org\/portal\/la-red-de-derechos-humanos-como-proceso-vivo\/"},"author":{"name":"Comunicaciones CRIC","@id":"https:\/\/www.cric-colombia.org\/portal\/#\/schema\/person\/ab3a3099267de33d55f74f34ba201931"},"headline":"La Red de Derechos Humanos como proceso vivo","datePublished":"2025-04-22T23:04:28+00:00","dateModified":"2025-04-22T23:12:35+00:00","mainEntityOfPage":{"@id":"https:\/\/www.cric-colombia.org\/portal\/la-red-de-derechos-humanos-como-proceso-vivo\/"},"wordCount":443,"commentCount":0,"publisher":{"@id":"https:\/\/www.cric-colombia.org\/portal\/#organization"},"keywords":["cauca","cric","defensa de la vida","derechos humanos","Guardia","red","Territorio","violencia"],"articleSection":["Actualidad Ind\u00edgena del Cauca"],"inLanguage":"es","potentialAction":[{"@type":"CommentAction","name":"Comment","target":["https:\/\/www.cric-colombia.org\/portal\/la-red-de-derechos-humanos-como-proceso-vivo\/#respond"]}]},{"@type":"WebPage","@id":"https:\/\/www.cric-colombia.org\/portal\/la-red-de-derechos-humanos-como-proceso-vivo\/","url":"https:\/\/www.cric-colombia.org\/portal\/la-red-de-derechos-humanos-como-proceso-vivo\/","name":"La Red de Derechos Humanos como proceso vivo - Consejo Regional Ind\u00edgena del Cauca - CRIC","isPartOf":{"@id":"https:\/\/www.cric-colombia.org\/portal\/#website"},"datePublished":"2025-04-22T23:04:28+00:00","dateModified":"2025-04-22T23:12:35+00:00","breadcrumb":{"@id":"https:\/\/www.cric-colombia.org\/portal\/la-red-de-derechos-humanos-como-proceso-vivo\/#breadcrumb"},"inLanguage":"es","potentialAction":[{"@type":"ReadAction","target":["https:\/\/www.cric-colombia.org\/portal\/la-red-de-derechos-humanos-como-proceso-vivo\/"]}]},{"@type":"BreadcrumbList","@id":"https:\/\/www.cric-colombia.org\/portal\/la-red-de-derechos-humanos-como-proceso-vivo\/#breadcrumb","itemListElement":[{"@type":"ListItem","position":1,"name":"Portada","item":"https:\/\/www.cric-colombia.org\/portal\/"},{"@type":"ListItem","position":2,"name":"La Red de Derechos Humanos como proceso vivo"}]},{"@type":"WebSite","@id":"https:\/\/www.cric-colombia.org\/portal\/#website","url":"https:\/\/www.cric-colombia.org\/portal\/","name":"Consejo Regional Ind\u00edgena del Cauca - CRIC","description":"P\u00e1gina oficial del Consejo Regional Ind\u00edgena del Cauca, Colombia","publisher":{"@id":"https:\/\/www.cric-colombia.org\/portal\/#organization"},"potentialAction":[{"@type":"SearchAction","target":{"@type":"EntryPoint","urlTemplate":"https:\/\/www.cric-colombia.org\/portal\/?s={search_term_string}"},"query-input":"required name=search_term_string"}],"inLanguage":"es"},{"@type":"Organization","@id":"https:\/\/www.cric-colombia.org\/portal\/#organization","name":"Consejo Regional Ind\u00edgena del Cauca","url":"https:\/\/www.cric-colombia.org\/portal\/","logo":{"@type":"ImageObject","inLanguage":"es","@id":"https:\/\/www.cric-colombia.org\/portal\/#\/schema\/logo\/image\/","url":"https:\/\/www.cric-colombia.org\/portal\/wp-content\/uploads\/2015\/08\/logo_cric.jpg","contentUrl":"https:\/\/www.cric-colombia.org\/portal\/wp-content\/uploads\/2015\/08\/logo_cric.jpg","width":512,"height":512,"caption":"Consejo Regional Ind\u00edgena del Cauca"},"image":{"@id":"https:\/\/www.cric-colombia.org\/portal\/#\/schema\/logo\/image\/"},"sameAs":["https:\/\/www.facebook.com\/cric.colombia\/","https:\/\/twitter.com\/CRIC_Cauca"]},{"@type":"Person","@id":"https:\/\/www.cric-colombia.org\/portal\/#\/schema\/person\/ab3a3099267de33d55f74f34ba201931","name":"Comunicaciones CRIC","image":{"@type":"ImageObject","inLanguage":"es","@id":"https:\/\/www.cric-colombia.org\/portal\/#\/schema\/person\/image\/","url":"https:\/\/secure.gravatar.com\/avatar\/a8d1a6cfcb82a80d09dafefdcc3dcc8a?s=96&d=retro&r=g","contentUrl":"https:\/\/secure.gravatar.com\/avatar\/a8d1a6cfcb82a80d09dafefdcc3dcc8a?s=96&d=retro&r=g","caption":"Comunicaciones CRIC"},"url":"https:\/\/www.cric-colombia.org\/portal\/author\/comunicaciones\/"}]}},"jetpack_featured_media_url":"https:\/\/www.cric-colombia.org\/portal\/wp-content\/uploads\/2025\/04\/RED-DDHH4.jpg","_links":{"self":[{"href":"https:\/\/www.cric-colombia.org\/portal\/wp-json\/wp\/v2\/posts\/42252"}],"collection":[{"href":"https:\/\/www.cric-colombia.org\/portal\/wp-json\/wp\/v2\/posts"}],"about":[{"href":"https:\/\/www.cric-colombia.org\/portal\/wp-json\/wp\/v2\/types\/post"}],"author":[{"embeddable":true,"href":"https:\/\/www.cric-colombia.org\/portal\/wp-json\/wp\/v2\/users\/6"}],"replies":[{"embeddable":true,"href":"https:\/\/www.cric-colombia.org\/portal\/wp-json\/wp\/v2\/comments?post=42252"}],"version-history":[{"count":3,"href":"https:\/\/www.cric-colombia.org\/portal\/wp-json\/wp\/v2\/posts\/42252\/revisions"}],"predecessor-version":[{"id":42259,"href":"https:\/\/www.cric-colombia.org\/portal\/wp-json\/wp\/v2\/posts\/42252\/revisions\/42259"}],"wp:featuredmedia":[{"embeddable":true,"href":"https:\/\/www.cric-colombia.org\/portal\/wp-json\/wp\/v2\/media\/42257"}],"wp:attachment":[{"href":"https:\/\/www.cric-colombia.org\/portal\/wp-json\/wp\/v2\/media?parent=42252"}],"wp:term":[{"taxonomy":"category","embeddable":true,"href":"https:\/\/www.cric-colombia.org\/portal\/wp-json\/wp\/v2\/categories?post=42252"},{"taxonomy":"post_tag","embeddable":true,"href":"https:\/\/www.cric-colombia.org\/portal\/wp-json\/wp\/v2\/tags?post=42252"}],"curies":[{"name":"wp","href":"https:\/\/api.w.org\/{rel}","templated":true}]}}