{"id":42227,"date":"2025-04-12T10:54:48","date_gmt":"2025-04-12T15:54:48","guid":{"rendered":"https:\/\/www.cric-colombia.org\/portal\/?p=42227"},"modified":"2025-04-14T11:06:30","modified_gmt":"2025-04-14T16:06:30","slug":"respaldo-al-ejercicio-legitimo-de-nuestra-guardia-indigena-cric","status":"publish","type":"post","link":"https:\/\/www.cric-colombia.org\/portal\/respaldo-al-ejercicio-legitimo-de-nuestra-guardia-indigena-cric\/","title":{"rendered":"Respaldo al ejercicio leg\u00edtimo de la Guardia Ind\u00edgena CRIC"},"content":{"rendered":"<p style=\"font-weight: 400; text-align: center;\"><strong>RESPALDO AL EJERCICIO LEG\u00cdTIMO<br \/>\nDE LA GUARDIA IND\u00cdGENA<\/strong><\/p>\n<p style=\"font-weight: 400; text-align: justify;\">La Guardia Ind\u00edgena del Consejo Regional Ind\u00edgena del Cauca CRIC Nacional, como actores de paz, <strong>contin\u00faa su acci\u00f3n incansable en defensa de la vida y la armon\u00eda<\/strong> en nuestros territorios, <strong>pese a los constantes ataques,<\/strong> estigmatizaci\u00f3n y se\u00f1alamientos.<\/p>\n<p style=\"font-weight: 400; text-align: justify;\">Como Consejer\u00eda Mayor <strong>exaltamos y respaldamos<\/strong> la valiosa labor que realiza la Guardia Ind\u00edgena diariamente, fundamentada en el cuidado y el amor por la tierra, por la gente y por nuestra cultura como pueblos originarios, a trav\u00e9s del ejercicio de<strong> control territorial, recorridos, acciones pol\u00edticas, operativas, <\/strong>e incluso,<strong> pedag\u00f3gicas.<\/strong><\/p>\n<p style=\"font-weight: 400; text-align: justify;\">Nos enfrentamos a una agudizaci\u00f3n del ya sistem\u00e1tico e hist\u00f3rico exterminio f\u00edsico, cultural y espiritual de los pueblos, procesos y sectores hermanos. En medio de esta realidad, seguimos caminando &#8211; bajo la orientaci\u00f3n de nuestros esp\u00edritus mayores y la fuerza los ancestros representada en nuestros bastones &#8211; acciones mediante las cuales <strong>se han salvado vidas de comuneros ind\u00edgenas y compa\u00f1eros de otros or\u00edgenes \u00e9tnicos y sociales,<\/strong> <strong>recuperado ni\u00f1os, ni\u00f1as y j\u00f3venes v\u00edctimas de reclutamiento forzado,<\/strong> adem\u00e1s, se ha evitado el hurto de veh\u00edculos y otros bienes por grupos armados delincuenciales. Estas y otras acciones ratifican la importancia de nuestra labor, pues constituyen un aporte significativo al mejoramiento de las condiciones de vida y dignidad de las comunidades.<\/p>\n<p style=\"font-weight: 400; text-align: justify;\">En este sentido, <strong>invitamos a otros sectores y procesos sociales a nutrir la UNIDAD<\/strong> en pro de la defensa de la vida y el territorio, de manera conjunta, desde la comunicaci\u00f3n asertiva, la solidaridad y el respeto por las din\u00e1micas leg\u00edtimas que lideran nuestras comunidades para impedir el avance de las desarmon\u00edas asociadas al conflicto armado, pol\u00edtico y social que vivimos como pa\u00eds.<\/p>\n<p style=\"font-weight: 400; text-align: center;\"><strong>\u00a1CUENTEN CON NOSOTROS PARA LA PAZ,<br \/>\nNUNCA PARA LA GUERRA!<\/strong><\/p>\n<p style=\"font-weight: 400; text-align: center;\"><a href=\"https:\/\/www.cric-colombia.org\/portal\/wp-content\/uploads\/2025\/04\/PRONUNCIAMIENTO-GUARDIA-INDIGENA-RESPALDO.pdf\" class=\"pdfemb-viewer\" style=\"\" data-width=\"max\" data-height=\"max\" data-toolbar=\"both\" data-toolbar-fixed=\"off\">PRONUNCIAMIENTO GUARDIA INDIGENA RESPALDO<\/a><\/p>\n","protected":false},"excerpt":{"rendered":"<p>RESPALDO AL EJERCICIO LEG\u00cdTIMO DE LA GUARDIA IND\u00cdGENA La Guardia Ind\u00edgena del Consejo Regional Ind\u00edgena del Cauca CRIC Nacional, como actores de paz, contin\u00faa su acci\u00f3n incansable en defensa de la vida y la armon\u00eda en nuestros territorios, pese a los constantes ataques, estigmatizaci\u00f3n y se\u00f1alamientos. Como Consejer\u00eda Mayor exaltamos y respaldamos la valiosa labor <\/p>\n","protected":false},"author":6,"featured_media":36591,"comment_status":"open","ping_status":"open","sticky":false,"template":"","format":"standard","meta":{"footnotes":""},"categories":[19],"tags":[89,614,1202,453,245,782,91,169],"yoast_head":"<!-- This site is optimized with the Yoast SEO plugin v20.12 - https:\/\/yoast.com\/wordpress\/plugins\/seo\/ -->\n<title>Respaldo al ejercicio leg\u00edtimo de la Guardia Ind\u00edgena CRIC - Consejo Regional Ind\u00edgena del Cauca - CRIC<\/title>\n<meta name=\"robots\" content=\"index, follow, max-snippet:-1, max-image-preview:large, max-video-preview:-1\" \/>\n<link rel=\"canonical\" href=\"https:\/\/www.cric-colombia.org\/portal\/respaldo-al-ejercicio-legitimo-de-nuestra-guardia-indigena-cric\/\" \/>\n<meta property=\"og:locale\" content=\"es_ES\" \/>\n<meta property=\"og:type\" content=\"article\" \/>\n<meta property=\"og:title\" content=\"Respaldo al ejercicio leg\u00edtimo de la Guardia Ind\u00edgena CRIC - Consejo Regional Ind\u00edgena del Cauca - CRIC\" \/>\n<meta property=\"og:description\" content=\"RESPALDO AL EJERCICIO LEG\u00cdTIMO DE LA GUARDIA IND\u00cdGENA La Guardia Ind\u00edgena del Consejo Regional Ind\u00edgena del Cauca CRIC Nacional, como actores de paz, contin\u00faa su acci\u00f3n incansable en defensa de la vida y la armon\u00eda en nuestros territorios, pese a los constantes ataques, estigmatizaci\u00f3n y se\u00f1alamientos. Como Consejer\u00eda Mayor exaltamos y respaldamos la valiosa labor\" \/>\n<meta property=\"og:url\" content=\"https:\/\/www.cric-colombia.org\/portal\/respaldo-al-ejercicio-legitimo-de-nuestra-guardia-indigena-cric\/\" \/>\n<meta property=\"og:site_name\" content=\"Consejo Regional Ind\u00edgena del Cauca - CRIC\" \/>\n<meta property=\"article:publisher\" content=\"https:\/\/www.facebook.com\/cric.colombia\/\" \/>\n<meta property=\"article:published_time\" content=\"2025-04-12T15:54:48+00:00\" \/>\n<meta property=\"article:modified_time\" content=\"2025-04-14T16:06:30+00:00\" \/>\n<meta property=\"og:image\" content=\"https:\/\/www.cric-colombia.org\/portal\/wp-content\/uploads\/2023\/02\/cropped-logo-cric-52-a\u00f1os-4-principios.png\" \/>\n\t<meta property=\"og:image:width\" content=\"512\" \/>\n\t<meta property=\"og:image:height\" content=\"512\" \/>\n\t<meta property=\"og:image:type\" content=\"image\/png\" \/>\n<meta name=\"author\" content=\"Comunicaciones CRIC\" \/>\n<meta name=\"twitter:card\" content=\"summary_large_image\" \/>\n<meta name=\"twitter:creator\" content=\"@CRIC_Cauca\" \/>\n<meta name=\"twitter:site\" content=\"@CRIC_Cauca\" \/>\n<meta name=\"twitter:label1\" content=\"Escrito por\" \/>\n\t<meta name=\"twitter:data1\" content=\"Comunicaciones CRIC\" \/>\n\t<meta name=\"twitter:label2\" content=\"Tiempo de lectura\" \/>\n\t<meta name=\"twitter:data2\" content=\"2 minutos\" \/>\n<script type=\"application\/ld+json\" class=\"yoast-schema-graph\">{\"@context\":\"https:\/\/schema.org\",\"@graph\":[{\"@type\":\"Article\",\"@id\":\"https:\/\/www.cric-colombia.org\/portal\/respaldo-al-ejercicio-legitimo-de-nuestra-guardia-indigena-cric\/#article\",\"isPartOf\":{\"@id\":\"https:\/\/www.cric-colombia.org\/portal\/respaldo-al-ejercicio-legitimo-de-nuestra-guardia-indigena-cric\/\"},\"author\":{\"name\":\"Comunicaciones CRIC\",\"@id\":\"https:\/\/www.cric-colombia.org\/portal\/#\/schema\/person\/ab3a3099267de33d55f74f34ba201931\"},\"headline\":\"Respaldo al ejercicio leg\u00edtimo de la Guardia Ind\u00edgena CRIC\",\"datePublished\":\"2025-04-12T15:54:48+00:00\",\"dateModified\":\"2025-04-14T16:06:30+00:00\",\"mainEntityOfPage\":{\"@id\":\"https:\/\/www.cric-colombia.org\/portal\/respaldo-al-ejercicio-legitimo-de-nuestra-guardia-indigena-cric\/\"},\"wordCount\":347,\"commentCount\":0,\"publisher\":{\"@id\":\"https:\/\/www.cric-colombia.org\/portal\/#organization\"},\"keywords\":[\"cauca\",\"control territorial\",\"defensa\",\"Guardia\",\"Paz\",\"Popayan\",\"unidad\",\"Vida\"],\"articleSection\":[\"Comunicados de prensa\"],\"inLanguage\":\"es\",\"potentialAction\":[{\"@type\":\"CommentAction\",\"name\":\"Comment\",\"target\":[\"https:\/\/www.cric-colombia.org\/portal\/respaldo-al-ejercicio-legitimo-de-nuestra-guardia-indigena-cric\/#respond\"]}]},{\"@type\":\"WebPage\",\"@id\":\"https:\/\/www.cric-colombia.org\/portal\/respaldo-al-ejercicio-legitimo-de-nuestra-guardia-indigena-cric\/\",\"url\":\"https:\/\/www.cric-colombia.org\/portal\/respaldo-al-ejercicio-legitimo-de-nuestra-guardia-indigena-cric\/\",\"name\":\"Respaldo al ejercicio leg\u00edtimo de la Guardia Ind\u00edgena CRIC - Consejo Regional Ind\u00edgena del Cauca - CRIC\",\"isPartOf\":{\"@id\":\"https:\/\/www.cric-colombia.org\/portal\/#website\"},\"datePublished\":\"2025-04-12T15:54:48+00:00\",\"dateModified\":\"2025-04-14T16:06:30+00:00\",\"breadcrumb\":{\"@id\":\"https:\/\/www.cric-colombia.org\/portal\/respaldo-al-ejercicio-legitimo-de-nuestra-guardia-indigena-cric\/#breadcrumb\"},\"inLanguage\":\"es\",\"potentialAction\":[{\"@type\":\"ReadAction\",\"target\":[\"https:\/\/www.cric-colombia.org\/portal\/respaldo-al-ejercicio-legitimo-de-nuestra-guardia-indigena-cric\/\"]}]},{\"@type\":\"BreadcrumbList\",\"@id\":\"https:\/\/www.cric-colombia.org\/portal\/respaldo-al-ejercicio-legitimo-de-nuestra-guardia-indigena-cric\/#breadcrumb\",\"itemListElement\":[{\"@type\":\"ListItem\",\"position\":1,\"name\":\"Portada\",\"item\":\"https:\/\/www.cric-colombia.org\/portal\/\"},{\"@type\":\"ListItem\",\"position\":2,\"name\":\"Respaldo al ejercicio leg\u00edtimo de la Guardia Ind\u00edgena CRIC\"}]},{\"@type\":\"WebSite\",\"@id\":\"https:\/\/www.cric-colombia.org\/portal\/#website\",\"url\":\"https:\/\/www.cric-colombia.org\/portal\/\",\"name\":\"Consejo Regional Ind\u00edgena del Cauca - CRIC\",\"description\":\"P\u00e1gina oficial del Consejo Regional Ind\u00edgena del Cauca, Colombia\",\"publisher\":{\"@id\":\"https:\/\/www.cric-colombia.org\/portal\/#organization\"},\"potentialAction\":[{\"@type\":\"SearchAction\",\"target\":{\"@type\":\"EntryPoint\",\"urlTemplate\":\"https:\/\/www.cric-colombia.org\/portal\/?s={search_term_string}\"},\"query-input\":\"required name=search_term_string\"}],\"inLanguage\":\"es\"},{\"@type\":\"Organization\",\"@id\":\"https:\/\/www.cric-colombia.org\/portal\/#organization\",\"name\":\"Consejo Regional Ind\u00edgena del Cauca\",\"url\":\"https:\/\/www.cric-colombia.org\/portal\/\",\"logo\":{\"@type\":\"ImageObject\",\"inLanguage\":\"es\",\"@id\":\"https:\/\/www.cric-colombia.org\/portal\/#\/schema\/logo\/image\/\",\"url\":\"https:\/\/www.cric-colombia.org\/portal\/wp-content\/uploads\/2015\/08\/logo_cric.jpg\",\"contentUrl\":\"https:\/\/www.cric-colombia.org\/portal\/wp-content\/uploads\/2015\/08\/logo_cric.jpg\",\"width\":512,\"height\":512,\"caption\":\"Consejo Regional Ind\u00edgena del Cauca\"},\"image\":{\"@id\":\"https:\/\/www.cric-colombia.org\/portal\/#\/schema\/logo\/image\/\"},\"sameAs\":[\"https:\/\/www.facebook.com\/cric.colombia\/\",\"https:\/\/twitter.com\/CRIC_Cauca\"]},{\"@type\":\"Person\",\"@id\":\"https:\/\/www.cric-colombia.org\/portal\/#\/schema\/person\/ab3a3099267de33d55f74f34ba201931\",\"name\":\"Comunicaciones CRIC\",\"image\":{\"@type\":\"ImageObject\",\"inLanguage\":\"es\",\"@id\":\"https:\/\/www.cric-colombia.org\/portal\/#\/schema\/person\/image\/\",\"url\":\"https:\/\/secure.gravatar.com\/avatar\/a8d1a6cfcb82a80d09dafefdcc3dcc8a?s=96&d=retro&r=g\",\"contentUrl\":\"https:\/\/secure.gravatar.com\/avatar\/a8d1a6cfcb82a80d09dafefdcc3dcc8a?s=96&d=retro&r=g\",\"caption\":\"Comunicaciones CRIC\"},\"url\":\"https:\/\/www.cric-colombia.org\/portal\/author\/comunicaciones\/\"}]}<\/script>\n<!-- \/ Yoast SEO plugin. -->","yoast_head_json":{"title":"Respaldo al ejercicio leg\u00edtimo de la Guardia Ind\u00edgena CRIC - Consejo Regional Ind\u00edgena del Cauca - CRIC","robots":{"index":"index","follow":"follow","max-snippet":"max-snippet:-1","max-image-preview":"max-image-preview:large","max-video-preview":"max-video-preview:-1"},"canonical":"https:\/\/www.cric-colombia.org\/portal\/respaldo-al-ejercicio-legitimo-de-nuestra-guardia-indigena-cric\/","og_locale":"es_ES","og_type":"article","og_title":"Respaldo al ejercicio leg\u00edtimo de la Guardia Ind\u00edgena CRIC - Consejo Regional Ind\u00edgena del Cauca - CRIC","og_description":"RESPALDO AL EJERCICIO LEG\u00cdTIMO DE LA GUARDIA IND\u00cdGENA La Guardia Ind\u00edgena del Consejo Regional Ind\u00edgena del Cauca CRIC Nacional, como actores de paz, contin\u00faa su acci\u00f3n incansable en defensa de la vida y la armon\u00eda en nuestros territorios, pese a los constantes ataques, estigmatizaci\u00f3n y se\u00f1alamientos. Como Consejer\u00eda Mayor exaltamos y respaldamos la valiosa labor","og_url":"https:\/\/www.cric-colombia.org\/portal\/respaldo-al-ejercicio-legitimo-de-nuestra-guardia-indigena-cric\/","og_site_name":"Consejo Regional Ind\u00edgena del Cauca - CRIC","article_publisher":"https:\/\/www.facebook.com\/cric.colombia\/","article_published_time":"2025-04-12T15:54:48+00:00","article_modified_time":"2025-04-14T16:06:30+00:00","og_image":[{"width":512,"height":512,"url":"https:\/\/www.cric-colombia.org\/portal\/wp-content\/uploads\/2023\/02\/cropped-logo-cric-52-a\u00f1os-4-principios.png","type":"image\/png"}],"author":"Comunicaciones CRIC","twitter_card":"summary_large_image","twitter_creator":"@CRIC_Cauca","twitter_site":"@CRIC_Cauca","twitter_misc":{"Escrito por":"Comunicaciones CRIC","Tiempo de lectura":"2 minutos"},"schema":{"@context":"https:\/\/schema.org","@graph":[{"@type":"Article","@id":"https:\/\/www.cric-colombia.org\/portal\/respaldo-al-ejercicio-legitimo-de-nuestra-guardia-indigena-cric\/#article","isPartOf":{"@id":"https:\/\/www.cric-colombia.org\/portal\/respaldo-al-ejercicio-legitimo-de-nuestra-guardia-indigena-cric\/"},"author":{"name":"Comunicaciones CRIC","@id":"https:\/\/www.cric-colombia.org\/portal\/#\/schema\/person\/ab3a3099267de33d55f74f34ba201931"},"headline":"Respaldo al ejercicio leg\u00edtimo de la Guardia Ind\u00edgena CRIC","datePublished":"2025-04-12T15:54:48+00:00","dateModified":"2025-04-14T16:06:30+00:00","mainEntityOfPage":{"@id":"https:\/\/www.cric-colombia.org\/portal\/respaldo-al-ejercicio-legitimo-de-nuestra-guardia-indigena-cric\/"},"wordCount":347,"commentCount":0,"publisher":{"@id":"https:\/\/www.cric-colombia.org\/portal\/#organization"},"keywords":["cauca","control territorial","defensa","Guardia","Paz","Popayan","unidad","Vida"],"articleSection":["Comunicados de prensa"],"inLanguage":"es","potentialAction":[{"@type":"CommentAction","name":"Comment","target":["https:\/\/www.cric-colombia.org\/portal\/respaldo-al-ejercicio-legitimo-de-nuestra-guardia-indigena-cric\/#respond"]}]},{"@type":"WebPage","@id":"https:\/\/www.cric-colombia.org\/portal\/respaldo-al-ejercicio-legitimo-de-nuestra-guardia-indigena-cric\/","url":"https:\/\/www.cric-colombia.org\/portal\/respaldo-al-ejercicio-legitimo-de-nuestra-guardia-indigena-cric\/","name":"Respaldo al ejercicio leg\u00edtimo de la Guardia Ind\u00edgena CRIC - Consejo Regional Ind\u00edgena del Cauca - CRIC","isPartOf":{"@id":"https:\/\/www.cric-colombia.org\/portal\/#website"},"datePublished":"2025-04-12T15:54:48+00:00","dateModified":"2025-04-14T16:06:30+00:00","breadcrumb":{"@id":"https:\/\/www.cric-colombia.org\/portal\/respaldo-al-ejercicio-legitimo-de-nuestra-guardia-indigena-cric\/#breadcrumb"},"inLanguage":"es","potentialAction":[{"@type":"ReadAction","target":["https:\/\/www.cric-colombia.org\/portal\/respaldo-al-ejercicio-legitimo-de-nuestra-guardia-indigena-cric\/"]}]},{"@type":"BreadcrumbList","@id":"https:\/\/www.cric-colombia.org\/portal\/respaldo-al-ejercicio-legitimo-de-nuestra-guardia-indigena-cric\/#breadcrumb","itemListElement":[{"@type":"ListItem","position":1,"name":"Portada","item":"https:\/\/www.cric-colombia.org\/portal\/"},{"@type":"ListItem","position":2,"name":"Respaldo al ejercicio leg\u00edtimo de la Guardia Ind\u00edgena CRIC"}]},{"@type":"WebSite","@id":"https:\/\/www.cric-colombia.org\/portal\/#website","url":"https:\/\/www.cric-colombia.org\/portal\/","name":"Consejo Regional Ind\u00edgena del Cauca - CRIC","description":"P\u00e1gina oficial del Consejo Regional Ind\u00edgena del Cauca, Colombia","publisher":{"@id":"https:\/\/www.cric-colombia.org\/portal\/#organization"},"potentialAction":[{"@type":"SearchAction","target":{"@type":"EntryPoint","urlTemplate":"https:\/\/www.cric-colombia.org\/portal\/?s={search_term_string}"},"query-input":"required name=search_term_string"}],"inLanguage":"es"},{"@type":"Organization","@id":"https:\/\/www.cric-colombia.org\/portal\/#organization","name":"Consejo Regional Ind\u00edgena del Cauca","url":"https:\/\/www.cric-colombia.org\/portal\/","logo":{"@type":"ImageObject","inLanguage":"es","@id":"https:\/\/www.cric-colombia.org\/portal\/#\/schema\/logo\/image\/","url":"https:\/\/www.cric-colombia.org\/portal\/wp-content\/uploads\/2015\/08\/logo_cric.jpg","contentUrl":"https:\/\/www.cric-colombia.org\/portal\/wp-content\/uploads\/2015\/08\/logo_cric.jpg","width":512,"height":512,"caption":"Consejo Regional Ind\u00edgena del Cauca"},"image":{"@id":"https:\/\/www.cric-colombia.org\/portal\/#\/schema\/logo\/image\/"},"sameAs":["https:\/\/www.facebook.com\/cric.colombia\/","https:\/\/twitter.com\/CRIC_Cauca"]},{"@type":"Person","@id":"https:\/\/www.cric-colombia.org\/portal\/#\/schema\/person\/ab3a3099267de33d55f74f34ba201931","name":"Comunicaciones CRIC","image":{"@type":"ImageObject","inLanguage":"es","@id":"https:\/\/www.cric-colombia.org\/portal\/#\/schema\/person\/image\/","url":"https:\/\/secure.gravatar.com\/avatar\/a8d1a6cfcb82a80d09dafefdcc3dcc8a?s=96&d=retro&r=g","contentUrl":"https:\/\/secure.gravatar.com\/avatar\/a8d1a6cfcb82a80d09dafefdcc3dcc8a?s=96&d=retro&r=g","caption":"Comunicaciones CRIC"},"url":"https:\/\/www.cric-colombia.org\/portal\/author\/comunicaciones\/"}]}},"jetpack_featured_media_url":"https:\/\/www.cric-colombia.org\/portal\/wp-content\/uploads\/2023\/02\/cropped-logo-cric-52-a\u00f1os-4-principios.png","_links":{"self":[{"href":"https:\/\/www.cric-colombia.org\/portal\/wp-json\/wp\/v2\/posts\/42227"}],"collection":[{"href":"https:\/\/www.cric-colombia.org\/portal\/wp-json\/wp\/v2\/posts"}],"about":[{"href":"https:\/\/www.cric-colombia.org\/portal\/wp-json\/wp\/v2\/types\/post"}],"author":[{"embeddable":true,"href":"https:\/\/www.cric-colombia.org\/portal\/wp-json\/wp\/v2\/users\/6"}],"replies":[{"embeddable":true,"href":"https:\/\/www.cric-colombia.org\/portal\/wp-json\/wp\/v2\/comments?post=42227"}],"version-history":[{"count":8,"href":"https:\/\/www.cric-colombia.org\/portal\/wp-json\/wp\/v2\/posts\/42227\/revisions"}],"predecessor-version":[{"id":42233,"href":"https:\/\/www.cric-colombia.org\/portal\/wp-json\/wp\/v2\/posts\/42227\/revisions\/42233"}],"wp:featuredmedia":[{"embeddable":true,"href":"https:\/\/www.cric-colombia.org\/portal\/wp-json\/wp\/v2\/media\/36591"}],"wp:attachment":[{"href":"https:\/\/www.cric-colombia.org\/portal\/wp-json\/wp\/v2\/media?parent=42227"}],"wp:term":[{"taxonomy":"category","embeddable":true,"href":"https:\/\/www.cric-colombia.org\/portal\/wp-json\/wp\/v2\/categories?post=42227"},{"taxonomy":"post_tag","embeddable":true,"href":"https:\/\/www.cric-colombia.org\/portal\/wp-json\/wp\/v2\/tags?post=42227"}],"curies":[{"name":"wp","href":"https:\/\/api.w.org\/{rel}","templated":true}]}}