{"id":42211,"date":"2025-04-11T18:38:24","date_gmt":"2025-04-11T23:38:24","guid":{"rendered":"https:\/\/www.cric-colombia.org\/portal\/?p=42211"},"modified":"2025-04-11T18:48:11","modified_gmt":"2025-04-11T23:48:11","slug":"informativo-regional-amcic-cric-autoridades-denuncian-intento-de-rapto-de-ninos-una-escuela-rural-en-honduras","status":"publish","type":"post","link":"https:\/\/www.cric-colombia.org\/portal\/informativo-regional-amcic-cric-autoridades-denuncian-intento-de-rapto-de-ninos-una-escuela-rural-en-honduras\/","title":{"rendered":"Informativo Regional AMCIC &#8211; CRIC: Autoridades denuncian intento de rapto de ni\u00f1os una escuela rural en Honduras"},"content":{"rendered":"<p style=\"text-align: justify;\"><strong>Situaci\u00f3n del territorio de Rioblanco, Sotar\u00e1<\/strong><br \/>\nAutoridad del pueblo Yanacona del Resguardo Ind\u00edgena de Rioblanco, municipio de Sotar\u00e1, Cauca, habla sobre las acciones instituciones, para acondicionamientos de las v\u00edas de comunicaciones terrestre, con las v\u00edas que conducen al macizo colombiano. El reporte desde el colectivo radia comunitaria de Rioblanco Sotar\u00e1<span class=\"Apple-converted-space\">\u00a0<\/span><\/p>\n<p><strong>Proceso de formaci\u00f3n en red de Derechos Humanos<\/strong><br \/>\nUna iniciativa desde el programa de Defensa de la Vida y los Derechos Humanos del CRIC. El reporte con Tatiana Camargo comunicadora de DDHH.<span class=\"Apple-converted-space\">\u00a0<\/span><\/p>\n<p style=\"text-align: justify;\"><strong>El Pueblo Kokonuko fortalece sus procesos de arte y tejidos\u00a0<\/strong><br \/>\nEl Pueblo Kokonuko fortalece el proceso el arte y<span class=\"Apple-converted-space\">\u00a0 <\/span>tejidos en lana de ovejo con las mayoras, j\u00f3venes y semillas de vida para seguir fortaleciendo la cultura ancestral con el acompa\u00f1amiento de las autoridades. El reporte desde radio Renacer Kokonuko.<\/p>\n<p style=\"text-align: justify;\"><strong>Comit\u00e9 municipal de discapacidad en Jambal\u00f3<\/strong><br \/>\nEste se realiz\u00f3 en las instalaciones de la Alcald\u00eda Municipal de Jambal\u00f3, el d\u00eda 10 de abril del presente a\u00f1o el reporte desde voces de Jambal\u00f3.<\/p>\n<p style=\"text-align: justify;\"><strong>Grupos armados generan desarmon\u00eda territorial en el oriente caucano<\/strong><br \/>\nDesde las 09:30 a.m. del 11 de abril de 2025, se presentaron confrontaciones entre el ELN y Disidencias de las FARC, grupos armados que vienen haciendo presencia en la zona atacando los municipios de Totor\u00f3 y Silvia.<\/p>\n<p><strong>Intercambio de experiencias sobre los procesos de comunicaci\u00f3n propia se llev\u00f3 a cabo en el territorio de Kite Kiwe \u2013 Timb\u00edo Cauca.<\/strong><\/p>\n<p style=\"text-align: justify;\">El Tejido de Comunicaci\u00f3n de ACIN Cxhab Wala Kiwe, visit\u00f3 el territorio de Kite Kiwe en Timb\u00edo Cauca, con el fin de intercambiar experiencias con los comuneros y comuneras sobre los procesos de comunicaci\u00f3n, el cual, en el territorio de Kite Kiwe se viene fortaleciendo desde los ni\u00f1os, ni\u00f1as y jovenes.<\/p>\n<p style=\"text-align: justify;\"><strong>Saberes culturales en el oriente caucano<\/strong><br \/>\nDesde el territorio del oriente del caucano, mayores hablan sobre la importancia de las expresiones culturales. Nuestro reportero de la organizaci\u00f3n se acompa\u00f1a de un mayor para hablar del tema.<\/p>\n<p style=\"text-align: justify;\"><strong>Autoridades denuncian intento de rapto de ni\u00f1os una escuela rural en Honduras<\/strong><br \/>\nDesde el territorio ind\u00edgena de Honduras en el municipio de Morales, las autoridades rechazan de manera contundente los hechos de desarmon\u00eda presentados en la comunidad de Chorrera Blanca, donde el pasado martes 08 de abril cuatro menores de edad, que adelantan sus estudios en el centro educativo de la vereda fueron abordados por personas desconocidas en un intento de secuestro mientras se desplazaban a sus viviendas. Frente a esta situaci\u00f3n la autoridad tradicional ha hecho un llamado a los organismos de derechos humanos y entidades gubernamentales para la debida atenci\u00f3n y garant\u00edas en el territorio, mientras la comunidad, guardia ind\u00edgena, Consejer\u00eda zonal y autoridades han activado mecanismos de cuidado y protecci\u00f3n a los menores que hoy est\u00e1n siendo v\u00edctimas de reclutamiento por grupos armados presentes en la zona. El gobernador de la autoridad ind\u00edgena del territorio de Honduras Uriel Chocu\u00e9 se pronunci\u00f3 al respecto para el informativo Red AMCIC.<\/p>\n<p style=\"text-align: justify;\"><strong>Avanzan los procesos de educaci\u00f3n propia en P\u00e1ez<\/strong><br \/>\nLa Asociaci\u00f3n de Autoridades Ancestrales Territoriales Nasa \u00c7xh\u00e3\u00e7xha mediante<span class=\"Apple-converted-space\"> \u00a0<\/span>los \u00c3h Puyaksa, Pu\u2019yaksa, Eethegu y la coordinaci\u00f3n colegiada del Puuz Ya\u2019ja \u00a0Piyayuwe \u2013 Tejido de Educaci\u00f3n \u00a0en concordancia con los procesos de formaci\u00f3n \u00a0comunitaria en el marco del Sistema Educativo Ind\u00edgena Propio SEIP y en respuesta \u00a0a la expectativa que existe en continuar fomentando espacios para la formaci\u00f3n a dinamizadores comunitarios; reitera la participaci\u00f3n al encuentro de la l\u00ednea de formaci\u00f3n, proyectada para los d\u00edas 14, 15 y 16 de abril del presente a\u00f1o.<\/p>\n<p style=\"text-align: justify;\">En el mismo camino, queremos compartir experiencias vivenciales que est\u00e1n<span class=\"Apple-converted-space\"> \u00a0<\/span>aportando a la construcci\u00f3n de los proyectos educativos comunitarios PEC, tejidos de sabidur\u00eda y conocimientos enmarcados en los planes de vida y el SEIP, que contemplen diferentes alternativas de ense\u00f1anza y aprendizaje en la transformaci\u00f3n<span class=\"Apple-converted-space\">\u00a0<\/span>de los establecimientos educativos de los diferentes territorios. Desde el colectivo Tierradentro, Javier Liz.<\/p>\n<!--[if lt IE 9]><script>document.createElement('audio');<\/script><![endif]-->\n<audio class=\"wp-audio-shortcode\" id=\"audio-42211-1\" preload=\"none\" style=\"width: 100%;\" controls=\"controls\"><source type=\"audio\/mpeg\" src=\"https:\/\/www.cric-colombia.org\/portal\/wp-content\/uploads\/2025\/04\/Informativo-RED-AMCIC-CRIC-11-DE-ABRIL-2025.mp3?_=1\" \/><a href=\"https:\/\/www.cric-colombia.org\/portal\/wp-content\/uploads\/2025\/04\/Informativo-RED-AMCIC-CRIC-11-DE-ABRIL-2025.mp3\">https:\/\/www.cric-colombia.org\/portal\/wp-content\/uploads\/2025\/04\/Informativo-RED-AMCIC-CRIC-11-DE-ABRIL-2025.mp3<\/a><\/audio>\n","protected":false},"excerpt":{"rendered":"<p>Situaci\u00f3n del territorio de Rioblanco, Sotar\u00e1 Autoridad del pueblo Yanacona del Resguardo Ind\u00edgena de Rioblanco, municipio de Sotar\u00e1, Cauca, habla sobre las acciones instituciones, para acondicionamientos de las v\u00edas de comunicaciones terrestre, con las v\u00edas que conducen al macizo colombiano. El reporte desde el colectivo radia comunitaria de Rioblanco Sotar\u00e1\u00a0 Proceso de formaci\u00f3n en red <\/p>\n","protected":false},"author":6,"featured_media":39554,"comment_status":"open","ping_status":"open","sticky":false,"template":"","format":"standard","meta":{"footnotes":""},"categories":[3,77,74],"tags":[89,253,453,1176,252,290,651],"yoast_head":"<!-- This site is optimized with the Yoast SEO plugin v20.12 - https:\/\/yoast.com\/wordpress\/plugins\/seo\/ -->\n<title>Informativo Regional AMCIC - CRIC: Autoridades denuncian intento de rapto de ni\u00f1os una escuela rural en Honduras - Consejo Regional Ind\u00edgena del Cauca - CRIC<\/title>\n<meta name=\"robots\" content=\"index, follow, max-snippet:-1, max-image-preview:large, max-video-preview:-1\" \/>\n<link rel=\"canonical\" href=\"https:\/\/www.cric-colombia.org\/portal\/informativo-regional-amcic-cric-autoridades-denuncian-intento-de-rapto-de-ninos-una-escuela-rural-en-honduras\/\" \/>\n<meta property=\"og:locale\" content=\"es_ES\" \/>\n<meta property=\"og:type\" content=\"article\" \/>\n<meta property=\"og:title\" content=\"Informativo Regional AMCIC - CRIC: Autoridades denuncian intento de rapto de ni\u00f1os una escuela rural en Honduras - Consejo Regional Ind\u00edgena del Cauca - CRIC\" \/>\n<meta property=\"og:description\" content=\"Situaci\u00f3n del territorio de Rioblanco, Sotar\u00e1 Autoridad del pueblo Yanacona del Resguardo Ind\u00edgena de Rioblanco, municipio de Sotar\u00e1, Cauca, habla sobre las acciones instituciones, para acondicionamientos de las v\u00edas de comunicaciones terrestre, con las v\u00edas que conducen al macizo colombiano. El reporte desde el colectivo radia comunitaria de Rioblanco Sotar\u00e1\u00a0 Proceso de formaci\u00f3n en red\" \/>\n<meta property=\"og:url\" content=\"https:\/\/www.cric-colombia.org\/portal\/informativo-regional-amcic-cric-autoridades-denuncian-intento-de-rapto-de-ninos-una-escuela-rural-en-honduras\/\" \/>\n<meta property=\"og:site_name\" content=\"Consejo Regional Ind\u00edgena del Cauca - CRIC\" \/>\n<meta property=\"article:publisher\" content=\"https:\/\/www.facebook.com\/cric.colombia\/\" \/>\n<meta property=\"article:published_time\" content=\"2025-04-11T23:38:24+00:00\" \/>\n<meta property=\"article:modified_time\" content=\"2025-04-11T23:48:11+00:00\" \/>\n<meta property=\"og:image\" content=\"https:\/\/www.cric-colombia.org\/portal\/wp-content\/uploads\/2024\/04\/LOGO-COMUNICACIONES-CRIC-AMCIC-696x347-1.jpg\" \/>\n\t<meta property=\"og:image:width\" content=\"696\" \/>\n\t<meta property=\"og:image:height\" content=\"347\" \/>\n\t<meta property=\"og:image:type\" content=\"image\/jpeg\" \/>\n<meta name=\"author\" content=\"Comunicaciones CRIC\" \/>\n<meta name=\"twitter:card\" content=\"summary_large_image\" \/>\n<meta name=\"twitter:creator\" content=\"@CRIC_Cauca\" \/>\n<meta name=\"twitter:site\" content=\"@CRIC_Cauca\" \/>\n<meta name=\"twitter:label1\" content=\"Escrito por\" \/>\n\t<meta name=\"twitter:data1\" content=\"Comunicaciones CRIC\" \/>\n\t<meta name=\"twitter:label2\" content=\"Tiempo de lectura\" \/>\n\t<meta name=\"twitter:data2\" content=\"3 minutos\" \/>\n<script type=\"application\/ld+json\" class=\"yoast-schema-graph\">{\"@context\":\"https:\/\/schema.org\",\"@graph\":[{\"@type\":\"Article\",\"@id\":\"https:\/\/www.cric-colombia.org\/portal\/informativo-regional-amcic-cric-autoridades-denuncian-intento-de-rapto-de-ninos-una-escuela-rural-en-honduras\/#article\",\"isPartOf\":{\"@id\":\"https:\/\/www.cric-colombia.org\/portal\/informativo-regional-amcic-cric-autoridades-denuncian-intento-de-rapto-de-ninos-una-escuela-rural-en-honduras\/\"},\"author\":{\"name\":\"Comunicaciones CRIC\",\"@id\":\"https:\/\/www.cric-colombia.org\/portal\/#\/schema\/person\/ab3a3099267de33d55f74f34ba201931\"},\"headline\":\"Informativo Regional AMCIC &#8211; CRIC: Autoridades denuncian intento de rapto de ni\u00f1os una escuela rural en Honduras\",\"datePublished\":\"2025-04-11T23:38:24+00:00\",\"dateModified\":\"2025-04-11T23:48:11+00:00\",\"mainEntityOfPage\":{\"@id\":\"https:\/\/www.cric-colombia.org\/portal\/informativo-regional-amcic-cric-autoridades-denuncian-intento-de-rapto-de-ninos-una-escuela-rural-en-honduras\/\"},\"wordCount\":706,\"commentCount\":0,\"publisher\":{\"@id\":\"https:\/\/www.cric-colombia.org\/portal\/#organization\"},\"keywords\":[\"cauca\",\"Educacion\",\"Guardia\",\"informaci\u00f3n\",\"Morales\",\"Noticias\",\"violencia\"],\"articleSection\":[\"Actualidad Ind\u00edgena del Cauca\",\"Audios\",\"Multimedia\"],\"inLanguage\":\"es\",\"potentialAction\":[{\"@type\":\"CommentAction\",\"name\":\"Comment\",\"target\":[\"https:\/\/www.cric-colombia.org\/portal\/informativo-regional-amcic-cric-autoridades-denuncian-intento-de-rapto-de-ninos-una-escuela-rural-en-honduras\/#respond\"]}]},{\"@type\":\"WebPage\",\"@id\":\"https:\/\/www.cric-colombia.org\/portal\/informativo-regional-amcic-cric-autoridades-denuncian-intento-de-rapto-de-ninos-una-escuela-rural-en-honduras\/\",\"url\":\"https:\/\/www.cric-colombia.org\/portal\/informativo-regional-amcic-cric-autoridades-denuncian-intento-de-rapto-de-ninos-una-escuela-rural-en-honduras\/\",\"name\":\"Informativo Regional AMCIC - CRIC: Autoridades denuncian intento de rapto de ni\u00f1os una escuela rural en Honduras - Consejo Regional Ind\u00edgena del Cauca - CRIC\",\"isPartOf\":{\"@id\":\"https:\/\/www.cric-colombia.org\/portal\/#website\"},\"datePublished\":\"2025-04-11T23:38:24+00:00\",\"dateModified\":\"2025-04-11T23:48:11+00:00\",\"breadcrumb\":{\"@id\":\"https:\/\/www.cric-colombia.org\/portal\/informativo-regional-amcic-cric-autoridades-denuncian-intento-de-rapto-de-ninos-una-escuela-rural-en-honduras\/#breadcrumb\"},\"inLanguage\":\"es\",\"potentialAction\":[{\"@type\":\"ReadAction\",\"target\":[\"https:\/\/www.cric-colombia.org\/portal\/informativo-regional-amcic-cric-autoridades-denuncian-intento-de-rapto-de-ninos-una-escuela-rural-en-honduras\/\"]}]},{\"@type\":\"BreadcrumbList\",\"@id\":\"https:\/\/www.cric-colombia.org\/portal\/informativo-regional-amcic-cric-autoridades-denuncian-intento-de-rapto-de-ninos-una-escuela-rural-en-honduras\/#breadcrumb\",\"itemListElement\":[{\"@type\":\"ListItem\",\"position\":1,\"name\":\"Portada\",\"item\":\"https:\/\/www.cric-colombia.org\/portal\/\"},{\"@type\":\"ListItem\",\"position\":2,\"name\":\"Informativo Regional AMCIC &#8211; CRIC: Autoridades denuncian intento de rapto de ni\u00f1os una escuela rural en Honduras\"}]},{\"@type\":\"WebSite\",\"@id\":\"https:\/\/www.cric-colombia.org\/portal\/#website\",\"url\":\"https:\/\/www.cric-colombia.org\/portal\/\",\"name\":\"Consejo Regional Ind\u00edgena del Cauca - CRIC\",\"description\":\"P\u00e1gina oficial del Consejo Regional Ind\u00edgena del Cauca, Colombia\",\"publisher\":{\"@id\":\"https:\/\/www.cric-colombia.org\/portal\/#organization\"},\"potentialAction\":[{\"@type\":\"SearchAction\",\"target\":{\"@type\":\"EntryPoint\",\"urlTemplate\":\"https:\/\/www.cric-colombia.org\/portal\/?s={search_term_string}\"},\"query-input\":\"required name=search_term_string\"}],\"inLanguage\":\"es\"},{\"@type\":\"Organization\",\"@id\":\"https:\/\/www.cric-colombia.org\/portal\/#organization\",\"name\":\"Consejo Regional Ind\u00edgena del Cauca\",\"url\":\"https:\/\/www.cric-colombia.org\/portal\/\",\"logo\":{\"@type\":\"ImageObject\",\"inLanguage\":\"es\",\"@id\":\"https:\/\/www.cric-colombia.org\/portal\/#\/schema\/logo\/image\/\",\"url\":\"https:\/\/www.cric-colombia.org\/portal\/wp-content\/uploads\/2015\/08\/logo_cric.jpg\",\"contentUrl\":\"https:\/\/www.cric-colombia.org\/portal\/wp-content\/uploads\/2015\/08\/logo_cric.jpg\",\"width\":512,\"height\":512,\"caption\":\"Consejo Regional Ind\u00edgena del Cauca\"},\"image\":{\"@id\":\"https:\/\/www.cric-colombia.org\/portal\/#\/schema\/logo\/image\/\"},\"sameAs\":[\"https:\/\/www.facebook.com\/cric.colombia\/\",\"https:\/\/twitter.com\/CRIC_Cauca\"]},{\"@type\":\"Person\",\"@id\":\"https:\/\/www.cric-colombia.org\/portal\/#\/schema\/person\/ab3a3099267de33d55f74f34ba201931\",\"name\":\"Comunicaciones CRIC\",\"image\":{\"@type\":\"ImageObject\",\"inLanguage\":\"es\",\"@id\":\"https:\/\/www.cric-colombia.org\/portal\/#\/schema\/person\/image\/\",\"url\":\"https:\/\/secure.gravatar.com\/avatar\/a8d1a6cfcb82a80d09dafefdcc3dcc8a?s=96&d=retro&r=g\",\"contentUrl\":\"https:\/\/secure.gravatar.com\/avatar\/a8d1a6cfcb82a80d09dafefdcc3dcc8a?s=96&d=retro&r=g\",\"caption\":\"Comunicaciones CRIC\"},\"url\":\"https:\/\/www.cric-colombia.org\/portal\/author\/comunicaciones\/\"}]}<\/script>\n<!-- \/ Yoast SEO plugin. -->","yoast_head_json":{"title":"Informativo Regional AMCIC - CRIC: Autoridades denuncian intento de rapto de ni\u00f1os una escuela rural en Honduras - Consejo Regional Ind\u00edgena del Cauca - CRIC","robots":{"index":"index","follow":"follow","max-snippet":"max-snippet:-1","max-image-preview":"max-image-preview:large","max-video-preview":"max-video-preview:-1"},"canonical":"https:\/\/www.cric-colombia.org\/portal\/informativo-regional-amcic-cric-autoridades-denuncian-intento-de-rapto-de-ninos-una-escuela-rural-en-honduras\/","og_locale":"es_ES","og_type":"article","og_title":"Informativo Regional AMCIC - CRIC: Autoridades denuncian intento de rapto de ni\u00f1os una escuela rural en Honduras - Consejo Regional Ind\u00edgena del Cauca - CRIC","og_description":"Situaci\u00f3n del territorio de Rioblanco, Sotar\u00e1 Autoridad del pueblo Yanacona del Resguardo Ind\u00edgena de Rioblanco, municipio de Sotar\u00e1, Cauca, habla sobre las acciones instituciones, para acondicionamientos de las v\u00edas de comunicaciones terrestre, con las v\u00edas que conducen al macizo colombiano. El reporte desde el colectivo radia comunitaria de Rioblanco Sotar\u00e1\u00a0 Proceso de formaci\u00f3n en red","og_url":"https:\/\/www.cric-colombia.org\/portal\/informativo-regional-amcic-cric-autoridades-denuncian-intento-de-rapto-de-ninos-una-escuela-rural-en-honduras\/","og_site_name":"Consejo Regional Ind\u00edgena del Cauca - CRIC","article_publisher":"https:\/\/www.facebook.com\/cric.colombia\/","article_published_time":"2025-04-11T23:38:24+00:00","article_modified_time":"2025-04-11T23:48:11+00:00","og_image":[{"width":696,"height":347,"url":"https:\/\/www.cric-colombia.org\/portal\/wp-content\/uploads\/2024\/04\/LOGO-COMUNICACIONES-CRIC-AMCIC-696x347-1.jpg","type":"image\/jpeg"}],"author":"Comunicaciones CRIC","twitter_card":"summary_large_image","twitter_creator":"@CRIC_Cauca","twitter_site":"@CRIC_Cauca","twitter_misc":{"Escrito por":"Comunicaciones CRIC","Tiempo de lectura":"3 minutos"},"schema":{"@context":"https:\/\/schema.org","@graph":[{"@type":"Article","@id":"https:\/\/www.cric-colombia.org\/portal\/informativo-regional-amcic-cric-autoridades-denuncian-intento-de-rapto-de-ninos-una-escuela-rural-en-honduras\/#article","isPartOf":{"@id":"https:\/\/www.cric-colombia.org\/portal\/informativo-regional-amcic-cric-autoridades-denuncian-intento-de-rapto-de-ninos-una-escuela-rural-en-honduras\/"},"author":{"name":"Comunicaciones CRIC","@id":"https:\/\/www.cric-colombia.org\/portal\/#\/schema\/person\/ab3a3099267de33d55f74f34ba201931"},"headline":"Informativo Regional AMCIC &#8211; CRIC: Autoridades denuncian intento de rapto de ni\u00f1os una escuela rural en Honduras","datePublished":"2025-04-11T23:38:24+00:00","dateModified":"2025-04-11T23:48:11+00:00","mainEntityOfPage":{"@id":"https:\/\/www.cric-colombia.org\/portal\/informativo-regional-amcic-cric-autoridades-denuncian-intento-de-rapto-de-ninos-una-escuela-rural-en-honduras\/"},"wordCount":706,"commentCount":0,"publisher":{"@id":"https:\/\/www.cric-colombia.org\/portal\/#organization"},"keywords":["cauca","Educacion","Guardia","informaci\u00f3n","Morales","Noticias","violencia"],"articleSection":["Actualidad Ind\u00edgena del Cauca","Audios","Multimedia"],"inLanguage":"es","potentialAction":[{"@type":"CommentAction","name":"Comment","target":["https:\/\/www.cric-colombia.org\/portal\/informativo-regional-amcic-cric-autoridades-denuncian-intento-de-rapto-de-ninos-una-escuela-rural-en-honduras\/#respond"]}]},{"@type":"WebPage","@id":"https:\/\/www.cric-colombia.org\/portal\/informativo-regional-amcic-cric-autoridades-denuncian-intento-de-rapto-de-ninos-una-escuela-rural-en-honduras\/","url":"https:\/\/www.cric-colombia.org\/portal\/informativo-regional-amcic-cric-autoridades-denuncian-intento-de-rapto-de-ninos-una-escuela-rural-en-honduras\/","name":"Informativo Regional AMCIC - CRIC: Autoridades denuncian intento de rapto de ni\u00f1os una escuela rural en Honduras - Consejo Regional Ind\u00edgena del Cauca - CRIC","isPartOf":{"@id":"https:\/\/www.cric-colombia.org\/portal\/#website"},"datePublished":"2025-04-11T23:38:24+00:00","dateModified":"2025-04-11T23:48:11+00:00","breadcrumb":{"@id":"https:\/\/www.cric-colombia.org\/portal\/informativo-regional-amcic-cric-autoridades-denuncian-intento-de-rapto-de-ninos-una-escuela-rural-en-honduras\/#breadcrumb"},"inLanguage":"es","potentialAction":[{"@type":"ReadAction","target":["https:\/\/www.cric-colombia.org\/portal\/informativo-regional-amcic-cric-autoridades-denuncian-intento-de-rapto-de-ninos-una-escuela-rural-en-honduras\/"]}]},{"@type":"BreadcrumbList","@id":"https:\/\/www.cric-colombia.org\/portal\/informativo-regional-amcic-cric-autoridades-denuncian-intento-de-rapto-de-ninos-una-escuela-rural-en-honduras\/#breadcrumb","itemListElement":[{"@type":"ListItem","position":1,"name":"Portada","item":"https:\/\/www.cric-colombia.org\/portal\/"},{"@type":"ListItem","position":2,"name":"Informativo Regional AMCIC &#8211; CRIC: Autoridades denuncian intento de rapto de ni\u00f1os una escuela rural en Honduras"}]},{"@type":"WebSite","@id":"https:\/\/www.cric-colombia.org\/portal\/#website","url":"https:\/\/www.cric-colombia.org\/portal\/","name":"Consejo Regional Ind\u00edgena del Cauca - CRIC","description":"P\u00e1gina oficial del Consejo Regional Ind\u00edgena del Cauca, Colombia","publisher":{"@id":"https:\/\/www.cric-colombia.org\/portal\/#organization"},"potentialAction":[{"@type":"SearchAction","target":{"@type":"EntryPoint","urlTemplate":"https:\/\/www.cric-colombia.org\/portal\/?s={search_term_string}"},"query-input":"required name=search_term_string"}],"inLanguage":"es"},{"@type":"Organization","@id":"https:\/\/www.cric-colombia.org\/portal\/#organization","name":"Consejo Regional Ind\u00edgena del Cauca","url":"https:\/\/www.cric-colombia.org\/portal\/","logo":{"@type":"ImageObject","inLanguage":"es","@id":"https:\/\/www.cric-colombia.org\/portal\/#\/schema\/logo\/image\/","url":"https:\/\/www.cric-colombia.org\/portal\/wp-content\/uploads\/2015\/08\/logo_cric.jpg","contentUrl":"https:\/\/www.cric-colombia.org\/portal\/wp-content\/uploads\/2015\/08\/logo_cric.jpg","width":512,"height":512,"caption":"Consejo Regional Ind\u00edgena del Cauca"},"image":{"@id":"https:\/\/www.cric-colombia.org\/portal\/#\/schema\/logo\/image\/"},"sameAs":["https:\/\/www.facebook.com\/cric.colombia\/","https:\/\/twitter.com\/CRIC_Cauca"]},{"@type":"Person","@id":"https:\/\/www.cric-colombia.org\/portal\/#\/schema\/person\/ab3a3099267de33d55f74f34ba201931","name":"Comunicaciones CRIC","image":{"@type":"ImageObject","inLanguage":"es","@id":"https:\/\/www.cric-colombia.org\/portal\/#\/schema\/person\/image\/","url":"https:\/\/secure.gravatar.com\/avatar\/a8d1a6cfcb82a80d09dafefdcc3dcc8a?s=96&d=retro&r=g","contentUrl":"https:\/\/secure.gravatar.com\/avatar\/a8d1a6cfcb82a80d09dafefdcc3dcc8a?s=96&d=retro&r=g","caption":"Comunicaciones CRIC"},"url":"https:\/\/www.cric-colombia.org\/portal\/author\/comunicaciones\/"}]}},"jetpack_featured_media_url":"https:\/\/www.cric-colombia.org\/portal\/wp-content\/uploads\/2024\/04\/LOGO-COMUNICACIONES-CRIC-AMCIC-696x347-1.jpg","_links":{"self":[{"href":"https:\/\/www.cric-colombia.org\/portal\/wp-json\/wp\/v2\/posts\/42211"}],"collection":[{"href":"https:\/\/www.cric-colombia.org\/portal\/wp-json\/wp\/v2\/posts"}],"about":[{"href":"https:\/\/www.cric-colombia.org\/portal\/wp-json\/wp\/v2\/types\/post"}],"author":[{"embeddable":true,"href":"https:\/\/www.cric-colombia.org\/portal\/wp-json\/wp\/v2\/users\/6"}],"replies":[{"embeddable":true,"href":"https:\/\/www.cric-colombia.org\/portal\/wp-json\/wp\/v2\/comments?post=42211"}],"version-history":[{"count":6,"href":"https:\/\/www.cric-colombia.org\/portal\/wp-json\/wp\/v2\/posts\/42211\/revisions"}],"predecessor-version":[{"id":42219,"href":"https:\/\/www.cric-colombia.org\/portal\/wp-json\/wp\/v2\/posts\/42211\/revisions\/42219"}],"wp:featuredmedia":[{"embeddable":true,"href":"https:\/\/www.cric-colombia.org\/portal\/wp-json\/wp\/v2\/media\/39554"}],"wp:attachment":[{"href":"https:\/\/www.cric-colombia.org\/portal\/wp-json\/wp\/v2\/media?parent=42211"}],"wp:term":[{"taxonomy":"category","embeddable":true,"href":"https:\/\/www.cric-colombia.org\/portal\/wp-json\/wp\/v2\/categories?post=42211"},{"taxonomy":"post_tag","embeddable":true,"href":"https:\/\/www.cric-colombia.org\/portal\/wp-json\/wp\/v2\/tags?post=42211"}],"curies":[{"name":"wp","href":"https:\/\/api.w.org\/{rel}","templated":true}]}}