{"id":42131,"date":"2025-03-25T15:47:08","date_gmt":"2025-03-25T20:47:08","guid":{"rendered":"https:\/\/www.cric-colombia.org\/portal\/?p=42131"},"modified":"2025-03-25T15:50:24","modified_gmt":"2025-03-25T20:50:24","slug":"incremento-de-las-acciones-de-violencia-por-los-grupos-armados-en-tierradentro-informativo-red-amcic-cric","status":"publish","type":"post","link":"https:\/\/www.cric-colombia.org\/portal\/incremento-de-las-acciones-de-violencia-por-los-grupos-armados-en-tierradentro-informativo-red-amcic-cric\/","title":{"rendered":"Incremento de las acciones de violencia por los grupos armados en Tierradentro: Informativo Red AMCIC &#8211; CRIC"},"content":{"rendered":"<p style=\"font-weight: 400;\"><strong>Junta Directiva del pueblo Kokonuko y a\u00f1o nuevo\u00a0<\/strong><\/p>\n<p style=\"font-weight: 400;\"><strong><br \/>\n<\/strong><span lang=\"ES-MX\">En la vereda Chapio del territorio de Purac\u00e9 se llev\u00f3 a cabo la celebraci\u00f3n del a\u00f1o nuevo del Pueblo Kokonuko y tambi\u00e9n el evento fue el espacio para el cambio de Consejer\u00eda zonal.<\/span><\/p>\n<div>\n<p style=\"font-weight: 400;\"><strong>La organizaci\u00f3n Uh Wala Vic se prepara para el pr\u00f3ximo congreso territorial<\/strong><\/p>\n<p style=\"font-weight: 400; text-align: justify;\">Ser\u00e1 el tercer congreso zonal a llevarse a cabo en el mes de junio del presente a\u00f1o en el territorio\u00a0 de Chimborazo. Nos habla uno de los consejeros de la organizaci\u00f3n.<\/p>\n<p><strong>Asamblea nombramiento de las autoridades Neehwes\u00b4sx de Amyu&#8217; Kiwe &#8211; San Francisco periodo 21 de junio de 2025 a 21 de junio de 2027. <\/strong><\/p>\n<p>Comunidades asistieron a este importante evento organizativo. La informaci\u00f3n desde la Emisora Nasa Stereo de Torib\u00edo.<\/p>\n<p><strong>Encuentro de Kiwe Thegnas en Jambal\u00f3<\/strong><\/p>\n<p style=\"text-align: justify;\">En la vereda Solapa en el territorio de Jambal\u00f3 el d\u00eda lunes 24 de marzo, se llev\u00f3 el encuentro ampliado de los Kiwe Thegnas, m\u00e1s de 180 personas, entre ni\u00f1os, j\u00f3venes y adultos. Este encuentro cont\u00f3 con el acompa\u00f1amiento de las Autoridades Nejwe&#8217;sx.<\/p>\n<p><strong>Ritual del aguacero &#8211; Pueblo Kisg\u00f3<\/strong><\/p>\n<p style=\"font-weight: 400; text-align: justify;\">Se realiz\u00f3 el segundo ritual m\u00e1s importante del pueblo de Kisg\u00f3, el ritual del aguacero, espacio donde se hace la reflexi\u00f3n y la acci\u00f3n de cuidar el agua, como un elemento importante dispensable para la vida, adem\u00e1s en el marco del calendario propio, se realiza una acci\u00f3n pol\u00edtica de posesionamiento de la autoridad escolar y las semillas de vida.<\/p>\n<p><strong>Encuentro de cuarta cohorte de Comunicaci\u00f3n Propia e Intercultural\u00a0<\/strong><\/p>\n<p style=\"font-weight: 400; text-align: justify;\">En la Hacienda Canaima del proceso de Liberaci\u00f3n de la Madre Tierra del territorio de Huellas Caloto, se desarrolla el 10 encuentro del proceso de formaci\u00f3n profesional en Comunicaci\u00f3n Propia e Intercultural 4ta cohorte. En el cual, desde el pasado 21 de marzo del 2025 estudiantes de distintos territorios se re\u00fanen en este espacio.<\/p>\n<p style=\"font-weight: 400;\"><strong>Gremio de trasportadores bloquean la v\u00eda del oriente del Cauca<\/strong><\/p>\n<p style=\"font-weight: 400;\">Transportadores bloquean la Trasversal del Libertador en protesta por el mal estado de la malla vial en el oriente del Cauca.<\/p>\n<p style=\"font-weight: 400;\"><strong>Consternaci\u00f3n en Tierradentro por el incremento de las acciones de violencia por los grupos armados<\/strong><\/p>\n<p style=\"font-weight: 400; text-align: justify;\">Dos hombres asesinados con se\u00f1ales de tortura. La comunidad de Tierradentro, en el municipio de P\u00e1ez, Cauca, vuelve a verse afectada por la violencia. En la noche del domingo 23 de marzo de 2025, dos hombres fueron asesinados con signos de tortura, disparos de arma de fuego y tiro de gracia.<\/p>\n<p><strong>Capacitaci\u00f3n a comunicadores ind\u00edgenas<\/strong><\/p>\n<p style=\"font-weight: 400; text-align: justify;\">La RED AMCIC y el Programa de Comunicaciones CRIC capacita a un grupo de comunicadores proveniente de los territorios ind\u00edgenas del CRIC en temas de la Pol\u00edtica P\u00fablica en Gesti\u00f3n de Patrimonio Audiovisual de los Pueblos Ind\u00edgenas de Colombia.<\/p>\n<p><strong>Resumen semanal de noticias CRIC<\/strong><\/p>\n<p style=\"text-align: justify;\">A partir de hora. el uno dos y tres. El resumen semanal de informaci\u00f3n del Comunicaciones CRIC con la compa\u00f1era Karina Gug\u00fa.<\/p>\n<!--[if lt IE 9]><script>document.createElement('audio');<\/script><![endif]-->\n<audio class=\"wp-audio-shortcode\" id=\"audio-42131-1\" preload=\"none\" style=\"width: 100%;\" controls=\"controls\"><source type=\"audio\/mpeg\" src=\"https:\/\/www.cric-colombia.org\/portal\/wp-content\/uploads\/2025\/03\/Informativo-RED-AMCIC-25-DE-AMRZO-2025.mp3?_=1\" \/><a href=\"https:\/\/www.cric-colombia.org\/portal\/wp-content\/uploads\/2025\/03\/Informativo-RED-AMCIC-25-DE-AMRZO-2025.mp3\">https:\/\/www.cric-colombia.org\/portal\/wp-content\/uploads\/2025\/03\/Informativo-RED-AMCIC-25-DE-AMRZO-2025.mp3<\/a><\/audio>\n<p>&nbsp;<\/p>\n<\/div>\n","protected":false},"excerpt":{"rendered":"<p>Junta Directiva del pueblo Kokonuko y a\u00f1o nuevo\u00a0 En la vereda Chapio del territorio de Purac\u00e9 se llev\u00f3 a cabo la celebraci\u00f3n del a\u00f1o nuevo del Pueblo Kokonuko y tambi\u00e9n el evento fue el espacio para el cambio de Consejer\u00eda zonal. La organizaci\u00f3n Uh Wala Vic se prepara para el pr\u00f3ximo congreso territorial Ser\u00e1 el <\/p>\n","protected":false},"author":6,"featured_media":39554,"comment_status":"open","ping_status":"open","sticky":false,"template":"","format":"standard","meta":{"footnotes":""},"categories":[77,74],"tags":[190,1187,177,290,1188],"yoast_head":"<!-- This site is optimized with the Yoast SEO plugin v20.12 - https:\/\/yoast.com\/wordpress\/plugins\/seo\/ -->\n<title>Incremento de las acciones de violencia por los grupos armados en Tierradentro: Informativo Red AMCIC - CRIC - Consejo Regional Ind\u00edgena del Cauca - CRIC<\/title>\n<meta name=\"robots\" content=\"index, follow, max-snippet:-1, max-image-preview:large, max-video-preview:-1\" \/>\n<link rel=\"canonical\" href=\"https:\/\/www.cric-colombia.org\/portal\/incremento-de-las-acciones-de-violencia-por-los-grupos-armados-en-tierradentro-informativo-red-amcic-cric\/\" \/>\n<meta property=\"og:locale\" content=\"es_ES\" \/>\n<meta property=\"og:type\" content=\"article\" \/>\n<meta property=\"og:title\" content=\"Incremento de las acciones de violencia por los grupos armados en Tierradentro: Informativo Red AMCIC - CRIC - Consejo Regional Ind\u00edgena del Cauca - CRIC\" \/>\n<meta property=\"og:description\" content=\"Junta Directiva del pueblo Kokonuko y a\u00f1o nuevo\u00a0 En la vereda Chapio del territorio de Purac\u00e9 se llev\u00f3 a cabo la celebraci\u00f3n del a\u00f1o nuevo del Pueblo Kokonuko y tambi\u00e9n el evento fue el espacio para el cambio de Consejer\u00eda zonal. La organizaci\u00f3n Uh Wala Vic se prepara para el pr\u00f3ximo congreso territorial Ser\u00e1 el\" \/>\n<meta property=\"og:url\" content=\"https:\/\/www.cric-colombia.org\/portal\/incremento-de-las-acciones-de-violencia-por-los-grupos-armados-en-tierradentro-informativo-red-amcic-cric\/\" \/>\n<meta property=\"og:site_name\" content=\"Consejo Regional Ind\u00edgena del Cauca - CRIC\" \/>\n<meta property=\"article:publisher\" content=\"https:\/\/www.facebook.com\/cric.colombia\/\" \/>\n<meta property=\"article:published_time\" content=\"2025-03-25T20:47:08+00:00\" \/>\n<meta property=\"article:modified_time\" content=\"2025-03-25T20:50:24+00:00\" \/>\n<meta property=\"og:image\" content=\"https:\/\/www.cric-colombia.org\/portal\/wp-content\/uploads\/2024\/04\/LOGO-COMUNICACIONES-CRIC-AMCIC-696x347-1.jpg\" \/>\n\t<meta property=\"og:image:width\" content=\"696\" \/>\n\t<meta property=\"og:image:height\" content=\"347\" \/>\n\t<meta property=\"og:image:type\" content=\"image\/jpeg\" \/>\n<meta name=\"author\" content=\"Comunicaciones CRIC\" \/>\n<meta name=\"twitter:card\" content=\"summary_large_image\" \/>\n<meta name=\"twitter:creator\" content=\"@CRIC_Cauca\" \/>\n<meta name=\"twitter:site\" content=\"@CRIC_Cauca\" \/>\n<meta name=\"twitter:label1\" content=\"Escrito por\" \/>\n\t<meta name=\"twitter:data1\" content=\"Comunicaciones CRIC\" \/>\n\t<meta name=\"twitter:label2\" content=\"Tiempo de lectura\" \/>\n\t<meta name=\"twitter:data2\" content=\"3 minutos\" \/>\n<script type=\"application\/ld+json\" class=\"yoast-schema-graph\">{\"@context\":\"https:\/\/schema.org\",\"@graph\":[{\"@type\":\"Article\",\"@id\":\"https:\/\/www.cric-colombia.org\/portal\/incremento-de-las-acciones-de-violencia-por-los-grupos-armados-en-tierradentro-informativo-red-amcic-cric\/#article\",\"isPartOf\":{\"@id\":\"https:\/\/www.cric-colombia.org\/portal\/incremento-de-las-acciones-de-violencia-por-los-grupos-armados-en-tierradentro-informativo-red-amcic-cric\/\"},\"author\":{\"name\":\"Comunicaciones CRIC\",\"@id\":\"https:\/\/www.cric-colombia.org\/portal\/#\/schema\/person\/ab3a3099267de33d55f74f34ba201931\"},\"headline\":\"Incremento de las acciones de violencia por los grupos armados en Tierradentro: Informativo Red AMCIC &#8211; CRIC\",\"datePublished\":\"2025-03-25T20:47:08+00:00\",\"dateModified\":\"2025-03-25T20:50:24+00:00\",\"mainEntityOfPage\":{\"@id\":\"https:\/\/www.cric-colombia.org\/portal\/incremento-de-las-acciones-de-violencia-por-los-grupos-armados-en-tierradentro-informativo-red-amcic-cric\/\"},\"wordCount\":529,\"commentCount\":0,\"publisher\":{\"@id\":\"https:\/\/www.cric-colombia.org\/portal\/#organization\"},\"keywords\":[\"AMCIC\",\"bloqueo\",\"informativo\",\"Noticias\",\"v\u00edas\"],\"articleSection\":[\"Audios\",\"Multimedia\"],\"inLanguage\":\"es\",\"potentialAction\":[{\"@type\":\"CommentAction\",\"name\":\"Comment\",\"target\":[\"https:\/\/www.cric-colombia.org\/portal\/incremento-de-las-acciones-de-violencia-por-los-grupos-armados-en-tierradentro-informativo-red-amcic-cric\/#respond\"]}]},{\"@type\":\"WebPage\",\"@id\":\"https:\/\/www.cric-colombia.org\/portal\/incremento-de-las-acciones-de-violencia-por-los-grupos-armados-en-tierradentro-informativo-red-amcic-cric\/\",\"url\":\"https:\/\/www.cric-colombia.org\/portal\/incremento-de-las-acciones-de-violencia-por-los-grupos-armados-en-tierradentro-informativo-red-amcic-cric\/\",\"name\":\"Incremento de las acciones de violencia por los grupos armados en Tierradentro: Informativo Red AMCIC - CRIC - Consejo Regional Ind\u00edgena del Cauca - CRIC\",\"isPartOf\":{\"@id\":\"https:\/\/www.cric-colombia.org\/portal\/#website\"},\"datePublished\":\"2025-03-25T20:47:08+00:00\",\"dateModified\":\"2025-03-25T20:50:24+00:00\",\"breadcrumb\":{\"@id\":\"https:\/\/www.cric-colombia.org\/portal\/incremento-de-las-acciones-de-violencia-por-los-grupos-armados-en-tierradentro-informativo-red-amcic-cric\/#breadcrumb\"},\"inLanguage\":\"es\",\"potentialAction\":[{\"@type\":\"ReadAction\",\"target\":[\"https:\/\/www.cric-colombia.org\/portal\/incremento-de-las-acciones-de-violencia-por-los-grupos-armados-en-tierradentro-informativo-red-amcic-cric\/\"]}]},{\"@type\":\"BreadcrumbList\",\"@id\":\"https:\/\/www.cric-colombia.org\/portal\/incremento-de-las-acciones-de-violencia-por-los-grupos-armados-en-tierradentro-informativo-red-amcic-cric\/#breadcrumb\",\"itemListElement\":[{\"@type\":\"ListItem\",\"position\":1,\"name\":\"Portada\",\"item\":\"https:\/\/www.cric-colombia.org\/portal\/\"},{\"@type\":\"ListItem\",\"position\":2,\"name\":\"Incremento de las acciones de violencia por los grupos armados en Tierradentro: Informativo Red AMCIC &#8211; CRIC\"}]},{\"@type\":\"WebSite\",\"@id\":\"https:\/\/www.cric-colombia.org\/portal\/#website\",\"url\":\"https:\/\/www.cric-colombia.org\/portal\/\",\"name\":\"Consejo Regional Ind\u00edgena del Cauca - CRIC\",\"description\":\"P\u00e1gina oficial del Consejo Regional Ind\u00edgena del Cauca, Colombia\",\"publisher\":{\"@id\":\"https:\/\/www.cric-colombia.org\/portal\/#organization\"},\"potentialAction\":[{\"@type\":\"SearchAction\",\"target\":{\"@type\":\"EntryPoint\",\"urlTemplate\":\"https:\/\/www.cric-colombia.org\/portal\/?s={search_term_string}\"},\"query-input\":\"required name=search_term_string\"}],\"inLanguage\":\"es\"},{\"@type\":\"Organization\",\"@id\":\"https:\/\/www.cric-colombia.org\/portal\/#organization\",\"name\":\"Consejo Regional Ind\u00edgena del Cauca\",\"url\":\"https:\/\/www.cric-colombia.org\/portal\/\",\"logo\":{\"@type\":\"ImageObject\",\"inLanguage\":\"es\",\"@id\":\"https:\/\/www.cric-colombia.org\/portal\/#\/schema\/logo\/image\/\",\"url\":\"https:\/\/www.cric-colombia.org\/portal\/wp-content\/uploads\/2015\/08\/logo_cric.jpg\",\"contentUrl\":\"https:\/\/www.cric-colombia.org\/portal\/wp-content\/uploads\/2015\/08\/logo_cric.jpg\",\"width\":512,\"height\":512,\"caption\":\"Consejo Regional Ind\u00edgena del Cauca\"},\"image\":{\"@id\":\"https:\/\/www.cric-colombia.org\/portal\/#\/schema\/logo\/image\/\"},\"sameAs\":[\"https:\/\/www.facebook.com\/cric.colombia\/\",\"https:\/\/twitter.com\/CRIC_Cauca\"]},{\"@type\":\"Person\",\"@id\":\"https:\/\/www.cric-colombia.org\/portal\/#\/schema\/person\/ab3a3099267de33d55f74f34ba201931\",\"name\":\"Comunicaciones CRIC\",\"image\":{\"@type\":\"ImageObject\",\"inLanguage\":\"es\",\"@id\":\"https:\/\/www.cric-colombia.org\/portal\/#\/schema\/person\/image\/\",\"url\":\"https:\/\/secure.gravatar.com\/avatar\/a8d1a6cfcb82a80d09dafefdcc3dcc8a?s=96&d=retro&r=g\",\"contentUrl\":\"https:\/\/secure.gravatar.com\/avatar\/a8d1a6cfcb82a80d09dafefdcc3dcc8a?s=96&d=retro&r=g\",\"caption\":\"Comunicaciones CRIC\"},\"url\":\"https:\/\/www.cric-colombia.org\/portal\/author\/comunicaciones\/\"}]}<\/script>\n<!-- \/ Yoast SEO plugin. -->","yoast_head_json":{"title":"Incremento de las acciones de violencia por los grupos armados en Tierradentro: Informativo Red AMCIC - CRIC - Consejo Regional Ind\u00edgena del Cauca - CRIC","robots":{"index":"index","follow":"follow","max-snippet":"max-snippet:-1","max-image-preview":"max-image-preview:large","max-video-preview":"max-video-preview:-1"},"canonical":"https:\/\/www.cric-colombia.org\/portal\/incremento-de-las-acciones-de-violencia-por-los-grupos-armados-en-tierradentro-informativo-red-amcic-cric\/","og_locale":"es_ES","og_type":"article","og_title":"Incremento de las acciones de violencia por los grupos armados en Tierradentro: Informativo Red AMCIC - CRIC - Consejo Regional Ind\u00edgena del Cauca - CRIC","og_description":"Junta Directiva del pueblo Kokonuko y a\u00f1o nuevo\u00a0 En la vereda Chapio del territorio de Purac\u00e9 se llev\u00f3 a cabo la celebraci\u00f3n del a\u00f1o nuevo del Pueblo Kokonuko y tambi\u00e9n el evento fue el espacio para el cambio de Consejer\u00eda zonal. La organizaci\u00f3n Uh Wala Vic se prepara para el pr\u00f3ximo congreso territorial Ser\u00e1 el","og_url":"https:\/\/www.cric-colombia.org\/portal\/incremento-de-las-acciones-de-violencia-por-los-grupos-armados-en-tierradentro-informativo-red-amcic-cric\/","og_site_name":"Consejo Regional Ind\u00edgena del Cauca - CRIC","article_publisher":"https:\/\/www.facebook.com\/cric.colombia\/","article_published_time":"2025-03-25T20:47:08+00:00","article_modified_time":"2025-03-25T20:50:24+00:00","og_image":[{"width":696,"height":347,"url":"https:\/\/www.cric-colombia.org\/portal\/wp-content\/uploads\/2024\/04\/LOGO-COMUNICACIONES-CRIC-AMCIC-696x347-1.jpg","type":"image\/jpeg"}],"author":"Comunicaciones CRIC","twitter_card":"summary_large_image","twitter_creator":"@CRIC_Cauca","twitter_site":"@CRIC_Cauca","twitter_misc":{"Escrito por":"Comunicaciones CRIC","Tiempo de lectura":"3 minutos"},"schema":{"@context":"https:\/\/schema.org","@graph":[{"@type":"Article","@id":"https:\/\/www.cric-colombia.org\/portal\/incremento-de-las-acciones-de-violencia-por-los-grupos-armados-en-tierradentro-informativo-red-amcic-cric\/#article","isPartOf":{"@id":"https:\/\/www.cric-colombia.org\/portal\/incremento-de-las-acciones-de-violencia-por-los-grupos-armados-en-tierradentro-informativo-red-amcic-cric\/"},"author":{"name":"Comunicaciones CRIC","@id":"https:\/\/www.cric-colombia.org\/portal\/#\/schema\/person\/ab3a3099267de33d55f74f34ba201931"},"headline":"Incremento de las acciones de violencia por los grupos armados en Tierradentro: Informativo Red AMCIC &#8211; CRIC","datePublished":"2025-03-25T20:47:08+00:00","dateModified":"2025-03-25T20:50:24+00:00","mainEntityOfPage":{"@id":"https:\/\/www.cric-colombia.org\/portal\/incremento-de-las-acciones-de-violencia-por-los-grupos-armados-en-tierradentro-informativo-red-amcic-cric\/"},"wordCount":529,"commentCount":0,"publisher":{"@id":"https:\/\/www.cric-colombia.org\/portal\/#organization"},"keywords":["AMCIC","bloqueo","informativo","Noticias","v\u00edas"],"articleSection":["Audios","Multimedia"],"inLanguage":"es","potentialAction":[{"@type":"CommentAction","name":"Comment","target":["https:\/\/www.cric-colombia.org\/portal\/incremento-de-las-acciones-de-violencia-por-los-grupos-armados-en-tierradentro-informativo-red-amcic-cric\/#respond"]}]},{"@type":"WebPage","@id":"https:\/\/www.cric-colombia.org\/portal\/incremento-de-las-acciones-de-violencia-por-los-grupos-armados-en-tierradentro-informativo-red-amcic-cric\/","url":"https:\/\/www.cric-colombia.org\/portal\/incremento-de-las-acciones-de-violencia-por-los-grupos-armados-en-tierradentro-informativo-red-amcic-cric\/","name":"Incremento de las acciones de violencia por los grupos armados en Tierradentro: Informativo Red AMCIC - CRIC - Consejo Regional Ind\u00edgena del Cauca - CRIC","isPartOf":{"@id":"https:\/\/www.cric-colombia.org\/portal\/#website"},"datePublished":"2025-03-25T20:47:08+00:00","dateModified":"2025-03-25T20:50:24+00:00","breadcrumb":{"@id":"https:\/\/www.cric-colombia.org\/portal\/incremento-de-las-acciones-de-violencia-por-los-grupos-armados-en-tierradentro-informativo-red-amcic-cric\/#breadcrumb"},"inLanguage":"es","potentialAction":[{"@type":"ReadAction","target":["https:\/\/www.cric-colombia.org\/portal\/incremento-de-las-acciones-de-violencia-por-los-grupos-armados-en-tierradentro-informativo-red-amcic-cric\/"]}]},{"@type":"BreadcrumbList","@id":"https:\/\/www.cric-colombia.org\/portal\/incremento-de-las-acciones-de-violencia-por-los-grupos-armados-en-tierradentro-informativo-red-amcic-cric\/#breadcrumb","itemListElement":[{"@type":"ListItem","position":1,"name":"Portada","item":"https:\/\/www.cric-colombia.org\/portal\/"},{"@type":"ListItem","position":2,"name":"Incremento de las acciones de violencia por los grupos armados en Tierradentro: Informativo Red AMCIC &#8211; CRIC"}]},{"@type":"WebSite","@id":"https:\/\/www.cric-colombia.org\/portal\/#website","url":"https:\/\/www.cric-colombia.org\/portal\/","name":"Consejo Regional Ind\u00edgena del Cauca - CRIC","description":"P\u00e1gina oficial del Consejo Regional Ind\u00edgena del Cauca, Colombia","publisher":{"@id":"https:\/\/www.cric-colombia.org\/portal\/#organization"},"potentialAction":[{"@type":"SearchAction","target":{"@type":"EntryPoint","urlTemplate":"https:\/\/www.cric-colombia.org\/portal\/?s={search_term_string}"},"query-input":"required name=search_term_string"}],"inLanguage":"es"},{"@type":"Organization","@id":"https:\/\/www.cric-colombia.org\/portal\/#organization","name":"Consejo Regional Ind\u00edgena del Cauca","url":"https:\/\/www.cric-colombia.org\/portal\/","logo":{"@type":"ImageObject","inLanguage":"es","@id":"https:\/\/www.cric-colombia.org\/portal\/#\/schema\/logo\/image\/","url":"https:\/\/www.cric-colombia.org\/portal\/wp-content\/uploads\/2015\/08\/logo_cric.jpg","contentUrl":"https:\/\/www.cric-colombia.org\/portal\/wp-content\/uploads\/2015\/08\/logo_cric.jpg","width":512,"height":512,"caption":"Consejo Regional Ind\u00edgena del Cauca"},"image":{"@id":"https:\/\/www.cric-colombia.org\/portal\/#\/schema\/logo\/image\/"},"sameAs":["https:\/\/www.facebook.com\/cric.colombia\/","https:\/\/twitter.com\/CRIC_Cauca"]},{"@type":"Person","@id":"https:\/\/www.cric-colombia.org\/portal\/#\/schema\/person\/ab3a3099267de33d55f74f34ba201931","name":"Comunicaciones CRIC","image":{"@type":"ImageObject","inLanguage":"es","@id":"https:\/\/www.cric-colombia.org\/portal\/#\/schema\/person\/image\/","url":"https:\/\/secure.gravatar.com\/avatar\/a8d1a6cfcb82a80d09dafefdcc3dcc8a?s=96&d=retro&r=g","contentUrl":"https:\/\/secure.gravatar.com\/avatar\/a8d1a6cfcb82a80d09dafefdcc3dcc8a?s=96&d=retro&r=g","caption":"Comunicaciones CRIC"},"url":"https:\/\/www.cric-colombia.org\/portal\/author\/comunicaciones\/"}]}},"jetpack_featured_media_url":"https:\/\/www.cric-colombia.org\/portal\/wp-content\/uploads\/2024\/04\/LOGO-COMUNICACIONES-CRIC-AMCIC-696x347-1.jpg","_links":{"self":[{"href":"https:\/\/www.cric-colombia.org\/portal\/wp-json\/wp\/v2\/posts\/42131"}],"collection":[{"href":"https:\/\/www.cric-colombia.org\/portal\/wp-json\/wp\/v2\/posts"}],"about":[{"href":"https:\/\/www.cric-colombia.org\/portal\/wp-json\/wp\/v2\/types\/post"}],"author":[{"embeddable":true,"href":"https:\/\/www.cric-colombia.org\/portal\/wp-json\/wp\/v2\/users\/6"}],"replies":[{"embeddable":true,"href":"https:\/\/www.cric-colombia.org\/portal\/wp-json\/wp\/v2\/comments?post=42131"}],"version-history":[{"count":3,"href":"https:\/\/www.cric-colombia.org\/portal\/wp-json\/wp\/v2\/posts\/42131\/revisions"}],"predecessor-version":[{"id":42136,"href":"https:\/\/www.cric-colombia.org\/portal\/wp-json\/wp\/v2\/posts\/42131\/revisions\/42136"}],"wp:featuredmedia":[{"embeddable":true,"href":"https:\/\/www.cric-colombia.org\/portal\/wp-json\/wp\/v2\/media\/39554"}],"wp:attachment":[{"href":"https:\/\/www.cric-colombia.org\/portal\/wp-json\/wp\/v2\/media?parent=42131"}],"wp:term":[{"taxonomy":"category","embeddable":true,"href":"https:\/\/www.cric-colombia.org\/portal\/wp-json\/wp\/v2\/categories?post=42131"},{"taxonomy":"post_tag","embeddable":true,"href":"https:\/\/www.cric-colombia.org\/portal\/wp-json\/wp\/v2\/tags?post=42131"}],"curies":[{"name":"wp","href":"https:\/\/api.w.org\/{rel}","templated":true}]}}