{"id":42124,"date":"2025-03-25T14:11:10","date_gmt":"2025-03-25T19:11:10","guid":{"rendered":"https:\/\/www.cric-colombia.org\/portal\/?p=42124"},"modified":"2025-03-25T14:11:10","modified_gmt":"2025-03-25T19:11:10","slug":"hechos-de-asesinatos-dentro-de-los-territorios-indigenas-comunicado-asociacion-nasa-cxhacxha","status":"publish","type":"post","link":"https:\/\/www.cric-colombia.org\/portal\/hechos-de-asesinatos-dentro-de-los-territorios-indigenas-comunicado-asociacion-nasa-cxhacxha\/","title":{"rendered":"Hechos de asesinatos dentro de los territorios ind\u00edgenas: Comunicado Asociaci\u00f3n Nasa \u00c7xh\u00e3\u00e7xha"},"content":{"rendered":"<p style=\"text-align: center;\"><b>COMUNICADO OFICIAL DE LA ASOCIACI\u00d3N DE AUTORIDADES ANCESTRALES <\/b><b>TERRITORIALES NASA \u00c7XH\u00c3\u00c7XHA FRENTE A HECHOS DE ASESINATOS DENTRO <\/b><b>DE LOS TERRITORIOS IND\u00cdGENAS<\/b><\/p>\n<p style=\"text-align: center;\"><b>P\u00e1ez Cauca, 24 de marzo de 2025.<\/b><\/p>\n<p style=\"text-align: justify;\">La <b>Asociaci\u00f3n de Autoridades Ancestrales<\/b><b>Territoriales Nasa \u00c7xh\u00e3\u00e7xha<\/b>, en representaci\u00f3n de las 17 autoridades con gran tristeza, se permiten realizar el siguiente pronunciamiento, con ocasi\u00f3n al hecho ocurrido el d\u00eda 23 de marzo del presente a\u00f1o en el Resguardo Ind\u00edgena de SXITA UKWE &#8211; Ricaurte, en el cual de manera violenta fueron asesinadas dos personas.<\/p>\n<p style=\"text-align: justify;\">Como Asociaci\u00f3n <b>RECHAZAMOS<\/b> de manera contundente, el cruel asesinato de dos hombres que presentaban tortura, disparos de arma de fuego y tiro de gracia, los hechos ocurrieron sobre la v\u00eda que comunica a Sxita Ukwe con la cabecera municipal, sobre las siete de la noche se escucharon unos disparos en la parte baja el centro poblado, pocos minutos despu\u00e9s pasa una camioneta por el centro de Ricaurte a gran velocidad con direcci\u00f3n a la parte alta de la monta\u00f1a, al hacer la verificaci\u00f3n por parte de las Autoridades Ind\u00edgenas se encuentran dos cuerpos que presentan se\u00f1ales de tortura (amarrados de manos), los cuerpos se encontraban al inicio del puente que cruza el rio P\u00e1ez en el lado que baja de Ricaurte, los occisos a\u00fan no han sido identificados ni tampoco se conoce el grupo armado que cometi\u00f3 el homicidio.<\/p>\n<p style=\"text-align: justify;\"><b>Alzamos nuestra voz, en protesta<\/b> a este vil asesinato de dos personas que enluta a dos familias, dejando al Territorio de Sxita Ukwe en medio de una guerra que no da tregua, generando desequilibrio y da\u00f1ando la armon\u00eda territorial, es <b>INACEPTABLE<\/b> que estos hechos se sigan presentando en nuestros territorios, por lo cual, <b>RECHAZAMOS y CONDENAMOS <\/b>estos actos cobardes y degradantes que ponen en riesgo la tranquilidad y la seguridad de la comunidad del territorio de SXITA UKWE.<\/p>\n<p style=\"text-align: justify;\">Respeten nuestra <b>AUTONOMIA TERRITORIAL IND\u00cdGENA<\/b> la cual, busca mantener la armon\u00eda Territorial, este tipo de acciones buscan generar temor y ponen en peligro a las Autoridades Ind\u00edgenas y comunidad en general, hechos que van en contrav\u00eda del derecho fundamental a la dignidad, la vida y generan desequilibrio territorial, el cual se ha venido vulnerando y alterando en las diferentes zonas de los territorios ind\u00edgenas del departamento del Cauca.<\/p>\n<p style=\"text-align: justify;\">Nos dirigimos a la opini\u00f3n p\u00fablica con el fin de manifestar nuestra <b>consternaci\u00f3n e <\/b><b>indignaci\u00f3n<\/b> ante este repugnante hecho que va en contra de los derechos humanos tales como la vida, la convivencia pac\u00edfica, el respeto territorial, <b>EXIGIMOS<\/b> a los grupos armados a cesar la violencia, no nos involucren en su guerra no somos partidarios ni comulgamos con su accionar, paren ya \u201cnuestros territorios son tierra de paz no de guerra\u201d.<\/p>\n<p style=\"text-align: justify;\"><b>DENUNCIAMOS<\/b>, <b>EXIGIMOS<\/b> e <b>INSTAMOS<\/b> de manera contundente a todos los entes de control Nacional e Internacional, la Fiscal\u00eda General de la Naci\u00f3n FGN, la Defensor\u00eda del Pueblo, la Procuradur\u00eda General de la Naci\u00f3n, la Alta Consejer\u00eda de Derechos Humanos de la Presidencia de la Rep\u00fablica, Naciones Unidas, Cruz Roja Internacional y a las dem\u00e1s instituciones a nivel nacional e internacional que en el marco de sus competencias, tomen las acciones pertinentes, en la b\u00fasqueda de proteger y garantizar los derechos fundamentales de nuestras autoridades y comuneros como el equilibrio de nuestro territorio.<\/p>\n<p style=\"text-align: justify;\">Hacemos un llamado de urgencia a la Defensor\u00eda del pueblo, y a los \u00f3rganos multilaterales como <b>MAPPOEA y ONU <\/b>a que acompa\u00f1en este caso y en el marco de sus funciones realicen las debidas solicitudes al Estado colombiano para que atienda la situaci\u00f3n de inmediato y con enfoque \u00e9tnico diferencial para contrarrestar y prevenir hechos violatorios a los derechos humanos y en especial los derechos de las poblaciones ind\u00edgenas.<\/p>\n<p style=\"text-align: center;\"><b><i>\u201cPor la defensa de los derechos de la Madre Tierra,<br \/>\n<\/i><\/b><b><i>los espacios de vida natural y espiritual, caminamos<br \/>\n<\/i><\/b><b><i>en <\/i><\/b><b><i>Defensa de la Vida y el Derecho Ancestral\u201d\u00a0<\/i><\/b><\/p>\n<p>&nbsp;<\/p>\n<p style=\"text-align: center;\"><a href=\"https:\/\/www.cric-colombia.org\/portal\/wp-content\/uploads\/2025\/03\/Pronunciamiento-Nasa-Cxhacxha-asesinato-en-Ricaurte.pdf\" class=\"pdfemb-viewer\" style=\"\" data-width=\"max\" data-height=\"max\" data-toolbar=\"both\" data-toolbar-fixed=\"off\">Pronunciamiento-Nasa-Cxhacxha-asesinato-en-Ricaurte<\/a><\/p>\n<p>&nbsp;<\/p>\n","protected":false},"excerpt":{"rendered":"<p>COMUNICADO OFICIAL DE LA ASOCIACI\u00d3N DE AUTORIDADES ANCESTRALES TERRITORIALES NASA \u00c7XH\u00c3\u00c7XHA FRENTE A HECHOS DE ASESINATOS DENTRO DE LOS TERRITORIOS IND\u00cdGENAS P\u00e1ez Cauca, 24 de marzo de 2025. La Asociaci\u00f3n de Autoridades AncestralesTerritoriales Nasa \u00c7xh\u00e3\u00e7xha, en representaci\u00f3n de las 17 autoridades con gran tristeza, se permiten realizar el siguiente pronunciamiento, con ocasi\u00f3n al hecho ocurrido <\/p>\n","protected":false},"author":6,"featured_media":32137,"comment_status":"open","ping_status":"open","sticky":false,"template":"","format":"standard","meta":{"footnotes":""},"categories":[19],"tags":[488,241,88,609,651],"yoast_head":"<!-- This site is optimized with the Yoast SEO plugin v20.12 - https:\/\/yoast.com\/wordpress\/plugins\/seo\/ -->\n<title>Hechos de asesinatos dentro de los territorios ind\u00edgenas: Comunicado Asociaci\u00f3n Nasa \u00c7xh\u00e3\u00e7xha - Consejo Regional Ind\u00edgena del Cauca - CRIC<\/title>\n<meta name=\"robots\" content=\"index, follow, max-snippet:-1, max-image-preview:large, max-video-preview:-1\" \/>\n<link rel=\"canonical\" href=\"https:\/\/www.cric-colombia.org\/portal\/hechos-de-asesinatos-dentro-de-los-territorios-indigenas-comunicado-asociacion-nasa-cxhacxha\/\" \/>\n<meta property=\"og:locale\" content=\"es_ES\" \/>\n<meta property=\"og:type\" content=\"article\" \/>\n<meta property=\"og:title\" content=\"Hechos de asesinatos dentro de los territorios ind\u00edgenas: Comunicado Asociaci\u00f3n Nasa \u00c7xh\u00e3\u00e7xha - Consejo Regional Ind\u00edgena del Cauca - CRIC\" \/>\n<meta property=\"og:description\" content=\"COMUNICADO OFICIAL DE LA ASOCIACI\u00d3N DE AUTORIDADES ANCESTRALES TERRITORIALES NASA \u00c7XH\u00c3\u00c7XHA FRENTE A HECHOS DE ASESINATOS DENTRO DE LOS TERRITORIOS IND\u00cdGENAS P\u00e1ez Cauca, 24 de marzo de 2025. La Asociaci\u00f3n de Autoridades AncestralesTerritoriales Nasa \u00c7xh\u00e3\u00e7xha, en representaci\u00f3n de las 17 autoridades con gran tristeza, se permiten realizar el siguiente pronunciamiento, con ocasi\u00f3n al hecho ocurrido\" \/>\n<meta property=\"og:url\" content=\"https:\/\/www.cric-colombia.org\/portal\/hechos-de-asesinatos-dentro-de-los-territorios-indigenas-comunicado-asociacion-nasa-cxhacxha\/\" \/>\n<meta property=\"og:site_name\" content=\"Consejo Regional Ind\u00edgena del Cauca - CRIC\" \/>\n<meta property=\"article:publisher\" content=\"https:\/\/www.facebook.com\/cric.colombia\/\" \/>\n<meta property=\"article:published_time\" content=\"2025-03-25T19:11:10+00:00\" \/>\n<meta property=\"og:image\" content=\"https:\/\/www.cric-colombia.org\/portal\/wp-content\/uploads\/2021\/10\/cropped-LOGO-NASA-CXHACXHA-2020.jpg\" \/>\n\t<meta property=\"og:image:width\" content=\"512\" \/>\n\t<meta property=\"og:image:height\" content=\"512\" \/>\n\t<meta property=\"og:image:type\" content=\"image\/jpeg\" \/>\n<meta name=\"author\" content=\"Comunicaciones CRIC\" \/>\n<meta name=\"twitter:card\" content=\"summary_large_image\" \/>\n<meta name=\"twitter:creator\" content=\"@CRIC_Cauca\" \/>\n<meta name=\"twitter:site\" content=\"@CRIC_Cauca\" \/>\n<meta name=\"twitter:label1\" content=\"Escrito por\" \/>\n\t<meta name=\"twitter:data1\" content=\"Comunicaciones CRIC\" \/>\n\t<meta name=\"twitter:label2\" content=\"Tiempo de lectura\" \/>\n\t<meta name=\"twitter:data2\" content=\"3 minutos\" \/>\n<script type=\"application\/ld+json\" class=\"yoast-schema-graph\">{\"@context\":\"https:\/\/schema.org\",\"@graph\":[{\"@type\":\"Article\",\"@id\":\"https:\/\/www.cric-colombia.org\/portal\/hechos-de-asesinatos-dentro-de-los-territorios-indigenas-comunicado-asociacion-nasa-cxhacxha\/#article\",\"isPartOf\":{\"@id\":\"https:\/\/www.cric-colombia.org\/portal\/hechos-de-asesinatos-dentro-de-los-territorios-indigenas-comunicado-asociacion-nasa-cxhacxha\/\"},\"author\":{\"name\":\"Comunicaciones CRIC\",\"@id\":\"https:\/\/www.cric-colombia.org\/portal\/#\/schema\/person\/ab3a3099267de33d55f74f34ba201931\"},\"headline\":\"Hechos de asesinatos dentro de los territorios ind\u00edgenas: Comunicado Asociaci\u00f3n Nasa \u00c7xh\u00e3\u00e7xha\",\"datePublished\":\"2025-03-25T19:11:10+00:00\",\"dateModified\":\"2025-03-25T19:11:10+00:00\",\"mainEntityOfPage\":{\"@id\":\"https:\/\/www.cric-colombia.org\/portal\/hechos-de-asesinatos-dentro-de-los-territorios-indigenas-comunicado-asociacion-nasa-cxhacxha\/\"},\"wordCount\":697,\"commentCount\":0,\"publisher\":{\"@id\":\"https:\/\/www.cric-colombia.org\/portal\/#organization\"},\"keywords\":[\"#Pa\u00e9z\",\"asesinato\",\"cric\",\"grupos armados\",\"violencia\"],\"articleSection\":[\"Comunicados de prensa\"],\"inLanguage\":\"es\",\"potentialAction\":[{\"@type\":\"CommentAction\",\"name\":\"Comment\",\"target\":[\"https:\/\/www.cric-colombia.org\/portal\/hechos-de-asesinatos-dentro-de-los-territorios-indigenas-comunicado-asociacion-nasa-cxhacxha\/#respond\"]}]},{\"@type\":\"WebPage\",\"@id\":\"https:\/\/www.cric-colombia.org\/portal\/hechos-de-asesinatos-dentro-de-los-territorios-indigenas-comunicado-asociacion-nasa-cxhacxha\/\",\"url\":\"https:\/\/www.cric-colombia.org\/portal\/hechos-de-asesinatos-dentro-de-los-territorios-indigenas-comunicado-asociacion-nasa-cxhacxha\/\",\"name\":\"Hechos de asesinatos dentro de los territorios ind\u00edgenas: Comunicado Asociaci\u00f3n Nasa \u00c7xh\u00e3\u00e7xha - Consejo Regional Ind\u00edgena del Cauca - CRIC\",\"isPartOf\":{\"@id\":\"https:\/\/www.cric-colombia.org\/portal\/#website\"},\"datePublished\":\"2025-03-25T19:11:10+00:00\",\"dateModified\":\"2025-03-25T19:11:10+00:00\",\"breadcrumb\":{\"@id\":\"https:\/\/www.cric-colombia.org\/portal\/hechos-de-asesinatos-dentro-de-los-territorios-indigenas-comunicado-asociacion-nasa-cxhacxha\/#breadcrumb\"},\"inLanguage\":\"es\",\"potentialAction\":[{\"@type\":\"ReadAction\",\"target\":[\"https:\/\/www.cric-colombia.org\/portal\/hechos-de-asesinatos-dentro-de-los-territorios-indigenas-comunicado-asociacion-nasa-cxhacxha\/\"]}]},{\"@type\":\"BreadcrumbList\",\"@id\":\"https:\/\/www.cric-colombia.org\/portal\/hechos-de-asesinatos-dentro-de-los-territorios-indigenas-comunicado-asociacion-nasa-cxhacxha\/#breadcrumb\",\"itemListElement\":[{\"@type\":\"ListItem\",\"position\":1,\"name\":\"Portada\",\"item\":\"https:\/\/www.cric-colombia.org\/portal\/\"},{\"@type\":\"ListItem\",\"position\":2,\"name\":\"Hechos de asesinatos dentro de los territorios ind\u00edgenas: Comunicado Asociaci\u00f3n Nasa \u00c7xh\u00e3\u00e7xha\"}]},{\"@type\":\"WebSite\",\"@id\":\"https:\/\/www.cric-colombia.org\/portal\/#website\",\"url\":\"https:\/\/www.cric-colombia.org\/portal\/\",\"name\":\"Consejo Regional Ind\u00edgena del Cauca - CRIC\",\"description\":\"P\u00e1gina oficial del Consejo Regional Ind\u00edgena del Cauca, Colombia\",\"publisher\":{\"@id\":\"https:\/\/www.cric-colombia.org\/portal\/#organization\"},\"potentialAction\":[{\"@type\":\"SearchAction\",\"target\":{\"@type\":\"EntryPoint\",\"urlTemplate\":\"https:\/\/www.cric-colombia.org\/portal\/?s={search_term_string}\"},\"query-input\":\"required name=search_term_string\"}],\"inLanguage\":\"es\"},{\"@type\":\"Organization\",\"@id\":\"https:\/\/www.cric-colombia.org\/portal\/#organization\",\"name\":\"Consejo Regional Ind\u00edgena del Cauca\",\"url\":\"https:\/\/www.cric-colombia.org\/portal\/\",\"logo\":{\"@type\":\"ImageObject\",\"inLanguage\":\"es\",\"@id\":\"https:\/\/www.cric-colombia.org\/portal\/#\/schema\/logo\/image\/\",\"url\":\"https:\/\/www.cric-colombia.org\/portal\/wp-content\/uploads\/2015\/08\/logo_cric.jpg\",\"contentUrl\":\"https:\/\/www.cric-colombia.org\/portal\/wp-content\/uploads\/2015\/08\/logo_cric.jpg\",\"width\":512,\"height\":512,\"caption\":\"Consejo Regional Ind\u00edgena del Cauca\"},\"image\":{\"@id\":\"https:\/\/www.cric-colombia.org\/portal\/#\/schema\/logo\/image\/\"},\"sameAs\":[\"https:\/\/www.facebook.com\/cric.colombia\/\",\"https:\/\/twitter.com\/CRIC_Cauca\"]},{\"@type\":\"Person\",\"@id\":\"https:\/\/www.cric-colombia.org\/portal\/#\/schema\/person\/ab3a3099267de33d55f74f34ba201931\",\"name\":\"Comunicaciones CRIC\",\"image\":{\"@type\":\"ImageObject\",\"inLanguage\":\"es\",\"@id\":\"https:\/\/www.cric-colombia.org\/portal\/#\/schema\/person\/image\/\",\"url\":\"https:\/\/secure.gravatar.com\/avatar\/a8d1a6cfcb82a80d09dafefdcc3dcc8a?s=96&d=retro&r=g\",\"contentUrl\":\"https:\/\/secure.gravatar.com\/avatar\/a8d1a6cfcb82a80d09dafefdcc3dcc8a?s=96&d=retro&r=g\",\"caption\":\"Comunicaciones CRIC\"},\"url\":\"https:\/\/www.cric-colombia.org\/portal\/author\/comunicaciones\/\"}]}<\/script>\n<!-- \/ Yoast SEO plugin. -->","yoast_head_json":{"title":"Hechos de asesinatos dentro de los territorios ind\u00edgenas: Comunicado Asociaci\u00f3n Nasa \u00c7xh\u00e3\u00e7xha - Consejo Regional Ind\u00edgena del Cauca - CRIC","robots":{"index":"index","follow":"follow","max-snippet":"max-snippet:-1","max-image-preview":"max-image-preview:large","max-video-preview":"max-video-preview:-1"},"canonical":"https:\/\/www.cric-colombia.org\/portal\/hechos-de-asesinatos-dentro-de-los-territorios-indigenas-comunicado-asociacion-nasa-cxhacxha\/","og_locale":"es_ES","og_type":"article","og_title":"Hechos de asesinatos dentro de los territorios ind\u00edgenas: Comunicado Asociaci\u00f3n Nasa \u00c7xh\u00e3\u00e7xha - Consejo Regional Ind\u00edgena del Cauca - CRIC","og_description":"COMUNICADO OFICIAL DE LA ASOCIACI\u00d3N DE AUTORIDADES ANCESTRALES TERRITORIALES NASA \u00c7XH\u00c3\u00c7XHA FRENTE A HECHOS DE ASESINATOS DENTRO DE LOS TERRITORIOS IND\u00cdGENAS P\u00e1ez Cauca, 24 de marzo de 2025. La Asociaci\u00f3n de Autoridades AncestralesTerritoriales Nasa \u00c7xh\u00e3\u00e7xha, en representaci\u00f3n de las 17 autoridades con gran tristeza, se permiten realizar el siguiente pronunciamiento, con ocasi\u00f3n al hecho ocurrido","og_url":"https:\/\/www.cric-colombia.org\/portal\/hechos-de-asesinatos-dentro-de-los-territorios-indigenas-comunicado-asociacion-nasa-cxhacxha\/","og_site_name":"Consejo Regional Ind\u00edgena del Cauca - CRIC","article_publisher":"https:\/\/www.facebook.com\/cric.colombia\/","article_published_time":"2025-03-25T19:11:10+00:00","og_image":[{"width":512,"height":512,"url":"https:\/\/www.cric-colombia.org\/portal\/wp-content\/uploads\/2021\/10\/cropped-LOGO-NASA-CXHACXHA-2020.jpg","type":"image\/jpeg"}],"author":"Comunicaciones CRIC","twitter_card":"summary_large_image","twitter_creator":"@CRIC_Cauca","twitter_site":"@CRIC_Cauca","twitter_misc":{"Escrito por":"Comunicaciones CRIC","Tiempo de lectura":"3 minutos"},"schema":{"@context":"https:\/\/schema.org","@graph":[{"@type":"Article","@id":"https:\/\/www.cric-colombia.org\/portal\/hechos-de-asesinatos-dentro-de-los-territorios-indigenas-comunicado-asociacion-nasa-cxhacxha\/#article","isPartOf":{"@id":"https:\/\/www.cric-colombia.org\/portal\/hechos-de-asesinatos-dentro-de-los-territorios-indigenas-comunicado-asociacion-nasa-cxhacxha\/"},"author":{"name":"Comunicaciones CRIC","@id":"https:\/\/www.cric-colombia.org\/portal\/#\/schema\/person\/ab3a3099267de33d55f74f34ba201931"},"headline":"Hechos de asesinatos dentro de los territorios ind\u00edgenas: Comunicado Asociaci\u00f3n Nasa \u00c7xh\u00e3\u00e7xha","datePublished":"2025-03-25T19:11:10+00:00","dateModified":"2025-03-25T19:11:10+00:00","mainEntityOfPage":{"@id":"https:\/\/www.cric-colombia.org\/portal\/hechos-de-asesinatos-dentro-de-los-territorios-indigenas-comunicado-asociacion-nasa-cxhacxha\/"},"wordCount":697,"commentCount":0,"publisher":{"@id":"https:\/\/www.cric-colombia.org\/portal\/#organization"},"keywords":["#Pa\u00e9z","asesinato","cric","grupos armados","violencia"],"articleSection":["Comunicados de prensa"],"inLanguage":"es","potentialAction":[{"@type":"CommentAction","name":"Comment","target":["https:\/\/www.cric-colombia.org\/portal\/hechos-de-asesinatos-dentro-de-los-territorios-indigenas-comunicado-asociacion-nasa-cxhacxha\/#respond"]}]},{"@type":"WebPage","@id":"https:\/\/www.cric-colombia.org\/portal\/hechos-de-asesinatos-dentro-de-los-territorios-indigenas-comunicado-asociacion-nasa-cxhacxha\/","url":"https:\/\/www.cric-colombia.org\/portal\/hechos-de-asesinatos-dentro-de-los-territorios-indigenas-comunicado-asociacion-nasa-cxhacxha\/","name":"Hechos de asesinatos dentro de los territorios ind\u00edgenas: Comunicado Asociaci\u00f3n Nasa \u00c7xh\u00e3\u00e7xha - Consejo Regional Ind\u00edgena del Cauca - CRIC","isPartOf":{"@id":"https:\/\/www.cric-colombia.org\/portal\/#website"},"datePublished":"2025-03-25T19:11:10+00:00","dateModified":"2025-03-25T19:11:10+00:00","breadcrumb":{"@id":"https:\/\/www.cric-colombia.org\/portal\/hechos-de-asesinatos-dentro-de-los-territorios-indigenas-comunicado-asociacion-nasa-cxhacxha\/#breadcrumb"},"inLanguage":"es","potentialAction":[{"@type":"ReadAction","target":["https:\/\/www.cric-colombia.org\/portal\/hechos-de-asesinatos-dentro-de-los-territorios-indigenas-comunicado-asociacion-nasa-cxhacxha\/"]}]},{"@type":"BreadcrumbList","@id":"https:\/\/www.cric-colombia.org\/portal\/hechos-de-asesinatos-dentro-de-los-territorios-indigenas-comunicado-asociacion-nasa-cxhacxha\/#breadcrumb","itemListElement":[{"@type":"ListItem","position":1,"name":"Portada","item":"https:\/\/www.cric-colombia.org\/portal\/"},{"@type":"ListItem","position":2,"name":"Hechos de asesinatos dentro de los territorios ind\u00edgenas: Comunicado Asociaci\u00f3n Nasa \u00c7xh\u00e3\u00e7xha"}]},{"@type":"WebSite","@id":"https:\/\/www.cric-colombia.org\/portal\/#website","url":"https:\/\/www.cric-colombia.org\/portal\/","name":"Consejo Regional Ind\u00edgena del Cauca - CRIC","description":"P\u00e1gina oficial del Consejo Regional Ind\u00edgena del Cauca, Colombia","publisher":{"@id":"https:\/\/www.cric-colombia.org\/portal\/#organization"},"potentialAction":[{"@type":"SearchAction","target":{"@type":"EntryPoint","urlTemplate":"https:\/\/www.cric-colombia.org\/portal\/?s={search_term_string}"},"query-input":"required name=search_term_string"}],"inLanguage":"es"},{"@type":"Organization","@id":"https:\/\/www.cric-colombia.org\/portal\/#organization","name":"Consejo Regional Ind\u00edgena del Cauca","url":"https:\/\/www.cric-colombia.org\/portal\/","logo":{"@type":"ImageObject","inLanguage":"es","@id":"https:\/\/www.cric-colombia.org\/portal\/#\/schema\/logo\/image\/","url":"https:\/\/www.cric-colombia.org\/portal\/wp-content\/uploads\/2015\/08\/logo_cric.jpg","contentUrl":"https:\/\/www.cric-colombia.org\/portal\/wp-content\/uploads\/2015\/08\/logo_cric.jpg","width":512,"height":512,"caption":"Consejo Regional Ind\u00edgena del Cauca"},"image":{"@id":"https:\/\/www.cric-colombia.org\/portal\/#\/schema\/logo\/image\/"},"sameAs":["https:\/\/www.facebook.com\/cric.colombia\/","https:\/\/twitter.com\/CRIC_Cauca"]},{"@type":"Person","@id":"https:\/\/www.cric-colombia.org\/portal\/#\/schema\/person\/ab3a3099267de33d55f74f34ba201931","name":"Comunicaciones CRIC","image":{"@type":"ImageObject","inLanguage":"es","@id":"https:\/\/www.cric-colombia.org\/portal\/#\/schema\/person\/image\/","url":"https:\/\/secure.gravatar.com\/avatar\/a8d1a6cfcb82a80d09dafefdcc3dcc8a?s=96&d=retro&r=g","contentUrl":"https:\/\/secure.gravatar.com\/avatar\/a8d1a6cfcb82a80d09dafefdcc3dcc8a?s=96&d=retro&r=g","caption":"Comunicaciones CRIC"},"url":"https:\/\/www.cric-colombia.org\/portal\/author\/comunicaciones\/"}]}},"jetpack_featured_media_url":"https:\/\/www.cric-colombia.org\/portal\/wp-content\/uploads\/2021\/10\/cropped-LOGO-NASA-CXHACXHA-2020.jpg","_links":{"self":[{"href":"https:\/\/www.cric-colombia.org\/portal\/wp-json\/wp\/v2\/posts\/42124"}],"collection":[{"href":"https:\/\/www.cric-colombia.org\/portal\/wp-json\/wp\/v2\/posts"}],"about":[{"href":"https:\/\/www.cric-colombia.org\/portal\/wp-json\/wp\/v2\/types\/post"}],"author":[{"embeddable":true,"href":"https:\/\/www.cric-colombia.org\/portal\/wp-json\/wp\/v2\/users\/6"}],"replies":[{"embeddable":true,"href":"https:\/\/www.cric-colombia.org\/portal\/wp-json\/wp\/v2\/comments?post=42124"}],"version-history":[{"count":2,"href":"https:\/\/www.cric-colombia.org\/portal\/wp-json\/wp\/v2\/posts\/42124\/revisions"}],"predecessor-version":[{"id":42127,"href":"https:\/\/www.cric-colombia.org\/portal\/wp-json\/wp\/v2\/posts\/42124\/revisions\/42127"}],"wp:featuredmedia":[{"embeddable":true,"href":"https:\/\/www.cric-colombia.org\/portal\/wp-json\/wp\/v2\/media\/32137"}],"wp:attachment":[{"href":"https:\/\/www.cric-colombia.org\/portal\/wp-json\/wp\/v2\/media?parent=42124"}],"wp:term":[{"taxonomy":"category","embeddable":true,"href":"https:\/\/www.cric-colombia.org\/portal\/wp-json\/wp\/v2\/categories?post=42124"},{"taxonomy":"post_tag","embeddable":true,"href":"https:\/\/www.cric-colombia.org\/portal\/wp-json\/wp\/v2\/tags?post=42124"}],"curies":[{"name":"wp","href":"https:\/\/api.w.org\/{rel}","templated":true}]}}