{"id":42087,"date":"2025-03-15T10:12:10","date_gmt":"2025-03-15T15:12:10","guid":{"rendered":"https:\/\/www.cric-colombia.org\/portal\/?p=42087"},"modified":"2025-03-15T10:12:10","modified_gmt":"2025-03-15T15:12:10","slug":"comunicado-a-la-opinion-publica-cabildo-indigena-de-san-miguel-inza","status":"publish","type":"post","link":"https:\/\/www.cric-colombia.org\/portal\/comunicado-a-la-opinion-publica-cabildo-indigena-de-san-miguel-inza\/","title":{"rendered":"Comunicado a la opini\u00f3n p\u00fablica Cabildo Ind\u00edgena de San Miguel, Inz\u00e1"},"content":{"rendered":"<p style=\"text-align: center;\"><strong>COMUNICADO A LA OPINI\u00d3N P\u00daBLICA<br \/>\n<\/strong><strong>CABILDO IND\u00cdGENA DE SAN MIGUEL<\/strong><\/p>\n<p style=\"text-align: justify;\">El Cabildo ind\u00edgena La Reforma Alto San Miguel, Inz\u00e1 Cauca, DENUNCIA ante la opini\u00f3n p\u00fablica Nacional e Internacional, ante los Organismos de Derechos Humanos, Defensores y Defensoras de Derechos Humanos, que Los grupos armados ilegales han intensificado el terror en las comunidades, como lo demuestran los recientes HECHOS DE VIOLENCIA,<\/p>\n<p style=\"text-align: justify;\">El 13 de marzo pasado el mediod\u00eda,<strong> un grupo armado ilegal, fuertemente armado,<\/strong> irrumpi\u00f3 de manera violenta en una vivienda ubicada en la vereda San Miguel. En este ataque, <strong>secuestraron<\/strong> al se\u00f1or <strong>Ernesto Mu\u00f1oz<\/strong>, llev\u00e1ndoselo por la v\u00eda que conduce hacia Pedregal.<\/p>\n<p>Posteriormente, su cuerpo <strong>fue encontrado sin vida<\/strong> en Itaibe P\u00e1ez Cauca.<\/p>\n<p style=\"text-align: justify;\">Adem\u00e1s, denunciamos que el d\u00eda 12 de marzo se presentaron <strong>combates en medio de la poblaci\u00f3n civil<\/strong> en nuestra comunidad entre grupos armados ilegales al parecer ELN y el grupo Dagoberto Ramos, violando por completo el derecho internacional humanitario DIH.<\/p>\n<p style=\"text-align: justify;\">Solicitamos de manera urgente la presencia de organismos defensores de derechos humanos de car\u00e1cter Nacional e Internacional.<\/p>\n<p style=\"text-align: justify;\">Convocamos a todas las comunidades para que actuemos en unidad y defendamos la vida de todas y todos.<\/p>\n<p>Este conflicto no es nuestro, cuenten con nosotros para la paz, NO para la GUERRA.<\/p>\n<p style=\"text-align: center;\"><strong>CABILDO IND\u00cdGENA LA REFORMA ALTO SAN MIGUEL<\/strong><\/p>\n<p style=\"text-align: center;\"><strong>Inza, 14 de marzo de 2025.<\/strong><\/p>\n<p><img decoding=\"async\" loading=\"lazy\" class=\"aligncenter  wp-image-42088\" src=\"https:\/\/www.cric-colombia.org\/portal\/wp-content\/uploads\/2025\/03\/COMUNICADO-SAN-MIGUEL-INZA-269x300.jpg\" alt=\"\" width=\"390\" height=\"435\" srcset=\"https:\/\/www.cric-colombia.org\/portal\/wp-content\/uploads\/2025\/03\/COMUNICADO-SAN-MIGUEL-INZA-269x300.jpg 269w, https:\/\/www.cric-colombia.org\/portal\/wp-content\/uploads\/2025\/03\/COMUNICADO-SAN-MIGUEL-INZA-696x776.jpg 696w, https:\/\/www.cric-colombia.org\/portal\/wp-content\/uploads\/2025\/03\/COMUNICADO-SAN-MIGUEL-INZA-377x420.jpg 377w, https:\/\/www.cric-colombia.org\/portal\/wp-content\/uploads\/2025\/03\/COMUNICADO-SAN-MIGUEL-INZA.jpg 756w\" sizes=\"(max-width: 390px) 100vw, 390px\" \/><\/p>\n","protected":false},"excerpt":{"rendered":"<p>COMUNICADO A LA OPINI\u00d3N P\u00daBLICA CABILDO IND\u00cdGENA DE SAN MIGUEL El Cabildo ind\u00edgena La Reforma Alto San Miguel, Inz\u00e1 Cauca, DENUNCIA ante la opini\u00f3n p\u00fablica Nacional e Internacional, ante los Organismos de Derechos Humanos, Defensores y Defensoras de Derechos Humanos, que Los grupos armados ilegales han intensificado el terror en las comunidades, como lo demuestran <\/p>\n","protected":false},"author":6,"featured_media":36591,"comment_status":"open","ping_status":"open","sticky":false,"template":"","format":"standard","meta":{"footnotes":""},"categories":[19],"tags":[241,609,161,680,651],"yoast_head":"<!-- This site is optimized with the Yoast SEO plugin v20.12 - https:\/\/yoast.com\/wordpress\/plugins\/seo\/ -->\n<title>Comunicado a la opini\u00f3n p\u00fablica Cabildo Ind\u00edgena de San Miguel, Inz\u00e1 - Consejo Regional Ind\u00edgena del Cauca - CRIC<\/title>\n<meta name=\"robots\" content=\"index, follow, max-snippet:-1, max-image-preview:large, max-video-preview:-1\" \/>\n<link rel=\"canonical\" href=\"https:\/\/www.cric-colombia.org\/portal\/comunicado-a-la-opinion-publica-cabildo-indigena-de-san-miguel-inza\/\" \/>\n<meta property=\"og:locale\" content=\"es_ES\" \/>\n<meta property=\"og:type\" content=\"article\" \/>\n<meta property=\"og:title\" content=\"Comunicado a la opini\u00f3n p\u00fablica Cabildo Ind\u00edgena de San Miguel, Inz\u00e1 - Consejo Regional Ind\u00edgena del Cauca - CRIC\" \/>\n<meta property=\"og:description\" content=\"COMUNICADO A LA OPINI\u00d3N P\u00daBLICA CABILDO IND\u00cdGENA DE SAN MIGUEL El Cabildo ind\u00edgena La Reforma Alto San Miguel, Inz\u00e1 Cauca, DENUNCIA ante la opini\u00f3n p\u00fablica Nacional e Internacional, ante los Organismos de Derechos Humanos, Defensores y Defensoras de Derechos Humanos, que Los grupos armados ilegales han intensificado el terror en las comunidades, como lo demuestran\" \/>\n<meta property=\"og:url\" content=\"https:\/\/www.cric-colombia.org\/portal\/comunicado-a-la-opinion-publica-cabildo-indigena-de-san-miguel-inza\/\" \/>\n<meta property=\"og:site_name\" content=\"Consejo Regional Ind\u00edgena del Cauca - CRIC\" \/>\n<meta property=\"article:publisher\" content=\"https:\/\/www.facebook.com\/cric.colombia\/\" \/>\n<meta property=\"article:published_time\" content=\"2025-03-15T15:12:10+00:00\" \/>\n<meta property=\"og:image\" content=\"https:\/\/www.cric-colombia.org\/portal\/wp-content\/uploads\/2023\/02\/cropped-logo-cric-52-a\u00f1os-4-principios.png\" \/>\n\t<meta property=\"og:image:width\" content=\"512\" \/>\n\t<meta property=\"og:image:height\" content=\"512\" \/>\n\t<meta property=\"og:image:type\" content=\"image\/png\" \/>\n<meta name=\"author\" content=\"Comunicaciones CRIC\" \/>\n<meta name=\"twitter:card\" content=\"summary_large_image\" \/>\n<meta name=\"twitter:creator\" content=\"@CRIC_Cauca\" \/>\n<meta name=\"twitter:site\" content=\"@CRIC_Cauca\" \/>\n<meta name=\"twitter:label1\" content=\"Escrito por\" \/>\n\t<meta name=\"twitter:data1\" content=\"Comunicaciones CRIC\" \/>\n\t<meta name=\"twitter:label2\" content=\"Tiempo de lectura\" \/>\n\t<meta name=\"twitter:data2\" content=\"1 minuto\" \/>\n<script type=\"application\/ld+json\" class=\"yoast-schema-graph\">{\"@context\":\"https:\/\/schema.org\",\"@graph\":[{\"@type\":\"Article\",\"@id\":\"https:\/\/www.cric-colombia.org\/portal\/comunicado-a-la-opinion-publica-cabildo-indigena-de-san-miguel-inza\/#article\",\"isPartOf\":{\"@id\":\"https:\/\/www.cric-colombia.org\/portal\/comunicado-a-la-opinion-publica-cabildo-indigena-de-san-miguel-inza\/\"},\"author\":{\"name\":\"Comunicaciones CRIC\",\"@id\":\"https:\/\/www.cric-colombia.org\/portal\/#\/schema\/person\/ab3a3099267de33d55f74f34ba201931\"},\"headline\":\"Comunicado a la opini\u00f3n p\u00fablica Cabildo Ind\u00edgena de San Miguel, Inz\u00e1\",\"datePublished\":\"2025-03-15T15:12:10+00:00\",\"dateModified\":\"2025-03-15T15:12:10+00:00\",\"mainEntityOfPage\":{\"@id\":\"https:\/\/www.cric-colombia.org\/portal\/comunicado-a-la-opinion-publica-cabildo-indigena-de-san-miguel-inza\/\"},\"wordCount\":243,\"commentCount\":0,\"publisher\":{\"@id\":\"https:\/\/www.cric-colombia.org\/portal\/#organization\"},\"keywords\":[\"asesinato\",\"grupos armados\",\"hostigamiento\",\"territorios\",\"violencia\"],\"articleSection\":[\"Comunicados de prensa\"],\"inLanguage\":\"es\",\"potentialAction\":[{\"@type\":\"CommentAction\",\"name\":\"Comment\",\"target\":[\"https:\/\/www.cric-colombia.org\/portal\/comunicado-a-la-opinion-publica-cabildo-indigena-de-san-miguel-inza\/#respond\"]}]},{\"@type\":\"WebPage\",\"@id\":\"https:\/\/www.cric-colombia.org\/portal\/comunicado-a-la-opinion-publica-cabildo-indigena-de-san-miguel-inza\/\",\"url\":\"https:\/\/www.cric-colombia.org\/portal\/comunicado-a-la-opinion-publica-cabildo-indigena-de-san-miguel-inza\/\",\"name\":\"Comunicado a la opini\u00f3n p\u00fablica Cabildo Ind\u00edgena de San Miguel, Inz\u00e1 - Consejo Regional Ind\u00edgena del Cauca - CRIC\",\"isPartOf\":{\"@id\":\"https:\/\/www.cric-colombia.org\/portal\/#website\"},\"datePublished\":\"2025-03-15T15:12:10+00:00\",\"dateModified\":\"2025-03-15T15:12:10+00:00\",\"breadcrumb\":{\"@id\":\"https:\/\/www.cric-colombia.org\/portal\/comunicado-a-la-opinion-publica-cabildo-indigena-de-san-miguel-inza\/#breadcrumb\"},\"inLanguage\":\"es\",\"potentialAction\":[{\"@type\":\"ReadAction\",\"target\":[\"https:\/\/www.cric-colombia.org\/portal\/comunicado-a-la-opinion-publica-cabildo-indigena-de-san-miguel-inza\/\"]}]},{\"@type\":\"BreadcrumbList\",\"@id\":\"https:\/\/www.cric-colombia.org\/portal\/comunicado-a-la-opinion-publica-cabildo-indigena-de-san-miguel-inza\/#breadcrumb\",\"itemListElement\":[{\"@type\":\"ListItem\",\"position\":1,\"name\":\"Portada\",\"item\":\"https:\/\/www.cric-colombia.org\/portal\/\"},{\"@type\":\"ListItem\",\"position\":2,\"name\":\"Comunicado a la opini\u00f3n p\u00fablica Cabildo Ind\u00edgena de San Miguel, Inz\u00e1\"}]},{\"@type\":\"WebSite\",\"@id\":\"https:\/\/www.cric-colombia.org\/portal\/#website\",\"url\":\"https:\/\/www.cric-colombia.org\/portal\/\",\"name\":\"Consejo Regional Ind\u00edgena del Cauca - CRIC\",\"description\":\"P\u00e1gina oficial del Consejo Regional Ind\u00edgena del Cauca, Colombia\",\"publisher\":{\"@id\":\"https:\/\/www.cric-colombia.org\/portal\/#organization\"},\"potentialAction\":[{\"@type\":\"SearchAction\",\"target\":{\"@type\":\"EntryPoint\",\"urlTemplate\":\"https:\/\/www.cric-colombia.org\/portal\/?s={search_term_string}\"},\"query-input\":\"required name=search_term_string\"}],\"inLanguage\":\"es\"},{\"@type\":\"Organization\",\"@id\":\"https:\/\/www.cric-colombia.org\/portal\/#organization\",\"name\":\"Consejo Regional Ind\u00edgena del Cauca\",\"url\":\"https:\/\/www.cric-colombia.org\/portal\/\",\"logo\":{\"@type\":\"ImageObject\",\"inLanguage\":\"es\",\"@id\":\"https:\/\/www.cric-colombia.org\/portal\/#\/schema\/logo\/image\/\",\"url\":\"https:\/\/www.cric-colombia.org\/portal\/wp-content\/uploads\/2015\/08\/logo_cric.jpg\",\"contentUrl\":\"https:\/\/www.cric-colombia.org\/portal\/wp-content\/uploads\/2015\/08\/logo_cric.jpg\",\"width\":512,\"height\":512,\"caption\":\"Consejo Regional Ind\u00edgena del Cauca\"},\"image\":{\"@id\":\"https:\/\/www.cric-colombia.org\/portal\/#\/schema\/logo\/image\/\"},\"sameAs\":[\"https:\/\/www.facebook.com\/cric.colombia\/\",\"https:\/\/twitter.com\/CRIC_Cauca\"]},{\"@type\":\"Person\",\"@id\":\"https:\/\/www.cric-colombia.org\/portal\/#\/schema\/person\/ab3a3099267de33d55f74f34ba201931\",\"name\":\"Comunicaciones CRIC\",\"image\":{\"@type\":\"ImageObject\",\"inLanguage\":\"es\",\"@id\":\"https:\/\/www.cric-colombia.org\/portal\/#\/schema\/person\/image\/\",\"url\":\"https:\/\/secure.gravatar.com\/avatar\/a8d1a6cfcb82a80d09dafefdcc3dcc8a?s=96&d=retro&r=g\",\"contentUrl\":\"https:\/\/secure.gravatar.com\/avatar\/a8d1a6cfcb82a80d09dafefdcc3dcc8a?s=96&d=retro&r=g\",\"caption\":\"Comunicaciones CRIC\"},\"url\":\"https:\/\/www.cric-colombia.org\/portal\/author\/comunicaciones\/\"}]}<\/script>\n<!-- \/ Yoast SEO plugin. -->","yoast_head_json":{"title":"Comunicado a la opini\u00f3n p\u00fablica Cabildo Ind\u00edgena de San Miguel, Inz\u00e1 - Consejo Regional Ind\u00edgena del Cauca - CRIC","robots":{"index":"index","follow":"follow","max-snippet":"max-snippet:-1","max-image-preview":"max-image-preview:large","max-video-preview":"max-video-preview:-1"},"canonical":"https:\/\/www.cric-colombia.org\/portal\/comunicado-a-la-opinion-publica-cabildo-indigena-de-san-miguel-inza\/","og_locale":"es_ES","og_type":"article","og_title":"Comunicado a la opini\u00f3n p\u00fablica Cabildo Ind\u00edgena de San Miguel, Inz\u00e1 - Consejo Regional Ind\u00edgena del Cauca - CRIC","og_description":"COMUNICADO A LA OPINI\u00d3N P\u00daBLICA CABILDO IND\u00cdGENA DE SAN MIGUEL El Cabildo ind\u00edgena La Reforma Alto San Miguel, Inz\u00e1 Cauca, DENUNCIA ante la opini\u00f3n p\u00fablica Nacional e Internacional, ante los Organismos de Derechos Humanos, Defensores y Defensoras de Derechos Humanos, que Los grupos armados ilegales han intensificado el terror en las comunidades, como lo demuestran","og_url":"https:\/\/www.cric-colombia.org\/portal\/comunicado-a-la-opinion-publica-cabildo-indigena-de-san-miguel-inza\/","og_site_name":"Consejo Regional Ind\u00edgena del Cauca - CRIC","article_publisher":"https:\/\/www.facebook.com\/cric.colombia\/","article_published_time":"2025-03-15T15:12:10+00:00","og_image":[{"width":512,"height":512,"url":"https:\/\/www.cric-colombia.org\/portal\/wp-content\/uploads\/2023\/02\/cropped-logo-cric-52-a\u00f1os-4-principios.png","type":"image\/png"}],"author":"Comunicaciones CRIC","twitter_card":"summary_large_image","twitter_creator":"@CRIC_Cauca","twitter_site":"@CRIC_Cauca","twitter_misc":{"Escrito por":"Comunicaciones CRIC","Tiempo de lectura":"1 minuto"},"schema":{"@context":"https:\/\/schema.org","@graph":[{"@type":"Article","@id":"https:\/\/www.cric-colombia.org\/portal\/comunicado-a-la-opinion-publica-cabildo-indigena-de-san-miguel-inza\/#article","isPartOf":{"@id":"https:\/\/www.cric-colombia.org\/portal\/comunicado-a-la-opinion-publica-cabildo-indigena-de-san-miguel-inza\/"},"author":{"name":"Comunicaciones CRIC","@id":"https:\/\/www.cric-colombia.org\/portal\/#\/schema\/person\/ab3a3099267de33d55f74f34ba201931"},"headline":"Comunicado a la opini\u00f3n p\u00fablica Cabildo Ind\u00edgena de San Miguel, Inz\u00e1","datePublished":"2025-03-15T15:12:10+00:00","dateModified":"2025-03-15T15:12:10+00:00","mainEntityOfPage":{"@id":"https:\/\/www.cric-colombia.org\/portal\/comunicado-a-la-opinion-publica-cabildo-indigena-de-san-miguel-inza\/"},"wordCount":243,"commentCount":0,"publisher":{"@id":"https:\/\/www.cric-colombia.org\/portal\/#organization"},"keywords":["asesinato","grupos armados","hostigamiento","territorios","violencia"],"articleSection":["Comunicados de prensa"],"inLanguage":"es","potentialAction":[{"@type":"CommentAction","name":"Comment","target":["https:\/\/www.cric-colombia.org\/portal\/comunicado-a-la-opinion-publica-cabildo-indigena-de-san-miguel-inza\/#respond"]}]},{"@type":"WebPage","@id":"https:\/\/www.cric-colombia.org\/portal\/comunicado-a-la-opinion-publica-cabildo-indigena-de-san-miguel-inza\/","url":"https:\/\/www.cric-colombia.org\/portal\/comunicado-a-la-opinion-publica-cabildo-indigena-de-san-miguel-inza\/","name":"Comunicado a la opini\u00f3n p\u00fablica Cabildo Ind\u00edgena de San Miguel, Inz\u00e1 - Consejo Regional Ind\u00edgena del Cauca - CRIC","isPartOf":{"@id":"https:\/\/www.cric-colombia.org\/portal\/#website"},"datePublished":"2025-03-15T15:12:10+00:00","dateModified":"2025-03-15T15:12:10+00:00","breadcrumb":{"@id":"https:\/\/www.cric-colombia.org\/portal\/comunicado-a-la-opinion-publica-cabildo-indigena-de-san-miguel-inza\/#breadcrumb"},"inLanguage":"es","potentialAction":[{"@type":"ReadAction","target":["https:\/\/www.cric-colombia.org\/portal\/comunicado-a-la-opinion-publica-cabildo-indigena-de-san-miguel-inza\/"]}]},{"@type":"BreadcrumbList","@id":"https:\/\/www.cric-colombia.org\/portal\/comunicado-a-la-opinion-publica-cabildo-indigena-de-san-miguel-inza\/#breadcrumb","itemListElement":[{"@type":"ListItem","position":1,"name":"Portada","item":"https:\/\/www.cric-colombia.org\/portal\/"},{"@type":"ListItem","position":2,"name":"Comunicado a la opini\u00f3n p\u00fablica Cabildo Ind\u00edgena de San Miguel, Inz\u00e1"}]},{"@type":"WebSite","@id":"https:\/\/www.cric-colombia.org\/portal\/#website","url":"https:\/\/www.cric-colombia.org\/portal\/","name":"Consejo Regional Ind\u00edgena del Cauca - CRIC","description":"P\u00e1gina oficial del Consejo Regional Ind\u00edgena del Cauca, Colombia","publisher":{"@id":"https:\/\/www.cric-colombia.org\/portal\/#organization"},"potentialAction":[{"@type":"SearchAction","target":{"@type":"EntryPoint","urlTemplate":"https:\/\/www.cric-colombia.org\/portal\/?s={search_term_string}"},"query-input":"required name=search_term_string"}],"inLanguage":"es"},{"@type":"Organization","@id":"https:\/\/www.cric-colombia.org\/portal\/#organization","name":"Consejo Regional Ind\u00edgena del Cauca","url":"https:\/\/www.cric-colombia.org\/portal\/","logo":{"@type":"ImageObject","inLanguage":"es","@id":"https:\/\/www.cric-colombia.org\/portal\/#\/schema\/logo\/image\/","url":"https:\/\/www.cric-colombia.org\/portal\/wp-content\/uploads\/2015\/08\/logo_cric.jpg","contentUrl":"https:\/\/www.cric-colombia.org\/portal\/wp-content\/uploads\/2015\/08\/logo_cric.jpg","width":512,"height":512,"caption":"Consejo Regional Ind\u00edgena del Cauca"},"image":{"@id":"https:\/\/www.cric-colombia.org\/portal\/#\/schema\/logo\/image\/"},"sameAs":["https:\/\/www.facebook.com\/cric.colombia\/","https:\/\/twitter.com\/CRIC_Cauca"]},{"@type":"Person","@id":"https:\/\/www.cric-colombia.org\/portal\/#\/schema\/person\/ab3a3099267de33d55f74f34ba201931","name":"Comunicaciones CRIC","image":{"@type":"ImageObject","inLanguage":"es","@id":"https:\/\/www.cric-colombia.org\/portal\/#\/schema\/person\/image\/","url":"https:\/\/secure.gravatar.com\/avatar\/a8d1a6cfcb82a80d09dafefdcc3dcc8a?s=96&d=retro&r=g","contentUrl":"https:\/\/secure.gravatar.com\/avatar\/a8d1a6cfcb82a80d09dafefdcc3dcc8a?s=96&d=retro&r=g","caption":"Comunicaciones CRIC"},"url":"https:\/\/www.cric-colombia.org\/portal\/author\/comunicaciones\/"}]}},"jetpack_featured_media_url":"https:\/\/www.cric-colombia.org\/portal\/wp-content\/uploads\/2023\/02\/cropped-logo-cric-52-a\u00f1os-4-principios.png","_links":{"self":[{"href":"https:\/\/www.cric-colombia.org\/portal\/wp-json\/wp\/v2\/posts\/42087"}],"collection":[{"href":"https:\/\/www.cric-colombia.org\/portal\/wp-json\/wp\/v2\/posts"}],"about":[{"href":"https:\/\/www.cric-colombia.org\/portal\/wp-json\/wp\/v2\/types\/post"}],"author":[{"embeddable":true,"href":"https:\/\/www.cric-colombia.org\/portal\/wp-json\/wp\/v2\/users\/6"}],"replies":[{"embeddable":true,"href":"https:\/\/www.cric-colombia.org\/portal\/wp-json\/wp\/v2\/comments?post=42087"}],"version-history":[{"count":1,"href":"https:\/\/www.cric-colombia.org\/portal\/wp-json\/wp\/v2\/posts\/42087\/revisions"}],"predecessor-version":[{"id":42089,"href":"https:\/\/www.cric-colombia.org\/portal\/wp-json\/wp\/v2\/posts\/42087\/revisions\/42089"}],"wp:featuredmedia":[{"embeddable":true,"href":"https:\/\/www.cric-colombia.org\/portal\/wp-json\/wp\/v2\/media\/36591"}],"wp:attachment":[{"href":"https:\/\/www.cric-colombia.org\/portal\/wp-json\/wp\/v2\/media?parent=42087"}],"wp:term":[{"taxonomy":"category","embeddable":true,"href":"https:\/\/www.cric-colombia.org\/portal\/wp-json\/wp\/v2\/categories?post=42087"},{"taxonomy":"post_tag","embeddable":true,"href":"https:\/\/www.cric-colombia.org\/portal\/wp-json\/wp\/v2\/tags?post=42087"}],"curies":[{"name":"wp","href":"https:\/\/api.w.org\/{rel}","templated":true}]}}