{"id":41658,"date":"2025-01-25T22:54:29","date_gmt":"2025-01-26T03:54:29","guid":{"rendered":"https:\/\/www.cric-colombia.org\/portal\/?p=41658"},"modified":"2025-01-27T15:00:05","modified_gmt":"2025-01-27T20:00:05","slug":"comunicado-sobre-el-atroz-feminicidio-de-gloria-cecilia-quilindo-casamachin-pueblo-polindara","status":"publish","type":"post","link":"https:\/\/www.cric-colombia.org\/portal\/comunicado-sobre-el-atroz-feminicidio-de-gloria-cecilia-quilindo-casamachin-pueblo-polindara\/","title":{"rendered":"Comunicado sobre el atroz feminicidio de Gloria Cecilia Quilindo Casamachin &#8211; Pueblo Polindara"},"content":{"rendered":"<p style=\"font-weight: 400; text-align: center;\"><strong>TERRITORIO ANCESTRAL DEL PUEBLO POLINDARA<br \/>\n<\/strong><strong>COMUNICADO A LA OPINION P\u00daBLICA<br \/>\n<\/strong>25 de enero del 2025<\/p>\n<p style=\"font-weight: 400; text-align: justify;\">La Autoridad Tradicional del Pueblo Ind\u00edgena Polindara con profundo dolor y consternaci\u00f3n, se dirige a la opini\u00f3n p\u00fablica para <strong>manifestar nuestra mas en\u00e9rgica y enf\u00e1tica condena al atroz FEMINICIDIO de GLORIA CECILIA QUILINDO CASAMACHIN,<\/strong> quien <strong>se encontraba <a href=\"https:\/\/www.facebook.com\/photo?fbid=1006579974840719&amp;set=a.612339330931454\">desaparecida<\/a><\/strong> desde el d\u00eda 21 de enero del 2025 y <strong>cuyo cuerpo fue encontrado a las afueras de la ciudad de Popay\u00e1n, sector de La Rejoya<\/strong> el d\u00eda 24 de enero del 2025 en las horas de la madrugada en un notable estado de descomposici\u00f3n, cuya identidad fue corroborada el d\u00eda de hoy por Medicina Legal. <strong>Este acto de violencia no solo arrebata la vida de una mujer, sino que afecta y deja una profunda huella a su familia, nuestra comunidad Ind\u00edgena y en la sociedad en general.<\/strong><\/p>\n<p style=\"font-weight: 400; text-align: justify;\">Desde el Pueblo Ind\u00edgena Polindara, su Autoridad Tradicional Indigena y su estructura de Gobierno Propio, <strong>reafirmamos nuestro compromiso irrefutable en contra de todas las formas de violencia de g\u00e9nero<\/strong> y hacemos un llamado urgente y categ\u00f3rico a las autoridades competentes para que de manera coordinada se investigue este lamentable hecho que enluta a nuestra comunidad Ind\u00edgena, es necesario que se act\u00fae bajo el principio de celeridad con la debida diligencia, premura, respeto y sobre todo garantizando justicia para <strong>GLORIA CECILIA QUILINDO CASAMACHIN<\/strong> y su familia.<\/p>\n<p style=\"font-weight: 400; text-align: justify;\">Es fundamental que los presuntos responsables sean llevados de manera inmediata ante la justicia y que se implementen medidas efectivas con enfoque de g\u00e9nero y de articulaci\u00f3n inter jurisdiccional para prevenir que, hechos como este, vuelvan a ocurrir.<\/p>\n<p style=\"font-weight: 400; text-align: justify;\">Exigimos al Estado colombiano y a las entidades responsables Departamentales y Locales, que se <strong>refuercen las pol\u00edticas p\u00fablicas destinadas a erradicar la violencia en contra de las mujeres, se aseguren la protecci\u00f3n y garant\u00eda de derechos fundamentales para todas ellas,<\/strong> especialmente con un enfoque \u00e9tnico y participativo de la comunidad y sus Autoridades.<\/p>\n<p style=\"font-weight: 400; text-align: justify;\"><strong>Hoy el mas vil acto de cobard\u00eda le arrebat\u00f3 la vida a una compa\u00f1era mujer<\/strong>, madre, hija, hermana, t\u00eda, sobrina y esposa, atentando significativamente en un proyecto de vida familiar, regido por la solidaridad y el respeto, a la luz de los principios naturales del Pueblo Ind\u00edgena Polindara reiteramos nuestra m\u00e1s en\u00e9rgica y categ\u00f3rica <strong>voz de <a href=\"https:\/\/www.facebook.com\/photo\/?fbid=1047297227444631&amp;set=pcb.1047297284111292\">rechazo<\/a> a este acto de desidia, odio y des humanismo al quitarle la vida a nuestra compa\u00f1era y exigimos justicia por ella.<\/strong><\/p>\n<p style=\"font-weight: 400; text-align: center;\"><strong>AUTORIDAD TRADICIONAL DEL PUEBLO IND\u00cdGENA <\/strong><strong>POLINDARA<\/strong><\/p>\n<p style=\"font-weight: 400; text-align: center;\"><strong>VIGENCIA &#8211; 2025<\/strong><\/p>\n","protected":false},"excerpt":{"rendered":"<p>TERRITORIO ANCESTRAL DEL PUEBLO POLINDARA COMUNICADO A LA OPINION P\u00daBLICA 25 de enero del 2025 La Autoridad Tradicional del Pueblo Ind\u00edgena Polindara con profundo dolor y consternaci\u00f3n, se dirige a la opini\u00f3n p\u00fablica para manifestar nuestra mas en\u00e9rgica y enf\u00e1tica condena al atroz FEMINICIDIO de GLORIA CECILIA QUILINDO CASAMACHIN, quien se encontraba desaparecida desde el <\/p>\n","protected":false},"author":6,"featured_media":37003,"comment_status":"open","ping_status":"open","sticky":false,"template":"","format":"standard","meta":{"footnotes":""},"categories":[3,19],"tags":[89,1128,347,315,651],"yoast_head":"<!-- This site is optimized with the Yoast SEO plugin v20.12 - https:\/\/yoast.com\/wordpress\/plugins\/seo\/ -->\n<title>Comunicado sobre el atroz feminicidio de Gloria Cecilia Quilindo Casamachin - Pueblo Polindara - Consejo Regional Ind\u00edgena del Cauca - CRIC<\/title>\n<meta name=\"robots\" content=\"index, follow, max-snippet:-1, max-image-preview:large, max-video-preview:-1\" \/>\n<link rel=\"canonical\" href=\"https:\/\/www.cric-colombia.org\/portal\/comunicado-sobre-el-atroz-feminicidio-de-gloria-cecilia-quilindo-casamachin-pueblo-polindara\/\" \/>\n<meta property=\"og:locale\" content=\"es_ES\" \/>\n<meta property=\"og:type\" content=\"article\" \/>\n<meta property=\"og:title\" content=\"Comunicado sobre el atroz feminicidio de Gloria Cecilia Quilindo Casamachin - Pueblo Polindara - Consejo Regional Ind\u00edgena del Cauca - CRIC\" \/>\n<meta property=\"og:description\" content=\"TERRITORIO ANCESTRAL DEL PUEBLO POLINDARA COMUNICADO A LA OPINION P\u00daBLICA 25 de enero del 2025 La Autoridad Tradicional del Pueblo Ind\u00edgena Polindara con profundo dolor y consternaci\u00f3n, se dirige a la opini\u00f3n p\u00fablica para manifestar nuestra mas en\u00e9rgica y enf\u00e1tica condena al atroz FEMINICIDIO de GLORIA CECILIA QUILINDO CASAMACHIN, quien se encontraba desaparecida desde el\" \/>\n<meta property=\"og:url\" content=\"https:\/\/www.cric-colombia.org\/portal\/comunicado-sobre-el-atroz-feminicidio-de-gloria-cecilia-quilindo-casamachin-pueblo-polindara\/\" \/>\n<meta property=\"og:site_name\" content=\"Consejo Regional Ind\u00edgena del Cauca - CRIC\" \/>\n<meta property=\"article:publisher\" content=\"https:\/\/www.facebook.com\/cric.colombia\/\" \/>\n<meta property=\"article:published_time\" content=\"2025-01-26T03:54:29+00:00\" \/>\n<meta property=\"article:modified_time\" content=\"2025-01-27T20:00:05+00:00\" \/>\n<meta property=\"og:image\" content=\"https:\/\/www.cric-colombia.org\/portal\/wp-content\/uploads\/2023\/04\/descarga-2.jpeg\" \/>\n\t<meta property=\"og:image:width\" content=\"225\" \/>\n\t<meta property=\"og:image:height\" content=\"225\" \/>\n\t<meta property=\"og:image:type\" content=\"image\/jpeg\" \/>\n<meta name=\"author\" content=\"Comunicaciones CRIC\" \/>\n<meta name=\"twitter:card\" content=\"summary_large_image\" \/>\n<meta name=\"twitter:creator\" content=\"@CRIC_Cauca\" \/>\n<meta name=\"twitter:site\" content=\"@CRIC_Cauca\" \/>\n<meta name=\"twitter:label1\" content=\"Escrito por\" \/>\n\t<meta name=\"twitter:data1\" content=\"Comunicaciones CRIC\" \/>\n\t<meta name=\"twitter:label2\" content=\"Tiempo de lectura\" \/>\n\t<meta name=\"twitter:data2\" content=\"2 minutos\" \/>\n<script type=\"application\/ld+json\" class=\"yoast-schema-graph\">{\"@context\":\"https:\/\/schema.org\",\"@graph\":[{\"@type\":\"Article\",\"@id\":\"https:\/\/www.cric-colombia.org\/portal\/comunicado-sobre-el-atroz-feminicidio-de-gloria-cecilia-quilindo-casamachin-pueblo-polindara\/#article\",\"isPartOf\":{\"@id\":\"https:\/\/www.cric-colombia.org\/portal\/comunicado-sobre-el-atroz-feminicidio-de-gloria-cecilia-quilindo-casamachin-pueblo-polindara\/\"},\"author\":{\"name\":\"Comunicaciones CRIC\",\"@id\":\"https:\/\/www.cric-colombia.org\/portal\/#\/schema\/person\/ab3a3099267de33d55f74f34ba201931\"},\"headline\":\"Comunicado sobre el atroz feminicidio de Gloria Cecilia Quilindo Casamachin &#8211; Pueblo Polindara\",\"datePublished\":\"2025-01-26T03:54:29+00:00\",\"dateModified\":\"2025-01-27T20:00:05+00:00\",\"mainEntityOfPage\":{\"@id\":\"https:\/\/www.cric-colombia.org\/portal\/comunicado-sobre-el-atroz-feminicidio-de-gloria-cecilia-quilindo-casamachin-pueblo-polindara\/\"},\"wordCount\":442,\"commentCount\":0,\"publisher\":{\"@id\":\"https:\/\/www.cric-colombia.org\/portal\/#organization\"},\"keywords\":[\"cauca\",\"feminicidio\",\"Mujeres\",\"Rechazo\",\"violencia\"],\"articleSection\":[\"Actualidad Ind\u00edgena del Cauca\",\"Comunicados de prensa\"],\"inLanguage\":\"es\",\"potentialAction\":[{\"@type\":\"CommentAction\",\"name\":\"Comment\",\"target\":[\"https:\/\/www.cric-colombia.org\/portal\/comunicado-sobre-el-atroz-feminicidio-de-gloria-cecilia-quilindo-casamachin-pueblo-polindara\/#respond\"]}]},{\"@type\":\"WebPage\",\"@id\":\"https:\/\/www.cric-colombia.org\/portal\/comunicado-sobre-el-atroz-feminicidio-de-gloria-cecilia-quilindo-casamachin-pueblo-polindara\/\",\"url\":\"https:\/\/www.cric-colombia.org\/portal\/comunicado-sobre-el-atroz-feminicidio-de-gloria-cecilia-quilindo-casamachin-pueblo-polindara\/\",\"name\":\"Comunicado sobre el atroz feminicidio de Gloria Cecilia Quilindo Casamachin - Pueblo Polindara - Consejo Regional Ind\u00edgena del Cauca - CRIC\",\"isPartOf\":{\"@id\":\"https:\/\/www.cric-colombia.org\/portal\/#website\"},\"datePublished\":\"2025-01-26T03:54:29+00:00\",\"dateModified\":\"2025-01-27T20:00:05+00:00\",\"breadcrumb\":{\"@id\":\"https:\/\/www.cric-colombia.org\/portal\/comunicado-sobre-el-atroz-feminicidio-de-gloria-cecilia-quilindo-casamachin-pueblo-polindara\/#breadcrumb\"},\"inLanguage\":\"es\",\"potentialAction\":[{\"@type\":\"ReadAction\",\"target\":[\"https:\/\/www.cric-colombia.org\/portal\/comunicado-sobre-el-atroz-feminicidio-de-gloria-cecilia-quilindo-casamachin-pueblo-polindara\/\"]}]},{\"@type\":\"BreadcrumbList\",\"@id\":\"https:\/\/www.cric-colombia.org\/portal\/comunicado-sobre-el-atroz-feminicidio-de-gloria-cecilia-quilindo-casamachin-pueblo-polindara\/#breadcrumb\",\"itemListElement\":[{\"@type\":\"ListItem\",\"position\":1,\"name\":\"Portada\",\"item\":\"https:\/\/www.cric-colombia.org\/portal\/\"},{\"@type\":\"ListItem\",\"position\":2,\"name\":\"Comunicado sobre el atroz feminicidio de Gloria Cecilia Quilindo Casamachin &#8211; Pueblo Polindara\"}]},{\"@type\":\"WebSite\",\"@id\":\"https:\/\/www.cric-colombia.org\/portal\/#website\",\"url\":\"https:\/\/www.cric-colombia.org\/portal\/\",\"name\":\"Consejo Regional Ind\u00edgena del Cauca - CRIC\",\"description\":\"P\u00e1gina oficial del Consejo Regional Ind\u00edgena del Cauca, Colombia\",\"publisher\":{\"@id\":\"https:\/\/www.cric-colombia.org\/portal\/#organization\"},\"potentialAction\":[{\"@type\":\"SearchAction\",\"target\":{\"@type\":\"EntryPoint\",\"urlTemplate\":\"https:\/\/www.cric-colombia.org\/portal\/?s={search_term_string}\"},\"query-input\":\"required name=search_term_string\"}],\"inLanguage\":\"es\"},{\"@type\":\"Organization\",\"@id\":\"https:\/\/www.cric-colombia.org\/portal\/#organization\",\"name\":\"Consejo Regional Ind\u00edgena del Cauca\",\"url\":\"https:\/\/www.cric-colombia.org\/portal\/\",\"logo\":{\"@type\":\"ImageObject\",\"inLanguage\":\"es\",\"@id\":\"https:\/\/www.cric-colombia.org\/portal\/#\/schema\/logo\/image\/\",\"url\":\"https:\/\/www.cric-colombia.org\/portal\/wp-content\/uploads\/2015\/08\/logo_cric.jpg\",\"contentUrl\":\"https:\/\/www.cric-colombia.org\/portal\/wp-content\/uploads\/2015\/08\/logo_cric.jpg\",\"width\":512,\"height\":512,\"caption\":\"Consejo Regional Ind\u00edgena del Cauca\"},\"image\":{\"@id\":\"https:\/\/www.cric-colombia.org\/portal\/#\/schema\/logo\/image\/\"},\"sameAs\":[\"https:\/\/www.facebook.com\/cric.colombia\/\",\"https:\/\/twitter.com\/CRIC_Cauca\"]},{\"@type\":\"Person\",\"@id\":\"https:\/\/www.cric-colombia.org\/portal\/#\/schema\/person\/ab3a3099267de33d55f74f34ba201931\",\"name\":\"Comunicaciones CRIC\",\"image\":{\"@type\":\"ImageObject\",\"inLanguage\":\"es\",\"@id\":\"https:\/\/www.cric-colombia.org\/portal\/#\/schema\/person\/image\/\",\"url\":\"https:\/\/secure.gravatar.com\/avatar\/a8d1a6cfcb82a80d09dafefdcc3dcc8a?s=96&d=retro&r=g\",\"contentUrl\":\"https:\/\/secure.gravatar.com\/avatar\/a8d1a6cfcb82a80d09dafefdcc3dcc8a?s=96&d=retro&r=g\",\"caption\":\"Comunicaciones CRIC\"},\"url\":\"https:\/\/www.cric-colombia.org\/portal\/author\/comunicaciones\/\"}]}<\/script>\n<!-- \/ Yoast SEO plugin. -->","yoast_head_json":{"title":"Comunicado sobre el atroz feminicidio de Gloria Cecilia Quilindo Casamachin - Pueblo Polindara - Consejo Regional Ind\u00edgena del Cauca - CRIC","robots":{"index":"index","follow":"follow","max-snippet":"max-snippet:-1","max-image-preview":"max-image-preview:large","max-video-preview":"max-video-preview:-1"},"canonical":"https:\/\/www.cric-colombia.org\/portal\/comunicado-sobre-el-atroz-feminicidio-de-gloria-cecilia-quilindo-casamachin-pueblo-polindara\/","og_locale":"es_ES","og_type":"article","og_title":"Comunicado sobre el atroz feminicidio de Gloria Cecilia Quilindo Casamachin - Pueblo Polindara - Consejo Regional Ind\u00edgena del Cauca - CRIC","og_description":"TERRITORIO ANCESTRAL DEL PUEBLO POLINDARA COMUNICADO A LA OPINION P\u00daBLICA 25 de enero del 2025 La Autoridad Tradicional del Pueblo Ind\u00edgena Polindara con profundo dolor y consternaci\u00f3n, se dirige a la opini\u00f3n p\u00fablica para manifestar nuestra mas en\u00e9rgica y enf\u00e1tica condena al atroz FEMINICIDIO de GLORIA CECILIA QUILINDO CASAMACHIN, quien se encontraba desaparecida desde el","og_url":"https:\/\/www.cric-colombia.org\/portal\/comunicado-sobre-el-atroz-feminicidio-de-gloria-cecilia-quilindo-casamachin-pueblo-polindara\/","og_site_name":"Consejo Regional Ind\u00edgena del Cauca - CRIC","article_publisher":"https:\/\/www.facebook.com\/cric.colombia\/","article_published_time":"2025-01-26T03:54:29+00:00","article_modified_time":"2025-01-27T20:00:05+00:00","og_image":[{"width":225,"height":225,"url":"https:\/\/www.cric-colombia.org\/portal\/wp-content\/uploads\/2023\/04\/descarga-2.jpeg","type":"image\/jpeg"}],"author":"Comunicaciones CRIC","twitter_card":"summary_large_image","twitter_creator":"@CRIC_Cauca","twitter_site":"@CRIC_Cauca","twitter_misc":{"Escrito por":"Comunicaciones CRIC","Tiempo de lectura":"2 minutos"},"schema":{"@context":"https:\/\/schema.org","@graph":[{"@type":"Article","@id":"https:\/\/www.cric-colombia.org\/portal\/comunicado-sobre-el-atroz-feminicidio-de-gloria-cecilia-quilindo-casamachin-pueblo-polindara\/#article","isPartOf":{"@id":"https:\/\/www.cric-colombia.org\/portal\/comunicado-sobre-el-atroz-feminicidio-de-gloria-cecilia-quilindo-casamachin-pueblo-polindara\/"},"author":{"name":"Comunicaciones CRIC","@id":"https:\/\/www.cric-colombia.org\/portal\/#\/schema\/person\/ab3a3099267de33d55f74f34ba201931"},"headline":"Comunicado sobre el atroz feminicidio de Gloria Cecilia Quilindo Casamachin &#8211; Pueblo Polindara","datePublished":"2025-01-26T03:54:29+00:00","dateModified":"2025-01-27T20:00:05+00:00","mainEntityOfPage":{"@id":"https:\/\/www.cric-colombia.org\/portal\/comunicado-sobre-el-atroz-feminicidio-de-gloria-cecilia-quilindo-casamachin-pueblo-polindara\/"},"wordCount":442,"commentCount":0,"publisher":{"@id":"https:\/\/www.cric-colombia.org\/portal\/#organization"},"keywords":["cauca","feminicidio","Mujeres","Rechazo","violencia"],"articleSection":["Actualidad Ind\u00edgena del Cauca","Comunicados de prensa"],"inLanguage":"es","potentialAction":[{"@type":"CommentAction","name":"Comment","target":["https:\/\/www.cric-colombia.org\/portal\/comunicado-sobre-el-atroz-feminicidio-de-gloria-cecilia-quilindo-casamachin-pueblo-polindara\/#respond"]}]},{"@type":"WebPage","@id":"https:\/\/www.cric-colombia.org\/portal\/comunicado-sobre-el-atroz-feminicidio-de-gloria-cecilia-quilindo-casamachin-pueblo-polindara\/","url":"https:\/\/www.cric-colombia.org\/portal\/comunicado-sobre-el-atroz-feminicidio-de-gloria-cecilia-quilindo-casamachin-pueblo-polindara\/","name":"Comunicado sobre el atroz feminicidio de Gloria Cecilia Quilindo Casamachin - Pueblo Polindara - Consejo Regional Ind\u00edgena del Cauca - CRIC","isPartOf":{"@id":"https:\/\/www.cric-colombia.org\/portal\/#website"},"datePublished":"2025-01-26T03:54:29+00:00","dateModified":"2025-01-27T20:00:05+00:00","breadcrumb":{"@id":"https:\/\/www.cric-colombia.org\/portal\/comunicado-sobre-el-atroz-feminicidio-de-gloria-cecilia-quilindo-casamachin-pueblo-polindara\/#breadcrumb"},"inLanguage":"es","potentialAction":[{"@type":"ReadAction","target":["https:\/\/www.cric-colombia.org\/portal\/comunicado-sobre-el-atroz-feminicidio-de-gloria-cecilia-quilindo-casamachin-pueblo-polindara\/"]}]},{"@type":"BreadcrumbList","@id":"https:\/\/www.cric-colombia.org\/portal\/comunicado-sobre-el-atroz-feminicidio-de-gloria-cecilia-quilindo-casamachin-pueblo-polindara\/#breadcrumb","itemListElement":[{"@type":"ListItem","position":1,"name":"Portada","item":"https:\/\/www.cric-colombia.org\/portal\/"},{"@type":"ListItem","position":2,"name":"Comunicado sobre el atroz feminicidio de Gloria Cecilia Quilindo Casamachin &#8211; Pueblo Polindara"}]},{"@type":"WebSite","@id":"https:\/\/www.cric-colombia.org\/portal\/#website","url":"https:\/\/www.cric-colombia.org\/portal\/","name":"Consejo Regional Ind\u00edgena del Cauca - CRIC","description":"P\u00e1gina oficial del Consejo Regional Ind\u00edgena del Cauca, Colombia","publisher":{"@id":"https:\/\/www.cric-colombia.org\/portal\/#organization"},"potentialAction":[{"@type":"SearchAction","target":{"@type":"EntryPoint","urlTemplate":"https:\/\/www.cric-colombia.org\/portal\/?s={search_term_string}"},"query-input":"required name=search_term_string"}],"inLanguage":"es"},{"@type":"Organization","@id":"https:\/\/www.cric-colombia.org\/portal\/#organization","name":"Consejo Regional Ind\u00edgena del Cauca","url":"https:\/\/www.cric-colombia.org\/portal\/","logo":{"@type":"ImageObject","inLanguage":"es","@id":"https:\/\/www.cric-colombia.org\/portal\/#\/schema\/logo\/image\/","url":"https:\/\/www.cric-colombia.org\/portal\/wp-content\/uploads\/2015\/08\/logo_cric.jpg","contentUrl":"https:\/\/www.cric-colombia.org\/portal\/wp-content\/uploads\/2015\/08\/logo_cric.jpg","width":512,"height":512,"caption":"Consejo Regional Ind\u00edgena del Cauca"},"image":{"@id":"https:\/\/www.cric-colombia.org\/portal\/#\/schema\/logo\/image\/"},"sameAs":["https:\/\/www.facebook.com\/cric.colombia\/","https:\/\/twitter.com\/CRIC_Cauca"]},{"@type":"Person","@id":"https:\/\/www.cric-colombia.org\/portal\/#\/schema\/person\/ab3a3099267de33d55f74f34ba201931","name":"Comunicaciones CRIC","image":{"@type":"ImageObject","inLanguage":"es","@id":"https:\/\/www.cric-colombia.org\/portal\/#\/schema\/person\/image\/","url":"https:\/\/secure.gravatar.com\/avatar\/a8d1a6cfcb82a80d09dafefdcc3dcc8a?s=96&d=retro&r=g","contentUrl":"https:\/\/secure.gravatar.com\/avatar\/a8d1a6cfcb82a80d09dafefdcc3dcc8a?s=96&d=retro&r=g","caption":"Comunicaciones CRIC"},"url":"https:\/\/www.cric-colombia.org\/portal\/author\/comunicaciones\/"}]}},"jetpack_featured_media_url":"https:\/\/www.cric-colombia.org\/portal\/wp-content\/uploads\/2023\/04\/descarga-2.jpeg","_links":{"self":[{"href":"https:\/\/www.cric-colombia.org\/portal\/wp-json\/wp\/v2\/posts\/41658"}],"collection":[{"href":"https:\/\/www.cric-colombia.org\/portal\/wp-json\/wp\/v2\/posts"}],"about":[{"href":"https:\/\/www.cric-colombia.org\/portal\/wp-json\/wp\/v2\/types\/post"}],"author":[{"embeddable":true,"href":"https:\/\/www.cric-colombia.org\/portal\/wp-json\/wp\/v2\/users\/6"}],"replies":[{"embeddable":true,"href":"https:\/\/www.cric-colombia.org\/portal\/wp-json\/wp\/v2\/comments?post=41658"}],"version-history":[{"count":5,"href":"https:\/\/www.cric-colombia.org\/portal\/wp-json\/wp\/v2\/posts\/41658\/revisions"}],"predecessor-version":[{"id":41666,"href":"https:\/\/www.cric-colombia.org\/portal\/wp-json\/wp\/v2\/posts\/41658\/revisions\/41666"}],"wp:featuredmedia":[{"embeddable":true,"href":"https:\/\/www.cric-colombia.org\/portal\/wp-json\/wp\/v2\/media\/37003"}],"wp:attachment":[{"href":"https:\/\/www.cric-colombia.org\/portal\/wp-json\/wp\/v2\/media?parent=41658"}],"wp:term":[{"taxonomy":"category","embeddable":true,"href":"https:\/\/www.cric-colombia.org\/portal\/wp-json\/wp\/v2\/categories?post=41658"},{"taxonomy":"post_tag","embeddable":true,"href":"https:\/\/www.cric-colombia.org\/portal\/wp-json\/wp\/v2\/tags?post=41658"}],"curies":[{"name":"wp","href":"https:\/\/api.w.org\/{rel}","templated":true}]}}