{"id":41555,"date":"2025-01-20T10:04:58","date_gmt":"2025-01-20T15:04:58","guid":{"rendered":"https:\/\/www.cric-colombia.org\/portal\/?p=41555"},"modified":"2025-01-20T10:04:58","modified_gmt":"2025-01-20T15:04:58","slug":"minga-permanente-por-la-recuperacion-y-saneamiento-territorial-del-resguardo-zenu-del-territorio-san-antonio-de-palmito","status":"publish","type":"post","link":"https:\/\/www.cric-colombia.org\/portal\/minga-permanente-por-la-recuperacion-y-saneamiento-territorial-del-resguardo-zenu-del-territorio-san-antonio-de-palmito\/","title":{"rendered":"Minga Permanente por la Recuperaci\u00f3n y Saneamiento Territorial del Resguard\u00f3 Zen\u00fa del territorio San Antonio de Palmito"},"content":{"rendered":"<p style=\"font-weight: 400; text-align: justify;\">El Pueblo Zen\u00fa de San Antonio de Palmito, Sucre, informa a la opini\u00f3n p\u00fablica y a las instituciones del Estado que, debido a las reiteradas omisiones y el incumplimiento de los compromisos adquiridos por el Gobierno Nacional, la Agencia Nacional de Tierras (ANT) y la Sociedad de Activos Especiales (SAE), <strong>hemos decidido convocar y realizar una <em>minga <\/em><em>permanente<\/em> en el marco de la recuperaci\u00f3n y saneamiento territorial de nuestro resguardo.<\/strong><\/p>\n<p style=\"font-weight: 400; text-align: justify;\">Esta decisi\u00f3n es resultado de la persistente <strong>violaci\u00f3n de los acuerdos alcanzados en anteriores mingas y de los compromisos p\u00fablicos establecidos para la entrega<\/strong> de las fincas: Simba, La Laguna y Potos\u00ed, que forman parte integral de nuestro territorio ancestral. A pesar de las promesas de las instituciones del Estado, <strong>no hemos visto avances sustanciales ni acciones concretas para el cumplimiento de dichos acuerdos,<\/strong> lo cual ha generado un profundo malestar y frustraci\u00f3n en nuestras comunidades.<\/p>\n<p style=\"font-weight: 400; text-align: justify;\">Como Pueblo Zen\u00fa, <strong>exigimos con firmeza y determinaci\u00f3n que el saneamiento del Resguard\u00f3 Zen\u00fa se convierta en una realidad,<\/strong> dentro del marco de la reforma agraria que el pa\u00eds necesita. Es nuestro derecho fundamental recuperar las tierras que hist\u00f3ricamente nos pertenecen, garantizar la preservaci\u00f3n de nuestra cultura y el bienestar de las futuras generaciones. Las fincas mencionadas son parte de nuestro territorio ancestral y su recuperaci\u00f3n es vital para el fortalecimiento de nuestra comunidad.<\/p>\n<p style=\"font-weight: 400; text-align: justify;\">Este acto de resistencia y lucha por la justicia territorial se enmarca en nuestra b\u00fasqueda por la autodeterminaci\u00f3n, el respeto a nuestros derechos \u00e9tnicos y territoriales, y la implementaci\u00f3n efectiva de los acuerdos de paz.<strong> Reiteramos nuestra voluntad de di\u00e1logo y negociaci\u00f3n,<\/strong> pero tambi\u00e9n nuestra disposici\u00f3n a <strong>defender con firmeza nuestros derechos ante la falta de acci\u00f3n por parte de las instituciones del Estado.<\/strong><\/p>\n<p style=\"font-weight: 400; text-align: justify;\">Hacemos un llamado a la sociedad, a los medios de comunicaci\u00f3n y a las organizaciones defensoras de derechos humanos para que acompa\u00f1en y visibilicen nuestra causa. <strong>Exigimos el cumplimiento de los acuerdos y una soluci\u00f3n inmediata y efectiva para la recuperaci\u00f3n de las fincas<\/strong> de Simba, La Laguna y Potos\u00ed. El Pueblo Zen\u00fa de San Antonio de Palmito se encuentra en pie de lucha, y no descansaremos hasta lograr el saneamiento y la recuperaci\u00f3n total de nuestro territorio.<\/p>\n<p style=\"font-weight: 400; text-align: justify;\"><strong>Por el respeto a nuestros derechos, por la justicia territorial, por el futuro de nuestro pueblo.<\/strong><\/p>\n<p><em><strong>Resguardo Ind\u00edgena Zen\u00fa &#8211; San Andr\u00e9s de Sotavento\u00a0<\/strong><\/em><\/p>\n<a href=\"https:\/\/www.cric-colombia.org\/portal\/wp-content\/uploads\/2025\/01\/COMUNICADO-A-LA-OPINION-PUBLICA-MINGA-ZENU-20-DE-ENERO.pdf\" class=\"pdfemb-viewer\" style=\"\" data-width=\"max\" data-height=\"max\" data-toolbar=\"both\" data-toolbar-fixed=\"off\">COMUNICADO A LA OPINI\u00d3N P\u00daBLICA MINGA ZENU 20 DE ENERO.<\/a>\n","protected":false},"excerpt":{"rendered":"<p>El Pueblo Zen\u00fa de San Antonio de Palmito, Sucre, informa a la opini\u00f3n p\u00fablica y a las instituciones del Estado que, debido a las reiteradas omisiones y el incumplimiento de los compromisos adquiridos por el Gobierno Nacional, la Agencia Nacional de Tierras (ANT) y la Sociedad de Activos Especiales (SAE), hemos decidido convocar y realizar <\/p>\n","protected":false},"author":6,"featured_media":41557,"comment_status":"open","ping_status":"open","sticky":false,"template":"","format":"standard","meta":{"footnotes":""},"categories":[23],"tags":[198,584,168,333,1114],"yoast_head":"<!-- This site is optimized with the Yoast SEO plugin v20.12 - https:\/\/yoast.com\/wordpress\/plugins\/seo\/ -->\n<title>Minga Permanente por la Recuperaci\u00f3n y Saneamiento Territorial del Resguard\u00f3 Zen\u00fa del territorio San Antonio de Palmito - Consejo Regional Ind\u00edgena del Cauca - CRIC<\/title>\n<meta name=\"robots\" content=\"index, follow, max-snippet:-1, max-image-preview:large, max-video-preview:-1\" \/>\n<link rel=\"canonical\" href=\"https:\/\/www.cric-colombia.org\/portal\/minga-permanente-por-la-recuperacion-y-saneamiento-territorial-del-resguardo-zenu-del-territorio-san-antonio-de-palmito\/\" \/>\n<meta property=\"og:locale\" content=\"es_ES\" \/>\n<meta property=\"og:type\" content=\"article\" \/>\n<meta property=\"og:title\" content=\"Minga Permanente por la Recuperaci\u00f3n y Saneamiento Territorial del Resguard\u00f3 Zen\u00fa del territorio San Antonio de Palmito - Consejo Regional Ind\u00edgena del Cauca - CRIC\" \/>\n<meta property=\"og:description\" content=\"El Pueblo Zen\u00fa de San Antonio de Palmito, Sucre, informa a la opini\u00f3n p\u00fablica y a las instituciones del Estado que, debido a las reiteradas omisiones y el incumplimiento de los compromisos adquiridos por el Gobierno Nacional, la Agencia Nacional de Tierras (ANT) y la Sociedad de Activos Especiales (SAE), hemos decidido convocar y realizar\" \/>\n<meta property=\"og:url\" content=\"https:\/\/www.cric-colombia.org\/portal\/minga-permanente-por-la-recuperacion-y-saneamiento-territorial-del-resguardo-zenu-del-territorio-san-antonio-de-palmito\/\" \/>\n<meta property=\"og:site_name\" content=\"Consejo Regional Ind\u00edgena del Cauca - CRIC\" \/>\n<meta property=\"article:publisher\" content=\"https:\/\/www.facebook.com\/cric.colombia\/\" \/>\n<meta property=\"article:published_time\" content=\"2025-01-20T15:04:58+00:00\" \/>\n<meta property=\"og:image\" content=\"https:\/\/www.cric-colombia.org\/portal\/wp-content\/uploads\/2025\/01\/ZENU-SAN-ANDRES-SOTAVENTO.png\" \/>\n\t<meta property=\"og:image:width\" content=\"2816\" \/>\n\t<meta property=\"og:image:height\" content=\"858\" \/>\n\t<meta property=\"og:image:type\" content=\"image\/png\" \/>\n<meta name=\"author\" content=\"Comunicaciones CRIC\" \/>\n<meta name=\"twitter:card\" content=\"summary_large_image\" \/>\n<meta name=\"twitter:creator\" content=\"@CRIC_Cauca\" \/>\n<meta name=\"twitter:site\" content=\"@CRIC_Cauca\" \/>\n<meta name=\"twitter:label1\" content=\"Escrito por\" \/>\n\t<meta name=\"twitter:data1\" content=\"Comunicaciones CRIC\" \/>\n\t<meta name=\"twitter:label2\" content=\"Tiempo de lectura\" \/>\n\t<meta name=\"twitter:data2\" content=\"2 minutos\" \/>\n<script type=\"application\/ld+json\" class=\"yoast-schema-graph\">{\"@context\":\"https:\/\/schema.org\",\"@graph\":[{\"@type\":\"Article\",\"@id\":\"https:\/\/www.cric-colombia.org\/portal\/minga-permanente-por-la-recuperacion-y-saneamiento-territorial-del-resguardo-zenu-del-territorio-san-antonio-de-palmito\/#article\",\"isPartOf\":{\"@id\":\"https:\/\/www.cric-colombia.org\/portal\/minga-permanente-por-la-recuperacion-y-saneamiento-territorial-del-resguardo-zenu-del-territorio-san-antonio-de-palmito\/\"},\"author\":{\"name\":\"Comunicaciones CRIC\",\"@id\":\"https:\/\/www.cric-colombia.org\/portal\/#\/schema\/person\/ab3a3099267de33d55f74f34ba201931\"},\"headline\":\"Minga Permanente por la Recuperaci\u00f3n y Saneamiento Territorial del Resguard\u00f3 Zen\u00fa del territorio San Antonio de Palmito\",\"datePublished\":\"2025-01-20T15:04:58+00:00\",\"dateModified\":\"2025-01-20T15:04:58+00:00\",\"mainEntityOfPage\":{\"@id\":\"https:\/\/www.cric-colombia.org\/portal\/minga-permanente-por-la-recuperacion-y-saneamiento-territorial-del-resguardo-zenu-del-territorio-san-antonio-de-palmito\/\"},\"wordCount\":455,\"commentCount\":0,\"publisher\":{\"@id\":\"https:\/\/www.cric-colombia.org\/portal\/#organization\"},\"keywords\":[\"comunicado\",\"justicia\",\"Minga\",\"Territorio\",\"zenu\"],\"articleSection\":[\"Actualidad Ind\u00edgena Nacional\"],\"inLanguage\":\"es\",\"potentialAction\":[{\"@type\":\"CommentAction\",\"name\":\"Comment\",\"target\":[\"https:\/\/www.cric-colombia.org\/portal\/minga-permanente-por-la-recuperacion-y-saneamiento-territorial-del-resguardo-zenu-del-territorio-san-antonio-de-palmito\/#respond\"]}]},{\"@type\":\"WebPage\",\"@id\":\"https:\/\/www.cric-colombia.org\/portal\/minga-permanente-por-la-recuperacion-y-saneamiento-territorial-del-resguardo-zenu-del-territorio-san-antonio-de-palmito\/\",\"url\":\"https:\/\/www.cric-colombia.org\/portal\/minga-permanente-por-la-recuperacion-y-saneamiento-territorial-del-resguardo-zenu-del-territorio-san-antonio-de-palmito\/\",\"name\":\"Minga Permanente por la Recuperaci\u00f3n y Saneamiento Territorial del Resguard\u00f3 Zen\u00fa del territorio San Antonio de Palmito - Consejo Regional Ind\u00edgena del Cauca - CRIC\",\"isPartOf\":{\"@id\":\"https:\/\/www.cric-colombia.org\/portal\/#website\"},\"datePublished\":\"2025-01-20T15:04:58+00:00\",\"dateModified\":\"2025-01-20T15:04:58+00:00\",\"breadcrumb\":{\"@id\":\"https:\/\/www.cric-colombia.org\/portal\/minga-permanente-por-la-recuperacion-y-saneamiento-territorial-del-resguardo-zenu-del-territorio-san-antonio-de-palmito\/#breadcrumb\"},\"inLanguage\":\"es\",\"potentialAction\":[{\"@type\":\"ReadAction\",\"target\":[\"https:\/\/www.cric-colombia.org\/portal\/minga-permanente-por-la-recuperacion-y-saneamiento-territorial-del-resguardo-zenu-del-territorio-san-antonio-de-palmito\/\"]}]},{\"@type\":\"BreadcrumbList\",\"@id\":\"https:\/\/www.cric-colombia.org\/portal\/minga-permanente-por-la-recuperacion-y-saneamiento-territorial-del-resguardo-zenu-del-territorio-san-antonio-de-palmito\/#breadcrumb\",\"itemListElement\":[{\"@type\":\"ListItem\",\"position\":1,\"name\":\"Portada\",\"item\":\"https:\/\/www.cric-colombia.org\/portal\/\"},{\"@type\":\"ListItem\",\"position\":2,\"name\":\"Minga Permanente por la Recuperaci\u00f3n y Saneamiento Territorial del Resguard\u00f3 Zen\u00fa del territorio San Antonio de Palmito\"}]},{\"@type\":\"WebSite\",\"@id\":\"https:\/\/www.cric-colombia.org\/portal\/#website\",\"url\":\"https:\/\/www.cric-colombia.org\/portal\/\",\"name\":\"Consejo Regional Ind\u00edgena del Cauca - CRIC\",\"description\":\"P\u00e1gina oficial del Consejo Regional Ind\u00edgena del Cauca, Colombia\",\"publisher\":{\"@id\":\"https:\/\/www.cric-colombia.org\/portal\/#organization\"},\"potentialAction\":[{\"@type\":\"SearchAction\",\"target\":{\"@type\":\"EntryPoint\",\"urlTemplate\":\"https:\/\/www.cric-colombia.org\/portal\/?s={search_term_string}\"},\"query-input\":\"required name=search_term_string\"}],\"inLanguage\":\"es\"},{\"@type\":\"Organization\",\"@id\":\"https:\/\/www.cric-colombia.org\/portal\/#organization\",\"name\":\"Consejo Regional Ind\u00edgena del Cauca\",\"url\":\"https:\/\/www.cric-colombia.org\/portal\/\",\"logo\":{\"@type\":\"ImageObject\",\"inLanguage\":\"es\",\"@id\":\"https:\/\/www.cric-colombia.org\/portal\/#\/schema\/logo\/image\/\",\"url\":\"https:\/\/www.cric-colombia.org\/portal\/wp-content\/uploads\/2015\/08\/logo_cric.jpg\",\"contentUrl\":\"https:\/\/www.cric-colombia.org\/portal\/wp-content\/uploads\/2015\/08\/logo_cric.jpg\",\"width\":512,\"height\":512,\"caption\":\"Consejo Regional Ind\u00edgena del Cauca\"},\"image\":{\"@id\":\"https:\/\/www.cric-colombia.org\/portal\/#\/schema\/logo\/image\/\"},\"sameAs\":[\"https:\/\/www.facebook.com\/cric.colombia\/\",\"https:\/\/twitter.com\/CRIC_Cauca\"]},{\"@type\":\"Person\",\"@id\":\"https:\/\/www.cric-colombia.org\/portal\/#\/schema\/person\/ab3a3099267de33d55f74f34ba201931\",\"name\":\"Comunicaciones CRIC\",\"image\":{\"@type\":\"ImageObject\",\"inLanguage\":\"es\",\"@id\":\"https:\/\/www.cric-colombia.org\/portal\/#\/schema\/person\/image\/\",\"url\":\"https:\/\/secure.gravatar.com\/avatar\/a8d1a6cfcb82a80d09dafefdcc3dcc8a?s=96&d=retro&r=g\",\"contentUrl\":\"https:\/\/secure.gravatar.com\/avatar\/a8d1a6cfcb82a80d09dafefdcc3dcc8a?s=96&d=retro&r=g\",\"caption\":\"Comunicaciones CRIC\"},\"url\":\"https:\/\/www.cric-colombia.org\/portal\/author\/comunicaciones\/\"}]}<\/script>\n<!-- \/ Yoast SEO plugin. -->","yoast_head_json":{"title":"Minga Permanente por la Recuperaci\u00f3n y Saneamiento Territorial del Resguard\u00f3 Zen\u00fa del territorio San Antonio de Palmito - Consejo Regional Ind\u00edgena del Cauca - CRIC","robots":{"index":"index","follow":"follow","max-snippet":"max-snippet:-1","max-image-preview":"max-image-preview:large","max-video-preview":"max-video-preview:-1"},"canonical":"https:\/\/www.cric-colombia.org\/portal\/minga-permanente-por-la-recuperacion-y-saneamiento-territorial-del-resguardo-zenu-del-territorio-san-antonio-de-palmito\/","og_locale":"es_ES","og_type":"article","og_title":"Minga Permanente por la Recuperaci\u00f3n y Saneamiento Territorial del Resguard\u00f3 Zen\u00fa del territorio San Antonio de Palmito - Consejo Regional Ind\u00edgena del Cauca - CRIC","og_description":"El Pueblo Zen\u00fa de San Antonio de Palmito, Sucre, informa a la opini\u00f3n p\u00fablica y a las instituciones del Estado que, debido a las reiteradas omisiones y el incumplimiento de los compromisos adquiridos por el Gobierno Nacional, la Agencia Nacional de Tierras (ANT) y la Sociedad de Activos Especiales (SAE), hemos decidido convocar y realizar","og_url":"https:\/\/www.cric-colombia.org\/portal\/minga-permanente-por-la-recuperacion-y-saneamiento-territorial-del-resguardo-zenu-del-territorio-san-antonio-de-palmito\/","og_site_name":"Consejo Regional Ind\u00edgena del Cauca - CRIC","article_publisher":"https:\/\/www.facebook.com\/cric.colombia\/","article_published_time":"2025-01-20T15:04:58+00:00","og_image":[{"width":2816,"height":858,"url":"https:\/\/www.cric-colombia.org\/portal\/wp-content\/uploads\/2025\/01\/ZENU-SAN-ANDRES-SOTAVENTO.png","type":"image\/png"}],"author":"Comunicaciones CRIC","twitter_card":"summary_large_image","twitter_creator":"@CRIC_Cauca","twitter_site":"@CRIC_Cauca","twitter_misc":{"Escrito por":"Comunicaciones CRIC","Tiempo de lectura":"2 minutos"},"schema":{"@context":"https:\/\/schema.org","@graph":[{"@type":"Article","@id":"https:\/\/www.cric-colombia.org\/portal\/minga-permanente-por-la-recuperacion-y-saneamiento-territorial-del-resguardo-zenu-del-territorio-san-antonio-de-palmito\/#article","isPartOf":{"@id":"https:\/\/www.cric-colombia.org\/portal\/minga-permanente-por-la-recuperacion-y-saneamiento-territorial-del-resguardo-zenu-del-territorio-san-antonio-de-palmito\/"},"author":{"name":"Comunicaciones CRIC","@id":"https:\/\/www.cric-colombia.org\/portal\/#\/schema\/person\/ab3a3099267de33d55f74f34ba201931"},"headline":"Minga Permanente por la Recuperaci\u00f3n y Saneamiento Territorial del Resguard\u00f3 Zen\u00fa del territorio San Antonio de Palmito","datePublished":"2025-01-20T15:04:58+00:00","dateModified":"2025-01-20T15:04:58+00:00","mainEntityOfPage":{"@id":"https:\/\/www.cric-colombia.org\/portal\/minga-permanente-por-la-recuperacion-y-saneamiento-territorial-del-resguardo-zenu-del-territorio-san-antonio-de-palmito\/"},"wordCount":455,"commentCount":0,"publisher":{"@id":"https:\/\/www.cric-colombia.org\/portal\/#organization"},"keywords":["comunicado","justicia","Minga","Territorio","zenu"],"articleSection":["Actualidad Ind\u00edgena Nacional"],"inLanguage":"es","potentialAction":[{"@type":"CommentAction","name":"Comment","target":["https:\/\/www.cric-colombia.org\/portal\/minga-permanente-por-la-recuperacion-y-saneamiento-territorial-del-resguardo-zenu-del-territorio-san-antonio-de-palmito\/#respond"]}]},{"@type":"WebPage","@id":"https:\/\/www.cric-colombia.org\/portal\/minga-permanente-por-la-recuperacion-y-saneamiento-territorial-del-resguardo-zenu-del-territorio-san-antonio-de-palmito\/","url":"https:\/\/www.cric-colombia.org\/portal\/minga-permanente-por-la-recuperacion-y-saneamiento-territorial-del-resguardo-zenu-del-territorio-san-antonio-de-palmito\/","name":"Minga Permanente por la Recuperaci\u00f3n y Saneamiento Territorial del Resguard\u00f3 Zen\u00fa del territorio San Antonio de Palmito - Consejo Regional Ind\u00edgena del Cauca - CRIC","isPartOf":{"@id":"https:\/\/www.cric-colombia.org\/portal\/#website"},"datePublished":"2025-01-20T15:04:58+00:00","dateModified":"2025-01-20T15:04:58+00:00","breadcrumb":{"@id":"https:\/\/www.cric-colombia.org\/portal\/minga-permanente-por-la-recuperacion-y-saneamiento-territorial-del-resguardo-zenu-del-territorio-san-antonio-de-palmito\/#breadcrumb"},"inLanguage":"es","potentialAction":[{"@type":"ReadAction","target":["https:\/\/www.cric-colombia.org\/portal\/minga-permanente-por-la-recuperacion-y-saneamiento-territorial-del-resguardo-zenu-del-territorio-san-antonio-de-palmito\/"]}]},{"@type":"BreadcrumbList","@id":"https:\/\/www.cric-colombia.org\/portal\/minga-permanente-por-la-recuperacion-y-saneamiento-territorial-del-resguardo-zenu-del-territorio-san-antonio-de-palmito\/#breadcrumb","itemListElement":[{"@type":"ListItem","position":1,"name":"Portada","item":"https:\/\/www.cric-colombia.org\/portal\/"},{"@type":"ListItem","position":2,"name":"Minga Permanente por la Recuperaci\u00f3n y Saneamiento Territorial del Resguard\u00f3 Zen\u00fa del territorio San Antonio de Palmito"}]},{"@type":"WebSite","@id":"https:\/\/www.cric-colombia.org\/portal\/#website","url":"https:\/\/www.cric-colombia.org\/portal\/","name":"Consejo Regional Ind\u00edgena del Cauca - CRIC","description":"P\u00e1gina oficial del Consejo Regional Ind\u00edgena del Cauca, Colombia","publisher":{"@id":"https:\/\/www.cric-colombia.org\/portal\/#organization"},"potentialAction":[{"@type":"SearchAction","target":{"@type":"EntryPoint","urlTemplate":"https:\/\/www.cric-colombia.org\/portal\/?s={search_term_string}"},"query-input":"required name=search_term_string"}],"inLanguage":"es"},{"@type":"Organization","@id":"https:\/\/www.cric-colombia.org\/portal\/#organization","name":"Consejo Regional Ind\u00edgena del Cauca","url":"https:\/\/www.cric-colombia.org\/portal\/","logo":{"@type":"ImageObject","inLanguage":"es","@id":"https:\/\/www.cric-colombia.org\/portal\/#\/schema\/logo\/image\/","url":"https:\/\/www.cric-colombia.org\/portal\/wp-content\/uploads\/2015\/08\/logo_cric.jpg","contentUrl":"https:\/\/www.cric-colombia.org\/portal\/wp-content\/uploads\/2015\/08\/logo_cric.jpg","width":512,"height":512,"caption":"Consejo Regional Ind\u00edgena del Cauca"},"image":{"@id":"https:\/\/www.cric-colombia.org\/portal\/#\/schema\/logo\/image\/"},"sameAs":["https:\/\/www.facebook.com\/cric.colombia\/","https:\/\/twitter.com\/CRIC_Cauca"]},{"@type":"Person","@id":"https:\/\/www.cric-colombia.org\/portal\/#\/schema\/person\/ab3a3099267de33d55f74f34ba201931","name":"Comunicaciones CRIC","image":{"@type":"ImageObject","inLanguage":"es","@id":"https:\/\/www.cric-colombia.org\/portal\/#\/schema\/person\/image\/","url":"https:\/\/secure.gravatar.com\/avatar\/a8d1a6cfcb82a80d09dafefdcc3dcc8a?s=96&d=retro&r=g","contentUrl":"https:\/\/secure.gravatar.com\/avatar\/a8d1a6cfcb82a80d09dafefdcc3dcc8a?s=96&d=retro&r=g","caption":"Comunicaciones CRIC"},"url":"https:\/\/www.cric-colombia.org\/portal\/author\/comunicaciones\/"}]}},"jetpack_featured_media_url":"https:\/\/www.cric-colombia.org\/portal\/wp-content\/uploads\/2025\/01\/ZENU-SAN-ANDRES-SOTAVENTO.png","_links":{"self":[{"href":"https:\/\/www.cric-colombia.org\/portal\/wp-json\/wp\/v2\/posts\/41555"}],"collection":[{"href":"https:\/\/www.cric-colombia.org\/portal\/wp-json\/wp\/v2\/posts"}],"about":[{"href":"https:\/\/www.cric-colombia.org\/portal\/wp-json\/wp\/v2\/types\/post"}],"author":[{"embeddable":true,"href":"https:\/\/www.cric-colombia.org\/portal\/wp-json\/wp\/v2\/users\/6"}],"replies":[{"embeddable":true,"href":"https:\/\/www.cric-colombia.org\/portal\/wp-json\/wp\/v2\/comments?post=41555"}],"version-history":[{"count":1,"href":"https:\/\/www.cric-colombia.org\/portal\/wp-json\/wp\/v2\/posts\/41555\/revisions"}],"predecessor-version":[{"id":41558,"href":"https:\/\/www.cric-colombia.org\/portal\/wp-json\/wp\/v2\/posts\/41555\/revisions\/41558"}],"wp:featuredmedia":[{"embeddable":true,"href":"https:\/\/www.cric-colombia.org\/portal\/wp-json\/wp\/v2\/media\/41557"}],"wp:attachment":[{"href":"https:\/\/www.cric-colombia.org\/portal\/wp-json\/wp\/v2\/media?parent=41555"}],"wp:term":[{"taxonomy":"category","embeddable":true,"href":"https:\/\/www.cric-colombia.org\/portal\/wp-json\/wp\/v2\/categories?post=41555"},{"taxonomy":"post_tag","embeddable":true,"href":"https:\/\/www.cric-colombia.org\/portal\/wp-json\/wp\/v2\/tags?post=41555"}],"curies":[{"name":"wp","href":"https:\/\/api.w.org\/{rel}","templated":true}]}}