{"id":41094,"date":"2024-11-03T20:06:56","date_gmt":"2024-11-04T01:06:56","guid":{"rendered":"https:\/\/www.cric-colombia.org\/portal\/?p=41094"},"modified":"2024-11-03T20:06:56","modified_gmt":"2024-11-04T01:06:56","slug":"comunicado-resguardo-honduras-aclaracion-sobre-presunto-ataque-a-campesinos-de-la-anuc","status":"publish","type":"post","link":"https:\/\/www.cric-colombia.org\/portal\/comunicado-resguardo-honduras-aclaracion-sobre-presunto-ataque-a-campesinos-de-la-anuc\/","title":{"rendered":"Comunicado Resguardo Honduras: Aclaraci\u00f3n Sobre Presunto Ataque a Campesinos de la ANUC"},"content":{"rendered":"<p><strong>COMUNICADO A LA OPINI\u00d3N P\u00daBLICA <\/strong><\/p>\n<p><strong>TERRITORIO ANCESTRAL IND\u00cdGENA DE HONDURAS. <\/strong><\/p>\n<p>Con la fuerza y sabidur\u00eda de la Madre Naturaleza, las facultades que nos otorga la Ley de Origen, el Derecho Mayor y el Derecho propio, el art\u00edculo 246, 333 de la CPC, ley 89 de 1890, el Cabildo Ind\u00edgena Del Resguardo De Honduras Del Municipio De Morales Cauca,<\/p>\n<p><strong>ACLARAMOS <\/strong><\/p>\n<p>Sobre la denuncia p\u00fablica realizada por la Asociaci\u00f3n Nacional de Usurarios Campesinos ANUC, realizada en las redes sociales en la que se\u00f1ala: <em>\u201c<a href=\"https:\/\/www.facebook.com\/watch\/?v=1271862037566021&amp;rdid=OgOYlISTQAIWTE2X\">Ind\u00edgenas del resguardo Honduras, en el municipio de Morales, atacaron a campesinos de la ANUC en la vereda Murgueitio, El Tambo, Cauca. El incidente ocurri\u00f3 alrededor de las 10:00 p.m., cuando los agresores cortaron el suministro de energ\u00eda y, encapuchados y armados con machetes, expulsaron a los campesinos del predio<\/a>\u201d <\/em><\/p>\n<p><iframe loading=\"lazy\" style=\"border: none; overflow: hidden;\" src=\"https:\/\/www.facebook.com\/plugins\/video.php?height=317&amp;href=https%3A%2F%2Fwww.facebook.com%2F100092561401141%2Fvideos%2F1271862037566021%2F&amp;show_text=false&amp;width=560&amp;t=0\" width=\"560\" height=\"317\" frameborder=\"0\" scrolling=\"no\" allowfullscreen=\"allowfullscreen\"><\/iframe><\/p>\n<p><strong>HECHOS: <\/strong><\/p>\n<ol>\n<li>La Agencia Nacional de tierras realiza la compra de la Finca \u201cMata de Puro\u201d ubicada en la vereda Murgueito del municipio del Tambo y el d\u00eda 16 de marzo de 2021 hace entrega efectiva a la comunidad ind\u00edgena del Resguardo de Honduras, registro que se evidencia en la escritura P\u00fablica No. 336 del 11 de febrero de 2021 de la Notaria 2 de Popay\u00e1n, con folio de matr\u00edcula inmobiliaria 120-216295.<\/li>\n<li>La comunidad de Murgueito del municipio del Tambo al enterarse de la entrega de la finca a un Resguardo Ind\u00edgena, se indispusieron y no permitieron que el Resguardo de Honduras hiciera uso, goce y disposici\u00f3n de su propiedad, es as\u00ed, que para el mes de octubre de 2021, la comunidad campesina que hace parte de la ANUC del Municipio del Tambo invadi\u00f3 la finca de Mata de Puro, manifestando irregularidades en la compra del predio, situaciones que llevaron a solicitar aclaraciones a la Agencia Nacional de Tierras &#8211; ANT.<\/li>\n<li>Durante dialogo pac\u00edfico y de respeto, el d\u00eda 20 de octubre de 2021 se firm\u00f3 un acta con compromisos de no agresi\u00f3n por las partes.<\/li>\n<li>Y, el d\u00eda 07 de junio de 2022, la ANT indica en respuesta escrita que el procedimiento de compra se realiz\u00f3 conforme a la ley \u2013 normatividad vigente, sin incurrir en irregularidades. Situaci\u00f3n que se dio a conocer a la comunidad campesina que hace parte de la ANUC.<\/li>\n<li>El d\u00eda 24 de octubre de 2024, nos enteramos que la finca de Mata de Puro, hab\u00eda sido invadida nuevamente por miembros de la Asociaci\u00f3n Nacional de Usuarios Campesinos- ANUC, que, a su vez, se encontraban talando los \u00e1rboles y comercializ\u00e1ndolos.<\/li>\n<li>Ante la situaci\u00f3n descrita anteriormente, el d\u00eda 1 de noviembre de 2024, en horas de la tarde se hace presencia en la finca Mata de Puro, con delegaciones de las Autoridades de Honduras, de Chimborazo y guardia ind\u00edgena de Uh Wala Vicx, con el fin de hacer el reclamo pacifico del predio, y siendo las 9:20 pm, se expulsa a los invasores, sac\u00e1ndoles las pertenencias, desbarat\u00e1ndoles los cambuches, y una persona perteneciente a la comunidad campesina, amenaza con un machete, corta los cables de energ\u00eda y guaduas, por el cual se procede a detenerlo, pero huye del lugar.<\/li>\n<li>El d\u00eda 2 de noviembre, los campesinos que se quedaron en la finca Mata de Puro salen por su voluntad con sus pertinencias.<\/li>\n<\/ol>\n<p><strong>Posicionamiento. <\/strong><\/p>\n<p>Ratificamos que el derecho concedido al uso, goce y disposici\u00f3n de la finca \u201cMata de Puro\u201d ubicada en la vereda Murgueito del municipio del Tambo, con escritura P\u00fablica No. 336 del 11 de febrero de 2021 de la Notaria 2 de Popay\u00e1n, con folio de matr\u00edcula inmobiliaria 120-216295, es de nuestra propiedad.<\/p>\n<p><strong>RECHAZAMOS Y EXIGIMOS <\/strong><\/p>\n<p>Rechazamos la denuncia p\u00fablica realizada por la Asociaci\u00f3n Nacional de Usuarios Campesinos ANUC, realizada en las redes sociales.<\/p>\n<p>Exigimos el respeto por la madre tierra &#8211; el medio ambiente y nuestra propiedad, por parte de la Asociaci\u00f3n Nacional de Usurarios Campesinos ANUC.<\/p>\n<p><strong>LLAMADO <\/strong><\/p>\n<p>Exigimos al gobierno nacional, a la Agencia Nacional de Tierras y hacemos el llamado a los organismos garantes de Derechos Humanos para que acompa\u00f1en y verifiquen la situaci\u00f3n que se viene presentando e intervengan, evitando desinformaciones p\u00fablicas que conlleva a fragmentar y colocar entredicho el actuar como autoridades.<\/p>\n<p>A las Autoridades Ind\u00edgenas a nivel regional que nos ayuden a consolidar estrategias y mecanismos que garanticen nuestra convivencia y armon\u00eda en los Territorios ancestrales; as\u00ed mismo a las entidades garantes y defensores de derechos humanos nacionales e Internacionales a actuar con diligencia por la protecci\u00f3n y conservaci\u00f3n de los pueblos originarios.<\/p>\n<p><strong>TERRITORIO ANCESTRAL IND\u00cdGENA DE HONDURAS, MORALES CAUCA, NOVIEMBRE 03 DE 2024.<\/strong><\/p>\n","protected":false},"excerpt":{"rendered":"<p>COMUNICADO A LA OPINI\u00d3N P\u00daBLICA TERRITORIO ANCESTRAL IND\u00cdGENA DE HONDURAS. Con la fuerza y sabidur\u00eda de la Madre Naturaleza, las facultades que nos otorga la Ley de Origen, el Derecho Mayor y el Derecho propio, el art\u00edculo 246, 333 de la CPC, ley 89 de 1890, el Cabildo Ind\u00edgena Del Resguardo De Honduras Del Municipio <\/p>\n","protected":false},"author":6,"featured_media":39788,"comment_status":"open","ping_status":"open","sticky":false,"template":"","format":"standard","meta":{"footnotes":""},"categories":[3],"tags":[1101,252,333],"yoast_head":"<!-- This site is optimized with the Yoast SEO plugin v20.12 - https:\/\/yoast.com\/wordpress\/plugins\/seo\/ -->\n<title>Comunicado Resguardo Honduras: Aclaraci\u00f3n Sobre Presunto Ataque a Campesinos de la ANUC - Consejo Regional Ind\u00edgena del Cauca - CRIC<\/title>\n<meta name=\"robots\" content=\"index, follow, max-snippet:-1, max-image-preview:large, max-video-preview:-1\" \/>\n<link rel=\"canonical\" href=\"https:\/\/www.cric-colombia.org\/portal\/comunicado-resguardo-honduras-aclaracion-sobre-presunto-ataque-a-campesinos-de-la-anuc\/\" \/>\n<meta property=\"og:locale\" content=\"es_ES\" \/>\n<meta property=\"og:type\" content=\"article\" \/>\n<meta property=\"og:title\" content=\"Comunicado Resguardo Honduras: Aclaraci\u00f3n Sobre Presunto Ataque a Campesinos de la ANUC - Consejo Regional Ind\u00edgena del Cauca - CRIC\" \/>\n<meta property=\"og:description\" content=\"COMUNICADO A LA OPINI\u00d3N P\u00daBLICA TERRITORIO ANCESTRAL IND\u00cdGENA DE HONDURAS. Con la fuerza y sabidur\u00eda de la Madre Naturaleza, las facultades que nos otorga la Ley de Origen, el Derecho Mayor y el Derecho propio, el art\u00edculo 246, 333 de la CPC, ley 89 de 1890, el Cabildo Ind\u00edgena Del Resguardo De Honduras Del Municipio\" \/>\n<meta property=\"og:url\" content=\"https:\/\/www.cric-colombia.org\/portal\/comunicado-resguardo-honduras-aclaracion-sobre-presunto-ataque-a-campesinos-de-la-anuc\/\" \/>\n<meta property=\"og:site_name\" content=\"Consejo Regional Ind\u00edgena del Cauca - CRIC\" \/>\n<meta property=\"article:publisher\" content=\"https:\/\/www.facebook.com\/cric.colombia\/\" \/>\n<meta property=\"article:published_time\" content=\"2024-11-04T01:06:56+00:00\" \/>\n<meta property=\"og:image\" content=\"https:\/\/www.cric-colombia.org\/portal\/wp-content\/uploads\/2024\/05\/Logo-Honduras.png\" \/>\n\t<meta property=\"og:image:width\" content=\"149\" \/>\n\t<meta property=\"og:image:height\" content=\"113\" \/>\n\t<meta property=\"og:image:type\" content=\"image\/png\" \/>\n<meta name=\"author\" content=\"Comunicaciones CRIC\" \/>\n<meta name=\"twitter:card\" content=\"summary_large_image\" \/>\n<meta name=\"twitter:creator\" content=\"@CRIC_Cauca\" \/>\n<meta name=\"twitter:site\" content=\"@CRIC_Cauca\" \/>\n<meta name=\"twitter:label1\" content=\"Escrito por\" \/>\n\t<meta name=\"twitter:data1\" content=\"Comunicaciones CRIC\" \/>\n\t<meta name=\"twitter:label2\" content=\"Tiempo de lectura\" \/>\n\t<meta name=\"twitter:data2\" content=\"4 minutos\" \/>\n<script type=\"application\/ld+json\" class=\"yoast-schema-graph\">{\"@context\":\"https:\/\/schema.org\",\"@graph\":[{\"@type\":\"Article\",\"@id\":\"https:\/\/www.cric-colombia.org\/portal\/comunicado-resguardo-honduras-aclaracion-sobre-presunto-ataque-a-campesinos-de-la-anuc\/#article\",\"isPartOf\":{\"@id\":\"https:\/\/www.cric-colombia.org\/portal\/comunicado-resguardo-honduras-aclaracion-sobre-presunto-ataque-a-campesinos-de-la-anuc\/\"},\"author\":{\"name\":\"Comunicaciones CRIC\",\"@id\":\"https:\/\/www.cric-colombia.org\/portal\/#\/schema\/person\/ab3a3099267de33d55f74f34ba201931\"},\"headline\":\"Comunicado Resguardo Honduras: Aclaraci\u00f3n Sobre Presunto Ataque a Campesinos de la ANUC\",\"datePublished\":\"2024-11-04T01:06:56+00:00\",\"dateModified\":\"2024-11-04T01:06:56+00:00\",\"mainEntityOfPage\":{\"@id\":\"https:\/\/www.cric-colombia.org\/portal\/comunicado-resguardo-honduras-aclaracion-sobre-presunto-ataque-a-campesinos-de-la-anuc\/\"},\"wordCount\":770,\"commentCount\":0,\"publisher\":{\"@id\":\"https:\/\/www.cric-colombia.org\/portal\/#organization\"},\"keywords\":[\"honduras\",\"Morales\",\"Territorio\"],\"articleSection\":[\"Actualidad Ind\u00edgena del Cauca\"],\"inLanguage\":\"es\",\"potentialAction\":[{\"@type\":\"CommentAction\",\"name\":\"Comment\",\"target\":[\"https:\/\/www.cric-colombia.org\/portal\/comunicado-resguardo-honduras-aclaracion-sobre-presunto-ataque-a-campesinos-de-la-anuc\/#respond\"]}]},{\"@type\":\"WebPage\",\"@id\":\"https:\/\/www.cric-colombia.org\/portal\/comunicado-resguardo-honduras-aclaracion-sobre-presunto-ataque-a-campesinos-de-la-anuc\/\",\"url\":\"https:\/\/www.cric-colombia.org\/portal\/comunicado-resguardo-honduras-aclaracion-sobre-presunto-ataque-a-campesinos-de-la-anuc\/\",\"name\":\"Comunicado Resguardo Honduras: Aclaraci\u00f3n Sobre Presunto Ataque a Campesinos de la ANUC - Consejo Regional Ind\u00edgena del Cauca - CRIC\",\"isPartOf\":{\"@id\":\"https:\/\/www.cric-colombia.org\/portal\/#website\"},\"datePublished\":\"2024-11-04T01:06:56+00:00\",\"dateModified\":\"2024-11-04T01:06:56+00:00\",\"breadcrumb\":{\"@id\":\"https:\/\/www.cric-colombia.org\/portal\/comunicado-resguardo-honduras-aclaracion-sobre-presunto-ataque-a-campesinos-de-la-anuc\/#breadcrumb\"},\"inLanguage\":\"es\",\"potentialAction\":[{\"@type\":\"ReadAction\",\"target\":[\"https:\/\/www.cric-colombia.org\/portal\/comunicado-resguardo-honduras-aclaracion-sobre-presunto-ataque-a-campesinos-de-la-anuc\/\"]}]},{\"@type\":\"BreadcrumbList\",\"@id\":\"https:\/\/www.cric-colombia.org\/portal\/comunicado-resguardo-honduras-aclaracion-sobre-presunto-ataque-a-campesinos-de-la-anuc\/#breadcrumb\",\"itemListElement\":[{\"@type\":\"ListItem\",\"position\":1,\"name\":\"Portada\",\"item\":\"https:\/\/www.cric-colombia.org\/portal\/\"},{\"@type\":\"ListItem\",\"position\":2,\"name\":\"Comunicado Resguardo Honduras: Aclaraci\u00f3n Sobre Presunto Ataque a Campesinos de la ANUC\"}]},{\"@type\":\"WebSite\",\"@id\":\"https:\/\/www.cric-colombia.org\/portal\/#website\",\"url\":\"https:\/\/www.cric-colombia.org\/portal\/\",\"name\":\"Consejo Regional Ind\u00edgena del Cauca - CRIC\",\"description\":\"P\u00e1gina oficial del Consejo Regional Ind\u00edgena del Cauca, Colombia\",\"publisher\":{\"@id\":\"https:\/\/www.cric-colombia.org\/portal\/#organization\"},\"potentialAction\":[{\"@type\":\"SearchAction\",\"target\":{\"@type\":\"EntryPoint\",\"urlTemplate\":\"https:\/\/www.cric-colombia.org\/portal\/?s={search_term_string}\"},\"query-input\":\"required name=search_term_string\"}],\"inLanguage\":\"es\"},{\"@type\":\"Organization\",\"@id\":\"https:\/\/www.cric-colombia.org\/portal\/#organization\",\"name\":\"Consejo Regional Ind\u00edgena del Cauca\",\"url\":\"https:\/\/www.cric-colombia.org\/portal\/\",\"logo\":{\"@type\":\"ImageObject\",\"inLanguage\":\"es\",\"@id\":\"https:\/\/www.cric-colombia.org\/portal\/#\/schema\/logo\/image\/\",\"url\":\"https:\/\/www.cric-colombia.org\/portal\/wp-content\/uploads\/2015\/08\/logo_cric.jpg\",\"contentUrl\":\"https:\/\/www.cric-colombia.org\/portal\/wp-content\/uploads\/2015\/08\/logo_cric.jpg\",\"width\":512,\"height\":512,\"caption\":\"Consejo Regional Ind\u00edgena del Cauca\"},\"image\":{\"@id\":\"https:\/\/www.cric-colombia.org\/portal\/#\/schema\/logo\/image\/\"},\"sameAs\":[\"https:\/\/www.facebook.com\/cric.colombia\/\",\"https:\/\/twitter.com\/CRIC_Cauca\"]},{\"@type\":\"Person\",\"@id\":\"https:\/\/www.cric-colombia.org\/portal\/#\/schema\/person\/ab3a3099267de33d55f74f34ba201931\",\"name\":\"Comunicaciones CRIC\",\"image\":{\"@type\":\"ImageObject\",\"inLanguage\":\"es\",\"@id\":\"https:\/\/www.cric-colombia.org\/portal\/#\/schema\/person\/image\/\",\"url\":\"https:\/\/secure.gravatar.com\/avatar\/a8d1a6cfcb82a80d09dafefdcc3dcc8a?s=96&d=retro&r=g\",\"contentUrl\":\"https:\/\/secure.gravatar.com\/avatar\/a8d1a6cfcb82a80d09dafefdcc3dcc8a?s=96&d=retro&r=g\",\"caption\":\"Comunicaciones CRIC\"},\"url\":\"https:\/\/www.cric-colombia.org\/portal\/author\/comunicaciones\/\"}]}<\/script>\n<!-- \/ Yoast SEO plugin. -->","yoast_head_json":{"title":"Comunicado Resguardo Honduras: Aclaraci\u00f3n Sobre Presunto Ataque a Campesinos de la ANUC - Consejo Regional Ind\u00edgena del Cauca - CRIC","robots":{"index":"index","follow":"follow","max-snippet":"max-snippet:-1","max-image-preview":"max-image-preview:large","max-video-preview":"max-video-preview:-1"},"canonical":"https:\/\/www.cric-colombia.org\/portal\/comunicado-resguardo-honduras-aclaracion-sobre-presunto-ataque-a-campesinos-de-la-anuc\/","og_locale":"es_ES","og_type":"article","og_title":"Comunicado Resguardo Honduras: Aclaraci\u00f3n Sobre Presunto Ataque a Campesinos de la ANUC - Consejo Regional Ind\u00edgena del Cauca - CRIC","og_description":"COMUNICADO A LA OPINI\u00d3N P\u00daBLICA TERRITORIO ANCESTRAL IND\u00cdGENA DE HONDURAS. Con la fuerza y sabidur\u00eda de la Madre Naturaleza, las facultades que nos otorga la Ley de Origen, el Derecho Mayor y el Derecho propio, el art\u00edculo 246, 333 de la CPC, ley 89 de 1890, el Cabildo Ind\u00edgena Del Resguardo De Honduras Del Municipio","og_url":"https:\/\/www.cric-colombia.org\/portal\/comunicado-resguardo-honduras-aclaracion-sobre-presunto-ataque-a-campesinos-de-la-anuc\/","og_site_name":"Consejo Regional Ind\u00edgena del Cauca - CRIC","article_publisher":"https:\/\/www.facebook.com\/cric.colombia\/","article_published_time":"2024-11-04T01:06:56+00:00","og_image":[{"width":149,"height":113,"url":"https:\/\/www.cric-colombia.org\/portal\/wp-content\/uploads\/2024\/05\/Logo-Honduras.png","type":"image\/png"}],"author":"Comunicaciones CRIC","twitter_card":"summary_large_image","twitter_creator":"@CRIC_Cauca","twitter_site":"@CRIC_Cauca","twitter_misc":{"Escrito por":"Comunicaciones CRIC","Tiempo de lectura":"4 minutos"},"schema":{"@context":"https:\/\/schema.org","@graph":[{"@type":"Article","@id":"https:\/\/www.cric-colombia.org\/portal\/comunicado-resguardo-honduras-aclaracion-sobre-presunto-ataque-a-campesinos-de-la-anuc\/#article","isPartOf":{"@id":"https:\/\/www.cric-colombia.org\/portal\/comunicado-resguardo-honduras-aclaracion-sobre-presunto-ataque-a-campesinos-de-la-anuc\/"},"author":{"name":"Comunicaciones CRIC","@id":"https:\/\/www.cric-colombia.org\/portal\/#\/schema\/person\/ab3a3099267de33d55f74f34ba201931"},"headline":"Comunicado Resguardo Honduras: Aclaraci\u00f3n Sobre Presunto Ataque a Campesinos de la ANUC","datePublished":"2024-11-04T01:06:56+00:00","dateModified":"2024-11-04T01:06:56+00:00","mainEntityOfPage":{"@id":"https:\/\/www.cric-colombia.org\/portal\/comunicado-resguardo-honduras-aclaracion-sobre-presunto-ataque-a-campesinos-de-la-anuc\/"},"wordCount":770,"commentCount":0,"publisher":{"@id":"https:\/\/www.cric-colombia.org\/portal\/#organization"},"keywords":["honduras","Morales","Territorio"],"articleSection":["Actualidad Ind\u00edgena del Cauca"],"inLanguage":"es","potentialAction":[{"@type":"CommentAction","name":"Comment","target":["https:\/\/www.cric-colombia.org\/portal\/comunicado-resguardo-honduras-aclaracion-sobre-presunto-ataque-a-campesinos-de-la-anuc\/#respond"]}]},{"@type":"WebPage","@id":"https:\/\/www.cric-colombia.org\/portal\/comunicado-resguardo-honduras-aclaracion-sobre-presunto-ataque-a-campesinos-de-la-anuc\/","url":"https:\/\/www.cric-colombia.org\/portal\/comunicado-resguardo-honduras-aclaracion-sobre-presunto-ataque-a-campesinos-de-la-anuc\/","name":"Comunicado Resguardo Honduras: Aclaraci\u00f3n Sobre Presunto Ataque a Campesinos de la ANUC - Consejo Regional Ind\u00edgena del Cauca - CRIC","isPartOf":{"@id":"https:\/\/www.cric-colombia.org\/portal\/#website"},"datePublished":"2024-11-04T01:06:56+00:00","dateModified":"2024-11-04T01:06:56+00:00","breadcrumb":{"@id":"https:\/\/www.cric-colombia.org\/portal\/comunicado-resguardo-honduras-aclaracion-sobre-presunto-ataque-a-campesinos-de-la-anuc\/#breadcrumb"},"inLanguage":"es","potentialAction":[{"@type":"ReadAction","target":["https:\/\/www.cric-colombia.org\/portal\/comunicado-resguardo-honduras-aclaracion-sobre-presunto-ataque-a-campesinos-de-la-anuc\/"]}]},{"@type":"BreadcrumbList","@id":"https:\/\/www.cric-colombia.org\/portal\/comunicado-resguardo-honduras-aclaracion-sobre-presunto-ataque-a-campesinos-de-la-anuc\/#breadcrumb","itemListElement":[{"@type":"ListItem","position":1,"name":"Portada","item":"https:\/\/www.cric-colombia.org\/portal\/"},{"@type":"ListItem","position":2,"name":"Comunicado Resguardo Honduras: Aclaraci\u00f3n Sobre Presunto Ataque a Campesinos de la ANUC"}]},{"@type":"WebSite","@id":"https:\/\/www.cric-colombia.org\/portal\/#website","url":"https:\/\/www.cric-colombia.org\/portal\/","name":"Consejo Regional Ind\u00edgena del Cauca - CRIC","description":"P\u00e1gina oficial del Consejo Regional Ind\u00edgena del Cauca, Colombia","publisher":{"@id":"https:\/\/www.cric-colombia.org\/portal\/#organization"},"potentialAction":[{"@type":"SearchAction","target":{"@type":"EntryPoint","urlTemplate":"https:\/\/www.cric-colombia.org\/portal\/?s={search_term_string}"},"query-input":"required name=search_term_string"}],"inLanguage":"es"},{"@type":"Organization","@id":"https:\/\/www.cric-colombia.org\/portal\/#organization","name":"Consejo Regional Ind\u00edgena del Cauca","url":"https:\/\/www.cric-colombia.org\/portal\/","logo":{"@type":"ImageObject","inLanguage":"es","@id":"https:\/\/www.cric-colombia.org\/portal\/#\/schema\/logo\/image\/","url":"https:\/\/www.cric-colombia.org\/portal\/wp-content\/uploads\/2015\/08\/logo_cric.jpg","contentUrl":"https:\/\/www.cric-colombia.org\/portal\/wp-content\/uploads\/2015\/08\/logo_cric.jpg","width":512,"height":512,"caption":"Consejo Regional Ind\u00edgena del Cauca"},"image":{"@id":"https:\/\/www.cric-colombia.org\/portal\/#\/schema\/logo\/image\/"},"sameAs":["https:\/\/www.facebook.com\/cric.colombia\/","https:\/\/twitter.com\/CRIC_Cauca"]},{"@type":"Person","@id":"https:\/\/www.cric-colombia.org\/portal\/#\/schema\/person\/ab3a3099267de33d55f74f34ba201931","name":"Comunicaciones CRIC","image":{"@type":"ImageObject","inLanguage":"es","@id":"https:\/\/www.cric-colombia.org\/portal\/#\/schema\/person\/image\/","url":"https:\/\/secure.gravatar.com\/avatar\/a8d1a6cfcb82a80d09dafefdcc3dcc8a?s=96&d=retro&r=g","contentUrl":"https:\/\/secure.gravatar.com\/avatar\/a8d1a6cfcb82a80d09dafefdcc3dcc8a?s=96&d=retro&r=g","caption":"Comunicaciones CRIC"},"url":"https:\/\/www.cric-colombia.org\/portal\/author\/comunicaciones\/"}]}},"jetpack_featured_media_url":"https:\/\/www.cric-colombia.org\/portal\/wp-content\/uploads\/2024\/05\/Logo-Honduras.png","_links":{"self":[{"href":"https:\/\/www.cric-colombia.org\/portal\/wp-json\/wp\/v2\/posts\/41094"}],"collection":[{"href":"https:\/\/www.cric-colombia.org\/portal\/wp-json\/wp\/v2\/posts"}],"about":[{"href":"https:\/\/www.cric-colombia.org\/portal\/wp-json\/wp\/v2\/types\/post"}],"author":[{"embeddable":true,"href":"https:\/\/www.cric-colombia.org\/portal\/wp-json\/wp\/v2\/users\/6"}],"replies":[{"embeddable":true,"href":"https:\/\/www.cric-colombia.org\/portal\/wp-json\/wp\/v2\/comments?post=41094"}],"version-history":[{"count":1,"href":"https:\/\/www.cric-colombia.org\/portal\/wp-json\/wp\/v2\/posts\/41094\/revisions"}],"predecessor-version":[{"id":41095,"href":"https:\/\/www.cric-colombia.org\/portal\/wp-json\/wp\/v2\/posts\/41094\/revisions\/41095"}],"wp:featuredmedia":[{"embeddable":true,"href":"https:\/\/www.cric-colombia.org\/portal\/wp-json\/wp\/v2\/media\/39788"}],"wp:attachment":[{"href":"https:\/\/www.cric-colombia.org\/portal\/wp-json\/wp\/v2\/media?parent=41094"}],"wp:term":[{"taxonomy":"category","embeddable":true,"href":"https:\/\/www.cric-colombia.org\/portal\/wp-json\/wp\/v2\/categories?post=41094"},{"taxonomy":"post_tag","embeddable":true,"href":"https:\/\/www.cric-colombia.org\/portal\/wp-json\/wp\/v2\/tags?post=41094"}],"curies":[{"name":"wp","href":"https:\/\/api.w.org\/{rel}","templated":true}]}}