{"id":40296,"date":"2024-08-03T17:02:51","date_gmt":"2024-08-03T22:02:51","guid":{"rendered":"https:\/\/www.cric-colombia.org\/portal\/?p=40296"},"modified":"2024-08-03T17:02:51","modified_gmt":"2024-08-03T22:02:51","slug":"boletin-de-derechos-humanos-continua-la-violencia-en-el-norte-del-cauca","status":"publish","type":"post","link":"https:\/\/www.cric-colombia.org\/portal\/boletin-de-derechos-humanos-continua-la-violencia-en-el-norte-del-cauca\/","title":{"rendered":"Bolet\u00edn de Derechos Humanos: Contin\u00faa la violencia en el Norte del Cauca"},"content":{"rendered":"<p><strong>CONTIN\u00daA LA VIOLENCIA EN EL NORTE DEL CAUCA<\/strong><\/p>\n<p>El Tejido de Defensa de la Vida y los Derechos Humanos informa a la comunidad en general y a la opini\u00f3n p\u00fablica nacional e internacional sobre los <strong>nuevos hechos violentos que siguen ocurriendo en el norte del Cauca.<\/strong><\/p>\n<p><strong>A las 9:00am de este s\u00e1bado 3 de agosto, en el resguardo de T\u00f3ez,<\/strong> mientras la comunidad se encontraba haciendo una minga de trabajo, se encontr\u00f3 un artefacto explosivo muy cerca de algunas viviendas. Horas despu\u00e9s el artefacto fue detonado de manera controlada en un lugar aislado.<\/p>\n<p>Luego, poco antes de las 2:00pm, <strong>el comunero Dino Ul Musicue fue asesinado a tiros en horas de la tarde en la vereda El Nilo del resguardo de Huellas<\/strong>, mientras se encontraba en una reuni\u00f3n. El joven proven\u00eda de la vereda El Flay\u00f3, resguardo de San Francisco, en el municipio de Torib\u00edo, y ejerc\u00eda como kabuwe\u2019sx (autoridad veredal) de su territorio.<\/p>\n<p>Esta misma tarde, <strong>entre las veredas Los Alpes y Santa Elena de la parte alta de Corinto se presentan fuertes combates entre el Ej\u00e9rcito y el Frente Dagoberto Ramos,<\/strong> quedando la comunidad ind\u00edgena y campesina en medio del fuego cruzado.<\/p>\n<p><strong>Estos hechos se suman a todas las desarmon\u00edas que se mencionaron en el bolet\u00edn del pasado 1 de agosto<\/strong>. La violencia en otras regiones del Cauca tambi\u00e9n sigue agravando la situaci\u00f3n humanitaria de las poblaciones rurales, como el <strong>vil asesinato del profesor Edgar Eduardo Victoria Segura en Tierradentro y la desaparici\u00f3n de varios menores de edad en pueblos y zonas rurales del departamento.<\/strong> Desde el 27 de julio hasta el momento de publicaci\u00f3n de este bolet\u00edn se han registrado solo en los territorios ind\u00edgenas de la zona norte del Cauca al menos ocho (8) homicidios.<\/p>\n<p>Estos actos de violencia siguen encarn\u00e1ndose en todos los territorios. <strong>La emergencia humanitaria est\u00e1 lejos de solucionarse y, al contrario, parece crecer en su complejidad y en su capacidad destructiva.<\/strong> Exigimos el fin de las acciones violentas en el departamento del Cauca y el respeto a la vida, as\u00ed como a los derechos de las poblaciones y el DIH en todas las instancias.<\/p>\n<p><strong>Tejido de Defensa de la Vida y los Derechos Humanos<\/strong><\/p>\n<p><strong>\u00c7xhab Wala Kiwe \u2013 ACIN<\/strong><\/p>\n<p><strong>3 de agosto de 2024<\/strong><\/p>\n","protected":false},"excerpt":{"rendered":"<p>CONTIN\u00daA LA VIOLENCIA EN EL NORTE DEL CAUCA El Tejido de Defensa de la Vida y los Derechos Humanos informa a la comunidad en general y a la opini\u00f3n p\u00fablica nacional e internacional sobre los nuevos hechos violentos que siguen ocurriendo en el norte del Cauca. A las 9:00am de este s\u00e1bado 3 de agosto, <\/p>\n","protected":false},"author":6,"featured_media":34431,"comment_status":"open","ping_status":"open","sticky":false,"template":"","format":"standard","meta":{"footnotes":""},"categories":[3,74],"tags":[204,190,241,206,189,864,273],"yoast_head":"<!-- This site is optimized with the Yoast SEO plugin v20.12 - https:\/\/yoast.com\/wordpress\/plugins\/seo\/ -->\n<title>Bolet\u00edn de Derechos Humanos: Contin\u00faa la violencia en el Norte del Cauca - Consejo Regional Ind\u00edgena del Cauca - CRIC<\/title>\n<meta name=\"robots\" content=\"index, follow, max-snippet:-1, max-image-preview:large, max-video-preview:-1\" \/>\n<link rel=\"canonical\" href=\"https:\/\/www.cric-colombia.org\/portal\/boletin-de-derechos-humanos-continua-la-violencia-en-el-norte-del-cauca\/\" \/>\n<meta property=\"og:locale\" content=\"es_ES\" \/>\n<meta property=\"og:type\" content=\"article\" \/>\n<meta property=\"og:title\" content=\"Bolet\u00edn de Derechos Humanos: Contin\u00faa la violencia en el Norte del Cauca - Consejo Regional Ind\u00edgena del Cauca - CRIC\" \/>\n<meta property=\"og:description\" content=\"CONTIN\u00daA LA VIOLENCIA EN EL NORTE DEL CAUCA El Tejido de Defensa de la Vida y los Derechos Humanos informa a la comunidad en general y a la opini\u00f3n p\u00fablica nacional e internacional sobre los nuevos hechos violentos que siguen ocurriendo en el norte del Cauca. A las 9:00am de este s\u00e1bado 3 de agosto,\" \/>\n<meta property=\"og:url\" content=\"https:\/\/www.cric-colombia.org\/portal\/boletin-de-derechos-humanos-continua-la-violencia-en-el-norte-del-cauca\/\" \/>\n<meta property=\"og:site_name\" content=\"Consejo Regional Ind\u00edgena del Cauca - CRIC\" \/>\n<meta property=\"article:publisher\" content=\"https:\/\/www.facebook.com\/cric.colombia\/\" \/>\n<meta property=\"article:published_time\" content=\"2024-08-03T22:02:51+00:00\" \/>\n<meta property=\"og:image\" content=\"https:\/\/www.cric-colombia.org\/portal\/wp-content\/uploads\/2022\/05\/ACIN-BOLETIN-DE-DERECHOS-HUMANOS-ACIN-v2.jpg\" \/>\n\t<meta property=\"og:image:width\" content=\"1200\" \/>\n\t<meta property=\"og:image:height\" content=\"600\" \/>\n\t<meta property=\"og:image:type\" content=\"image\/jpeg\" \/>\n<meta name=\"author\" content=\"Comunicaciones CRIC\" \/>\n<meta name=\"twitter:card\" content=\"summary_large_image\" \/>\n<meta name=\"twitter:creator\" content=\"@CRIC_Cauca\" \/>\n<meta name=\"twitter:site\" content=\"@CRIC_Cauca\" \/>\n<meta name=\"twitter:label1\" content=\"Escrito por\" \/>\n\t<meta name=\"twitter:data1\" content=\"Comunicaciones CRIC\" \/>\n\t<meta name=\"twitter:label2\" content=\"Tiempo de lectura\" \/>\n\t<meta name=\"twitter:data2\" content=\"2 minutos\" \/>\n<script type=\"application\/ld+json\" class=\"yoast-schema-graph\">{\"@context\":\"https:\/\/schema.org\",\"@graph\":[{\"@type\":\"Article\",\"@id\":\"https:\/\/www.cric-colombia.org\/portal\/boletin-de-derechos-humanos-continua-la-violencia-en-el-norte-del-cauca\/#article\",\"isPartOf\":{\"@id\":\"https:\/\/www.cric-colombia.org\/portal\/boletin-de-derechos-humanos-continua-la-violencia-en-el-norte-del-cauca\/\"},\"author\":{\"name\":\"Comunicaciones CRIC\",\"@id\":\"https:\/\/www.cric-colombia.org\/portal\/#\/schema\/person\/ab3a3099267de33d55f74f34ba201931\"},\"headline\":\"Bolet\u00edn de Derechos Humanos: Contin\u00faa la violencia en el Norte del Cauca\",\"datePublished\":\"2024-08-03T22:02:51+00:00\",\"dateModified\":\"2024-08-03T22:02:51+00:00\",\"mainEntityOfPage\":{\"@id\":\"https:\/\/www.cric-colombia.org\/portal\/boletin-de-derechos-humanos-continua-la-violencia-en-el-norte-del-cauca\/\"},\"wordCount\":401,\"commentCount\":0,\"publisher\":{\"@id\":\"https:\/\/www.cric-colombia.org\/portal\/#organization\"},\"keywords\":[\"acin\",\"AMCIC\",\"asesinato\",\"comunicacion\",\"CONSEJO REGIONAL INDIGENA DEL CAUCA CRIC\",\"CRIC Nacional\",\"DDHH\"],\"articleSection\":[\"Actualidad Ind\u00edgena del Cauca\",\"Multimedia\"],\"inLanguage\":\"es\",\"potentialAction\":[{\"@type\":\"CommentAction\",\"name\":\"Comment\",\"target\":[\"https:\/\/www.cric-colombia.org\/portal\/boletin-de-derechos-humanos-continua-la-violencia-en-el-norte-del-cauca\/#respond\"]}]},{\"@type\":\"WebPage\",\"@id\":\"https:\/\/www.cric-colombia.org\/portal\/boletin-de-derechos-humanos-continua-la-violencia-en-el-norte-del-cauca\/\",\"url\":\"https:\/\/www.cric-colombia.org\/portal\/boletin-de-derechos-humanos-continua-la-violencia-en-el-norte-del-cauca\/\",\"name\":\"Bolet\u00edn de Derechos Humanos: Contin\u00faa la violencia en el Norte del Cauca - Consejo Regional Ind\u00edgena del Cauca - CRIC\",\"isPartOf\":{\"@id\":\"https:\/\/www.cric-colombia.org\/portal\/#website\"},\"datePublished\":\"2024-08-03T22:02:51+00:00\",\"dateModified\":\"2024-08-03T22:02:51+00:00\",\"breadcrumb\":{\"@id\":\"https:\/\/www.cric-colombia.org\/portal\/boletin-de-derechos-humanos-continua-la-violencia-en-el-norte-del-cauca\/#breadcrumb\"},\"inLanguage\":\"es\",\"potentialAction\":[{\"@type\":\"ReadAction\",\"target\":[\"https:\/\/www.cric-colombia.org\/portal\/boletin-de-derechos-humanos-continua-la-violencia-en-el-norte-del-cauca\/\"]}]},{\"@type\":\"BreadcrumbList\",\"@id\":\"https:\/\/www.cric-colombia.org\/portal\/boletin-de-derechos-humanos-continua-la-violencia-en-el-norte-del-cauca\/#breadcrumb\",\"itemListElement\":[{\"@type\":\"ListItem\",\"position\":1,\"name\":\"Portada\",\"item\":\"https:\/\/www.cric-colombia.org\/portal\/\"},{\"@type\":\"ListItem\",\"position\":2,\"name\":\"Bolet\u00edn de Derechos Humanos: Contin\u00faa la violencia en el Norte del Cauca\"}]},{\"@type\":\"WebSite\",\"@id\":\"https:\/\/www.cric-colombia.org\/portal\/#website\",\"url\":\"https:\/\/www.cric-colombia.org\/portal\/\",\"name\":\"Consejo Regional Ind\u00edgena del Cauca - CRIC\",\"description\":\"P\u00e1gina oficial del Consejo Regional Ind\u00edgena del Cauca, Colombia\",\"publisher\":{\"@id\":\"https:\/\/www.cric-colombia.org\/portal\/#organization\"},\"potentialAction\":[{\"@type\":\"SearchAction\",\"target\":{\"@type\":\"EntryPoint\",\"urlTemplate\":\"https:\/\/www.cric-colombia.org\/portal\/?s={search_term_string}\"},\"query-input\":\"required name=search_term_string\"}],\"inLanguage\":\"es\"},{\"@type\":\"Organization\",\"@id\":\"https:\/\/www.cric-colombia.org\/portal\/#organization\",\"name\":\"Consejo Regional Ind\u00edgena del Cauca\",\"url\":\"https:\/\/www.cric-colombia.org\/portal\/\",\"logo\":{\"@type\":\"ImageObject\",\"inLanguage\":\"es\",\"@id\":\"https:\/\/www.cric-colombia.org\/portal\/#\/schema\/logo\/image\/\",\"url\":\"https:\/\/www.cric-colombia.org\/portal\/wp-content\/uploads\/2015\/08\/logo_cric.jpg\",\"contentUrl\":\"https:\/\/www.cric-colombia.org\/portal\/wp-content\/uploads\/2015\/08\/logo_cric.jpg\",\"width\":512,\"height\":512,\"caption\":\"Consejo Regional Ind\u00edgena del Cauca\"},\"image\":{\"@id\":\"https:\/\/www.cric-colombia.org\/portal\/#\/schema\/logo\/image\/\"},\"sameAs\":[\"https:\/\/www.facebook.com\/cric.colombia\/\",\"https:\/\/twitter.com\/CRIC_Cauca\"]},{\"@type\":\"Person\",\"@id\":\"https:\/\/www.cric-colombia.org\/portal\/#\/schema\/person\/ab3a3099267de33d55f74f34ba201931\",\"name\":\"Comunicaciones CRIC\",\"image\":{\"@type\":\"ImageObject\",\"inLanguage\":\"es\",\"@id\":\"https:\/\/www.cric-colombia.org\/portal\/#\/schema\/person\/image\/\",\"url\":\"https:\/\/secure.gravatar.com\/avatar\/a8d1a6cfcb82a80d09dafefdcc3dcc8a?s=96&d=retro&r=g\",\"contentUrl\":\"https:\/\/secure.gravatar.com\/avatar\/a8d1a6cfcb82a80d09dafefdcc3dcc8a?s=96&d=retro&r=g\",\"caption\":\"Comunicaciones CRIC\"},\"url\":\"https:\/\/www.cric-colombia.org\/portal\/author\/comunicaciones\/\"}]}<\/script>\n<!-- \/ Yoast SEO plugin. -->","yoast_head_json":{"title":"Bolet\u00edn de Derechos Humanos: Contin\u00faa la violencia en el Norte del Cauca - Consejo Regional Ind\u00edgena del Cauca - CRIC","robots":{"index":"index","follow":"follow","max-snippet":"max-snippet:-1","max-image-preview":"max-image-preview:large","max-video-preview":"max-video-preview:-1"},"canonical":"https:\/\/www.cric-colombia.org\/portal\/boletin-de-derechos-humanos-continua-la-violencia-en-el-norte-del-cauca\/","og_locale":"es_ES","og_type":"article","og_title":"Bolet\u00edn de Derechos Humanos: Contin\u00faa la violencia en el Norte del Cauca - Consejo Regional Ind\u00edgena del Cauca - CRIC","og_description":"CONTIN\u00daA LA VIOLENCIA EN EL NORTE DEL CAUCA El Tejido de Defensa de la Vida y los Derechos Humanos informa a la comunidad en general y a la opini\u00f3n p\u00fablica nacional e internacional sobre los nuevos hechos violentos que siguen ocurriendo en el norte del Cauca. A las 9:00am de este s\u00e1bado 3 de agosto,","og_url":"https:\/\/www.cric-colombia.org\/portal\/boletin-de-derechos-humanos-continua-la-violencia-en-el-norte-del-cauca\/","og_site_name":"Consejo Regional Ind\u00edgena del Cauca - CRIC","article_publisher":"https:\/\/www.facebook.com\/cric.colombia\/","article_published_time":"2024-08-03T22:02:51+00:00","og_image":[{"width":1200,"height":600,"url":"https:\/\/www.cric-colombia.org\/portal\/wp-content\/uploads\/2022\/05\/ACIN-BOLETIN-DE-DERECHOS-HUMANOS-ACIN-v2.jpg","type":"image\/jpeg"}],"author":"Comunicaciones CRIC","twitter_card":"summary_large_image","twitter_creator":"@CRIC_Cauca","twitter_site":"@CRIC_Cauca","twitter_misc":{"Escrito por":"Comunicaciones CRIC","Tiempo de lectura":"2 minutos"},"schema":{"@context":"https:\/\/schema.org","@graph":[{"@type":"Article","@id":"https:\/\/www.cric-colombia.org\/portal\/boletin-de-derechos-humanos-continua-la-violencia-en-el-norte-del-cauca\/#article","isPartOf":{"@id":"https:\/\/www.cric-colombia.org\/portal\/boletin-de-derechos-humanos-continua-la-violencia-en-el-norte-del-cauca\/"},"author":{"name":"Comunicaciones CRIC","@id":"https:\/\/www.cric-colombia.org\/portal\/#\/schema\/person\/ab3a3099267de33d55f74f34ba201931"},"headline":"Bolet\u00edn de Derechos Humanos: Contin\u00faa la violencia en el Norte del Cauca","datePublished":"2024-08-03T22:02:51+00:00","dateModified":"2024-08-03T22:02:51+00:00","mainEntityOfPage":{"@id":"https:\/\/www.cric-colombia.org\/portal\/boletin-de-derechos-humanos-continua-la-violencia-en-el-norte-del-cauca\/"},"wordCount":401,"commentCount":0,"publisher":{"@id":"https:\/\/www.cric-colombia.org\/portal\/#organization"},"keywords":["acin","AMCIC","asesinato","comunicacion","CONSEJO REGIONAL INDIGENA DEL CAUCA CRIC","CRIC Nacional","DDHH"],"articleSection":["Actualidad Ind\u00edgena del Cauca","Multimedia"],"inLanguage":"es","potentialAction":[{"@type":"CommentAction","name":"Comment","target":["https:\/\/www.cric-colombia.org\/portal\/boletin-de-derechos-humanos-continua-la-violencia-en-el-norte-del-cauca\/#respond"]}]},{"@type":"WebPage","@id":"https:\/\/www.cric-colombia.org\/portal\/boletin-de-derechos-humanos-continua-la-violencia-en-el-norte-del-cauca\/","url":"https:\/\/www.cric-colombia.org\/portal\/boletin-de-derechos-humanos-continua-la-violencia-en-el-norte-del-cauca\/","name":"Bolet\u00edn de Derechos Humanos: Contin\u00faa la violencia en el Norte del Cauca - Consejo Regional Ind\u00edgena del Cauca - CRIC","isPartOf":{"@id":"https:\/\/www.cric-colombia.org\/portal\/#website"},"datePublished":"2024-08-03T22:02:51+00:00","dateModified":"2024-08-03T22:02:51+00:00","breadcrumb":{"@id":"https:\/\/www.cric-colombia.org\/portal\/boletin-de-derechos-humanos-continua-la-violencia-en-el-norte-del-cauca\/#breadcrumb"},"inLanguage":"es","potentialAction":[{"@type":"ReadAction","target":["https:\/\/www.cric-colombia.org\/portal\/boletin-de-derechos-humanos-continua-la-violencia-en-el-norte-del-cauca\/"]}]},{"@type":"BreadcrumbList","@id":"https:\/\/www.cric-colombia.org\/portal\/boletin-de-derechos-humanos-continua-la-violencia-en-el-norte-del-cauca\/#breadcrumb","itemListElement":[{"@type":"ListItem","position":1,"name":"Portada","item":"https:\/\/www.cric-colombia.org\/portal\/"},{"@type":"ListItem","position":2,"name":"Bolet\u00edn de Derechos Humanos: Contin\u00faa la violencia en el Norte del Cauca"}]},{"@type":"WebSite","@id":"https:\/\/www.cric-colombia.org\/portal\/#website","url":"https:\/\/www.cric-colombia.org\/portal\/","name":"Consejo Regional Ind\u00edgena del Cauca - CRIC","description":"P\u00e1gina oficial del Consejo Regional Ind\u00edgena del Cauca, Colombia","publisher":{"@id":"https:\/\/www.cric-colombia.org\/portal\/#organization"},"potentialAction":[{"@type":"SearchAction","target":{"@type":"EntryPoint","urlTemplate":"https:\/\/www.cric-colombia.org\/portal\/?s={search_term_string}"},"query-input":"required name=search_term_string"}],"inLanguage":"es"},{"@type":"Organization","@id":"https:\/\/www.cric-colombia.org\/portal\/#organization","name":"Consejo Regional Ind\u00edgena del Cauca","url":"https:\/\/www.cric-colombia.org\/portal\/","logo":{"@type":"ImageObject","inLanguage":"es","@id":"https:\/\/www.cric-colombia.org\/portal\/#\/schema\/logo\/image\/","url":"https:\/\/www.cric-colombia.org\/portal\/wp-content\/uploads\/2015\/08\/logo_cric.jpg","contentUrl":"https:\/\/www.cric-colombia.org\/portal\/wp-content\/uploads\/2015\/08\/logo_cric.jpg","width":512,"height":512,"caption":"Consejo Regional Ind\u00edgena del Cauca"},"image":{"@id":"https:\/\/www.cric-colombia.org\/portal\/#\/schema\/logo\/image\/"},"sameAs":["https:\/\/www.facebook.com\/cric.colombia\/","https:\/\/twitter.com\/CRIC_Cauca"]},{"@type":"Person","@id":"https:\/\/www.cric-colombia.org\/portal\/#\/schema\/person\/ab3a3099267de33d55f74f34ba201931","name":"Comunicaciones CRIC","image":{"@type":"ImageObject","inLanguage":"es","@id":"https:\/\/www.cric-colombia.org\/portal\/#\/schema\/person\/image\/","url":"https:\/\/secure.gravatar.com\/avatar\/a8d1a6cfcb82a80d09dafefdcc3dcc8a?s=96&d=retro&r=g","contentUrl":"https:\/\/secure.gravatar.com\/avatar\/a8d1a6cfcb82a80d09dafefdcc3dcc8a?s=96&d=retro&r=g","caption":"Comunicaciones CRIC"},"url":"https:\/\/www.cric-colombia.org\/portal\/author\/comunicaciones\/"}]}},"jetpack_featured_media_url":"https:\/\/www.cric-colombia.org\/portal\/wp-content\/uploads\/2022\/05\/ACIN-BOLETIN-DE-DERECHOS-HUMANOS-ACIN-v2.jpg","_links":{"self":[{"href":"https:\/\/www.cric-colombia.org\/portal\/wp-json\/wp\/v2\/posts\/40296"}],"collection":[{"href":"https:\/\/www.cric-colombia.org\/portal\/wp-json\/wp\/v2\/posts"}],"about":[{"href":"https:\/\/www.cric-colombia.org\/portal\/wp-json\/wp\/v2\/types\/post"}],"author":[{"embeddable":true,"href":"https:\/\/www.cric-colombia.org\/portal\/wp-json\/wp\/v2\/users\/6"}],"replies":[{"embeddable":true,"href":"https:\/\/www.cric-colombia.org\/portal\/wp-json\/wp\/v2\/comments?post=40296"}],"version-history":[{"count":1,"href":"https:\/\/www.cric-colombia.org\/portal\/wp-json\/wp\/v2\/posts\/40296\/revisions"}],"predecessor-version":[{"id":40297,"href":"https:\/\/www.cric-colombia.org\/portal\/wp-json\/wp\/v2\/posts\/40296\/revisions\/40297"}],"wp:featuredmedia":[{"embeddable":true,"href":"https:\/\/www.cric-colombia.org\/portal\/wp-json\/wp\/v2\/media\/34431"}],"wp:attachment":[{"href":"https:\/\/www.cric-colombia.org\/portal\/wp-json\/wp\/v2\/media?parent=40296"}],"wp:term":[{"taxonomy":"category","embeddable":true,"href":"https:\/\/www.cric-colombia.org\/portal\/wp-json\/wp\/v2\/categories?post=40296"},{"taxonomy":"post_tag","embeddable":true,"href":"https:\/\/www.cric-colombia.org\/portal\/wp-json\/wp\/v2\/tags?post=40296"}],"curies":[{"name":"wp","href":"https:\/\/api.w.org\/{rel}","templated":true}]}}