{"id":40289,"date":"2024-08-02T16:24:12","date_gmt":"2024-08-02T21:24:12","guid":{"rendered":"https:\/\/www.cric-colombia.org\/portal\/?p=40289"},"modified":"2024-08-02T16:24:12","modified_gmt":"2024-08-02T21:24:12","slug":"informativo-regional-02-de-agosto-2024-alerta-humanitaria-en-el-municipio-de-toribio","status":"publish","type":"post","link":"https:\/\/www.cric-colombia.org\/portal\/informativo-regional-02-de-agosto-2024-alerta-humanitaria-en-el-municipio-de-toribio\/","title":{"rendered":"Informativo Regional 02 de agosto 2024: Alerta humanitaria en el municipio de Toribio"},"content":{"rendered":"<h2><strong>Local-Regional<\/strong><\/h2>\n<h3><strong>Alerta humanitaria en el municipio de Toribio, plan de vida Proyecto Nasa<\/strong><\/h3>\n<p>La situaci\u00f3n humanitaria que se vive en el municipio de Toribio es cada vez m\u00e1s cr\u00edtica, se ha ido intensificando, dejando en un alto riesgo a las comunidades que habitan este territorio y que viven bajo la zozobra y el terror de una guerra que no les pertenece.<\/p>\n<p>Desde este espacio comunicativo, nos sumamos a las voces de rechazo, ante la estrategia de muerte que los actores armados han venido implementando contra nuestras comunidades y en nuestros territorios. La indignaci\u00f3n sin acci\u00f3n no sirve, dice un compa\u00f1ero nasa en el norte del Cauca, que palabras m\u00e1s precisas para empezar a mirar desde adentro, desde la casa, desde la familia, porque nuestra vida, no depende y no puede quedar en manos de quienes perdieron el camino.<\/p>\n<h3><strong>Territorio de miranda se prepara para la realizaci\u00f3n del ritual mayor del Saakhelu<\/strong><\/h3>\n<p>El territorio ancestral de Miranda, se prepara para la realizaci\u00f3n del ritual mayor del Saakhelu, despertar de las semillas.<\/p>\n<p>Con el objetivo de fortalecer la ritualidad del pueblo nasa y expresar el sentido de resistencia desde los valores culturales, como una estrategia para reivindicar el derecho al ejercicio de autonom\u00eda y la soberan\u00eda alimentaria de los pueblos, del 16 al 19 de agosto, en el resguardo ind\u00edgena de Cilia La Calera, se estar\u00e1 realizando el ritual mayor del Saakhelu Kiwe Kame, finca comunitaria Las Palmas municipio de Miranda.<\/p>\n<h3><strong>Comunidad Ind\u00edgena de Rioblanco, de Sotar\u00e1 se re\u00fane con el director la CRC<\/strong><\/h3>\n<p>En la comunidad Ind\u00edgena de Rioblanco municipio de Sotar\u00e1, departamento del Cauca, se llev\u00f3 a cabo una reuni\u00f3n, en donde particip\u00f3, el director de la CRC, delegado del ministerio de comunicaciones, beneficiarios de renta ciudadana y autoridades tradicionales. Espacio donde se convers\u00f3 frente a proyectos e iniciativas de la comunidad rioblanque\u00f1a, tales como el cuidado y la conservaci\u00f3n de los espacios de vida.<\/p>\n<h3><strong>Proyecto de reforestaci\u00f3n en las cuencas y \u00e1reas protegidas del municipio de P\u00e1ez<\/strong><\/h3>\n<p>Desde el pus yaja, territorio y naturaleza de la Asociaci\u00f3n de Autoridades Ancestrales Territoriales Nasa Cxhacxha, se viene liderando un proyecto de reforestaci\u00f3n en las \u00e1reas protegidas y cuencas que surten los acueductos del municipio de P\u00e1ez.<\/p>\n<h3><strong>J\u00f3venes del pueblo yanacona siguen caminando la palabra<\/strong><\/h3>\n<p>Los j\u00f3venes del Pueblo Yanacona con el fin de fortalecer su pensamiento y conocimiento, frente a los procesos organizativos, vienen generando espacios de conversa y recorridos, los cuales consisten en visibilizar y acompa\u00f1ar a la comunidad.<\/p>\n<h3><strong>Consejo Regional Ind\u00edgena del Cauca, se prepara para la segunda versi\u00f3n del Festvic<\/strong><\/h3>\n<p>El festival de video ind\u00edgena CRIC &#8211; FESTVIC, un espacio pensado hacia la vivencia, el compartir, la muestra y el encuentro comunitario desde la interculturalidad de los Pueblos, y los procesos audiovisuales con contexto inclusivo, plural y de fortalecimiento, que, para esta, su segunda versi\u00f3n tiene como tem\u00e1tica general, el medio ambiente e inclusi\u00f3n.<\/p>\n<p>II FESTIVAL DE VIDEO IND\u00cdGENA CRIC &#8211; FESTVIC, se estar\u00e1 realizando durante el 16, 17 y 18 de octubre de 2024, Popay\u00e1n Cauca.<\/p>\n<p>Descargar informativo<br \/>\n<a title=\"Informativo Regional 02 de agosto 2024\" href=\"https:\/\/audio.ivoox.com\/audio\/6\/0\/5\/0\/informativoregional02agosto2024-programacomunicacionescric-ivoox132390506.mp3?secure=y95DmMFVUIobleSXMUO9ug==,1722640826\">Ir a descargar<\/a><\/p>\n","protected":false},"excerpt":{"rendered":"<p>Local-Regional Alerta humanitaria en el municipio de Toribio, plan de vida Proyecto Nasa La situaci\u00f3n humanitaria que se vive en el municipio de Toribio es cada vez m\u00e1s cr\u00edtica, se ha ido intensificando, dejando en un alto riesgo a las comunidades que habitan este territorio y que viven bajo la zozobra y el terror de <\/p>\n","protected":false},"author":6,"featured_media":40261,"comment_status":"open","ping_status":"open","sticky":false,"template":"","format":"standard","meta":{"footnotes":""},"categories":[3,77,74],"tags":[204,190,142,241,769,89,189,1093],"yoast_head":"<!-- This site is optimized with the Yoast SEO plugin v20.12 - https:\/\/yoast.com\/wordpress\/plugins\/seo\/ -->\n<title>Informativo Regional 02 de agosto 2024: Alerta humanitaria en el municipio de Toribio - Consejo Regional Ind\u00edgena del Cauca - CRIC<\/title>\n<meta name=\"robots\" content=\"index, follow, max-snippet:-1, max-image-preview:large, max-video-preview:-1\" \/>\n<link rel=\"canonical\" href=\"https:\/\/www.cric-colombia.org\/portal\/informativo-regional-02-de-agosto-2024-alerta-humanitaria-en-el-municipio-de-toribio\/\" \/>\n<meta property=\"og:locale\" content=\"es_ES\" \/>\n<meta property=\"og:type\" content=\"article\" \/>\n<meta property=\"og:title\" content=\"Informativo Regional 02 de agosto 2024: Alerta humanitaria en el municipio de Toribio - Consejo Regional Ind\u00edgena del Cauca - CRIC\" \/>\n<meta property=\"og:description\" content=\"Local-Regional Alerta humanitaria en el municipio de Toribio, plan de vida Proyecto Nasa La situaci\u00f3n humanitaria que se vive en el municipio de Toribio es cada vez m\u00e1s cr\u00edtica, se ha ido intensificando, dejando en un alto riesgo a las comunidades que habitan este territorio y que viven bajo la zozobra y el terror de\" \/>\n<meta property=\"og:url\" content=\"https:\/\/www.cric-colombia.org\/portal\/informativo-regional-02-de-agosto-2024-alerta-humanitaria-en-el-municipio-de-toribio\/\" \/>\n<meta property=\"og:site_name\" content=\"Consejo Regional Ind\u00edgena del Cauca - CRIC\" \/>\n<meta property=\"article:publisher\" content=\"https:\/\/www.facebook.com\/cric.colombia\/\" \/>\n<meta property=\"article:published_time\" content=\"2024-08-02T21:24:12+00:00\" \/>\n<meta property=\"og:image\" content=\"https:\/\/www.cric-colombia.org\/portal\/wp-content\/uploads\/2024\/07\/LOGO-COMUNICACIONES-CRIC-AMCIC-696x347-1.jpg\" \/>\n\t<meta property=\"og:image:width\" content=\"696\" \/>\n\t<meta property=\"og:image:height\" content=\"347\" \/>\n\t<meta property=\"og:image:type\" content=\"image\/jpeg\" \/>\n<meta name=\"author\" content=\"Comunicaciones CRIC\" \/>\n<meta name=\"twitter:card\" content=\"summary_large_image\" \/>\n<meta name=\"twitter:creator\" content=\"@CRIC_Cauca\" \/>\n<meta name=\"twitter:site\" content=\"@CRIC_Cauca\" \/>\n<meta name=\"twitter:label1\" content=\"Escrito por\" \/>\n\t<meta name=\"twitter:data1\" content=\"Comunicaciones CRIC\" \/>\n\t<meta name=\"twitter:label2\" content=\"Tiempo de lectura\" \/>\n\t<meta name=\"twitter:data2\" content=\"3 minutos\" \/>\n<script type=\"application\/ld+json\" class=\"yoast-schema-graph\">{\"@context\":\"https:\/\/schema.org\",\"@graph\":[{\"@type\":\"Article\",\"@id\":\"https:\/\/www.cric-colombia.org\/portal\/informativo-regional-02-de-agosto-2024-alerta-humanitaria-en-el-municipio-de-toribio\/#article\",\"isPartOf\":{\"@id\":\"https:\/\/www.cric-colombia.org\/portal\/informativo-regional-02-de-agosto-2024-alerta-humanitaria-en-el-municipio-de-toribio\/\"},\"author\":{\"name\":\"Comunicaciones CRIC\",\"@id\":\"https:\/\/www.cric-colombia.org\/portal\/#\/schema\/person\/ab3a3099267de33d55f74f34ba201931\"},\"headline\":\"Informativo Regional 02 de agosto 2024: Alerta humanitaria en el municipio de Toribio\",\"datePublished\":\"2024-08-02T21:24:12+00:00\",\"dateModified\":\"2024-08-02T21:24:12+00:00\",\"mainEntityOfPage\":{\"@id\":\"https:\/\/www.cric-colombia.org\/portal\/informativo-regional-02-de-agosto-2024-alerta-humanitaria-en-el-municipio-de-toribio\/\"},\"wordCount\":543,\"commentCount\":0,\"publisher\":{\"@id\":\"https:\/\/www.cric-colombia.org\/portal\/#organization\"},\"keywords\":[\"acin\",\"AMCIC\",\"Asesinan\",\"asesinato\",\"Cali\",\"cauca\",\"CONSEJO REGIONAL INDIGENA DEL CAUCA CRIC\",\"Cop16\"],\"articleSection\":[\"Actualidad Ind\u00edgena del Cauca\",\"Audios\",\"Multimedia\"],\"inLanguage\":\"es\",\"potentialAction\":[{\"@type\":\"CommentAction\",\"name\":\"Comment\",\"target\":[\"https:\/\/www.cric-colombia.org\/portal\/informativo-regional-02-de-agosto-2024-alerta-humanitaria-en-el-municipio-de-toribio\/#respond\"]}]},{\"@type\":\"WebPage\",\"@id\":\"https:\/\/www.cric-colombia.org\/portal\/informativo-regional-02-de-agosto-2024-alerta-humanitaria-en-el-municipio-de-toribio\/\",\"url\":\"https:\/\/www.cric-colombia.org\/portal\/informativo-regional-02-de-agosto-2024-alerta-humanitaria-en-el-municipio-de-toribio\/\",\"name\":\"Informativo Regional 02 de agosto 2024: Alerta humanitaria en el municipio de Toribio - Consejo Regional Ind\u00edgena del Cauca - CRIC\",\"isPartOf\":{\"@id\":\"https:\/\/www.cric-colombia.org\/portal\/#website\"},\"datePublished\":\"2024-08-02T21:24:12+00:00\",\"dateModified\":\"2024-08-02T21:24:12+00:00\",\"breadcrumb\":{\"@id\":\"https:\/\/www.cric-colombia.org\/portal\/informativo-regional-02-de-agosto-2024-alerta-humanitaria-en-el-municipio-de-toribio\/#breadcrumb\"},\"inLanguage\":\"es\",\"potentialAction\":[{\"@type\":\"ReadAction\",\"target\":[\"https:\/\/www.cric-colombia.org\/portal\/informativo-regional-02-de-agosto-2024-alerta-humanitaria-en-el-municipio-de-toribio\/\"]}]},{\"@type\":\"BreadcrumbList\",\"@id\":\"https:\/\/www.cric-colombia.org\/portal\/informativo-regional-02-de-agosto-2024-alerta-humanitaria-en-el-municipio-de-toribio\/#breadcrumb\",\"itemListElement\":[{\"@type\":\"ListItem\",\"position\":1,\"name\":\"Portada\",\"item\":\"https:\/\/www.cric-colombia.org\/portal\/\"},{\"@type\":\"ListItem\",\"position\":2,\"name\":\"Informativo Regional 02 de agosto 2024: Alerta humanitaria en el municipio de Toribio\"}]},{\"@type\":\"WebSite\",\"@id\":\"https:\/\/www.cric-colombia.org\/portal\/#website\",\"url\":\"https:\/\/www.cric-colombia.org\/portal\/\",\"name\":\"Consejo Regional Ind\u00edgena del Cauca - CRIC\",\"description\":\"P\u00e1gina oficial del Consejo Regional Ind\u00edgena del Cauca, Colombia\",\"publisher\":{\"@id\":\"https:\/\/www.cric-colombia.org\/portal\/#organization\"},\"potentialAction\":[{\"@type\":\"SearchAction\",\"target\":{\"@type\":\"EntryPoint\",\"urlTemplate\":\"https:\/\/www.cric-colombia.org\/portal\/?s={search_term_string}\"},\"query-input\":\"required name=search_term_string\"}],\"inLanguage\":\"es\"},{\"@type\":\"Organization\",\"@id\":\"https:\/\/www.cric-colombia.org\/portal\/#organization\",\"name\":\"Consejo Regional Ind\u00edgena del Cauca\",\"url\":\"https:\/\/www.cric-colombia.org\/portal\/\",\"logo\":{\"@type\":\"ImageObject\",\"inLanguage\":\"es\",\"@id\":\"https:\/\/www.cric-colombia.org\/portal\/#\/schema\/logo\/image\/\",\"url\":\"https:\/\/www.cric-colombia.org\/portal\/wp-content\/uploads\/2015\/08\/logo_cric.jpg\",\"contentUrl\":\"https:\/\/www.cric-colombia.org\/portal\/wp-content\/uploads\/2015\/08\/logo_cric.jpg\",\"width\":512,\"height\":512,\"caption\":\"Consejo Regional Ind\u00edgena del Cauca\"},\"image\":{\"@id\":\"https:\/\/www.cric-colombia.org\/portal\/#\/schema\/logo\/image\/\"},\"sameAs\":[\"https:\/\/www.facebook.com\/cric.colombia\/\",\"https:\/\/twitter.com\/CRIC_Cauca\"]},{\"@type\":\"Person\",\"@id\":\"https:\/\/www.cric-colombia.org\/portal\/#\/schema\/person\/ab3a3099267de33d55f74f34ba201931\",\"name\":\"Comunicaciones CRIC\",\"image\":{\"@type\":\"ImageObject\",\"inLanguage\":\"es\",\"@id\":\"https:\/\/www.cric-colombia.org\/portal\/#\/schema\/person\/image\/\",\"url\":\"https:\/\/secure.gravatar.com\/avatar\/a8d1a6cfcb82a80d09dafefdcc3dcc8a?s=96&d=retro&r=g\",\"contentUrl\":\"https:\/\/secure.gravatar.com\/avatar\/a8d1a6cfcb82a80d09dafefdcc3dcc8a?s=96&d=retro&r=g\",\"caption\":\"Comunicaciones CRIC\"},\"url\":\"https:\/\/www.cric-colombia.org\/portal\/author\/comunicaciones\/\"}]}<\/script>\n<!-- \/ Yoast SEO plugin. -->","yoast_head_json":{"title":"Informativo Regional 02 de agosto 2024: Alerta humanitaria en el municipio de Toribio - Consejo Regional Ind\u00edgena del Cauca - CRIC","robots":{"index":"index","follow":"follow","max-snippet":"max-snippet:-1","max-image-preview":"max-image-preview:large","max-video-preview":"max-video-preview:-1"},"canonical":"https:\/\/www.cric-colombia.org\/portal\/informativo-regional-02-de-agosto-2024-alerta-humanitaria-en-el-municipio-de-toribio\/","og_locale":"es_ES","og_type":"article","og_title":"Informativo Regional 02 de agosto 2024: Alerta humanitaria en el municipio de Toribio - Consejo Regional Ind\u00edgena del Cauca - CRIC","og_description":"Local-Regional Alerta humanitaria en el municipio de Toribio, plan de vida Proyecto Nasa La situaci\u00f3n humanitaria que se vive en el municipio de Toribio es cada vez m\u00e1s cr\u00edtica, se ha ido intensificando, dejando en un alto riesgo a las comunidades que habitan este territorio y que viven bajo la zozobra y el terror de","og_url":"https:\/\/www.cric-colombia.org\/portal\/informativo-regional-02-de-agosto-2024-alerta-humanitaria-en-el-municipio-de-toribio\/","og_site_name":"Consejo Regional Ind\u00edgena del Cauca - CRIC","article_publisher":"https:\/\/www.facebook.com\/cric.colombia\/","article_published_time":"2024-08-02T21:24:12+00:00","og_image":[{"width":696,"height":347,"url":"https:\/\/www.cric-colombia.org\/portal\/wp-content\/uploads\/2024\/07\/LOGO-COMUNICACIONES-CRIC-AMCIC-696x347-1.jpg","type":"image\/jpeg"}],"author":"Comunicaciones CRIC","twitter_card":"summary_large_image","twitter_creator":"@CRIC_Cauca","twitter_site":"@CRIC_Cauca","twitter_misc":{"Escrito por":"Comunicaciones CRIC","Tiempo de lectura":"3 minutos"},"schema":{"@context":"https:\/\/schema.org","@graph":[{"@type":"Article","@id":"https:\/\/www.cric-colombia.org\/portal\/informativo-regional-02-de-agosto-2024-alerta-humanitaria-en-el-municipio-de-toribio\/#article","isPartOf":{"@id":"https:\/\/www.cric-colombia.org\/portal\/informativo-regional-02-de-agosto-2024-alerta-humanitaria-en-el-municipio-de-toribio\/"},"author":{"name":"Comunicaciones CRIC","@id":"https:\/\/www.cric-colombia.org\/portal\/#\/schema\/person\/ab3a3099267de33d55f74f34ba201931"},"headline":"Informativo Regional 02 de agosto 2024: Alerta humanitaria en el municipio de Toribio","datePublished":"2024-08-02T21:24:12+00:00","dateModified":"2024-08-02T21:24:12+00:00","mainEntityOfPage":{"@id":"https:\/\/www.cric-colombia.org\/portal\/informativo-regional-02-de-agosto-2024-alerta-humanitaria-en-el-municipio-de-toribio\/"},"wordCount":543,"commentCount":0,"publisher":{"@id":"https:\/\/www.cric-colombia.org\/portal\/#organization"},"keywords":["acin","AMCIC","Asesinan","asesinato","Cali","cauca","CONSEJO REGIONAL INDIGENA DEL CAUCA CRIC","Cop16"],"articleSection":["Actualidad Ind\u00edgena del Cauca","Audios","Multimedia"],"inLanguage":"es","potentialAction":[{"@type":"CommentAction","name":"Comment","target":["https:\/\/www.cric-colombia.org\/portal\/informativo-regional-02-de-agosto-2024-alerta-humanitaria-en-el-municipio-de-toribio\/#respond"]}]},{"@type":"WebPage","@id":"https:\/\/www.cric-colombia.org\/portal\/informativo-regional-02-de-agosto-2024-alerta-humanitaria-en-el-municipio-de-toribio\/","url":"https:\/\/www.cric-colombia.org\/portal\/informativo-regional-02-de-agosto-2024-alerta-humanitaria-en-el-municipio-de-toribio\/","name":"Informativo Regional 02 de agosto 2024: Alerta humanitaria en el municipio de Toribio - Consejo Regional Ind\u00edgena del Cauca - CRIC","isPartOf":{"@id":"https:\/\/www.cric-colombia.org\/portal\/#website"},"datePublished":"2024-08-02T21:24:12+00:00","dateModified":"2024-08-02T21:24:12+00:00","breadcrumb":{"@id":"https:\/\/www.cric-colombia.org\/portal\/informativo-regional-02-de-agosto-2024-alerta-humanitaria-en-el-municipio-de-toribio\/#breadcrumb"},"inLanguage":"es","potentialAction":[{"@type":"ReadAction","target":["https:\/\/www.cric-colombia.org\/portal\/informativo-regional-02-de-agosto-2024-alerta-humanitaria-en-el-municipio-de-toribio\/"]}]},{"@type":"BreadcrumbList","@id":"https:\/\/www.cric-colombia.org\/portal\/informativo-regional-02-de-agosto-2024-alerta-humanitaria-en-el-municipio-de-toribio\/#breadcrumb","itemListElement":[{"@type":"ListItem","position":1,"name":"Portada","item":"https:\/\/www.cric-colombia.org\/portal\/"},{"@type":"ListItem","position":2,"name":"Informativo Regional 02 de agosto 2024: Alerta humanitaria en el municipio de Toribio"}]},{"@type":"WebSite","@id":"https:\/\/www.cric-colombia.org\/portal\/#website","url":"https:\/\/www.cric-colombia.org\/portal\/","name":"Consejo Regional Ind\u00edgena del Cauca - CRIC","description":"P\u00e1gina oficial del Consejo Regional Ind\u00edgena del Cauca, Colombia","publisher":{"@id":"https:\/\/www.cric-colombia.org\/portal\/#organization"},"potentialAction":[{"@type":"SearchAction","target":{"@type":"EntryPoint","urlTemplate":"https:\/\/www.cric-colombia.org\/portal\/?s={search_term_string}"},"query-input":"required name=search_term_string"}],"inLanguage":"es"},{"@type":"Organization","@id":"https:\/\/www.cric-colombia.org\/portal\/#organization","name":"Consejo Regional Ind\u00edgena del Cauca","url":"https:\/\/www.cric-colombia.org\/portal\/","logo":{"@type":"ImageObject","inLanguage":"es","@id":"https:\/\/www.cric-colombia.org\/portal\/#\/schema\/logo\/image\/","url":"https:\/\/www.cric-colombia.org\/portal\/wp-content\/uploads\/2015\/08\/logo_cric.jpg","contentUrl":"https:\/\/www.cric-colombia.org\/portal\/wp-content\/uploads\/2015\/08\/logo_cric.jpg","width":512,"height":512,"caption":"Consejo Regional Ind\u00edgena del Cauca"},"image":{"@id":"https:\/\/www.cric-colombia.org\/portal\/#\/schema\/logo\/image\/"},"sameAs":["https:\/\/www.facebook.com\/cric.colombia\/","https:\/\/twitter.com\/CRIC_Cauca"]},{"@type":"Person","@id":"https:\/\/www.cric-colombia.org\/portal\/#\/schema\/person\/ab3a3099267de33d55f74f34ba201931","name":"Comunicaciones CRIC","image":{"@type":"ImageObject","inLanguage":"es","@id":"https:\/\/www.cric-colombia.org\/portal\/#\/schema\/person\/image\/","url":"https:\/\/secure.gravatar.com\/avatar\/a8d1a6cfcb82a80d09dafefdcc3dcc8a?s=96&d=retro&r=g","contentUrl":"https:\/\/secure.gravatar.com\/avatar\/a8d1a6cfcb82a80d09dafefdcc3dcc8a?s=96&d=retro&r=g","caption":"Comunicaciones CRIC"},"url":"https:\/\/www.cric-colombia.org\/portal\/author\/comunicaciones\/"}]}},"jetpack_featured_media_url":"https:\/\/www.cric-colombia.org\/portal\/wp-content\/uploads\/2024\/07\/LOGO-COMUNICACIONES-CRIC-AMCIC-696x347-1.jpg","_links":{"self":[{"href":"https:\/\/www.cric-colombia.org\/portal\/wp-json\/wp\/v2\/posts\/40289"}],"collection":[{"href":"https:\/\/www.cric-colombia.org\/portal\/wp-json\/wp\/v2\/posts"}],"about":[{"href":"https:\/\/www.cric-colombia.org\/portal\/wp-json\/wp\/v2\/types\/post"}],"author":[{"embeddable":true,"href":"https:\/\/www.cric-colombia.org\/portal\/wp-json\/wp\/v2\/users\/6"}],"replies":[{"embeddable":true,"href":"https:\/\/www.cric-colombia.org\/portal\/wp-json\/wp\/v2\/comments?post=40289"}],"version-history":[{"count":4,"href":"https:\/\/www.cric-colombia.org\/portal\/wp-json\/wp\/v2\/posts\/40289\/revisions"}],"predecessor-version":[{"id":40295,"href":"https:\/\/www.cric-colombia.org\/portal\/wp-json\/wp\/v2\/posts\/40289\/revisions\/40295"}],"wp:featuredmedia":[{"embeddable":true,"href":"https:\/\/www.cric-colombia.org\/portal\/wp-json\/wp\/v2\/media\/40261"}],"wp:attachment":[{"href":"https:\/\/www.cric-colombia.org\/portal\/wp-json\/wp\/v2\/media?parent=40289"}],"wp:term":[{"taxonomy":"category","embeddable":true,"href":"https:\/\/www.cric-colombia.org\/portal\/wp-json\/wp\/v2\/categories?post=40289"},{"taxonomy":"post_tag","embeddable":true,"href":"https:\/\/www.cric-colombia.org\/portal\/wp-json\/wp\/v2\/tags?post=40289"}],"curies":[{"name":"wp","href":"https:\/\/api.w.org\/{rel}","templated":true}]}}