{"id":40014,"date":"2024-07-02T15:42:20","date_gmt":"2024-07-02T20:42:20","guid":{"rendered":"https:\/\/www.cric-colombia.org\/portal\/?p=40014"},"modified":"2024-07-02T15:42:20","modified_gmt":"2024-07-02T20:42:20","slug":"informativo-regional-02-de-julio-2024-clasica-de-ciclismo-ciudad-de-popayan","status":"publish","type":"post","link":"https:\/\/www.cric-colombia.org\/portal\/informativo-regional-02-de-julio-2024-clasica-de-ciclismo-ciudad-de-popayan\/","title":{"rendered":"Informativo Regional 02 de julio 2024: Cl\u00e1sica de Ciclismo Ciudad de Popay\u00e1n"},"content":{"rendered":"<h2><strong>Local-Regional<\/strong><\/h2>\n<h3><strong>Segundo conversatorio comunitario en preparaci\u00f3n del III Congreso del Pueblo Totoroez<\/strong><\/h3>\n<p>Evaluar, valorar, legislar y proyectar los mandatos son los principales objetivos de los conversatorios preparatorios al tercer congreso pueblo Totoroez, espacios de dialogo que cuentan con la participaci\u00f3n de la comunidad de las 12 secciones del resguardo ind\u00edgena de Totor\u00f3 y la autoridad tradicional.<\/p>\n<h3><strong>Encuentros deportivos con comunidades \u00e9tnicas en el municipio de Caloto<\/strong><\/h3>\n<p>Fortalecer la participaci\u00f3n de j\u00f3venes, ni\u00f1os y ni\u00f1as en el deporte, es el principal objetivo del club Colo Colo, en el municipio de Caloto, en donde vienen generando espacios de encuentros en donde la comunidad pueda compartir e integrarse alrededor del f\u00fatbol.<\/p>\n<h3><strong>En la comunidad de Palet\u00f3n se construye casa ancestral\u00a0 <\/strong><\/h3>\n<p>Avanzar en la construcci\u00f3n de la casa ancestral del mayor Julio Ipia, es un objetivo al que no solo la comunidad de la vereda Palet\u00f3n, se ha sumado, sino que tambi\u00e9n cuenta con el apoyo del PEBI_CRIC y la junta de acci\u00f3n comunal, son alrededor de 150 personas quienes han venido participando de estos espacios de minga comunitaria.<\/p>\n<h3><strong>Ritual del Chimbuil en el resguardo ind\u00edgena de Kokonuko<\/strong><\/h3>\n<p>El fortalecimiento del proceso pol\u00edtico y cultural de la zona Centro Pueblo Kokonuko, es uno de los principales objetivos que se tiene como organizaci\u00f3n zonal, es por ello que se vienen realizando espacios vivenciales de suma importancia para la comunidad como lo es el ritual del Chimbuil, el cual consiste en ofrendar los mejores productos a la Madre Tierra, en agradecimiento por las cosechas de todo el a\u00f1o.<\/p>\n<h3><strong>Corporaci\u00f3n Nasa Kiwe realiza Audiencia P\u00fablica de rendici\u00f3n de cuentas<\/strong><\/h3>\n<p>Socializar los logros y alcances de la gesti\u00f3n realizada por la corporaci\u00f3n Nasa Kiwe, en beneficio de las comunidades, fue el objetivo del espacio de participaci\u00f3n ciudadana por medio de Audiencia p\u00fablica de rendici\u00f3n de cuentas convocada en la zona Tierradentro, municipio de P\u00e1ez Belalcazar.<\/p>\n<h3><strong>Primer Encuentro Art\u00edstico y Cultural del Movimiento Juvenil \u00c1lvaro Ulcue Chocue Norte del Cauca<\/strong><\/h3>\n<p>Vivenciar el arte, es la principal apuesta que se tiene para el primer encuentro art\u00edstico y cultural del movimiento Juvenil \u00c1lvaro Ulcu\u00e9 Chocu\u00e9, que se realizar\u00e1 del 4 al 7 de julio en el Vereda la Susana, Territorio Ancestral de Tacueyo, Plan de Vida Proyecto Nasa y que espera contar con la participaci\u00f3n de m\u00e1s de 30 grupos art\u00edsticos del territorio.<\/p>\n<h3><strong>Junta Directiva en la zona COTAINDOC<\/strong><\/h3>\n<p>Socializar sobre la cop 16 y discutir frente al contexto de la Asociaci\u00f3n Ind\u00edgena del Cauca (AIC), entre otros, fueron los temas convocados a la junta directiva de la zona COTAINDOC, donde tambi\u00e9n se realiz\u00f3 la posesi\u00f3n del consejero Nelson Pechen\u00e9 del pueblo Kisgo.<\/p>\n<h3><strong>Cuidando el Territorio: Un Espacio de Conciencia y Di\u00e1logo en el Naya<\/strong><\/h3>\n<p>El Tejido de Defensa de la Vida, en conjunto con el Tejido de Comunicaci\u00f3n de la \u00c7xhab Wala Kiwe, llev\u00f3 a cabo un video foro en la regi\u00f3n del Naya, espec\u00edficamente en El Despunte, lugar, donde se ha establecido un punto de cuidado.<\/p>\n<h3><strong>Avances y proyecciones en espacios culturales para el pueblo yanacona<\/strong><\/h3>\n<p>Desde el pueblo Yanacona, se viene avanzando en el fortalecimiento de la identidad cultural, es por ello que desde las autoridades tradicionales y comunidad en general, se vienen generando apuestas que buscan fortalecer los espacios de danza, m\u00fasica y dem\u00e1s escenarios pol\u00edticos y art\u00edsticos.<\/p>\n<h3><strong>Cl\u00e1sica de Ciclismo Ciudad de Popay\u00e1n<\/strong><\/h3>\n<p>El Programa Educaci\u00f3n Biling\u00fce Intercultural (PEBI), desde el a\u00f1o pasado, impulsa a un equipo de ciclismo que ha participado en diferentes eventos nacionales, logrando una importante representaci\u00f3n.<\/p>\n<p>En esta ocasi\u00f3n, el equipo cicl\u00edstico particip\u00f3 de la Cl\u00e1sica de Ciclismo Ciudad de Popay\u00e1n, en donde, durante tres d\u00edas, los escarabajos ind\u00edgenas lucharon con equipos y delegaciones del departamento del Cauca, Nari\u00f1o y de nuestro hermano pa\u00eds de Ecuador para ocupar un puesto en el podio de ganadores, ubic\u00e1ndose as\u00ed en el quinto lugar.<\/p>\n<!--[if lt IE 9]><script>document.createElement('audio');<\/script><![endif]-->\n<audio class=\"wp-audio-shortcode\" id=\"audio-40014-1\" preload=\"none\" style=\"width: 100%;\" controls=\"controls\"><source type=\"audio\/mpeg\" src=\"https:\/\/www.ivoox.com\/informativo-regional-02-julio-2024_md_131153514_wp_1.mp3?_=1\" \/><a href=\"https:\/\/www.ivoox.com\/informativo-regional-02-julio-2024_md_131153514_wp_1.mp3\">https:\/\/www.ivoox.com\/informativo-regional-02-julio-2024_md_131153514_wp_1.mp3<\/a><\/audio>\n<p><a title=\"Informativo Regional 02 de julio 2024\" href=\"https:\/\/go.ivoox.com\/rf\/131153514\">Ir a descargar<\/a><\/p>\n<p>&nbsp;<\/p>\n","protected":false},"excerpt":{"rendered":"<p>Local-Regional Segundo conversatorio comunitario en preparaci\u00f3n del III Congreso del Pueblo Totoroez Evaluar, valorar, legislar y proyectar los mandatos son los principales objetivos de los conversatorios preparatorios al tercer congreso pueblo Totoroez, espacios de dialogo que cuentan con la participaci\u00f3n de la comunidad de las 12 secciones del resguardo ind\u00edgena de Totor\u00f3 y la autoridad <\/p>\n","protected":false},"author":6,"featured_media":27120,"comment_status":"open","ping_status":"open","sticky":false,"template":"","format":"standard","meta":{"footnotes":""},"categories":[3,77,74],"tags":[204,190,89,206,189,273,87],"yoast_head":"<!-- This site is optimized with the Yoast SEO plugin v20.12 - https:\/\/yoast.com\/wordpress\/plugins\/seo\/ -->\n<title>Informativo Regional 02 de julio 2024: Cl\u00e1sica de Ciclismo Ciudad de Popay\u00e1n - Consejo Regional Ind\u00edgena del Cauca - CRIC<\/title>\n<meta name=\"robots\" content=\"index, follow, max-snippet:-1, max-image-preview:large, max-video-preview:-1\" \/>\n<link rel=\"canonical\" href=\"https:\/\/www.cric-colombia.org\/portal\/informativo-regional-02-de-julio-2024-clasica-de-ciclismo-ciudad-de-popayan\/\" \/>\n<meta property=\"og:locale\" content=\"es_ES\" \/>\n<meta property=\"og:type\" content=\"article\" \/>\n<meta property=\"og:title\" content=\"Informativo Regional 02 de julio 2024: Cl\u00e1sica de Ciclismo Ciudad de Popay\u00e1n - Consejo Regional Ind\u00edgena del Cauca - CRIC\" \/>\n<meta property=\"og:description\" content=\"Local-Regional Segundo conversatorio comunitario en preparaci\u00f3n del III Congreso del Pueblo Totoroez Evaluar, valorar, legislar y proyectar los mandatos son los principales objetivos de los conversatorios preparatorios al tercer congreso pueblo Totoroez, espacios de dialogo que cuentan con la participaci\u00f3n de la comunidad de las 12 secciones del resguardo ind\u00edgena de Totor\u00f3 y la autoridad\" \/>\n<meta property=\"og:url\" content=\"https:\/\/www.cric-colombia.org\/portal\/informativo-regional-02-de-julio-2024-clasica-de-ciclismo-ciudad-de-popayan\/\" \/>\n<meta property=\"og:site_name\" content=\"Consejo Regional Ind\u00edgena del Cauca - CRIC\" \/>\n<meta property=\"article:publisher\" content=\"https:\/\/www.facebook.com\/cric.colombia\/\" \/>\n<meta property=\"article:published_time\" content=\"2024-07-02T20:42:20+00:00\" \/>\n<meta property=\"og:image\" content=\"https:\/\/www.cric-colombia.org\/portal\/wp-content\/uploads\/2020\/01\/LOGO-COMUNICACIONES-CRIC-AMCIC.jpg\" \/>\n\t<meta property=\"og:image:width\" content=\"1393\" \/>\n\t<meta property=\"og:image:height\" content=\"694\" \/>\n\t<meta property=\"og:image:type\" content=\"image\/jpeg\" \/>\n<meta name=\"author\" content=\"Comunicaciones CRIC\" \/>\n<meta name=\"twitter:card\" content=\"summary_large_image\" \/>\n<meta name=\"twitter:creator\" content=\"@CRIC_Cauca\" \/>\n<meta name=\"twitter:site\" content=\"@CRIC_Cauca\" \/>\n<meta name=\"twitter:label1\" content=\"Escrito por\" \/>\n\t<meta name=\"twitter:data1\" content=\"Comunicaciones CRIC\" \/>\n\t<meta name=\"twitter:label2\" content=\"Tiempo de lectura\" \/>\n\t<meta name=\"twitter:data2\" content=\"3 minutos\" \/>\n<script type=\"application\/ld+json\" class=\"yoast-schema-graph\">{\"@context\":\"https:\/\/schema.org\",\"@graph\":[{\"@type\":\"Article\",\"@id\":\"https:\/\/www.cric-colombia.org\/portal\/informativo-regional-02-de-julio-2024-clasica-de-ciclismo-ciudad-de-popayan\/#article\",\"isPartOf\":{\"@id\":\"https:\/\/www.cric-colombia.org\/portal\/informativo-regional-02-de-julio-2024-clasica-de-ciclismo-ciudad-de-popayan\/\"},\"author\":{\"name\":\"Comunicaciones CRIC\",\"@id\":\"https:\/\/www.cric-colombia.org\/portal\/#\/schema\/person\/ab3a3099267de33d55f74f34ba201931\"},\"headline\":\"Informativo Regional 02 de julio 2024: Cl\u00e1sica de Ciclismo Ciudad de Popay\u00e1n\",\"datePublished\":\"2024-07-02T20:42:20+00:00\",\"dateModified\":\"2024-07-02T20:42:20+00:00\",\"mainEntityOfPage\":{\"@id\":\"https:\/\/www.cric-colombia.org\/portal\/informativo-regional-02-de-julio-2024-clasica-de-ciclismo-ciudad-de-popayan\/\"},\"wordCount\":709,\"commentCount\":0,\"publisher\":{\"@id\":\"https:\/\/www.cric-colombia.org\/portal\/#organization\"},\"keywords\":[\"acin\",\"AMCIC\",\"cauca\",\"comunicacion\",\"CONSEJO REGIONAL INDIGENA DEL CAUCA CRIC\",\"DDHH\",\"indigenas\"],\"articleSection\":[\"Actualidad Ind\u00edgena del Cauca\",\"Audios\",\"Multimedia\"],\"inLanguage\":\"es\",\"potentialAction\":[{\"@type\":\"CommentAction\",\"name\":\"Comment\",\"target\":[\"https:\/\/www.cric-colombia.org\/portal\/informativo-regional-02-de-julio-2024-clasica-de-ciclismo-ciudad-de-popayan\/#respond\"]}]},{\"@type\":\"WebPage\",\"@id\":\"https:\/\/www.cric-colombia.org\/portal\/informativo-regional-02-de-julio-2024-clasica-de-ciclismo-ciudad-de-popayan\/\",\"url\":\"https:\/\/www.cric-colombia.org\/portal\/informativo-regional-02-de-julio-2024-clasica-de-ciclismo-ciudad-de-popayan\/\",\"name\":\"Informativo Regional 02 de julio 2024: Cl\u00e1sica de Ciclismo Ciudad de Popay\u00e1n - Consejo Regional Ind\u00edgena del Cauca - CRIC\",\"isPartOf\":{\"@id\":\"https:\/\/www.cric-colombia.org\/portal\/#website\"},\"datePublished\":\"2024-07-02T20:42:20+00:00\",\"dateModified\":\"2024-07-02T20:42:20+00:00\",\"breadcrumb\":{\"@id\":\"https:\/\/www.cric-colombia.org\/portal\/informativo-regional-02-de-julio-2024-clasica-de-ciclismo-ciudad-de-popayan\/#breadcrumb\"},\"inLanguage\":\"es\",\"potentialAction\":[{\"@type\":\"ReadAction\",\"target\":[\"https:\/\/www.cric-colombia.org\/portal\/informativo-regional-02-de-julio-2024-clasica-de-ciclismo-ciudad-de-popayan\/\"]}]},{\"@type\":\"BreadcrumbList\",\"@id\":\"https:\/\/www.cric-colombia.org\/portal\/informativo-regional-02-de-julio-2024-clasica-de-ciclismo-ciudad-de-popayan\/#breadcrumb\",\"itemListElement\":[{\"@type\":\"ListItem\",\"position\":1,\"name\":\"Portada\",\"item\":\"https:\/\/www.cric-colombia.org\/portal\/\"},{\"@type\":\"ListItem\",\"position\":2,\"name\":\"Informativo Regional 02 de julio 2024: Cl\u00e1sica de Ciclismo Ciudad de Popay\u00e1n\"}]},{\"@type\":\"WebSite\",\"@id\":\"https:\/\/www.cric-colombia.org\/portal\/#website\",\"url\":\"https:\/\/www.cric-colombia.org\/portal\/\",\"name\":\"Consejo Regional Ind\u00edgena del Cauca - CRIC\",\"description\":\"P\u00e1gina oficial del Consejo Regional Ind\u00edgena del Cauca, Colombia\",\"publisher\":{\"@id\":\"https:\/\/www.cric-colombia.org\/portal\/#organization\"},\"potentialAction\":[{\"@type\":\"SearchAction\",\"target\":{\"@type\":\"EntryPoint\",\"urlTemplate\":\"https:\/\/www.cric-colombia.org\/portal\/?s={search_term_string}\"},\"query-input\":\"required name=search_term_string\"}],\"inLanguage\":\"es\"},{\"@type\":\"Organization\",\"@id\":\"https:\/\/www.cric-colombia.org\/portal\/#organization\",\"name\":\"Consejo Regional Ind\u00edgena del Cauca\",\"url\":\"https:\/\/www.cric-colombia.org\/portal\/\",\"logo\":{\"@type\":\"ImageObject\",\"inLanguage\":\"es\",\"@id\":\"https:\/\/www.cric-colombia.org\/portal\/#\/schema\/logo\/image\/\",\"url\":\"https:\/\/www.cric-colombia.org\/portal\/wp-content\/uploads\/2015\/08\/logo_cric.jpg\",\"contentUrl\":\"https:\/\/www.cric-colombia.org\/portal\/wp-content\/uploads\/2015\/08\/logo_cric.jpg\",\"width\":512,\"height\":512,\"caption\":\"Consejo Regional Ind\u00edgena del Cauca\"},\"image\":{\"@id\":\"https:\/\/www.cric-colombia.org\/portal\/#\/schema\/logo\/image\/\"},\"sameAs\":[\"https:\/\/www.facebook.com\/cric.colombia\/\",\"https:\/\/twitter.com\/CRIC_Cauca\"]},{\"@type\":\"Person\",\"@id\":\"https:\/\/www.cric-colombia.org\/portal\/#\/schema\/person\/ab3a3099267de33d55f74f34ba201931\",\"name\":\"Comunicaciones CRIC\",\"image\":{\"@type\":\"ImageObject\",\"inLanguage\":\"es\",\"@id\":\"https:\/\/www.cric-colombia.org\/portal\/#\/schema\/person\/image\/\",\"url\":\"https:\/\/secure.gravatar.com\/avatar\/a8d1a6cfcb82a80d09dafefdcc3dcc8a?s=96&d=retro&r=g\",\"contentUrl\":\"https:\/\/secure.gravatar.com\/avatar\/a8d1a6cfcb82a80d09dafefdcc3dcc8a?s=96&d=retro&r=g\",\"caption\":\"Comunicaciones CRIC\"},\"url\":\"https:\/\/www.cric-colombia.org\/portal\/author\/comunicaciones\/\"}]}<\/script>\n<!-- \/ Yoast SEO plugin. -->","yoast_head_json":{"title":"Informativo Regional 02 de julio 2024: Cl\u00e1sica de Ciclismo Ciudad de Popay\u00e1n - Consejo Regional Ind\u00edgena del Cauca - CRIC","robots":{"index":"index","follow":"follow","max-snippet":"max-snippet:-1","max-image-preview":"max-image-preview:large","max-video-preview":"max-video-preview:-1"},"canonical":"https:\/\/www.cric-colombia.org\/portal\/informativo-regional-02-de-julio-2024-clasica-de-ciclismo-ciudad-de-popayan\/","og_locale":"es_ES","og_type":"article","og_title":"Informativo Regional 02 de julio 2024: Cl\u00e1sica de Ciclismo Ciudad de Popay\u00e1n - Consejo Regional Ind\u00edgena del Cauca - CRIC","og_description":"Local-Regional Segundo conversatorio comunitario en preparaci\u00f3n del III Congreso del Pueblo Totoroez Evaluar, valorar, legislar y proyectar los mandatos son los principales objetivos de los conversatorios preparatorios al tercer congreso pueblo Totoroez, espacios de dialogo que cuentan con la participaci\u00f3n de la comunidad de las 12 secciones del resguardo ind\u00edgena de Totor\u00f3 y la autoridad","og_url":"https:\/\/www.cric-colombia.org\/portal\/informativo-regional-02-de-julio-2024-clasica-de-ciclismo-ciudad-de-popayan\/","og_site_name":"Consejo Regional Ind\u00edgena del Cauca - CRIC","article_publisher":"https:\/\/www.facebook.com\/cric.colombia\/","article_published_time":"2024-07-02T20:42:20+00:00","og_image":[{"width":1393,"height":694,"url":"https:\/\/www.cric-colombia.org\/portal\/wp-content\/uploads\/2020\/01\/LOGO-COMUNICACIONES-CRIC-AMCIC.jpg","type":"image\/jpeg"}],"author":"Comunicaciones CRIC","twitter_card":"summary_large_image","twitter_creator":"@CRIC_Cauca","twitter_site":"@CRIC_Cauca","twitter_misc":{"Escrito por":"Comunicaciones CRIC","Tiempo de lectura":"3 minutos"},"schema":{"@context":"https:\/\/schema.org","@graph":[{"@type":"Article","@id":"https:\/\/www.cric-colombia.org\/portal\/informativo-regional-02-de-julio-2024-clasica-de-ciclismo-ciudad-de-popayan\/#article","isPartOf":{"@id":"https:\/\/www.cric-colombia.org\/portal\/informativo-regional-02-de-julio-2024-clasica-de-ciclismo-ciudad-de-popayan\/"},"author":{"name":"Comunicaciones CRIC","@id":"https:\/\/www.cric-colombia.org\/portal\/#\/schema\/person\/ab3a3099267de33d55f74f34ba201931"},"headline":"Informativo Regional 02 de julio 2024: Cl\u00e1sica de Ciclismo Ciudad de Popay\u00e1n","datePublished":"2024-07-02T20:42:20+00:00","dateModified":"2024-07-02T20:42:20+00:00","mainEntityOfPage":{"@id":"https:\/\/www.cric-colombia.org\/portal\/informativo-regional-02-de-julio-2024-clasica-de-ciclismo-ciudad-de-popayan\/"},"wordCount":709,"commentCount":0,"publisher":{"@id":"https:\/\/www.cric-colombia.org\/portal\/#organization"},"keywords":["acin","AMCIC","cauca","comunicacion","CONSEJO REGIONAL INDIGENA DEL CAUCA CRIC","DDHH","indigenas"],"articleSection":["Actualidad Ind\u00edgena del Cauca","Audios","Multimedia"],"inLanguage":"es","potentialAction":[{"@type":"CommentAction","name":"Comment","target":["https:\/\/www.cric-colombia.org\/portal\/informativo-regional-02-de-julio-2024-clasica-de-ciclismo-ciudad-de-popayan\/#respond"]}]},{"@type":"WebPage","@id":"https:\/\/www.cric-colombia.org\/portal\/informativo-regional-02-de-julio-2024-clasica-de-ciclismo-ciudad-de-popayan\/","url":"https:\/\/www.cric-colombia.org\/portal\/informativo-regional-02-de-julio-2024-clasica-de-ciclismo-ciudad-de-popayan\/","name":"Informativo Regional 02 de julio 2024: Cl\u00e1sica de Ciclismo Ciudad de Popay\u00e1n - Consejo Regional Ind\u00edgena del Cauca - CRIC","isPartOf":{"@id":"https:\/\/www.cric-colombia.org\/portal\/#website"},"datePublished":"2024-07-02T20:42:20+00:00","dateModified":"2024-07-02T20:42:20+00:00","breadcrumb":{"@id":"https:\/\/www.cric-colombia.org\/portal\/informativo-regional-02-de-julio-2024-clasica-de-ciclismo-ciudad-de-popayan\/#breadcrumb"},"inLanguage":"es","potentialAction":[{"@type":"ReadAction","target":["https:\/\/www.cric-colombia.org\/portal\/informativo-regional-02-de-julio-2024-clasica-de-ciclismo-ciudad-de-popayan\/"]}]},{"@type":"BreadcrumbList","@id":"https:\/\/www.cric-colombia.org\/portal\/informativo-regional-02-de-julio-2024-clasica-de-ciclismo-ciudad-de-popayan\/#breadcrumb","itemListElement":[{"@type":"ListItem","position":1,"name":"Portada","item":"https:\/\/www.cric-colombia.org\/portal\/"},{"@type":"ListItem","position":2,"name":"Informativo Regional 02 de julio 2024: Cl\u00e1sica de Ciclismo Ciudad de Popay\u00e1n"}]},{"@type":"WebSite","@id":"https:\/\/www.cric-colombia.org\/portal\/#website","url":"https:\/\/www.cric-colombia.org\/portal\/","name":"Consejo Regional Ind\u00edgena del Cauca - CRIC","description":"P\u00e1gina oficial del Consejo Regional Ind\u00edgena del Cauca, Colombia","publisher":{"@id":"https:\/\/www.cric-colombia.org\/portal\/#organization"},"potentialAction":[{"@type":"SearchAction","target":{"@type":"EntryPoint","urlTemplate":"https:\/\/www.cric-colombia.org\/portal\/?s={search_term_string}"},"query-input":"required name=search_term_string"}],"inLanguage":"es"},{"@type":"Organization","@id":"https:\/\/www.cric-colombia.org\/portal\/#organization","name":"Consejo Regional Ind\u00edgena del Cauca","url":"https:\/\/www.cric-colombia.org\/portal\/","logo":{"@type":"ImageObject","inLanguage":"es","@id":"https:\/\/www.cric-colombia.org\/portal\/#\/schema\/logo\/image\/","url":"https:\/\/www.cric-colombia.org\/portal\/wp-content\/uploads\/2015\/08\/logo_cric.jpg","contentUrl":"https:\/\/www.cric-colombia.org\/portal\/wp-content\/uploads\/2015\/08\/logo_cric.jpg","width":512,"height":512,"caption":"Consejo Regional Ind\u00edgena del Cauca"},"image":{"@id":"https:\/\/www.cric-colombia.org\/portal\/#\/schema\/logo\/image\/"},"sameAs":["https:\/\/www.facebook.com\/cric.colombia\/","https:\/\/twitter.com\/CRIC_Cauca"]},{"@type":"Person","@id":"https:\/\/www.cric-colombia.org\/portal\/#\/schema\/person\/ab3a3099267de33d55f74f34ba201931","name":"Comunicaciones CRIC","image":{"@type":"ImageObject","inLanguage":"es","@id":"https:\/\/www.cric-colombia.org\/portal\/#\/schema\/person\/image\/","url":"https:\/\/secure.gravatar.com\/avatar\/a8d1a6cfcb82a80d09dafefdcc3dcc8a?s=96&d=retro&r=g","contentUrl":"https:\/\/secure.gravatar.com\/avatar\/a8d1a6cfcb82a80d09dafefdcc3dcc8a?s=96&d=retro&r=g","caption":"Comunicaciones CRIC"},"url":"https:\/\/www.cric-colombia.org\/portal\/author\/comunicaciones\/"}]}},"jetpack_featured_media_url":"https:\/\/www.cric-colombia.org\/portal\/wp-content\/uploads\/2020\/01\/LOGO-COMUNICACIONES-CRIC-AMCIC.jpg","_links":{"self":[{"href":"https:\/\/www.cric-colombia.org\/portal\/wp-json\/wp\/v2\/posts\/40014"}],"collection":[{"href":"https:\/\/www.cric-colombia.org\/portal\/wp-json\/wp\/v2\/posts"}],"about":[{"href":"https:\/\/www.cric-colombia.org\/portal\/wp-json\/wp\/v2\/types\/post"}],"author":[{"embeddable":true,"href":"https:\/\/www.cric-colombia.org\/portal\/wp-json\/wp\/v2\/users\/6"}],"replies":[{"embeddable":true,"href":"https:\/\/www.cric-colombia.org\/portal\/wp-json\/wp\/v2\/comments?post=40014"}],"version-history":[{"count":1,"href":"https:\/\/www.cric-colombia.org\/portal\/wp-json\/wp\/v2\/posts\/40014\/revisions"}],"predecessor-version":[{"id":40015,"href":"https:\/\/www.cric-colombia.org\/portal\/wp-json\/wp\/v2\/posts\/40014\/revisions\/40015"}],"wp:featuredmedia":[{"embeddable":true,"href":"https:\/\/www.cric-colombia.org\/portal\/wp-json\/wp\/v2\/media\/27120"}],"wp:attachment":[{"href":"https:\/\/www.cric-colombia.org\/portal\/wp-json\/wp\/v2\/media?parent=40014"}],"wp:term":[{"taxonomy":"category","embeddable":true,"href":"https:\/\/www.cric-colombia.org\/portal\/wp-json\/wp\/v2\/categories?post=40014"},{"taxonomy":"post_tag","embeddable":true,"href":"https:\/\/www.cric-colombia.org\/portal\/wp-json\/wp\/v2\/tags?post=40014"}],"curies":[{"name":"wp","href":"https:\/\/api.w.org\/{rel}","templated":true}]}}