{"id":39111,"date":"2024-02-16T14:36:49","date_gmt":"2024-02-16T19:36:49","guid":{"rendered":"https:\/\/www.cric-colombia.org\/portal\/?p=39111"},"modified":"2024-02-16T14:36:49","modified_gmt":"2024-02-16T19:36:49","slug":"informativo-regional-16-de-febrero-de-2024","status":"publish","type":"post","link":"https:\/\/www.cric-colombia.org\/portal\/informativo-regional-16-de-febrero-de-2024\/","title":{"rendered":"Informativo Regional 16 de febrero de 2024"},"content":{"rendered":"<h2><strong>Local-Regional<\/strong><\/h2>\n<h3><strong>Balance de la Junta Directiva Regional realizada en P\u00e1ez Belalc\u00e1zar.<\/strong><\/h3>\n<p>El pasado 14 de febrero, las 139 autoridades que hacen parte del Consejo Regional Ind\u00edgena del Cauca, se dieron cita en el territorio de ancestral Nega Cxhab-Pa\u00e9z Belalcazar, en marco de la junta directiva extraordinaria convocada desde la consejer\u00eda mayor del CRIC.<\/p>\n<p>Esta importante junta se realiz\u00f3 con el prop\u00f3sito, de debatir para encontrar los mecanismos que permitan aclarar alternativas de soluci\u00f3n a la normativa jur\u00eddica que hoy amenaza la permanencia territorial.<\/p>\n<h3><strong>Fuertes combates en el territorio ind\u00edgena Pueblo Nuevo Ceral<\/strong><\/h3>\n<p>El Tejido de Defensa de la Vida y los Derechos Humanos de Cxhab Wala Kiwe informa a la comunidad en general y a la opini\u00f3n p\u00fablica nacional e internacional sobre los m\u00e1s recientes combates en el territorio ind\u00edgena Pueblo Nuevo Ceral, municipio de Buenos Aires, en norte del departamento del Cauca.<\/p>\n<p>A eso de las 4:30pm de este jueves 15 de febrero se presentan fuertes combates en el territorio ind\u00edgena de Pueblo Nuevo Ceral, sector \u00abCasezin\u00bb, municipio de Buenos Aires. Los combates se libran entre el Ej\u00e9rcito Nacional y el Frente Jaime Mart\u00ednez, con numerosas explosiones y r\u00e1fagas de fusil sobrevuelo de avioneta.<\/p>\n<h3><strong>Menor ind\u00edgena result\u00f3 herida en fuego cruzado en el territorio del Naya<\/strong><\/h3>\n<p>Varias familias ind\u00edgenas quedaron en medio del fuego cruzado cuando tropas del Ej\u00e9rcito Nacional se enfrentaron con estructuras de la Jaime Mart\u00ednez disidencias Farc-EP, en el territorio del Naya, zona rural del municipio de Buenos Aires, norte del Cauca.<\/p>\n<p>Los hechos se presentaron en horas de la noche del jueves en el sector conocido como el Ceral, donde una menor de edad qued\u00f3 gravemente herida despu\u00e9s de ser impactada por una bala de fusil. Seg\u00fan las autoridades, la menor fue remitida a un centro asistencial de la capital del Valle del Cauca, donde se recupera satisfactoriamente.<\/p>\n<h3><strong>En la instituci\u00f3n educativa Eekathe, en el municipio de caloto, una apuesta para la defensa de la<\/strong> <strong>vida.<\/strong><\/h3>\n<p>El pasado 15 de febrero en el municipio de Caloto en el Resguardo Ind\u00edgena de L\u00f3pez Adentro. En la sede educativa Eekathe, la comunidad educativa se dio cita para la siembra de arboles, esto como una apuesta para la vida.<\/p>\n<p>En la instituci\u00f3n vienen trabajando en el fortalecimiento de los viveros, reforestando distintos espacios y sitios sagrados del territorio.<\/p>\n<h3><strong>Avances y proyecciones del proceso educativo en el pueblo yanacona.<\/strong><\/h3>\n<p>Desde el programa de educaci\u00f3n biling\u00fce intercultural PEBI, del Consejo Regional Ind\u00edgena del Cauca, se vienen generando diversas apuestas para el fortalecimiento de la Educaci\u00f3n Propia en los distintos pueblos que hacen parte de la organizaci\u00f3n, uno de ellos, el pueblo Yanacona, que desde distintas estrategias se suman a este ejercicio educativo para el bienestar de sus comunidades.<\/p>\n<h3><strong>En el territorio y municipio de Totor\u00f3, la alcald\u00eda municipal hace entrega oficial de la casa de<\/strong> <strong>cuidado a la salud. <\/strong><\/h3>\n<p>Con la presencia del alcalde municipal Jorge Luis Piso y sus secretarios, en el territorio de Totor\u00f3, vereda Betania, se realiz\u00f3 la entrega oficial de la casa de la salud, para el fortalecimiento de la sabidur\u00eda ancestral del pueblo Totoroez.<\/p>\n<h3><strong>Escuela de formaci\u00f3n pol\u00edtica de la guardia ind\u00edgena se estar\u00e1 realizando en el territorio de San<\/strong> <strong>Andr\u00e9s de Pisimbala, zona Tierradentro. <\/strong><\/h3>\n<p>La Guardia Ind\u00edgena de la Zona Tierradentro hace una invitaci\u00f3n abierta a todos los integrantes de la Guardia Ind\u00edgena del municipio de P\u00e1ez e Inz\u00e1, y \u00e1reas circundantes para participar en la Escuela de Formaci\u00f3n que se llevar\u00e1 a cabo en el Territorio Ancestral de San Andr\u00e9s de Pisimbala.<\/p>\n<p>La Escuela de Formaci\u00f3n es un espacio vital para la capacitaci\u00f3n y el fortalecimiento de nuestra Guardia Ind\u00edgena en temas pol\u00edtico-organizativos, legales y psicosociales. Durante los d\u00edas viernes 16 y s\u00e1bado 17, se concentrar\u00e1n en el territorio de San Andr\u00e9s de Pisimbala para analizar diversos temas de inter\u00e9s y recibir ponencias de destacados expertos.<\/p>\n<h3><strong>Caminos de acompa\u00f1amiento para la armon\u00eda del territorio, una estrategia del tejido de educaci\u00f3n<\/strong> <strong>ACIN. <\/strong><\/h3>\n<p>Desde el hilo de armon\u00eda del tejido de educaci\u00f3n de la ACIN, se vienen adelantando algunas estrategias por cada plan de vida, para as\u00ed, seguir consolidando el acompa\u00f1amiento a las familias, orientando a su vez, el caminar en busca de la armon\u00eda territorial.<\/p>\n<!--[if lt IE 9]><script>document.createElement('audio');<\/script><![endif]-->\n<audio class=\"wp-audio-shortcode\" id=\"audio-39111-1\" preload=\"none\" style=\"width: 100%;\" controls=\"controls\"><source type=\"audio\/mpeg\" src=\"https:\/\/www.ivoox.com\/informativo-regional-16-febrero-2024_md_124406532_wp_1.mp3?_=1\" \/><a href=\"https:\/\/www.ivoox.com\/informativo-regional-16-febrero-2024_md_124406532_wp_1.mp3\">https:\/\/www.ivoox.com\/informativo-regional-16-febrero-2024_md_124406532_wp_1.mp3<\/a><\/audio>\n<p><a title=\"Informativo Regional 16 de febrero de 2024\" href=\"https:\/\/go.ivoox.com\/rf\/124406532\">Ir a descargar<\/a><\/p>\n","protected":false},"excerpt":{"rendered":"<p>Local-Regional Balance de la Junta Directiva Regional realizada en P\u00e1ez Belalc\u00e1zar. El pasado 14 de febrero, las 139 autoridades que hacen parte del Consejo Regional Ind\u00edgena del Cauca, se dieron cita en el territorio de ancestral Nega Cxhab-Pa\u00e9z Belalcazar, en marco de la junta directiva extraordinaria convocada desde la consejer\u00eda mayor del CRIC. Esta importante <\/p>\n","protected":false},"author":6,"featured_media":27120,"comment_status":"open","ping_status":"open","sticky":false,"template":"","format":"standard","meta":{"footnotes":""},"categories":[3,77,74],"tags":[89,88,425,245,680],"yoast_head":"<!-- This site is optimized with the Yoast SEO plugin v20.12 - https:\/\/yoast.com\/wordpress\/plugins\/seo\/ -->\n<title>Informativo Regional 16 de febrero de 2024 - Consejo Regional Ind\u00edgena del Cauca - CRIC<\/title>\n<meta name=\"robots\" content=\"index, follow, max-snippet:-1, max-image-preview:large, max-video-preview:-1\" \/>\n<link rel=\"canonical\" href=\"https:\/\/www.cric-colombia.org\/portal\/informativo-regional-16-de-febrero-de-2024\/\" \/>\n<meta property=\"og:locale\" content=\"es_ES\" \/>\n<meta property=\"og:type\" content=\"article\" \/>\n<meta property=\"og:title\" content=\"Informativo Regional 16 de febrero de 2024 - Consejo Regional Ind\u00edgena del Cauca - CRIC\" \/>\n<meta property=\"og:description\" content=\"Local-Regional Balance de la Junta Directiva Regional realizada en P\u00e1ez Belalc\u00e1zar. El pasado 14 de febrero, las 139 autoridades que hacen parte del Consejo Regional Ind\u00edgena del Cauca, se dieron cita en el territorio de ancestral Nega Cxhab-Pa\u00e9z Belalcazar, en marco de la junta directiva extraordinaria convocada desde la consejer\u00eda mayor del CRIC. Esta importante\" \/>\n<meta property=\"og:url\" content=\"https:\/\/www.cric-colombia.org\/portal\/informativo-regional-16-de-febrero-de-2024\/\" \/>\n<meta property=\"og:site_name\" content=\"Consejo Regional Ind\u00edgena del Cauca - CRIC\" \/>\n<meta property=\"article:publisher\" content=\"https:\/\/www.facebook.com\/cric.colombia\/\" \/>\n<meta property=\"article:published_time\" content=\"2024-02-16T19:36:49+00:00\" \/>\n<meta property=\"og:image\" content=\"https:\/\/www.cric-colombia.org\/portal\/wp-content\/uploads\/2020\/01\/LOGO-COMUNICACIONES-CRIC-AMCIC.jpg\" \/>\n\t<meta property=\"og:image:width\" content=\"1393\" \/>\n\t<meta property=\"og:image:height\" content=\"694\" \/>\n\t<meta property=\"og:image:type\" content=\"image\/jpeg\" \/>\n<meta name=\"author\" content=\"Comunicaciones CRIC\" \/>\n<meta name=\"twitter:card\" content=\"summary_large_image\" \/>\n<meta name=\"twitter:creator\" content=\"@CRIC_Cauca\" \/>\n<meta name=\"twitter:site\" content=\"@CRIC_Cauca\" \/>\n<meta name=\"twitter:label1\" content=\"Escrito por\" \/>\n\t<meta name=\"twitter:data1\" content=\"Comunicaciones CRIC\" \/>\n\t<meta name=\"twitter:label2\" content=\"Tiempo de lectura\" \/>\n\t<meta name=\"twitter:data2\" content=\"4 minutos\" \/>\n<script type=\"application\/ld+json\" class=\"yoast-schema-graph\">{\"@context\":\"https:\/\/schema.org\",\"@graph\":[{\"@type\":\"Article\",\"@id\":\"https:\/\/www.cric-colombia.org\/portal\/informativo-regional-16-de-febrero-de-2024\/#article\",\"isPartOf\":{\"@id\":\"https:\/\/www.cric-colombia.org\/portal\/informativo-regional-16-de-febrero-de-2024\/\"},\"author\":{\"name\":\"Comunicaciones CRIC\",\"@id\":\"https:\/\/www.cric-colombia.org\/portal\/#\/schema\/person\/ab3a3099267de33d55f74f34ba201931\"},\"headline\":\"Informativo Regional 16 de febrero de 2024\",\"datePublished\":\"2024-02-16T19:36:49+00:00\",\"dateModified\":\"2024-02-16T19:36:49+00:00\",\"mainEntityOfPage\":{\"@id\":\"https:\/\/www.cric-colombia.org\/portal\/informativo-regional-16-de-febrero-de-2024\/\"},\"wordCount\":764,\"commentCount\":0,\"publisher\":{\"@id\":\"https:\/\/www.cric-colombia.org\/portal\/#organization\"},\"keywords\":[\"cauca\",\"cric\",\"Indigena\",\"Paz\",\"territorios\"],\"articleSection\":[\"Actualidad Ind\u00edgena del Cauca\",\"Audios\",\"Multimedia\"],\"inLanguage\":\"es\",\"potentialAction\":[{\"@type\":\"CommentAction\",\"name\":\"Comment\",\"target\":[\"https:\/\/www.cric-colombia.org\/portal\/informativo-regional-16-de-febrero-de-2024\/#respond\"]}]},{\"@type\":\"WebPage\",\"@id\":\"https:\/\/www.cric-colombia.org\/portal\/informativo-regional-16-de-febrero-de-2024\/\",\"url\":\"https:\/\/www.cric-colombia.org\/portal\/informativo-regional-16-de-febrero-de-2024\/\",\"name\":\"Informativo Regional 16 de febrero de 2024 - Consejo Regional Ind\u00edgena del Cauca - CRIC\",\"isPartOf\":{\"@id\":\"https:\/\/www.cric-colombia.org\/portal\/#website\"},\"datePublished\":\"2024-02-16T19:36:49+00:00\",\"dateModified\":\"2024-02-16T19:36:49+00:00\",\"breadcrumb\":{\"@id\":\"https:\/\/www.cric-colombia.org\/portal\/informativo-regional-16-de-febrero-de-2024\/#breadcrumb\"},\"inLanguage\":\"es\",\"potentialAction\":[{\"@type\":\"ReadAction\",\"target\":[\"https:\/\/www.cric-colombia.org\/portal\/informativo-regional-16-de-febrero-de-2024\/\"]}]},{\"@type\":\"BreadcrumbList\",\"@id\":\"https:\/\/www.cric-colombia.org\/portal\/informativo-regional-16-de-febrero-de-2024\/#breadcrumb\",\"itemListElement\":[{\"@type\":\"ListItem\",\"position\":1,\"name\":\"Portada\",\"item\":\"https:\/\/www.cric-colombia.org\/portal\/\"},{\"@type\":\"ListItem\",\"position\":2,\"name\":\"Informativo Regional 16 de febrero de 2024\"}]},{\"@type\":\"WebSite\",\"@id\":\"https:\/\/www.cric-colombia.org\/portal\/#website\",\"url\":\"https:\/\/www.cric-colombia.org\/portal\/\",\"name\":\"Consejo Regional Ind\u00edgena del Cauca - CRIC\",\"description\":\"P\u00e1gina oficial del Consejo Regional Ind\u00edgena del Cauca, Colombia\",\"publisher\":{\"@id\":\"https:\/\/www.cric-colombia.org\/portal\/#organization\"},\"potentialAction\":[{\"@type\":\"SearchAction\",\"target\":{\"@type\":\"EntryPoint\",\"urlTemplate\":\"https:\/\/www.cric-colombia.org\/portal\/?s={search_term_string}\"},\"query-input\":\"required name=search_term_string\"}],\"inLanguage\":\"es\"},{\"@type\":\"Organization\",\"@id\":\"https:\/\/www.cric-colombia.org\/portal\/#organization\",\"name\":\"Consejo Regional Ind\u00edgena del Cauca\",\"url\":\"https:\/\/www.cric-colombia.org\/portal\/\",\"logo\":{\"@type\":\"ImageObject\",\"inLanguage\":\"es\",\"@id\":\"https:\/\/www.cric-colombia.org\/portal\/#\/schema\/logo\/image\/\",\"url\":\"https:\/\/www.cric-colombia.org\/portal\/wp-content\/uploads\/2015\/08\/logo_cric.jpg\",\"contentUrl\":\"https:\/\/www.cric-colombia.org\/portal\/wp-content\/uploads\/2015\/08\/logo_cric.jpg\",\"width\":512,\"height\":512,\"caption\":\"Consejo Regional Ind\u00edgena del Cauca\"},\"image\":{\"@id\":\"https:\/\/www.cric-colombia.org\/portal\/#\/schema\/logo\/image\/\"},\"sameAs\":[\"https:\/\/www.facebook.com\/cric.colombia\/\",\"https:\/\/twitter.com\/CRIC_Cauca\"]},{\"@type\":\"Person\",\"@id\":\"https:\/\/www.cric-colombia.org\/portal\/#\/schema\/person\/ab3a3099267de33d55f74f34ba201931\",\"name\":\"Comunicaciones CRIC\",\"image\":{\"@type\":\"ImageObject\",\"inLanguage\":\"es\",\"@id\":\"https:\/\/www.cric-colombia.org\/portal\/#\/schema\/person\/image\/\",\"url\":\"https:\/\/secure.gravatar.com\/avatar\/a8d1a6cfcb82a80d09dafefdcc3dcc8a?s=96&d=retro&r=g\",\"contentUrl\":\"https:\/\/secure.gravatar.com\/avatar\/a8d1a6cfcb82a80d09dafefdcc3dcc8a?s=96&d=retro&r=g\",\"caption\":\"Comunicaciones CRIC\"},\"url\":\"https:\/\/www.cric-colombia.org\/portal\/author\/comunicaciones\/\"}]}<\/script>\n<!-- \/ Yoast SEO plugin. -->","yoast_head_json":{"title":"Informativo Regional 16 de febrero de 2024 - Consejo Regional Ind\u00edgena del Cauca - CRIC","robots":{"index":"index","follow":"follow","max-snippet":"max-snippet:-1","max-image-preview":"max-image-preview:large","max-video-preview":"max-video-preview:-1"},"canonical":"https:\/\/www.cric-colombia.org\/portal\/informativo-regional-16-de-febrero-de-2024\/","og_locale":"es_ES","og_type":"article","og_title":"Informativo Regional 16 de febrero de 2024 - Consejo Regional Ind\u00edgena del Cauca - CRIC","og_description":"Local-Regional Balance de la Junta Directiva Regional realizada en P\u00e1ez Belalc\u00e1zar. El pasado 14 de febrero, las 139 autoridades que hacen parte del Consejo Regional Ind\u00edgena del Cauca, se dieron cita en el territorio de ancestral Nega Cxhab-Pa\u00e9z Belalcazar, en marco de la junta directiva extraordinaria convocada desde la consejer\u00eda mayor del CRIC. Esta importante","og_url":"https:\/\/www.cric-colombia.org\/portal\/informativo-regional-16-de-febrero-de-2024\/","og_site_name":"Consejo Regional Ind\u00edgena del Cauca - CRIC","article_publisher":"https:\/\/www.facebook.com\/cric.colombia\/","article_published_time":"2024-02-16T19:36:49+00:00","og_image":[{"width":1393,"height":694,"url":"https:\/\/www.cric-colombia.org\/portal\/wp-content\/uploads\/2020\/01\/LOGO-COMUNICACIONES-CRIC-AMCIC.jpg","type":"image\/jpeg"}],"author":"Comunicaciones CRIC","twitter_card":"summary_large_image","twitter_creator":"@CRIC_Cauca","twitter_site":"@CRIC_Cauca","twitter_misc":{"Escrito por":"Comunicaciones CRIC","Tiempo de lectura":"4 minutos"},"schema":{"@context":"https:\/\/schema.org","@graph":[{"@type":"Article","@id":"https:\/\/www.cric-colombia.org\/portal\/informativo-regional-16-de-febrero-de-2024\/#article","isPartOf":{"@id":"https:\/\/www.cric-colombia.org\/portal\/informativo-regional-16-de-febrero-de-2024\/"},"author":{"name":"Comunicaciones CRIC","@id":"https:\/\/www.cric-colombia.org\/portal\/#\/schema\/person\/ab3a3099267de33d55f74f34ba201931"},"headline":"Informativo Regional 16 de febrero de 2024","datePublished":"2024-02-16T19:36:49+00:00","dateModified":"2024-02-16T19:36:49+00:00","mainEntityOfPage":{"@id":"https:\/\/www.cric-colombia.org\/portal\/informativo-regional-16-de-febrero-de-2024\/"},"wordCount":764,"commentCount":0,"publisher":{"@id":"https:\/\/www.cric-colombia.org\/portal\/#organization"},"keywords":["cauca","cric","Indigena","Paz","territorios"],"articleSection":["Actualidad Ind\u00edgena del Cauca","Audios","Multimedia"],"inLanguage":"es","potentialAction":[{"@type":"CommentAction","name":"Comment","target":["https:\/\/www.cric-colombia.org\/portal\/informativo-regional-16-de-febrero-de-2024\/#respond"]}]},{"@type":"WebPage","@id":"https:\/\/www.cric-colombia.org\/portal\/informativo-regional-16-de-febrero-de-2024\/","url":"https:\/\/www.cric-colombia.org\/portal\/informativo-regional-16-de-febrero-de-2024\/","name":"Informativo Regional 16 de febrero de 2024 - Consejo Regional Ind\u00edgena del Cauca - CRIC","isPartOf":{"@id":"https:\/\/www.cric-colombia.org\/portal\/#website"},"datePublished":"2024-02-16T19:36:49+00:00","dateModified":"2024-02-16T19:36:49+00:00","breadcrumb":{"@id":"https:\/\/www.cric-colombia.org\/portal\/informativo-regional-16-de-febrero-de-2024\/#breadcrumb"},"inLanguage":"es","potentialAction":[{"@type":"ReadAction","target":["https:\/\/www.cric-colombia.org\/portal\/informativo-regional-16-de-febrero-de-2024\/"]}]},{"@type":"BreadcrumbList","@id":"https:\/\/www.cric-colombia.org\/portal\/informativo-regional-16-de-febrero-de-2024\/#breadcrumb","itemListElement":[{"@type":"ListItem","position":1,"name":"Portada","item":"https:\/\/www.cric-colombia.org\/portal\/"},{"@type":"ListItem","position":2,"name":"Informativo Regional 16 de febrero de 2024"}]},{"@type":"WebSite","@id":"https:\/\/www.cric-colombia.org\/portal\/#website","url":"https:\/\/www.cric-colombia.org\/portal\/","name":"Consejo Regional Ind\u00edgena del Cauca - CRIC","description":"P\u00e1gina oficial del Consejo Regional Ind\u00edgena del Cauca, Colombia","publisher":{"@id":"https:\/\/www.cric-colombia.org\/portal\/#organization"},"potentialAction":[{"@type":"SearchAction","target":{"@type":"EntryPoint","urlTemplate":"https:\/\/www.cric-colombia.org\/portal\/?s={search_term_string}"},"query-input":"required name=search_term_string"}],"inLanguage":"es"},{"@type":"Organization","@id":"https:\/\/www.cric-colombia.org\/portal\/#organization","name":"Consejo Regional Ind\u00edgena del Cauca","url":"https:\/\/www.cric-colombia.org\/portal\/","logo":{"@type":"ImageObject","inLanguage":"es","@id":"https:\/\/www.cric-colombia.org\/portal\/#\/schema\/logo\/image\/","url":"https:\/\/www.cric-colombia.org\/portal\/wp-content\/uploads\/2015\/08\/logo_cric.jpg","contentUrl":"https:\/\/www.cric-colombia.org\/portal\/wp-content\/uploads\/2015\/08\/logo_cric.jpg","width":512,"height":512,"caption":"Consejo Regional Ind\u00edgena del Cauca"},"image":{"@id":"https:\/\/www.cric-colombia.org\/portal\/#\/schema\/logo\/image\/"},"sameAs":["https:\/\/www.facebook.com\/cric.colombia\/","https:\/\/twitter.com\/CRIC_Cauca"]},{"@type":"Person","@id":"https:\/\/www.cric-colombia.org\/portal\/#\/schema\/person\/ab3a3099267de33d55f74f34ba201931","name":"Comunicaciones CRIC","image":{"@type":"ImageObject","inLanguage":"es","@id":"https:\/\/www.cric-colombia.org\/portal\/#\/schema\/person\/image\/","url":"https:\/\/secure.gravatar.com\/avatar\/a8d1a6cfcb82a80d09dafefdcc3dcc8a?s=96&d=retro&r=g","contentUrl":"https:\/\/secure.gravatar.com\/avatar\/a8d1a6cfcb82a80d09dafefdcc3dcc8a?s=96&d=retro&r=g","caption":"Comunicaciones CRIC"},"url":"https:\/\/www.cric-colombia.org\/portal\/author\/comunicaciones\/"}]}},"jetpack_featured_media_url":"https:\/\/www.cric-colombia.org\/portal\/wp-content\/uploads\/2020\/01\/LOGO-COMUNICACIONES-CRIC-AMCIC.jpg","_links":{"self":[{"href":"https:\/\/www.cric-colombia.org\/portal\/wp-json\/wp\/v2\/posts\/39111"}],"collection":[{"href":"https:\/\/www.cric-colombia.org\/portal\/wp-json\/wp\/v2\/posts"}],"about":[{"href":"https:\/\/www.cric-colombia.org\/portal\/wp-json\/wp\/v2\/types\/post"}],"author":[{"embeddable":true,"href":"https:\/\/www.cric-colombia.org\/portal\/wp-json\/wp\/v2\/users\/6"}],"replies":[{"embeddable":true,"href":"https:\/\/www.cric-colombia.org\/portal\/wp-json\/wp\/v2\/comments?post=39111"}],"version-history":[{"count":1,"href":"https:\/\/www.cric-colombia.org\/portal\/wp-json\/wp\/v2\/posts\/39111\/revisions"}],"predecessor-version":[{"id":39112,"href":"https:\/\/www.cric-colombia.org\/portal\/wp-json\/wp\/v2\/posts\/39111\/revisions\/39112"}],"wp:featuredmedia":[{"embeddable":true,"href":"https:\/\/www.cric-colombia.org\/portal\/wp-json\/wp\/v2\/media\/27120"}],"wp:attachment":[{"href":"https:\/\/www.cric-colombia.org\/portal\/wp-json\/wp\/v2\/media?parent=39111"}],"wp:term":[{"taxonomy":"category","embeddable":true,"href":"https:\/\/www.cric-colombia.org\/portal\/wp-json\/wp\/v2\/categories?post=39111"},{"taxonomy":"post_tag","embeddable":true,"href":"https:\/\/www.cric-colombia.org\/portal\/wp-json\/wp\/v2\/tags?post=39111"}],"curies":[{"name":"wp","href":"https:\/\/api.w.org\/{rel}","templated":true}]}}