{"id":39067,"date":"2024-02-13T15:11:27","date_gmt":"2024-02-13T20:11:27","guid":{"rendered":"https:\/\/www.cric-colombia.org\/portal\/?p=39067"},"modified":"2024-02-13T15:17:00","modified_gmt":"2024-02-13T20:17:00","slug":"informativo-regional-13-de-febrero-de-2024","status":"publish","type":"post","link":"https:\/\/www.cric-colombia.org\/portal\/informativo-regional-13-de-febrero-de-2024\/","title":{"rendered":"Informativo regional 13 de febrero de 2024"},"content":{"rendered":"<h2><strong>Local-Regional.<\/strong><\/h2>\n<h3><strong>Tejido mujer ACIN, da inicio a su diplomado tejido de Enraizamiento.<\/strong><\/h3>\n<p>En el resguardo ind\u00edgena de Huellas, vereda Chorrillos, en la casa del tejido mujer ACIN, se realiz\u00f3 el primer diplomado de del tejido mujer de Enraizamiento con \u00e9nfasis en rutas de protecci\u00f3n para mujeres y l\u00edderes.<\/p>\n<h3><strong>Comunidad Yanakona de Papallacta movilizada por derechos educativos.<\/strong><\/h3>\n<p>La comunidad del resguardo ind\u00edgena de Papallacta, al sur del cauca, y sus autoridades denuncian que la Secretaria de Educaci\u00f3n y Cultura del Departamento del Cauca, a trav\u00e9s del Director de N\u00facleo del municipio San Sebasti\u00e1n Saul Alberto Ordo\u00f1ez, ha usado la Instituci\u00f3n Educativa Agropecuaria Valencia como fort\u00edn politiquero, para el nombramiento de personal docente, violando el derecho constitucional a la consulta previa de los pueblos originarios.<\/p>\n<h3><strong>Primera mesa territorial en construcci\u00f3n del plan de desarroll\u00f3 del municipio de Morales.<\/strong><\/h3>\n<p>Desde la instituci\u00f3n Buscando Horizontes de Tierradentro, se llev\u00f3 a cabo la primera mesa territorial en construcci\u00f3n del plan de desarroll\u00f3 del municipio de Morales, en donde se realiz\u00f3 un recorrido territorial con el fin de escuchar a la comunidad, conocer sus necesidades, entre otros temas.<\/p>\n<h3><strong>Pueblo Totoroez, conversa sobre justicia propia y la ley de coordinaci\u00f3n interjurisdiccional de los<\/strong> <strong>pueblos ind\u00edgenas del Cauca.<\/strong><\/h3>\n<p>En la vereda La Pe\u00f1a, del resguardo ind\u00edgena de Totor\u00f3, en compa\u00f1\u00eda de la autoridad tradicional, y los programas de apoyo, se llev\u00f3 a cabo un conversatorio sobre Justicia Propia y la ley de coordinaci\u00f3n interjurisdiccional de los pueblos indigenas del Cauca, dando a conocer desde el derecho propio y la ley de origen, el como se ha venido realizando el ejercicio de justicia por parte de los pueblos indigenas.<\/p>\n<h3><strong>Se mantiene tensa la situaci\u00f3n de orden p\u00fablico en el municipio de Silvia Cauca<\/strong><\/h3>\n<p>Luis Morales Autoridad ind\u00edgena del pueblo de Kisgo, despu\u00e9s de acompa\u00f1ar el retorno a sus hogares de las Familias desplazadas por hechos violentos en Kisgo del pasado primero de febrero en el corregimiento Valle Nuevo en Silvia Cauca manifest\u00f3 que los grupos armados amenazan constantemente la tranquilidad del territorio y no hay garant\u00edas de seguridad aumentando el riesgo para la poblaci\u00f3n.<\/p>\n<h3><strong>El programa de Salud de la zona COTAINDOC, realiz\u00f3 acompa\u00f1amiento al territorio nasa de Pitayo.<\/strong><\/h3>\n<p>El programa de salud zonal COTANDOC, realizo acompa\u00f1amiento al territorio ancestral Nasa de Pitayo, para mirar algunas de las necesidades que hay en la comunidad, en donde\u00a0\u00a0 se mencion\u00f3 algunas desarmon\u00edas como: violencia sexual, perdida de la orientaci\u00f3n desde la tulpa, el mal uso de la tecnolog\u00eda como celulares, la televisi\u00f3n y concentraci\u00f3n en redes sociales.<\/p>\n<p>Teniendo en cuenta estas debilidades, los mayores recomendaron a brindar orientaciones desde la parte espiritual a las familias, fortalecer los espacios propios como: conversaci\u00f3n familiar, trabajo agr\u00edcola, realizaci\u00f3n de artes propias. Estos espacios aportan al fortalecimiento del buen vivir de las familias.<\/p>\n<h3><strong>Territorio de Huellas Caloto, un mes en asamblea permanente. <\/strong><\/h3>\n<p>Hace aproximadamente un mes el territorio de Huellas Caloto, al norte del departamento del Cauca, se encuentra en asamblea permanente a causa de los grupos armados, quienes en su actuar b\u00e9lico dejaron artefactos explosivos sobre la vida, poniendo en un alto riesgo la vida de la comunidad.<\/p>\n<h3><strong>Comunidades ind\u00edgenas del Cauca contin\u00faan a la espera de reactivar el dialogo sobre temas<\/strong> <strong>territoriales.<\/strong><\/h3>\n<p>Tras la ausencia del gobierno nacional a trav\u00e9s del ministro del interior Juan Fernando Velasco en el marco del Foro Nacional por la defensa del territorio. Las Autoridades del Consejo regional ind\u00edgena del Cauca, se declaran emergencia territorial.<\/p>\n<p>Raz\u00f3n por la cual se est\u00e1 invitando al gobierno nacional para el d\u00eda mi\u00e9rcoles 14 de febrero a la junta extraordinaria del cric en el territorio de Nega Cxhab (la mesa de Belalcazar) desde las nueve de la ma\u00f1ana.<\/p>\n<!--[if lt IE 9]><script>document.createElement('audio');<\/script><![endif]-->\n<audio class=\"wp-audio-shortcode\" id=\"audio-39067-1\" preload=\"none\" style=\"width: 100%;\" controls=\"controls\"><source type=\"audio\/mpeg\" src=\"https:\/\/www.ivoox.com\/informativo-regional-13-febrero-2024_md_124229108_wp_1.mp3?_=1\" \/><a href=\"https:\/\/www.ivoox.com\/informativo-regional-13-febrero-2024_md_124229108_wp_1.mp3\">https:\/\/www.ivoox.com\/informativo-regional-13-febrero-2024_md_124229108_wp_1.mp3<\/a><\/audio>\n<p><a title=\"Informativo regional 13 de febrero de 2024\" href=\"https:\/\/go.ivoox.com\/rf\/124229108\">Ir a descargar<\/a><\/p>\n","protected":false},"excerpt":{"rendered":"<p>Local-Regional. Tejido mujer ACIN, da inicio a su diplomado tejido de Enraizamiento. En el resguardo ind\u00edgena de Huellas, vereda Chorrillos, en la casa del tejido mujer ACIN, se realiz\u00f3 el primer diplomado de del tejido mujer de Enraizamiento con \u00e9nfasis en rutas de protecci\u00f3n para mujeres y l\u00edderes. Comunidad Yanakona de Papallacta movilizada por derechos <\/p>\n","protected":false},"author":6,"featured_media":27120,"comment_status":"open","ping_status":"open","sticky":false,"template":"","format":"standard","meta":{"footnotes":""},"categories":[3,77,74],"tags":[190,89,88,87,290,245],"yoast_head":"<!-- This site is optimized with the Yoast SEO plugin v20.12 - https:\/\/yoast.com\/wordpress\/plugins\/seo\/ -->\n<title>Informativo regional 13 de febrero de 2024 - Consejo Regional Ind\u00edgena del Cauca - CRIC<\/title>\n<meta name=\"robots\" content=\"index, follow, max-snippet:-1, max-image-preview:large, max-video-preview:-1\" \/>\n<link rel=\"canonical\" href=\"https:\/\/www.cric-colombia.org\/portal\/informativo-regional-13-de-febrero-de-2024\/\" \/>\n<meta property=\"og:locale\" content=\"es_ES\" \/>\n<meta property=\"og:type\" content=\"article\" \/>\n<meta property=\"og:title\" content=\"Informativo regional 13 de febrero de 2024 - Consejo Regional Ind\u00edgena del Cauca - CRIC\" \/>\n<meta property=\"og:description\" content=\"Local-Regional. Tejido mujer ACIN, da inicio a su diplomado tejido de Enraizamiento. En el resguardo ind\u00edgena de Huellas, vereda Chorrillos, en la casa del tejido mujer ACIN, se realiz\u00f3 el primer diplomado de del tejido mujer de Enraizamiento con \u00e9nfasis en rutas de protecci\u00f3n para mujeres y l\u00edderes. Comunidad Yanakona de Papallacta movilizada por derechos\" \/>\n<meta property=\"og:url\" content=\"https:\/\/www.cric-colombia.org\/portal\/informativo-regional-13-de-febrero-de-2024\/\" \/>\n<meta property=\"og:site_name\" content=\"Consejo Regional Ind\u00edgena del Cauca - CRIC\" \/>\n<meta property=\"article:publisher\" content=\"https:\/\/www.facebook.com\/cric.colombia\/\" \/>\n<meta property=\"article:published_time\" content=\"2024-02-13T20:11:27+00:00\" \/>\n<meta property=\"article:modified_time\" content=\"2024-02-13T20:17:00+00:00\" \/>\n<meta property=\"og:image\" content=\"https:\/\/www.cric-colombia.org\/portal\/wp-content\/uploads\/2020\/01\/LOGO-COMUNICACIONES-CRIC-AMCIC.jpg\" \/>\n\t<meta property=\"og:image:width\" content=\"1393\" \/>\n\t<meta property=\"og:image:height\" content=\"694\" \/>\n\t<meta property=\"og:image:type\" content=\"image\/jpeg\" \/>\n<meta name=\"author\" content=\"Comunicaciones CRIC\" \/>\n<meta name=\"twitter:card\" content=\"summary_large_image\" \/>\n<meta name=\"twitter:creator\" content=\"@CRIC_Cauca\" \/>\n<meta name=\"twitter:site\" content=\"@CRIC_Cauca\" \/>\n<meta name=\"twitter:label1\" content=\"Escrito por\" \/>\n\t<meta name=\"twitter:data1\" content=\"Comunicaciones CRIC\" \/>\n\t<meta name=\"twitter:label2\" content=\"Tiempo de lectura\" \/>\n\t<meta name=\"twitter:data2\" content=\"3 minutos\" \/>\n<script type=\"application\/ld+json\" class=\"yoast-schema-graph\">{\"@context\":\"https:\/\/schema.org\",\"@graph\":[{\"@type\":\"Article\",\"@id\":\"https:\/\/www.cric-colombia.org\/portal\/informativo-regional-13-de-febrero-de-2024\/#article\",\"isPartOf\":{\"@id\":\"https:\/\/www.cric-colombia.org\/portal\/informativo-regional-13-de-febrero-de-2024\/\"},\"author\":{\"name\":\"Comunicaciones CRIC\",\"@id\":\"https:\/\/www.cric-colombia.org\/portal\/#\/schema\/person\/ab3a3099267de33d55f74f34ba201931\"},\"headline\":\"Informativo regional 13 de febrero de 2024\",\"datePublished\":\"2024-02-13T20:11:27+00:00\",\"dateModified\":\"2024-02-13T20:17:00+00:00\",\"mainEntityOfPage\":{\"@id\":\"https:\/\/www.cric-colombia.org\/portal\/informativo-regional-13-de-febrero-de-2024\/\"},\"wordCount\":670,\"commentCount\":0,\"publisher\":{\"@id\":\"https:\/\/www.cric-colombia.org\/portal\/#organization\"},\"keywords\":[\"AMCIC\",\"cauca\",\"cric\",\"indigenas\",\"Noticias\",\"Paz\"],\"articleSection\":[\"Actualidad Ind\u00edgena del Cauca\",\"Audios\",\"Multimedia\"],\"inLanguage\":\"es\",\"potentialAction\":[{\"@type\":\"CommentAction\",\"name\":\"Comment\",\"target\":[\"https:\/\/www.cric-colombia.org\/portal\/informativo-regional-13-de-febrero-de-2024\/#respond\"]}]},{\"@type\":\"WebPage\",\"@id\":\"https:\/\/www.cric-colombia.org\/portal\/informativo-regional-13-de-febrero-de-2024\/\",\"url\":\"https:\/\/www.cric-colombia.org\/portal\/informativo-regional-13-de-febrero-de-2024\/\",\"name\":\"Informativo regional 13 de febrero de 2024 - Consejo Regional Ind\u00edgena del Cauca - CRIC\",\"isPartOf\":{\"@id\":\"https:\/\/www.cric-colombia.org\/portal\/#website\"},\"datePublished\":\"2024-02-13T20:11:27+00:00\",\"dateModified\":\"2024-02-13T20:17:00+00:00\",\"breadcrumb\":{\"@id\":\"https:\/\/www.cric-colombia.org\/portal\/informativo-regional-13-de-febrero-de-2024\/#breadcrumb\"},\"inLanguage\":\"es\",\"potentialAction\":[{\"@type\":\"ReadAction\",\"target\":[\"https:\/\/www.cric-colombia.org\/portal\/informativo-regional-13-de-febrero-de-2024\/\"]}]},{\"@type\":\"BreadcrumbList\",\"@id\":\"https:\/\/www.cric-colombia.org\/portal\/informativo-regional-13-de-febrero-de-2024\/#breadcrumb\",\"itemListElement\":[{\"@type\":\"ListItem\",\"position\":1,\"name\":\"Portada\",\"item\":\"https:\/\/www.cric-colombia.org\/portal\/\"},{\"@type\":\"ListItem\",\"position\":2,\"name\":\"Informativo regional 13 de febrero de 2024\"}]},{\"@type\":\"WebSite\",\"@id\":\"https:\/\/www.cric-colombia.org\/portal\/#website\",\"url\":\"https:\/\/www.cric-colombia.org\/portal\/\",\"name\":\"Consejo Regional Ind\u00edgena del Cauca - CRIC\",\"description\":\"P\u00e1gina oficial del Consejo Regional Ind\u00edgena del Cauca, Colombia\",\"publisher\":{\"@id\":\"https:\/\/www.cric-colombia.org\/portal\/#organization\"},\"potentialAction\":[{\"@type\":\"SearchAction\",\"target\":{\"@type\":\"EntryPoint\",\"urlTemplate\":\"https:\/\/www.cric-colombia.org\/portal\/?s={search_term_string}\"},\"query-input\":\"required name=search_term_string\"}],\"inLanguage\":\"es\"},{\"@type\":\"Organization\",\"@id\":\"https:\/\/www.cric-colombia.org\/portal\/#organization\",\"name\":\"Consejo Regional Ind\u00edgena del Cauca\",\"url\":\"https:\/\/www.cric-colombia.org\/portal\/\",\"logo\":{\"@type\":\"ImageObject\",\"inLanguage\":\"es\",\"@id\":\"https:\/\/www.cric-colombia.org\/portal\/#\/schema\/logo\/image\/\",\"url\":\"https:\/\/www.cric-colombia.org\/portal\/wp-content\/uploads\/2015\/08\/logo_cric.jpg\",\"contentUrl\":\"https:\/\/www.cric-colombia.org\/portal\/wp-content\/uploads\/2015\/08\/logo_cric.jpg\",\"width\":512,\"height\":512,\"caption\":\"Consejo Regional Ind\u00edgena del Cauca\"},\"image\":{\"@id\":\"https:\/\/www.cric-colombia.org\/portal\/#\/schema\/logo\/image\/\"},\"sameAs\":[\"https:\/\/www.facebook.com\/cric.colombia\/\",\"https:\/\/twitter.com\/CRIC_Cauca\"]},{\"@type\":\"Person\",\"@id\":\"https:\/\/www.cric-colombia.org\/portal\/#\/schema\/person\/ab3a3099267de33d55f74f34ba201931\",\"name\":\"Comunicaciones CRIC\",\"image\":{\"@type\":\"ImageObject\",\"inLanguage\":\"es\",\"@id\":\"https:\/\/www.cric-colombia.org\/portal\/#\/schema\/person\/image\/\",\"url\":\"https:\/\/secure.gravatar.com\/avatar\/a8d1a6cfcb82a80d09dafefdcc3dcc8a?s=96&d=retro&r=g\",\"contentUrl\":\"https:\/\/secure.gravatar.com\/avatar\/a8d1a6cfcb82a80d09dafefdcc3dcc8a?s=96&d=retro&r=g\",\"caption\":\"Comunicaciones CRIC\"},\"url\":\"https:\/\/www.cric-colombia.org\/portal\/author\/comunicaciones\/\"}]}<\/script>\n<!-- \/ Yoast SEO plugin. -->","yoast_head_json":{"title":"Informativo regional 13 de febrero de 2024 - Consejo Regional Ind\u00edgena del Cauca - CRIC","robots":{"index":"index","follow":"follow","max-snippet":"max-snippet:-1","max-image-preview":"max-image-preview:large","max-video-preview":"max-video-preview:-1"},"canonical":"https:\/\/www.cric-colombia.org\/portal\/informativo-regional-13-de-febrero-de-2024\/","og_locale":"es_ES","og_type":"article","og_title":"Informativo regional 13 de febrero de 2024 - Consejo Regional Ind\u00edgena del Cauca - CRIC","og_description":"Local-Regional. Tejido mujer ACIN, da inicio a su diplomado tejido de Enraizamiento. En el resguardo ind\u00edgena de Huellas, vereda Chorrillos, en la casa del tejido mujer ACIN, se realiz\u00f3 el primer diplomado de del tejido mujer de Enraizamiento con \u00e9nfasis en rutas de protecci\u00f3n para mujeres y l\u00edderes. Comunidad Yanakona de Papallacta movilizada por derechos","og_url":"https:\/\/www.cric-colombia.org\/portal\/informativo-regional-13-de-febrero-de-2024\/","og_site_name":"Consejo Regional Ind\u00edgena del Cauca - CRIC","article_publisher":"https:\/\/www.facebook.com\/cric.colombia\/","article_published_time":"2024-02-13T20:11:27+00:00","article_modified_time":"2024-02-13T20:17:00+00:00","og_image":[{"width":1393,"height":694,"url":"https:\/\/www.cric-colombia.org\/portal\/wp-content\/uploads\/2020\/01\/LOGO-COMUNICACIONES-CRIC-AMCIC.jpg","type":"image\/jpeg"}],"author":"Comunicaciones CRIC","twitter_card":"summary_large_image","twitter_creator":"@CRIC_Cauca","twitter_site":"@CRIC_Cauca","twitter_misc":{"Escrito por":"Comunicaciones CRIC","Tiempo de lectura":"3 minutos"},"schema":{"@context":"https:\/\/schema.org","@graph":[{"@type":"Article","@id":"https:\/\/www.cric-colombia.org\/portal\/informativo-regional-13-de-febrero-de-2024\/#article","isPartOf":{"@id":"https:\/\/www.cric-colombia.org\/portal\/informativo-regional-13-de-febrero-de-2024\/"},"author":{"name":"Comunicaciones CRIC","@id":"https:\/\/www.cric-colombia.org\/portal\/#\/schema\/person\/ab3a3099267de33d55f74f34ba201931"},"headline":"Informativo regional 13 de febrero de 2024","datePublished":"2024-02-13T20:11:27+00:00","dateModified":"2024-02-13T20:17:00+00:00","mainEntityOfPage":{"@id":"https:\/\/www.cric-colombia.org\/portal\/informativo-regional-13-de-febrero-de-2024\/"},"wordCount":670,"commentCount":0,"publisher":{"@id":"https:\/\/www.cric-colombia.org\/portal\/#organization"},"keywords":["AMCIC","cauca","cric","indigenas","Noticias","Paz"],"articleSection":["Actualidad Ind\u00edgena del Cauca","Audios","Multimedia"],"inLanguage":"es","potentialAction":[{"@type":"CommentAction","name":"Comment","target":["https:\/\/www.cric-colombia.org\/portal\/informativo-regional-13-de-febrero-de-2024\/#respond"]}]},{"@type":"WebPage","@id":"https:\/\/www.cric-colombia.org\/portal\/informativo-regional-13-de-febrero-de-2024\/","url":"https:\/\/www.cric-colombia.org\/portal\/informativo-regional-13-de-febrero-de-2024\/","name":"Informativo regional 13 de febrero de 2024 - Consejo Regional Ind\u00edgena del Cauca - CRIC","isPartOf":{"@id":"https:\/\/www.cric-colombia.org\/portal\/#website"},"datePublished":"2024-02-13T20:11:27+00:00","dateModified":"2024-02-13T20:17:00+00:00","breadcrumb":{"@id":"https:\/\/www.cric-colombia.org\/portal\/informativo-regional-13-de-febrero-de-2024\/#breadcrumb"},"inLanguage":"es","potentialAction":[{"@type":"ReadAction","target":["https:\/\/www.cric-colombia.org\/portal\/informativo-regional-13-de-febrero-de-2024\/"]}]},{"@type":"BreadcrumbList","@id":"https:\/\/www.cric-colombia.org\/portal\/informativo-regional-13-de-febrero-de-2024\/#breadcrumb","itemListElement":[{"@type":"ListItem","position":1,"name":"Portada","item":"https:\/\/www.cric-colombia.org\/portal\/"},{"@type":"ListItem","position":2,"name":"Informativo regional 13 de febrero de 2024"}]},{"@type":"WebSite","@id":"https:\/\/www.cric-colombia.org\/portal\/#website","url":"https:\/\/www.cric-colombia.org\/portal\/","name":"Consejo Regional Ind\u00edgena del Cauca - CRIC","description":"P\u00e1gina oficial del Consejo Regional Ind\u00edgena del Cauca, Colombia","publisher":{"@id":"https:\/\/www.cric-colombia.org\/portal\/#organization"},"potentialAction":[{"@type":"SearchAction","target":{"@type":"EntryPoint","urlTemplate":"https:\/\/www.cric-colombia.org\/portal\/?s={search_term_string}"},"query-input":"required name=search_term_string"}],"inLanguage":"es"},{"@type":"Organization","@id":"https:\/\/www.cric-colombia.org\/portal\/#organization","name":"Consejo Regional Ind\u00edgena del Cauca","url":"https:\/\/www.cric-colombia.org\/portal\/","logo":{"@type":"ImageObject","inLanguage":"es","@id":"https:\/\/www.cric-colombia.org\/portal\/#\/schema\/logo\/image\/","url":"https:\/\/www.cric-colombia.org\/portal\/wp-content\/uploads\/2015\/08\/logo_cric.jpg","contentUrl":"https:\/\/www.cric-colombia.org\/portal\/wp-content\/uploads\/2015\/08\/logo_cric.jpg","width":512,"height":512,"caption":"Consejo Regional Ind\u00edgena del Cauca"},"image":{"@id":"https:\/\/www.cric-colombia.org\/portal\/#\/schema\/logo\/image\/"},"sameAs":["https:\/\/www.facebook.com\/cric.colombia\/","https:\/\/twitter.com\/CRIC_Cauca"]},{"@type":"Person","@id":"https:\/\/www.cric-colombia.org\/portal\/#\/schema\/person\/ab3a3099267de33d55f74f34ba201931","name":"Comunicaciones CRIC","image":{"@type":"ImageObject","inLanguage":"es","@id":"https:\/\/www.cric-colombia.org\/portal\/#\/schema\/person\/image\/","url":"https:\/\/secure.gravatar.com\/avatar\/a8d1a6cfcb82a80d09dafefdcc3dcc8a?s=96&d=retro&r=g","contentUrl":"https:\/\/secure.gravatar.com\/avatar\/a8d1a6cfcb82a80d09dafefdcc3dcc8a?s=96&d=retro&r=g","caption":"Comunicaciones CRIC"},"url":"https:\/\/www.cric-colombia.org\/portal\/author\/comunicaciones\/"}]}},"jetpack_featured_media_url":"https:\/\/www.cric-colombia.org\/portal\/wp-content\/uploads\/2020\/01\/LOGO-COMUNICACIONES-CRIC-AMCIC.jpg","_links":{"self":[{"href":"https:\/\/www.cric-colombia.org\/portal\/wp-json\/wp\/v2\/posts\/39067"}],"collection":[{"href":"https:\/\/www.cric-colombia.org\/portal\/wp-json\/wp\/v2\/posts"}],"about":[{"href":"https:\/\/www.cric-colombia.org\/portal\/wp-json\/wp\/v2\/types\/post"}],"author":[{"embeddable":true,"href":"https:\/\/www.cric-colombia.org\/portal\/wp-json\/wp\/v2\/users\/6"}],"replies":[{"embeddable":true,"href":"https:\/\/www.cric-colombia.org\/portal\/wp-json\/wp\/v2\/comments?post=39067"}],"version-history":[{"count":2,"href":"https:\/\/www.cric-colombia.org\/portal\/wp-json\/wp\/v2\/posts\/39067\/revisions"}],"predecessor-version":[{"id":39072,"href":"https:\/\/www.cric-colombia.org\/portal\/wp-json\/wp\/v2\/posts\/39067\/revisions\/39072"}],"wp:featuredmedia":[{"embeddable":true,"href":"https:\/\/www.cric-colombia.org\/portal\/wp-json\/wp\/v2\/media\/27120"}],"wp:attachment":[{"href":"https:\/\/www.cric-colombia.org\/portal\/wp-json\/wp\/v2\/media?parent=39067"}],"wp:term":[{"taxonomy":"category","embeddable":true,"href":"https:\/\/www.cric-colombia.org\/portal\/wp-json\/wp\/v2\/categories?post=39067"},{"taxonomy":"post_tag","embeddable":true,"href":"https:\/\/www.cric-colombia.org\/portal\/wp-json\/wp\/v2\/tags?post=39067"}],"curies":[{"name":"wp","href":"https:\/\/api.w.org\/{rel}","templated":true}]}}