{"id":38788,"date":"2024-01-20T15:32:43","date_gmt":"2024-01-20T20:32:43","guid":{"rendered":"https:\/\/www.cric-colombia.org\/portal\/?p=38788"},"modified":"2024-01-20T15:34:18","modified_gmt":"2024-01-20T20:34:18","slug":"minga-de-gestion-para-el-fortalecimiento-de-la-educacion-digna-para-los-pueblos-indigenas","status":"publish","type":"post","link":"https:\/\/www.cric-colombia.org\/portal\/minga-de-gestion-para-el-fortalecimiento-de-la-educacion-digna-para-los-pueblos-indigenas\/","title":{"rendered":"Minga de gesti\u00f3n para el fortalecimiento de la educaci\u00f3n digna para los pueblos indigenas."},"content":{"rendered":"<p>Durante el jueves 18 y viernes 19 de enero del presente a\u00f1o comunidad educativa, guardia ind\u00edgena, autoridades y consejer\u00edas de los territorios que hacen parte del CRIC, se reunieron en la ciudad de Bogot\u00e1 en lo que se denomin\u00f3 la<strong> Minga de Gesti\u00f3n Administrativa en el ministerio de educaci\u00f3n, por orientaci\u00f3n y mandato de las comunidades en un ejercicio reivindicativo del dialogo.<\/strong><\/p>\n<p><strong>La Minga se moviliz\u00f3 bajo estos puntos:<\/strong><\/p>\n<ul>\n<li>Presupuesto para la atenci\u00f3n educativa en el marco del decreto 2500 del 2010 (contexto y situaci\u00f3n del no aumento en los valores de las tipolog\u00edas).<\/li>\n<li>Cronograma para firma y ejecuci\u00f3n del convenio interadministrativo MEN-CRIC para la vigencia 2024, en el marco del decreto 1811 del 2017.<\/li>\n<li>Documento de orientaci\u00f3n para el acceso al sistema de cualificaci\u00f3n laboral, en el marco del decreto 1345 del 2023.<\/li>\n<li>La atenci\u00f3n educativa de la poblaci\u00f3n de j\u00f3venes y adultos (financiaci\u00f3n), el CRIC, ha solicitado el valor de la tipolog\u00eda equivalente a la media t\u00e9cnica Rural.<\/li>\n<\/ul>\n<p><img decoding=\"async\" loading=\"lazy\" class=\"alignnone wp-image-38790\" src=\"https:\/\/www.cric-colombia.org\/portal\/wp-content\/uploads\/2024\/01\/WhatsApp-Image-2024-01-20-at-3.02.57-PM-300x200.jpeg\" alt=\"\" width=\"564\" height=\"376\" srcset=\"https:\/\/www.cric-colombia.org\/portal\/wp-content\/uploads\/2024\/01\/WhatsApp-Image-2024-01-20-at-3.02.57-PM-300x200.jpeg 300w, https:\/\/www.cric-colombia.org\/portal\/wp-content\/uploads\/2024\/01\/WhatsApp-Image-2024-01-20-at-3.02.57-PM-1024x684.jpeg 1024w, https:\/\/www.cric-colombia.org\/portal\/wp-content\/uploads\/2024\/01\/WhatsApp-Image-2024-01-20-at-3.02.57-PM-768x513.jpeg 768w, https:\/\/www.cric-colombia.org\/portal\/wp-content\/uploads\/2024\/01\/WhatsApp-Image-2024-01-20-at-3.02.57-PM-696x465.jpeg 696w, https:\/\/www.cric-colombia.org\/portal\/wp-content\/uploads\/2024\/01\/WhatsApp-Image-2024-01-20-at-3.02.57-PM-1068x713.jpeg 1068w, https:\/\/www.cric-colombia.org\/portal\/wp-content\/uploads\/2024\/01\/WhatsApp-Image-2024-01-20-at-3.02.57-PM-629x420.jpeg 629w, https:\/\/www.cric-colombia.org\/portal\/wp-content\/uploads\/2024\/01\/WhatsApp-Image-2024-01-20-at-3.02.57-PM.jpeg 1280w\" sizes=\"(max-width: 564px) 100vw, 564px\" \/><\/p>\n<p>Tras dos d\u00edas de discusi\u00f3n, sobre estos puntos de movilizaci\u00f3n, <strong>Delio Trujillo, coordinador administrativo del PEBI,<\/strong> nos da un peque\u00f1o contexto: <em>\u201cla tipolog\u00eda es el mecanismo de financiaci\u00f3n de la educaci\u00f3n p\u00fablica, preescolar, b\u00e1sica y media en el pa\u00eds, establecido por el gobierno atraves del departamento nacional de planeaci\u00f3n y que en los cuatro a\u00f1os del expresidente Iv\u00e1n Duque y gobiernos anteriores, se hab\u00eda congelado la tipolog\u00eda, es decir, no hab\u00eda aumentado el presupuesto para financiaci\u00f3n de la educaci\u00f3n en el pa\u00eds.<\/em><\/p>\n<p><em>Para el 2023, el gobierno en cabeza de Gustavo Petro, aumenta el 10%, pero no era suficiente, ya que el d\u00e9ficit estaba alrededor del 45%, e<strong>ntonces nosotros como CRIC, fuimos hace un a\u00f1o en minga de gesti\u00f3n con el ministerio de educaci\u00f3n, en ese entonces en cabeza de Alejandro Gaviria y logramos un 10% adicional, es decir, que la tipolog\u00eda, despu\u00e9s de 4 a\u00f1os de no haber aumentado nada, ya con el gobierno del cambio y la gesti\u00f3n del PEBI-CRIC, llega al 20%, para el 2023, y en la canasta administrada se gan\u00f3 seis puntos, se pas\u00f3 del 25% al 31%\u201d.<\/strong><\/em><\/p>\n<p><img decoding=\"async\" loading=\"lazy\" class=\"alignnone wp-image-38791\" src=\"https:\/\/www.cric-colombia.org\/portal\/wp-content\/uploads\/2024\/01\/420595988_754000680098651_4943436898105205189_n-300x201.jpg\" alt=\"\" width=\"569\" height=\"381\" srcset=\"https:\/\/www.cric-colombia.org\/portal\/wp-content\/uploads\/2024\/01\/420595988_754000680098651_4943436898105205189_n-300x201.jpg 300w, https:\/\/www.cric-colombia.org\/portal\/wp-content\/uploads\/2024\/01\/420595988_754000680098651_4943436898105205189_n-1024x685.jpg 1024w, https:\/\/www.cric-colombia.org\/portal\/wp-content\/uploads\/2024\/01\/420595988_754000680098651_4943436898105205189_n-768x513.jpg 768w, https:\/\/www.cric-colombia.org\/portal\/wp-content\/uploads\/2024\/01\/420595988_754000680098651_4943436898105205189_n-696x465.jpg 696w, https:\/\/www.cric-colombia.org\/portal\/wp-content\/uploads\/2024\/01\/420595988_754000680098651_4943436898105205189_n-1068x714.jpg 1068w, https:\/\/www.cric-colombia.org\/portal\/wp-content\/uploads\/2024\/01\/420595988_754000680098651_4943436898105205189_n-628x420.jpg 628w, https:\/\/www.cric-colombia.org\/portal\/wp-content\/uploads\/2024\/01\/420595988_754000680098651_4943436898105205189_n.jpg 1080w\" sizes=\"(max-width: 569px) 100vw, 569px\" \/><\/p>\n<p><em>\u201cEn lo que lleva la Minga de Gesti\u00f3n, se logr\u00f3 que la tipolog\u00eda quedara en 12.07% y que la canasta administrada quedara en 43%, l<strong>o que quiere decir que en lo que lleva el gobierno del cambio y gracias a la lucha organizada, se ha aumentado un 32.7% la tipolog\u00eda, para toda la educaci\u00f3n p\u00fablica del pa\u00eds, una gesti\u00f3n del Consejo Regional Ind\u00edgena del Cauca, en articulaci\u00f3n con el gobierno del Cambio, para todo el pa\u00eds<\/strong> y espec\u00edficamente nosotros como pueblos ind\u00edgenas, pasamos en estos dos a\u00f1os de 25 a 31% y este a\u00f1o de 31% a 43%\u201d,<\/em> Menciona el compa\u00f1ero Delio.<\/p>\n<p>Para el segundo punto, correspondiente al tema del cronograma<strong> se acuerda que el convenio 1811 inicie el pr\u00f3ximo 26 de febrero, para que los equipos de educaci\u00f3n a nivel local, zonal y regional comiencen labores a partir del 01 de marzo.<\/strong><\/p>\n<p><img decoding=\"async\" loading=\"lazy\" class=\"alignnone wp-image-38792\" src=\"https:\/\/www.cric-colombia.org\/portal\/wp-content\/uploads\/2024\/01\/420534899_754000853431967_8301057173953476898_n-300x201.jpg\" alt=\"\" width=\"570\" height=\"382\" srcset=\"https:\/\/www.cric-colombia.org\/portal\/wp-content\/uploads\/2024\/01\/420534899_754000853431967_8301057173953476898_n-300x201.jpg 300w, https:\/\/www.cric-colombia.org\/portal\/wp-content\/uploads\/2024\/01\/420534899_754000853431967_8301057173953476898_n-1024x685.jpg 1024w, https:\/\/www.cric-colombia.org\/portal\/wp-content\/uploads\/2024\/01\/420534899_754000853431967_8301057173953476898_n-768x513.jpg 768w, https:\/\/www.cric-colombia.org\/portal\/wp-content\/uploads\/2024\/01\/420534899_754000853431967_8301057173953476898_n-696x465.jpg 696w, https:\/\/www.cric-colombia.org\/portal\/wp-content\/uploads\/2024\/01\/420534899_754000853431967_8301057173953476898_n-1068x714.jpg 1068w, https:\/\/www.cric-colombia.org\/portal\/wp-content\/uploads\/2024\/01\/420534899_754000853431967_8301057173953476898_n-628x420.jpg 628w, https:\/\/www.cric-colombia.org\/portal\/wp-content\/uploads\/2024\/01\/420534899_754000853431967_8301057173953476898_n.jpg 1080w\" sizes=\"(max-width: 570px) 100vw, 570px\" \/><\/p>\n<p>Otro de los objetivos que se logra es que se genere un proceso de viabilidad para<strong> que los docentes tengan acceso y puedan gozar del derecho a tener escalafones, es decir que puedan ser ingresados al sistema de cualificaci\u00f3n laboral ind\u00edgena especial<\/strong> en el marco del decreto 13 del 2023.<\/p>\n<p>Para el tema de semillas de vida se logr\u00f3 una mesa de dialogo en donde <strong>va a venir la directora para terminar de avanzar en la protocolizaci\u00f3n del proceso de habilitaci\u00f3n de los territorios indigenas CRIC, en este caso Nasa \u00c7xha \u00c7xha y Sa\u2019th Tama Kiwe.<\/strong><\/p>\n<p>Estos son los acuerdos logrados en tema educativo entre el C<strong>onsejo Regional Ind\u00edgena del Cauca-CRIC y el Ministerio de educaci\u00f3n, para el fortalecimiento de los procesos culturales y procesos de formaci\u00f3n que tiene la organizaci\u00f3n<\/strong> en cada uno de sus territorios para la pervivencia y permanencia como pueblos indigenas.<\/p>\n<p><strong>Por: Programa de comunicaciones CRIC.<\/strong><\/p>\n<p>&nbsp;<\/p>\n","protected":false},"excerpt":{"rendered":"<p>Durante el jueves 18 y viernes 19 de enero del presente a\u00f1o comunidad educativa, guardia ind\u00edgena, autoridades y consejer\u00edas de los territorios que hacen parte del CRIC, se reunieron en la ciudad de Bogot\u00e1 en lo que se denomin\u00f3 la Minga de Gesti\u00f3n Administrativa en el ministerio de educaci\u00f3n, por orientaci\u00f3n y mandato de las <\/p>\n","protected":false},"author":6,"featured_media":38789,"comment_status":"open","ping_status":"open","sticky":false,"template":"","format":"standard","meta":{"footnotes":""},"categories":[3,74],"tags":[88,253,87,168,730],"yoast_head":"<!-- This site is optimized with the Yoast SEO plugin v20.12 - https:\/\/yoast.com\/wordpress\/plugins\/seo\/ -->\n<title>Minga de gesti\u00f3n para el fortalecimiento de la educaci\u00f3n digna para los pueblos indigenas. - Consejo Regional Ind\u00edgena del Cauca - CRIC<\/title>\n<meta name=\"robots\" content=\"index, follow, max-snippet:-1, max-image-preview:large, max-video-preview:-1\" \/>\n<link rel=\"canonical\" href=\"https:\/\/www.cric-colombia.org\/portal\/minga-de-gestion-para-el-fortalecimiento-de-la-educacion-digna-para-los-pueblos-indigenas\/\" \/>\n<meta property=\"og:locale\" content=\"es_ES\" \/>\n<meta property=\"og:type\" content=\"article\" \/>\n<meta property=\"og:title\" content=\"Minga de gesti\u00f3n para el fortalecimiento de la educaci\u00f3n digna para los pueblos indigenas. - Consejo Regional Ind\u00edgena del Cauca - CRIC\" \/>\n<meta property=\"og:description\" content=\"Durante el jueves 18 y viernes 19 de enero del presente a\u00f1o comunidad educativa, guardia ind\u00edgena, autoridades y consejer\u00edas de los territorios que hacen parte del CRIC, se reunieron en la ciudad de Bogot\u00e1 en lo que se denomin\u00f3 la Minga de Gesti\u00f3n Administrativa en el ministerio de educaci\u00f3n, por orientaci\u00f3n y mandato de las\" \/>\n<meta property=\"og:url\" content=\"https:\/\/www.cric-colombia.org\/portal\/minga-de-gestion-para-el-fortalecimiento-de-la-educacion-digna-para-los-pueblos-indigenas\/\" \/>\n<meta property=\"og:site_name\" content=\"Consejo Regional Ind\u00edgena del Cauca - CRIC\" \/>\n<meta property=\"article:publisher\" content=\"https:\/\/www.facebook.com\/cric.colombia\/\" \/>\n<meta property=\"article:published_time\" content=\"2024-01-20T20:32:43+00:00\" \/>\n<meta property=\"article:modified_time\" content=\"2024-01-20T20:34:18+00:00\" \/>\n<meta property=\"og:image\" content=\"https:\/\/www.cric-colombia.org\/portal\/wp-content\/uploads\/2024\/01\/WhatsApp-Image-2024-01-20-at-3.02.56-PM.jpeg\" \/>\n\t<meta property=\"og:image:width\" content=\"1280\" \/>\n\t<meta property=\"og:image:height\" content=\"720\" \/>\n\t<meta property=\"og:image:type\" content=\"image\/jpeg\" \/>\n<meta name=\"author\" content=\"Comunicaciones CRIC\" \/>\n<meta name=\"twitter:card\" content=\"summary_large_image\" \/>\n<meta name=\"twitter:creator\" content=\"@CRIC_Cauca\" \/>\n<meta name=\"twitter:site\" content=\"@CRIC_Cauca\" \/>\n<meta name=\"twitter:label1\" content=\"Escrito por\" \/>\n\t<meta name=\"twitter:data1\" content=\"Comunicaciones CRIC\" \/>\n\t<meta name=\"twitter:label2\" content=\"Tiempo de lectura\" \/>\n\t<meta name=\"twitter:data2\" content=\"3 minutos\" \/>\n<script type=\"application\/ld+json\" class=\"yoast-schema-graph\">{\"@context\":\"https:\/\/schema.org\",\"@graph\":[{\"@type\":\"Article\",\"@id\":\"https:\/\/www.cric-colombia.org\/portal\/minga-de-gestion-para-el-fortalecimiento-de-la-educacion-digna-para-los-pueblos-indigenas\/#article\",\"isPartOf\":{\"@id\":\"https:\/\/www.cric-colombia.org\/portal\/minga-de-gestion-para-el-fortalecimiento-de-la-educacion-digna-para-los-pueblos-indigenas\/\"},\"author\":{\"name\":\"Comunicaciones CRIC\",\"@id\":\"https:\/\/www.cric-colombia.org\/portal\/#\/schema\/person\/ab3a3099267de33d55f74f34ba201931\"},\"headline\":\"Minga de gesti\u00f3n para el fortalecimiento de la educaci\u00f3n digna para los pueblos indigenas.\",\"datePublished\":\"2024-01-20T20:32:43+00:00\",\"dateModified\":\"2024-01-20T20:34:18+00:00\",\"mainEntityOfPage\":{\"@id\":\"https:\/\/www.cric-colombia.org\/portal\/minga-de-gestion-para-el-fortalecimiento-de-la-educacion-digna-para-los-pueblos-indigenas\/\"},\"wordCount\":694,\"commentCount\":0,\"publisher\":{\"@id\":\"https:\/\/www.cric-colombia.org\/portal\/#organization\"},\"keywords\":[\"cric\",\"Educacion\",\"indigenas\",\"Minga\",\"pueblos\"],\"articleSection\":[\"Actualidad Ind\u00edgena del Cauca\",\"Multimedia\"],\"inLanguage\":\"es\",\"potentialAction\":[{\"@type\":\"CommentAction\",\"name\":\"Comment\",\"target\":[\"https:\/\/www.cric-colombia.org\/portal\/minga-de-gestion-para-el-fortalecimiento-de-la-educacion-digna-para-los-pueblos-indigenas\/#respond\"]}]},{\"@type\":\"WebPage\",\"@id\":\"https:\/\/www.cric-colombia.org\/portal\/minga-de-gestion-para-el-fortalecimiento-de-la-educacion-digna-para-los-pueblos-indigenas\/\",\"url\":\"https:\/\/www.cric-colombia.org\/portal\/minga-de-gestion-para-el-fortalecimiento-de-la-educacion-digna-para-los-pueblos-indigenas\/\",\"name\":\"Minga de gesti\u00f3n para el fortalecimiento de la educaci\u00f3n digna para los pueblos indigenas. - Consejo Regional Ind\u00edgena del Cauca - CRIC\",\"isPartOf\":{\"@id\":\"https:\/\/www.cric-colombia.org\/portal\/#website\"},\"datePublished\":\"2024-01-20T20:32:43+00:00\",\"dateModified\":\"2024-01-20T20:34:18+00:00\",\"breadcrumb\":{\"@id\":\"https:\/\/www.cric-colombia.org\/portal\/minga-de-gestion-para-el-fortalecimiento-de-la-educacion-digna-para-los-pueblos-indigenas\/#breadcrumb\"},\"inLanguage\":\"es\",\"potentialAction\":[{\"@type\":\"ReadAction\",\"target\":[\"https:\/\/www.cric-colombia.org\/portal\/minga-de-gestion-para-el-fortalecimiento-de-la-educacion-digna-para-los-pueblos-indigenas\/\"]}]},{\"@type\":\"BreadcrumbList\",\"@id\":\"https:\/\/www.cric-colombia.org\/portal\/minga-de-gestion-para-el-fortalecimiento-de-la-educacion-digna-para-los-pueblos-indigenas\/#breadcrumb\",\"itemListElement\":[{\"@type\":\"ListItem\",\"position\":1,\"name\":\"Portada\",\"item\":\"https:\/\/www.cric-colombia.org\/portal\/\"},{\"@type\":\"ListItem\",\"position\":2,\"name\":\"Minga de gesti\u00f3n para el fortalecimiento de la educaci\u00f3n digna para los pueblos indigenas.\"}]},{\"@type\":\"WebSite\",\"@id\":\"https:\/\/www.cric-colombia.org\/portal\/#website\",\"url\":\"https:\/\/www.cric-colombia.org\/portal\/\",\"name\":\"Consejo Regional Ind\u00edgena del Cauca - CRIC\",\"description\":\"P\u00e1gina oficial del Consejo Regional Ind\u00edgena del Cauca, Colombia\",\"publisher\":{\"@id\":\"https:\/\/www.cric-colombia.org\/portal\/#organization\"},\"potentialAction\":[{\"@type\":\"SearchAction\",\"target\":{\"@type\":\"EntryPoint\",\"urlTemplate\":\"https:\/\/www.cric-colombia.org\/portal\/?s={search_term_string}\"},\"query-input\":\"required name=search_term_string\"}],\"inLanguage\":\"es\"},{\"@type\":\"Organization\",\"@id\":\"https:\/\/www.cric-colombia.org\/portal\/#organization\",\"name\":\"Consejo Regional Ind\u00edgena del Cauca\",\"url\":\"https:\/\/www.cric-colombia.org\/portal\/\",\"logo\":{\"@type\":\"ImageObject\",\"inLanguage\":\"es\",\"@id\":\"https:\/\/www.cric-colombia.org\/portal\/#\/schema\/logo\/image\/\",\"url\":\"https:\/\/www.cric-colombia.org\/portal\/wp-content\/uploads\/2015\/08\/logo_cric.jpg\",\"contentUrl\":\"https:\/\/www.cric-colombia.org\/portal\/wp-content\/uploads\/2015\/08\/logo_cric.jpg\",\"width\":512,\"height\":512,\"caption\":\"Consejo Regional Ind\u00edgena del Cauca\"},\"image\":{\"@id\":\"https:\/\/www.cric-colombia.org\/portal\/#\/schema\/logo\/image\/\"},\"sameAs\":[\"https:\/\/www.facebook.com\/cric.colombia\/\",\"https:\/\/twitter.com\/CRIC_Cauca\"]},{\"@type\":\"Person\",\"@id\":\"https:\/\/www.cric-colombia.org\/portal\/#\/schema\/person\/ab3a3099267de33d55f74f34ba201931\",\"name\":\"Comunicaciones CRIC\",\"image\":{\"@type\":\"ImageObject\",\"inLanguage\":\"es\",\"@id\":\"https:\/\/www.cric-colombia.org\/portal\/#\/schema\/person\/image\/\",\"url\":\"https:\/\/secure.gravatar.com\/avatar\/a8d1a6cfcb82a80d09dafefdcc3dcc8a?s=96&d=retro&r=g\",\"contentUrl\":\"https:\/\/secure.gravatar.com\/avatar\/a8d1a6cfcb82a80d09dafefdcc3dcc8a?s=96&d=retro&r=g\",\"caption\":\"Comunicaciones CRIC\"},\"url\":\"https:\/\/www.cric-colombia.org\/portal\/author\/comunicaciones\/\"}]}<\/script>\n<!-- \/ Yoast SEO plugin. -->","yoast_head_json":{"title":"Minga de gesti\u00f3n para el fortalecimiento de la educaci\u00f3n digna para los pueblos indigenas. - Consejo Regional Ind\u00edgena del Cauca - CRIC","robots":{"index":"index","follow":"follow","max-snippet":"max-snippet:-1","max-image-preview":"max-image-preview:large","max-video-preview":"max-video-preview:-1"},"canonical":"https:\/\/www.cric-colombia.org\/portal\/minga-de-gestion-para-el-fortalecimiento-de-la-educacion-digna-para-los-pueblos-indigenas\/","og_locale":"es_ES","og_type":"article","og_title":"Minga de gesti\u00f3n para el fortalecimiento de la educaci\u00f3n digna para los pueblos indigenas. - Consejo Regional Ind\u00edgena del Cauca - CRIC","og_description":"Durante el jueves 18 y viernes 19 de enero del presente a\u00f1o comunidad educativa, guardia ind\u00edgena, autoridades y consejer\u00edas de los territorios que hacen parte del CRIC, se reunieron en la ciudad de Bogot\u00e1 en lo que se denomin\u00f3 la Minga de Gesti\u00f3n Administrativa en el ministerio de educaci\u00f3n, por orientaci\u00f3n y mandato de las","og_url":"https:\/\/www.cric-colombia.org\/portal\/minga-de-gestion-para-el-fortalecimiento-de-la-educacion-digna-para-los-pueblos-indigenas\/","og_site_name":"Consejo Regional Ind\u00edgena del Cauca - CRIC","article_publisher":"https:\/\/www.facebook.com\/cric.colombia\/","article_published_time":"2024-01-20T20:32:43+00:00","article_modified_time":"2024-01-20T20:34:18+00:00","og_image":[{"width":1280,"height":720,"url":"https:\/\/www.cric-colombia.org\/portal\/wp-content\/uploads\/2024\/01\/WhatsApp-Image-2024-01-20-at-3.02.56-PM.jpeg","type":"image\/jpeg"}],"author":"Comunicaciones CRIC","twitter_card":"summary_large_image","twitter_creator":"@CRIC_Cauca","twitter_site":"@CRIC_Cauca","twitter_misc":{"Escrito por":"Comunicaciones CRIC","Tiempo de lectura":"3 minutos"},"schema":{"@context":"https:\/\/schema.org","@graph":[{"@type":"Article","@id":"https:\/\/www.cric-colombia.org\/portal\/minga-de-gestion-para-el-fortalecimiento-de-la-educacion-digna-para-los-pueblos-indigenas\/#article","isPartOf":{"@id":"https:\/\/www.cric-colombia.org\/portal\/minga-de-gestion-para-el-fortalecimiento-de-la-educacion-digna-para-los-pueblos-indigenas\/"},"author":{"name":"Comunicaciones CRIC","@id":"https:\/\/www.cric-colombia.org\/portal\/#\/schema\/person\/ab3a3099267de33d55f74f34ba201931"},"headline":"Minga de gesti\u00f3n para el fortalecimiento de la educaci\u00f3n digna para los pueblos indigenas.","datePublished":"2024-01-20T20:32:43+00:00","dateModified":"2024-01-20T20:34:18+00:00","mainEntityOfPage":{"@id":"https:\/\/www.cric-colombia.org\/portal\/minga-de-gestion-para-el-fortalecimiento-de-la-educacion-digna-para-los-pueblos-indigenas\/"},"wordCount":694,"commentCount":0,"publisher":{"@id":"https:\/\/www.cric-colombia.org\/portal\/#organization"},"keywords":["cric","Educacion","indigenas","Minga","pueblos"],"articleSection":["Actualidad Ind\u00edgena del Cauca","Multimedia"],"inLanguage":"es","potentialAction":[{"@type":"CommentAction","name":"Comment","target":["https:\/\/www.cric-colombia.org\/portal\/minga-de-gestion-para-el-fortalecimiento-de-la-educacion-digna-para-los-pueblos-indigenas\/#respond"]}]},{"@type":"WebPage","@id":"https:\/\/www.cric-colombia.org\/portal\/minga-de-gestion-para-el-fortalecimiento-de-la-educacion-digna-para-los-pueblos-indigenas\/","url":"https:\/\/www.cric-colombia.org\/portal\/minga-de-gestion-para-el-fortalecimiento-de-la-educacion-digna-para-los-pueblos-indigenas\/","name":"Minga de gesti\u00f3n para el fortalecimiento de la educaci\u00f3n digna para los pueblos indigenas. - Consejo Regional Ind\u00edgena del Cauca - CRIC","isPartOf":{"@id":"https:\/\/www.cric-colombia.org\/portal\/#website"},"datePublished":"2024-01-20T20:32:43+00:00","dateModified":"2024-01-20T20:34:18+00:00","breadcrumb":{"@id":"https:\/\/www.cric-colombia.org\/portal\/minga-de-gestion-para-el-fortalecimiento-de-la-educacion-digna-para-los-pueblos-indigenas\/#breadcrumb"},"inLanguage":"es","potentialAction":[{"@type":"ReadAction","target":["https:\/\/www.cric-colombia.org\/portal\/minga-de-gestion-para-el-fortalecimiento-de-la-educacion-digna-para-los-pueblos-indigenas\/"]}]},{"@type":"BreadcrumbList","@id":"https:\/\/www.cric-colombia.org\/portal\/minga-de-gestion-para-el-fortalecimiento-de-la-educacion-digna-para-los-pueblos-indigenas\/#breadcrumb","itemListElement":[{"@type":"ListItem","position":1,"name":"Portada","item":"https:\/\/www.cric-colombia.org\/portal\/"},{"@type":"ListItem","position":2,"name":"Minga de gesti\u00f3n para el fortalecimiento de la educaci\u00f3n digna para los pueblos indigenas."}]},{"@type":"WebSite","@id":"https:\/\/www.cric-colombia.org\/portal\/#website","url":"https:\/\/www.cric-colombia.org\/portal\/","name":"Consejo Regional Ind\u00edgena del Cauca - CRIC","description":"P\u00e1gina oficial del Consejo Regional Ind\u00edgena del Cauca, Colombia","publisher":{"@id":"https:\/\/www.cric-colombia.org\/portal\/#organization"},"potentialAction":[{"@type":"SearchAction","target":{"@type":"EntryPoint","urlTemplate":"https:\/\/www.cric-colombia.org\/portal\/?s={search_term_string}"},"query-input":"required name=search_term_string"}],"inLanguage":"es"},{"@type":"Organization","@id":"https:\/\/www.cric-colombia.org\/portal\/#organization","name":"Consejo Regional Ind\u00edgena del Cauca","url":"https:\/\/www.cric-colombia.org\/portal\/","logo":{"@type":"ImageObject","inLanguage":"es","@id":"https:\/\/www.cric-colombia.org\/portal\/#\/schema\/logo\/image\/","url":"https:\/\/www.cric-colombia.org\/portal\/wp-content\/uploads\/2015\/08\/logo_cric.jpg","contentUrl":"https:\/\/www.cric-colombia.org\/portal\/wp-content\/uploads\/2015\/08\/logo_cric.jpg","width":512,"height":512,"caption":"Consejo Regional Ind\u00edgena del Cauca"},"image":{"@id":"https:\/\/www.cric-colombia.org\/portal\/#\/schema\/logo\/image\/"},"sameAs":["https:\/\/www.facebook.com\/cric.colombia\/","https:\/\/twitter.com\/CRIC_Cauca"]},{"@type":"Person","@id":"https:\/\/www.cric-colombia.org\/portal\/#\/schema\/person\/ab3a3099267de33d55f74f34ba201931","name":"Comunicaciones CRIC","image":{"@type":"ImageObject","inLanguage":"es","@id":"https:\/\/www.cric-colombia.org\/portal\/#\/schema\/person\/image\/","url":"https:\/\/secure.gravatar.com\/avatar\/a8d1a6cfcb82a80d09dafefdcc3dcc8a?s=96&d=retro&r=g","contentUrl":"https:\/\/secure.gravatar.com\/avatar\/a8d1a6cfcb82a80d09dafefdcc3dcc8a?s=96&d=retro&r=g","caption":"Comunicaciones CRIC"},"url":"https:\/\/www.cric-colombia.org\/portal\/author\/comunicaciones\/"}]}},"jetpack_featured_media_url":"https:\/\/www.cric-colombia.org\/portal\/wp-content\/uploads\/2024\/01\/WhatsApp-Image-2024-01-20-at-3.02.56-PM.jpeg","_links":{"self":[{"href":"https:\/\/www.cric-colombia.org\/portal\/wp-json\/wp\/v2\/posts\/38788"}],"collection":[{"href":"https:\/\/www.cric-colombia.org\/portal\/wp-json\/wp\/v2\/posts"}],"about":[{"href":"https:\/\/www.cric-colombia.org\/portal\/wp-json\/wp\/v2\/types\/post"}],"author":[{"embeddable":true,"href":"https:\/\/www.cric-colombia.org\/portal\/wp-json\/wp\/v2\/users\/6"}],"replies":[{"embeddable":true,"href":"https:\/\/www.cric-colombia.org\/portal\/wp-json\/wp\/v2\/comments?post=38788"}],"version-history":[{"count":3,"href":"https:\/\/www.cric-colombia.org\/portal\/wp-json\/wp\/v2\/posts\/38788\/revisions"}],"predecessor-version":[{"id":38794,"href":"https:\/\/www.cric-colombia.org\/portal\/wp-json\/wp\/v2\/posts\/38788\/revisions\/38794"}],"wp:featuredmedia":[{"embeddable":true,"href":"https:\/\/www.cric-colombia.org\/portal\/wp-json\/wp\/v2\/media\/38789"}],"wp:attachment":[{"href":"https:\/\/www.cric-colombia.org\/portal\/wp-json\/wp\/v2\/media?parent=38788"}],"wp:term":[{"taxonomy":"category","embeddable":true,"href":"https:\/\/www.cric-colombia.org\/portal\/wp-json\/wp\/v2\/categories?post=38788"},{"taxonomy":"post_tag","embeddable":true,"href":"https:\/\/www.cric-colombia.org\/portal\/wp-json\/wp\/v2\/tags?post=38788"}],"curies":[{"name":"wp","href":"https:\/\/api.w.org\/{rel}","templated":true}]}}