{"id":38226,"date":"2023-09-23T13:06:42","date_gmt":"2023-09-23T18:06:42","guid":{"rendered":"https:\/\/www.cric-colombia.org\/portal\/?p=38226"},"modified":"2023-09-23T13:06:42","modified_gmt":"2023-09-23T18:06:42","slug":"la-minga-del-arte-indigena-prepara-la-siembra-creativa-en-los-territorios","status":"publish","type":"post","link":"https:\/\/www.cric-colombia.org\/portal\/la-minga-del-arte-indigena-prepara-la-siembra-creativa-en-los-territorios\/","title":{"rendered":"La Minga del Arte Ind\u00edgena prepara la siembra creativa en los territorios"},"content":{"rendered":"<p style=\"text-align: justify;\"><strong>La Minga del Arte Ind\u00edgena \u2013 Culturas en Comunicaci\u00f3n, avanza en la realizaci\u00f3n de los encuentros preparatorios<\/strong> para los procesos de producci\u00f3n y creaci\u00f3n art\u00edstica que se desarrollar\u00e1n durante este a\u00f1o en los territorios ind\u00edgenas del Cauca, <strong>iniciativa liderada por el Programa de Comunicaciones del Consejo Regional Ind\u00edgena del Cauca \u2013 CRIC.<\/strong><\/p>\n<p style=\"text-align: justify;\">En estos encuentros se identifican las iniciativas art\u00edsticas que nutrir\u00e1n el proceso de la minga del arte en el 2023 con proyecci\u00f3n a los encuentros zonales, regionales y las actividades de incidencia nacional en el pr\u00f3ximo a\u00f1o. Artistas, dinamizadoras y dinamizadores culturales de los procesos educativos, colectivos de comunicaci\u00f3n, se han encontrado y han dise\u00f1ado su propuesta zonal de trabajo. <strong>El tema de referencia de esta minga del arte es el reconocimiento y agradecimiento a mayoras y mayores<\/strong> que han aportado en el arte y la creaci\u00f3n y que a\u00fan contin\u00faan trasmitiendo su legado. El equipo regional continua su recorrido por las 11 zonas del departamento, construyendo y sembrando desde el arte, la esperanza, la creatividad y la comunicaci\u00f3n m\u00e1s all\u00e1 de la palabra.<strong> La Minga del Arte busca fortalecer la organizaci\u00f3n, la protecci\u00f3n y el respeto a las y los artistas cuidadores de lo bonito, comunicadores de esperanza.<\/strong><\/p>\n<p style=\"text-align: justify;\"><img decoding=\"async\" loading=\"lazy\" class=\"wp-image-38231 aligncenter\" src=\"https:\/\/www.cric-colombia.org\/portal\/wp-content\/uploads\/2023\/09\/WhatsApp-Image-2023-09-23-at-12.42.07-PM-186x300.jpeg\" alt=\"\" width=\"297\" height=\"479\" srcset=\"https:\/\/www.cric-colombia.org\/portal\/wp-content\/uploads\/2023\/09\/WhatsApp-Image-2023-09-23-at-12.42.07-PM-186x300.jpeg 186w, https:\/\/www.cric-colombia.org\/portal\/wp-content\/uploads\/2023\/09\/WhatsApp-Image-2023-09-23-at-12.42.07-PM-634x1024.jpeg 634w, https:\/\/www.cric-colombia.org\/portal\/wp-content\/uploads\/2023\/09\/WhatsApp-Image-2023-09-23-at-12.42.07-PM-768x1241.jpeg 768w, https:\/\/www.cric-colombia.org\/portal\/wp-content\/uploads\/2023\/09\/WhatsApp-Image-2023-09-23-at-12.42.07-PM-696x1125.jpeg 696w, https:\/\/www.cric-colombia.org\/portal\/wp-content\/uploads\/2023\/09\/WhatsApp-Image-2023-09-23-at-12.42.07-PM-260x420.jpeg 260w, https:\/\/www.cric-colombia.org\/portal\/wp-content\/uploads\/2023\/09\/WhatsApp-Image-2023-09-23-at-12.42.07-PM.jpeg 792w\" sizes=\"(max-width: 297px) 100vw, 297px\" \/>Los procesos de creaci\u00f3n y producci\u00f3n art\u00edstica est\u00e1n basados en la construcci\u00f3n de di\u00e1logos intergeneracionales, diversos e incluyentes, que aborden desde el hacer y el compartir art\u00edstico, todas las realidades creativas que se viven en los territorios.<\/p>\n<p style=\"text-align: justify;\"><strong>El proceso de la minga enfatiza en la superaci\u00f3n del enfoque utilitarista de artistas y creadores<\/strong> y busca fortalecer sus propios procesos de organizaci\u00f3n y trabajo en red, como representantes de las formas propias de comunicaci\u00f3n, coraz\u00f3n conceptual de la comunicaci\u00f3n ind\u00edgena.<\/p>\n<p>&nbsp;<\/p>\n<p>&nbsp;<\/p>\n<p style=\"text-align: justify;\"><img decoding=\"async\" loading=\"lazy\" class=\"wp-image-38230 alignleft\" src=\"https:\/\/www.cric-colombia.org\/portal\/wp-content\/uploads\/2023\/09\/WhatsApp-Image-2023-09-23-at-12.42.07-PM-1-193x300.jpeg\" alt=\"\" width=\"289\" height=\"449\" srcset=\"https:\/\/www.cric-colombia.org\/portal\/wp-content\/uploads\/2023\/09\/WhatsApp-Image-2023-09-23-at-12.42.07-PM-1-193x300.jpeg 193w, https:\/\/www.cric-colombia.org\/portal\/wp-content\/uploads\/2023\/09\/WhatsApp-Image-2023-09-23-at-12.42.07-PM-1-660x1024.jpeg 660w, https:\/\/www.cric-colombia.org\/portal\/wp-content\/uploads\/2023\/09\/WhatsApp-Image-2023-09-23-at-12.42.07-PM-1-768x1192.jpeg 768w, https:\/\/www.cric-colombia.org\/portal\/wp-content\/uploads\/2023\/09\/WhatsApp-Image-2023-09-23-at-12.42.07-PM-1-696x1080.jpeg 696w, https:\/\/www.cric-colombia.org\/portal\/wp-content\/uploads\/2023\/09\/WhatsApp-Image-2023-09-23-at-12.42.07-PM-1-271x420.jpeg 271w, https:\/\/www.cric-colombia.org\/portal\/wp-content\/uploads\/2023\/09\/WhatsApp-Image-2023-09-23-at-12.42.07-PM-1.jpeg 825w\" sizes=\"(max-width: 289px) 100vw, 289px\" \/><strong>En los encuentros de producci\u00f3n y creaci\u00f3n art\u00edstica, las iniciativas por cada zona y pueblo dise\u00f1an y desarrollan propuestas<\/strong> de hacer arte en minga, es decir, buscando la integraci\u00f3n de las distintas expresiones y d\u00e1ndoles un sentido en una puesta en escena que integre los procesos.<\/p>\n<p style=\"text-align: justify;\">Este a\u00f1o, <strong>la Minga del Arte Ind\u00edgena apoya la participaci\u00f3n de las iniciativas art\u00edsticas en fiestas tradicionales<\/strong> concertadas en cada zona o pueblo. Se busca presentar la propuesta de las iniciativas en estos escenarios y garantizar una presencia activa y sostenible de los procesos art\u00edsticos en estos espacios.<\/p>\n<p style=\"text-align: justify;\">Los encuentros preparatorios permiten identificar y concertar las posibles iniciativas y proyectar sus procesos de producci\u00f3n y creaci\u00f3n art\u00edstica en los espacios locales y zonales.<\/p>\n","protected":false},"excerpt":{"rendered":"<p>La Minga del Arte Ind\u00edgena \u2013 Culturas en Comunicaci\u00f3n, avanza en la realizaci\u00f3n de los encuentros preparatorios para los procesos de producci\u00f3n y creaci\u00f3n art\u00edstica que se desarrollar\u00e1n durante este a\u00f1o en los territorios ind\u00edgenas del Cauca, iniciativa liderada por el Programa de Comunicaciones del Consejo Regional Ind\u00edgena del Cauca \u2013 CRIC. En estos encuentros <\/p>\n","protected":false},"author":6,"featured_media":38229,"comment_status":"open","ping_status":"open","sticky":false,"template":"","format":"standard","meta":{"footnotes":""},"categories":[3,915,74],"tags":[935,88,93,87,168],"yoast_head":"<!-- This site is optimized with the Yoast SEO plugin v20.12 - https:\/\/yoast.com\/wordpress\/plugins\/seo\/ -->\n<title>La Minga del Arte Ind\u00edgena prepara la siembra creativa en los territorios - Consejo Regional Ind\u00edgena del Cauca - CRIC<\/title>\n<meta name=\"robots\" content=\"index, follow, max-snippet:-1, max-image-preview:large, max-video-preview:-1\" \/>\n<link rel=\"canonical\" href=\"https:\/\/www.cric-colombia.org\/portal\/la-minga-del-arte-indigena-prepara-la-siembra-creativa-en-los-territorios\/\" \/>\n<meta property=\"og:locale\" content=\"es_ES\" \/>\n<meta property=\"og:type\" content=\"article\" \/>\n<meta property=\"og:title\" content=\"La Minga del Arte Ind\u00edgena prepara la siembra creativa en los territorios - Consejo Regional Ind\u00edgena del Cauca - CRIC\" \/>\n<meta property=\"og:description\" content=\"La Minga del Arte Ind\u00edgena \u2013 Culturas en Comunicaci\u00f3n, avanza en la realizaci\u00f3n de los encuentros preparatorios para los procesos de producci\u00f3n y creaci\u00f3n art\u00edstica que se desarrollar\u00e1n durante este a\u00f1o en los territorios ind\u00edgenas del Cauca, iniciativa liderada por el Programa de Comunicaciones del Consejo Regional Ind\u00edgena del Cauca \u2013 CRIC. En estos encuentros\" \/>\n<meta property=\"og:url\" content=\"https:\/\/www.cric-colombia.org\/portal\/la-minga-del-arte-indigena-prepara-la-siembra-creativa-en-los-territorios\/\" \/>\n<meta property=\"og:site_name\" content=\"Consejo Regional Ind\u00edgena del Cauca - CRIC\" \/>\n<meta property=\"article:publisher\" content=\"https:\/\/www.facebook.com\/cric.colombia\/\" \/>\n<meta property=\"article:published_time\" content=\"2023-09-23T18:06:42+00:00\" \/>\n<meta property=\"og:image\" content=\"https:\/\/www.cric-colombia.org\/portal\/wp-content\/uploads\/2023\/09\/WhatsApp-Image-2023-09-23-at-12.42.06-PM.jpeg\" \/>\n\t<meta property=\"og:image:width\" content=\"792\" \/>\n\t<meta property=\"og:image:height\" content=\"1280\" \/>\n\t<meta property=\"og:image:type\" content=\"image\/jpeg\" \/>\n<meta name=\"author\" content=\"Comunicaciones CRIC\" \/>\n<meta name=\"twitter:card\" content=\"summary_large_image\" \/>\n<meta name=\"twitter:creator\" content=\"@CRIC_Cauca\" \/>\n<meta name=\"twitter:site\" content=\"@CRIC_Cauca\" \/>\n<meta name=\"twitter:label1\" content=\"Escrito por\" \/>\n\t<meta name=\"twitter:data1\" content=\"Comunicaciones CRIC\" \/>\n\t<meta name=\"twitter:label2\" content=\"Tiempo de lectura\" \/>\n\t<meta name=\"twitter:data2\" content=\"2 minutos\" \/>\n<script type=\"application\/ld+json\" class=\"yoast-schema-graph\">{\"@context\":\"https:\/\/schema.org\",\"@graph\":[{\"@type\":\"Article\",\"@id\":\"https:\/\/www.cric-colombia.org\/portal\/la-minga-del-arte-indigena-prepara-la-siembra-creativa-en-los-territorios\/#article\",\"isPartOf\":{\"@id\":\"https:\/\/www.cric-colombia.org\/portal\/la-minga-del-arte-indigena-prepara-la-siembra-creativa-en-los-territorios\/\"},\"author\":{\"name\":\"Comunicaciones CRIC\",\"@id\":\"https:\/\/www.cric-colombia.org\/portal\/#\/schema\/person\/ab3a3099267de33d55f74f34ba201931\"},\"headline\":\"La Minga del Arte Ind\u00edgena prepara la siembra creativa en los territorios\",\"datePublished\":\"2023-09-23T18:06:42+00:00\",\"dateModified\":\"2023-09-23T18:06:42+00:00\",\"mainEntityOfPage\":{\"@id\":\"https:\/\/www.cric-colombia.org\/portal\/la-minga-del-arte-indigena-prepara-la-siembra-creativa-en-los-territorios\/\"},\"wordCount\":461,\"commentCount\":0,\"publisher\":{\"@id\":\"https:\/\/www.cric-colombia.org\/portal\/#organization\"},\"keywords\":[\"Arte\",\"cric\",\"cultura\",\"indigenas\",\"Minga\"],\"articleSection\":[\"Actualidad Ind\u00edgena del Cauca\",\"Minga del Arte 2021\",\"Multimedia\"],\"inLanguage\":\"es\",\"potentialAction\":[{\"@type\":\"CommentAction\",\"name\":\"Comment\",\"target\":[\"https:\/\/www.cric-colombia.org\/portal\/la-minga-del-arte-indigena-prepara-la-siembra-creativa-en-los-territorios\/#respond\"]}]},{\"@type\":\"WebPage\",\"@id\":\"https:\/\/www.cric-colombia.org\/portal\/la-minga-del-arte-indigena-prepara-la-siembra-creativa-en-los-territorios\/\",\"url\":\"https:\/\/www.cric-colombia.org\/portal\/la-minga-del-arte-indigena-prepara-la-siembra-creativa-en-los-territorios\/\",\"name\":\"La Minga del Arte Ind\u00edgena prepara la siembra creativa en los territorios - Consejo Regional Ind\u00edgena del Cauca - CRIC\",\"isPartOf\":{\"@id\":\"https:\/\/www.cric-colombia.org\/portal\/#website\"},\"datePublished\":\"2023-09-23T18:06:42+00:00\",\"dateModified\":\"2023-09-23T18:06:42+00:00\",\"breadcrumb\":{\"@id\":\"https:\/\/www.cric-colombia.org\/portal\/la-minga-del-arte-indigena-prepara-la-siembra-creativa-en-los-territorios\/#breadcrumb\"},\"inLanguage\":\"es\",\"potentialAction\":[{\"@type\":\"ReadAction\",\"target\":[\"https:\/\/www.cric-colombia.org\/portal\/la-minga-del-arte-indigena-prepara-la-siembra-creativa-en-los-territorios\/\"]}]},{\"@type\":\"BreadcrumbList\",\"@id\":\"https:\/\/www.cric-colombia.org\/portal\/la-minga-del-arte-indigena-prepara-la-siembra-creativa-en-los-territorios\/#breadcrumb\",\"itemListElement\":[{\"@type\":\"ListItem\",\"position\":1,\"name\":\"Portada\",\"item\":\"https:\/\/www.cric-colombia.org\/portal\/\"},{\"@type\":\"ListItem\",\"position\":2,\"name\":\"La Minga del Arte Ind\u00edgena prepara la siembra creativa en los territorios\"}]},{\"@type\":\"WebSite\",\"@id\":\"https:\/\/www.cric-colombia.org\/portal\/#website\",\"url\":\"https:\/\/www.cric-colombia.org\/portal\/\",\"name\":\"Consejo Regional Ind\u00edgena del Cauca - CRIC\",\"description\":\"P\u00e1gina oficial del Consejo Regional Ind\u00edgena del Cauca, Colombia\",\"publisher\":{\"@id\":\"https:\/\/www.cric-colombia.org\/portal\/#organization\"},\"potentialAction\":[{\"@type\":\"SearchAction\",\"target\":{\"@type\":\"EntryPoint\",\"urlTemplate\":\"https:\/\/www.cric-colombia.org\/portal\/?s={search_term_string}\"},\"query-input\":\"required name=search_term_string\"}],\"inLanguage\":\"es\"},{\"@type\":\"Organization\",\"@id\":\"https:\/\/www.cric-colombia.org\/portal\/#organization\",\"name\":\"Consejo Regional Ind\u00edgena del Cauca\",\"url\":\"https:\/\/www.cric-colombia.org\/portal\/\",\"logo\":{\"@type\":\"ImageObject\",\"inLanguage\":\"es\",\"@id\":\"https:\/\/www.cric-colombia.org\/portal\/#\/schema\/logo\/image\/\",\"url\":\"https:\/\/www.cric-colombia.org\/portal\/wp-content\/uploads\/2015\/08\/logo_cric.jpg\",\"contentUrl\":\"https:\/\/www.cric-colombia.org\/portal\/wp-content\/uploads\/2015\/08\/logo_cric.jpg\",\"width\":512,\"height\":512,\"caption\":\"Consejo Regional Ind\u00edgena del Cauca\"},\"image\":{\"@id\":\"https:\/\/www.cric-colombia.org\/portal\/#\/schema\/logo\/image\/\"},\"sameAs\":[\"https:\/\/www.facebook.com\/cric.colombia\/\",\"https:\/\/twitter.com\/CRIC_Cauca\"]},{\"@type\":\"Person\",\"@id\":\"https:\/\/www.cric-colombia.org\/portal\/#\/schema\/person\/ab3a3099267de33d55f74f34ba201931\",\"name\":\"Comunicaciones CRIC\",\"image\":{\"@type\":\"ImageObject\",\"inLanguage\":\"es\",\"@id\":\"https:\/\/www.cric-colombia.org\/portal\/#\/schema\/person\/image\/\",\"url\":\"https:\/\/secure.gravatar.com\/avatar\/a8d1a6cfcb82a80d09dafefdcc3dcc8a?s=96&d=retro&r=g\",\"contentUrl\":\"https:\/\/secure.gravatar.com\/avatar\/a8d1a6cfcb82a80d09dafefdcc3dcc8a?s=96&d=retro&r=g\",\"caption\":\"Comunicaciones CRIC\"},\"url\":\"https:\/\/www.cric-colombia.org\/portal\/author\/comunicaciones\/\"}]}<\/script>\n<!-- \/ Yoast SEO plugin. -->","yoast_head_json":{"title":"La Minga del Arte Ind\u00edgena prepara la siembra creativa en los territorios - Consejo Regional Ind\u00edgena del Cauca - CRIC","robots":{"index":"index","follow":"follow","max-snippet":"max-snippet:-1","max-image-preview":"max-image-preview:large","max-video-preview":"max-video-preview:-1"},"canonical":"https:\/\/www.cric-colombia.org\/portal\/la-minga-del-arte-indigena-prepara-la-siembra-creativa-en-los-territorios\/","og_locale":"es_ES","og_type":"article","og_title":"La Minga del Arte Ind\u00edgena prepara la siembra creativa en los territorios - Consejo Regional Ind\u00edgena del Cauca - CRIC","og_description":"La Minga del Arte Ind\u00edgena \u2013 Culturas en Comunicaci\u00f3n, avanza en la realizaci\u00f3n de los encuentros preparatorios para los procesos de producci\u00f3n y creaci\u00f3n art\u00edstica que se desarrollar\u00e1n durante este a\u00f1o en los territorios ind\u00edgenas del Cauca, iniciativa liderada por el Programa de Comunicaciones del Consejo Regional Ind\u00edgena del Cauca \u2013 CRIC. En estos encuentros","og_url":"https:\/\/www.cric-colombia.org\/portal\/la-minga-del-arte-indigena-prepara-la-siembra-creativa-en-los-territorios\/","og_site_name":"Consejo Regional Ind\u00edgena del Cauca - CRIC","article_publisher":"https:\/\/www.facebook.com\/cric.colombia\/","article_published_time":"2023-09-23T18:06:42+00:00","og_image":[{"width":792,"height":1280,"url":"https:\/\/www.cric-colombia.org\/portal\/wp-content\/uploads\/2023\/09\/WhatsApp-Image-2023-09-23-at-12.42.06-PM.jpeg","type":"image\/jpeg"}],"author":"Comunicaciones CRIC","twitter_card":"summary_large_image","twitter_creator":"@CRIC_Cauca","twitter_site":"@CRIC_Cauca","twitter_misc":{"Escrito por":"Comunicaciones CRIC","Tiempo de lectura":"2 minutos"},"schema":{"@context":"https:\/\/schema.org","@graph":[{"@type":"Article","@id":"https:\/\/www.cric-colombia.org\/portal\/la-minga-del-arte-indigena-prepara-la-siembra-creativa-en-los-territorios\/#article","isPartOf":{"@id":"https:\/\/www.cric-colombia.org\/portal\/la-minga-del-arte-indigena-prepara-la-siembra-creativa-en-los-territorios\/"},"author":{"name":"Comunicaciones CRIC","@id":"https:\/\/www.cric-colombia.org\/portal\/#\/schema\/person\/ab3a3099267de33d55f74f34ba201931"},"headline":"La Minga del Arte Ind\u00edgena prepara la siembra creativa en los territorios","datePublished":"2023-09-23T18:06:42+00:00","dateModified":"2023-09-23T18:06:42+00:00","mainEntityOfPage":{"@id":"https:\/\/www.cric-colombia.org\/portal\/la-minga-del-arte-indigena-prepara-la-siembra-creativa-en-los-territorios\/"},"wordCount":461,"commentCount":0,"publisher":{"@id":"https:\/\/www.cric-colombia.org\/portal\/#organization"},"keywords":["Arte","cric","cultura","indigenas","Minga"],"articleSection":["Actualidad Ind\u00edgena del Cauca","Minga del Arte 2021","Multimedia"],"inLanguage":"es","potentialAction":[{"@type":"CommentAction","name":"Comment","target":["https:\/\/www.cric-colombia.org\/portal\/la-minga-del-arte-indigena-prepara-la-siembra-creativa-en-los-territorios\/#respond"]}]},{"@type":"WebPage","@id":"https:\/\/www.cric-colombia.org\/portal\/la-minga-del-arte-indigena-prepara-la-siembra-creativa-en-los-territorios\/","url":"https:\/\/www.cric-colombia.org\/portal\/la-minga-del-arte-indigena-prepara-la-siembra-creativa-en-los-territorios\/","name":"La Minga del Arte Ind\u00edgena prepara la siembra creativa en los territorios - Consejo Regional Ind\u00edgena del Cauca - CRIC","isPartOf":{"@id":"https:\/\/www.cric-colombia.org\/portal\/#website"},"datePublished":"2023-09-23T18:06:42+00:00","dateModified":"2023-09-23T18:06:42+00:00","breadcrumb":{"@id":"https:\/\/www.cric-colombia.org\/portal\/la-minga-del-arte-indigena-prepara-la-siembra-creativa-en-los-territorios\/#breadcrumb"},"inLanguage":"es","potentialAction":[{"@type":"ReadAction","target":["https:\/\/www.cric-colombia.org\/portal\/la-minga-del-arte-indigena-prepara-la-siembra-creativa-en-los-territorios\/"]}]},{"@type":"BreadcrumbList","@id":"https:\/\/www.cric-colombia.org\/portal\/la-minga-del-arte-indigena-prepara-la-siembra-creativa-en-los-territorios\/#breadcrumb","itemListElement":[{"@type":"ListItem","position":1,"name":"Portada","item":"https:\/\/www.cric-colombia.org\/portal\/"},{"@type":"ListItem","position":2,"name":"La Minga del Arte Ind\u00edgena prepara la siembra creativa en los territorios"}]},{"@type":"WebSite","@id":"https:\/\/www.cric-colombia.org\/portal\/#website","url":"https:\/\/www.cric-colombia.org\/portal\/","name":"Consejo Regional Ind\u00edgena del Cauca - CRIC","description":"P\u00e1gina oficial del Consejo Regional Ind\u00edgena del Cauca, Colombia","publisher":{"@id":"https:\/\/www.cric-colombia.org\/portal\/#organization"},"potentialAction":[{"@type":"SearchAction","target":{"@type":"EntryPoint","urlTemplate":"https:\/\/www.cric-colombia.org\/portal\/?s={search_term_string}"},"query-input":"required name=search_term_string"}],"inLanguage":"es"},{"@type":"Organization","@id":"https:\/\/www.cric-colombia.org\/portal\/#organization","name":"Consejo Regional Ind\u00edgena del Cauca","url":"https:\/\/www.cric-colombia.org\/portal\/","logo":{"@type":"ImageObject","inLanguage":"es","@id":"https:\/\/www.cric-colombia.org\/portal\/#\/schema\/logo\/image\/","url":"https:\/\/www.cric-colombia.org\/portal\/wp-content\/uploads\/2015\/08\/logo_cric.jpg","contentUrl":"https:\/\/www.cric-colombia.org\/portal\/wp-content\/uploads\/2015\/08\/logo_cric.jpg","width":512,"height":512,"caption":"Consejo Regional Ind\u00edgena del Cauca"},"image":{"@id":"https:\/\/www.cric-colombia.org\/portal\/#\/schema\/logo\/image\/"},"sameAs":["https:\/\/www.facebook.com\/cric.colombia\/","https:\/\/twitter.com\/CRIC_Cauca"]},{"@type":"Person","@id":"https:\/\/www.cric-colombia.org\/portal\/#\/schema\/person\/ab3a3099267de33d55f74f34ba201931","name":"Comunicaciones CRIC","image":{"@type":"ImageObject","inLanguage":"es","@id":"https:\/\/www.cric-colombia.org\/portal\/#\/schema\/person\/image\/","url":"https:\/\/secure.gravatar.com\/avatar\/a8d1a6cfcb82a80d09dafefdcc3dcc8a?s=96&d=retro&r=g","contentUrl":"https:\/\/secure.gravatar.com\/avatar\/a8d1a6cfcb82a80d09dafefdcc3dcc8a?s=96&d=retro&r=g","caption":"Comunicaciones CRIC"},"url":"https:\/\/www.cric-colombia.org\/portal\/author\/comunicaciones\/"}]}},"jetpack_featured_media_url":"https:\/\/www.cric-colombia.org\/portal\/wp-content\/uploads\/2023\/09\/WhatsApp-Image-2023-09-23-at-12.42.06-PM.jpeg","_links":{"self":[{"href":"https:\/\/www.cric-colombia.org\/portal\/wp-json\/wp\/v2\/posts\/38226"}],"collection":[{"href":"https:\/\/www.cric-colombia.org\/portal\/wp-json\/wp\/v2\/posts"}],"about":[{"href":"https:\/\/www.cric-colombia.org\/portal\/wp-json\/wp\/v2\/types\/post"}],"author":[{"embeddable":true,"href":"https:\/\/www.cric-colombia.org\/portal\/wp-json\/wp\/v2\/users\/6"}],"replies":[{"embeddable":true,"href":"https:\/\/www.cric-colombia.org\/portal\/wp-json\/wp\/v2\/comments?post=38226"}],"version-history":[{"count":7,"href":"https:\/\/www.cric-colombia.org\/portal\/wp-json\/wp\/v2\/posts\/38226\/revisions"}],"predecessor-version":[{"id":38237,"href":"https:\/\/www.cric-colombia.org\/portal\/wp-json\/wp\/v2\/posts\/38226\/revisions\/38237"}],"wp:featuredmedia":[{"embeddable":true,"href":"https:\/\/www.cric-colombia.org\/portal\/wp-json\/wp\/v2\/media\/38229"}],"wp:attachment":[{"href":"https:\/\/www.cric-colombia.org\/portal\/wp-json\/wp\/v2\/media?parent=38226"}],"wp:term":[{"taxonomy":"category","embeddable":true,"href":"https:\/\/www.cric-colombia.org\/portal\/wp-json\/wp\/v2\/categories?post=38226"},{"taxonomy":"post_tag","embeddable":true,"href":"https:\/\/www.cric-colombia.org\/portal\/wp-json\/wp\/v2\/tags?post=38226"}],"curies":[{"name":"wp","href":"https:\/\/api.w.org\/{rel}","templated":true}]}}