{"id":37281,"date":"2023-05-31T18:25:36","date_gmt":"2023-05-31T23:25:36","guid":{"rendered":"https:\/\/www.cric-colombia.org\/portal\/?p=37281"},"modified":"2023-05-31T18:25:36","modified_gmt":"2023-05-31T23:25:36","slug":"informativo-regional-amcic-31-de-mayo-del-2023","status":"publish","type":"post","link":"https:\/\/www.cric-colombia.org\/portal\/informativo-regional-amcic-31-de-mayo-del-2023\/","title":{"rendered":"Informativo Regional AMCIC 31 de mayo del 2023"},"content":{"rendered":"<h2><strong>Local-Regional<\/strong><\/h2>\n<h3><strong>Guardia ind\u00edgena del CRIC, contin\u00faan en minga por la vida en la selva del Guaviare.<\/strong><\/h3>\n<p>El grupo de 40 Guardias Ind\u00edgenas de las diferentes zonas que hacen parte del consejo Regional Ind\u00edgena del Cauca-CRIC, m\u00e1s los 30 guardias de los pueblos Nukak Maku y Coreguaje, contin\u00faan en Minga por la Vida, una misi\u00f3n humanitaria en b\u00fasqueda de los cuatro menores de edad que se encuentran perdidos en la Selva del Guaviare, tras accidente en la avioneta donde se trasportaban junto a sus padres.<\/p>\n<p>Llevan aproximadamente una semana, en b\u00fasqueda de los menores y aunque ha sido dif\u00edcil, se contin\u00faa caminando con fuerza en la espesa selva. La esperanza de encontrar a los cuatro menores sigue intacta.<\/p>\n<h3><strong>Asamblea permanente en el Resguardo de Tumburao.<\/strong><\/h3>\n<p>Desde el pasado 26 de mayo, la comunidad ind\u00edgena de Tumburao, zona oriente, se concentr\u00f3 en el sal\u00f3n comunal, con el fin de conocer el posicionamiento de parte de las Autoridades ind\u00edgenas, as\u00ed como tambi\u00e9n la socializaci\u00f3n sobre los hechos del conflicto armado ha ocasionado en los 5 pueblos de la zona oriente en los \u00faltimos meses.<\/p>\n<p>&nbsp;<\/p>\n<h3><strong>Conclusiones de la segunda asamblea de kiwe Thegnas del norte del Cauca.<\/strong><\/h3>\n<p>En la segunda asamblea de la guardia ind\u00edgena que tuvo lugar en la vereda Santa Rita Am Yu\u00b4Kiwe, San Francisco del 26 al 28 de mayo, se eligi\u00f3 el nuevo coordinador zonal de los Kiwe thegnas Guardia ind\u00edgena. Hector Fabio Casamachin ser\u00e1 el encargado de continuar con el proceso a nivel zonal junto con un grupo de compa\u00f1eros y compa\u00f1eras para seguir kiwe tehgnas para seguir caminando los territorios del norte del cauca.<\/p>\n<h3><strong>Primera minga de pensamiento en la secci\u00f3n Miraflores Alto, pueblo Totoroez. <\/strong><\/h3>\n<p>El 19 de mayo\u00a0\u00a0 del 2023\u00a0\u00a0 se llev\u00f3 a cabo la primera minga de pensamiento en la secci\u00f3n Miraflores alto finca Altamira, pueblo Totoroez, en ese espacio se habl\u00f3 de las semillas\u00a0\u00a0 de vida con capacidades diversas, en donde participaron dinamizadores del programa de salud y el programa de educaci\u00f3n con su componente de semillas de vida\u00a0\u00a0 del pueblo Totor\u00f3, igualmente representaci\u00f3n del Consejo\u00a0\u00a0 Regional Ind\u00edgena del\u00a0 Cauca.<\/p>\n<h3><strong>Recorrido en el territorio de <\/strong><strong>\u00c7xayu\u2019\u00e7ce Fxiw, zona reasentamiento.<\/strong><\/h3>\n<p>La Estructura Khabuwesx del Territorio de \u00c7xayu\u2019\u00e7ce Fxiw, con la participaci\u00f3n de la comunidad en general, al igual que los sistemas de gobierno propio, SEIP, SISPI, ATEA y Derechos Humanos desde el 30 de mayo de 2023 inici\u00f3 el ejercicio de Minga hacia adentro, un recorrido Territorial, que se llevar\u00e1 a cabo hasta el 01 de junio de 2023.<\/p>\n<h3><strong>Ejecuci\u00f3n de proyectos productivos en el municipio de P\u00e1ez, zona Tierradentro. <\/strong><\/h3>\n<p>Se contin\u00faa avanzando en la ejecuci\u00f3n de los proyectos productivos, principalmente los de aguacate y mora en la zona Tierradentro, municipio de P\u00e1ez. Al igual que el acompa\u00f1amiento y la formaci\u00f3n t\u00e9cnica a los productores. En un segundo proyecto se viene trabajando con el caf\u00e9, en donde se ha avanzado con las fichas de caracterizaci\u00f3n.<\/p>\n<p>&nbsp;<\/p>\n<h3><strong>Restituci\u00f3n de tierras en el pueblo Yanakona<\/strong><\/h3>\n<p>Durante una sesi\u00f3n de trabajo, realizada en el territorio de Papallaqta, se llev\u00f3 a cabo un acto pol\u00edtico y simb\u00f3lico de validaci\u00f3n de pretensiones, en relaci\u00f3n con el caso P\u00e1ramo de Barbillas, que incluye los procesos de restituci\u00f3n de derechos territoriales a los resguardos ind\u00edgenas.<\/p>\n<p>&nbsp;<\/p>\n<h2><strong>Nacional<\/strong><\/h2>\n<h3><strong>La Asociaci\u00f3n de Autoridades Tradicionales Ind\u00edgenas Aw\u00e1 \u2013 CAMAWARI, denuncia<\/strong> <strong>DESPLAZAMIENTO Y CONFRONTACI\u00d3N DE GRUPOS ILEGALES EN TERRITORIOS IND\u00cdGENAS<\/strong><\/h3>\n<p>La Asociaci\u00f3n de Autoridades Tradicionales Ind\u00edgenas Aw\u00e1 \u2013 CAMAWARI y los Derechos Humanos, comunica a la opini\u00f3n P\u00fablica Nacional e Internacional que, desde inicios del a\u00f1o 2023 se agudizo la crisis en los 10 resguardos ind\u00edgenas asociados y los no asociados a CAMAWARI, con masacres, intimidaciones, secuestro y extorciones por grupos ilegales que pretenden apoderarse del territorio, en consecuencia el d\u00eda 28 de Mayo del a\u00f1o 2023, se present\u00f3 fuertes enfrentamientos al interior del Resguardo la Milagrosa Cuaiquer Viejo, por estos hechos hay familias confinadas al interior de los resguardos as\u00ed mismo hay viviendas afectadas, a esta grave crisis se suma a que la Unidad Nacional de Protecci\u00f3n (UNP), en el momento est\u00e1 dejando sin veh\u00edculos a personas que hacen parte del programa de protecci\u00f3n.<\/p>\n<!--[if lt IE 9]><script>document.createElement('audio');<\/script><![endif]-->\n<audio class=\"wp-audio-shortcode\" id=\"audio-37281-1\" preload=\"none\" style=\"width: 100%;\" controls=\"controls\"><source type=\"audio\/mpeg\" src=\"https:\/\/www.ivoox.com\/informativo-regional-31-mayo-del-2023_md_109415383_wp_1.mp3?_=1\" \/><a href=\"https:\/\/www.ivoox.com\/informativo-regional-31-mayo-del-2023_md_109415383_wp_1.mp3\">https:\/\/www.ivoox.com\/informativo-regional-31-mayo-del-2023_md_109415383_wp_1.mp3<\/a><\/audio>\n<p><a title=\"Informativo Regional 31 de mayo del 2023\" href=\"https:\/\/go.ivoox.com\/rf\/109415383\">Ir a descargar<\/a><\/p>\n<p>&nbsp;<\/p>\n","protected":false},"excerpt":{"rendered":"<p>Local-Regional Guardia ind\u00edgena del CRIC, contin\u00faan en minga por la vida en la selva del Guaviare. El grupo de 40 Guardias Ind\u00edgenas de las diferentes zonas que hacen parte del consejo Regional Ind\u00edgena del Cauca-CRIC, m\u00e1s los 30 guardias de los pueblos Nukak Maku y Coreguaje, contin\u00faan en Minga por la Vida, una misi\u00f3n humanitaria <\/p>\n","protected":false},"author":6,"featured_media":27120,"comment_status":"open","ping_status":"open","sticky":false,"template":"","format":"standard","meta":{"footnotes":""},"categories":[3,77,74],"tags":[190,1031,1030,453,1029,92],"yoast_head":"<!-- This site is optimized with the Yoast SEO plugin v20.12 - https:\/\/yoast.com\/wordpress\/plugins\/seo\/ -->\n<title>Informativo Regional AMCIC 31 de mayo del 2023 - Consejo Regional Ind\u00edgena del Cauca - CRIC<\/title>\n<meta name=\"robots\" content=\"index, follow, max-snippet:-1, max-image-preview:large, max-video-preview:-1\" \/>\n<link rel=\"canonical\" href=\"https:\/\/www.cric-colombia.org\/portal\/informativo-regional-amcic-31-de-mayo-del-2023\/\" \/>\n<meta property=\"og:locale\" content=\"es_ES\" \/>\n<meta property=\"og:type\" content=\"article\" \/>\n<meta property=\"og:title\" content=\"Informativo Regional AMCIC 31 de mayo del 2023 - Consejo Regional Ind\u00edgena del Cauca - CRIC\" \/>\n<meta property=\"og:description\" content=\"Local-Regional Guardia ind\u00edgena del CRIC, contin\u00faan en minga por la vida en la selva del Guaviare. El grupo de 40 Guardias Ind\u00edgenas de las diferentes zonas que hacen parte del consejo Regional Ind\u00edgena del Cauca-CRIC, m\u00e1s los 30 guardias de los pueblos Nukak Maku y Coreguaje, contin\u00faan en Minga por la Vida, una misi\u00f3n humanitaria\" \/>\n<meta property=\"og:url\" content=\"https:\/\/www.cric-colombia.org\/portal\/informativo-regional-amcic-31-de-mayo-del-2023\/\" \/>\n<meta property=\"og:site_name\" content=\"Consejo Regional Ind\u00edgena del Cauca - CRIC\" \/>\n<meta property=\"article:publisher\" content=\"https:\/\/www.facebook.com\/cric.colombia\/\" \/>\n<meta property=\"article:published_time\" content=\"2023-05-31T23:25:36+00:00\" \/>\n<meta property=\"og:image\" content=\"https:\/\/www.cric-colombia.org\/portal\/wp-content\/uploads\/2020\/01\/LOGO-COMUNICACIONES-CRIC-AMCIC.jpg\" \/>\n\t<meta property=\"og:image:width\" content=\"1393\" \/>\n\t<meta property=\"og:image:height\" content=\"694\" \/>\n\t<meta property=\"og:image:type\" content=\"image\/jpeg\" \/>\n<meta name=\"author\" content=\"Comunicaciones CRIC\" \/>\n<meta name=\"twitter:card\" content=\"summary_large_image\" \/>\n<meta name=\"twitter:creator\" content=\"@CRIC_Cauca\" \/>\n<meta name=\"twitter:site\" content=\"@CRIC_Cauca\" \/>\n<meta name=\"twitter:label1\" content=\"Escrito por\" \/>\n\t<meta name=\"twitter:data1\" content=\"Comunicaciones CRIC\" \/>\n\t<meta name=\"twitter:label2\" content=\"Tiempo de lectura\" \/>\n\t<meta name=\"twitter:data2\" content=\"4 minutos\" \/>\n<script type=\"application\/ld+json\" class=\"yoast-schema-graph\">{\"@context\":\"https:\/\/schema.org\",\"@graph\":[{\"@type\":\"Article\",\"@id\":\"https:\/\/www.cric-colombia.org\/portal\/informativo-regional-amcic-31-de-mayo-del-2023\/#article\",\"isPartOf\":{\"@id\":\"https:\/\/www.cric-colombia.org\/portal\/informativo-regional-amcic-31-de-mayo-del-2023\/\"},\"author\":{\"name\":\"Comunicaciones CRIC\",\"@id\":\"https:\/\/www.cric-colombia.org\/portal\/#\/schema\/person\/ab3a3099267de33d55f74f34ba201931\"},\"headline\":\"Informativo Regional AMCIC 31 de mayo del 2023\",\"datePublished\":\"2023-05-31T23:25:36+00:00\",\"dateModified\":\"2023-05-31T23:25:36+00:00\",\"mainEntityOfPage\":{\"@id\":\"https:\/\/www.cric-colombia.org\/portal\/informativo-regional-amcic-31-de-mayo-del-2023\/\"},\"wordCount\":744,\"commentCount\":0,\"publisher\":{\"@id\":\"https:\/\/www.cric-colombia.org\/portal\/#organization\"},\"keywords\":[\"AMCIC\",\"Aw\u00e1\",\"CAMAWARI\",\"Guardia\",\"Guavi&lt;re\",\"tierra\"],\"articleSection\":[\"Actualidad Ind\u00edgena del Cauca\",\"Audios\",\"Multimedia\"],\"inLanguage\":\"es\",\"potentialAction\":[{\"@type\":\"CommentAction\",\"name\":\"Comment\",\"target\":[\"https:\/\/www.cric-colombia.org\/portal\/informativo-regional-amcic-31-de-mayo-del-2023\/#respond\"]}]},{\"@type\":\"WebPage\",\"@id\":\"https:\/\/www.cric-colombia.org\/portal\/informativo-regional-amcic-31-de-mayo-del-2023\/\",\"url\":\"https:\/\/www.cric-colombia.org\/portal\/informativo-regional-amcic-31-de-mayo-del-2023\/\",\"name\":\"Informativo Regional AMCIC 31 de mayo del 2023 - Consejo Regional Ind\u00edgena del Cauca - CRIC\",\"isPartOf\":{\"@id\":\"https:\/\/www.cric-colombia.org\/portal\/#website\"},\"datePublished\":\"2023-05-31T23:25:36+00:00\",\"dateModified\":\"2023-05-31T23:25:36+00:00\",\"breadcrumb\":{\"@id\":\"https:\/\/www.cric-colombia.org\/portal\/informativo-regional-amcic-31-de-mayo-del-2023\/#breadcrumb\"},\"inLanguage\":\"es\",\"potentialAction\":[{\"@type\":\"ReadAction\",\"target\":[\"https:\/\/www.cric-colombia.org\/portal\/informativo-regional-amcic-31-de-mayo-del-2023\/\"]}]},{\"@type\":\"BreadcrumbList\",\"@id\":\"https:\/\/www.cric-colombia.org\/portal\/informativo-regional-amcic-31-de-mayo-del-2023\/#breadcrumb\",\"itemListElement\":[{\"@type\":\"ListItem\",\"position\":1,\"name\":\"Portada\",\"item\":\"https:\/\/www.cric-colombia.org\/portal\/\"},{\"@type\":\"ListItem\",\"position\":2,\"name\":\"Informativo Regional AMCIC 31 de mayo del 2023\"}]},{\"@type\":\"WebSite\",\"@id\":\"https:\/\/www.cric-colombia.org\/portal\/#website\",\"url\":\"https:\/\/www.cric-colombia.org\/portal\/\",\"name\":\"Consejo Regional Ind\u00edgena del Cauca - CRIC\",\"description\":\"P\u00e1gina oficial del Consejo Regional Ind\u00edgena del Cauca, Colombia\",\"publisher\":{\"@id\":\"https:\/\/www.cric-colombia.org\/portal\/#organization\"},\"potentialAction\":[{\"@type\":\"SearchAction\",\"target\":{\"@type\":\"EntryPoint\",\"urlTemplate\":\"https:\/\/www.cric-colombia.org\/portal\/?s={search_term_string}\"},\"query-input\":\"required name=search_term_string\"}],\"inLanguage\":\"es\"},{\"@type\":\"Organization\",\"@id\":\"https:\/\/www.cric-colombia.org\/portal\/#organization\",\"name\":\"Consejo Regional Ind\u00edgena del Cauca\",\"url\":\"https:\/\/www.cric-colombia.org\/portal\/\",\"logo\":{\"@type\":\"ImageObject\",\"inLanguage\":\"es\",\"@id\":\"https:\/\/www.cric-colombia.org\/portal\/#\/schema\/logo\/image\/\",\"url\":\"https:\/\/www.cric-colombia.org\/portal\/wp-content\/uploads\/2015\/08\/logo_cric.jpg\",\"contentUrl\":\"https:\/\/www.cric-colombia.org\/portal\/wp-content\/uploads\/2015\/08\/logo_cric.jpg\",\"width\":512,\"height\":512,\"caption\":\"Consejo Regional Ind\u00edgena del Cauca\"},\"image\":{\"@id\":\"https:\/\/www.cric-colombia.org\/portal\/#\/schema\/logo\/image\/\"},\"sameAs\":[\"https:\/\/www.facebook.com\/cric.colombia\/\",\"https:\/\/twitter.com\/CRIC_Cauca\"]},{\"@type\":\"Person\",\"@id\":\"https:\/\/www.cric-colombia.org\/portal\/#\/schema\/person\/ab3a3099267de33d55f74f34ba201931\",\"name\":\"Comunicaciones CRIC\",\"image\":{\"@type\":\"ImageObject\",\"inLanguage\":\"es\",\"@id\":\"https:\/\/www.cric-colombia.org\/portal\/#\/schema\/person\/image\/\",\"url\":\"https:\/\/secure.gravatar.com\/avatar\/a8d1a6cfcb82a80d09dafefdcc3dcc8a?s=96&d=retro&r=g\",\"contentUrl\":\"https:\/\/secure.gravatar.com\/avatar\/a8d1a6cfcb82a80d09dafefdcc3dcc8a?s=96&d=retro&r=g\",\"caption\":\"Comunicaciones CRIC\"},\"url\":\"https:\/\/www.cric-colombia.org\/portal\/author\/comunicaciones\/\"}]}<\/script>\n<!-- \/ Yoast SEO plugin. -->","yoast_head_json":{"title":"Informativo Regional AMCIC 31 de mayo del 2023 - Consejo Regional Ind\u00edgena del Cauca - CRIC","robots":{"index":"index","follow":"follow","max-snippet":"max-snippet:-1","max-image-preview":"max-image-preview:large","max-video-preview":"max-video-preview:-1"},"canonical":"https:\/\/www.cric-colombia.org\/portal\/informativo-regional-amcic-31-de-mayo-del-2023\/","og_locale":"es_ES","og_type":"article","og_title":"Informativo Regional AMCIC 31 de mayo del 2023 - Consejo Regional Ind\u00edgena del Cauca - CRIC","og_description":"Local-Regional Guardia ind\u00edgena del CRIC, contin\u00faan en minga por la vida en la selva del Guaviare. El grupo de 40 Guardias Ind\u00edgenas de las diferentes zonas que hacen parte del consejo Regional Ind\u00edgena del Cauca-CRIC, m\u00e1s los 30 guardias de los pueblos Nukak Maku y Coreguaje, contin\u00faan en Minga por la Vida, una misi\u00f3n humanitaria","og_url":"https:\/\/www.cric-colombia.org\/portal\/informativo-regional-amcic-31-de-mayo-del-2023\/","og_site_name":"Consejo Regional Ind\u00edgena del Cauca - CRIC","article_publisher":"https:\/\/www.facebook.com\/cric.colombia\/","article_published_time":"2023-05-31T23:25:36+00:00","og_image":[{"width":1393,"height":694,"url":"https:\/\/www.cric-colombia.org\/portal\/wp-content\/uploads\/2020\/01\/LOGO-COMUNICACIONES-CRIC-AMCIC.jpg","type":"image\/jpeg"}],"author":"Comunicaciones CRIC","twitter_card":"summary_large_image","twitter_creator":"@CRIC_Cauca","twitter_site":"@CRIC_Cauca","twitter_misc":{"Escrito por":"Comunicaciones CRIC","Tiempo de lectura":"4 minutos"},"schema":{"@context":"https:\/\/schema.org","@graph":[{"@type":"Article","@id":"https:\/\/www.cric-colombia.org\/portal\/informativo-regional-amcic-31-de-mayo-del-2023\/#article","isPartOf":{"@id":"https:\/\/www.cric-colombia.org\/portal\/informativo-regional-amcic-31-de-mayo-del-2023\/"},"author":{"name":"Comunicaciones CRIC","@id":"https:\/\/www.cric-colombia.org\/portal\/#\/schema\/person\/ab3a3099267de33d55f74f34ba201931"},"headline":"Informativo Regional AMCIC 31 de mayo del 2023","datePublished":"2023-05-31T23:25:36+00:00","dateModified":"2023-05-31T23:25:36+00:00","mainEntityOfPage":{"@id":"https:\/\/www.cric-colombia.org\/portal\/informativo-regional-amcic-31-de-mayo-del-2023\/"},"wordCount":744,"commentCount":0,"publisher":{"@id":"https:\/\/www.cric-colombia.org\/portal\/#organization"},"keywords":["AMCIC","Aw\u00e1","CAMAWARI","Guardia","Guavi&lt;re","tierra"],"articleSection":["Actualidad Ind\u00edgena del Cauca","Audios","Multimedia"],"inLanguage":"es","potentialAction":[{"@type":"CommentAction","name":"Comment","target":["https:\/\/www.cric-colombia.org\/portal\/informativo-regional-amcic-31-de-mayo-del-2023\/#respond"]}]},{"@type":"WebPage","@id":"https:\/\/www.cric-colombia.org\/portal\/informativo-regional-amcic-31-de-mayo-del-2023\/","url":"https:\/\/www.cric-colombia.org\/portal\/informativo-regional-amcic-31-de-mayo-del-2023\/","name":"Informativo Regional AMCIC 31 de mayo del 2023 - Consejo Regional Ind\u00edgena del Cauca - CRIC","isPartOf":{"@id":"https:\/\/www.cric-colombia.org\/portal\/#website"},"datePublished":"2023-05-31T23:25:36+00:00","dateModified":"2023-05-31T23:25:36+00:00","breadcrumb":{"@id":"https:\/\/www.cric-colombia.org\/portal\/informativo-regional-amcic-31-de-mayo-del-2023\/#breadcrumb"},"inLanguage":"es","potentialAction":[{"@type":"ReadAction","target":["https:\/\/www.cric-colombia.org\/portal\/informativo-regional-amcic-31-de-mayo-del-2023\/"]}]},{"@type":"BreadcrumbList","@id":"https:\/\/www.cric-colombia.org\/portal\/informativo-regional-amcic-31-de-mayo-del-2023\/#breadcrumb","itemListElement":[{"@type":"ListItem","position":1,"name":"Portada","item":"https:\/\/www.cric-colombia.org\/portal\/"},{"@type":"ListItem","position":2,"name":"Informativo Regional AMCIC 31 de mayo del 2023"}]},{"@type":"WebSite","@id":"https:\/\/www.cric-colombia.org\/portal\/#website","url":"https:\/\/www.cric-colombia.org\/portal\/","name":"Consejo Regional Ind\u00edgena del Cauca - CRIC","description":"P\u00e1gina oficial del Consejo Regional Ind\u00edgena del Cauca, Colombia","publisher":{"@id":"https:\/\/www.cric-colombia.org\/portal\/#organization"},"potentialAction":[{"@type":"SearchAction","target":{"@type":"EntryPoint","urlTemplate":"https:\/\/www.cric-colombia.org\/portal\/?s={search_term_string}"},"query-input":"required name=search_term_string"}],"inLanguage":"es"},{"@type":"Organization","@id":"https:\/\/www.cric-colombia.org\/portal\/#organization","name":"Consejo Regional Ind\u00edgena del Cauca","url":"https:\/\/www.cric-colombia.org\/portal\/","logo":{"@type":"ImageObject","inLanguage":"es","@id":"https:\/\/www.cric-colombia.org\/portal\/#\/schema\/logo\/image\/","url":"https:\/\/www.cric-colombia.org\/portal\/wp-content\/uploads\/2015\/08\/logo_cric.jpg","contentUrl":"https:\/\/www.cric-colombia.org\/portal\/wp-content\/uploads\/2015\/08\/logo_cric.jpg","width":512,"height":512,"caption":"Consejo Regional Ind\u00edgena del Cauca"},"image":{"@id":"https:\/\/www.cric-colombia.org\/portal\/#\/schema\/logo\/image\/"},"sameAs":["https:\/\/www.facebook.com\/cric.colombia\/","https:\/\/twitter.com\/CRIC_Cauca"]},{"@type":"Person","@id":"https:\/\/www.cric-colombia.org\/portal\/#\/schema\/person\/ab3a3099267de33d55f74f34ba201931","name":"Comunicaciones CRIC","image":{"@type":"ImageObject","inLanguage":"es","@id":"https:\/\/www.cric-colombia.org\/portal\/#\/schema\/person\/image\/","url":"https:\/\/secure.gravatar.com\/avatar\/a8d1a6cfcb82a80d09dafefdcc3dcc8a?s=96&d=retro&r=g","contentUrl":"https:\/\/secure.gravatar.com\/avatar\/a8d1a6cfcb82a80d09dafefdcc3dcc8a?s=96&d=retro&r=g","caption":"Comunicaciones CRIC"},"url":"https:\/\/www.cric-colombia.org\/portal\/author\/comunicaciones\/"}]}},"jetpack_featured_media_url":"https:\/\/www.cric-colombia.org\/portal\/wp-content\/uploads\/2020\/01\/LOGO-COMUNICACIONES-CRIC-AMCIC.jpg","_links":{"self":[{"href":"https:\/\/www.cric-colombia.org\/portal\/wp-json\/wp\/v2\/posts\/37281"}],"collection":[{"href":"https:\/\/www.cric-colombia.org\/portal\/wp-json\/wp\/v2\/posts"}],"about":[{"href":"https:\/\/www.cric-colombia.org\/portal\/wp-json\/wp\/v2\/types\/post"}],"author":[{"embeddable":true,"href":"https:\/\/www.cric-colombia.org\/portal\/wp-json\/wp\/v2\/users\/6"}],"replies":[{"embeddable":true,"href":"https:\/\/www.cric-colombia.org\/portal\/wp-json\/wp\/v2\/comments?post=37281"}],"version-history":[{"count":1,"href":"https:\/\/www.cric-colombia.org\/portal\/wp-json\/wp\/v2\/posts\/37281\/revisions"}],"predecessor-version":[{"id":37282,"href":"https:\/\/www.cric-colombia.org\/portal\/wp-json\/wp\/v2\/posts\/37281\/revisions\/37282"}],"wp:featuredmedia":[{"embeddable":true,"href":"https:\/\/www.cric-colombia.org\/portal\/wp-json\/wp\/v2\/media\/27120"}],"wp:attachment":[{"href":"https:\/\/www.cric-colombia.org\/portal\/wp-json\/wp\/v2\/media?parent=37281"}],"wp:term":[{"taxonomy":"category","embeddable":true,"href":"https:\/\/www.cric-colombia.org\/portal\/wp-json\/wp\/v2\/categories?post=37281"},{"taxonomy":"post_tag","embeddable":true,"href":"https:\/\/www.cric-colombia.org\/portal\/wp-json\/wp\/v2\/tags?post=37281"}],"curies":[{"name":"wp","href":"https:\/\/api.w.org\/{rel}","templated":true}]}}