{"id":36891,"date":"2023-04-04T14:16:13","date_gmt":"2023-04-04T19:16:13","guid":{"rendered":"https:\/\/www.cric-colombia.org\/portal\/?p=36891"},"modified":"2023-04-04T14:16:13","modified_gmt":"2023-04-04T19:16:13","slug":"informativo-04-de-abril-de-2023","status":"publish","type":"post","link":"https:\/\/www.cric-colombia.org\/portal\/informativo-04-de-abril-de-2023\/","title":{"rendered":"Informativo 04 de abril de 2023"},"content":{"rendered":"<h2><strong>Local-Regional<\/strong><\/h2>\n<h3><strong>Balance del recorrido territorial realizado por la guardia ind\u00edgena de la asociaci\u00f3n Juan Tama Zona<\/strong> <strong>Tierradentro.\u00a0 <\/strong><\/h3>\n<p>Durante el 2 de abril del presente a\u00f1o, la guardia ind\u00edgena de los territorios de Santa Rosa de Capicisco y San Andr\u00e9s de Pisimbal\u00e1 del municipio de Inz\u00e1, realizaron un recorrido territorial por la defensa de la vida, rechazando a los grupos armados que vienen generando desarmon\u00edas en el territorio.<\/p>\n<h3><strong>Primera asamblea con el tema Familia se realiza en el resguardo ind\u00edgena de L\u00f3pez Adentro, norte<\/strong> <strong>del Cauca. <\/strong><\/h3>\n<p>El objetivo de esta asamblea es analizar los problemas y debilidades que hay dentro de las familias, las cuales vienen afectando a la juventud en el territorio<\/p>\n<p>Dentro del trabajo en comisiones se realizaron las siguientes preguntas:<\/p>\n<ol>\n<li>Que hacer para que la familia se fortalezca.<\/li>\n<li>Que oportunidades sue\u00f1os tenemos para los j\u00f3venes.<\/li>\n<li>C\u00f3mo vemos la autoridad que nos representa.<\/li>\n<li>Que orientan para fortalecer la guardia Ind\u00edgena, j\u00f3venes y otros procesos.<\/li>\n<li>Qu\u00e9 hacer ante la problem\u00e1tica actual sobre amenazas y asesinatos.<\/li>\n<\/ol>\n<h3><strong>Posesi\u00f3n de Semillas de Autoridad y guardia ind\u00edgena Escolar Pueblo Ind\u00edgena Totoroez<\/strong><\/h3>\n<p>El d\u00eda de viernes 31 de marzo del 2023, en horas de la ma\u00f1ana, se realiz\u00f3 el acto de posesi\u00f3n de las semillas de autoridad y guardia escolar de las sedes educativas de Miraflores Bajo, Malvaza, Nueva Orleans, el Cofre y la sede principal (La Pe\u00f1a, Betania y Colegio). El evento se desarroll\u00f3 en el centro de integraci\u00f3n ciudadana, ubicado en la sede principal de la Instituci\u00f3n Educativa Agropecuaria Pueblo Ind\u00edgena Totoroez, vereda Betania, Secci\u00f3n Zabaletas, con la participaci\u00f3n de la autoridad Tradicional &#8211; plana mayor del cabildo Totor\u00f3, pueblo Totoroez, bajo la orientaci\u00f3n del karopik (gobernador) Adolfo Conejo, el programa de educaci\u00f3n local, estudiantes, padres de familia y docentes de las sedes educativas mencionadas.<\/p>\n<h3><strong>Comunidad del resguardo ind\u00edgena de To\u00e9z Caloto se moviliz\u00f3 por el derecho a la vida y en<\/strong> <strong>rechazo de los grupos armados.<\/strong><\/h3>\n<p>El pasado 3 de abril, las autoridades de To\u00e9z &#8211; Caloto, convocaron a un trabajo comunitario para la limpieza de la singla o corredor de donde se encuentra ubicado este territorio con el fin de armonizar este espacio, pues en los \u00faltimos meses se han incrementado los asesinatos por parte de los grupos armados delincuenciales, quienes han tomado como acci\u00f3n llevar los cuerpos o cometer sus actos en los corredores de Corinto hasta Caloto.<\/p>\n<p>Es preocupante la situaci\u00f3n y es por eso que luego del trabajo comunitario, se realiz\u00f3 la marcha en rechazo a estos actos \u201cno nos podemos acostumbrar a la muerte\u201d menciona la autoridad de To\u00e9z, as\u00ed que este es el motivo por el que ni\u00f1os, ni\u00f1as, j\u00f3venes, mayores y mayoras caminaron hasta el parque de Caloto, como una forma de manifestaci\u00f3n en contra de lo que est\u00e1 sucediendo, adem\u00e1s para exigir el respeto a la vida\u00a0 a la dignidad y la paz, cansados de la muerte, del reclutamiento, de los asesinatos que viven no solo las comunidades de To\u00e9z sino todo el Cauca y el pa\u00eds.<\/p>\n<h3><strong>Segundo d\u00eda de la mesa permanente de concertaci\u00f3n se desarrolla en la sede de la UAIIN.<\/strong><\/h3>\n<p>En el segundo d\u00eda de la Mesa permanente y concertaci\u00f3n ind\u00edgena (MPC) se re\u00fane el CRIC, AISO y delegados de la Mesa permanente para analizar la pol\u00edtica de gobierno desde los territorios ind\u00edgenas del Cauca, donde se conversa para fortalecer las autoridades propias, la fuerza de las comunidades y as\u00ed avanzar en la reivindicaci\u00f3n de nuestros derechos ancestrales como pueblos originarios.<\/p>\n<h2><strong>Nacional<\/strong><\/h2>\n<h3><strong>El consejo Regional ind\u00edgena del Cauca CRIC-Nacional, visita la lucha de las hermanas ind\u00edgenas del pueblo Awa, Asociaci\u00f3n CAMAWRI<\/strong><\/h3>\n<p>Desde el Consejo Regional Ind\u00edgena del Cauca Seguimos caminando y compartiendo las palabras de luchas y resistencias a lo largo del territorio, en esta ocasi\u00f3n con las hermanas ind\u00edgenas del pueblo Awa, Asociaci\u00f3n CAMAWRI, en el municipio de Ricaute departamento de Nari\u00f1o.<\/p>\n<p>Caminamos palabreando, escuchando y tejiendo procesos pol\u00edtico organizativos desde y con la comunidad en el empoderamiento del liderazgo de la mujer en b\u00fasqueda de la armon\u00eda territorial y espiritual para la defensa de la vida y el territorio.<\/p>\n<!--[if lt IE 9]><script>document.createElement('audio');<\/script><![endif]-->\n<audio class=\"wp-audio-shortcode\" id=\"audio-36891-1\" preload=\"none\" style=\"width: 100%;\" controls=\"controls\"><source type=\"audio\/mpeg\" src=\"https:\/\/www.ivoox.com\/informativo-04-abril-2023_md_105768281_wp_1.mp3?_=1\" \/><a href=\"https:\/\/www.ivoox.com\/informativo-04-abril-2023_md_105768281_wp_1.mp3\">https:\/\/www.ivoox.com\/informativo-04-abril-2023_md_105768281_wp_1.mp3<\/a><\/audio>\n<p><a title=\"Informativo 04 de abril de 2023\" href=\"https:\/\/go.ivoox.com\/rf\/105768281\">Ir a descargar<\/a><\/p>\n","protected":false},"excerpt":{"rendered":"<p>Local-Regional Balance del recorrido territorial realizado por la guardia ind\u00edgena de la asociaci\u00f3n Juan Tama Zona Tierradentro.\u00a0 Durante el 2 de abril del presente a\u00f1o, la guardia ind\u00edgena de los territorios de Santa Rosa de Capicisco y San Andr\u00e9s de Pisimbal\u00e1 del municipio de Inz\u00e1, realizaron un recorrido territorial por la defensa de la vida, <\/p>\n","protected":false},"author":6,"featured_media":27120,"comment_status":"open","ping_status":"open","sticky":false,"template":"","format":"standard","meta":{"footnotes":""},"categories":[3,77,74],"tags":[190,88,177,564],"yoast_head":"<!-- This site is optimized with the Yoast SEO plugin v20.12 - https:\/\/yoast.com\/wordpress\/plugins\/seo\/ -->\n<title>Informativo 04 de abril de 2023 - Consejo Regional Ind\u00edgena del Cauca - CRIC<\/title>\n<meta name=\"robots\" content=\"index, follow, max-snippet:-1, max-image-preview:large, max-video-preview:-1\" \/>\n<link rel=\"canonical\" href=\"https:\/\/www.cric-colombia.org\/portal\/informativo-04-de-abril-de-2023\/\" \/>\n<meta property=\"og:locale\" content=\"es_ES\" \/>\n<meta property=\"og:type\" content=\"article\" \/>\n<meta property=\"og:title\" content=\"Informativo 04 de abril de 2023 - Consejo Regional Ind\u00edgena del Cauca - CRIC\" \/>\n<meta property=\"og:description\" content=\"Local-Regional Balance del recorrido territorial realizado por la guardia ind\u00edgena de la asociaci\u00f3n Juan Tama Zona Tierradentro.\u00a0 Durante el 2 de abril del presente a\u00f1o, la guardia ind\u00edgena de los territorios de Santa Rosa de Capicisco y San Andr\u00e9s de Pisimbal\u00e1 del municipio de Inz\u00e1, realizaron un recorrido territorial por la defensa de la vida,\" \/>\n<meta property=\"og:url\" content=\"https:\/\/www.cric-colombia.org\/portal\/informativo-04-de-abril-de-2023\/\" \/>\n<meta property=\"og:site_name\" content=\"Consejo Regional Ind\u00edgena del Cauca - CRIC\" \/>\n<meta property=\"article:publisher\" content=\"https:\/\/www.facebook.com\/cric.colombia\/\" \/>\n<meta property=\"article:published_time\" content=\"2023-04-04T19:16:13+00:00\" \/>\n<meta property=\"og:image\" content=\"https:\/\/www.cric-colombia.org\/portal\/wp-content\/uploads\/2020\/01\/LOGO-COMUNICACIONES-CRIC-AMCIC.jpg\" \/>\n\t<meta property=\"og:image:width\" content=\"1393\" \/>\n\t<meta property=\"og:image:height\" content=\"694\" \/>\n\t<meta property=\"og:image:type\" content=\"image\/jpeg\" \/>\n<meta name=\"author\" content=\"Comunicaciones CRIC\" \/>\n<meta name=\"twitter:card\" content=\"summary_large_image\" \/>\n<meta name=\"twitter:creator\" content=\"@CRIC_Cauca\" \/>\n<meta name=\"twitter:site\" content=\"@CRIC_Cauca\" \/>\n<meta name=\"twitter:label1\" content=\"Escrito por\" \/>\n\t<meta name=\"twitter:data1\" content=\"Comunicaciones CRIC\" \/>\n\t<meta name=\"twitter:label2\" content=\"Tiempo de lectura\" \/>\n\t<meta name=\"twitter:data2\" content=\"4 minutos\" \/>\n<script type=\"application\/ld+json\" class=\"yoast-schema-graph\">{\"@context\":\"https:\/\/schema.org\",\"@graph\":[{\"@type\":\"Article\",\"@id\":\"https:\/\/www.cric-colombia.org\/portal\/informativo-04-de-abril-de-2023\/#article\",\"isPartOf\":{\"@id\":\"https:\/\/www.cric-colombia.org\/portal\/informativo-04-de-abril-de-2023\/\"},\"author\":{\"name\":\"Comunicaciones CRIC\",\"@id\":\"https:\/\/www.cric-colombia.org\/portal\/#\/schema\/person\/ab3a3099267de33d55f74f34ba201931\"},\"headline\":\"Informativo 04 de abril de 2023\",\"datePublished\":\"2023-04-04T19:16:13+00:00\",\"dateModified\":\"2023-04-04T19:16:13+00:00\",\"mainEntityOfPage\":{\"@id\":\"https:\/\/www.cric-colombia.org\/portal\/informativo-04-de-abril-de-2023\/\"},\"wordCount\":745,\"commentCount\":0,\"publisher\":{\"@id\":\"https:\/\/www.cric-colombia.org\/portal\/#organization\"},\"keywords\":[\"AMCIC\",\"cric\",\"informativo\",\"MPC\"],\"articleSection\":[\"Actualidad Ind\u00edgena del Cauca\",\"Audios\",\"Multimedia\"],\"inLanguage\":\"es\",\"potentialAction\":[{\"@type\":\"CommentAction\",\"name\":\"Comment\",\"target\":[\"https:\/\/www.cric-colombia.org\/portal\/informativo-04-de-abril-de-2023\/#respond\"]}]},{\"@type\":\"WebPage\",\"@id\":\"https:\/\/www.cric-colombia.org\/portal\/informativo-04-de-abril-de-2023\/\",\"url\":\"https:\/\/www.cric-colombia.org\/portal\/informativo-04-de-abril-de-2023\/\",\"name\":\"Informativo 04 de abril de 2023 - Consejo Regional Ind\u00edgena del Cauca - CRIC\",\"isPartOf\":{\"@id\":\"https:\/\/www.cric-colombia.org\/portal\/#website\"},\"datePublished\":\"2023-04-04T19:16:13+00:00\",\"dateModified\":\"2023-04-04T19:16:13+00:00\",\"breadcrumb\":{\"@id\":\"https:\/\/www.cric-colombia.org\/portal\/informativo-04-de-abril-de-2023\/#breadcrumb\"},\"inLanguage\":\"es\",\"potentialAction\":[{\"@type\":\"ReadAction\",\"target\":[\"https:\/\/www.cric-colombia.org\/portal\/informativo-04-de-abril-de-2023\/\"]}]},{\"@type\":\"BreadcrumbList\",\"@id\":\"https:\/\/www.cric-colombia.org\/portal\/informativo-04-de-abril-de-2023\/#breadcrumb\",\"itemListElement\":[{\"@type\":\"ListItem\",\"position\":1,\"name\":\"Portada\",\"item\":\"https:\/\/www.cric-colombia.org\/portal\/\"},{\"@type\":\"ListItem\",\"position\":2,\"name\":\"Informativo 04 de abril de 2023\"}]},{\"@type\":\"WebSite\",\"@id\":\"https:\/\/www.cric-colombia.org\/portal\/#website\",\"url\":\"https:\/\/www.cric-colombia.org\/portal\/\",\"name\":\"Consejo Regional Ind\u00edgena del Cauca - CRIC\",\"description\":\"P\u00e1gina oficial del Consejo Regional Ind\u00edgena del Cauca, Colombia\",\"publisher\":{\"@id\":\"https:\/\/www.cric-colombia.org\/portal\/#organization\"},\"potentialAction\":[{\"@type\":\"SearchAction\",\"target\":{\"@type\":\"EntryPoint\",\"urlTemplate\":\"https:\/\/www.cric-colombia.org\/portal\/?s={search_term_string}\"},\"query-input\":\"required name=search_term_string\"}],\"inLanguage\":\"es\"},{\"@type\":\"Organization\",\"@id\":\"https:\/\/www.cric-colombia.org\/portal\/#organization\",\"name\":\"Consejo Regional Ind\u00edgena del Cauca\",\"url\":\"https:\/\/www.cric-colombia.org\/portal\/\",\"logo\":{\"@type\":\"ImageObject\",\"inLanguage\":\"es\",\"@id\":\"https:\/\/www.cric-colombia.org\/portal\/#\/schema\/logo\/image\/\",\"url\":\"https:\/\/www.cric-colombia.org\/portal\/wp-content\/uploads\/2015\/08\/logo_cric.jpg\",\"contentUrl\":\"https:\/\/www.cric-colombia.org\/portal\/wp-content\/uploads\/2015\/08\/logo_cric.jpg\",\"width\":512,\"height\":512,\"caption\":\"Consejo Regional Ind\u00edgena del Cauca\"},\"image\":{\"@id\":\"https:\/\/www.cric-colombia.org\/portal\/#\/schema\/logo\/image\/\"},\"sameAs\":[\"https:\/\/www.facebook.com\/cric.colombia\/\",\"https:\/\/twitter.com\/CRIC_Cauca\"]},{\"@type\":\"Person\",\"@id\":\"https:\/\/www.cric-colombia.org\/portal\/#\/schema\/person\/ab3a3099267de33d55f74f34ba201931\",\"name\":\"Comunicaciones CRIC\",\"image\":{\"@type\":\"ImageObject\",\"inLanguage\":\"es\",\"@id\":\"https:\/\/www.cric-colombia.org\/portal\/#\/schema\/person\/image\/\",\"url\":\"https:\/\/secure.gravatar.com\/avatar\/a8d1a6cfcb82a80d09dafefdcc3dcc8a?s=96&d=retro&r=g\",\"contentUrl\":\"https:\/\/secure.gravatar.com\/avatar\/a8d1a6cfcb82a80d09dafefdcc3dcc8a?s=96&d=retro&r=g\",\"caption\":\"Comunicaciones CRIC\"},\"url\":\"https:\/\/www.cric-colombia.org\/portal\/author\/comunicaciones\/\"}]}<\/script>\n<!-- \/ Yoast SEO plugin. -->","yoast_head_json":{"title":"Informativo 04 de abril de 2023 - Consejo Regional Ind\u00edgena del Cauca - CRIC","robots":{"index":"index","follow":"follow","max-snippet":"max-snippet:-1","max-image-preview":"max-image-preview:large","max-video-preview":"max-video-preview:-1"},"canonical":"https:\/\/www.cric-colombia.org\/portal\/informativo-04-de-abril-de-2023\/","og_locale":"es_ES","og_type":"article","og_title":"Informativo 04 de abril de 2023 - Consejo Regional Ind\u00edgena del Cauca - CRIC","og_description":"Local-Regional Balance del recorrido territorial realizado por la guardia ind\u00edgena de la asociaci\u00f3n Juan Tama Zona Tierradentro.\u00a0 Durante el 2 de abril del presente a\u00f1o, la guardia ind\u00edgena de los territorios de Santa Rosa de Capicisco y San Andr\u00e9s de Pisimbal\u00e1 del municipio de Inz\u00e1, realizaron un recorrido territorial por la defensa de la vida,","og_url":"https:\/\/www.cric-colombia.org\/portal\/informativo-04-de-abril-de-2023\/","og_site_name":"Consejo Regional Ind\u00edgena del Cauca - CRIC","article_publisher":"https:\/\/www.facebook.com\/cric.colombia\/","article_published_time":"2023-04-04T19:16:13+00:00","og_image":[{"width":1393,"height":694,"url":"https:\/\/www.cric-colombia.org\/portal\/wp-content\/uploads\/2020\/01\/LOGO-COMUNICACIONES-CRIC-AMCIC.jpg","type":"image\/jpeg"}],"author":"Comunicaciones CRIC","twitter_card":"summary_large_image","twitter_creator":"@CRIC_Cauca","twitter_site":"@CRIC_Cauca","twitter_misc":{"Escrito por":"Comunicaciones CRIC","Tiempo de lectura":"4 minutos"},"schema":{"@context":"https:\/\/schema.org","@graph":[{"@type":"Article","@id":"https:\/\/www.cric-colombia.org\/portal\/informativo-04-de-abril-de-2023\/#article","isPartOf":{"@id":"https:\/\/www.cric-colombia.org\/portal\/informativo-04-de-abril-de-2023\/"},"author":{"name":"Comunicaciones CRIC","@id":"https:\/\/www.cric-colombia.org\/portal\/#\/schema\/person\/ab3a3099267de33d55f74f34ba201931"},"headline":"Informativo 04 de abril de 2023","datePublished":"2023-04-04T19:16:13+00:00","dateModified":"2023-04-04T19:16:13+00:00","mainEntityOfPage":{"@id":"https:\/\/www.cric-colombia.org\/portal\/informativo-04-de-abril-de-2023\/"},"wordCount":745,"commentCount":0,"publisher":{"@id":"https:\/\/www.cric-colombia.org\/portal\/#organization"},"keywords":["AMCIC","cric","informativo","MPC"],"articleSection":["Actualidad Ind\u00edgena del Cauca","Audios","Multimedia"],"inLanguage":"es","potentialAction":[{"@type":"CommentAction","name":"Comment","target":["https:\/\/www.cric-colombia.org\/portal\/informativo-04-de-abril-de-2023\/#respond"]}]},{"@type":"WebPage","@id":"https:\/\/www.cric-colombia.org\/portal\/informativo-04-de-abril-de-2023\/","url":"https:\/\/www.cric-colombia.org\/portal\/informativo-04-de-abril-de-2023\/","name":"Informativo 04 de abril de 2023 - Consejo Regional Ind\u00edgena del Cauca - CRIC","isPartOf":{"@id":"https:\/\/www.cric-colombia.org\/portal\/#website"},"datePublished":"2023-04-04T19:16:13+00:00","dateModified":"2023-04-04T19:16:13+00:00","breadcrumb":{"@id":"https:\/\/www.cric-colombia.org\/portal\/informativo-04-de-abril-de-2023\/#breadcrumb"},"inLanguage":"es","potentialAction":[{"@type":"ReadAction","target":["https:\/\/www.cric-colombia.org\/portal\/informativo-04-de-abril-de-2023\/"]}]},{"@type":"BreadcrumbList","@id":"https:\/\/www.cric-colombia.org\/portal\/informativo-04-de-abril-de-2023\/#breadcrumb","itemListElement":[{"@type":"ListItem","position":1,"name":"Portada","item":"https:\/\/www.cric-colombia.org\/portal\/"},{"@type":"ListItem","position":2,"name":"Informativo 04 de abril de 2023"}]},{"@type":"WebSite","@id":"https:\/\/www.cric-colombia.org\/portal\/#website","url":"https:\/\/www.cric-colombia.org\/portal\/","name":"Consejo Regional Ind\u00edgena del Cauca - CRIC","description":"P\u00e1gina oficial del Consejo Regional Ind\u00edgena del Cauca, Colombia","publisher":{"@id":"https:\/\/www.cric-colombia.org\/portal\/#organization"},"potentialAction":[{"@type":"SearchAction","target":{"@type":"EntryPoint","urlTemplate":"https:\/\/www.cric-colombia.org\/portal\/?s={search_term_string}"},"query-input":"required name=search_term_string"}],"inLanguage":"es"},{"@type":"Organization","@id":"https:\/\/www.cric-colombia.org\/portal\/#organization","name":"Consejo Regional Ind\u00edgena del Cauca","url":"https:\/\/www.cric-colombia.org\/portal\/","logo":{"@type":"ImageObject","inLanguage":"es","@id":"https:\/\/www.cric-colombia.org\/portal\/#\/schema\/logo\/image\/","url":"https:\/\/www.cric-colombia.org\/portal\/wp-content\/uploads\/2015\/08\/logo_cric.jpg","contentUrl":"https:\/\/www.cric-colombia.org\/portal\/wp-content\/uploads\/2015\/08\/logo_cric.jpg","width":512,"height":512,"caption":"Consejo Regional Ind\u00edgena del Cauca"},"image":{"@id":"https:\/\/www.cric-colombia.org\/portal\/#\/schema\/logo\/image\/"},"sameAs":["https:\/\/www.facebook.com\/cric.colombia\/","https:\/\/twitter.com\/CRIC_Cauca"]},{"@type":"Person","@id":"https:\/\/www.cric-colombia.org\/portal\/#\/schema\/person\/ab3a3099267de33d55f74f34ba201931","name":"Comunicaciones CRIC","image":{"@type":"ImageObject","inLanguage":"es","@id":"https:\/\/www.cric-colombia.org\/portal\/#\/schema\/person\/image\/","url":"https:\/\/secure.gravatar.com\/avatar\/a8d1a6cfcb82a80d09dafefdcc3dcc8a?s=96&d=retro&r=g","contentUrl":"https:\/\/secure.gravatar.com\/avatar\/a8d1a6cfcb82a80d09dafefdcc3dcc8a?s=96&d=retro&r=g","caption":"Comunicaciones CRIC"},"url":"https:\/\/www.cric-colombia.org\/portal\/author\/comunicaciones\/"}]}},"jetpack_featured_media_url":"https:\/\/www.cric-colombia.org\/portal\/wp-content\/uploads\/2020\/01\/LOGO-COMUNICACIONES-CRIC-AMCIC.jpg","_links":{"self":[{"href":"https:\/\/www.cric-colombia.org\/portal\/wp-json\/wp\/v2\/posts\/36891"}],"collection":[{"href":"https:\/\/www.cric-colombia.org\/portal\/wp-json\/wp\/v2\/posts"}],"about":[{"href":"https:\/\/www.cric-colombia.org\/portal\/wp-json\/wp\/v2\/types\/post"}],"author":[{"embeddable":true,"href":"https:\/\/www.cric-colombia.org\/portal\/wp-json\/wp\/v2\/users\/6"}],"replies":[{"embeddable":true,"href":"https:\/\/www.cric-colombia.org\/portal\/wp-json\/wp\/v2\/comments?post=36891"}],"version-history":[{"count":1,"href":"https:\/\/www.cric-colombia.org\/portal\/wp-json\/wp\/v2\/posts\/36891\/revisions"}],"predecessor-version":[{"id":36892,"href":"https:\/\/www.cric-colombia.org\/portal\/wp-json\/wp\/v2\/posts\/36891\/revisions\/36892"}],"wp:featuredmedia":[{"embeddable":true,"href":"https:\/\/www.cric-colombia.org\/portal\/wp-json\/wp\/v2\/media\/27120"}],"wp:attachment":[{"href":"https:\/\/www.cric-colombia.org\/portal\/wp-json\/wp\/v2\/media?parent=36891"}],"wp:term":[{"taxonomy":"category","embeddable":true,"href":"https:\/\/www.cric-colombia.org\/portal\/wp-json\/wp\/v2\/categories?post=36891"},{"taxonomy":"post_tag","embeddable":true,"href":"https:\/\/www.cric-colombia.org\/portal\/wp-json\/wp\/v2\/tags?post=36891"}],"curies":[{"name":"wp","href":"https:\/\/api.w.org\/{rel}","templated":true}]}}