{"id":36722,"date":"2023-03-14T15:54:06","date_gmt":"2023-03-14T20:54:06","guid":{"rendered":"https:\/\/www.cric-colombia.org\/portal\/?p=36722"},"modified":"2023-03-14T15:54:06","modified_gmt":"2023-03-14T20:54:06","slug":"informativo-14-de-marzo-de-2023","status":"publish","type":"post","link":"https:\/\/www.cric-colombia.org\/portal\/informativo-14-de-marzo-de-2023\/","title":{"rendered":"Informativo 14 de marzo de 2023"},"content":{"rendered":"<h2><strong>Local-Regional<\/strong><\/h2>\n<h3><strong>Continua la b\u00fasqueda de los 9 compa\u00f1eros y 4 compa\u00f1eras desaparecidas en el p\u00e1ramo de<\/strong> <strong>Guanacas. <\/strong><\/h3>\n<p>Desde el pasado 05 de marzo inicio un recorrido territorial por el p\u00e1ramo de Guanacas, convocado por las autoridades ind\u00edgenas de Turmina y Gaitana, de la asociaci\u00f3n Juan Tama Zona Tierradentro, el objetivo de este recorrido era llegar al nacimiento de la fuente h\u00eddrica Rio Negro, como parte del reconocimiento territorial.<\/p>\n<p>Dicho recorrido contaba con la participaci\u00f3n de 18 personas, quienes se dividieron en dos grupos, uno de 5 y otro de 13, que a mas tardar el jueves 09 de marzo, deb\u00edan haber culminado el recorrido. El grupo de 5 personas logro salir del p\u00e1ramo, mientras que el grupo de 13 personas, contin\u00faa desaparecidos, desde el mi\u00e9rcoles 8 de marzo, que fue el \u00faltimo d\u00eda en que se tuvo comunicaci\u00f3n con ellos.<\/p>\n<p>El martes 14 de marzo de 2023, iniciaron las acciones de b\u00fasqueda en coordinaci\u00f3n entre el CRIC, la cruz roja, la defensa civil y otras entidades, para lograr rescatar a los y las compa\u00f1eras.<\/p>\n<h3><strong>Conmemoraci\u00f3n del primer a\u00f1o del asesinato del thuthenas Miller Correa. <\/strong><\/h3>\n<p>Se Cumple el primer a\u00f1o del vil asesinato del thuthenas Miller Correa, un gran l\u00edder, amigo, hermano y compa\u00f1ero de lucha, quien fue asesinado el 14 de marzo del 2022, en la ciudad de Popay\u00e1n.<\/p>\n<p>A un a\u00f1o de asesinato, la comunidad se re\u00fane para hacer memoria en su lugar de origen, en la vereda el Dami\u00e1n, Territorio de Tacueyo.<\/p>\n<p>A su familia madre, esposa, hijo y Hermano le enviamos nuestra fuerza para continuar caminado el legado que este gran ser humano, de esp\u00edritu comprometido, alegre, humilde y sincero, que orient\u00f3 este proceso organizativo comunitario hasta el \u00faltimo d\u00eda de vida.<\/p>\n<h3><strong>Encuentro de parter\u00eda en el territorio Sath Tama Kiwe<\/strong><\/h3>\n<p>El pasado viernes 10 de marzo de 2023, en el territorio ancestral de Sath Tama Kiwe, se realiz\u00f3 desde el programa de salud propia intercultural SISPI, un encuentro de parter\u00eda, en el que participaron distintos territorios.<\/p>\n<p>Cabe mencionar que estos encuentros de parter\u00eda se vienen realizando en las diferentes zonas que hacen parte del CRIC y se realizan con el objetivo de Fortalecer los espacios de orientaci\u00f3n espiritual y cultural, a trav\u00e9s de los encuentros de parteras a nivel regional que garantice la operatividad de la pol\u00edtica de salud ind\u00edgena, para el fortalecimiento de gobierno propio y de las estructuras propias en los diferentes territorios.<\/p>\n<h3><strong>Jornada de tr\u00e1mite de c\u00e9dulas digitales en el territorio del pueblo Totoroez.<\/strong><\/h3>\n<p>Gracias a la gesti\u00f3n que adelanta\u00a0\u00a0\u00a0 el cabildo ind\u00edgena del pueblo Totoroez, en cabeza del gobernador Adolfo Conejo, se logr\u00f3 que para el d\u00eda 15 de marzo se llevar\u00e1 a cabo la jornada\u00a0\u00a0 de\u00a0\u00a0 tr\u00e1mite de cedulas digitales para el\u00a0\u00a0 resguardo\u00a0\u00a0 de Totor\u00f3.<\/p>\n<h3><strong>La consejer\u00eda mayor COTAINDOC y el programa DDHH realizan la socializaci\u00f3n del convenio UNP-CRIC vigencia 2023.<\/strong><\/h3>\n<p>La consejer\u00eda mayor zona oriente y el programa DDHH- COTAINDOC, se re\u00fane en el d\u00eda de hoy con coordinaciones locales de guardia y autoridades de los 5 pueblos con el objetivo de dialogar temas como la UNP (Unidad Nacional de Protecci\u00f3n). Para este caso, realizar la socializaci\u00f3n del convenio UNP-CRIC vigencia 2023.<\/p>\n<h3><strong>Posicionamiento del cabildo estudiantil de 4 sedes educativas del resguardo ind\u00edgena de L\u00f3pez<\/strong> <strong>Adentro.<\/strong><\/h3>\n<p>Desde el plan de vida \u00c7xha \u00c7xha Wala, el d\u00eda de hoy en la instituci\u00f3n Educativa Biling\u00fce Dxij Phanden del resguardo Ind\u00edgena de L\u00f3pez Adentro, se realiz\u00f3 el posicionamiento del cabildo estudiantil de las 4 sedes Educativas que pertenecen al resguardo. Esto es con el fin que los ni\u00f1os ya vayan aprendiendo y conociendo las din\u00e1micas de liderazgo en la Comunidad, en las escuelas y colegios que pertenecen a la ACIN y CRIC.<\/p>\n<h2><strong>Nacional<\/strong><\/h2>\n<h3><strong>Hermanamiento de caminos organizativos desde los tejidos de unidad en el sur de Tolima<\/strong><\/h3>\n<p>El consejo Regional ind\u00edgena del Cauca-CRIC Nacional acompa\u00f1a, orienta, teje caminos y procesos organizativos, culturales y territoriales desde los espacios comunitarios.<\/p>\n<p>Est\u00e1 vez estuvo realizando procesos de orientaci\u00f3n pol\u00edtica en el resguardo ind\u00edgena de las Mercedes del sur de Tolima, los d\u00edas 11, 12 y 13 de marzo del 2023.<\/p>\n<p>El prop\u00f3sito principal es continuar retomando el pensamiento y la sabidur\u00eda ancestral de los pueblos en resistencia, para continuar en el camino de la defensa de la vida de la madre tierra.<\/p>\n<!--[if lt IE 9]><script>document.createElement('audio');<\/script><![endif]-->\n<audio class=\"wp-audio-shortcode\" id=\"audio-36722-1\" preload=\"none\" style=\"width: 100%;\" controls=\"controls\"><source type=\"audio\/mpeg\" src=\"https:\/\/www.ivoox.com\/informativo-14-marzo-2023_md_104593590_wp_1.mp3?_=1\" \/><a href=\"https:\/\/www.ivoox.com\/informativo-14-marzo-2023_md_104593590_wp_1.mp3\">https:\/\/www.ivoox.com\/informativo-14-marzo-2023_md_104593590_wp_1.mp3<\/a><\/audio>\n<p><a title=\"Informativo 14 de marzo de 2023\" href=\"https:\/\/go.ivoox.com\/rf\/104593590\">Ir a descargar<\/a><\/p>\n<p>&nbsp;<\/p>\n","protected":false},"excerpt":{"rendered":"<p>Local-Regional Continua la b\u00fasqueda de los 9 compa\u00f1eros y 4 compa\u00f1eras desaparecidas en el p\u00e1ramo de Guanacas. Desde el pasado 05 de marzo inicio un recorrido territorial por el p\u00e1ramo de Guanacas, convocado por las autoridades ind\u00edgenas de Turmina y Gaitana, de la asociaci\u00f3n Juan Tama Zona Tierradentro, el objetivo de este recorrido era llegar <\/p>\n","protected":false},"author":6,"featured_media":27120,"comment_status":"open","ping_status":"open","sticky":false,"template":"","format":"standard","meta":{"footnotes":""},"categories":[3,77,74],"tags":[190,88,177],"yoast_head":"<!-- This site is optimized with the Yoast SEO plugin v20.12 - https:\/\/yoast.com\/wordpress\/plugins\/seo\/ -->\n<title>Informativo 14 de marzo de 2023 - Consejo Regional Ind\u00edgena del Cauca - CRIC<\/title>\n<meta name=\"robots\" content=\"index, follow, max-snippet:-1, max-image-preview:large, max-video-preview:-1\" \/>\n<link rel=\"canonical\" href=\"https:\/\/www.cric-colombia.org\/portal\/informativo-14-de-marzo-de-2023\/\" \/>\n<meta property=\"og:locale\" content=\"es_ES\" \/>\n<meta property=\"og:type\" content=\"article\" \/>\n<meta property=\"og:title\" content=\"Informativo 14 de marzo de 2023 - Consejo Regional Ind\u00edgena del Cauca - CRIC\" \/>\n<meta property=\"og:description\" content=\"Local-Regional Continua la b\u00fasqueda de los 9 compa\u00f1eros y 4 compa\u00f1eras desaparecidas en el p\u00e1ramo de Guanacas. Desde el pasado 05 de marzo inicio un recorrido territorial por el p\u00e1ramo de Guanacas, convocado por las autoridades ind\u00edgenas de Turmina y Gaitana, de la asociaci\u00f3n Juan Tama Zona Tierradentro, el objetivo de este recorrido era llegar\" \/>\n<meta property=\"og:url\" content=\"https:\/\/www.cric-colombia.org\/portal\/informativo-14-de-marzo-de-2023\/\" \/>\n<meta property=\"og:site_name\" content=\"Consejo Regional Ind\u00edgena del Cauca - CRIC\" \/>\n<meta property=\"article:publisher\" content=\"https:\/\/www.facebook.com\/cric.colombia\/\" \/>\n<meta property=\"article:published_time\" content=\"2023-03-14T20:54:06+00:00\" \/>\n<meta property=\"og:image\" content=\"https:\/\/www.cric-colombia.org\/portal\/wp-content\/uploads\/2020\/01\/LOGO-COMUNICACIONES-CRIC-AMCIC.jpg\" \/>\n\t<meta property=\"og:image:width\" content=\"1393\" \/>\n\t<meta property=\"og:image:height\" content=\"694\" \/>\n\t<meta property=\"og:image:type\" content=\"image\/jpeg\" \/>\n<meta name=\"author\" content=\"Comunicaciones CRIC\" \/>\n<meta name=\"twitter:card\" content=\"summary_large_image\" \/>\n<meta name=\"twitter:creator\" content=\"@CRIC_Cauca\" \/>\n<meta name=\"twitter:site\" content=\"@CRIC_Cauca\" \/>\n<meta name=\"twitter:label1\" content=\"Escrito por\" \/>\n\t<meta name=\"twitter:data1\" content=\"Comunicaciones CRIC\" \/>\n\t<meta name=\"twitter:label2\" content=\"Tiempo de lectura\" \/>\n\t<meta name=\"twitter:data2\" content=\"4 minutos\" \/>\n<script type=\"application\/ld+json\" class=\"yoast-schema-graph\">{\"@context\":\"https:\/\/schema.org\",\"@graph\":[{\"@type\":\"Article\",\"@id\":\"https:\/\/www.cric-colombia.org\/portal\/informativo-14-de-marzo-de-2023\/#article\",\"isPartOf\":{\"@id\":\"https:\/\/www.cric-colombia.org\/portal\/informativo-14-de-marzo-de-2023\/\"},\"author\":{\"name\":\"Comunicaciones CRIC\",\"@id\":\"https:\/\/www.cric-colombia.org\/portal\/#\/schema\/person\/ab3a3099267de33d55f74f34ba201931\"},\"headline\":\"Informativo 14 de marzo de 2023\",\"datePublished\":\"2023-03-14T20:54:06+00:00\",\"dateModified\":\"2023-03-14T20:54:06+00:00\",\"mainEntityOfPage\":{\"@id\":\"https:\/\/www.cric-colombia.org\/portal\/informativo-14-de-marzo-de-2023\/\"},\"wordCount\":765,\"commentCount\":0,\"publisher\":{\"@id\":\"https:\/\/www.cric-colombia.org\/portal\/#organization\"},\"keywords\":[\"AMCIC\",\"cric\",\"informativo\"],\"articleSection\":[\"Actualidad Ind\u00edgena del Cauca\",\"Audios\",\"Multimedia\"],\"inLanguage\":\"es\",\"potentialAction\":[{\"@type\":\"CommentAction\",\"name\":\"Comment\",\"target\":[\"https:\/\/www.cric-colombia.org\/portal\/informativo-14-de-marzo-de-2023\/#respond\"]}]},{\"@type\":\"WebPage\",\"@id\":\"https:\/\/www.cric-colombia.org\/portal\/informativo-14-de-marzo-de-2023\/\",\"url\":\"https:\/\/www.cric-colombia.org\/portal\/informativo-14-de-marzo-de-2023\/\",\"name\":\"Informativo 14 de marzo de 2023 - Consejo Regional Ind\u00edgena del Cauca - CRIC\",\"isPartOf\":{\"@id\":\"https:\/\/www.cric-colombia.org\/portal\/#website\"},\"datePublished\":\"2023-03-14T20:54:06+00:00\",\"dateModified\":\"2023-03-14T20:54:06+00:00\",\"breadcrumb\":{\"@id\":\"https:\/\/www.cric-colombia.org\/portal\/informativo-14-de-marzo-de-2023\/#breadcrumb\"},\"inLanguage\":\"es\",\"potentialAction\":[{\"@type\":\"ReadAction\",\"target\":[\"https:\/\/www.cric-colombia.org\/portal\/informativo-14-de-marzo-de-2023\/\"]}]},{\"@type\":\"BreadcrumbList\",\"@id\":\"https:\/\/www.cric-colombia.org\/portal\/informativo-14-de-marzo-de-2023\/#breadcrumb\",\"itemListElement\":[{\"@type\":\"ListItem\",\"position\":1,\"name\":\"Portada\",\"item\":\"https:\/\/www.cric-colombia.org\/portal\/\"},{\"@type\":\"ListItem\",\"position\":2,\"name\":\"Informativo 14 de marzo de 2023\"}]},{\"@type\":\"WebSite\",\"@id\":\"https:\/\/www.cric-colombia.org\/portal\/#website\",\"url\":\"https:\/\/www.cric-colombia.org\/portal\/\",\"name\":\"Consejo Regional Ind\u00edgena del Cauca - CRIC\",\"description\":\"P\u00e1gina oficial del Consejo Regional Ind\u00edgena del Cauca, Colombia\",\"publisher\":{\"@id\":\"https:\/\/www.cric-colombia.org\/portal\/#organization\"},\"potentialAction\":[{\"@type\":\"SearchAction\",\"target\":{\"@type\":\"EntryPoint\",\"urlTemplate\":\"https:\/\/www.cric-colombia.org\/portal\/?s={search_term_string}\"},\"query-input\":\"required name=search_term_string\"}],\"inLanguage\":\"es\"},{\"@type\":\"Organization\",\"@id\":\"https:\/\/www.cric-colombia.org\/portal\/#organization\",\"name\":\"Consejo Regional Ind\u00edgena del Cauca\",\"url\":\"https:\/\/www.cric-colombia.org\/portal\/\",\"logo\":{\"@type\":\"ImageObject\",\"inLanguage\":\"es\",\"@id\":\"https:\/\/www.cric-colombia.org\/portal\/#\/schema\/logo\/image\/\",\"url\":\"https:\/\/www.cric-colombia.org\/portal\/wp-content\/uploads\/2015\/08\/logo_cric.jpg\",\"contentUrl\":\"https:\/\/www.cric-colombia.org\/portal\/wp-content\/uploads\/2015\/08\/logo_cric.jpg\",\"width\":512,\"height\":512,\"caption\":\"Consejo Regional Ind\u00edgena del Cauca\"},\"image\":{\"@id\":\"https:\/\/www.cric-colombia.org\/portal\/#\/schema\/logo\/image\/\"},\"sameAs\":[\"https:\/\/www.facebook.com\/cric.colombia\/\",\"https:\/\/twitter.com\/CRIC_Cauca\"]},{\"@type\":\"Person\",\"@id\":\"https:\/\/www.cric-colombia.org\/portal\/#\/schema\/person\/ab3a3099267de33d55f74f34ba201931\",\"name\":\"Comunicaciones CRIC\",\"image\":{\"@type\":\"ImageObject\",\"inLanguage\":\"es\",\"@id\":\"https:\/\/www.cric-colombia.org\/portal\/#\/schema\/person\/image\/\",\"url\":\"https:\/\/secure.gravatar.com\/avatar\/a8d1a6cfcb82a80d09dafefdcc3dcc8a?s=96&d=retro&r=g\",\"contentUrl\":\"https:\/\/secure.gravatar.com\/avatar\/a8d1a6cfcb82a80d09dafefdcc3dcc8a?s=96&d=retro&r=g\",\"caption\":\"Comunicaciones CRIC\"},\"url\":\"https:\/\/www.cric-colombia.org\/portal\/author\/comunicaciones\/\"}]}<\/script>\n<!-- \/ Yoast SEO plugin. -->","yoast_head_json":{"title":"Informativo 14 de marzo de 2023 - Consejo Regional Ind\u00edgena del Cauca - CRIC","robots":{"index":"index","follow":"follow","max-snippet":"max-snippet:-1","max-image-preview":"max-image-preview:large","max-video-preview":"max-video-preview:-1"},"canonical":"https:\/\/www.cric-colombia.org\/portal\/informativo-14-de-marzo-de-2023\/","og_locale":"es_ES","og_type":"article","og_title":"Informativo 14 de marzo de 2023 - Consejo Regional Ind\u00edgena del Cauca - CRIC","og_description":"Local-Regional Continua la b\u00fasqueda de los 9 compa\u00f1eros y 4 compa\u00f1eras desaparecidas en el p\u00e1ramo de Guanacas. Desde el pasado 05 de marzo inicio un recorrido territorial por el p\u00e1ramo de Guanacas, convocado por las autoridades ind\u00edgenas de Turmina y Gaitana, de la asociaci\u00f3n Juan Tama Zona Tierradentro, el objetivo de este recorrido era llegar","og_url":"https:\/\/www.cric-colombia.org\/portal\/informativo-14-de-marzo-de-2023\/","og_site_name":"Consejo Regional Ind\u00edgena del Cauca - CRIC","article_publisher":"https:\/\/www.facebook.com\/cric.colombia\/","article_published_time":"2023-03-14T20:54:06+00:00","og_image":[{"width":1393,"height":694,"url":"https:\/\/www.cric-colombia.org\/portal\/wp-content\/uploads\/2020\/01\/LOGO-COMUNICACIONES-CRIC-AMCIC.jpg","type":"image\/jpeg"}],"author":"Comunicaciones CRIC","twitter_card":"summary_large_image","twitter_creator":"@CRIC_Cauca","twitter_site":"@CRIC_Cauca","twitter_misc":{"Escrito por":"Comunicaciones CRIC","Tiempo de lectura":"4 minutos"},"schema":{"@context":"https:\/\/schema.org","@graph":[{"@type":"Article","@id":"https:\/\/www.cric-colombia.org\/portal\/informativo-14-de-marzo-de-2023\/#article","isPartOf":{"@id":"https:\/\/www.cric-colombia.org\/portal\/informativo-14-de-marzo-de-2023\/"},"author":{"name":"Comunicaciones CRIC","@id":"https:\/\/www.cric-colombia.org\/portal\/#\/schema\/person\/ab3a3099267de33d55f74f34ba201931"},"headline":"Informativo 14 de marzo de 2023","datePublished":"2023-03-14T20:54:06+00:00","dateModified":"2023-03-14T20:54:06+00:00","mainEntityOfPage":{"@id":"https:\/\/www.cric-colombia.org\/portal\/informativo-14-de-marzo-de-2023\/"},"wordCount":765,"commentCount":0,"publisher":{"@id":"https:\/\/www.cric-colombia.org\/portal\/#organization"},"keywords":["AMCIC","cric","informativo"],"articleSection":["Actualidad Ind\u00edgena del Cauca","Audios","Multimedia"],"inLanguage":"es","potentialAction":[{"@type":"CommentAction","name":"Comment","target":["https:\/\/www.cric-colombia.org\/portal\/informativo-14-de-marzo-de-2023\/#respond"]}]},{"@type":"WebPage","@id":"https:\/\/www.cric-colombia.org\/portal\/informativo-14-de-marzo-de-2023\/","url":"https:\/\/www.cric-colombia.org\/portal\/informativo-14-de-marzo-de-2023\/","name":"Informativo 14 de marzo de 2023 - Consejo Regional Ind\u00edgena del Cauca - CRIC","isPartOf":{"@id":"https:\/\/www.cric-colombia.org\/portal\/#website"},"datePublished":"2023-03-14T20:54:06+00:00","dateModified":"2023-03-14T20:54:06+00:00","breadcrumb":{"@id":"https:\/\/www.cric-colombia.org\/portal\/informativo-14-de-marzo-de-2023\/#breadcrumb"},"inLanguage":"es","potentialAction":[{"@type":"ReadAction","target":["https:\/\/www.cric-colombia.org\/portal\/informativo-14-de-marzo-de-2023\/"]}]},{"@type":"BreadcrumbList","@id":"https:\/\/www.cric-colombia.org\/portal\/informativo-14-de-marzo-de-2023\/#breadcrumb","itemListElement":[{"@type":"ListItem","position":1,"name":"Portada","item":"https:\/\/www.cric-colombia.org\/portal\/"},{"@type":"ListItem","position":2,"name":"Informativo 14 de marzo de 2023"}]},{"@type":"WebSite","@id":"https:\/\/www.cric-colombia.org\/portal\/#website","url":"https:\/\/www.cric-colombia.org\/portal\/","name":"Consejo Regional Ind\u00edgena del Cauca - CRIC","description":"P\u00e1gina oficial del Consejo Regional Ind\u00edgena del Cauca, Colombia","publisher":{"@id":"https:\/\/www.cric-colombia.org\/portal\/#organization"},"potentialAction":[{"@type":"SearchAction","target":{"@type":"EntryPoint","urlTemplate":"https:\/\/www.cric-colombia.org\/portal\/?s={search_term_string}"},"query-input":"required name=search_term_string"}],"inLanguage":"es"},{"@type":"Organization","@id":"https:\/\/www.cric-colombia.org\/portal\/#organization","name":"Consejo Regional Ind\u00edgena del Cauca","url":"https:\/\/www.cric-colombia.org\/portal\/","logo":{"@type":"ImageObject","inLanguage":"es","@id":"https:\/\/www.cric-colombia.org\/portal\/#\/schema\/logo\/image\/","url":"https:\/\/www.cric-colombia.org\/portal\/wp-content\/uploads\/2015\/08\/logo_cric.jpg","contentUrl":"https:\/\/www.cric-colombia.org\/portal\/wp-content\/uploads\/2015\/08\/logo_cric.jpg","width":512,"height":512,"caption":"Consejo Regional Ind\u00edgena del Cauca"},"image":{"@id":"https:\/\/www.cric-colombia.org\/portal\/#\/schema\/logo\/image\/"},"sameAs":["https:\/\/www.facebook.com\/cric.colombia\/","https:\/\/twitter.com\/CRIC_Cauca"]},{"@type":"Person","@id":"https:\/\/www.cric-colombia.org\/portal\/#\/schema\/person\/ab3a3099267de33d55f74f34ba201931","name":"Comunicaciones CRIC","image":{"@type":"ImageObject","inLanguage":"es","@id":"https:\/\/www.cric-colombia.org\/portal\/#\/schema\/person\/image\/","url":"https:\/\/secure.gravatar.com\/avatar\/a8d1a6cfcb82a80d09dafefdcc3dcc8a?s=96&d=retro&r=g","contentUrl":"https:\/\/secure.gravatar.com\/avatar\/a8d1a6cfcb82a80d09dafefdcc3dcc8a?s=96&d=retro&r=g","caption":"Comunicaciones CRIC"},"url":"https:\/\/www.cric-colombia.org\/portal\/author\/comunicaciones\/"}]}},"jetpack_featured_media_url":"https:\/\/www.cric-colombia.org\/portal\/wp-content\/uploads\/2020\/01\/LOGO-COMUNICACIONES-CRIC-AMCIC.jpg","_links":{"self":[{"href":"https:\/\/www.cric-colombia.org\/portal\/wp-json\/wp\/v2\/posts\/36722"}],"collection":[{"href":"https:\/\/www.cric-colombia.org\/portal\/wp-json\/wp\/v2\/posts"}],"about":[{"href":"https:\/\/www.cric-colombia.org\/portal\/wp-json\/wp\/v2\/types\/post"}],"author":[{"embeddable":true,"href":"https:\/\/www.cric-colombia.org\/portal\/wp-json\/wp\/v2\/users\/6"}],"replies":[{"embeddable":true,"href":"https:\/\/www.cric-colombia.org\/portal\/wp-json\/wp\/v2\/comments?post=36722"}],"version-history":[{"count":1,"href":"https:\/\/www.cric-colombia.org\/portal\/wp-json\/wp\/v2\/posts\/36722\/revisions"}],"predecessor-version":[{"id":36725,"href":"https:\/\/www.cric-colombia.org\/portal\/wp-json\/wp\/v2\/posts\/36722\/revisions\/36725"}],"wp:featuredmedia":[{"embeddable":true,"href":"https:\/\/www.cric-colombia.org\/portal\/wp-json\/wp\/v2\/media\/27120"}],"wp:attachment":[{"href":"https:\/\/www.cric-colombia.org\/portal\/wp-json\/wp\/v2\/media?parent=36722"}],"wp:term":[{"taxonomy":"category","embeddable":true,"href":"https:\/\/www.cric-colombia.org\/portal\/wp-json\/wp\/v2\/categories?post=36722"},{"taxonomy":"post_tag","embeddable":true,"href":"https:\/\/www.cric-colombia.org\/portal\/wp-json\/wp\/v2\/tags?post=36722"}],"curies":[{"name":"wp","href":"https:\/\/api.w.org\/{rel}","templated":true}]}}