{"id":36703,"date":"2023-03-10T16:04:14","date_gmt":"2023-03-10T21:04:14","guid":{"rendered":"https:\/\/www.cric-colombia.org\/portal\/?p=36703"},"modified":"2023-03-10T16:04:14","modified_gmt":"2023-03-10T21:04:14","slug":"informativo-10-de-marzo-de-2023","status":"publish","type":"post","link":"https:\/\/www.cric-colombia.org\/portal\/informativo-10-de-marzo-de-2023\/","title":{"rendered":"Informativo 10 de marzo de 2023"},"content":{"rendered":"<h3><strong>Local-Regional<\/strong><\/h3>\n<p><strong>Avanzan los recorridos en el territorio del Pueblo Totoroez<\/strong><\/p>\n<p>El proceso\u00a0\u00a0 pol\u00edtico organizativo del pueblo Totoroez en cabeza de la\u00a0\u00a0 autoridad tradicional, contin\u00faa los recorridos territoriales, en esta ocasi\u00f3n, se visitaron\u00a0\u00a0 las secciones\u00a0\u00a0 Santa Isabel y Loma del Medio.<\/p>\n<p>Estos recorridos han sido de gran importancia, ya son espacios para conversar con la comunidad, en donde ellas expresan sus preocupaciones, las cuales se pretenden resolver en compa\u00f1\u00eda de la autoridad tradicional.<\/p>\n<p><strong>Socializaci\u00f3n del ejercicio de semillas de vida en el territorio de Corinto,<\/strong><\/p>\n<p>El proceso de semillas de vida, se ha convertido en un espacio en donde se busca generar un arraigo pol\u00edtico y cultural en la ni\u00f1ez de los territorios, en este caso, en el territorio ancestral de Corinto.<\/p>\n<p><strong>El programa de derechos Humanos de la ACIN, recibe a delegaci\u00f3n del pa\u00eds Vasco.<\/strong><\/p>\n<p>El trabajo que realiza la delegaci\u00f3n de pa\u00eds vasco en su visita a la asociaci\u00f3n de Cabildos ind\u00edgenas del norte del Cauca ACIN es hacer seguimiento a los programas de derechos humanos, en donde se busca constatar los procesos de protecci\u00f3n que han acompa\u00f1ado.<\/p>\n<p><strong>Asamblea n\u00famero 151, plan de vida proyecto global se realizar\u00e1 en la vereda la mina Jambal\u00f3.<\/strong><\/p>\n<p>La coordinaci\u00f3n del plan de vida proyecto global territorio de j\u00e1mbalo, norte del cauca, se prepara para el desarrollo de la asamblea n\u00famero 151, la cual se estar\u00eda adelantando del 28 al 31 de marzo en la vereda La Mina zona media del resguard\u00f3 ind\u00edgena.<\/p>\n<p>Esta asamblea se hace con el fin de dar continuidad a las tareas de la reuni\u00f3n de programas realizada en la vereda El Carrizal, se revisar\u00e1 los proceso y procedimiento para el nombramiento de la autoridad Nej Wesx 2023- 2025 y los procedimientos para el nombramiento\u00a0\u00a0 de los coordinadores de n\u00facleos y programas.<\/p>\n<p><strong>Encuentro de parteras en el territorio de Toribio<\/strong><\/p>\n<p>Del 6 al 8 de marzo del presente a\u00f1o, en el territorio de Toribio con el fin de compartir experiencias de parter\u00eda y cuidado de las madres y sus semillas, entre mayores y mayoras del territorio y la participaci\u00f3n de compa\u00f1eros con experiencia en Hait\u00ed, Puerto Rico y Guatemala.<\/p>\n<p><strong>Segundo encuentro de juventudes se realiz\u00f3 en el municipio de Toribio. <\/strong><\/p>\n<p>En la sede del movimiento juvenil \u00c1lvaro Ulcu\u00e9, se reunieron los j\u00f3venes de Toribio, convocados por el consejo de juventudes y el movimiento juvenil, con el fin de elegir la plataforma de juventud y dar a conocer lo que se ha venido trabajando desde el consejo de juventudes quienes desde lo estatal entran a fortalecer cada uno de los procesos.<\/p>\n<h3><strong>Nacional <\/strong><\/h3>\n<p><b>En el departamento de Guaviare se realiz\u00f3 un curso con el SENA para mejorar las condiciones laborales de las mujeres de la regi\u00f3n Amaz\u00f3nica.\u00a0 <\/b><\/p>\n<p>La jornada denominada \u201cm\u00e1s empleo y emprendimiento para las mujeres\u201d se viene realizando a nivel nacional, para esta ocasi\u00f3n y en marco del 8 de marzo se llev\u00f3 a cabo en el departamento del Guaviare, dicha jornada de emprendimiento.<\/p>\n<!--[if lt IE 9]><script>document.createElement('audio');<\/script><![endif]-->\n<audio class=\"wp-audio-shortcode\" id=\"audio-36703-1\" preload=\"none\" style=\"width: 100%;\" controls=\"controls\"><source type=\"audio\/mpeg\" src=\"https:\/\/www.ivoox.com\/informativo-10-marzo-2023_md_104396887_wp_1.mp3?_=1\" \/><a href=\"https:\/\/www.ivoox.com\/informativo-10-marzo-2023_md_104396887_wp_1.mp3\">https:\/\/www.ivoox.com\/informativo-10-marzo-2023_md_104396887_wp_1.mp3<\/a><\/audio>\n<p><a title=\"Informativo 10 de marzo de 2023\" href=\"https:\/\/go.ivoox.com\/rf\/104396887\">Ir a descargar<\/a><\/p>\n<p>&nbsp;<\/p>\n","protected":false},"excerpt":{"rendered":"<p>Local-Regional Avanzan los recorridos en el territorio del Pueblo Totoroez El proceso\u00a0\u00a0 pol\u00edtico organizativo del pueblo Totoroez en cabeza de la\u00a0\u00a0 autoridad tradicional, contin\u00faa los recorridos territoriales, en esta ocasi\u00f3n, se visitaron\u00a0\u00a0 las secciones\u00a0\u00a0 Santa Isabel y Loma del Medio. Estos recorridos han sido de gran importancia, ya son espacios para conversar con la comunidad, <\/p>\n","protected":false},"author":6,"featured_media":27120,"comment_status":"open","ping_status":"open","sticky":false,"template":"","format":"standard","meta":{"footnotes":""},"categories":[3,77,74],"tags":[88,177,347,290],"yoast_head":"<!-- This site is optimized with the Yoast SEO plugin v20.12 - https:\/\/yoast.com\/wordpress\/plugins\/seo\/ -->\n<title>Informativo 10 de marzo de 2023 - Consejo Regional Ind\u00edgena del Cauca - CRIC<\/title>\n<meta name=\"robots\" content=\"index, follow, max-snippet:-1, max-image-preview:large, max-video-preview:-1\" \/>\n<link rel=\"canonical\" href=\"https:\/\/www.cric-colombia.org\/portal\/informativo-10-de-marzo-de-2023\/\" \/>\n<meta property=\"og:locale\" content=\"es_ES\" \/>\n<meta property=\"og:type\" content=\"article\" \/>\n<meta property=\"og:title\" content=\"Informativo 10 de marzo de 2023 - Consejo Regional Ind\u00edgena del Cauca - CRIC\" \/>\n<meta property=\"og:description\" content=\"Local-Regional Avanzan los recorridos en el territorio del Pueblo Totoroez El proceso\u00a0\u00a0 pol\u00edtico organizativo del pueblo Totoroez en cabeza de la\u00a0\u00a0 autoridad tradicional, contin\u00faa los recorridos territoriales, en esta ocasi\u00f3n, se visitaron\u00a0\u00a0 las secciones\u00a0\u00a0 Santa Isabel y Loma del Medio. Estos recorridos han sido de gran importancia, ya son espacios para conversar con la comunidad,\" \/>\n<meta property=\"og:url\" content=\"https:\/\/www.cric-colombia.org\/portal\/informativo-10-de-marzo-de-2023\/\" \/>\n<meta property=\"og:site_name\" content=\"Consejo Regional Ind\u00edgena del Cauca - CRIC\" \/>\n<meta property=\"article:publisher\" content=\"https:\/\/www.facebook.com\/cric.colombia\/\" \/>\n<meta property=\"article:published_time\" content=\"2023-03-10T21:04:14+00:00\" \/>\n<meta property=\"og:image\" content=\"https:\/\/www.cric-colombia.org\/portal\/wp-content\/uploads\/2020\/01\/LOGO-COMUNICACIONES-CRIC-AMCIC.jpg\" \/>\n\t<meta property=\"og:image:width\" content=\"1393\" \/>\n\t<meta property=\"og:image:height\" content=\"694\" \/>\n\t<meta property=\"og:image:type\" content=\"image\/jpeg\" \/>\n<meta name=\"author\" content=\"Comunicaciones CRIC\" \/>\n<meta name=\"twitter:card\" content=\"summary_large_image\" \/>\n<meta name=\"twitter:creator\" content=\"@CRIC_Cauca\" \/>\n<meta name=\"twitter:site\" content=\"@CRIC_Cauca\" \/>\n<meta name=\"twitter:label1\" content=\"Escrito por\" \/>\n\t<meta name=\"twitter:data1\" content=\"Comunicaciones CRIC\" \/>\n\t<meta name=\"twitter:label2\" content=\"Tiempo de lectura\" \/>\n\t<meta name=\"twitter:data2\" content=\"3 minutos\" \/>\n<script type=\"application\/ld+json\" class=\"yoast-schema-graph\">{\"@context\":\"https:\/\/schema.org\",\"@graph\":[{\"@type\":\"Article\",\"@id\":\"https:\/\/www.cric-colombia.org\/portal\/informativo-10-de-marzo-de-2023\/#article\",\"isPartOf\":{\"@id\":\"https:\/\/www.cric-colombia.org\/portal\/informativo-10-de-marzo-de-2023\/\"},\"author\":{\"name\":\"Comunicaciones CRIC\",\"@id\":\"https:\/\/www.cric-colombia.org\/portal\/#\/schema\/person\/ab3a3099267de33d55f74f34ba201931\"},\"headline\":\"Informativo 10 de marzo de 2023\",\"datePublished\":\"2023-03-10T21:04:14+00:00\",\"dateModified\":\"2023-03-10T21:04:14+00:00\",\"mainEntityOfPage\":{\"@id\":\"https:\/\/www.cric-colombia.org\/portal\/informativo-10-de-marzo-de-2023\/\"},\"wordCount\":528,\"commentCount\":0,\"publisher\":{\"@id\":\"https:\/\/www.cric-colombia.org\/portal\/#organization\"},\"keywords\":[\"cric\",\"informativo\",\"Mujeres\",\"Noticias\"],\"articleSection\":[\"Actualidad Ind\u00edgena del Cauca\",\"Audios\",\"Multimedia\"],\"inLanguage\":\"es\",\"potentialAction\":[{\"@type\":\"CommentAction\",\"name\":\"Comment\",\"target\":[\"https:\/\/www.cric-colombia.org\/portal\/informativo-10-de-marzo-de-2023\/#respond\"]}]},{\"@type\":\"WebPage\",\"@id\":\"https:\/\/www.cric-colombia.org\/portal\/informativo-10-de-marzo-de-2023\/\",\"url\":\"https:\/\/www.cric-colombia.org\/portal\/informativo-10-de-marzo-de-2023\/\",\"name\":\"Informativo 10 de marzo de 2023 - Consejo Regional Ind\u00edgena del Cauca - CRIC\",\"isPartOf\":{\"@id\":\"https:\/\/www.cric-colombia.org\/portal\/#website\"},\"datePublished\":\"2023-03-10T21:04:14+00:00\",\"dateModified\":\"2023-03-10T21:04:14+00:00\",\"breadcrumb\":{\"@id\":\"https:\/\/www.cric-colombia.org\/portal\/informativo-10-de-marzo-de-2023\/#breadcrumb\"},\"inLanguage\":\"es\",\"potentialAction\":[{\"@type\":\"ReadAction\",\"target\":[\"https:\/\/www.cric-colombia.org\/portal\/informativo-10-de-marzo-de-2023\/\"]}]},{\"@type\":\"BreadcrumbList\",\"@id\":\"https:\/\/www.cric-colombia.org\/portal\/informativo-10-de-marzo-de-2023\/#breadcrumb\",\"itemListElement\":[{\"@type\":\"ListItem\",\"position\":1,\"name\":\"Portada\",\"item\":\"https:\/\/www.cric-colombia.org\/portal\/\"},{\"@type\":\"ListItem\",\"position\":2,\"name\":\"Informativo 10 de marzo de 2023\"}]},{\"@type\":\"WebSite\",\"@id\":\"https:\/\/www.cric-colombia.org\/portal\/#website\",\"url\":\"https:\/\/www.cric-colombia.org\/portal\/\",\"name\":\"Consejo Regional Ind\u00edgena del Cauca - CRIC\",\"description\":\"P\u00e1gina oficial del Consejo Regional Ind\u00edgena del Cauca, Colombia\",\"publisher\":{\"@id\":\"https:\/\/www.cric-colombia.org\/portal\/#organization\"},\"potentialAction\":[{\"@type\":\"SearchAction\",\"target\":{\"@type\":\"EntryPoint\",\"urlTemplate\":\"https:\/\/www.cric-colombia.org\/portal\/?s={search_term_string}\"},\"query-input\":\"required name=search_term_string\"}],\"inLanguage\":\"es\"},{\"@type\":\"Organization\",\"@id\":\"https:\/\/www.cric-colombia.org\/portal\/#organization\",\"name\":\"Consejo Regional Ind\u00edgena del Cauca\",\"url\":\"https:\/\/www.cric-colombia.org\/portal\/\",\"logo\":{\"@type\":\"ImageObject\",\"inLanguage\":\"es\",\"@id\":\"https:\/\/www.cric-colombia.org\/portal\/#\/schema\/logo\/image\/\",\"url\":\"https:\/\/www.cric-colombia.org\/portal\/wp-content\/uploads\/2015\/08\/logo_cric.jpg\",\"contentUrl\":\"https:\/\/www.cric-colombia.org\/portal\/wp-content\/uploads\/2015\/08\/logo_cric.jpg\",\"width\":512,\"height\":512,\"caption\":\"Consejo Regional Ind\u00edgena del Cauca\"},\"image\":{\"@id\":\"https:\/\/www.cric-colombia.org\/portal\/#\/schema\/logo\/image\/\"},\"sameAs\":[\"https:\/\/www.facebook.com\/cric.colombia\/\",\"https:\/\/twitter.com\/CRIC_Cauca\"]},{\"@type\":\"Person\",\"@id\":\"https:\/\/www.cric-colombia.org\/portal\/#\/schema\/person\/ab3a3099267de33d55f74f34ba201931\",\"name\":\"Comunicaciones CRIC\",\"image\":{\"@type\":\"ImageObject\",\"inLanguage\":\"es\",\"@id\":\"https:\/\/www.cric-colombia.org\/portal\/#\/schema\/person\/image\/\",\"url\":\"https:\/\/secure.gravatar.com\/avatar\/a8d1a6cfcb82a80d09dafefdcc3dcc8a?s=96&d=retro&r=g\",\"contentUrl\":\"https:\/\/secure.gravatar.com\/avatar\/a8d1a6cfcb82a80d09dafefdcc3dcc8a?s=96&d=retro&r=g\",\"caption\":\"Comunicaciones CRIC\"},\"url\":\"https:\/\/www.cric-colombia.org\/portal\/author\/comunicaciones\/\"}]}<\/script>\n<!-- \/ Yoast SEO plugin. -->","yoast_head_json":{"title":"Informativo 10 de marzo de 2023 - Consejo Regional Ind\u00edgena del Cauca - CRIC","robots":{"index":"index","follow":"follow","max-snippet":"max-snippet:-1","max-image-preview":"max-image-preview:large","max-video-preview":"max-video-preview:-1"},"canonical":"https:\/\/www.cric-colombia.org\/portal\/informativo-10-de-marzo-de-2023\/","og_locale":"es_ES","og_type":"article","og_title":"Informativo 10 de marzo de 2023 - Consejo Regional Ind\u00edgena del Cauca - CRIC","og_description":"Local-Regional Avanzan los recorridos en el territorio del Pueblo Totoroez El proceso\u00a0\u00a0 pol\u00edtico organizativo del pueblo Totoroez en cabeza de la\u00a0\u00a0 autoridad tradicional, contin\u00faa los recorridos territoriales, en esta ocasi\u00f3n, se visitaron\u00a0\u00a0 las secciones\u00a0\u00a0 Santa Isabel y Loma del Medio. Estos recorridos han sido de gran importancia, ya son espacios para conversar con la comunidad,","og_url":"https:\/\/www.cric-colombia.org\/portal\/informativo-10-de-marzo-de-2023\/","og_site_name":"Consejo Regional Ind\u00edgena del Cauca - CRIC","article_publisher":"https:\/\/www.facebook.com\/cric.colombia\/","article_published_time":"2023-03-10T21:04:14+00:00","og_image":[{"width":1393,"height":694,"url":"https:\/\/www.cric-colombia.org\/portal\/wp-content\/uploads\/2020\/01\/LOGO-COMUNICACIONES-CRIC-AMCIC.jpg","type":"image\/jpeg"}],"author":"Comunicaciones CRIC","twitter_card":"summary_large_image","twitter_creator":"@CRIC_Cauca","twitter_site":"@CRIC_Cauca","twitter_misc":{"Escrito por":"Comunicaciones CRIC","Tiempo de lectura":"3 minutos"},"schema":{"@context":"https:\/\/schema.org","@graph":[{"@type":"Article","@id":"https:\/\/www.cric-colombia.org\/portal\/informativo-10-de-marzo-de-2023\/#article","isPartOf":{"@id":"https:\/\/www.cric-colombia.org\/portal\/informativo-10-de-marzo-de-2023\/"},"author":{"name":"Comunicaciones CRIC","@id":"https:\/\/www.cric-colombia.org\/portal\/#\/schema\/person\/ab3a3099267de33d55f74f34ba201931"},"headline":"Informativo 10 de marzo de 2023","datePublished":"2023-03-10T21:04:14+00:00","dateModified":"2023-03-10T21:04:14+00:00","mainEntityOfPage":{"@id":"https:\/\/www.cric-colombia.org\/portal\/informativo-10-de-marzo-de-2023\/"},"wordCount":528,"commentCount":0,"publisher":{"@id":"https:\/\/www.cric-colombia.org\/portal\/#organization"},"keywords":["cric","informativo","Mujeres","Noticias"],"articleSection":["Actualidad Ind\u00edgena del Cauca","Audios","Multimedia"],"inLanguage":"es","potentialAction":[{"@type":"CommentAction","name":"Comment","target":["https:\/\/www.cric-colombia.org\/portal\/informativo-10-de-marzo-de-2023\/#respond"]}]},{"@type":"WebPage","@id":"https:\/\/www.cric-colombia.org\/portal\/informativo-10-de-marzo-de-2023\/","url":"https:\/\/www.cric-colombia.org\/portal\/informativo-10-de-marzo-de-2023\/","name":"Informativo 10 de marzo de 2023 - Consejo Regional Ind\u00edgena del Cauca - CRIC","isPartOf":{"@id":"https:\/\/www.cric-colombia.org\/portal\/#website"},"datePublished":"2023-03-10T21:04:14+00:00","dateModified":"2023-03-10T21:04:14+00:00","breadcrumb":{"@id":"https:\/\/www.cric-colombia.org\/portal\/informativo-10-de-marzo-de-2023\/#breadcrumb"},"inLanguage":"es","potentialAction":[{"@type":"ReadAction","target":["https:\/\/www.cric-colombia.org\/portal\/informativo-10-de-marzo-de-2023\/"]}]},{"@type":"BreadcrumbList","@id":"https:\/\/www.cric-colombia.org\/portal\/informativo-10-de-marzo-de-2023\/#breadcrumb","itemListElement":[{"@type":"ListItem","position":1,"name":"Portada","item":"https:\/\/www.cric-colombia.org\/portal\/"},{"@type":"ListItem","position":2,"name":"Informativo 10 de marzo de 2023"}]},{"@type":"WebSite","@id":"https:\/\/www.cric-colombia.org\/portal\/#website","url":"https:\/\/www.cric-colombia.org\/portal\/","name":"Consejo Regional Ind\u00edgena del Cauca - CRIC","description":"P\u00e1gina oficial del Consejo Regional Ind\u00edgena del Cauca, Colombia","publisher":{"@id":"https:\/\/www.cric-colombia.org\/portal\/#organization"},"potentialAction":[{"@type":"SearchAction","target":{"@type":"EntryPoint","urlTemplate":"https:\/\/www.cric-colombia.org\/portal\/?s={search_term_string}"},"query-input":"required name=search_term_string"}],"inLanguage":"es"},{"@type":"Organization","@id":"https:\/\/www.cric-colombia.org\/portal\/#organization","name":"Consejo Regional Ind\u00edgena del Cauca","url":"https:\/\/www.cric-colombia.org\/portal\/","logo":{"@type":"ImageObject","inLanguage":"es","@id":"https:\/\/www.cric-colombia.org\/portal\/#\/schema\/logo\/image\/","url":"https:\/\/www.cric-colombia.org\/portal\/wp-content\/uploads\/2015\/08\/logo_cric.jpg","contentUrl":"https:\/\/www.cric-colombia.org\/portal\/wp-content\/uploads\/2015\/08\/logo_cric.jpg","width":512,"height":512,"caption":"Consejo Regional Ind\u00edgena del Cauca"},"image":{"@id":"https:\/\/www.cric-colombia.org\/portal\/#\/schema\/logo\/image\/"},"sameAs":["https:\/\/www.facebook.com\/cric.colombia\/","https:\/\/twitter.com\/CRIC_Cauca"]},{"@type":"Person","@id":"https:\/\/www.cric-colombia.org\/portal\/#\/schema\/person\/ab3a3099267de33d55f74f34ba201931","name":"Comunicaciones CRIC","image":{"@type":"ImageObject","inLanguage":"es","@id":"https:\/\/www.cric-colombia.org\/portal\/#\/schema\/person\/image\/","url":"https:\/\/secure.gravatar.com\/avatar\/a8d1a6cfcb82a80d09dafefdcc3dcc8a?s=96&d=retro&r=g","contentUrl":"https:\/\/secure.gravatar.com\/avatar\/a8d1a6cfcb82a80d09dafefdcc3dcc8a?s=96&d=retro&r=g","caption":"Comunicaciones CRIC"},"url":"https:\/\/www.cric-colombia.org\/portal\/author\/comunicaciones\/"}]}},"jetpack_featured_media_url":"https:\/\/www.cric-colombia.org\/portal\/wp-content\/uploads\/2020\/01\/LOGO-COMUNICACIONES-CRIC-AMCIC.jpg","_links":{"self":[{"href":"https:\/\/www.cric-colombia.org\/portal\/wp-json\/wp\/v2\/posts\/36703"}],"collection":[{"href":"https:\/\/www.cric-colombia.org\/portal\/wp-json\/wp\/v2\/posts"}],"about":[{"href":"https:\/\/www.cric-colombia.org\/portal\/wp-json\/wp\/v2\/types\/post"}],"author":[{"embeddable":true,"href":"https:\/\/www.cric-colombia.org\/portal\/wp-json\/wp\/v2\/users\/6"}],"replies":[{"embeddable":true,"href":"https:\/\/www.cric-colombia.org\/portal\/wp-json\/wp\/v2\/comments?post=36703"}],"version-history":[{"count":1,"href":"https:\/\/www.cric-colombia.org\/portal\/wp-json\/wp\/v2\/posts\/36703\/revisions"}],"predecessor-version":[{"id":36704,"href":"https:\/\/www.cric-colombia.org\/portal\/wp-json\/wp\/v2\/posts\/36703\/revisions\/36704"}],"wp:featuredmedia":[{"embeddable":true,"href":"https:\/\/www.cric-colombia.org\/portal\/wp-json\/wp\/v2\/media\/27120"}],"wp:attachment":[{"href":"https:\/\/www.cric-colombia.org\/portal\/wp-json\/wp\/v2\/media?parent=36703"}],"wp:term":[{"taxonomy":"category","embeddable":true,"href":"https:\/\/www.cric-colombia.org\/portal\/wp-json\/wp\/v2\/categories?post=36703"},{"taxonomy":"post_tag","embeddable":true,"href":"https:\/\/www.cric-colombia.org\/portal\/wp-json\/wp\/v2\/tags?post=36703"}],"curies":[{"name":"wp","href":"https:\/\/api.w.org\/{rel}","templated":true}]}}