{"id":36227,"date":"2023-01-03T17:41:18","date_gmt":"2023-01-03T22:41:18","guid":{"rendered":"https:\/\/www.cric-colombia.org\/portal\/?p=36227"},"modified":"2023-01-03T17:57:08","modified_gmt":"2023-01-03T22:57:08","slug":"pronunciamiento-publico-resguardo-kwwth-kina","status":"publish","type":"post","link":"https:\/\/www.cric-colombia.org\/portal\/pronunciamiento-publico-resguardo-kwwth-kina\/","title":{"rendered":"Pronunciamiento Kwwth Ki\u2019na: joven de 20 a\u00f1os asesinado por la Columna M\u00f3vil Dagoberto"},"content":{"rendered":"<h4><strong>03\/01\/2023<\/strong><\/h4>\n<h3><strong>PRONUNCIAMIENTO P\u00daBLICO<\/strong><\/h3>\n<p>Nuevamente escribimos estas palabras para rechazar la muerte de todas las maneras posibles. Hemos dicho que la violencia se debe rechazar venga de donde venga y que la muerte no se debe seguir imponiendo en nuestro resguardo y territorio. En tan solo 3 d\u00edas de lo corrido del a\u00f1o 2023, tuvimos que sembrar a otro joven m\u00e1s, un joven al que le fue arrebatada la vida en el patio de su casa el 01 de enero del 2023. Su nombre era <strong>Eibar Augusto Guetio Chate<\/strong>, <strong><em>joven de 20 a\u00f1os asesinado por la Columna M\u00f3vil Dagoberto<\/em><\/strong> Ramos y a quien en el a\u00f1o 2020 la violencia ya le hab\u00eda arrebatado a su hermano Luis Eduardo Guetio y el pasado 20 de noviembre del 2022 -a menos de dos meses de la fecha actual- le hab\u00edan arrebatado a su cu\u00f1ado Juli\u00e1n Baltazar. Cadenas de muertes sin fin e instituciones del estado insuficientes para responder a emergencias humanitarias que debieron ser atendidas desde hace m\u00e1s de medio siglo, procesos de justicia que siguen reclamando verdad, reparaci\u00f3n, no repetici\u00f3n.<\/p>\n<p>Como autoridades manifestamos incansablemente que debemos hacer minga para que alcancemos armon\u00eda en nuestros hogares, en nuestra comunidad y nuestro territorio. Alcanzar las oportunidades y garant\u00edas que necesitan los j\u00f3venes para que alcancen sus sue\u00f1os. Acabar la deuda hist\u00f3rica que tenemos con la justicia, con la dignidad, con el pan de todos los d\u00edas. Llamamos de manera urgente a retomar la implementaci\u00f3n del acuerdo de paz del 2016 de manera integral y efectiva, centr\u00e1ndonos en atender a las v\u00edctimas.<\/p>\n<p>La muerte para algunos es su manera de hacer \u201cjusticia\u201d; arrebatan la vida y siguen como si nada. Para nosotros, sin importar quien sea la v\u00edctima, la muerte se refleja en las madres llorando hijos en la puerta de su casa; ni\u00f1os y ni\u00f1as jugando inocentemente en un cementerio mientras sembramos\/enterramos a su pap\u00e1 o a su hermano, sin entender lo que sucede a su alrededor; esposas desplazadas del territorio por las amenazas e intimidaciones; hermanas, hermanos viviendo sus vidas con rencor y dolor en sus corazones. La violencia cambia en ocasiones de victimario, de forma o de rostro, pero siempre cobra vidas y angustias de los mismos: los j\u00f3venes, hombres y mujeres de las comunidades de a pie.<\/p>\n<p>Rechazamos y responsabilizamos de estas desarmon\u00edas a los grupos armados legales e ilegales por su actuar ileg\u00edtimo y sin sentido: la Columna M\u00f3vil Dagoberto Ramos, el ELN, el Ej\u00e9rcito Nacional, la Polic\u00eda Nacional, la Segunda Marquetalia y grupos delincuenciales. No nos representan grupos que asesinan j\u00f3venes, autoridades y mujeres. No nos representa ning\u00fan grupo que extorsione, robe o intimide a la poblaci\u00f3n; la violencia y las armas no son el camino, nunca. Dejamos constancia de lo que pueda suceder en nuestro territorio y a nuestros comuneros.<\/p>\n<p>Defenderemos nuestro territorio, nuestro plan de vida y no nos dejaremos amedrentar, avanzaremos en el camino de la justicia que nos dejaron nuestros mayores y mayoras. Exigimos que el estado colombiano cumpla su parte en esta tarea, solicitamos a las instituciones, organizaciones de derechos humanos y dem\u00e1s garantes que se sumen a este ejercicio. Y si no lo hacen, al menos que no estorben.<\/p>\n<p><strong>DADO A LOS TRES (03) D\u00cdA DEL MES DE ENERO DEL 2023<\/strong><\/p>\n<p><strong>AUTORIDADES TERRITORIALES RESGUARDO KWETH KI\u2019NA <\/strong><\/p>\n","protected":false},"excerpt":{"rendered":"<p>03\/01\/2023 PRONUNCIAMIENTO P\u00daBLICO Nuevamente escribimos estas palabras para rechazar la muerte de todas las maneras posibles. Hemos dicho que la violencia se debe rechazar venga de donde venga y que la muerte no se debe seguir imponiendo en nuestro resguardo y territorio. En tan solo 3 d\u00edas de lo corrido del a\u00f1o 2023, tuvimos que <\/p>\n","protected":false},"author":6,"featured_media":34954,"comment_status":"open","ping_status":"open","sticky":false,"template":"","format":"standard","meta":{"footnotes":""},"categories":[3],"tags":[493,241],"yoast_head":"<!-- This site is optimized with the Yoast SEO plugin v20.12 - https:\/\/yoast.com\/wordpress\/plugins\/seo\/ -->\n<title>Pronunciamiento Kwwth Ki\u2019na: joven de 20 a\u00f1os asesinado por la Columna M\u00f3vil Dagoberto - Consejo Regional Ind\u00edgena del Cauca - CRIC<\/title>\n<meta name=\"robots\" content=\"index, follow, max-snippet:-1, max-image-preview:large, max-video-preview:-1\" \/>\n<link rel=\"canonical\" href=\"https:\/\/www.cric-colombia.org\/portal\/pronunciamiento-publico-resguardo-kwwth-kina\/\" \/>\n<meta property=\"og:locale\" content=\"es_ES\" \/>\n<meta property=\"og:type\" content=\"article\" \/>\n<meta property=\"og:title\" content=\"Pronunciamiento Kwwth Ki\u2019na: joven de 20 a\u00f1os asesinado por la Columna M\u00f3vil Dagoberto - Consejo Regional Ind\u00edgena del Cauca - CRIC\" \/>\n<meta property=\"og:description\" content=\"03\/01\/2023 PRONUNCIAMIENTO P\u00daBLICO Nuevamente escribimos estas palabras para rechazar la muerte de todas las maneras posibles. Hemos dicho que la violencia se debe rechazar venga de donde venga y que la muerte no se debe seguir imponiendo en nuestro resguardo y territorio. En tan solo 3 d\u00edas de lo corrido del a\u00f1o 2023, tuvimos que\" \/>\n<meta property=\"og:url\" content=\"https:\/\/www.cric-colombia.org\/portal\/pronunciamiento-publico-resguardo-kwwth-kina\/\" \/>\n<meta property=\"og:site_name\" content=\"Consejo Regional Ind\u00edgena del Cauca - CRIC\" \/>\n<meta property=\"article:publisher\" content=\"https:\/\/www.facebook.com\/cric.colombia\/\" \/>\n<meta property=\"article:published_time\" content=\"2023-01-03T22:41:18+00:00\" \/>\n<meta property=\"article:modified_time\" content=\"2023-01-03T22:57:08+00:00\" \/>\n<meta property=\"og:image\" content=\"https:\/\/www.cric-colombia.org\/portal\/wp-content\/uploads\/2022\/08\/logo-so\u00b4pis.png\" \/>\n\t<meta property=\"og:image:width\" content=\"580\" \/>\n\t<meta property=\"og:image:height\" content=\"540\" \/>\n\t<meta property=\"og:image:type\" content=\"image\/png\" \/>\n<meta name=\"author\" content=\"Comunicaciones CRIC\" \/>\n<meta name=\"twitter:card\" content=\"summary_large_image\" \/>\n<meta name=\"twitter:creator\" content=\"@CRIC_Cauca\" \/>\n<meta name=\"twitter:site\" content=\"@CRIC_Cauca\" \/>\n<meta name=\"twitter:label1\" content=\"Escrito por\" \/>\n\t<meta name=\"twitter:data1\" content=\"Comunicaciones CRIC\" \/>\n\t<meta name=\"twitter:label2\" content=\"Tiempo de lectura\" \/>\n\t<meta name=\"twitter:data2\" content=\"3 minutos\" \/>\n<script type=\"application\/ld+json\" class=\"yoast-schema-graph\">{\"@context\":\"https:\/\/schema.org\",\"@graph\":[{\"@type\":\"Article\",\"@id\":\"https:\/\/www.cric-colombia.org\/portal\/pronunciamiento-publico-resguardo-kwwth-kina\/#article\",\"isPartOf\":{\"@id\":\"https:\/\/www.cric-colombia.org\/portal\/pronunciamiento-publico-resguardo-kwwth-kina\/\"},\"author\":{\"name\":\"Comunicaciones CRIC\",\"@id\":\"https:\/\/www.cric-colombia.org\/portal\/#\/schema\/person\/ab3a3099267de33d55f74f34ba201931\"},\"headline\":\"Pronunciamiento Kwwth Ki\u2019na: joven de 20 a\u00f1os asesinado por la Columna M\u00f3vil Dagoberto\",\"datePublished\":\"2023-01-03T22:41:18+00:00\",\"dateModified\":\"2023-01-03T22:57:08+00:00\",\"mainEntityOfPage\":{\"@id\":\"https:\/\/www.cric-colombia.org\/portal\/pronunciamiento-publico-resguardo-kwwth-kina\/\"},\"wordCount\":585,\"commentCount\":0,\"publisher\":{\"@id\":\"https:\/\/www.cric-colombia.org\/portal\/#organization\"},\"keywords\":[\"#Caldono\",\"asesinato\"],\"articleSection\":[\"Actualidad Ind\u00edgena del Cauca\"],\"inLanguage\":\"es\",\"potentialAction\":[{\"@type\":\"CommentAction\",\"name\":\"Comment\",\"target\":[\"https:\/\/www.cric-colombia.org\/portal\/pronunciamiento-publico-resguardo-kwwth-kina\/#respond\"]}]},{\"@type\":\"WebPage\",\"@id\":\"https:\/\/www.cric-colombia.org\/portal\/pronunciamiento-publico-resguardo-kwwth-kina\/\",\"url\":\"https:\/\/www.cric-colombia.org\/portal\/pronunciamiento-publico-resguardo-kwwth-kina\/\",\"name\":\"Pronunciamiento Kwwth Ki\u2019na: joven de 20 a\u00f1os asesinado por la Columna M\u00f3vil Dagoberto - Consejo Regional Ind\u00edgena del Cauca - CRIC\",\"isPartOf\":{\"@id\":\"https:\/\/www.cric-colombia.org\/portal\/#website\"},\"datePublished\":\"2023-01-03T22:41:18+00:00\",\"dateModified\":\"2023-01-03T22:57:08+00:00\",\"breadcrumb\":{\"@id\":\"https:\/\/www.cric-colombia.org\/portal\/pronunciamiento-publico-resguardo-kwwth-kina\/#breadcrumb\"},\"inLanguage\":\"es\",\"potentialAction\":[{\"@type\":\"ReadAction\",\"target\":[\"https:\/\/www.cric-colombia.org\/portal\/pronunciamiento-publico-resguardo-kwwth-kina\/\"]}]},{\"@type\":\"BreadcrumbList\",\"@id\":\"https:\/\/www.cric-colombia.org\/portal\/pronunciamiento-publico-resguardo-kwwth-kina\/#breadcrumb\",\"itemListElement\":[{\"@type\":\"ListItem\",\"position\":1,\"name\":\"Portada\",\"item\":\"https:\/\/www.cric-colombia.org\/portal\/\"},{\"@type\":\"ListItem\",\"position\":2,\"name\":\"Pronunciamiento Kwwth Ki\u2019na: joven de 20 a\u00f1os asesinado por la Columna M\u00f3vil Dagoberto\"}]},{\"@type\":\"WebSite\",\"@id\":\"https:\/\/www.cric-colombia.org\/portal\/#website\",\"url\":\"https:\/\/www.cric-colombia.org\/portal\/\",\"name\":\"Consejo Regional Ind\u00edgena del Cauca - CRIC\",\"description\":\"P\u00e1gina oficial del Consejo Regional Ind\u00edgena del Cauca, Colombia\",\"publisher\":{\"@id\":\"https:\/\/www.cric-colombia.org\/portal\/#organization\"},\"potentialAction\":[{\"@type\":\"SearchAction\",\"target\":{\"@type\":\"EntryPoint\",\"urlTemplate\":\"https:\/\/www.cric-colombia.org\/portal\/?s={search_term_string}\"},\"query-input\":\"required name=search_term_string\"}],\"inLanguage\":\"es\"},{\"@type\":\"Organization\",\"@id\":\"https:\/\/www.cric-colombia.org\/portal\/#organization\",\"name\":\"Consejo Regional Ind\u00edgena del Cauca\",\"url\":\"https:\/\/www.cric-colombia.org\/portal\/\",\"logo\":{\"@type\":\"ImageObject\",\"inLanguage\":\"es\",\"@id\":\"https:\/\/www.cric-colombia.org\/portal\/#\/schema\/logo\/image\/\",\"url\":\"https:\/\/www.cric-colombia.org\/portal\/wp-content\/uploads\/2015\/08\/logo_cric.jpg\",\"contentUrl\":\"https:\/\/www.cric-colombia.org\/portal\/wp-content\/uploads\/2015\/08\/logo_cric.jpg\",\"width\":512,\"height\":512,\"caption\":\"Consejo Regional Ind\u00edgena del Cauca\"},\"image\":{\"@id\":\"https:\/\/www.cric-colombia.org\/portal\/#\/schema\/logo\/image\/\"},\"sameAs\":[\"https:\/\/www.facebook.com\/cric.colombia\/\",\"https:\/\/twitter.com\/CRIC_Cauca\"]},{\"@type\":\"Person\",\"@id\":\"https:\/\/www.cric-colombia.org\/portal\/#\/schema\/person\/ab3a3099267de33d55f74f34ba201931\",\"name\":\"Comunicaciones CRIC\",\"image\":{\"@type\":\"ImageObject\",\"inLanguage\":\"es\",\"@id\":\"https:\/\/www.cric-colombia.org\/portal\/#\/schema\/person\/image\/\",\"url\":\"https:\/\/secure.gravatar.com\/avatar\/a8d1a6cfcb82a80d09dafefdcc3dcc8a?s=96&d=retro&r=g\",\"contentUrl\":\"https:\/\/secure.gravatar.com\/avatar\/a8d1a6cfcb82a80d09dafefdcc3dcc8a?s=96&d=retro&r=g\",\"caption\":\"Comunicaciones CRIC\"},\"url\":\"https:\/\/www.cric-colombia.org\/portal\/author\/comunicaciones\/\"}]}<\/script>\n<!-- \/ Yoast SEO plugin. -->","yoast_head_json":{"title":"Pronunciamiento Kwwth Ki\u2019na: joven de 20 a\u00f1os asesinado por la Columna M\u00f3vil Dagoberto - Consejo Regional Ind\u00edgena del Cauca - CRIC","robots":{"index":"index","follow":"follow","max-snippet":"max-snippet:-1","max-image-preview":"max-image-preview:large","max-video-preview":"max-video-preview:-1"},"canonical":"https:\/\/www.cric-colombia.org\/portal\/pronunciamiento-publico-resguardo-kwwth-kina\/","og_locale":"es_ES","og_type":"article","og_title":"Pronunciamiento Kwwth Ki\u2019na: joven de 20 a\u00f1os asesinado por la Columna M\u00f3vil Dagoberto - Consejo Regional Ind\u00edgena del Cauca - CRIC","og_description":"03\/01\/2023 PRONUNCIAMIENTO P\u00daBLICO Nuevamente escribimos estas palabras para rechazar la muerte de todas las maneras posibles. Hemos dicho que la violencia se debe rechazar venga de donde venga y que la muerte no se debe seguir imponiendo en nuestro resguardo y territorio. En tan solo 3 d\u00edas de lo corrido del a\u00f1o 2023, tuvimos que","og_url":"https:\/\/www.cric-colombia.org\/portal\/pronunciamiento-publico-resguardo-kwwth-kina\/","og_site_name":"Consejo Regional Ind\u00edgena del Cauca - CRIC","article_publisher":"https:\/\/www.facebook.com\/cric.colombia\/","article_published_time":"2023-01-03T22:41:18+00:00","article_modified_time":"2023-01-03T22:57:08+00:00","og_image":[{"width":580,"height":540,"url":"https:\/\/www.cric-colombia.org\/portal\/wp-content\/uploads\/2022\/08\/logo-so\u00b4pis.png","type":"image\/png"}],"author":"Comunicaciones CRIC","twitter_card":"summary_large_image","twitter_creator":"@CRIC_Cauca","twitter_site":"@CRIC_Cauca","twitter_misc":{"Escrito por":"Comunicaciones CRIC","Tiempo de lectura":"3 minutos"},"schema":{"@context":"https:\/\/schema.org","@graph":[{"@type":"Article","@id":"https:\/\/www.cric-colombia.org\/portal\/pronunciamiento-publico-resguardo-kwwth-kina\/#article","isPartOf":{"@id":"https:\/\/www.cric-colombia.org\/portal\/pronunciamiento-publico-resguardo-kwwth-kina\/"},"author":{"name":"Comunicaciones CRIC","@id":"https:\/\/www.cric-colombia.org\/portal\/#\/schema\/person\/ab3a3099267de33d55f74f34ba201931"},"headline":"Pronunciamiento Kwwth Ki\u2019na: joven de 20 a\u00f1os asesinado por la Columna M\u00f3vil Dagoberto","datePublished":"2023-01-03T22:41:18+00:00","dateModified":"2023-01-03T22:57:08+00:00","mainEntityOfPage":{"@id":"https:\/\/www.cric-colombia.org\/portal\/pronunciamiento-publico-resguardo-kwwth-kina\/"},"wordCount":585,"commentCount":0,"publisher":{"@id":"https:\/\/www.cric-colombia.org\/portal\/#organization"},"keywords":["#Caldono","asesinato"],"articleSection":["Actualidad Ind\u00edgena del Cauca"],"inLanguage":"es","potentialAction":[{"@type":"CommentAction","name":"Comment","target":["https:\/\/www.cric-colombia.org\/portal\/pronunciamiento-publico-resguardo-kwwth-kina\/#respond"]}]},{"@type":"WebPage","@id":"https:\/\/www.cric-colombia.org\/portal\/pronunciamiento-publico-resguardo-kwwth-kina\/","url":"https:\/\/www.cric-colombia.org\/portal\/pronunciamiento-publico-resguardo-kwwth-kina\/","name":"Pronunciamiento Kwwth Ki\u2019na: joven de 20 a\u00f1os asesinado por la Columna M\u00f3vil Dagoberto - Consejo Regional Ind\u00edgena del Cauca - CRIC","isPartOf":{"@id":"https:\/\/www.cric-colombia.org\/portal\/#website"},"datePublished":"2023-01-03T22:41:18+00:00","dateModified":"2023-01-03T22:57:08+00:00","breadcrumb":{"@id":"https:\/\/www.cric-colombia.org\/portal\/pronunciamiento-publico-resguardo-kwwth-kina\/#breadcrumb"},"inLanguage":"es","potentialAction":[{"@type":"ReadAction","target":["https:\/\/www.cric-colombia.org\/portal\/pronunciamiento-publico-resguardo-kwwth-kina\/"]}]},{"@type":"BreadcrumbList","@id":"https:\/\/www.cric-colombia.org\/portal\/pronunciamiento-publico-resguardo-kwwth-kina\/#breadcrumb","itemListElement":[{"@type":"ListItem","position":1,"name":"Portada","item":"https:\/\/www.cric-colombia.org\/portal\/"},{"@type":"ListItem","position":2,"name":"Pronunciamiento Kwwth Ki\u2019na: joven de 20 a\u00f1os asesinado por la Columna M\u00f3vil Dagoberto"}]},{"@type":"WebSite","@id":"https:\/\/www.cric-colombia.org\/portal\/#website","url":"https:\/\/www.cric-colombia.org\/portal\/","name":"Consejo Regional Ind\u00edgena del Cauca - CRIC","description":"P\u00e1gina oficial del Consejo Regional Ind\u00edgena del Cauca, Colombia","publisher":{"@id":"https:\/\/www.cric-colombia.org\/portal\/#organization"},"potentialAction":[{"@type":"SearchAction","target":{"@type":"EntryPoint","urlTemplate":"https:\/\/www.cric-colombia.org\/portal\/?s={search_term_string}"},"query-input":"required name=search_term_string"}],"inLanguage":"es"},{"@type":"Organization","@id":"https:\/\/www.cric-colombia.org\/portal\/#organization","name":"Consejo Regional Ind\u00edgena del Cauca","url":"https:\/\/www.cric-colombia.org\/portal\/","logo":{"@type":"ImageObject","inLanguage":"es","@id":"https:\/\/www.cric-colombia.org\/portal\/#\/schema\/logo\/image\/","url":"https:\/\/www.cric-colombia.org\/portal\/wp-content\/uploads\/2015\/08\/logo_cric.jpg","contentUrl":"https:\/\/www.cric-colombia.org\/portal\/wp-content\/uploads\/2015\/08\/logo_cric.jpg","width":512,"height":512,"caption":"Consejo Regional Ind\u00edgena del Cauca"},"image":{"@id":"https:\/\/www.cric-colombia.org\/portal\/#\/schema\/logo\/image\/"},"sameAs":["https:\/\/www.facebook.com\/cric.colombia\/","https:\/\/twitter.com\/CRIC_Cauca"]},{"@type":"Person","@id":"https:\/\/www.cric-colombia.org\/portal\/#\/schema\/person\/ab3a3099267de33d55f74f34ba201931","name":"Comunicaciones CRIC","image":{"@type":"ImageObject","inLanguage":"es","@id":"https:\/\/www.cric-colombia.org\/portal\/#\/schema\/person\/image\/","url":"https:\/\/secure.gravatar.com\/avatar\/a8d1a6cfcb82a80d09dafefdcc3dcc8a?s=96&d=retro&r=g","contentUrl":"https:\/\/secure.gravatar.com\/avatar\/a8d1a6cfcb82a80d09dafefdcc3dcc8a?s=96&d=retro&r=g","caption":"Comunicaciones CRIC"},"url":"https:\/\/www.cric-colombia.org\/portal\/author\/comunicaciones\/"}]}},"jetpack_featured_media_url":"https:\/\/www.cric-colombia.org\/portal\/wp-content\/uploads\/2022\/08\/logo-so\u00b4pis.png","_links":{"self":[{"href":"https:\/\/www.cric-colombia.org\/portal\/wp-json\/wp\/v2\/posts\/36227"}],"collection":[{"href":"https:\/\/www.cric-colombia.org\/portal\/wp-json\/wp\/v2\/posts"}],"about":[{"href":"https:\/\/www.cric-colombia.org\/portal\/wp-json\/wp\/v2\/types\/post"}],"author":[{"embeddable":true,"href":"https:\/\/www.cric-colombia.org\/portal\/wp-json\/wp\/v2\/users\/6"}],"replies":[{"embeddable":true,"href":"https:\/\/www.cric-colombia.org\/portal\/wp-json\/wp\/v2\/comments?post=36227"}],"version-history":[{"count":3,"href":"https:\/\/www.cric-colombia.org\/portal\/wp-json\/wp\/v2\/posts\/36227\/revisions"}],"predecessor-version":[{"id":36230,"href":"https:\/\/www.cric-colombia.org\/portal\/wp-json\/wp\/v2\/posts\/36227\/revisions\/36230"}],"wp:featuredmedia":[{"embeddable":true,"href":"https:\/\/www.cric-colombia.org\/portal\/wp-json\/wp\/v2\/media\/34954"}],"wp:attachment":[{"href":"https:\/\/www.cric-colombia.org\/portal\/wp-json\/wp\/v2\/media?parent=36227"}],"wp:term":[{"taxonomy":"category","embeddable":true,"href":"https:\/\/www.cric-colombia.org\/portal\/wp-json\/wp\/v2\/categories?post=36227"},{"taxonomy":"post_tag","embeddable":true,"href":"https:\/\/www.cric-colombia.org\/portal\/wp-json\/wp\/v2\/tags?post=36227"}],"curies":[{"name":"wp","href":"https:\/\/api.w.org\/{rel}","templated":true}]}}