{"id":35111,"date":"2022-08-14T09:35:52","date_gmt":"2022-08-14T14:35:52","guid":{"rendered":"https:\/\/www.cric-colombia.org\/portal\/?p=35111"},"modified":"2022-08-14T09:35:52","modified_gmt":"2022-08-14T14:35:52","slug":"alerta-y-denuncia-publica-a-la-comunidad-nacional-e-internacional-2","status":"publish","type":"post","link":"https:\/\/www.cric-colombia.org\/portal\/alerta-y-denuncia-publica-a-la-comunidad-nacional-e-internacional-2\/","title":{"rendered":"ALERTA Y DENUNCIA P\u00daBLICA A LA COMUNIDAD NACIONAL E INTERNACIONAL"},"content":{"rendered":"<p>Las (139) Autoridades Tradicionales del Consejo Regional Ind\u00edgena del Cauca CRIC &#8211; NACIONAL pertenecientes a 11 Pueblos: Ampiuille, Polindara, Nasa, Misak, Epedara- Siapidara, Yanakuna, Totoro\u00e9z, Embera, Kokonuco, Kisgo e Inga de manera conjunta <strong>DENUNCIAMOS <\/strong>la grave situaci\u00f3n de vulneraci\u00f3n de los derechos individuales y colectivos en los territorios ind\u00edgenas y <strong>ALERTAMOS<\/strong> la grave infracci\u00f3n al derecho internacional humanitario y violaci\u00f3n a los derechos humanos contra nuestros pueblos ind\u00edgenas por parte de grupos armados ilegales.<\/p>\n<p>Las actuaciones y posiciones de estos grupos armados de <strong>NO<\/strong> aceptar nuestras propias din\u00e1micas pol\u00edticas, jur\u00eddicas, culturales y territoriales, son causas estructurales de la violaci\u00f3n a los derechos fundamentales, ya que somos amenazados, se\u00f1alados, estigmatizados, asesinados, desplazados forzadamente y nuestros ni\u00f1os, ni\u00f1as, adolescentes reclutados para la guerra, profundizando el exterminio f\u00edsico y cultural de los pueblos originarios en el Cauca.<\/p>\n<p>De acuerdo al comunicado de la zona Sath Tama Kiwe, se presentan los siguientes hechos:<\/p>\n<ol>\n<li>Desde el d\u00eda 10 de agosto de 2022, se evidencia la presencia de actores armados del grupo autodenominado \u201cComando Coordinador de Occidente; columna M\u00f3vil Jaime Mart\u00ednez, la Columna M\u00f3vil Dagoberto Ramos de las FARC-EP\u201d y militantes del Ej\u00e9rcito de Liberaci\u00f3n Nacional &#8211; ELN, quienes emiten advertencias a la comunidad, exponiendo que permanecer\u00e1n vigilando las actividades que se desarrollen en torno al carnaval de Caldono.<\/li>\n<li>Asimismo, v\u00eda whatsapp llegan AMENAZAS de muerte al consejero mayor del CRIC Alfonso Diaz Nene y contra Autoridades, ex Autoridades del Territorio Sath Tama Kiwe, el se\u00f1or Lorenzo Piamba, Ovidio Hurtado y otros, amenazas dirigidas a desplegar escenarios de guerra y muerte para nuestros lideres y lideresas.<\/li>\n<li>La fuerza p\u00fablica tambi\u00e9n hace presencia en el territorio, incrementando el riesgo para la comunidad ind\u00edgena y la poblaci\u00f3n civil.<\/li>\n<\/ol>\n<p>Los anteriores hechos presentados demuestran la dif\u00edcil situaci\u00f3n de abandono estatal, por tanto,<strong> DENUNCIAMOS y RECHAZAMOS <\/strong>la precaria pol\u00edtica para la defensa de los derechos humanos y la protecci\u00f3n de los pueblos ind\u00edgenas, que profundizan las desarmon\u00edas en los territorios, desestabilizando los procesos organizativos y la autonom\u00eda de los pueblos originarios en el Cauca.<\/p>\n<p>Hacemos un llamado urgente a las entidades del ministerio p\u00fablico; a los organismos defensores de derechos humanos nacionales e internacionales MAPP-OEA, ONU, CIDH, para realizar acciones que obliguen al gobierno nacional, departamental y local a asumir su responsabilidad constitucional para la salvaguardar la integridad de los pueblos ind\u00edgenas, generando acciones inmediatas frente a cualquier riesgo y que coadyuven en coordinaci\u00f3n con la jurisdicci\u00f3n especial ind\u00edgena a generar pol\u00edticas de protecci\u00f3n, medidas y procedimientos efectivos, para la prevenci\u00f3n, atenci\u00f3n ante los hechos que se presentan en los territorios ancestrales del CRIC.<\/p>\n<p>Acciones concretas por parte del Gobierno Nacional\u00a0 como el cumplimiento de la Sentencia de Tutela N\u00b0191374089001-2021-00113-00 emitida por el Juzgado Promiscuo Municipal de Caldono, que otorga medidas de protecci\u00f3n colectiva \u00a0en favor de la comunidad y territorio Sath Tama Kiwe, en consecuencia el cumplimiento del Auto 004 del 2009, que ampl\u00eda el marco de protecci\u00f3n constitucional para 32 pueblos ind\u00edgenas del pa\u00eds, entre ellos el Pueblo Nasa como sujeto de especial protecci\u00f3n por el riesgo de exterminio f\u00edsico en el conflicto armado.<\/p>\n<p>Finalmente, queremos expresar una vez m\u00e1s que las comunidades ind\u00edgenas somos cuidadoras de la vida, de los derechos individuales\/colectivos y la armon\u00eda territorial, no compartimos con las acciones de grupos armados legales e irregulares que vulneran los derechos humanos y DIH, por lo cual la posici\u00f3n de nuestras comunidades es el retiro de todo grupo armado del territorio.<\/p>\n<p><strong>Alertamos que, el atentado contra el cuerpo, la vida de las y los comuneros, es un atentado contra la pervivencia de los pueblos ind\u00edgenas y la madre tierra.<\/strong><\/p>\n<p><strong>CONSEJO REGIONAL INDIGENA DEL CAUCA CRIC<\/strong><\/p>\n<p><strong>DEFENSA DE LA VIDA Y LOS DERECHOS HUMANOS<\/strong><\/p>\n<p><strong>POPAY\u00c1N-CAUCA, 13 DE AGOSTO DE 2022<\/strong><\/p>\n<p>&nbsp;<\/p>\n<p>&nbsp;<\/p>\n","protected":false},"excerpt":{"rendered":"<p>Las (139) Autoridades Tradicionales del Consejo Regional Ind\u00edgena del Cauca CRIC &#8211; NACIONAL pertenecientes a 11 Pueblos: Ampiuille, Polindara, Nasa, Misak, Epedara- Siapidara, Yanakuna, Totoro\u00e9z, Embera, Kokonuco, Kisgo e Inga de manera conjunta DENUNCIAMOS la grave situaci\u00f3n de vulneraci\u00f3n de los derechos individuales y colectivos en los territorios ind\u00edgenas y ALERTAMOS la grave infracci\u00f3n al <\/p>\n","protected":false},"author":6,"featured_media":33459,"comment_status":"open","ping_status":"open","sticky":false,"template":"","format":"standard","meta":{"footnotes":""},"categories":[3,109,19],"tags":[47,89,198,189],"yoast_head":"<!-- This site is optimized with the Yoast SEO plugin v20.12 - https:\/\/yoast.com\/wordpress\/plugins\/seo\/ -->\n<title>ALERTA Y DENUNCIA P\u00daBLICA A LA COMUNIDAD NACIONAL E INTERNACIONAL - Consejo Regional Ind\u00edgena del Cauca - CRIC<\/title>\n<meta name=\"description\" content=\"Aparecen nuevas amenzas contra lideres del Consejo regional Indigena del Cauca, CRIC, esta vez, en Caldono, disidencias, arremeten contra el consejero mayor, Diaz y otros lideres del territorio Sasth Tama Kiwe.\" \/>\n<meta name=\"robots\" content=\"index, follow, max-snippet:-1, max-image-preview:large, max-video-preview:-1\" \/>\n<link rel=\"canonical\" href=\"https:\/\/www.cric-colombia.org\/portal\/alerta-y-denuncia-publica-a-la-comunidad-nacional-e-internacional-2\/\" \/>\n<meta property=\"og:locale\" content=\"es_ES\" \/>\n<meta property=\"og:type\" content=\"article\" \/>\n<meta property=\"og:title\" content=\"ALERTA Y DENUNCIA P\u00daBLICA A LA COMUNIDAD NACIONAL E INTERNACIONAL - Consejo Regional Ind\u00edgena del Cauca - CRIC\" \/>\n<meta property=\"og:description\" content=\"Aparecen nuevas amenzas contra lideres del Consejo regional Indigena del Cauca, CRIC, esta vez, en Caldono, disidencias, arremeten contra el consejero mayor, Diaz y otros lideres del territorio Sasth Tama Kiwe.\" \/>\n<meta property=\"og:url\" content=\"https:\/\/www.cric-colombia.org\/portal\/alerta-y-denuncia-publica-a-la-comunidad-nacional-e-internacional-2\/\" \/>\n<meta property=\"og:site_name\" content=\"Consejo Regional Ind\u00edgena del Cauca - CRIC\" \/>\n<meta property=\"article:publisher\" content=\"https:\/\/www.facebook.com\/cric.colombia\/\" \/>\n<meta property=\"article:published_time\" content=\"2022-08-14T14:35:52+00:00\" \/>\n<meta property=\"og:image\" content=\"https:\/\/www.cric-colombia.org\/portal\/wp-content\/uploads\/2022\/02\/logo-del-CRIC-20000000-1.png\" \/>\n\t<meta property=\"og:image:width\" content=\"500\" \/>\n\t<meta property=\"og:image:height\" content=\"402\" \/>\n\t<meta property=\"og:image:type\" content=\"image\/png\" \/>\n<meta name=\"author\" content=\"Comunicaciones CRIC\" \/>\n<meta name=\"twitter:card\" content=\"summary_large_image\" \/>\n<meta name=\"twitter:creator\" content=\"@CRIC_Cauca\" \/>\n<meta name=\"twitter:site\" content=\"@CRIC_Cauca\" \/>\n<meta name=\"twitter:label1\" content=\"Escrito por\" \/>\n\t<meta name=\"twitter:data1\" content=\"Comunicaciones CRIC\" \/>\n\t<meta name=\"twitter:label2\" content=\"Tiempo de lectura\" \/>\n\t<meta name=\"twitter:data2\" content=\"3 minutos\" \/>\n<script type=\"application\/ld+json\" class=\"yoast-schema-graph\">{\"@context\":\"https:\/\/schema.org\",\"@graph\":[{\"@type\":\"Article\",\"@id\":\"https:\/\/www.cric-colombia.org\/portal\/alerta-y-denuncia-publica-a-la-comunidad-nacional-e-internacional-2\/#article\",\"isPartOf\":{\"@id\":\"https:\/\/www.cric-colombia.org\/portal\/alerta-y-denuncia-publica-a-la-comunidad-nacional-e-internacional-2\/\"},\"author\":{\"name\":\"Comunicaciones CRIC\",\"@id\":\"https:\/\/www.cric-colombia.org\/portal\/#\/schema\/person\/ab3a3099267de33d55f74f34ba201931\"},\"headline\":\"ALERTA Y DENUNCIA P\u00daBLICA A LA COMUNIDAD NACIONAL E INTERNACIONAL\",\"datePublished\":\"2022-08-14T14:35:52+00:00\",\"dateModified\":\"2022-08-14T14:35:52+00:00\",\"mainEntityOfPage\":{\"@id\":\"https:\/\/www.cric-colombia.org\/portal\/alerta-y-denuncia-publica-a-la-comunidad-nacional-e-internacional-2\/\"},\"wordCount\":678,\"commentCount\":0,\"publisher\":{\"@id\":\"https:\/\/www.cric-colombia.org\/portal\/#organization\"},\"keywords\":[\"Amenazas a Lideres ind\u00edgenas del Cauca\",\"cauca\",\"comunicado\",\"CONSEJO REGIONAL INDIGENA DEL CAUCA CRIC\"],\"articleSection\":[\"Actualidad Ind\u00edgena del Cauca\",\"Boletines de prensa Consejo Regional Ind\u00edgena del Cauca\",\"Comunicados de prensa\"],\"inLanguage\":\"es\",\"potentialAction\":[{\"@type\":\"CommentAction\",\"name\":\"Comment\",\"target\":[\"https:\/\/www.cric-colombia.org\/portal\/alerta-y-denuncia-publica-a-la-comunidad-nacional-e-internacional-2\/#respond\"]}]},{\"@type\":\"WebPage\",\"@id\":\"https:\/\/www.cric-colombia.org\/portal\/alerta-y-denuncia-publica-a-la-comunidad-nacional-e-internacional-2\/\",\"url\":\"https:\/\/www.cric-colombia.org\/portal\/alerta-y-denuncia-publica-a-la-comunidad-nacional-e-internacional-2\/\",\"name\":\"ALERTA Y DENUNCIA P\u00daBLICA A LA COMUNIDAD NACIONAL E INTERNACIONAL - Consejo Regional Ind\u00edgena del Cauca - CRIC\",\"isPartOf\":{\"@id\":\"https:\/\/www.cric-colombia.org\/portal\/#website\"},\"datePublished\":\"2022-08-14T14:35:52+00:00\",\"dateModified\":\"2022-08-14T14:35:52+00:00\",\"description\":\"Aparecen nuevas amenzas contra lideres del Consejo regional Indigena del Cauca, CRIC, esta vez, en Caldono, disidencias, arremeten contra el consejero mayor, Diaz y otros lideres del territorio Sasth Tama Kiwe.\",\"breadcrumb\":{\"@id\":\"https:\/\/www.cric-colombia.org\/portal\/alerta-y-denuncia-publica-a-la-comunidad-nacional-e-internacional-2\/#breadcrumb\"},\"inLanguage\":\"es\",\"potentialAction\":[{\"@type\":\"ReadAction\",\"target\":[\"https:\/\/www.cric-colombia.org\/portal\/alerta-y-denuncia-publica-a-la-comunidad-nacional-e-internacional-2\/\"]}]},{\"@type\":\"BreadcrumbList\",\"@id\":\"https:\/\/www.cric-colombia.org\/portal\/alerta-y-denuncia-publica-a-la-comunidad-nacional-e-internacional-2\/#breadcrumb\",\"itemListElement\":[{\"@type\":\"ListItem\",\"position\":1,\"name\":\"Portada\",\"item\":\"https:\/\/www.cric-colombia.org\/portal\/\"},{\"@type\":\"ListItem\",\"position\":2,\"name\":\"ALERTA Y DENUNCIA P\u00daBLICA A LA COMUNIDAD NACIONAL E INTERNACIONAL\"}]},{\"@type\":\"WebSite\",\"@id\":\"https:\/\/www.cric-colombia.org\/portal\/#website\",\"url\":\"https:\/\/www.cric-colombia.org\/portal\/\",\"name\":\"Consejo Regional Ind\u00edgena del Cauca - CRIC\",\"description\":\"P\u00e1gina oficial del Consejo Regional Ind\u00edgena del Cauca, Colombia\",\"publisher\":{\"@id\":\"https:\/\/www.cric-colombia.org\/portal\/#organization\"},\"potentialAction\":[{\"@type\":\"SearchAction\",\"target\":{\"@type\":\"EntryPoint\",\"urlTemplate\":\"https:\/\/www.cric-colombia.org\/portal\/?s={search_term_string}\"},\"query-input\":\"required name=search_term_string\"}],\"inLanguage\":\"es\"},{\"@type\":\"Organization\",\"@id\":\"https:\/\/www.cric-colombia.org\/portal\/#organization\",\"name\":\"Consejo Regional Ind\u00edgena del Cauca\",\"url\":\"https:\/\/www.cric-colombia.org\/portal\/\",\"logo\":{\"@type\":\"ImageObject\",\"inLanguage\":\"es\",\"@id\":\"https:\/\/www.cric-colombia.org\/portal\/#\/schema\/logo\/image\/\",\"url\":\"https:\/\/www.cric-colombia.org\/portal\/wp-content\/uploads\/2015\/08\/logo_cric.jpg\",\"contentUrl\":\"https:\/\/www.cric-colombia.org\/portal\/wp-content\/uploads\/2015\/08\/logo_cric.jpg\",\"width\":512,\"height\":512,\"caption\":\"Consejo Regional Ind\u00edgena del Cauca\"},\"image\":{\"@id\":\"https:\/\/www.cric-colombia.org\/portal\/#\/schema\/logo\/image\/\"},\"sameAs\":[\"https:\/\/www.facebook.com\/cric.colombia\/\",\"https:\/\/twitter.com\/CRIC_Cauca\"]},{\"@type\":\"Person\",\"@id\":\"https:\/\/www.cric-colombia.org\/portal\/#\/schema\/person\/ab3a3099267de33d55f74f34ba201931\",\"name\":\"Comunicaciones CRIC\",\"image\":{\"@type\":\"ImageObject\",\"inLanguage\":\"es\",\"@id\":\"https:\/\/www.cric-colombia.org\/portal\/#\/schema\/person\/image\/\",\"url\":\"https:\/\/secure.gravatar.com\/avatar\/a8d1a6cfcb82a80d09dafefdcc3dcc8a?s=96&d=retro&r=g\",\"contentUrl\":\"https:\/\/secure.gravatar.com\/avatar\/a8d1a6cfcb82a80d09dafefdcc3dcc8a?s=96&d=retro&r=g\",\"caption\":\"Comunicaciones CRIC\"},\"url\":\"https:\/\/www.cric-colombia.org\/portal\/author\/comunicaciones\/\"}]}<\/script>\n<!-- \/ Yoast SEO plugin. -->","yoast_head_json":{"title":"ALERTA Y DENUNCIA P\u00daBLICA A LA COMUNIDAD NACIONAL E INTERNACIONAL - Consejo Regional Ind\u00edgena del Cauca - CRIC","description":"Aparecen nuevas amenzas contra lideres del Consejo regional Indigena del Cauca, CRIC, esta vez, en Caldono, disidencias, arremeten contra el consejero mayor, Diaz y otros lideres del territorio Sasth Tama Kiwe.","robots":{"index":"index","follow":"follow","max-snippet":"max-snippet:-1","max-image-preview":"max-image-preview:large","max-video-preview":"max-video-preview:-1"},"canonical":"https:\/\/www.cric-colombia.org\/portal\/alerta-y-denuncia-publica-a-la-comunidad-nacional-e-internacional-2\/","og_locale":"es_ES","og_type":"article","og_title":"ALERTA Y DENUNCIA P\u00daBLICA A LA COMUNIDAD NACIONAL E INTERNACIONAL - Consejo Regional Ind\u00edgena del Cauca - CRIC","og_description":"Aparecen nuevas amenzas contra lideres del Consejo regional Indigena del Cauca, CRIC, esta vez, en Caldono, disidencias, arremeten contra el consejero mayor, Diaz y otros lideres del territorio Sasth Tama Kiwe.","og_url":"https:\/\/www.cric-colombia.org\/portal\/alerta-y-denuncia-publica-a-la-comunidad-nacional-e-internacional-2\/","og_site_name":"Consejo Regional Ind\u00edgena del Cauca - CRIC","article_publisher":"https:\/\/www.facebook.com\/cric.colombia\/","article_published_time":"2022-08-14T14:35:52+00:00","og_image":[{"width":500,"height":402,"url":"https:\/\/www.cric-colombia.org\/portal\/wp-content\/uploads\/2022\/02\/logo-del-CRIC-20000000-1.png","type":"image\/png"}],"author":"Comunicaciones CRIC","twitter_card":"summary_large_image","twitter_creator":"@CRIC_Cauca","twitter_site":"@CRIC_Cauca","twitter_misc":{"Escrito por":"Comunicaciones CRIC","Tiempo de lectura":"3 minutos"},"schema":{"@context":"https:\/\/schema.org","@graph":[{"@type":"Article","@id":"https:\/\/www.cric-colombia.org\/portal\/alerta-y-denuncia-publica-a-la-comunidad-nacional-e-internacional-2\/#article","isPartOf":{"@id":"https:\/\/www.cric-colombia.org\/portal\/alerta-y-denuncia-publica-a-la-comunidad-nacional-e-internacional-2\/"},"author":{"name":"Comunicaciones CRIC","@id":"https:\/\/www.cric-colombia.org\/portal\/#\/schema\/person\/ab3a3099267de33d55f74f34ba201931"},"headline":"ALERTA Y DENUNCIA P\u00daBLICA A LA COMUNIDAD NACIONAL E INTERNACIONAL","datePublished":"2022-08-14T14:35:52+00:00","dateModified":"2022-08-14T14:35:52+00:00","mainEntityOfPage":{"@id":"https:\/\/www.cric-colombia.org\/portal\/alerta-y-denuncia-publica-a-la-comunidad-nacional-e-internacional-2\/"},"wordCount":678,"commentCount":0,"publisher":{"@id":"https:\/\/www.cric-colombia.org\/portal\/#organization"},"keywords":["Amenazas a Lideres ind\u00edgenas del Cauca","cauca","comunicado","CONSEJO REGIONAL INDIGENA DEL CAUCA CRIC"],"articleSection":["Actualidad Ind\u00edgena del Cauca","Boletines de prensa Consejo Regional Ind\u00edgena del Cauca","Comunicados de prensa"],"inLanguage":"es","potentialAction":[{"@type":"CommentAction","name":"Comment","target":["https:\/\/www.cric-colombia.org\/portal\/alerta-y-denuncia-publica-a-la-comunidad-nacional-e-internacional-2\/#respond"]}]},{"@type":"WebPage","@id":"https:\/\/www.cric-colombia.org\/portal\/alerta-y-denuncia-publica-a-la-comunidad-nacional-e-internacional-2\/","url":"https:\/\/www.cric-colombia.org\/portal\/alerta-y-denuncia-publica-a-la-comunidad-nacional-e-internacional-2\/","name":"ALERTA Y DENUNCIA P\u00daBLICA A LA COMUNIDAD NACIONAL E INTERNACIONAL - Consejo Regional Ind\u00edgena del Cauca - CRIC","isPartOf":{"@id":"https:\/\/www.cric-colombia.org\/portal\/#website"},"datePublished":"2022-08-14T14:35:52+00:00","dateModified":"2022-08-14T14:35:52+00:00","description":"Aparecen nuevas amenzas contra lideres del Consejo regional Indigena del Cauca, CRIC, esta vez, en Caldono, disidencias, arremeten contra el consejero mayor, Diaz y otros lideres del territorio Sasth Tama Kiwe.","breadcrumb":{"@id":"https:\/\/www.cric-colombia.org\/portal\/alerta-y-denuncia-publica-a-la-comunidad-nacional-e-internacional-2\/#breadcrumb"},"inLanguage":"es","potentialAction":[{"@type":"ReadAction","target":["https:\/\/www.cric-colombia.org\/portal\/alerta-y-denuncia-publica-a-la-comunidad-nacional-e-internacional-2\/"]}]},{"@type":"BreadcrumbList","@id":"https:\/\/www.cric-colombia.org\/portal\/alerta-y-denuncia-publica-a-la-comunidad-nacional-e-internacional-2\/#breadcrumb","itemListElement":[{"@type":"ListItem","position":1,"name":"Portada","item":"https:\/\/www.cric-colombia.org\/portal\/"},{"@type":"ListItem","position":2,"name":"ALERTA Y DENUNCIA P\u00daBLICA A LA COMUNIDAD NACIONAL E INTERNACIONAL"}]},{"@type":"WebSite","@id":"https:\/\/www.cric-colombia.org\/portal\/#website","url":"https:\/\/www.cric-colombia.org\/portal\/","name":"Consejo Regional Ind\u00edgena del Cauca - CRIC","description":"P\u00e1gina oficial del Consejo Regional Ind\u00edgena del Cauca, Colombia","publisher":{"@id":"https:\/\/www.cric-colombia.org\/portal\/#organization"},"potentialAction":[{"@type":"SearchAction","target":{"@type":"EntryPoint","urlTemplate":"https:\/\/www.cric-colombia.org\/portal\/?s={search_term_string}"},"query-input":"required name=search_term_string"}],"inLanguage":"es"},{"@type":"Organization","@id":"https:\/\/www.cric-colombia.org\/portal\/#organization","name":"Consejo Regional Ind\u00edgena del Cauca","url":"https:\/\/www.cric-colombia.org\/portal\/","logo":{"@type":"ImageObject","inLanguage":"es","@id":"https:\/\/www.cric-colombia.org\/portal\/#\/schema\/logo\/image\/","url":"https:\/\/www.cric-colombia.org\/portal\/wp-content\/uploads\/2015\/08\/logo_cric.jpg","contentUrl":"https:\/\/www.cric-colombia.org\/portal\/wp-content\/uploads\/2015\/08\/logo_cric.jpg","width":512,"height":512,"caption":"Consejo Regional Ind\u00edgena del Cauca"},"image":{"@id":"https:\/\/www.cric-colombia.org\/portal\/#\/schema\/logo\/image\/"},"sameAs":["https:\/\/www.facebook.com\/cric.colombia\/","https:\/\/twitter.com\/CRIC_Cauca"]},{"@type":"Person","@id":"https:\/\/www.cric-colombia.org\/portal\/#\/schema\/person\/ab3a3099267de33d55f74f34ba201931","name":"Comunicaciones CRIC","image":{"@type":"ImageObject","inLanguage":"es","@id":"https:\/\/www.cric-colombia.org\/portal\/#\/schema\/person\/image\/","url":"https:\/\/secure.gravatar.com\/avatar\/a8d1a6cfcb82a80d09dafefdcc3dcc8a?s=96&d=retro&r=g","contentUrl":"https:\/\/secure.gravatar.com\/avatar\/a8d1a6cfcb82a80d09dafefdcc3dcc8a?s=96&d=retro&r=g","caption":"Comunicaciones CRIC"},"url":"https:\/\/www.cric-colombia.org\/portal\/author\/comunicaciones\/"}]}},"jetpack_featured_media_url":"https:\/\/www.cric-colombia.org\/portal\/wp-content\/uploads\/2022\/02\/logo-del-CRIC-20000000-1.png","_links":{"self":[{"href":"https:\/\/www.cric-colombia.org\/portal\/wp-json\/wp\/v2\/posts\/35111"}],"collection":[{"href":"https:\/\/www.cric-colombia.org\/portal\/wp-json\/wp\/v2\/posts"}],"about":[{"href":"https:\/\/www.cric-colombia.org\/portal\/wp-json\/wp\/v2\/types\/post"}],"author":[{"embeddable":true,"href":"https:\/\/www.cric-colombia.org\/portal\/wp-json\/wp\/v2\/users\/6"}],"replies":[{"embeddable":true,"href":"https:\/\/www.cric-colombia.org\/portal\/wp-json\/wp\/v2\/comments?post=35111"}],"version-history":[{"count":1,"href":"https:\/\/www.cric-colombia.org\/portal\/wp-json\/wp\/v2\/posts\/35111\/revisions"}],"predecessor-version":[{"id":35112,"href":"https:\/\/www.cric-colombia.org\/portal\/wp-json\/wp\/v2\/posts\/35111\/revisions\/35112"}],"wp:featuredmedia":[{"embeddable":true,"href":"https:\/\/www.cric-colombia.org\/portal\/wp-json\/wp\/v2\/media\/33459"}],"wp:attachment":[{"href":"https:\/\/www.cric-colombia.org\/portal\/wp-json\/wp\/v2\/media?parent=35111"}],"wp:term":[{"taxonomy":"category","embeddable":true,"href":"https:\/\/www.cric-colombia.org\/portal\/wp-json\/wp\/v2\/categories?post=35111"},{"taxonomy":"post_tag","embeddable":true,"href":"https:\/\/www.cric-colombia.org\/portal\/wp-json\/wp\/v2\/tags?post=35111"}],"curies":[{"name":"wp","href":"https:\/\/api.w.org\/{rel}","templated":true}]}}