{"id":34380,"date":"2022-05-05T13:08:31","date_gmt":"2022-05-05T18:08:31","guid":{"rendered":"https:\/\/www.cric-colombia.org\/portal\/?p=34380"},"modified":"2022-05-05T15:59:27","modified_gmt":"2022-05-05T20:59:27","slug":"hay-que-desbloquear-el-pais","status":"publish","type":"post","link":"https:\/\/www.cric-colombia.org\/portal\/hay-que-desbloquear-el-pais\/","title":{"rendered":"\u00a1Hay que desbloquear el pa\u00eds!"},"content":{"rendered":"<h2><strong>Un a\u00f1o despu\u00e9s del estallido social comunidad celebra desmonte del peaje de Tunia.<\/strong><\/h2>\n<p><strong>Hace un a\u00f1o, en el marco del estallido social, comunidades campesinas, ind\u00edgenas y urbanas decidieron unir fuerzas para desmontar el peaje de Tunia,<\/strong> en el municipio de Piendamo, Cauca, su prop\u00f3sito fue manifestarse contra la corrupci\u00f3n que este centro de recaudo vial representaba. As\u00ed las cosas, despu\u00e9s de lo sucedido el tres de mayo del a\u00f1o dos mil veintiuno, <strong>estas comunidades volvieron a encontrarse en la v\u00eda panamericana y conmemorar un a\u00f1o de resistencia.<\/strong><\/p>\n<p><strong>En el acto simb\u00f3lico que se realiz\u00f3 en memoria de la uni\u00f3n,<\/strong> de la solidaridad entre comunidades de distintos sectores, \u00a0se record\u00f3 el motivo del desmonte del <strong>peaje de Tunia, que duro m\u00e1s de cuarenta a\u00f1os instalado y que seg\u00fan el consejero mayor del CRIC, Mauricio Capaz,<\/strong><em> \u201cse hab\u00eda convertido en una zona de atraco institucionalizado; ten\u00eda muchas falencias en cuanto a la retribuci\u00f3n de los dineros recolectados, los cuales olvidaron a las comunidades y a las necesidades del sector y por el contrario solo beneficiaba a la empresa privada que en complicidad con el<strong> estado se llevaban los recursos que se ten\u00edan que reinvertir en la deteriorada malla vial<\/strong>\u201d.<\/em><\/p>\n<p><img decoding=\"async\" loading=\"lazy\" class=\"alignnone wp-image-34383\" src=\"https:\/\/www.cric-colombia.org\/portal\/wp-content\/uploads\/2022\/05\/WhatsApp-Image-2022-05-05-at-12.58.28-PM-300x135.jpeg\" alt=\"\" width=\"669\" height=\"301\" srcset=\"https:\/\/www.cric-colombia.org\/portal\/wp-content\/uploads\/2022\/05\/WhatsApp-Image-2022-05-05-at-12.58.28-PM-300x135.jpeg 300w, https:\/\/www.cric-colombia.org\/portal\/wp-content\/uploads\/2022\/05\/WhatsApp-Image-2022-05-05-at-12.58.28-PM-768x345.jpeg 768w, https:\/\/www.cric-colombia.org\/portal\/wp-content\/uploads\/2022\/05\/WhatsApp-Image-2022-05-05-at-12.58.28-PM-1024x460.jpeg 1024w, https:\/\/www.cric-colombia.org\/portal\/wp-content\/uploads\/2022\/05\/WhatsApp-Image-2022-05-05-at-12.58.28-PM-696x313.jpeg 696w, https:\/\/www.cric-colombia.org\/portal\/wp-content\/uploads\/2022\/05\/WhatsApp-Image-2022-05-05-at-12.58.28-PM-1068x480.jpeg 1068w, https:\/\/www.cric-colombia.org\/portal\/wp-content\/uploads\/2022\/05\/WhatsApp-Image-2022-05-05-at-12.58.28-PM-935x420.jpeg 935w, https:\/\/www.cric-colombia.org\/portal\/wp-content\/uploads\/2022\/05\/WhatsApp-Image-2022-05-05-at-12.58.28-PM.jpeg 1600w\" sizes=\"(max-width: 669px) 100vw, 669px\" \/><\/p>\n<p><strong>Un a\u00f1o despu\u00e9s de desmontar el peaje en Tunia,<\/strong> que tuvo lugar en el marco del estallido social en Colombia, <strong>las comunidades salieron a la v\u00eda, hablaron con los transportadores, pararon el transito intermitentemente, realizaron actos simb\u00f3licos,<\/strong> y en una tarima improvisada con parlantes y un volumen amplificado se volvi\u00f3 a llamar a la unidad contra la corrupci\u00f3n pero, sobre todo, a reiniciar el camino para <em>\u201cdesbloquear el pa\u00eds, no solo de estas zonas de atraco institucionalizado, sino tambi\u00e9n en t\u00e9rminos de<strong> salud, educaci\u00f3n, y con acciones pol\u00edticas de esperanza que permitan so\u00f1ar con un territorio donde se respete la vida y la dignidad de los pueblos<\/strong>\u201d<\/em> as\u00ed como lo dijo enf\u00e1ticamente el Consejero Capaz en su intervenci\u00f3n en la v\u00eda panamericana frente a una fila de trasportadores,<strong> quienes en sus veh\u00edculos y en medios del sol, atend\u00edan el mensaje mientras esperaban, por espacios de tiempo de diez minutos, que la guardia volviera a permitir el paso.<\/strong><\/p>\n<p><strong>En el lugar, adem\u00e1s de otros lideres,<\/strong> hicieron presencia el representante al c\u00e1mara electo por el pacto hist\u00f3rico Ermes Pete y la senadora ind\u00edgena Aida Quilcue, q<strong>uienes coincidieron en que es fundamental revisar las distancias entre peajes,<\/strong> evaluar cual es el verdadero destino de los recursos recolectados y generar mecanismos para que las poblaciones aleda\u00f1as a los <strong>peajes obtengan alg\u00fan tipo de beneficios con estos puntos de recaudo vial.<\/strong><\/p>\n<p><strong>El espacio de conmemoraci\u00f3n sirvi\u00f3 tambi\u00e9n para que la guardia ind\u00edgena, protagonista de estos hechos de resistencia,<\/strong> se manifestara en contra de las afectaciones a la vida de lideres y comuneros, quienes en los \u00faltimos d\u00edas han sido asesinados tanto por actores ilegales como del estado, y<strong> se rechaz\u00f3 en el marco de esa violencia que se arraiga en los territorios,<\/strong> todo acto de desarmon\u00eda impulsado por acci\u00f3n u omisi\u00f3n por este gobierno.<\/p>\n<p><strong>Finalmente,<\/strong> la guardia en memoria de sus muertos, instal\u00f3 en ese espacio de la v\u00eda panamericana, la escuela de <strong>formaci\u00f3n itinerante de derechos humanos,<\/strong> donde se espera que mas de tres mil comuneros defensores de la vida, <strong>tengan herramientas desde lo pol\u00edtico organizativo para enfrentar el conflicto social y armado que afecta sus territorios.<\/strong><\/p>\n<p><strong>Por: Programa de Comunicaciones-CRIC.<\/strong><\/p>\n","protected":false},"excerpt":{"rendered":"<p>Un a\u00f1o despu\u00e9s del estallido social comunidad celebra desmonte del peaje de Tunia. Hace un a\u00f1o, en el marco del estallido social, comunidades campesinas, ind\u00edgenas y urbanas decidieron unir fuerzas para desmontar el peaje de Tunia, en el municipio de Piendamo, Cauca, su prop\u00f3sito fue manifestarse contra la corrupci\u00f3n que este centro de recaudo vial <\/p>\n","protected":false},"author":6,"featured_media":34382,"comment_status":"open","ping_status":"open","sticky":false,"template":"","format":"standard","meta":{"footnotes":""},"categories":[3],"tags":[170,189,453,245],"yoast_head":"<!-- This site is optimized with the Yoast SEO plugin v20.12 - https:\/\/yoast.com\/wordpress\/plugins\/seo\/ -->\n<title>\u00a1Hay que desbloquear el pa\u00eds! - Consejo Regional Ind\u00edgena del Cauca - CRIC<\/title>\n<meta name=\"robots\" content=\"index, follow, max-snippet:-1, max-image-preview:large, max-video-preview:-1\" \/>\n<link rel=\"canonical\" href=\"https:\/\/www.cric-colombia.org\/portal\/hay-que-desbloquear-el-pais\/\" \/>\n<meta property=\"og:locale\" content=\"es_ES\" \/>\n<meta property=\"og:type\" content=\"article\" \/>\n<meta property=\"og:title\" content=\"\u00a1Hay que desbloquear el pa\u00eds! - Consejo Regional Ind\u00edgena del Cauca - CRIC\" \/>\n<meta property=\"og:description\" content=\"Un a\u00f1o despu\u00e9s del estallido social comunidad celebra desmonte del peaje de Tunia. Hace un a\u00f1o, en el marco del estallido social, comunidades campesinas, ind\u00edgenas y urbanas decidieron unir fuerzas para desmontar el peaje de Tunia, en el municipio de Piendamo, Cauca, su prop\u00f3sito fue manifestarse contra la corrupci\u00f3n que este centro de recaudo vial\" \/>\n<meta property=\"og:url\" content=\"https:\/\/www.cric-colombia.org\/portal\/hay-que-desbloquear-el-pais\/\" \/>\n<meta property=\"og:site_name\" content=\"Consejo Regional Ind\u00edgena del Cauca - CRIC\" \/>\n<meta property=\"article:publisher\" content=\"https:\/\/www.facebook.com\/cric.colombia\/\" \/>\n<meta property=\"article:published_time\" content=\"2022-05-05T18:08:31+00:00\" \/>\n<meta property=\"article:modified_time\" content=\"2022-05-05T20:59:27+00:00\" \/>\n<meta property=\"og:image\" content=\"https:\/\/www.cric-colombia.org\/portal\/wp-content\/uploads\/2022\/05\/WhatsApp-Image-2022-05-05-at-12.56.08-PM.jpeg\" \/>\n\t<meta property=\"og:image:width\" content=\"1600\" \/>\n\t<meta property=\"og:image:height\" content=\"721\" \/>\n\t<meta property=\"og:image:type\" content=\"image\/jpeg\" \/>\n<meta name=\"author\" content=\"Comunicaciones CRIC\" \/>\n<meta name=\"twitter:card\" content=\"summary_large_image\" \/>\n<meta name=\"twitter:creator\" content=\"@CRIC_Cauca\" \/>\n<meta name=\"twitter:site\" content=\"@CRIC_Cauca\" \/>\n<meta name=\"twitter:label1\" content=\"Escrito por\" \/>\n\t<meta name=\"twitter:data1\" content=\"Comunicaciones CRIC\" \/>\n\t<meta name=\"twitter:label2\" content=\"Tiempo de lectura\" \/>\n\t<meta name=\"twitter:data2\" content=\"3 minutos\" \/>\n<script type=\"application\/ld+json\" class=\"yoast-schema-graph\">{\"@context\":\"https:\/\/schema.org\",\"@graph\":[{\"@type\":\"Article\",\"@id\":\"https:\/\/www.cric-colombia.org\/portal\/hay-que-desbloquear-el-pais\/#article\",\"isPartOf\":{\"@id\":\"https:\/\/www.cric-colombia.org\/portal\/hay-que-desbloquear-el-pais\/\"},\"author\":{\"name\":\"Comunicaciones CRIC\",\"@id\":\"https:\/\/www.cric-colombia.org\/portal\/#\/schema\/person\/ab3a3099267de33d55f74f34ba201931\"},\"headline\":\"\u00a1Hay que desbloquear el pa\u00eds!\",\"datePublished\":\"2022-05-05T18:08:31+00:00\",\"dateModified\":\"2022-05-05T20:59:27+00:00\",\"mainEntityOfPage\":{\"@id\":\"https:\/\/www.cric-colombia.org\/portal\/hay-que-desbloquear-el-pais\/\"},\"wordCount\":611,\"commentCount\":0,\"publisher\":{\"@id\":\"https:\/\/www.cric-colombia.org\/portal\/#organization\"},\"keywords\":[\"Asesina mingueros Cauca\",\"CONSEJO REGIONAL INDIGENA DEL CAUCA CRIC\",\"Guardia\",\"Paz\"],\"articleSection\":[\"Actualidad Ind\u00edgena del Cauca\"],\"inLanguage\":\"es\",\"potentialAction\":[{\"@type\":\"CommentAction\",\"name\":\"Comment\",\"target\":[\"https:\/\/www.cric-colombia.org\/portal\/hay-que-desbloquear-el-pais\/#respond\"]}]},{\"@type\":\"WebPage\",\"@id\":\"https:\/\/www.cric-colombia.org\/portal\/hay-que-desbloquear-el-pais\/\",\"url\":\"https:\/\/www.cric-colombia.org\/portal\/hay-que-desbloquear-el-pais\/\",\"name\":\"\u00a1Hay que desbloquear el pa\u00eds! - Consejo Regional Ind\u00edgena del Cauca - CRIC\",\"isPartOf\":{\"@id\":\"https:\/\/www.cric-colombia.org\/portal\/#website\"},\"datePublished\":\"2022-05-05T18:08:31+00:00\",\"dateModified\":\"2022-05-05T20:59:27+00:00\",\"breadcrumb\":{\"@id\":\"https:\/\/www.cric-colombia.org\/portal\/hay-que-desbloquear-el-pais\/#breadcrumb\"},\"inLanguage\":\"es\",\"potentialAction\":[{\"@type\":\"ReadAction\",\"target\":[\"https:\/\/www.cric-colombia.org\/portal\/hay-que-desbloquear-el-pais\/\"]}]},{\"@type\":\"BreadcrumbList\",\"@id\":\"https:\/\/www.cric-colombia.org\/portal\/hay-que-desbloquear-el-pais\/#breadcrumb\",\"itemListElement\":[{\"@type\":\"ListItem\",\"position\":1,\"name\":\"Portada\",\"item\":\"https:\/\/www.cric-colombia.org\/portal\/\"},{\"@type\":\"ListItem\",\"position\":2,\"name\":\"\u00a1Hay que desbloquear el pa\u00eds!\"}]},{\"@type\":\"WebSite\",\"@id\":\"https:\/\/www.cric-colombia.org\/portal\/#website\",\"url\":\"https:\/\/www.cric-colombia.org\/portal\/\",\"name\":\"Consejo Regional Ind\u00edgena del Cauca - CRIC\",\"description\":\"P\u00e1gina oficial del Consejo Regional Ind\u00edgena del Cauca, Colombia\",\"publisher\":{\"@id\":\"https:\/\/www.cric-colombia.org\/portal\/#organization\"},\"potentialAction\":[{\"@type\":\"SearchAction\",\"target\":{\"@type\":\"EntryPoint\",\"urlTemplate\":\"https:\/\/www.cric-colombia.org\/portal\/?s={search_term_string}\"},\"query-input\":\"required name=search_term_string\"}],\"inLanguage\":\"es\"},{\"@type\":\"Organization\",\"@id\":\"https:\/\/www.cric-colombia.org\/portal\/#organization\",\"name\":\"Consejo Regional Ind\u00edgena del Cauca\",\"url\":\"https:\/\/www.cric-colombia.org\/portal\/\",\"logo\":{\"@type\":\"ImageObject\",\"inLanguage\":\"es\",\"@id\":\"https:\/\/www.cric-colombia.org\/portal\/#\/schema\/logo\/image\/\",\"url\":\"https:\/\/www.cric-colombia.org\/portal\/wp-content\/uploads\/2015\/08\/logo_cric.jpg\",\"contentUrl\":\"https:\/\/www.cric-colombia.org\/portal\/wp-content\/uploads\/2015\/08\/logo_cric.jpg\",\"width\":512,\"height\":512,\"caption\":\"Consejo Regional Ind\u00edgena del Cauca\"},\"image\":{\"@id\":\"https:\/\/www.cric-colombia.org\/portal\/#\/schema\/logo\/image\/\"},\"sameAs\":[\"https:\/\/www.facebook.com\/cric.colombia\/\",\"https:\/\/twitter.com\/CRIC_Cauca\"]},{\"@type\":\"Person\",\"@id\":\"https:\/\/www.cric-colombia.org\/portal\/#\/schema\/person\/ab3a3099267de33d55f74f34ba201931\",\"name\":\"Comunicaciones CRIC\",\"image\":{\"@type\":\"ImageObject\",\"inLanguage\":\"es\",\"@id\":\"https:\/\/www.cric-colombia.org\/portal\/#\/schema\/person\/image\/\",\"url\":\"https:\/\/secure.gravatar.com\/avatar\/a8d1a6cfcb82a80d09dafefdcc3dcc8a?s=96&d=retro&r=g\",\"contentUrl\":\"https:\/\/secure.gravatar.com\/avatar\/a8d1a6cfcb82a80d09dafefdcc3dcc8a?s=96&d=retro&r=g\",\"caption\":\"Comunicaciones CRIC\"},\"url\":\"https:\/\/www.cric-colombia.org\/portal\/author\/comunicaciones\/\"}]}<\/script>\n<!-- \/ Yoast SEO plugin. -->","yoast_head_json":{"title":"\u00a1Hay que desbloquear el pa\u00eds! - Consejo Regional Ind\u00edgena del Cauca - CRIC","robots":{"index":"index","follow":"follow","max-snippet":"max-snippet:-1","max-image-preview":"max-image-preview:large","max-video-preview":"max-video-preview:-1"},"canonical":"https:\/\/www.cric-colombia.org\/portal\/hay-que-desbloquear-el-pais\/","og_locale":"es_ES","og_type":"article","og_title":"\u00a1Hay que desbloquear el pa\u00eds! - Consejo Regional Ind\u00edgena del Cauca - CRIC","og_description":"Un a\u00f1o despu\u00e9s del estallido social comunidad celebra desmonte del peaje de Tunia. Hace un a\u00f1o, en el marco del estallido social, comunidades campesinas, ind\u00edgenas y urbanas decidieron unir fuerzas para desmontar el peaje de Tunia, en el municipio de Piendamo, Cauca, su prop\u00f3sito fue manifestarse contra la corrupci\u00f3n que este centro de recaudo vial","og_url":"https:\/\/www.cric-colombia.org\/portal\/hay-que-desbloquear-el-pais\/","og_site_name":"Consejo Regional Ind\u00edgena del Cauca - CRIC","article_publisher":"https:\/\/www.facebook.com\/cric.colombia\/","article_published_time":"2022-05-05T18:08:31+00:00","article_modified_time":"2022-05-05T20:59:27+00:00","og_image":[{"width":1600,"height":721,"url":"https:\/\/www.cric-colombia.org\/portal\/wp-content\/uploads\/2022\/05\/WhatsApp-Image-2022-05-05-at-12.56.08-PM.jpeg","type":"image\/jpeg"}],"author":"Comunicaciones CRIC","twitter_card":"summary_large_image","twitter_creator":"@CRIC_Cauca","twitter_site":"@CRIC_Cauca","twitter_misc":{"Escrito por":"Comunicaciones CRIC","Tiempo de lectura":"3 minutos"},"schema":{"@context":"https:\/\/schema.org","@graph":[{"@type":"Article","@id":"https:\/\/www.cric-colombia.org\/portal\/hay-que-desbloquear-el-pais\/#article","isPartOf":{"@id":"https:\/\/www.cric-colombia.org\/portal\/hay-que-desbloquear-el-pais\/"},"author":{"name":"Comunicaciones CRIC","@id":"https:\/\/www.cric-colombia.org\/portal\/#\/schema\/person\/ab3a3099267de33d55f74f34ba201931"},"headline":"\u00a1Hay que desbloquear el pa\u00eds!","datePublished":"2022-05-05T18:08:31+00:00","dateModified":"2022-05-05T20:59:27+00:00","mainEntityOfPage":{"@id":"https:\/\/www.cric-colombia.org\/portal\/hay-que-desbloquear-el-pais\/"},"wordCount":611,"commentCount":0,"publisher":{"@id":"https:\/\/www.cric-colombia.org\/portal\/#organization"},"keywords":["Asesina mingueros Cauca","CONSEJO REGIONAL INDIGENA DEL CAUCA CRIC","Guardia","Paz"],"articleSection":["Actualidad Ind\u00edgena del Cauca"],"inLanguage":"es","potentialAction":[{"@type":"CommentAction","name":"Comment","target":["https:\/\/www.cric-colombia.org\/portal\/hay-que-desbloquear-el-pais\/#respond"]}]},{"@type":"WebPage","@id":"https:\/\/www.cric-colombia.org\/portal\/hay-que-desbloquear-el-pais\/","url":"https:\/\/www.cric-colombia.org\/portal\/hay-que-desbloquear-el-pais\/","name":"\u00a1Hay que desbloquear el pa\u00eds! - Consejo Regional Ind\u00edgena del Cauca - CRIC","isPartOf":{"@id":"https:\/\/www.cric-colombia.org\/portal\/#website"},"datePublished":"2022-05-05T18:08:31+00:00","dateModified":"2022-05-05T20:59:27+00:00","breadcrumb":{"@id":"https:\/\/www.cric-colombia.org\/portal\/hay-que-desbloquear-el-pais\/#breadcrumb"},"inLanguage":"es","potentialAction":[{"@type":"ReadAction","target":["https:\/\/www.cric-colombia.org\/portal\/hay-que-desbloquear-el-pais\/"]}]},{"@type":"BreadcrumbList","@id":"https:\/\/www.cric-colombia.org\/portal\/hay-que-desbloquear-el-pais\/#breadcrumb","itemListElement":[{"@type":"ListItem","position":1,"name":"Portada","item":"https:\/\/www.cric-colombia.org\/portal\/"},{"@type":"ListItem","position":2,"name":"\u00a1Hay que desbloquear el pa\u00eds!"}]},{"@type":"WebSite","@id":"https:\/\/www.cric-colombia.org\/portal\/#website","url":"https:\/\/www.cric-colombia.org\/portal\/","name":"Consejo Regional Ind\u00edgena del Cauca - CRIC","description":"P\u00e1gina oficial del Consejo Regional Ind\u00edgena del Cauca, Colombia","publisher":{"@id":"https:\/\/www.cric-colombia.org\/portal\/#organization"},"potentialAction":[{"@type":"SearchAction","target":{"@type":"EntryPoint","urlTemplate":"https:\/\/www.cric-colombia.org\/portal\/?s={search_term_string}"},"query-input":"required name=search_term_string"}],"inLanguage":"es"},{"@type":"Organization","@id":"https:\/\/www.cric-colombia.org\/portal\/#organization","name":"Consejo Regional Ind\u00edgena del Cauca","url":"https:\/\/www.cric-colombia.org\/portal\/","logo":{"@type":"ImageObject","inLanguage":"es","@id":"https:\/\/www.cric-colombia.org\/portal\/#\/schema\/logo\/image\/","url":"https:\/\/www.cric-colombia.org\/portal\/wp-content\/uploads\/2015\/08\/logo_cric.jpg","contentUrl":"https:\/\/www.cric-colombia.org\/portal\/wp-content\/uploads\/2015\/08\/logo_cric.jpg","width":512,"height":512,"caption":"Consejo Regional Ind\u00edgena del Cauca"},"image":{"@id":"https:\/\/www.cric-colombia.org\/portal\/#\/schema\/logo\/image\/"},"sameAs":["https:\/\/www.facebook.com\/cric.colombia\/","https:\/\/twitter.com\/CRIC_Cauca"]},{"@type":"Person","@id":"https:\/\/www.cric-colombia.org\/portal\/#\/schema\/person\/ab3a3099267de33d55f74f34ba201931","name":"Comunicaciones CRIC","image":{"@type":"ImageObject","inLanguage":"es","@id":"https:\/\/www.cric-colombia.org\/portal\/#\/schema\/person\/image\/","url":"https:\/\/secure.gravatar.com\/avatar\/a8d1a6cfcb82a80d09dafefdcc3dcc8a?s=96&d=retro&r=g","contentUrl":"https:\/\/secure.gravatar.com\/avatar\/a8d1a6cfcb82a80d09dafefdcc3dcc8a?s=96&d=retro&r=g","caption":"Comunicaciones CRIC"},"url":"https:\/\/www.cric-colombia.org\/portal\/author\/comunicaciones\/"}]}},"jetpack_featured_media_url":"https:\/\/www.cric-colombia.org\/portal\/wp-content\/uploads\/2022\/05\/WhatsApp-Image-2022-05-05-at-12.56.08-PM.jpeg","_links":{"self":[{"href":"https:\/\/www.cric-colombia.org\/portal\/wp-json\/wp\/v2\/posts\/34380"}],"collection":[{"href":"https:\/\/www.cric-colombia.org\/portal\/wp-json\/wp\/v2\/posts"}],"about":[{"href":"https:\/\/www.cric-colombia.org\/portal\/wp-json\/wp\/v2\/types\/post"}],"author":[{"embeddable":true,"href":"https:\/\/www.cric-colombia.org\/portal\/wp-json\/wp\/v2\/users\/6"}],"replies":[{"embeddable":true,"href":"https:\/\/www.cric-colombia.org\/portal\/wp-json\/wp\/v2\/comments?post=34380"}],"version-history":[{"count":6,"href":"https:\/\/www.cric-colombia.org\/portal\/wp-json\/wp\/v2\/posts\/34380\/revisions"}],"predecessor-version":[{"id":34389,"href":"https:\/\/www.cric-colombia.org\/portal\/wp-json\/wp\/v2\/posts\/34380\/revisions\/34389"}],"wp:featuredmedia":[{"embeddable":true,"href":"https:\/\/www.cric-colombia.org\/portal\/wp-json\/wp\/v2\/media\/34382"}],"wp:attachment":[{"href":"https:\/\/www.cric-colombia.org\/portal\/wp-json\/wp\/v2\/media?parent=34380"}],"wp:term":[{"taxonomy":"category","embeddable":true,"href":"https:\/\/www.cric-colombia.org\/portal\/wp-json\/wp\/v2\/categories?post=34380"},{"taxonomy":"post_tag","embeddable":true,"href":"https:\/\/www.cric-colombia.org\/portal\/wp-json\/wp\/v2\/tags?post=34380"}],"curies":[{"name":"wp","href":"https:\/\/api.w.org\/{rel}","templated":true}]}}