{"id":34171,"date":"2022-04-20T18:59:20","date_gmt":"2022-04-20T23:59:20","guid":{"rendered":"https:\/\/www.cric-colombia.org\/portal\/?p=34171"},"modified":"2022-04-20T19:02:13","modified_gmt":"2022-04-21T00:02:13","slug":"convocatoria-no-005-2022-compra-de-equipos-biomedicos-para-la-prestacion-de-servicios-de-salud","status":"publish","type":"post","link":"https:\/\/www.cric-colombia.org\/portal\/convocatoria-no-005-2022-compra-de-equipos-biomedicos-para-la-prestacion-de-servicios-de-salud\/","title":{"rendered":"Convocatoria No 005 \u2013 2022: Compra de equipos biom\u00e9dicos para la prestaci\u00f3n de servicios de salud"},"content":{"rendered":"<h2>CONVOCATORIA NO. 005 DE 2022<\/h2>\n<p>Por medio del cual se convoca a los interesados en participar en la siguiente convocatoria teniendo en cuenta el objeto, la justificaci\u00f3n, especificaciones t\u00e9cnicas, requisitos de habilitaci\u00f3n, de existencia y de representaci\u00f3n legal y dem\u00e1s que se relacionan a continuaci\u00f3n:<\/p>\n<p><strong>OBJETO: <\/strong>Contratar la compra de equipos biom\u00e9dicos para la prestaci\u00f3n de servicios de salud en la IPSI MINGA.<\/p>\n<p><strong>JUSTIFICACI\u00d3N:<\/strong> La AIC IPSI MINGA, por ser una instituci\u00f3n prestadora de salud debe contratar la compra de equipos y elementos tecnol\u00f3gicos necesarios para la realizaci\u00f3n de actividades cl\u00ednicas, de rehabilitaci\u00f3n y otros, correspondientes a los servicios de salud contratados por la IPSI MINGA y as\u00ed garantizar una atenci\u00f3n oportuna y con calidad<\/p>\n<h2>ESPECIFICACIONES T\u00c9CNICAS Y CARACTER\u00cdSTICAS DEL BIEN:<\/h2>\n<table width=\"604\">\n<thead>\n<tr>\n<td width=\"22\"><strong>N\u00b0<\/strong><\/td>\n<td width=\"82\"><strong>BIEN \/ SERVICIO<\/strong><\/td>\n<td width=\"283\"><strong>ESPECIFICACIONES T\u00c9CNICAS Y CARACTER\u00cdSTICAS DEL BIEN O SERVICIO<\/strong><\/td>\n<td width=\"43\"><strong>CANTIDAD<\/strong><\/td>\n<td width=\"56\"><strong>UNIDAD DE MEDIDA<\/strong><\/td>\n<td width=\"58\"><strong>VALOR UNITARIO<\/strong><\/td>\n<td width=\"45\"><strong>VALOR TOTAL<\/strong><\/td>\n<td width=\"16\"><strong>IVA<\/strong><\/td>\n<\/tr>\n<\/thead>\n<tbody>\n<tr>\n<td width=\"22\">1<\/td>\n<td width=\"82\">Balanza adulto<\/td>\n<td width=\"283\">B\u00e1scula grado m\u00e9dico an\u00e1loga para cumplimiento de criterio de resoluci\u00f3n 3100<\/td>\n<td width=\"43\">2<\/td>\n<td width=\"56\">UNIDAD<\/td>\n<td width=\"58\"><\/td>\n<td width=\"45\"><\/td>\n<td width=\"16\"><\/td>\n<\/tr>\n<tr>\n<td width=\"22\">2<\/td>\n<td width=\"82\">Bal\u00f3n pilates<\/td>\n<td width=\"283\">Material: Siliconado, Uso: Institucional, Tipo de pelota: Fitball, Di\u00e1metro: 65 cm<\/td>\n<td width=\"43\">1<\/td>\n<td width=\"56\">UNIDAD<\/td>\n<td width=\"58\"><\/td>\n<td width=\"45\"><\/td>\n<td width=\"16\"><\/td>\n<\/tr>\n<tr>\n<td width=\"22\">3<\/td>\n<td width=\"82\">Brazalete de abpm50<\/td>\n<td width=\"283\">Adulto monitor de presi\u00f3n arterial ambulatoria cm 1203-13,1 x 23,5 cm<\/p>\n<p>Brazalete para monitor de presi\u00f3n marca Contec modelo ABPM-50<\/td>\n<td width=\"43\">2<\/td>\n<td width=\"56\">UNIDAD<\/td>\n<td width=\"58\"><\/td>\n<td width=\"45\"><\/td>\n<td width=\"16\"><\/td>\n<\/tr>\n<tr>\n<td width=\"22\">4<\/td>\n<td width=\"82\">Cabezal para ultrasonido<\/td>\n<td width=\"283\">marca Chattanooga modelo intelect mobile2776<\/td>\n<td width=\"43\">2<\/td>\n<td width=\"56\">UNIDAD<\/td>\n<td width=\"58\"><\/td>\n<td width=\"45\"><\/td>\n<td width=\"16\"><\/td>\n<\/tr>\n<tr>\n<td width=\"22\">5<\/td>\n<td width=\"82\">Cable para tens<\/td>\n<td width=\"283\">Cables Recambio para TENS 7000<\/td>\n<td width=\"43\">50<\/td>\n<td width=\"56\">UNIDAD<\/td>\n<td width=\"58\"><\/td>\n<td width=\"45\"><\/td>\n<td width=\"16\"><\/td>\n<\/tr>\n<tr>\n<td width=\"22\">6<\/td>\n<td width=\"82\">Cables para neurotrak<\/td>\n<td width=\"283\">Cables Recambio para TENS\/EMS Neurotrac modelo N3T<\/td>\n<td width=\"43\">100<\/td>\n<td width=\"56\">PAQUETE<\/td>\n<td width=\"58\"><\/td>\n<td width=\"45\"><\/td>\n<td width=\"16\"><\/td>\n<\/tr>\n<tr>\n<td width=\"22\">7<\/td>\n<td width=\"82\">Carro de paro<\/td>\n<td width=\"283\">\u00b7Estructura principalmente en acero y aluminio<\/p>\n<p>\u00b7Hecho de pl\u00e1stico en abs<\/p>\n<p>\u00b7 Superficie superior en abs, con pasamanos abs, con bordes que puede evitar ca\u00eddas de los elementos, con manubrio<\/p>\n<p>\u00b7Superficies lisas, de f\u00e1cil limpieza, que evitar\u00e1 que el virus entre.<\/p>\n<p>\u00b7 Mesa de trabajo telesc\u00f3pica oculta para succionador, caja de archivos<\/p>\n<p>\u00b7Costado derecho del carro: equipado con un marco de infusi\u00f3n telesc\u00f3pica oculto, abs doble<\/p>\n<p>\u00b7Puesta de tierra con l\u00ednea el\u00e9ctrica de 5 metros.<\/p>\n<p>\u00b7Soporte para desfibrilador<\/p>\n<p>\u00b7Soporte de cilindro de ox\u00edgeno<\/p>\n<p>\u00b7Cerradura frontal, equipada con cinco cajones de diferentes tama\u00f1os<\/p>\n<p>\u00b7Cajones con manija de caj\u00f3n, etiqueta de tipo ranura de sellado, evitar el l\u00edquido y el polvo en el \u00e1rea<\/p>\n<p>\u00b7Cuatro ruedas grado hospitalario, dos con funci\u00f3n de freno, material de poliuretano de alta resistencia.<\/p>\n<p>\u00b7Anti est\u00e1tico.<\/td>\n<td width=\"43\">2<\/td>\n<td width=\"56\">UNIDAD<\/td>\n<td width=\"58\"><\/td>\n<td width=\"45\"><\/td>\n<td width=\"16\"><\/td>\n<\/tr>\n<tr>\n<td width=\"22\">8<\/td>\n<td width=\"82\">Cinta metrica<\/td>\n<td width=\"283\">Cinta flexible, que se pueda enrollar, marcada la divisi\u00f3n en dec\u00edmetros, cent\u00edmetros y mil\u00edmetros<\/td>\n<td width=\"43\">6<\/td>\n<td width=\"56\">UNIDAD<\/td>\n<td width=\"58\"><\/td>\n<td width=\"45\"><\/td>\n<td width=\"16\"><\/td>\n<\/tr>\n<tr>\n<td width=\"22\">9<\/td>\n<td width=\"82\">Desfibrilador DEA<\/td>\n<td width=\"283\">MONITOR Tipo: TFT Color LCD Dimensiones: 7\u201d Resoluci\u00f3n: 800 x 480 Pixeles, Idioma: espa\u00f1ol, BATERIA Capacidad (Bater\u00eda nueva): M\u00edn. 300 descargas a 200J \u00f3 200 descargas a 360J, Vida \u00fatil (Antes de la inserci\u00f3n): M\u00edn. 5 a\u00f1os desde la fecha de manufactura. Duraci\u00f3n (Despu\u00e9s de la inserci\u00f3n): T\u00edpicamente, 4 a\u00f1os, Almacenamiento De Datos Perfiles de paciente: Max. 100 pacientes, Eventos: Hasta 1000 eventos, Grabaci\u00f3n de voz: Max. 3 horas, Los datos se pueden exportar a un Exportaci\u00f3n de datos: PC a trav\u00e9s de una Memoria USB, DESFIBRILADOR: Forma de onda: Onda Exponencial Truncada bif\u00e1sica, con compensaci\u00f3n de impedancia, Exactitud de Energ\u00eda: \u00b1 2J \u00f3 15% del ajuste, lo que sea, Descarga: mayor, en 50 Ohm.A trav\u00e9s de electrodos de desfib. Multifunci\u00f3n, Rango de Impedancia del paciente:25 a 200 Ohm, MODO DEA, Salida de Energ\u00eda: Configurable por el usuario, Nivel de Energ\u00eda Adulto: Configurable de 100 a 360J. Nivel de Energ\u00eda Infante: Configurable de 10 a 100J Series de descarga:1, 2, 3, configurable, Configuraci\u00f3n est\u00e1ndar: Cumple 2010 AHA L\u00edneas Gu\u00eda, AUTO-PRUEBAS AUTOMATIZADAS Y ACTIVADAS POR EL USUARIO: Pruebas autom\u00e1ticas diarias: Prueba circuito interno, Sistema de carga de Energ\u00eda\/Entrega, Pads, y capacidad de la bater\u00eda Inserci\u00f3n de la bater\u00eda\/Pruebas de usuario: Sobre la inserci\u00f3n de la bater\u00eda, extensas pruebas autom\u00e1ticas e interactivo con el usuario comprueban la disponibilidad del Indicadores: dispositivo Luz verde parpadeante indica que est\u00e1 listo para su uso. Luz Roja parpadeante y\/o alarma auditiva indica la necesidad de mantenimiento.<\/td>\n<td width=\"43\">1<\/td>\n<td width=\"56\">UNIDAD<\/td>\n<td width=\"58\"><\/td>\n<td width=\"45\"><\/td>\n<td width=\"16\"><\/td>\n<\/tr>\n<tr>\n<td width=\"22\">10<\/td>\n<td width=\"82\">Doppler fetal<\/td>\n<td width=\"283\">Doppler fetal detector de latidos, Pantalla: LCD de 45x25mm. Rango: 50 ~ 210bpm. Resoluci\u00f3n: 1 bpm. Tiempo de grabaci\u00f3n: 240s. Potencia de salida de audio: 0.5W. Tama\u00f1o: 32 (profundidad) x 85 (ancho) x 138 (altura) mm.<\/td>\n<td width=\"43\">3<\/td>\n<td width=\"56\">UNIDAD<\/td>\n<td width=\"58\"><\/td>\n<td width=\"45\"><\/td>\n<td width=\"16\"><\/td>\n<\/tr>\n<tr>\n<td width=\"22\">11<\/td>\n<td width=\"82\">equipos de electroterapia duales port\u00e1tiles<\/td>\n<td width=\"283\">Canales: Dual, para usar con 2 o 4 electrodos<br \/>\nAmplitud de pulso: Ajustable, pico de 0-100 mA en carga de 500 ohmios en cada canal<br \/>\nForma de onda: pulso cuadrado bi-f\u00e1sico asim\u00e9trico<br \/>\nFrecuencia de pulso: 2 &#8211; 150 Hz (ajustable), 1 Hz por paso<br \/>\nAncho de pulso: 50 &#8211; 300 \u00b5s (ajustable), 10 \u00b5s por paso<br \/>\nTemporizador: ajustable en incrementos de 5 minutos de 5 a 60 minutos, o (C) continuo<br \/>\n5 modos de programa: Modo de r\u00e1faga (B), Modo normal (N), Modo de modulaci\u00f3n (M), Modo Fuerza-Duraci\u00f3n (SD1), Modo Fuerza-Duraci\u00f3n (SD2) Indicador de bater\u00eda baja<\/td>\n<td width=\"43\">3<\/td>\n<td width=\"56\">unidad<\/td>\n<td width=\"58\"><\/td>\n<td width=\"45\"><\/td>\n<td width=\"16\"><\/td>\n<\/tr>\n<tr>\n<td width=\"22\">12<\/td>\n<td width=\"82\">Fonendoscopio Y Tensi\u00f3metro<\/td>\n<td width=\"283\">Kit de tensi\u00f3metro y fonendoscopio.<\/td>\n<td width=\"43\">57<\/td>\n<td width=\"56\">kit<\/td>\n<td width=\"58\"><\/td>\n<td width=\"45\"><\/td>\n<td width=\"16\"><\/td>\n<\/tr>\n<tr>\n<td width=\"22\">13<\/td>\n<td width=\"82\">gluc\u00f3metro<\/td>\n<td width=\"283\">kit gluc\u00f3metro m\u00e1s tirillas Sin codificaci\u00f3n \u2027Prueba de sitios alternativos Amplio rango de medici\u00f3n de 20 a 600 mg \/ dL \u2027Tiempo de prueba r\u00e1pido en 6 segundos \u2027S\u00f3lo 0.7 \u03bcL de volumen de sangre Test250 memoria de prueba con fecha y hora Promedio de ,7, 14, 21 y 28 d\u00edas \u00a0Indicador de riesgo<\/td>\n<td width=\"43\">1<\/td>\n<td width=\"56\">UNIDAD<\/td>\n<td width=\"58\"><\/td>\n<td width=\"45\"><\/td>\n<td width=\"16\"><\/td>\n<\/tr>\n<tr>\n<td width=\"22\">14<\/td>\n<td width=\"82\">Gramera o Bascula digital 40 Kg<\/td>\n<td width=\"283\">ELECTRONICA Precision 1g-2g-5g-10g. &#8211; Teclado resistente al uso continuo y al agua, &#8211; Componentes de alta precisi\u00f3n, &#8211; Peso maximo 40kg, &#8211; 5 digitos para el peso, &#8211; 5 digitos para el precio unitario, &#8211; 6 digitos para el total, &#8211; Calcula precio y peso, &#8211; Memorias, &#8211; Funcion de suma acumulativa, &#8211; Funcion para volver a cero, &#8211; Pantalla led, &#8211; Ahorro de energ\u00eda, &#8211; Indicador de bateria baja, &#8211; Proteccion de sobrepeso, &#8211; Teclado de 24 botones, &#8211; bateria recargable<\/td>\n<td width=\"43\">1<\/td>\n<td width=\"56\">UNIDAD<\/td>\n<td width=\"58\"><\/td>\n<td width=\"45\"><\/td>\n<td width=\"16\"><\/td>\n<\/tr>\n<tr>\n<td width=\"22\">15<\/td>\n<td width=\"82\">Holter cardiaco<\/td>\n<td width=\"283\">Holter card\u00edaco de 3\/12 canales, bater\u00eda para 7 d\u00edas de uso contin\u00fao, detecci\u00f3n de marcapasos, memoria SD y puerto USB, con software de instalaci\u00f3n.<\/td>\n<td width=\"43\">1<\/td>\n<td width=\"56\">unidad<\/td>\n<td width=\"58\"><\/td>\n<td width=\"45\"><\/td>\n<td width=\"16\"><\/td>\n<\/tr>\n<tr>\n<td width=\"22\">16<\/td>\n<td width=\"82\">Infantometro<\/td>\n<td width=\"283\">Infant\u00f3metro para medir la talla de beb\u00e9s y ni\u00f1os peque\u00f1os en uso estacionario, Rango: graduado en doble escala: pulgadas y cent\u00edmetros, &#8211; rango de medida: 50 &#8211; 100 cmts<\/td>\n<td width=\"43\">5<\/td>\n<td width=\"56\">UNIDAD<\/td>\n<td width=\"58\"><\/td>\n<td width=\"45\"><\/td>\n<td width=\"16\"><\/td>\n<\/tr>\n<tr>\n<td width=\"22\">17<\/td>\n<td width=\"82\">L\u00e1mparas cuello cisne para unidades port\u00e1tiles<\/td>\n<td width=\"283\">Fabricada en tubo de acero con coca superior en acero inoxidable y base en hierro para generar una total estabilidad. sistema flexible de f\u00e1cil movilidad que ayuda a la eficiencia del examen. conexi\u00f3n a corriente de 110v. Dimensiones: largo 0.40 m &#8211; ancho 0.40m &#8211; altura graduable de 1.50m a 2.00 m.<\/td>\n<td width=\"43\">2<\/td>\n<td width=\"56\">Unidad<\/td>\n<td width=\"58\"><\/td>\n<td width=\"45\"><\/td>\n<td width=\"16\"><\/td>\n<\/tr>\n<tr>\n<td width=\"22\">18<\/td>\n<td width=\"82\">MARTILLOS DE REFLEJO<\/td>\n<td width=\"283\">Elemento necesario para verificar los reflejos en los pacientes.<\/td>\n<td width=\"43\">9<\/td>\n<td width=\"56\">UNIDAD<\/td>\n<td width=\"58\"><\/td>\n<td width=\"45\"><\/td>\n<td width=\"16\"><\/td>\n<\/tr>\n<tr>\n<td width=\"22\">19<\/td>\n<td width=\"82\">monitor de presi\u00f3n arterial (mapa 24 horas)<\/td>\n<td width=\"283\">Pantalla 2.4\u201d TFT \u2013 LCD a color, Indicador de bater\u00eda baja, hora, informaci\u00f3n de la alarma y errores, Alimentaci\u00f3n con 2 pilas alcalinas AA, Memoria de 350 mediciones, Dimensiones: 128 x 69 x 36 mm, Peso &lt; 300g, Medici\u00f3n manual y autom\u00e1tica, Registro continuo de 24 horas, Comunicaci\u00f3n con PC por puerto USB para descargar los datos, Software ABPM para el an\u00e1lisis de los datos y la generaci\u00f3n de informes, puede editar informaci\u00f3n del paciente, centro m\u00e9dico, tratamiento y diagn\u00f3stico del especialista, NIBP (medici\u00f3n no invasiva de la presi\u00f3n arterial),M\u00e9todo de medida: Oscilometr\u00eda-Modo de medici\u00f3n: Medici\u00f3n en el brazo, -Intervalo de medici\u00f3n en modo autom\u00e1tico: 15, 30, 60, 120, 240 minutos. -Rango de medida: 0kPa (0mmHg) ~ 38.67kPa (290mmHg), -Resoluci\u00f3n: 1mmHg, -Precisi\u00f3n: \u00b13mmHg, -Par\u00e1metros de alarma: SYS, DIA.RATIO DE PULSO:-Rango de medida: 40bpm 240bpm-Resoluci\u00f3n: 1bpm<\/td>\n<td width=\"43\">1<\/td>\n<td width=\"56\">unidad<\/td>\n<td width=\"58\"><\/td>\n<td width=\"45\"><\/td>\n<td width=\"16\"><\/td>\n<\/tr>\n<tr>\n<td width=\"22\">20<\/td>\n<td width=\"82\">Ox\u00edmetro<\/td>\n<td width=\"283\">tecnolog\u00eda de inspecci\u00f3n fotoel\u00e9ctrica de oxihemoglobina, que puede usarse para medir la saturaci\u00f3n de ox\u00edgeno humano y la frecuencia del pulso a trav\u00e9s del dedo, Sensor SpO2 integrado y m\u00f3dulo de visualizaci\u00f3n Peque\u00f1o en volumen, ligero en peso y conveniente en llevar F\u00e1cil de operar, bajo consumo de energ\u00eda.<\/td>\n<td width=\"43\">2<\/td>\n<td width=\"56\">Unidad<\/td>\n<td width=\"58\">&nbsp;<\/p>\n<p>&nbsp;<\/td>\n<td width=\"45\"><\/td>\n<td width=\"16\"><\/td>\n<\/tr>\n<tr>\n<td width=\"22\">21<\/td>\n<td width=\"82\">Tall\u00edmetro<\/td>\n<td width=\"283\">Estadi\u00f3metro\/tall\u00edmetro port\u00e1til con rango de medici\u00f3n en cm:20 \u2013 205 cm y divisi\u00f3n:1 mm, 1 mm la solicitud es de tres<\/td>\n<td width=\"43\">3<\/td>\n<td width=\"56\">Unidad<\/td>\n<td width=\"58\"><\/td>\n<td width=\"45\"><\/td>\n<td width=\"16\"><\/td>\n<\/tr>\n<tr>\n<td width=\"22\">22<\/td>\n<td width=\"82\">Tensi\u00f3metro pedi\u00e1trico<\/td>\n<td width=\"283\">2 brazaletes fabricado en nylon (pedi\u00e1trico y neonatal) Bolsa de insuflaci\u00f3n libres de l\u00e1tex reutilizable, con cierre en velcro Man\u00f3metro tipo reloj Escala graduada de 0 a 200 Rango de error de \u00b1 3 mmHg Con m\u00ednimo de divisi\u00f3n de \u00b1 2 mmHg Pera con v\u00e1lvula de liberaci\u00f3n de aire libre de l\u00e1tex Manguera fabricada en PVC con longitud de 50cm Incluye malet\u00edn de transporte fabricado en Nylon, cierre tipo cremallera.<\/td>\n<td width=\"43\">1<\/td>\n<td width=\"56\">Unidad<\/td>\n<td width=\"58\"><\/td>\n<td width=\"45\"><\/td>\n<td width=\"16\"><\/td>\n<\/tr>\n<tr>\n<td width=\"22\">23<\/td>\n<td width=\"82\">TERMOHIGROMETROS<\/td>\n<td width=\"283\">Equipo para registro de condiciones ambientales de temperatura y humedad<\/td>\n<td width=\"43\">5<\/td>\n<td width=\"56\">unidad<\/td>\n<td width=\"58\"><\/td>\n<td width=\"45\"><\/td>\n<td width=\"16\"><\/td>\n<\/tr>\n<tr>\n<td width=\"22\">24<\/td>\n<td width=\"82\">Term\u00f3metro digital<\/td>\n<td width=\"283\">Medici\u00f3n: v\u00eda oral\/ rectal\/axilar, contiene: alarma de medici\u00f3n, memoria de \u00faltima medici\u00f3n y protector pl\u00e1stico, dimensiones: 13.9 x 2.2 x 1.3 cm. Term\u00f3metro Digital de contacto Punta Flexible Ideal para Bebes, Ni\u00f1os, Adultos. pantalla LCD Error +\/- 0.2 Usa Bater\u00eda LR41 de 1.5 V, Grados Celsius, Rango de Temperatura 32 a 42 grados, Memoria de la \u00faltima muestra tomada.<\/td>\n<td width=\"43\">69<\/td>\n<td width=\"56\">Unidad<\/td>\n<td width=\"58\"><\/td>\n<td width=\"45\"><\/td>\n<td width=\"16\"><\/td>\n<\/tr>\n<tr>\n<td colspan=\"6\" width=\"544\"><strong>SUBTOTAL<\/strong><\/td>\n<td width=\"45\"><\/td>\n<td width=\"16\"><\/td>\n<\/tr>\n<tr>\n<td colspan=\"6\" width=\"544\"><strong>IVA<\/strong><\/td>\n<td width=\"45\"><\/td>\n<td width=\"16\"><\/td>\n<\/tr>\n<tr>\n<td colspan=\"6\" width=\"544\"><strong>TOTAL<\/strong><\/td>\n<td width=\"45\"><\/td>\n<td width=\"16\"><\/td>\n<\/tr>\n<\/tbody>\n<\/table>\n<p><strong>Nota: <\/strong>Los proponentes deber\u00e1n especificar dentro de sus ofertas las marcas que se comprometen a entregar en caso de ser escogidos.<\/p>\n<h2>REQUISITOS HABILITANTES Y DE EXISTECIA Y REPRESENTACION LEGAL:<\/h2>\n<ol>\n<li>Carta de presentaci\u00f3n de la propuesta.<\/li>\n<li>Propuesta debidamente foliada.<\/li>\n<li>Con la carta de presentaci\u00f3n de la propuesta se entiende presentada la declaraci\u00f3n juramentada por parte del Proponente de no encontrarse incurso en alguna de las inhabilidades o incompatibilidades previstas en la Ley, ni en conflicto de intereses que pueda afectar el normal desarrollo del contrato, as\u00ed como el origen licito de los recursos destinados para la ejecuci\u00f3n del contrato.<\/li>\n<li>Copia de la cedula de ciudadan\u00eda del proponente ampliada al 150%.<\/li>\n<li>Certificado de existencia y representaci\u00f3n legal, mediante certificado expedido por la c\u00e1mara de comercio con fecha no mayor a treinta (30) d\u00edas del cierre de la presente convocatoria<\/li>\n<li>Registro \u00fanico Tributario<\/li>\n<li>Certificado de antecedentes disciplinarios, fiscales y judiciales tanto del representante legal como de la empresa.<\/li>\n<li>Certificaci\u00f3n bancaria<\/li>\n<li>Estados financieros con corte a 31 de diciembre 2021 y notas de los estados financieros<\/li>\n<li>Copia de la tarjeta profesional del contador quien firma los estados financieros y el certificado de la junta de central de contadores vigente.<\/li>\n<li>Acreditar experiencia adjuntado contratos de suministro.<\/li>\n<\/ol>\n<h3><strong>FECHA, HORA Y LUGAR PRESENTACION DE LAS PROPUESTAS<\/strong><\/h3>\n<p>Las propuestas deben ser radicadas en el \u00e1rea de gesti\u00f3n documental de la IPSI MINGA, carrera 11 # 12n -75 barrio Santa Clara.<\/p>\n<p><strong>APERTURA DE LA CONVOCATORIA: <\/strong>20 de abril de 2022.<\/p>\n<p><strong>CIERRE DE LA CONVOCATORIA:<\/strong> 29 de abril de 2022 a las 5:00 pm.<\/p>\n<p>La propuesta y los requisitos habilitantes deben ser presentados en <strong>SOBRE SELLADO, <\/strong>en el lugar establecido en la presente convocatoria.<\/p>\n<h4><strong><u>Las propuestas fuera del horario, fecha y lugar establecido no se tendr\u00e1n en cuenta para el proceso de selecci\u00f3n.<\/u><\/strong><\/h4>\n<p>Nota: El proceso de selecci\u00f3n del proveedor est\u00e1 exclusivamente a cargo de la Junta Administradora y del comit\u00e9 de compras seg\u00fan el cumplimiento de los requisitos exigidos, ninguna persona de manera individual tiene la autorizaci\u00f3n de negociaci\u00f3n.<\/p>\n<p>Se debe tener en cuenta que el RUT y la c\u00e1mara y comercio deben de contar con la actividad econ\u00f3mica que permita el proceso contractual; de lo contrario favor abstenerse de enviar la cotizaci\u00f3n.<\/p>\n<p><strong>LESVY BEVERLY YONDA NACHE<\/strong><\/p>\n<p>Representante Legal<\/p>\n<p>AIC EPSI<\/p>\n<table style=\"height: 396px;\" width=\"586\">\n<tbody>\n<tr style=\"height: 84px;\">\n<td style=\"height: 84px; width: 335.462px;\">\n<p style=\"text-align: center;\"><strong>LUVIN HUMBERTO TEJADA MU\u00d1OZ<\/strong><\/p>\n<p style=\"text-align: center;\">Coord. Pol\u00edtico Atenci\u00f3n al Comunero<\/p>\n<\/td>\n<td style=\"height: 84px; width: 317.737px; text-align: center;\"><strong>WILSON ALBERTO SANICETO QUISACUE<\/strong><\/p>\n<p>Fiscal<\/td>\n<\/tr>\n<tr style=\"height: 104px;\">\n<td style=\"height: 104px; width: 335.462px;\">\n<p style=\"text-align: center;\"><strong>JAVIER SOSCUE FISCUE<\/strong><\/p>\n<p style=\"text-align: center;\">Coord. Pol\u00edtico de Jur\u00eddica<\/p>\n<\/td>\n<td style=\"height: 104px; width: 317.737px;\">\n<p style=\"text-align: center;\"><strong>ANTONIO NOE QUILINDO QUILINDO<\/strong><\/p>\n<p style=\"text-align: center;\">Coord. Pol\u00edtico Adm\u00f3n y Planeaci\u00f3n<\/p>\n<\/td>\n<\/tr>\n<tr style=\"height: 104px;\">\n<td style=\"height: 104px; width: 335.462px; text-align: center;\"><strong>JOSE WILSON OSNAS CAMPO<\/strong><\/p>\n<p>Coord. pol\u00edtico Aseguramiento<\/td>\n<td style=\"height: 104px; width: 317.737px; text-align: center;\"><strong>GENARO CHIRIMIA DURA<\/strong><\/p>\n<p>Coord. Pol\u00edtico Apoyo Org y Sociocultural<\/td>\n<\/tr>\n<tr style=\"height: 104px;\">\n<td style=\"height: 104px; width: 335.462px; text-align: center;\"><strong>MARISOL ANACONA CASTRO<\/strong><\/p>\n<p>Coord. Pol\u00edtico Financiera<\/td>\n<td style=\"height: 104px; width: 317.737px; text-align: center;\"><strong>EDWIN RENE BECOCHE CAMAYO<\/strong><\/p>\n<p>Coord. Pol\u00edtico Garant\u00eda de la Calidad<\/td>\n<\/tr>\n<\/tbody>\n<\/table>\n<table width=\"100%\">\n<tbody>\n<tr>\n<td width=\"10%\"><strong>Elabor\u00f3:<\/strong><\/td>\n<td width=\"89%\">Eduar Fernando Campo Almendra \u2013 Abogado \u2013 IPS-I Minga<\/td>\n<\/tr>\n<tr>\n<td width=\"10%\"><strong>Revis\u00f3:<\/strong><\/td>\n<td width=\"89%\">Elsa Imelda S\u00e1nchez S \u2013 Representante Legal Encargada IPSI MINGA<\/td>\n<\/tr>\n<\/tbody>\n<\/table>\n<a href=\"https:\/\/www.cric-colombia.org\/portal\/wp-content\/uploads\/2022\/04\/CONVOCATORIA-No.-05-DE-2022-EQUIPO-BIOMEDICOS.pdf\" class=\"pdfemb-viewer\" style=\"\" data-width=\"max\" data-height=\"max\" data-toolbar=\"both\" data-toolbar-fixed=\"off\">CONVOCATORIA No. 05 DE 2022 EQUIPO BIOMEDICOS<\/a>\n","protected":false},"excerpt":{"rendered":"<p>CONVOCATORIA NO. 005 DE 2022 Por medio del cual se convoca a los interesados en participar en la siguiente convocatoria teniendo en cuenta el objeto, la justificaci\u00f3n, especificaciones t\u00e9cnicas, requisitos de habilitaci\u00f3n, de existencia y de representaci\u00f3n legal y dem\u00e1s que se relacionan a continuaci\u00f3n: OBJETO: Contratar la compra de equipos biom\u00e9dicos para la prestaci\u00f3n <\/p>\n","protected":false},"author":6,"featured_media":30239,"comment_status":"open","ping_status":"open","sticky":false,"template":"","format":"standard","meta":{"footnotes":""},"categories":[3,13],"tags":[44],"yoast_head":"<!-- This site is optimized with the Yoast SEO plugin v20.12 - https:\/\/yoast.com\/wordpress\/plugins\/seo\/ -->\n<title>Convocatoria No 005 \u2013 2022: Compra de equipos biom\u00e9dicos para la prestaci\u00f3n de servicios de salud - Consejo Regional Ind\u00edgena del Cauca - CRIC<\/title>\n<meta name=\"robots\" content=\"index, follow, max-snippet:-1, max-image-preview:large, max-video-preview:-1\" \/>\n<link rel=\"canonical\" href=\"https:\/\/www.cric-colombia.org\/portal\/convocatoria-no-005-2022-compra-de-equipos-biomedicos-para-la-prestacion-de-servicios-de-salud\/\" \/>\n<meta property=\"og:locale\" content=\"es_ES\" \/>\n<meta property=\"og:type\" content=\"article\" \/>\n<meta property=\"og:title\" content=\"Convocatoria No 005 \u2013 2022: Compra de equipos biom\u00e9dicos para la prestaci\u00f3n de servicios de salud - Consejo Regional Ind\u00edgena del Cauca - CRIC\" \/>\n<meta property=\"og:description\" content=\"CONVOCATORIA NO. 005 DE 2022 Por medio del cual se convoca a los interesados en participar en la siguiente convocatoria teniendo en cuenta el objeto, la justificaci\u00f3n, especificaciones t\u00e9cnicas, requisitos de habilitaci\u00f3n, de existencia y de representaci\u00f3n legal y dem\u00e1s que se relacionan a continuaci\u00f3n: OBJETO: Contratar la compra de equipos biom\u00e9dicos para la prestaci\u00f3n\" \/>\n<meta property=\"og:url\" content=\"https:\/\/www.cric-colombia.org\/portal\/convocatoria-no-005-2022-compra-de-equipos-biomedicos-para-la-prestacion-de-servicios-de-salud\/\" \/>\n<meta property=\"og:site_name\" content=\"Consejo Regional Ind\u00edgena del Cauca - CRIC\" \/>\n<meta property=\"article:publisher\" content=\"https:\/\/www.facebook.com\/cric.colombia\/\" \/>\n<meta property=\"article:published_time\" content=\"2022-04-20T23:59:20+00:00\" \/>\n<meta property=\"article:modified_time\" content=\"2022-04-21T00:02:13+00:00\" \/>\n<meta property=\"og:image\" content=\"https:\/\/www.cric-colombia.org\/portal\/wp-content\/uploads\/2021\/02\/Convocatoria-Minga-AIC.jpg\" \/>\n\t<meta property=\"og:image:width\" content=\"1920\" \/>\n\t<meta property=\"og:image:height\" content=\"1080\" \/>\n\t<meta property=\"og:image:type\" content=\"image\/jpeg\" \/>\n<meta name=\"author\" content=\"Comunicaciones CRIC\" \/>\n<meta name=\"twitter:card\" content=\"summary_large_image\" \/>\n<meta name=\"twitter:creator\" content=\"@CRIC_Cauca\" \/>\n<meta name=\"twitter:site\" content=\"@CRIC_Cauca\" \/>\n<meta name=\"twitter:label1\" content=\"Escrito por\" \/>\n\t<meta name=\"twitter:data1\" content=\"Comunicaciones CRIC\" \/>\n\t<meta name=\"twitter:label2\" content=\"Tiempo de lectura\" \/>\n\t<meta name=\"twitter:data2\" content=\"10 minutos\" \/>\n<script type=\"application\/ld+json\" class=\"yoast-schema-graph\">{\"@context\":\"https:\/\/schema.org\",\"@graph\":[{\"@type\":\"Article\",\"@id\":\"https:\/\/www.cric-colombia.org\/portal\/convocatoria-no-005-2022-compra-de-equipos-biomedicos-para-la-prestacion-de-servicios-de-salud\/#article\",\"isPartOf\":{\"@id\":\"https:\/\/www.cric-colombia.org\/portal\/convocatoria-no-005-2022-compra-de-equipos-biomedicos-para-la-prestacion-de-servicios-de-salud\/\"},\"author\":{\"name\":\"Comunicaciones CRIC\",\"@id\":\"https:\/\/www.cric-colombia.org\/portal\/#\/schema\/person\/ab3a3099267de33d55f74f34ba201931\"},\"headline\":\"Convocatoria No 005 \u2013 2022: Compra de equipos biom\u00e9dicos para la prestaci\u00f3n de servicios de salud\",\"datePublished\":\"2022-04-20T23:59:20+00:00\",\"dateModified\":\"2022-04-21T00:02:13+00:00\",\"mainEntityOfPage\":{\"@id\":\"https:\/\/www.cric-colombia.org\/portal\/convocatoria-no-005-2022-compra-de-equipos-biomedicos-para-la-prestacion-de-servicios-de-salud\/\"},\"wordCount\":2015,\"commentCount\":0,\"publisher\":{\"@id\":\"https:\/\/www.cric-colombia.org\/portal\/#organization\"},\"keywords\":[\"Convocatoria\"],\"articleSection\":[\"Actualidad Ind\u00edgena del Cauca\",\"Convocatorias\"],\"inLanguage\":\"es\",\"potentialAction\":[{\"@type\":\"CommentAction\",\"name\":\"Comment\",\"target\":[\"https:\/\/www.cric-colombia.org\/portal\/convocatoria-no-005-2022-compra-de-equipos-biomedicos-para-la-prestacion-de-servicios-de-salud\/#respond\"]}]},{\"@type\":\"WebPage\",\"@id\":\"https:\/\/www.cric-colombia.org\/portal\/convocatoria-no-005-2022-compra-de-equipos-biomedicos-para-la-prestacion-de-servicios-de-salud\/\",\"url\":\"https:\/\/www.cric-colombia.org\/portal\/convocatoria-no-005-2022-compra-de-equipos-biomedicos-para-la-prestacion-de-servicios-de-salud\/\",\"name\":\"Convocatoria No 005 \u2013 2022: Compra de equipos biom\u00e9dicos para la prestaci\u00f3n de servicios de salud - Consejo Regional Ind\u00edgena del Cauca - CRIC\",\"isPartOf\":{\"@id\":\"https:\/\/www.cric-colombia.org\/portal\/#website\"},\"datePublished\":\"2022-04-20T23:59:20+00:00\",\"dateModified\":\"2022-04-21T00:02:13+00:00\",\"breadcrumb\":{\"@id\":\"https:\/\/www.cric-colombia.org\/portal\/convocatoria-no-005-2022-compra-de-equipos-biomedicos-para-la-prestacion-de-servicios-de-salud\/#breadcrumb\"},\"inLanguage\":\"es\",\"potentialAction\":[{\"@type\":\"ReadAction\",\"target\":[\"https:\/\/www.cric-colombia.org\/portal\/convocatoria-no-005-2022-compra-de-equipos-biomedicos-para-la-prestacion-de-servicios-de-salud\/\"]}]},{\"@type\":\"BreadcrumbList\",\"@id\":\"https:\/\/www.cric-colombia.org\/portal\/convocatoria-no-005-2022-compra-de-equipos-biomedicos-para-la-prestacion-de-servicios-de-salud\/#breadcrumb\",\"itemListElement\":[{\"@type\":\"ListItem\",\"position\":1,\"name\":\"Portada\",\"item\":\"https:\/\/www.cric-colombia.org\/portal\/\"},{\"@type\":\"ListItem\",\"position\":2,\"name\":\"Convocatoria No 005 \u2013 2022: Compra de equipos biom\u00e9dicos para la prestaci\u00f3n de servicios de salud\"}]},{\"@type\":\"WebSite\",\"@id\":\"https:\/\/www.cric-colombia.org\/portal\/#website\",\"url\":\"https:\/\/www.cric-colombia.org\/portal\/\",\"name\":\"Consejo Regional Ind\u00edgena del Cauca - CRIC\",\"description\":\"P\u00e1gina oficial del Consejo Regional Ind\u00edgena del Cauca, Colombia\",\"publisher\":{\"@id\":\"https:\/\/www.cric-colombia.org\/portal\/#organization\"},\"potentialAction\":[{\"@type\":\"SearchAction\",\"target\":{\"@type\":\"EntryPoint\",\"urlTemplate\":\"https:\/\/www.cric-colombia.org\/portal\/?s={search_term_string}\"},\"query-input\":\"required name=search_term_string\"}],\"inLanguage\":\"es\"},{\"@type\":\"Organization\",\"@id\":\"https:\/\/www.cric-colombia.org\/portal\/#organization\",\"name\":\"Consejo Regional Ind\u00edgena del Cauca\",\"url\":\"https:\/\/www.cric-colombia.org\/portal\/\",\"logo\":{\"@type\":\"ImageObject\",\"inLanguage\":\"es\",\"@id\":\"https:\/\/www.cric-colombia.org\/portal\/#\/schema\/logo\/image\/\",\"url\":\"https:\/\/www.cric-colombia.org\/portal\/wp-content\/uploads\/2015\/08\/logo_cric.jpg\",\"contentUrl\":\"https:\/\/www.cric-colombia.org\/portal\/wp-content\/uploads\/2015\/08\/logo_cric.jpg\",\"width\":512,\"height\":512,\"caption\":\"Consejo Regional Ind\u00edgena del Cauca\"},\"image\":{\"@id\":\"https:\/\/www.cric-colombia.org\/portal\/#\/schema\/logo\/image\/\"},\"sameAs\":[\"https:\/\/www.facebook.com\/cric.colombia\/\",\"https:\/\/twitter.com\/CRIC_Cauca\"]},{\"@type\":\"Person\",\"@id\":\"https:\/\/www.cric-colombia.org\/portal\/#\/schema\/person\/ab3a3099267de33d55f74f34ba201931\",\"name\":\"Comunicaciones CRIC\",\"image\":{\"@type\":\"ImageObject\",\"inLanguage\":\"es\",\"@id\":\"https:\/\/www.cric-colombia.org\/portal\/#\/schema\/person\/image\/\",\"url\":\"https:\/\/secure.gravatar.com\/avatar\/a8d1a6cfcb82a80d09dafefdcc3dcc8a?s=96&d=retro&r=g\",\"contentUrl\":\"https:\/\/secure.gravatar.com\/avatar\/a8d1a6cfcb82a80d09dafefdcc3dcc8a?s=96&d=retro&r=g\",\"caption\":\"Comunicaciones CRIC\"},\"url\":\"https:\/\/www.cric-colombia.org\/portal\/author\/comunicaciones\/\"}]}<\/script>\n<!-- \/ Yoast SEO plugin. -->","yoast_head_json":{"title":"Convocatoria No 005 \u2013 2022: Compra de equipos biom\u00e9dicos para la prestaci\u00f3n de servicios de salud - Consejo Regional Ind\u00edgena del Cauca - CRIC","robots":{"index":"index","follow":"follow","max-snippet":"max-snippet:-1","max-image-preview":"max-image-preview:large","max-video-preview":"max-video-preview:-1"},"canonical":"https:\/\/www.cric-colombia.org\/portal\/convocatoria-no-005-2022-compra-de-equipos-biomedicos-para-la-prestacion-de-servicios-de-salud\/","og_locale":"es_ES","og_type":"article","og_title":"Convocatoria No 005 \u2013 2022: Compra de equipos biom\u00e9dicos para la prestaci\u00f3n de servicios de salud - Consejo Regional Ind\u00edgena del Cauca - CRIC","og_description":"CONVOCATORIA NO. 005 DE 2022 Por medio del cual se convoca a los interesados en participar en la siguiente convocatoria teniendo en cuenta el objeto, la justificaci\u00f3n, especificaciones t\u00e9cnicas, requisitos de habilitaci\u00f3n, de existencia y de representaci\u00f3n legal y dem\u00e1s que se relacionan a continuaci\u00f3n: OBJETO: Contratar la compra de equipos biom\u00e9dicos para la prestaci\u00f3n","og_url":"https:\/\/www.cric-colombia.org\/portal\/convocatoria-no-005-2022-compra-de-equipos-biomedicos-para-la-prestacion-de-servicios-de-salud\/","og_site_name":"Consejo Regional Ind\u00edgena del Cauca - CRIC","article_publisher":"https:\/\/www.facebook.com\/cric.colombia\/","article_published_time":"2022-04-20T23:59:20+00:00","article_modified_time":"2022-04-21T00:02:13+00:00","og_image":[{"width":1920,"height":1080,"url":"https:\/\/www.cric-colombia.org\/portal\/wp-content\/uploads\/2021\/02\/Convocatoria-Minga-AIC.jpg","type":"image\/jpeg"}],"author":"Comunicaciones CRIC","twitter_card":"summary_large_image","twitter_creator":"@CRIC_Cauca","twitter_site":"@CRIC_Cauca","twitter_misc":{"Escrito por":"Comunicaciones CRIC","Tiempo de lectura":"10 minutos"},"schema":{"@context":"https:\/\/schema.org","@graph":[{"@type":"Article","@id":"https:\/\/www.cric-colombia.org\/portal\/convocatoria-no-005-2022-compra-de-equipos-biomedicos-para-la-prestacion-de-servicios-de-salud\/#article","isPartOf":{"@id":"https:\/\/www.cric-colombia.org\/portal\/convocatoria-no-005-2022-compra-de-equipos-biomedicos-para-la-prestacion-de-servicios-de-salud\/"},"author":{"name":"Comunicaciones CRIC","@id":"https:\/\/www.cric-colombia.org\/portal\/#\/schema\/person\/ab3a3099267de33d55f74f34ba201931"},"headline":"Convocatoria No 005 \u2013 2022: Compra de equipos biom\u00e9dicos para la prestaci\u00f3n de servicios de salud","datePublished":"2022-04-20T23:59:20+00:00","dateModified":"2022-04-21T00:02:13+00:00","mainEntityOfPage":{"@id":"https:\/\/www.cric-colombia.org\/portal\/convocatoria-no-005-2022-compra-de-equipos-biomedicos-para-la-prestacion-de-servicios-de-salud\/"},"wordCount":2015,"commentCount":0,"publisher":{"@id":"https:\/\/www.cric-colombia.org\/portal\/#organization"},"keywords":["Convocatoria"],"articleSection":["Actualidad Ind\u00edgena del Cauca","Convocatorias"],"inLanguage":"es","potentialAction":[{"@type":"CommentAction","name":"Comment","target":["https:\/\/www.cric-colombia.org\/portal\/convocatoria-no-005-2022-compra-de-equipos-biomedicos-para-la-prestacion-de-servicios-de-salud\/#respond"]}]},{"@type":"WebPage","@id":"https:\/\/www.cric-colombia.org\/portal\/convocatoria-no-005-2022-compra-de-equipos-biomedicos-para-la-prestacion-de-servicios-de-salud\/","url":"https:\/\/www.cric-colombia.org\/portal\/convocatoria-no-005-2022-compra-de-equipos-biomedicos-para-la-prestacion-de-servicios-de-salud\/","name":"Convocatoria No 005 \u2013 2022: Compra de equipos biom\u00e9dicos para la prestaci\u00f3n de servicios de salud - Consejo Regional Ind\u00edgena del Cauca - CRIC","isPartOf":{"@id":"https:\/\/www.cric-colombia.org\/portal\/#website"},"datePublished":"2022-04-20T23:59:20+00:00","dateModified":"2022-04-21T00:02:13+00:00","breadcrumb":{"@id":"https:\/\/www.cric-colombia.org\/portal\/convocatoria-no-005-2022-compra-de-equipos-biomedicos-para-la-prestacion-de-servicios-de-salud\/#breadcrumb"},"inLanguage":"es","potentialAction":[{"@type":"ReadAction","target":["https:\/\/www.cric-colombia.org\/portal\/convocatoria-no-005-2022-compra-de-equipos-biomedicos-para-la-prestacion-de-servicios-de-salud\/"]}]},{"@type":"BreadcrumbList","@id":"https:\/\/www.cric-colombia.org\/portal\/convocatoria-no-005-2022-compra-de-equipos-biomedicos-para-la-prestacion-de-servicios-de-salud\/#breadcrumb","itemListElement":[{"@type":"ListItem","position":1,"name":"Portada","item":"https:\/\/www.cric-colombia.org\/portal\/"},{"@type":"ListItem","position":2,"name":"Convocatoria No 005 \u2013 2022: Compra de equipos biom\u00e9dicos para la prestaci\u00f3n de servicios de salud"}]},{"@type":"WebSite","@id":"https:\/\/www.cric-colombia.org\/portal\/#website","url":"https:\/\/www.cric-colombia.org\/portal\/","name":"Consejo Regional Ind\u00edgena del Cauca - CRIC","description":"P\u00e1gina oficial del Consejo Regional Ind\u00edgena del Cauca, Colombia","publisher":{"@id":"https:\/\/www.cric-colombia.org\/portal\/#organization"},"potentialAction":[{"@type":"SearchAction","target":{"@type":"EntryPoint","urlTemplate":"https:\/\/www.cric-colombia.org\/portal\/?s={search_term_string}"},"query-input":"required name=search_term_string"}],"inLanguage":"es"},{"@type":"Organization","@id":"https:\/\/www.cric-colombia.org\/portal\/#organization","name":"Consejo Regional Ind\u00edgena del Cauca","url":"https:\/\/www.cric-colombia.org\/portal\/","logo":{"@type":"ImageObject","inLanguage":"es","@id":"https:\/\/www.cric-colombia.org\/portal\/#\/schema\/logo\/image\/","url":"https:\/\/www.cric-colombia.org\/portal\/wp-content\/uploads\/2015\/08\/logo_cric.jpg","contentUrl":"https:\/\/www.cric-colombia.org\/portal\/wp-content\/uploads\/2015\/08\/logo_cric.jpg","width":512,"height":512,"caption":"Consejo Regional Ind\u00edgena del Cauca"},"image":{"@id":"https:\/\/www.cric-colombia.org\/portal\/#\/schema\/logo\/image\/"},"sameAs":["https:\/\/www.facebook.com\/cric.colombia\/","https:\/\/twitter.com\/CRIC_Cauca"]},{"@type":"Person","@id":"https:\/\/www.cric-colombia.org\/portal\/#\/schema\/person\/ab3a3099267de33d55f74f34ba201931","name":"Comunicaciones CRIC","image":{"@type":"ImageObject","inLanguage":"es","@id":"https:\/\/www.cric-colombia.org\/portal\/#\/schema\/person\/image\/","url":"https:\/\/secure.gravatar.com\/avatar\/a8d1a6cfcb82a80d09dafefdcc3dcc8a?s=96&d=retro&r=g","contentUrl":"https:\/\/secure.gravatar.com\/avatar\/a8d1a6cfcb82a80d09dafefdcc3dcc8a?s=96&d=retro&r=g","caption":"Comunicaciones CRIC"},"url":"https:\/\/www.cric-colombia.org\/portal\/author\/comunicaciones\/"}]}},"jetpack_featured_media_url":"https:\/\/www.cric-colombia.org\/portal\/wp-content\/uploads\/2021\/02\/Convocatoria-Minga-AIC.jpg","_links":{"self":[{"href":"https:\/\/www.cric-colombia.org\/portal\/wp-json\/wp\/v2\/posts\/34171"}],"collection":[{"href":"https:\/\/www.cric-colombia.org\/portal\/wp-json\/wp\/v2\/posts"}],"about":[{"href":"https:\/\/www.cric-colombia.org\/portal\/wp-json\/wp\/v2\/types\/post"}],"author":[{"embeddable":true,"href":"https:\/\/www.cric-colombia.org\/portal\/wp-json\/wp\/v2\/users\/6"}],"replies":[{"embeddable":true,"href":"https:\/\/www.cric-colombia.org\/portal\/wp-json\/wp\/v2\/comments?post=34171"}],"version-history":[{"count":2,"href":"https:\/\/www.cric-colombia.org\/portal\/wp-json\/wp\/v2\/posts\/34171\/revisions"}],"predecessor-version":[{"id":34175,"href":"https:\/\/www.cric-colombia.org\/portal\/wp-json\/wp\/v2\/posts\/34171\/revisions\/34175"}],"wp:featuredmedia":[{"embeddable":true,"href":"https:\/\/www.cric-colombia.org\/portal\/wp-json\/wp\/v2\/media\/30239"}],"wp:attachment":[{"href":"https:\/\/www.cric-colombia.org\/portal\/wp-json\/wp\/v2\/media?parent=34171"}],"wp:term":[{"taxonomy":"category","embeddable":true,"href":"https:\/\/www.cric-colombia.org\/portal\/wp-json\/wp\/v2\/categories?post=34171"},{"taxonomy":"post_tag","embeddable":true,"href":"https:\/\/www.cric-colombia.org\/portal\/wp-json\/wp\/v2\/tags?post=34171"}],"curies":[{"name":"wp","href":"https:\/\/api.w.org\/{rel}","templated":true}]}}