{"id":33348,"date":"2022-02-10T12:15:39","date_gmt":"2022-02-10T17:15:39","guid":{"rendered":"https:\/\/www.cric-colombia.org\/portal\/?p=33348"},"modified":"2022-02-10T12:15:39","modified_gmt":"2022-02-10T17:15:39","slug":"estudiantes-expresaron-apoyo-y-respaldo-ante-el-cuidado-de-la-vida-y-el-territorio-en-jambalo","status":"publish","type":"post","link":"https:\/\/www.cric-colombia.org\/portal\/estudiantes-expresaron-apoyo-y-respaldo-ante-el-cuidado-de-la-vida-y-el-territorio-en-jambalo\/","title":{"rendered":"Estudiantes expresaron apoyo y respaldo ante el cuidado de la vida y el territorio en #Jambal\u00f3"},"content":{"rendered":"<p>Bajo el lema \u201cCUIDANDO LA Y\u00c1T WALA CUIDAMOS EL TERRITORIO\u201d la familia de la instituci\u00f3n educativa del Bachillerato T\u00e9cnico Agr\u00edcola Jambal\u00f3, integrada por un sinn\u00famero de estudiantes, docentes, Dinamizadores y cuerpo directivo adelantaron la actividad Pedag\u00f3gica APRENDIENDO EN LA Y\u00c1T WALA, en aras de concientizar a la comunidad educativa y de la poblaci\u00f3n del territorio sobre el cuidado de la madre tierra y el respeto de nuestros valores culturales.<img decoding=\"async\" loading=\"lazy\" class=\" wp-image-33357 aligncenter\" src=\"https:\/\/www.cric-colombia.org\/portal\/wp-content\/uploads\/2022\/02\/Estudiantes-expresaron-apoyo-y-respaldo-ante-el-cuidado-de-la-vida-y-el-territorio-en-Jambal\u00f3-3-169x300.jpg\" alt=\"\" width=\"318\" height=\"561\" \/><\/p>\n<p>La actividad se llev\u00f3 a cabo este mi\u00e9rcoles 09 de febrero de 2022, en las instalaciones de La casa Grande YAT WALA del plan de vida proyecto Global, en una acci\u00f3n de respaldo frente a las decisiones comunitarias en el cuidado de la vida y el respeto por el Territorio.<img decoding=\"async\" loading=\"lazy\" class=\" wp-image-33356 aligncenter\" src=\"https:\/\/www.cric-colombia.org\/portal\/wp-content\/uploads\/2022\/02\/Estudiantes-expresaron-apoyo-y-respaldo-ante-el-cuidado-de-la-vida-y-el-territorio-en-Jambal\u00f3-2-169x300.jpg\" alt=\"\" width=\"315\" height=\"556\" \/><\/p>\n<p>Entre pancartas, int\u00e9rpretes musicales, lemas y arengas de unidad y resistencia de los pueblos, los asistentes ratifican el respaldo a nuestra autoridad Ancestral en el ejercicio de Orientaci\u00f3n y liderazgo de las desarmon\u00edas que se vienen presentando en el territorio.<img decoding=\"async\" loading=\"lazy\" class=\" wp-image-33355 aligncenter\" src=\"https:\/\/www.cric-colombia.org\/portal\/wp-content\/uploads\/2022\/02\/Estudiantes-expresaron-apoyo-y-respaldo-ante-el-cuidado-de-la-vida-y-el-territorio-en-Jambal\u00f3-1-300x225.jpg\" alt=\"\" width=\"461\" height=\"346\" srcset=\"https:\/\/www.cric-colombia.org\/portal\/wp-content\/uploads\/2022\/02\/Estudiantes-expresaron-apoyo-y-respaldo-ante-el-cuidado-de-la-vida-y-el-territorio-en-Jambal\u00f3-1-300x225.jpg 300w, https:\/\/www.cric-colombia.org\/portal\/wp-content\/uploads\/2022\/02\/Estudiantes-expresaron-apoyo-y-respaldo-ante-el-cuidado-de-la-vida-y-el-territorio-en-Jambal\u00f3-1-768x576.jpg 768w, https:\/\/www.cric-colombia.org\/portal\/wp-content\/uploads\/2022\/02\/Estudiantes-expresaron-apoyo-y-respaldo-ante-el-cuidado-de-la-vida-y-el-territorio-en-Jambal\u00f3-1-1024x768.jpg 1024w, https:\/\/www.cric-colombia.org\/portal\/wp-content\/uploads\/2022\/02\/Estudiantes-expresaron-apoyo-y-respaldo-ante-el-cuidado-de-la-vida-y-el-territorio-en-Jambal\u00f3-1-80x60.jpg 80w, https:\/\/www.cric-colombia.org\/portal\/wp-content\/uploads\/2022\/02\/Estudiantes-expresaron-apoyo-y-respaldo-ante-el-cuidado-de-la-vida-y-el-territorio-en-Jambal\u00f3-1-265x198.jpg 265w, https:\/\/www.cric-colombia.org\/portal\/wp-content\/uploads\/2022\/02\/Estudiantes-expresaron-apoyo-y-respaldo-ante-el-cuidado-de-la-vida-y-el-territorio-en-Jambal\u00f3-1-696x522.jpg 696w, https:\/\/www.cric-colombia.org\/portal\/wp-content\/uploads\/2022\/02\/Estudiantes-expresaron-apoyo-y-respaldo-ante-el-cuidado-de-la-vida-y-el-territorio-en-Jambal\u00f3-1-1068x801.jpg 1068w, https:\/\/www.cric-colombia.org\/portal\/wp-content\/uploads\/2022\/02\/Estudiantes-expresaron-apoyo-y-respaldo-ante-el-cuidado-de-la-vida-y-el-territorio-en-Jambal\u00f3-1-560x420.jpg 560w, https:\/\/www.cric-colombia.org\/portal\/wp-content\/uploads\/2022\/02\/Estudiantes-expresaron-apoyo-y-respaldo-ante-el-cuidado-de-la-vida-y-el-territorio-en-Jambal\u00f3-1.jpg 1280w\" sizes=\"(max-width: 461px) 100vw, 461px\" \/><\/p>\n<p>El arte, los instrumentos musicales, la pintura y el pensamiento expresaron el sentir de la poblaci\u00f3n futura y venidera para que logren vivir en armon\u00eda y equilibrio entre el hombre y la naturaleza, ya que el cuidado de nuestra casa grande es tarea de Todos.<\/p>\n<p>\u201cCuidando la Y\u00e1t Wala, cuidamos el territorio\u201d Instituci\u00f3n del Bachillerato T\u00e9cnico Agr\u00edcola de Jambal\u00f3.<\/p>\n<p>Por Emisora voces de nuestra tierra de Jambalo<\/p>\n","protected":false},"excerpt":{"rendered":"<p>Bajo el lema \u201cCUIDANDO LA Y\u00c1T WALA CUIDAMOS EL TERRITORIO\u201d la familia de la instituci\u00f3n educativa del Bachillerato T\u00e9cnico Agr\u00edcola Jambal\u00f3, integrada por un sinn\u00famero de estudiantes, docentes, Dinamizadores y cuerpo directivo adelantaron la actividad Pedag\u00f3gica APRENDIENDO EN LA Y\u00c1T WALA, en aras de concientizar a la comunidad educativa y de la poblaci\u00f3n del territorio <\/p>\n","protected":false},"author":6,"featured_media":33358,"comment_status":"open","ping_status":"open","sticky":false,"template":"","format":"standard","meta":{"footnotes":""},"categories":[3],"tags":[196,393],"yoast_head":"<!-- This site is optimized with the Yoast SEO plugin v20.12 - https:\/\/yoast.com\/wordpress\/plugins\/seo\/ -->\n<title>Estudiantes expresaron apoyo y respaldo ante el cuidado de la vida y el territorio en #Jambal\u00f3 - Consejo Regional Ind\u00edgena del Cauca - CRIC<\/title>\n<meta name=\"robots\" content=\"index, follow, max-snippet:-1, max-image-preview:large, max-video-preview:-1\" \/>\n<link rel=\"canonical\" href=\"https:\/\/www.cric-colombia.org\/portal\/estudiantes-expresaron-apoyo-y-respaldo-ante-el-cuidado-de-la-vida-y-el-territorio-en-jambalo\/\" \/>\n<meta property=\"og:locale\" content=\"es_ES\" \/>\n<meta property=\"og:type\" content=\"article\" \/>\n<meta property=\"og:title\" content=\"Estudiantes expresaron apoyo y respaldo ante el cuidado de la vida y el territorio en #Jambal\u00f3 - Consejo Regional Ind\u00edgena del Cauca - CRIC\" \/>\n<meta property=\"og:description\" content=\"Bajo el lema \u201cCUIDANDO LA Y\u00c1T WALA CUIDAMOS EL TERRITORIO\u201d la familia de la instituci\u00f3n educativa del Bachillerato T\u00e9cnico Agr\u00edcola Jambal\u00f3, integrada por un sinn\u00famero de estudiantes, docentes, Dinamizadores y cuerpo directivo adelantaron la actividad Pedag\u00f3gica APRENDIENDO EN LA Y\u00c1T WALA, en aras de concientizar a la comunidad educativa y de la poblaci\u00f3n del territorio\" \/>\n<meta property=\"og:url\" content=\"https:\/\/www.cric-colombia.org\/portal\/estudiantes-expresaron-apoyo-y-respaldo-ante-el-cuidado-de-la-vida-y-el-territorio-en-jambalo\/\" \/>\n<meta property=\"og:site_name\" content=\"Consejo Regional Ind\u00edgena del Cauca - CRIC\" \/>\n<meta property=\"article:publisher\" content=\"https:\/\/www.facebook.com\/cric.colombia\/\" \/>\n<meta property=\"article:published_time\" content=\"2022-02-10T17:15:39+00:00\" \/>\n<meta property=\"og:image\" content=\"https:\/\/www.cric-colombia.org\/portal\/wp-content\/uploads\/2022\/02\/Estudiantes-expresaron-apoyo-y-respaldo-ante-el-cuidado-de-la-vida-y-el-territorio-en-Jambal\u00f3-4.jpg\" \/>\n\t<meta property=\"og:image:width\" content=\"900\" \/>\n\t<meta property=\"og:image:height\" content=\"507\" \/>\n\t<meta property=\"og:image:type\" content=\"image\/jpeg\" \/>\n<meta name=\"author\" content=\"Comunicaciones CRIC\" \/>\n<meta name=\"twitter:card\" content=\"summary_large_image\" \/>\n<meta name=\"twitter:creator\" content=\"@CRIC_Cauca\" \/>\n<meta name=\"twitter:site\" content=\"@CRIC_Cauca\" \/>\n<meta name=\"twitter:label1\" content=\"Escrito por\" \/>\n\t<meta name=\"twitter:data1\" content=\"Comunicaciones CRIC\" \/>\n\t<meta name=\"twitter:label2\" content=\"Tiempo de lectura\" \/>\n\t<meta name=\"twitter:data2\" content=\"1 minuto\" \/>\n<script type=\"application\/ld+json\" class=\"yoast-schema-graph\">{\"@context\":\"https:\/\/schema.org\",\"@graph\":[{\"@type\":\"Article\",\"@id\":\"https:\/\/www.cric-colombia.org\/portal\/estudiantes-expresaron-apoyo-y-respaldo-ante-el-cuidado-de-la-vida-y-el-territorio-en-jambalo\/#article\",\"isPartOf\":{\"@id\":\"https:\/\/www.cric-colombia.org\/portal\/estudiantes-expresaron-apoyo-y-respaldo-ante-el-cuidado-de-la-vida-y-el-territorio-en-jambalo\/\"},\"author\":{\"name\":\"Comunicaciones CRIC\",\"@id\":\"https:\/\/www.cric-colombia.org\/portal\/#\/schema\/person\/ab3a3099267de33d55f74f34ba201931\"},\"headline\":\"Estudiantes expresaron apoyo y respaldo ante el cuidado de la vida y el territorio en #Jambal\u00f3\",\"datePublished\":\"2022-02-10T17:15:39+00:00\",\"dateModified\":\"2022-02-10T17:15:39+00:00\",\"mainEntityOfPage\":{\"@id\":\"https:\/\/www.cric-colombia.org\/portal\/estudiantes-expresaron-apoyo-y-respaldo-ante-el-cuidado-de-la-vida-y-el-territorio-en-jambalo\/\"},\"wordCount\":259,\"commentCount\":0,\"publisher\":{\"@id\":\"https:\/\/www.cric-colombia.org\/portal\/#organization\"},\"keywords\":[\"jambalo\",\"Norte\"],\"articleSection\":[\"Actualidad Ind\u00edgena del Cauca\"],\"inLanguage\":\"es\",\"potentialAction\":[{\"@type\":\"CommentAction\",\"name\":\"Comment\",\"target\":[\"https:\/\/www.cric-colombia.org\/portal\/estudiantes-expresaron-apoyo-y-respaldo-ante-el-cuidado-de-la-vida-y-el-territorio-en-jambalo\/#respond\"]}]},{\"@type\":\"WebPage\",\"@id\":\"https:\/\/www.cric-colombia.org\/portal\/estudiantes-expresaron-apoyo-y-respaldo-ante-el-cuidado-de-la-vida-y-el-territorio-en-jambalo\/\",\"url\":\"https:\/\/www.cric-colombia.org\/portal\/estudiantes-expresaron-apoyo-y-respaldo-ante-el-cuidado-de-la-vida-y-el-territorio-en-jambalo\/\",\"name\":\"Estudiantes expresaron apoyo y respaldo ante el cuidado de la vida y el territorio en #Jambal\u00f3 - Consejo Regional Ind\u00edgena del Cauca - CRIC\",\"isPartOf\":{\"@id\":\"https:\/\/www.cric-colombia.org\/portal\/#website\"},\"datePublished\":\"2022-02-10T17:15:39+00:00\",\"dateModified\":\"2022-02-10T17:15:39+00:00\",\"breadcrumb\":{\"@id\":\"https:\/\/www.cric-colombia.org\/portal\/estudiantes-expresaron-apoyo-y-respaldo-ante-el-cuidado-de-la-vida-y-el-territorio-en-jambalo\/#breadcrumb\"},\"inLanguage\":\"es\",\"potentialAction\":[{\"@type\":\"ReadAction\",\"target\":[\"https:\/\/www.cric-colombia.org\/portal\/estudiantes-expresaron-apoyo-y-respaldo-ante-el-cuidado-de-la-vida-y-el-territorio-en-jambalo\/\"]}]},{\"@type\":\"BreadcrumbList\",\"@id\":\"https:\/\/www.cric-colombia.org\/portal\/estudiantes-expresaron-apoyo-y-respaldo-ante-el-cuidado-de-la-vida-y-el-territorio-en-jambalo\/#breadcrumb\",\"itemListElement\":[{\"@type\":\"ListItem\",\"position\":1,\"name\":\"Portada\",\"item\":\"https:\/\/www.cric-colombia.org\/portal\/\"},{\"@type\":\"ListItem\",\"position\":2,\"name\":\"Estudiantes expresaron apoyo y respaldo ante el cuidado de la vida y el territorio en #Jambal\u00f3\"}]},{\"@type\":\"WebSite\",\"@id\":\"https:\/\/www.cric-colombia.org\/portal\/#website\",\"url\":\"https:\/\/www.cric-colombia.org\/portal\/\",\"name\":\"Consejo Regional Ind\u00edgena del Cauca - CRIC\",\"description\":\"P\u00e1gina oficial del Consejo Regional Ind\u00edgena del Cauca, Colombia\",\"publisher\":{\"@id\":\"https:\/\/www.cric-colombia.org\/portal\/#organization\"},\"potentialAction\":[{\"@type\":\"SearchAction\",\"target\":{\"@type\":\"EntryPoint\",\"urlTemplate\":\"https:\/\/www.cric-colombia.org\/portal\/?s={search_term_string}\"},\"query-input\":\"required name=search_term_string\"}],\"inLanguage\":\"es\"},{\"@type\":\"Organization\",\"@id\":\"https:\/\/www.cric-colombia.org\/portal\/#organization\",\"name\":\"Consejo Regional Ind\u00edgena del Cauca\",\"url\":\"https:\/\/www.cric-colombia.org\/portal\/\",\"logo\":{\"@type\":\"ImageObject\",\"inLanguage\":\"es\",\"@id\":\"https:\/\/www.cric-colombia.org\/portal\/#\/schema\/logo\/image\/\",\"url\":\"https:\/\/www.cric-colombia.org\/portal\/wp-content\/uploads\/2015\/08\/logo_cric.jpg\",\"contentUrl\":\"https:\/\/www.cric-colombia.org\/portal\/wp-content\/uploads\/2015\/08\/logo_cric.jpg\",\"width\":512,\"height\":512,\"caption\":\"Consejo Regional Ind\u00edgena del Cauca\"},\"image\":{\"@id\":\"https:\/\/www.cric-colombia.org\/portal\/#\/schema\/logo\/image\/\"},\"sameAs\":[\"https:\/\/www.facebook.com\/cric.colombia\/\",\"https:\/\/twitter.com\/CRIC_Cauca\"]},{\"@type\":\"Person\",\"@id\":\"https:\/\/www.cric-colombia.org\/portal\/#\/schema\/person\/ab3a3099267de33d55f74f34ba201931\",\"name\":\"Comunicaciones CRIC\",\"image\":{\"@type\":\"ImageObject\",\"inLanguage\":\"es\",\"@id\":\"https:\/\/www.cric-colombia.org\/portal\/#\/schema\/person\/image\/\",\"url\":\"https:\/\/secure.gravatar.com\/avatar\/a8d1a6cfcb82a80d09dafefdcc3dcc8a?s=96&d=retro&r=g\",\"contentUrl\":\"https:\/\/secure.gravatar.com\/avatar\/a8d1a6cfcb82a80d09dafefdcc3dcc8a?s=96&d=retro&r=g\",\"caption\":\"Comunicaciones CRIC\"},\"url\":\"https:\/\/www.cric-colombia.org\/portal\/author\/comunicaciones\/\"}]}<\/script>\n<!-- \/ Yoast SEO plugin. -->","yoast_head_json":{"title":"Estudiantes expresaron apoyo y respaldo ante el cuidado de la vida y el territorio en #Jambal\u00f3 - Consejo Regional Ind\u00edgena del Cauca - CRIC","robots":{"index":"index","follow":"follow","max-snippet":"max-snippet:-1","max-image-preview":"max-image-preview:large","max-video-preview":"max-video-preview:-1"},"canonical":"https:\/\/www.cric-colombia.org\/portal\/estudiantes-expresaron-apoyo-y-respaldo-ante-el-cuidado-de-la-vida-y-el-territorio-en-jambalo\/","og_locale":"es_ES","og_type":"article","og_title":"Estudiantes expresaron apoyo y respaldo ante el cuidado de la vida y el territorio en #Jambal\u00f3 - Consejo Regional Ind\u00edgena del Cauca - CRIC","og_description":"Bajo el lema \u201cCUIDANDO LA Y\u00c1T WALA CUIDAMOS EL TERRITORIO\u201d la familia de la instituci\u00f3n educativa del Bachillerato T\u00e9cnico Agr\u00edcola Jambal\u00f3, integrada por un sinn\u00famero de estudiantes, docentes, Dinamizadores y cuerpo directivo adelantaron la actividad Pedag\u00f3gica APRENDIENDO EN LA Y\u00c1T WALA, en aras de concientizar a la comunidad educativa y de la poblaci\u00f3n del territorio","og_url":"https:\/\/www.cric-colombia.org\/portal\/estudiantes-expresaron-apoyo-y-respaldo-ante-el-cuidado-de-la-vida-y-el-territorio-en-jambalo\/","og_site_name":"Consejo Regional Ind\u00edgena del Cauca - CRIC","article_publisher":"https:\/\/www.facebook.com\/cric.colombia\/","article_published_time":"2022-02-10T17:15:39+00:00","og_image":[{"width":900,"height":507,"url":"https:\/\/www.cric-colombia.org\/portal\/wp-content\/uploads\/2022\/02\/Estudiantes-expresaron-apoyo-y-respaldo-ante-el-cuidado-de-la-vida-y-el-territorio-en-Jambal\u00f3-4.jpg","type":"image\/jpeg"}],"author":"Comunicaciones CRIC","twitter_card":"summary_large_image","twitter_creator":"@CRIC_Cauca","twitter_site":"@CRIC_Cauca","twitter_misc":{"Escrito por":"Comunicaciones CRIC","Tiempo de lectura":"1 minuto"},"schema":{"@context":"https:\/\/schema.org","@graph":[{"@type":"Article","@id":"https:\/\/www.cric-colombia.org\/portal\/estudiantes-expresaron-apoyo-y-respaldo-ante-el-cuidado-de-la-vida-y-el-territorio-en-jambalo\/#article","isPartOf":{"@id":"https:\/\/www.cric-colombia.org\/portal\/estudiantes-expresaron-apoyo-y-respaldo-ante-el-cuidado-de-la-vida-y-el-territorio-en-jambalo\/"},"author":{"name":"Comunicaciones CRIC","@id":"https:\/\/www.cric-colombia.org\/portal\/#\/schema\/person\/ab3a3099267de33d55f74f34ba201931"},"headline":"Estudiantes expresaron apoyo y respaldo ante el cuidado de la vida y el territorio en #Jambal\u00f3","datePublished":"2022-02-10T17:15:39+00:00","dateModified":"2022-02-10T17:15:39+00:00","mainEntityOfPage":{"@id":"https:\/\/www.cric-colombia.org\/portal\/estudiantes-expresaron-apoyo-y-respaldo-ante-el-cuidado-de-la-vida-y-el-territorio-en-jambalo\/"},"wordCount":259,"commentCount":0,"publisher":{"@id":"https:\/\/www.cric-colombia.org\/portal\/#organization"},"keywords":["jambalo","Norte"],"articleSection":["Actualidad Ind\u00edgena del Cauca"],"inLanguage":"es","potentialAction":[{"@type":"CommentAction","name":"Comment","target":["https:\/\/www.cric-colombia.org\/portal\/estudiantes-expresaron-apoyo-y-respaldo-ante-el-cuidado-de-la-vida-y-el-territorio-en-jambalo\/#respond"]}]},{"@type":"WebPage","@id":"https:\/\/www.cric-colombia.org\/portal\/estudiantes-expresaron-apoyo-y-respaldo-ante-el-cuidado-de-la-vida-y-el-territorio-en-jambalo\/","url":"https:\/\/www.cric-colombia.org\/portal\/estudiantes-expresaron-apoyo-y-respaldo-ante-el-cuidado-de-la-vida-y-el-territorio-en-jambalo\/","name":"Estudiantes expresaron apoyo y respaldo ante el cuidado de la vida y el territorio en #Jambal\u00f3 - Consejo Regional Ind\u00edgena del Cauca - CRIC","isPartOf":{"@id":"https:\/\/www.cric-colombia.org\/portal\/#website"},"datePublished":"2022-02-10T17:15:39+00:00","dateModified":"2022-02-10T17:15:39+00:00","breadcrumb":{"@id":"https:\/\/www.cric-colombia.org\/portal\/estudiantes-expresaron-apoyo-y-respaldo-ante-el-cuidado-de-la-vida-y-el-territorio-en-jambalo\/#breadcrumb"},"inLanguage":"es","potentialAction":[{"@type":"ReadAction","target":["https:\/\/www.cric-colombia.org\/portal\/estudiantes-expresaron-apoyo-y-respaldo-ante-el-cuidado-de-la-vida-y-el-territorio-en-jambalo\/"]}]},{"@type":"BreadcrumbList","@id":"https:\/\/www.cric-colombia.org\/portal\/estudiantes-expresaron-apoyo-y-respaldo-ante-el-cuidado-de-la-vida-y-el-territorio-en-jambalo\/#breadcrumb","itemListElement":[{"@type":"ListItem","position":1,"name":"Portada","item":"https:\/\/www.cric-colombia.org\/portal\/"},{"@type":"ListItem","position":2,"name":"Estudiantes expresaron apoyo y respaldo ante el cuidado de la vida y el territorio en #Jambal\u00f3"}]},{"@type":"WebSite","@id":"https:\/\/www.cric-colombia.org\/portal\/#website","url":"https:\/\/www.cric-colombia.org\/portal\/","name":"Consejo Regional Ind\u00edgena del Cauca - CRIC","description":"P\u00e1gina oficial del Consejo Regional Ind\u00edgena del Cauca, Colombia","publisher":{"@id":"https:\/\/www.cric-colombia.org\/portal\/#organization"},"potentialAction":[{"@type":"SearchAction","target":{"@type":"EntryPoint","urlTemplate":"https:\/\/www.cric-colombia.org\/portal\/?s={search_term_string}"},"query-input":"required name=search_term_string"}],"inLanguage":"es"},{"@type":"Organization","@id":"https:\/\/www.cric-colombia.org\/portal\/#organization","name":"Consejo Regional Ind\u00edgena del Cauca","url":"https:\/\/www.cric-colombia.org\/portal\/","logo":{"@type":"ImageObject","inLanguage":"es","@id":"https:\/\/www.cric-colombia.org\/portal\/#\/schema\/logo\/image\/","url":"https:\/\/www.cric-colombia.org\/portal\/wp-content\/uploads\/2015\/08\/logo_cric.jpg","contentUrl":"https:\/\/www.cric-colombia.org\/portal\/wp-content\/uploads\/2015\/08\/logo_cric.jpg","width":512,"height":512,"caption":"Consejo Regional Ind\u00edgena del Cauca"},"image":{"@id":"https:\/\/www.cric-colombia.org\/portal\/#\/schema\/logo\/image\/"},"sameAs":["https:\/\/www.facebook.com\/cric.colombia\/","https:\/\/twitter.com\/CRIC_Cauca"]},{"@type":"Person","@id":"https:\/\/www.cric-colombia.org\/portal\/#\/schema\/person\/ab3a3099267de33d55f74f34ba201931","name":"Comunicaciones CRIC","image":{"@type":"ImageObject","inLanguage":"es","@id":"https:\/\/www.cric-colombia.org\/portal\/#\/schema\/person\/image\/","url":"https:\/\/secure.gravatar.com\/avatar\/a8d1a6cfcb82a80d09dafefdcc3dcc8a?s=96&d=retro&r=g","contentUrl":"https:\/\/secure.gravatar.com\/avatar\/a8d1a6cfcb82a80d09dafefdcc3dcc8a?s=96&d=retro&r=g","caption":"Comunicaciones CRIC"},"url":"https:\/\/www.cric-colombia.org\/portal\/author\/comunicaciones\/"}]}},"jetpack_featured_media_url":"https:\/\/www.cric-colombia.org\/portal\/wp-content\/uploads\/2022\/02\/Estudiantes-expresaron-apoyo-y-respaldo-ante-el-cuidado-de-la-vida-y-el-territorio-en-Jambal\u00f3-4.jpg","_links":{"self":[{"href":"https:\/\/www.cric-colombia.org\/portal\/wp-json\/wp\/v2\/posts\/33348"}],"collection":[{"href":"https:\/\/www.cric-colombia.org\/portal\/wp-json\/wp\/v2\/posts"}],"about":[{"href":"https:\/\/www.cric-colombia.org\/portal\/wp-json\/wp\/v2\/types\/post"}],"author":[{"embeddable":true,"href":"https:\/\/www.cric-colombia.org\/portal\/wp-json\/wp\/v2\/users\/6"}],"replies":[{"embeddable":true,"href":"https:\/\/www.cric-colombia.org\/portal\/wp-json\/wp\/v2\/comments?post=33348"}],"version-history":[{"count":1,"href":"https:\/\/www.cric-colombia.org\/portal\/wp-json\/wp\/v2\/posts\/33348\/revisions"}],"predecessor-version":[{"id":33359,"href":"https:\/\/www.cric-colombia.org\/portal\/wp-json\/wp\/v2\/posts\/33348\/revisions\/33359"}],"wp:featuredmedia":[{"embeddable":true,"href":"https:\/\/www.cric-colombia.org\/portal\/wp-json\/wp\/v2\/media\/33358"}],"wp:attachment":[{"href":"https:\/\/www.cric-colombia.org\/portal\/wp-json\/wp\/v2\/media?parent=33348"}],"wp:term":[{"taxonomy":"category","embeddable":true,"href":"https:\/\/www.cric-colombia.org\/portal\/wp-json\/wp\/v2\/categories?post=33348"},{"taxonomy":"post_tag","embeddable":true,"href":"https:\/\/www.cric-colombia.org\/portal\/wp-json\/wp\/v2\/tags?post=33348"}],"curies":[{"name":"wp","href":"https:\/\/api.w.org\/{rel}","templated":true}]}}