{"id":32835,"date":"2021-12-07T00:53:04","date_gmt":"2021-12-07T05:53:04","guid":{"rendered":"https:\/\/www.cric-colombia.org\/portal\/?p=32835"},"modified":"2021-12-07T08:04:58","modified_gmt":"2021-12-07T13:04:58","slug":"se-unieron-para-salvaguardar-la-vida","status":"publish","type":"post","link":"https:\/\/www.cric-colombia.org\/portal\/se-unieron-para-salvaguardar-la-vida\/","title":{"rendered":"Se unieron para salvaguardar la vida"},"content":{"rendered":"<p>Comunidades ind\u00edgenas de los distintos territorios del Cauca, sin importar sus diferencias, se unieron para generar estrategias que permitan cuidar los p\u00e1ramos, los afluentes de agua que all\u00ed nacen y que son el referente de vida de muchas comunidades, inclusive de otros sectores urbanos y rurales.<\/p>\n<p><img decoding=\"async\" loading=\"lazy\" class=\"alignnone size-medium wp-image-32837\" src=\"https:\/\/www.cric-colombia.org\/portal\/wp-content\/uploads\/2021\/12\/20211206_161320-300x225.jpg\" alt=\"\" width=\"300\" height=\"225\" srcset=\"https:\/\/www.cric-colombia.org\/portal\/wp-content\/uploads\/2021\/12\/20211206_161320-300x225.jpg 300w, https:\/\/www.cric-colombia.org\/portal\/wp-content\/uploads\/2021\/12\/20211206_161320-768x576.jpg 768w, https:\/\/www.cric-colombia.org\/portal\/wp-content\/uploads\/2021\/12\/20211206_161320-1024x768.jpg 1024w, https:\/\/www.cric-colombia.org\/portal\/wp-content\/uploads\/2021\/12\/20211206_161320-80x60.jpg 80w, https:\/\/www.cric-colombia.org\/portal\/wp-content\/uploads\/2021\/12\/20211206_161320-265x198.jpg 265w, https:\/\/www.cric-colombia.org\/portal\/wp-content\/uploads\/2021\/12\/20211206_161320-696x522.jpg 696w, https:\/\/www.cric-colombia.org\/portal\/wp-content\/uploads\/2021\/12\/20211206_161320-1068x801.jpg 1068w, https:\/\/www.cric-colombia.org\/portal\/wp-content\/uploads\/2021\/12\/20211206_161320-560x420.jpg 560w\" sizes=\"(max-width: 300px) 100vw, 300px\" \/><\/p>\n<p>En un acto pol\u00edtico, los once pueblos originarios que hacen parte del Consejo Regional Ind\u00edgena del Cauca, CRIC, se unieron con el pueblo Misak, agrupado en la Autoridades ind\u00edgenas del Suroccidente, AISO, para manifestarle al departamento, al pa\u00eds y al mundo, que los p\u00e1ramos como espacios de vida, son territorios que gozaran de un cuidado permanente por parte de las autoridades ancestrales.<\/p>\n<p><img decoding=\"async\" loading=\"lazy\" class=\"alignnone size-medium wp-image-32838\" src=\"https:\/\/www.cric-colombia.org\/portal\/wp-content\/uploads\/2021\/12\/20211206_144547-300x169.jpg\" alt=\"\" width=\"300\" height=\"169\" srcset=\"https:\/\/www.cric-colombia.org\/portal\/wp-content\/uploads\/2021\/12\/20211206_144547-300x169.jpg 300w, https:\/\/www.cric-colombia.org\/portal\/wp-content\/uploads\/2021\/12\/20211206_144547-768x432.jpg 768w, https:\/\/www.cric-colombia.org\/portal\/wp-content\/uploads\/2021\/12\/20211206_144547-1024x577.jpg 1024w, https:\/\/www.cric-colombia.org\/portal\/wp-content\/uploads\/2021\/12\/20211206_144547-696x392.jpg 696w, https:\/\/www.cric-colombia.org\/portal\/wp-content\/uploads\/2021\/12\/20211206_144547-1068x601.jpg 1068w, https:\/\/www.cric-colombia.org\/portal\/wp-content\/uploads\/2021\/12\/20211206_144547-746x420.jpg 746w\" sizes=\"(max-width: 300px) 100vw, 300px\" \/><\/p>\n<p>El evento, desarrollado en la v\u00eda que conduce del municipio de Totor\u00f3 a los municipios de Inz\u00e1 y Pa\u00e9z, zona Tierradentro, convoc\u00f3 a m\u00e1s de cinco mil comuneros, quienes, a trav\u00e9s de la lectura de un documento pol\u00edtico, le contaron al pa\u00eds y al mundo sobre la intencionalidad de las comunidades ind\u00edgenas por cuidar sus espacios de vida, los cuales est\u00e1n siendo amenazados por intereses mercantilistas que buscan apoderarse de las riquezas minero-energ\u00e9ticas que hoy tienen los p\u00e1ramos del pa\u00eds.<\/p>\n<p>\u201cEl agua, el ox\u00edgeno, pero tambi\u00e9n la vida misma est\u00e1 en riesgo; hoy estos enormes paisajes y su riqueza natural est\u00e1 en riesgo por intereses econ\u00f3micos, y si el territorio es vulnerable, tambi\u00e9n los pueblos originarios, pues el exterminio de la cultura y de los saberes ancestrales de nuestras comunidades empieza por la destrucci\u00f3n de sus espacios\u201d, agrego con vehemencia el consejero mayor Daniel Pi\u00f1acue, quien tambi\u00e9n llam\u00f3 a la unidad de sus pueblos.<\/p>\n<p><img decoding=\"async\" loading=\"lazy\" class=\"alignnone size-medium wp-image-32839\" src=\"https:\/\/www.cric-colombia.org\/portal\/wp-content\/uploads\/2021\/12\/20211206_150457-300x225.jpg\" alt=\"\" width=\"300\" height=\"225\" srcset=\"https:\/\/www.cric-colombia.org\/portal\/wp-content\/uploads\/2021\/12\/20211206_150457-300x225.jpg 300w, https:\/\/www.cric-colombia.org\/portal\/wp-content\/uploads\/2021\/12\/20211206_150457-768x576.jpg 768w, https:\/\/www.cric-colombia.org\/portal\/wp-content\/uploads\/2021\/12\/20211206_150457-1024x768.jpg 1024w, https:\/\/www.cric-colombia.org\/portal\/wp-content\/uploads\/2021\/12\/20211206_150457-80x60.jpg 80w, https:\/\/www.cric-colombia.org\/portal\/wp-content\/uploads\/2021\/12\/20211206_150457-265x198.jpg 265w, https:\/\/www.cric-colombia.org\/portal\/wp-content\/uploads\/2021\/12\/20211206_150457-696x522.jpg 696w, https:\/\/www.cric-colombia.org\/portal\/wp-content\/uploads\/2021\/12\/20211206_150457-1068x801.jpg 1068w, https:\/\/www.cric-colombia.org\/portal\/wp-content\/uploads\/2021\/12\/20211206_150457-560x420.jpg 560w\" sizes=\"(max-width: 300px) 100vw, 300px\" \/><\/p>\n<p>As\u00ed las cosas, invitando a luchar por sus espacios de vida, los m\u00e1s de cinco mil ind\u00edgenas que acompa\u00f1aron el acto p\u00fablico de posicionamiento en defensa de los paramos en el oriente del Cauca, reiteraron su compromiso en defensa de la vida, del territorio y de los recursos naturales, llamaron a la conciencia ambiental y a estar atentos ante las intenciones econ\u00f3micas de los gobiernos de turno, a quienes no les importa feriar la soberan\u00eda nacional tan solo por unas monedas, poniendo en riesgo a sus comunidades.<\/p>\n","protected":false},"excerpt":{"rendered":"<p>Comunidades ind\u00edgenas de los distintos territorios del Cauca, sin importar sus diferencias, se unieron para generar estrategias que permitan cuidar los p\u00e1ramos, los afluentes de agua que all\u00ed nacen y que son el referente de vida de muchas comunidades, inclusive de otros sectores urbanos y rurales. En un acto pol\u00edtico, los once pueblos originarios que <\/p>\n","protected":false},"author":6,"featured_media":32836,"comment_status":"open","ping_status":"open","sticky":false,"template":"","format":"standard","meta":{"footnotes":""},"categories":[3,24,23],"tags":[89,87,55],"yoast_head":"<!-- This site is optimized with the Yoast SEO plugin v20.12 - https:\/\/yoast.com\/wordpress\/plugins\/seo\/ -->\n<title>Se unieron para salvaguardar la vida - Consejo Regional Ind\u00edgena del Cauca - CRIC<\/title>\n<meta name=\"robots\" content=\"index, follow, max-snippet:-1, max-image-preview:large, max-video-preview:-1\" \/>\n<link rel=\"canonical\" href=\"https:\/\/www.cric-colombia.org\/portal\/se-unieron-para-salvaguardar-la-vida\/\" \/>\n<meta property=\"og:locale\" content=\"es_ES\" \/>\n<meta property=\"og:type\" content=\"article\" \/>\n<meta property=\"og:title\" content=\"Se unieron para salvaguardar la vida - Consejo Regional Ind\u00edgena del Cauca - CRIC\" \/>\n<meta property=\"og:description\" content=\"Comunidades ind\u00edgenas de los distintos territorios del Cauca, sin importar sus diferencias, se unieron para generar estrategias que permitan cuidar los p\u00e1ramos, los afluentes de agua que all\u00ed nacen y que son el referente de vida de muchas comunidades, inclusive de otros sectores urbanos y rurales. En un acto pol\u00edtico, los once pueblos originarios que\" \/>\n<meta property=\"og:url\" content=\"https:\/\/www.cric-colombia.org\/portal\/se-unieron-para-salvaguardar-la-vida\/\" \/>\n<meta property=\"og:site_name\" content=\"Consejo Regional Ind\u00edgena del Cauca - CRIC\" \/>\n<meta property=\"article:publisher\" content=\"https:\/\/www.facebook.com\/cric.colombia\/\" \/>\n<meta property=\"article:published_time\" content=\"2021-12-07T05:53:04+00:00\" \/>\n<meta property=\"article:modified_time\" content=\"2021-12-07T13:04:58+00:00\" \/>\n<meta property=\"og:image\" content=\"https:\/\/www.cric-colombia.org\/portal\/wp-content\/uploads\/2021\/12\/20211206_154138-1024x577.jpg\" \/>\n\t<meta property=\"og:image:width\" content=\"1024\" \/>\n\t<meta property=\"og:image:height\" content=\"577\" \/>\n\t<meta property=\"og:image:type\" content=\"image\/jpeg\" \/>\n<meta name=\"author\" content=\"Comunicaciones CRIC\" \/>\n<meta name=\"twitter:card\" content=\"summary_large_image\" \/>\n<meta name=\"twitter:creator\" content=\"@CRIC_Cauca\" \/>\n<meta name=\"twitter:site\" content=\"@CRIC_Cauca\" \/>\n<meta name=\"twitter:label1\" content=\"Escrito por\" \/>\n\t<meta name=\"twitter:data1\" content=\"Comunicaciones CRIC\" \/>\n\t<meta name=\"twitter:label2\" content=\"Tiempo de lectura\" \/>\n\t<meta name=\"twitter:data2\" content=\"2 minutos\" \/>\n<script type=\"application\/ld+json\" class=\"yoast-schema-graph\">{\"@context\":\"https:\/\/schema.org\",\"@graph\":[{\"@type\":\"Article\",\"@id\":\"https:\/\/www.cric-colombia.org\/portal\/se-unieron-para-salvaguardar-la-vida\/#article\",\"isPartOf\":{\"@id\":\"https:\/\/www.cric-colombia.org\/portal\/se-unieron-para-salvaguardar-la-vida\/\"},\"author\":{\"name\":\"Comunicaciones CRIC\",\"@id\":\"https:\/\/www.cric-colombia.org\/portal\/#\/schema\/person\/ab3a3099267de33d55f74f34ba201931\"},\"headline\":\"Se unieron para salvaguardar la vida\",\"datePublished\":\"2021-12-07T05:53:04+00:00\",\"dateModified\":\"2021-12-07T13:04:58+00:00\",\"mainEntityOfPage\":{\"@id\":\"https:\/\/www.cric-colombia.org\/portal\/se-unieron-para-salvaguardar-la-vida\/\"},\"wordCount\":386,\"commentCount\":0,\"publisher\":{\"@id\":\"https:\/\/www.cric-colombia.org\/portal\/#organization\"},\"keywords\":[\"cauca\",\"indigenas\",\"Mineria\"],\"articleSection\":[\"Actualidad Ind\u00edgena del Cauca\",\"Actualidad Ind\u00edgena Global\",\"Actualidad Ind\u00edgena Nacional\"],\"inLanguage\":\"es\",\"potentialAction\":[{\"@type\":\"CommentAction\",\"name\":\"Comment\",\"target\":[\"https:\/\/www.cric-colombia.org\/portal\/se-unieron-para-salvaguardar-la-vida\/#respond\"]}]},{\"@type\":\"WebPage\",\"@id\":\"https:\/\/www.cric-colombia.org\/portal\/se-unieron-para-salvaguardar-la-vida\/\",\"url\":\"https:\/\/www.cric-colombia.org\/portal\/se-unieron-para-salvaguardar-la-vida\/\",\"name\":\"Se unieron para salvaguardar la vida - Consejo Regional Ind\u00edgena del Cauca - CRIC\",\"isPartOf\":{\"@id\":\"https:\/\/www.cric-colombia.org\/portal\/#website\"},\"datePublished\":\"2021-12-07T05:53:04+00:00\",\"dateModified\":\"2021-12-07T13:04:58+00:00\",\"breadcrumb\":{\"@id\":\"https:\/\/www.cric-colombia.org\/portal\/se-unieron-para-salvaguardar-la-vida\/#breadcrumb\"},\"inLanguage\":\"es\",\"potentialAction\":[{\"@type\":\"ReadAction\",\"target\":[\"https:\/\/www.cric-colombia.org\/portal\/se-unieron-para-salvaguardar-la-vida\/\"]}]},{\"@type\":\"BreadcrumbList\",\"@id\":\"https:\/\/www.cric-colombia.org\/portal\/se-unieron-para-salvaguardar-la-vida\/#breadcrumb\",\"itemListElement\":[{\"@type\":\"ListItem\",\"position\":1,\"name\":\"Portada\",\"item\":\"https:\/\/www.cric-colombia.org\/portal\/\"},{\"@type\":\"ListItem\",\"position\":2,\"name\":\"Se unieron para salvaguardar la vida\"}]},{\"@type\":\"WebSite\",\"@id\":\"https:\/\/www.cric-colombia.org\/portal\/#website\",\"url\":\"https:\/\/www.cric-colombia.org\/portal\/\",\"name\":\"Consejo Regional Ind\u00edgena del Cauca - CRIC\",\"description\":\"P\u00e1gina oficial del Consejo Regional Ind\u00edgena del Cauca, Colombia\",\"publisher\":{\"@id\":\"https:\/\/www.cric-colombia.org\/portal\/#organization\"},\"potentialAction\":[{\"@type\":\"SearchAction\",\"target\":{\"@type\":\"EntryPoint\",\"urlTemplate\":\"https:\/\/www.cric-colombia.org\/portal\/?s={search_term_string}\"},\"query-input\":\"required name=search_term_string\"}],\"inLanguage\":\"es\"},{\"@type\":\"Organization\",\"@id\":\"https:\/\/www.cric-colombia.org\/portal\/#organization\",\"name\":\"Consejo Regional Ind\u00edgena del Cauca\",\"url\":\"https:\/\/www.cric-colombia.org\/portal\/\",\"logo\":{\"@type\":\"ImageObject\",\"inLanguage\":\"es\",\"@id\":\"https:\/\/www.cric-colombia.org\/portal\/#\/schema\/logo\/image\/\",\"url\":\"https:\/\/www.cric-colombia.org\/portal\/wp-content\/uploads\/2015\/08\/logo_cric.jpg\",\"contentUrl\":\"https:\/\/www.cric-colombia.org\/portal\/wp-content\/uploads\/2015\/08\/logo_cric.jpg\",\"width\":512,\"height\":512,\"caption\":\"Consejo Regional Ind\u00edgena del Cauca\"},\"image\":{\"@id\":\"https:\/\/www.cric-colombia.org\/portal\/#\/schema\/logo\/image\/\"},\"sameAs\":[\"https:\/\/www.facebook.com\/cric.colombia\/\",\"https:\/\/twitter.com\/CRIC_Cauca\"]},{\"@type\":\"Person\",\"@id\":\"https:\/\/www.cric-colombia.org\/portal\/#\/schema\/person\/ab3a3099267de33d55f74f34ba201931\",\"name\":\"Comunicaciones CRIC\",\"image\":{\"@type\":\"ImageObject\",\"inLanguage\":\"es\",\"@id\":\"https:\/\/www.cric-colombia.org\/portal\/#\/schema\/person\/image\/\",\"url\":\"https:\/\/secure.gravatar.com\/avatar\/a8d1a6cfcb82a80d09dafefdcc3dcc8a?s=96&d=retro&r=g\",\"contentUrl\":\"https:\/\/secure.gravatar.com\/avatar\/a8d1a6cfcb82a80d09dafefdcc3dcc8a?s=96&d=retro&r=g\",\"caption\":\"Comunicaciones CRIC\"},\"url\":\"https:\/\/www.cric-colombia.org\/portal\/author\/comunicaciones\/\"}]}<\/script>\n<!-- \/ Yoast SEO plugin. -->","yoast_head_json":{"title":"Se unieron para salvaguardar la vida - Consejo Regional Ind\u00edgena del Cauca - CRIC","robots":{"index":"index","follow":"follow","max-snippet":"max-snippet:-1","max-image-preview":"max-image-preview:large","max-video-preview":"max-video-preview:-1"},"canonical":"https:\/\/www.cric-colombia.org\/portal\/se-unieron-para-salvaguardar-la-vida\/","og_locale":"es_ES","og_type":"article","og_title":"Se unieron para salvaguardar la vida - Consejo Regional Ind\u00edgena del Cauca - CRIC","og_description":"Comunidades ind\u00edgenas de los distintos territorios del Cauca, sin importar sus diferencias, se unieron para generar estrategias que permitan cuidar los p\u00e1ramos, los afluentes de agua que all\u00ed nacen y que son el referente de vida de muchas comunidades, inclusive de otros sectores urbanos y rurales. En un acto pol\u00edtico, los once pueblos originarios que","og_url":"https:\/\/www.cric-colombia.org\/portal\/se-unieron-para-salvaguardar-la-vida\/","og_site_name":"Consejo Regional Ind\u00edgena del Cauca - CRIC","article_publisher":"https:\/\/www.facebook.com\/cric.colombia\/","article_published_time":"2021-12-07T05:53:04+00:00","article_modified_time":"2021-12-07T13:04:58+00:00","og_image":[{"width":1024,"height":577,"url":"https:\/\/www.cric-colombia.org\/portal\/wp-content\/uploads\/2021\/12\/20211206_154138-1024x577.jpg","type":"image\/jpeg"}],"author":"Comunicaciones CRIC","twitter_card":"summary_large_image","twitter_creator":"@CRIC_Cauca","twitter_site":"@CRIC_Cauca","twitter_misc":{"Escrito por":"Comunicaciones CRIC","Tiempo de lectura":"2 minutos"},"schema":{"@context":"https:\/\/schema.org","@graph":[{"@type":"Article","@id":"https:\/\/www.cric-colombia.org\/portal\/se-unieron-para-salvaguardar-la-vida\/#article","isPartOf":{"@id":"https:\/\/www.cric-colombia.org\/portal\/se-unieron-para-salvaguardar-la-vida\/"},"author":{"name":"Comunicaciones CRIC","@id":"https:\/\/www.cric-colombia.org\/portal\/#\/schema\/person\/ab3a3099267de33d55f74f34ba201931"},"headline":"Se unieron para salvaguardar la vida","datePublished":"2021-12-07T05:53:04+00:00","dateModified":"2021-12-07T13:04:58+00:00","mainEntityOfPage":{"@id":"https:\/\/www.cric-colombia.org\/portal\/se-unieron-para-salvaguardar-la-vida\/"},"wordCount":386,"commentCount":0,"publisher":{"@id":"https:\/\/www.cric-colombia.org\/portal\/#organization"},"keywords":["cauca","indigenas","Mineria"],"articleSection":["Actualidad Ind\u00edgena del Cauca","Actualidad Ind\u00edgena Global","Actualidad Ind\u00edgena Nacional"],"inLanguage":"es","potentialAction":[{"@type":"CommentAction","name":"Comment","target":["https:\/\/www.cric-colombia.org\/portal\/se-unieron-para-salvaguardar-la-vida\/#respond"]}]},{"@type":"WebPage","@id":"https:\/\/www.cric-colombia.org\/portal\/se-unieron-para-salvaguardar-la-vida\/","url":"https:\/\/www.cric-colombia.org\/portal\/se-unieron-para-salvaguardar-la-vida\/","name":"Se unieron para salvaguardar la vida - Consejo Regional Ind\u00edgena del Cauca - CRIC","isPartOf":{"@id":"https:\/\/www.cric-colombia.org\/portal\/#website"},"datePublished":"2021-12-07T05:53:04+00:00","dateModified":"2021-12-07T13:04:58+00:00","breadcrumb":{"@id":"https:\/\/www.cric-colombia.org\/portal\/se-unieron-para-salvaguardar-la-vida\/#breadcrumb"},"inLanguage":"es","potentialAction":[{"@type":"ReadAction","target":["https:\/\/www.cric-colombia.org\/portal\/se-unieron-para-salvaguardar-la-vida\/"]}]},{"@type":"BreadcrumbList","@id":"https:\/\/www.cric-colombia.org\/portal\/se-unieron-para-salvaguardar-la-vida\/#breadcrumb","itemListElement":[{"@type":"ListItem","position":1,"name":"Portada","item":"https:\/\/www.cric-colombia.org\/portal\/"},{"@type":"ListItem","position":2,"name":"Se unieron para salvaguardar la vida"}]},{"@type":"WebSite","@id":"https:\/\/www.cric-colombia.org\/portal\/#website","url":"https:\/\/www.cric-colombia.org\/portal\/","name":"Consejo Regional Ind\u00edgena del Cauca - CRIC","description":"P\u00e1gina oficial del Consejo Regional Ind\u00edgena del Cauca, Colombia","publisher":{"@id":"https:\/\/www.cric-colombia.org\/portal\/#organization"},"potentialAction":[{"@type":"SearchAction","target":{"@type":"EntryPoint","urlTemplate":"https:\/\/www.cric-colombia.org\/portal\/?s={search_term_string}"},"query-input":"required name=search_term_string"}],"inLanguage":"es"},{"@type":"Organization","@id":"https:\/\/www.cric-colombia.org\/portal\/#organization","name":"Consejo Regional Ind\u00edgena del Cauca","url":"https:\/\/www.cric-colombia.org\/portal\/","logo":{"@type":"ImageObject","inLanguage":"es","@id":"https:\/\/www.cric-colombia.org\/portal\/#\/schema\/logo\/image\/","url":"https:\/\/www.cric-colombia.org\/portal\/wp-content\/uploads\/2015\/08\/logo_cric.jpg","contentUrl":"https:\/\/www.cric-colombia.org\/portal\/wp-content\/uploads\/2015\/08\/logo_cric.jpg","width":512,"height":512,"caption":"Consejo Regional Ind\u00edgena del Cauca"},"image":{"@id":"https:\/\/www.cric-colombia.org\/portal\/#\/schema\/logo\/image\/"},"sameAs":["https:\/\/www.facebook.com\/cric.colombia\/","https:\/\/twitter.com\/CRIC_Cauca"]},{"@type":"Person","@id":"https:\/\/www.cric-colombia.org\/portal\/#\/schema\/person\/ab3a3099267de33d55f74f34ba201931","name":"Comunicaciones CRIC","image":{"@type":"ImageObject","inLanguage":"es","@id":"https:\/\/www.cric-colombia.org\/portal\/#\/schema\/person\/image\/","url":"https:\/\/secure.gravatar.com\/avatar\/a8d1a6cfcb82a80d09dafefdcc3dcc8a?s=96&d=retro&r=g","contentUrl":"https:\/\/secure.gravatar.com\/avatar\/a8d1a6cfcb82a80d09dafefdcc3dcc8a?s=96&d=retro&r=g","caption":"Comunicaciones CRIC"},"url":"https:\/\/www.cric-colombia.org\/portal\/author\/comunicaciones\/"}]}},"jetpack_featured_media_url":"https:\/\/www.cric-colombia.org\/portal\/wp-content\/uploads\/2021\/12\/20211206_154138.jpg","_links":{"self":[{"href":"https:\/\/www.cric-colombia.org\/portal\/wp-json\/wp\/v2\/posts\/32835"}],"collection":[{"href":"https:\/\/www.cric-colombia.org\/portal\/wp-json\/wp\/v2\/posts"}],"about":[{"href":"https:\/\/www.cric-colombia.org\/portal\/wp-json\/wp\/v2\/types\/post"}],"author":[{"embeddable":true,"href":"https:\/\/www.cric-colombia.org\/portal\/wp-json\/wp\/v2\/users\/6"}],"replies":[{"embeddable":true,"href":"https:\/\/www.cric-colombia.org\/portal\/wp-json\/wp\/v2\/comments?post=32835"}],"version-history":[{"count":3,"href":"https:\/\/www.cric-colombia.org\/portal\/wp-json\/wp\/v2\/posts\/32835\/revisions"}],"predecessor-version":[{"id":32842,"href":"https:\/\/www.cric-colombia.org\/portal\/wp-json\/wp\/v2\/posts\/32835\/revisions\/32842"}],"wp:featuredmedia":[{"embeddable":true,"href":"https:\/\/www.cric-colombia.org\/portal\/wp-json\/wp\/v2\/media\/32836"}],"wp:attachment":[{"href":"https:\/\/www.cric-colombia.org\/portal\/wp-json\/wp\/v2\/media?parent=32835"}],"wp:term":[{"taxonomy":"category","embeddable":true,"href":"https:\/\/www.cric-colombia.org\/portal\/wp-json\/wp\/v2\/categories?post=32835"},{"taxonomy":"post_tag","embeddable":true,"href":"https:\/\/www.cric-colombia.org\/portal\/wp-json\/wp\/v2\/tags?post=32835"}],"curies":[{"name":"wp","href":"https:\/\/api.w.org\/{rel}","templated":true}]}}