{"id":32278,"date":"2021-10-29T16:33:31","date_gmt":"2021-10-29T21:33:31","guid":{"rendered":"https:\/\/www.cric-colombia.org\/portal\/?p=32278"},"modified":"2021-10-29T16:33:31","modified_gmt":"2021-10-29T21:33:31","slug":"contexto-general-informativo-regional-cric-29-octubre-2021","status":"publish","type":"post","link":"https:\/\/www.cric-colombia.org\/portal\/contexto-general-informativo-regional-cric-29-octubre-2021\/","title":{"rendered":"Contexto general Informativo Regional CRIC \u2013 29 octubre 2021"},"content":{"rendered":"<h2><strong>Contexto a nivel local regional<\/strong><\/h2>\n<p>2da minga de pensamiento-producci\u00f3n de material educativo-Nasa \u00c7xha\u00e7hxa. En zona rural del municipio de Cajibio, <a href=\"https:\/\/www.cric-colombia.org\/portal\/acin-llama-a-retroalimentar-la-politica-indigena-en-el-cauca\/\">Cauca<\/a>, asesinan a otro l\u00edder social denunciaron organizaciones sociales. Familias que recibieron su vivienda nueva en el marco del proceso de reasentamiento, son apoyados por la Corporaci\u00f3n Nasa Kiwe para fortalecer emprendimientos en varias \u00e1reas. Camioneta cay\u00f3 a un abismo en Tacuey\u00f3: Dos personas muertas. En Tierradentro adelantan jornadas a favor de la ni\u00f1ez, infancia y adolescencia. En Inz\u00e1: A participar de la II Edici\u00f3n del concurso \u00abCantando en familia\u00bb. Minga de recorrido territorial para volver a sentirnos como gente para la tierra. En el Resguardo Ind\u00edgena de Kokonuko se realiz\u00f3 el encuentro de familias en acci\u00f3n. La Alcald\u00eda municipal en apuesta por una vida m\u00e1s saludable. Argelia vive una crisis humanitaria recurrente que requiere atenci\u00f3n prioritaria: Defensor\u00eda del Pueblo. Gobierno de Popay\u00e1n advierte de amenaza por desprendimiento de monta\u00f1a en v\u00eda a Coconuco.<\/p>\n<h2><strong>Contexto a nivel nacional<\/strong><\/h2>\n<p>Invitaci\u00f3n para mapeo y caracterizaci\u00f3n de acervos y archivos en las comunidades ind\u00edgenas de Colombia. Rechazo a postura del gobierno nacional de revocar eventualmente el t\u00edtulo del resguardo y calificativos que promueven el uso de la fuerza en contra de nuestro Pueblo Kankuamo. Asesinan a los l\u00edderes Rogelio L\u00f3pez Figueroa y No\u00e9 Corsini Z\u00fa\u00f1iga. Organizaciones se\u00f1alan m\u00e1s de 7.394 las violaciones a DD.HH. en contra de manifestantes.<\/p>\n<h2><strong>Contexto a nivel internacional<\/strong><\/h2>\n<p>Poblaci\u00f3n del sur de Ayacucho inicia paro indefinido en defensa del agua. \u00bfQui\u00e9n ha de liderar los cambios que impone la crisis clim\u00e1tica? Los pueblos ind\u00edgenas de la Amazon\u00eda peruana se vacunan contra la covid-19 en una ceremonia en la que hay bailes y otros rituales, adem\u00e1s de la dosis de inmunizaci\u00f3n.<\/p>\n<!--[if lt IE 9]><script>document.createElement('audio');<\/script><![endif]-->\n<audio class=\"wp-audio-shortcode\" id=\"audio-32278-1\" preload=\"none\" style=\"width: 100%;\" controls=\"controls\"><source type=\"audio\/mpeg\" src=\"https:\/\/www.ivoox.com\/58-informativo-regional-cric-29-octubre-2021_md_77518887_wp_1.mp3?_=1\" \/><a href=\"https:\/\/www.ivoox.com\/58-informativo-regional-cric-29-octubre-2021_md_77518887_wp_1.mp3\">https:\/\/www.ivoox.com\/58-informativo-regional-cric-29-octubre-2021_md_77518887_wp_1.mp3<\/a><\/audio>\n<p><a title=\"58. Informativo Regional CRIC - 29 octubre 2021\" href=\"https:\/\/www.ivoox.com\/58-informativo-regional-cric-29-octubre-2021_md_77518887_wp_1.mp3\">Ir a descargar<\/a><\/p>\n<p style=\"text-align: center;\"><strong>Programa de comunicaciones \u2013 Consejo Regional Ind\u00edgena del Cauca<\/strong><\/p>\n<p style=\"text-align: center;\"><strong>Relacionamiento externo<\/strong><\/p>\n","protected":false},"excerpt":{"rendered":"<p>Contexto a nivel local regional 2da minga de pensamiento-producci\u00f3n de material educativo-Nasa \u00c7xha\u00e7hxa. En zona rural del municipio de Cajibio, Cauca, asesinan a otro l\u00edder social denunciaron organizaciones sociales. Familias que recibieron su vivienda nueva en el marco del proceso de reasentamiento, son apoyados por la Corporaci\u00f3n Nasa Kiwe para fortalecer emprendimientos en varias \u00e1reas. <\/p>\n","protected":false},"author":6,"featured_media":32046,"comment_status":"open","ping_status":"open","sticky":false,"template":"","format":"standard","meta":{"footnotes":""},"categories":[3],"tags":[241,89,189,88,87,177,168],"yoast_head":"<!-- This site is optimized with the Yoast SEO plugin v20.12 - https:\/\/yoast.com\/wordpress\/plugins\/seo\/ -->\n<title>Contexto general Informativo Regional CRIC \u2013 29 octubre 2021 - Consejo Regional Ind\u00edgena del Cauca - CRIC<\/title>\n<meta name=\"description\" content=\"Contexto a nivel local regional- nacional- internacional Segunda minga de pensamiento-producci\u00f3n de material educativo-Nasa \u00c7xha\u00e7hxa. En zona rural del municipio de Cajibio, Cauca, asesinan a otro l\u00edder social denunciaron organizaciones sociales. Familias que recibieron su vivienda nueva en el marco del proceso de reasentamiento, son apoyados por la Corporaci\u00f3n Nasa Kiwe para fortalecer emprendimientos en varias \u00e1reas.\" \/>\n<meta name=\"robots\" content=\"index, follow, max-snippet:-1, max-image-preview:large, max-video-preview:-1\" \/>\n<link rel=\"canonical\" href=\"https:\/\/www.cric-colombia.org\/portal\/contexto-general-informativo-regional-cric-29-octubre-2021\/\" \/>\n<meta property=\"og:locale\" content=\"es_ES\" \/>\n<meta property=\"og:type\" content=\"article\" \/>\n<meta property=\"og:title\" content=\"Contexto general Informativo Regional CRIC \u2013 29 octubre 2021 - Consejo Regional Ind\u00edgena del Cauca - CRIC\" \/>\n<meta property=\"og:description\" content=\"Contexto a nivel local regional- nacional- internacional Segunda minga de pensamiento-producci\u00f3n de material educativo-Nasa \u00c7xha\u00e7hxa. En zona rural del municipio de Cajibio, Cauca, asesinan a otro l\u00edder social denunciaron organizaciones sociales. Familias que recibieron su vivienda nueva en el marco del proceso de reasentamiento, son apoyados por la Corporaci\u00f3n Nasa Kiwe para fortalecer emprendimientos en varias \u00e1reas.\" \/>\n<meta property=\"og:url\" content=\"https:\/\/www.cric-colombia.org\/portal\/contexto-general-informativo-regional-cric-29-octubre-2021\/\" \/>\n<meta property=\"og:site_name\" content=\"Consejo Regional Ind\u00edgena del Cauca - CRIC\" \/>\n<meta property=\"article:publisher\" content=\"https:\/\/www.facebook.com\/cric.colombia\/\" \/>\n<meta property=\"article:published_time\" content=\"2021-10-29T21:33:31+00:00\" \/>\n<meta property=\"og:image\" content=\"https:\/\/www.cric-colombia.org\/portal\/wp-content\/uploads\/2021\/10\/logo-full-cric-UNIDAD-TIERRA-CULTURA-Y-AUTONOMIA-NEGRO-GRIS.png\" \/>\n\t<meta property=\"og:image:width\" content=\"5901\" \/>\n\t<meta property=\"og:image:height\" content=\"4744\" \/>\n\t<meta property=\"og:image:type\" content=\"image\/png\" \/>\n<meta name=\"author\" content=\"Comunicaciones CRIC\" \/>\n<meta name=\"twitter:card\" content=\"summary_large_image\" \/>\n<meta name=\"twitter:creator\" content=\"@CRIC_Cauca\" \/>\n<meta name=\"twitter:site\" content=\"@CRIC_Cauca\" \/>\n<meta name=\"twitter:label1\" content=\"Escrito por\" \/>\n\t<meta name=\"twitter:data1\" content=\"Comunicaciones CRIC\" \/>\n\t<meta name=\"twitter:label2\" content=\"Tiempo de lectura\" \/>\n\t<meta name=\"twitter:data2\" content=\"2 minutos\" \/>\n<script type=\"application\/ld+json\" class=\"yoast-schema-graph\">{\"@context\":\"https:\/\/schema.org\",\"@graph\":[{\"@type\":\"Article\",\"@id\":\"https:\/\/www.cric-colombia.org\/portal\/contexto-general-informativo-regional-cric-29-octubre-2021\/#article\",\"isPartOf\":{\"@id\":\"https:\/\/www.cric-colombia.org\/portal\/contexto-general-informativo-regional-cric-29-octubre-2021\/\"},\"author\":{\"name\":\"Comunicaciones CRIC\",\"@id\":\"https:\/\/www.cric-colombia.org\/portal\/#\/schema\/person\/ab3a3099267de33d55f74f34ba201931\"},\"headline\":\"Contexto general Informativo Regional CRIC \u2013 29 octubre 2021\",\"datePublished\":\"2021-10-29T21:33:31+00:00\",\"dateModified\":\"2021-10-29T21:33:31+00:00\",\"mainEntityOfPage\":{\"@id\":\"https:\/\/www.cric-colombia.org\/portal\/contexto-general-informativo-regional-cric-29-octubre-2021\/\"},\"wordCount\":343,\"commentCount\":0,\"publisher\":{\"@id\":\"https:\/\/www.cric-colombia.org\/portal\/#organization\"},\"keywords\":[\"asesinato\",\"cauca\",\"CONSEJO REGIONAL INDIGENA DEL CAUCA CRIC\",\"cric\",\"indigenas\",\"informativo\",\"Minga\"],\"articleSection\":[\"Actualidad Ind\u00edgena del Cauca\"],\"inLanguage\":\"es\",\"potentialAction\":[{\"@type\":\"CommentAction\",\"name\":\"Comment\",\"target\":[\"https:\/\/www.cric-colombia.org\/portal\/contexto-general-informativo-regional-cric-29-octubre-2021\/#respond\"]}]},{\"@type\":\"WebPage\",\"@id\":\"https:\/\/www.cric-colombia.org\/portal\/contexto-general-informativo-regional-cric-29-octubre-2021\/\",\"url\":\"https:\/\/www.cric-colombia.org\/portal\/contexto-general-informativo-regional-cric-29-octubre-2021\/\",\"name\":\"Contexto general Informativo Regional CRIC \u2013 29 octubre 2021 - Consejo Regional Ind\u00edgena del Cauca - CRIC\",\"isPartOf\":{\"@id\":\"https:\/\/www.cric-colombia.org\/portal\/#website\"},\"datePublished\":\"2021-10-29T21:33:31+00:00\",\"dateModified\":\"2021-10-29T21:33:31+00:00\",\"description\":\"Contexto a nivel local regional- nacional- internacional Segunda minga de pensamiento-producci\u00f3n de material educativo-Nasa \u00c7xha\u00e7hxa. En zona rural del municipio de Cajibio, Cauca, asesinan a otro l\u00edder social denunciaron organizaciones sociales. Familias que recibieron su vivienda nueva en el marco del proceso de reasentamiento, son apoyados por la Corporaci\u00f3n Nasa Kiwe para fortalecer emprendimientos en varias \u00e1reas.\",\"breadcrumb\":{\"@id\":\"https:\/\/www.cric-colombia.org\/portal\/contexto-general-informativo-regional-cric-29-octubre-2021\/#breadcrumb\"},\"inLanguage\":\"es\",\"potentialAction\":[{\"@type\":\"ReadAction\",\"target\":[\"https:\/\/www.cric-colombia.org\/portal\/contexto-general-informativo-regional-cric-29-octubre-2021\/\"]}]},{\"@type\":\"BreadcrumbList\",\"@id\":\"https:\/\/www.cric-colombia.org\/portal\/contexto-general-informativo-regional-cric-29-octubre-2021\/#breadcrumb\",\"itemListElement\":[{\"@type\":\"ListItem\",\"position\":1,\"name\":\"Portada\",\"item\":\"https:\/\/www.cric-colombia.org\/portal\/\"},{\"@type\":\"ListItem\",\"position\":2,\"name\":\"Contexto general Informativo Regional CRIC \u2013 29 octubre 2021\"}]},{\"@type\":\"WebSite\",\"@id\":\"https:\/\/www.cric-colombia.org\/portal\/#website\",\"url\":\"https:\/\/www.cric-colombia.org\/portal\/\",\"name\":\"Consejo Regional Ind\u00edgena del Cauca - CRIC\",\"description\":\"P\u00e1gina oficial del Consejo Regional Ind\u00edgena del Cauca, Colombia\",\"publisher\":{\"@id\":\"https:\/\/www.cric-colombia.org\/portal\/#organization\"},\"potentialAction\":[{\"@type\":\"SearchAction\",\"target\":{\"@type\":\"EntryPoint\",\"urlTemplate\":\"https:\/\/www.cric-colombia.org\/portal\/?s={search_term_string}\"},\"query-input\":\"required name=search_term_string\"}],\"inLanguage\":\"es\"},{\"@type\":\"Organization\",\"@id\":\"https:\/\/www.cric-colombia.org\/portal\/#organization\",\"name\":\"Consejo Regional Ind\u00edgena del Cauca\",\"url\":\"https:\/\/www.cric-colombia.org\/portal\/\",\"logo\":{\"@type\":\"ImageObject\",\"inLanguage\":\"es\",\"@id\":\"https:\/\/www.cric-colombia.org\/portal\/#\/schema\/logo\/image\/\",\"url\":\"https:\/\/www.cric-colombia.org\/portal\/wp-content\/uploads\/2015\/08\/logo_cric.jpg\",\"contentUrl\":\"https:\/\/www.cric-colombia.org\/portal\/wp-content\/uploads\/2015\/08\/logo_cric.jpg\",\"width\":512,\"height\":512,\"caption\":\"Consejo Regional Ind\u00edgena del Cauca\"},\"image\":{\"@id\":\"https:\/\/www.cric-colombia.org\/portal\/#\/schema\/logo\/image\/\"},\"sameAs\":[\"https:\/\/www.facebook.com\/cric.colombia\/\",\"https:\/\/twitter.com\/CRIC_Cauca\"]},{\"@type\":\"Person\",\"@id\":\"https:\/\/www.cric-colombia.org\/portal\/#\/schema\/person\/ab3a3099267de33d55f74f34ba201931\",\"name\":\"Comunicaciones CRIC\",\"image\":{\"@type\":\"ImageObject\",\"inLanguage\":\"es\",\"@id\":\"https:\/\/www.cric-colombia.org\/portal\/#\/schema\/person\/image\/\",\"url\":\"https:\/\/secure.gravatar.com\/avatar\/a8d1a6cfcb82a80d09dafefdcc3dcc8a?s=96&d=retro&r=g\",\"contentUrl\":\"https:\/\/secure.gravatar.com\/avatar\/a8d1a6cfcb82a80d09dafefdcc3dcc8a?s=96&d=retro&r=g\",\"caption\":\"Comunicaciones CRIC\"},\"url\":\"https:\/\/www.cric-colombia.org\/portal\/author\/comunicaciones\/\"}]}<\/script>\n<!-- \/ Yoast SEO plugin. -->","yoast_head_json":{"title":"Contexto general Informativo Regional CRIC \u2013 29 octubre 2021 - Consejo Regional Ind\u00edgena del Cauca - CRIC","description":"Contexto a nivel local regional- nacional- internacional Segunda minga de pensamiento-producci\u00f3n de material educativo-Nasa \u00c7xha\u00e7hxa. En zona rural del municipio de Cajibio, Cauca, asesinan a otro l\u00edder social denunciaron organizaciones sociales. Familias que recibieron su vivienda nueva en el marco del proceso de reasentamiento, son apoyados por la Corporaci\u00f3n Nasa Kiwe para fortalecer emprendimientos en varias \u00e1reas.","robots":{"index":"index","follow":"follow","max-snippet":"max-snippet:-1","max-image-preview":"max-image-preview:large","max-video-preview":"max-video-preview:-1"},"canonical":"https:\/\/www.cric-colombia.org\/portal\/contexto-general-informativo-regional-cric-29-octubre-2021\/","og_locale":"es_ES","og_type":"article","og_title":"Contexto general Informativo Regional CRIC \u2013 29 octubre 2021 - Consejo Regional Ind\u00edgena del Cauca - CRIC","og_description":"Contexto a nivel local regional- nacional- internacional Segunda minga de pensamiento-producci\u00f3n de material educativo-Nasa \u00c7xha\u00e7hxa. En zona rural del municipio de Cajibio, Cauca, asesinan a otro l\u00edder social denunciaron organizaciones sociales. Familias que recibieron su vivienda nueva en el marco del proceso de reasentamiento, son apoyados por la Corporaci\u00f3n Nasa Kiwe para fortalecer emprendimientos en varias \u00e1reas.","og_url":"https:\/\/www.cric-colombia.org\/portal\/contexto-general-informativo-regional-cric-29-octubre-2021\/","og_site_name":"Consejo Regional Ind\u00edgena del Cauca - CRIC","article_publisher":"https:\/\/www.facebook.com\/cric.colombia\/","article_published_time":"2021-10-29T21:33:31+00:00","og_image":[{"width":5901,"height":4744,"url":"https:\/\/www.cric-colombia.org\/portal\/wp-content\/uploads\/2021\/10\/logo-full-cric-UNIDAD-TIERRA-CULTURA-Y-AUTONOMIA-NEGRO-GRIS.png","type":"image\/png"}],"author":"Comunicaciones CRIC","twitter_card":"summary_large_image","twitter_creator":"@CRIC_Cauca","twitter_site":"@CRIC_Cauca","twitter_misc":{"Escrito por":"Comunicaciones CRIC","Tiempo de lectura":"2 minutos"},"schema":{"@context":"https:\/\/schema.org","@graph":[{"@type":"Article","@id":"https:\/\/www.cric-colombia.org\/portal\/contexto-general-informativo-regional-cric-29-octubre-2021\/#article","isPartOf":{"@id":"https:\/\/www.cric-colombia.org\/portal\/contexto-general-informativo-regional-cric-29-octubre-2021\/"},"author":{"name":"Comunicaciones CRIC","@id":"https:\/\/www.cric-colombia.org\/portal\/#\/schema\/person\/ab3a3099267de33d55f74f34ba201931"},"headline":"Contexto general Informativo Regional CRIC \u2013 29 octubre 2021","datePublished":"2021-10-29T21:33:31+00:00","dateModified":"2021-10-29T21:33:31+00:00","mainEntityOfPage":{"@id":"https:\/\/www.cric-colombia.org\/portal\/contexto-general-informativo-regional-cric-29-octubre-2021\/"},"wordCount":343,"commentCount":0,"publisher":{"@id":"https:\/\/www.cric-colombia.org\/portal\/#organization"},"keywords":["asesinato","cauca","CONSEJO REGIONAL INDIGENA DEL CAUCA CRIC","cric","indigenas","informativo","Minga"],"articleSection":["Actualidad Ind\u00edgena del Cauca"],"inLanguage":"es","potentialAction":[{"@type":"CommentAction","name":"Comment","target":["https:\/\/www.cric-colombia.org\/portal\/contexto-general-informativo-regional-cric-29-octubre-2021\/#respond"]}]},{"@type":"WebPage","@id":"https:\/\/www.cric-colombia.org\/portal\/contexto-general-informativo-regional-cric-29-octubre-2021\/","url":"https:\/\/www.cric-colombia.org\/portal\/contexto-general-informativo-regional-cric-29-octubre-2021\/","name":"Contexto general Informativo Regional CRIC \u2013 29 octubre 2021 - Consejo Regional Ind\u00edgena del Cauca - CRIC","isPartOf":{"@id":"https:\/\/www.cric-colombia.org\/portal\/#website"},"datePublished":"2021-10-29T21:33:31+00:00","dateModified":"2021-10-29T21:33:31+00:00","description":"Contexto a nivel local regional- nacional- internacional Segunda minga de pensamiento-producci\u00f3n de material educativo-Nasa \u00c7xha\u00e7hxa. En zona rural del municipio de Cajibio, Cauca, asesinan a otro l\u00edder social denunciaron organizaciones sociales. Familias que recibieron su vivienda nueva en el marco del proceso de reasentamiento, son apoyados por la Corporaci\u00f3n Nasa Kiwe para fortalecer emprendimientos en varias \u00e1reas.","breadcrumb":{"@id":"https:\/\/www.cric-colombia.org\/portal\/contexto-general-informativo-regional-cric-29-octubre-2021\/#breadcrumb"},"inLanguage":"es","potentialAction":[{"@type":"ReadAction","target":["https:\/\/www.cric-colombia.org\/portal\/contexto-general-informativo-regional-cric-29-octubre-2021\/"]}]},{"@type":"BreadcrumbList","@id":"https:\/\/www.cric-colombia.org\/portal\/contexto-general-informativo-regional-cric-29-octubre-2021\/#breadcrumb","itemListElement":[{"@type":"ListItem","position":1,"name":"Portada","item":"https:\/\/www.cric-colombia.org\/portal\/"},{"@type":"ListItem","position":2,"name":"Contexto general Informativo Regional CRIC \u2013 29 octubre 2021"}]},{"@type":"WebSite","@id":"https:\/\/www.cric-colombia.org\/portal\/#website","url":"https:\/\/www.cric-colombia.org\/portal\/","name":"Consejo Regional Ind\u00edgena del Cauca - CRIC","description":"P\u00e1gina oficial del Consejo Regional Ind\u00edgena del Cauca, Colombia","publisher":{"@id":"https:\/\/www.cric-colombia.org\/portal\/#organization"},"potentialAction":[{"@type":"SearchAction","target":{"@type":"EntryPoint","urlTemplate":"https:\/\/www.cric-colombia.org\/portal\/?s={search_term_string}"},"query-input":"required name=search_term_string"}],"inLanguage":"es"},{"@type":"Organization","@id":"https:\/\/www.cric-colombia.org\/portal\/#organization","name":"Consejo Regional Ind\u00edgena del Cauca","url":"https:\/\/www.cric-colombia.org\/portal\/","logo":{"@type":"ImageObject","inLanguage":"es","@id":"https:\/\/www.cric-colombia.org\/portal\/#\/schema\/logo\/image\/","url":"https:\/\/www.cric-colombia.org\/portal\/wp-content\/uploads\/2015\/08\/logo_cric.jpg","contentUrl":"https:\/\/www.cric-colombia.org\/portal\/wp-content\/uploads\/2015\/08\/logo_cric.jpg","width":512,"height":512,"caption":"Consejo Regional Ind\u00edgena del Cauca"},"image":{"@id":"https:\/\/www.cric-colombia.org\/portal\/#\/schema\/logo\/image\/"},"sameAs":["https:\/\/www.facebook.com\/cric.colombia\/","https:\/\/twitter.com\/CRIC_Cauca"]},{"@type":"Person","@id":"https:\/\/www.cric-colombia.org\/portal\/#\/schema\/person\/ab3a3099267de33d55f74f34ba201931","name":"Comunicaciones CRIC","image":{"@type":"ImageObject","inLanguage":"es","@id":"https:\/\/www.cric-colombia.org\/portal\/#\/schema\/person\/image\/","url":"https:\/\/secure.gravatar.com\/avatar\/a8d1a6cfcb82a80d09dafefdcc3dcc8a?s=96&d=retro&r=g","contentUrl":"https:\/\/secure.gravatar.com\/avatar\/a8d1a6cfcb82a80d09dafefdcc3dcc8a?s=96&d=retro&r=g","caption":"Comunicaciones CRIC"},"url":"https:\/\/www.cric-colombia.org\/portal\/author\/comunicaciones\/"}]}},"jetpack_featured_media_url":"https:\/\/www.cric-colombia.org\/portal\/wp-content\/uploads\/2021\/10\/logo-full-cric-UNIDAD-TIERRA-CULTURA-Y-AUTONOMIA-NEGRO-GRIS.png","_links":{"self":[{"href":"https:\/\/www.cric-colombia.org\/portal\/wp-json\/wp\/v2\/posts\/32278"}],"collection":[{"href":"https:\/\/www.cric-colombia.org\/portal\/wp-json\/wp\/v2\/posts"}],"about":[{"href":"https:\/\/www.cric-colombia.org\/portal\/wp-json\/wp\/v2\/types\/post"}],"author":[{"embeddable":true,"href":"https:\/\/www.cric-colombia.org\/portal\/wp-json\/wp\/v2\/users\/6"}],"replies":[{"embeddable":true,"href":"https:\/\/www.cric-colombia.org\/portal\/wp-json\/wp\/v2\/comments?post=32278"}],"version-history":[{"count":1,"href":"https:\/\/www.cric-colombia.org\/portal\/wp-json\/wp\/v2\/posts\/32278\/revisions"}],"predecessor-version":[{"id":32279,"href":"https:\/\/www.cric-colombia.org\/portal\/wp-json\/wp\/v2\/posts\/32278\/revisions\/32279"}],"wp:featuredmedia":[{"embeddable":true,"href":"https:\/\/www.cric-colombia.org\/portal\/wp-json\/wp\/v2\/media\/32046"}],"wp:attachment":[{"href":"https:\/\/www.cric-colombia.org\/portal\/wp-json\/wp\/v2\/media?parent=32278"}],"wp:term":[{"taxonomy":"category","embeddable":true,"href":"https:\/\/www.cric-colombia.org\/portal\/wp-json\/wp\/v2\/categories?post=32278"},{"taxonomy":"post_tag","embeddable":true,"href":"https:\/\/www.cric-colombia.org\/portal\/wp-json\/wp\/v2\/tags?post=32278"}],"curies":[{"name":"wp","href":"https:\/\/api.w.org\/{rel}","templated":true}]}}