{"id":32077,"date":"2021-10-07T09:20:40","date_gmt":"2021-10-07T14:20:40","guid":{"rendered":"https:\/\/www.cric-colombia.org\/portal\/?p=32077"},"modified":"2021-10-07T09:20:40","modified_gmt":"2021-10-07T14:20:40","slug":"preminga-del-arte","status":"publish","type":"post","link":"https:\/\/www.cric-colombia.org\/portal\/preminga-del-arte\/","title":{"rendered":"Preminga del Arte"},"content":{"rendered":"<p>Te invitamos a compartir un espacio de encuentro cultural desde el sabor y el saber de la comida tradicional, esta vez desde el territorio <strong>Sat Tama Kiwe<\/strong>, el d\u00eda 9 de octubre, hora 8:00 am, en la casa cabildo San Lorenzo.<\/p>\n<p><strong>No te lo puedes perder.<\/strong><\/p>\n","protected":false},"excerpt":{"rendered":"<p>Te invitamos a compartir un espacio de encuentro cultural desde el sabor y el saber de la comida tradicional, esta vez desde el territorio Sat Tama Kiwe, el d\u00eda 9 de octubre, hora 8:00 am, en la casa cabildo San Lorenzo. No te lo puedes perder.<\/p>\n","protected":false},"author":6,"featured_media":32078,"comment_status":"open","ping_status":"open","sticky":false,"template":"","format":"standard","meta":{"footnotes":""},"categories":[3,915],"tags":[89,189,88,87,605],"yoast_head":"<!-- This site is optimized with the Yoast SEO plugin v20.12 - https:\/\/yoast.com\/wordpress\/plugins\/seo\/ -->\n<title>Preminga del Arte - Consejo Regional Ind\u00edgena del Cauca - CRIC<\/title>\n<meta name=\"description\" content=\"Te invitamos a compartir un espacio de encuentro cultural desde el sabor y el saber de la comida tradicional, esta vez desde el territorio Sat Tama Kiwe, el d\u00eda 9 de octubre, hora 8:00 am, en la casa cabildo San Lorenzo.No te lo puedes perder.\" \/>\n<meta name=\"robots\" content=\"index, follow, max-snippet:-1, max-image-preview:large, max-video-preview:-1\" \/>\n<link rel=\"canonical\" href=\"https:\/\/www.cric-colombia.org\/portal\/preminga-del-arte\/\" \/>\n<meta property=\"og:locale\" content=\"es_ES\" \/>\n<meta property=\"og:type\" content=\"article\" \/>\n<meta property=\"og:title\" content=\"Preminga del Arte - Consejo Regional Ind\u00edgena del Cauca - CRIC\" \/>\n<meta property=\"og:description\" content=\"Te invitamos a compartir un espacio de encuentro cultural desde el sabor y el saber de la comida tradicional, esta vez desde el territorio Sat Tama Kiwe, el d\u00eda 9 de octubre, hora 8:00 am, en la casa cabildo San Lorenzo.No te lo puedes perder.\" \/>\n<meta property=\"og:url\" content=\"https:\/\/www.cric-colombia.org\/portal\/preminga-del-arte\/\" \/>\n<meta property=\"og:site_name\" content=\"Consejo Regional Ind\u00edgena del Cauca - CRIC\" \/>\n<meta property=\"article:publisher\" content=\"https:\/\/www.facebook.com\/cric.colombia\/\" \/>\n<meta property=\"article:published_time\" content=\"2021-10-07T14:20:40+00:00\" \/>\n<meta property=\"og:image\" content=\"https:\/\/www.cric-colombia.org\/portal\/wp-content\/uploads\/2021\/10\/WhatsApp-Image-2021-10-01-at-4.52.44-PM-1.jpeg\" \/>\n\t<meta property=\"og:image:width\" content=\"987\" \/>\n\t<meta property=\"og:image:height\" content=\"1280\" \/>\n\t<meta property=\"og:image:type\" content=\"image\/jpeg\" \/>\n<meta name=\"author\" content=\"Comunicaciones CRIC\" \/>\n<meta name=\"twitter:card\" content=\"summary_large_image\" \/>\n<meta name=\"twitter:creator\" content=\"@CRIC_Cauca\" \/>\n<meta name=\"twitter:site\" content=\"@CRIC_Cauca\" \/>\n<meta name=\"twitter:label1\" content=\"Escrito por\" \/>\n\t<meta name=\"twitter:data1\" content=\"Comunicaciones CRIC\" \/>\n<script type=\"application\/ld+json\" class=\"yoast-schema-graph\">{\"@context\":\"https:\/\/schema.org\",\"@graph\":[{\"@type\":\"Article\",\"@id\":\"https:\/\/www.cric-colombia.org\/portal\/preminga-del-arte\/#article\",\"isPartOf\":{\"@id\":\"https:\/\/www.cric-colombia.org\/portal\/preminga-del-arte\/\"},\"author\":{\"name\":\"Comunicaciones CRIC\",\"@id\":\"https:\/\/www.cric-colombia.org\/portal\/#\/schema\/person\/ab3a3099267de33d55f74f34ba201931\"},\"headline\":\"Preminga del Arte\",\"datePublished\":\"2021-10-07T14:20:40+00:00\",\"dateModified\":\"2021-10-07T14:20:40+00:00\",\"mainEntityOfPage\":{\"@id\":\"https:\/\/www.cric-colombia.org\/portal\/preminga-del-arte\/\"},\"wordCount\":48,\"commentCount\":0,\"publisher\":{\"@id\":\"https:\/\/www.cric-colombia.org\/portal\/#organization\"},\"keywords\":[\"cauca\",\"CONSEJO REGIONAL INDIGENA DEL CAUCA CRIC\",\"cric\",\"indigenas\",\"MingadelArteInd\u00edgena\"],\"articleSection\":[\"Actualidad Ind\u00edgena del Cauca\",\"Minga del Arte 2021\"],\"inLanguage\":\"es\",\"potentialAction\":[{\"@type\":\"CommentAction\",\"name\":\"Comment\",\"target\":[\"https:\/\/www.cric-colombia.org\/portal\/preminga-del-arte\/#respond\"]}]},{\"@type\":\"WebPage\",\"@id\":\"https:\/\/www.cric-colombia.org\/portal\/preminga-del-arte\/\",\"url\":\"https:\/\/www.cric-colombia.org\/portal\/preminga-del-arte\/\",\"name\":\"Preminga del Arte - Consejo Regional Ind\u00edgena del Cauca - CRIC\",\"isPartOf\":{\"@id\":\"https:\/\/www.cric-colombia.org\/portal\/#website\"},\"datePublished\":\"2021-10-07T14:20:40+00:00\",\"dateModified\":\"2021-10-07T14:20:40+00:00\",\"description\":\"Te invitamos a compartir un espacio de encuentro cultural desde el sabor y el saber de la comida tradicional, esta vez desde el territorio Sat Tama Kiwe, el d\u00eda 9 de octubre, hora 8:00 am, en la casa cabildo San Lorenzo.No te lo puedes perder.\",\"breadcrumb\":{\"@id\":\"https:\/\/www.cric-colombia.org\/portal\/preminga-del-arte\/#breadcrumb\"},\"inLanguage\":\"es\",\"potentialAction\":[{\"@type\":\"ReadAction\",\"target\":[\"https:\/\/www.cric-colombia.org\/portal\/preminga-del-arte\/\"]}]},{\"@type\":\"BreadcrumbList\",\"@id\":\"https:\/\/www.cric-colombia.org\/portal\/preminga-del-arte\/#breadcrumb\",\"itemListElement\":[{\"@type\":\"ListItem\",\"position\":1,\"name\":\"Portada\",\"item\":\"https:\/\/www.cric-colombia.org\/portal\/\"},{\"@type\":\"ListItem\",\"position\":2,\"name\":\"Preminga del Arte\"}]},{\"@type\":\"WebSite\",\"@id\":\"https:\/\/www.cric-colombia.org\/portal\/#website\",\"url\":\"https:\/\/www.cric-colombia.org\/portal\/\",\"name\":\"Consejo Regional Ind\u00edgena del Cauca - CRIC\",\"description\":\"P\u00e1gina oficial del Consejo Regional Ind\u00edgena del Cauca, Colombia\",\"publisher\":{\"@id\":\"https:\/\/www.cric-colombia.org\/portal\/#organization\"},\"potentialAction\":[{\"@type\":\"SearchAction\",\"target\":{\"@type\":\"EntryPoint\",\"urlTemplate\":\"https:\/\/www.cric-colombia.org\/portal\/?s={search_term_string}\"},\"query-input\":\"required name=search_term_string\"}],\"inLanguage\":\"es\"},{\"@type\":\"Organization\",\"@id\":\"https:\/\/www.cric-colombia.org\/portal\/#organization\",\"name\":\"Consejo Regional Ind\u00edgena del Cauca\",\"url\":\"https:\/\/www.cric-colombia.org\/portal\/\",\"logo\":{\"@type\":\"ImageObject\",\"inLanguage\":\"es\",\"@id\":\"https:\/\/www.cric-colombia.org\/portal\/#\/schema\/logo\/image\/\",\"url\":\"https:\/\/www.cric-colombia.org\/portal\/wp-content\/uploads\/2015\/08\/logo_cric.jpg\",\"contentUrl\":\"https:\/\/www.cric-colombia.org\/portal\/wp-content\/uploads\/2015\/08\/logo_cric.jpg\",\"width\":512,\"height\":512,\"caption\":\"Consejo Regional Ind\u00edgena del Cauca\"},\"image\":{\"@id\":\"https:\/\/www.cric-colombia.org\/portal\/#\/schema\/logo\/image\/\"},\"sameAs\":[\"https:\/\/www.facebook.com\/cric.colombia\/\",\"https:\/\/twitter.com\/CRIC_Cauca\"]},{\"@type\":\"Person\",\"@id\":\"https:\/\/www.cric-colombia.org\/portal\/#\/schema\/person\/ab3a3099267de33d55f74f34ba201931\",\"name\":\"Comunicaciones CRIC\",\"image\":{\"@type\":\"ImageObject\",\"inLanguage\":\"es\",\"@id\":\"https:\/\/www.cric-colombia.org\/portal\/#\/schema\/person\/image\/\",\"url\":\"https:\/\/secure.gravatar.com\/avatar\/a8d1a6cfcb82a80d09dafefdcc3dcc8a?s=96&d=retro&r=g\",\"contentUrl\":\"https:\/\/secure.gravatar.com\/avatar\/a8d1a6cfcb82a80d09dafefdcc3dcc8a?s=96&d=retro&r=g\",\"caption\":\"Comunicaciones CRIC\"},\"url\":\"https:\/\/www.cric-colombia.org\/portal\/author\/comunicaciones\/\"}]}<\/script>\n<!-- \/ Yoast SEO plugin. -->","yoast_head_json":{"title":"Preminga del Arte - Consejo Regional Ind\u00edgena del Cauca - CRIC","description":"Te invitamos a compartir un espacio de encuentro cultural desde el sabor y el saber de la comida tradicional, esta vez desde el territorio Sat Tama Kiwe, el d\u00eda 9 de octubre, hora 8:00 am, en la casa cabildo San Lorenzo.No te lo puedes perder.","robots":{"index":"index","follow":"follow","max-snippet":"max-snippet:-1","max-image-preview":"max-image-preview:large","max-video-preview":"max-video-preview:-1"},"canonical":"https:\/\/www.cric-colombia.org\/portal\/preminga-del-arte\/","og_locale":"es_ES","og_type":"article","og_title":"Preminga del Arte - Consejo Regional Ind\u00edgena del Cauca - CRIC","og_description":"Te invitamos a compartir un espacio de encuentro cultural desde el sabor y el saber de la comida tradicional, esta vez desde el territorio Sat Tama Kiwe, el d\u00eda 9 de octubre, hora 8:00 am, en la casa cabildo San Lorenzo.No te lo puedes perder.","og_url":"https:\/\/www.cric-colombia.org\/portal\/preminga-del-arte\/","og_site_name":"Consejo Regional Ind\u00edgena del Cauca - CRIC","article_publisher":"https:\/\/www.facebook.com\/cric.colombia\/","article_published_time":"2021-10-07T14:20:40+00:00","og_image":[{"width":987,"height":1280,"url":"https:\/\/www.cric-colombia.org\/portal\/wp-content\/uploads\/2021\/10\/WhatsApp-Image-2021-10-01-at-4.52.44-PM-1.jpeg","type":"image\/jpeg"}],"author":"Comunicaciones CRIC","twitter_card":"summary_large_image","twitter_creator":"@CRIC_Cauca","twitter_site":"@CRIC_Cauca","twitter_misc":{"Escrito por":"Comunicaciones CRIC"},"schema":{"@context":"https:\/\/schema.org","@graph":[{"@type":"Article","@id":"https:\/\/www.cric-colombia.org\/portal\/preminga-del-arte\/#article","isPartOf":{"@id":"https:\/\/www.cric-colombia.org\/portal\/preminga-del-arte\/"},"author":{"name":"Comunicaciones CRIC","@id":"https:\/\/www.cric-colombia.org\/portal\/#\/schema\/person\/ab3a3099267de33d55f74f34ba201931"},"headline":"Preminga del Arte","datePublished":"2021-10-07T14:20:40+00:00","dateModified":"2021-10-07T14:20:40+00:00","mainEntityOfPage":{"@id":"https:\/\/www.cric-colombia.org\/portal\/preminga-del-arte\/"},"wordCount":48,"commentCount":0,"publisher":{"@id":"https:\/\/www.cric-colombia.org\/portal\/#organization"},"keywords":["cauca","CONSEJO REGIONAL INDIGENA DEL CAUCA CRIC","cric","indigenas","MingadelArteInd\u00edgena"],"articleSection":["Actualidad Ind\u00edgena del Cauca","Minga del Arte 2021"],"inLanguage":"es","potentialAction":[{"@type":"CommentAction","name":"Comment","target":["https:\/\/www.cric-colombia.org\/portal\/preminga-del-arte\/#respond"]}]},{"@type":"WebPage","@id":"https:\/\/www.cric-colombia.org\/portal\/preminga-del-arte\/","url":"https:\/\/www.cric-colombia.org\/portal\/preminga-del-arte\/","name":"Preminga del Arte - Consejo Regional Ind\u00edgena del Cauca - CRIC","isPartOf":{"@id":"https:\/\/www.cric-colombia.org\/portal\/#website"},"datePublished":"2021-10-07T14:20:40+00:00","dateModified":"2021-10-07T14:20:40+00:00","description":"Te invitamos a compartir un espacio de encuentro cultural desde el sabor y el saber de la comida tradicional, esta vez desde el territorio Sat Tama Kiwe, el d\u00eda 9 de octubre, hora 8:00 am, en la casa cabildo San Lorenzo.No te lo puedes perder.","breadcrumb":{"@id":"https:\/\/www.cric-colombia.org\/portal\/preminga-del-arte\/#breadcrumb"},"inLanguage":"es","potentialAction":[{"@type":"ReadAction","target":["https:\/\/www.cric-colombia.org\/portal\/preminga-del-arte\/"]}]},{"@type":"BreadcrumbList","@id":"https:\/\/www.cric-colombia.org\/portal\/preminga-del-arte\/#breadcrumb","itemListElement":[{"@type":"ListItem","position":1,"name":"Portada","item":"https:\/\/www.cric-colombia.org\/portal\/"},{"@type":"ListItem","position":2,"name":"Preminga del Arte"}]},{"@type":"WebSite","@id":"https:\/\/www.cric-colombia.org\/portal\/#website","url":"https:\/\/www.cric-colombia.org\/portal\/","name":"Consejo Regional Ind\u00edgena del Cauca - CRIC","description":"P\u00e1gina oficial del Consejo Regional Ind\u00edgena del Cauca, Colombia","publisher":{"@id":"https:\/\/www.cric-colombia.org\/portal\/#organization"},"potentialAction":[{"@type":"SearchAction","target":{"@type":"EntryPoint","urlTemplate":"https:\/\/www.cric-colombia.org\/portal\/?s={search_term_string}"},"query-input":"required name=search_term_string"}],"inLanguage":"es"},{"@type":"Organization","@id":"https:\/\/www.cric-colombia.org\/portal\/#organization","name":"Consejo Regional Ind\u00edgena del Cauca","url":"https:\/\/www.cric-colombia.org\/portal\/","logo":{"@type":"ImageObject","inLanguage":"es","@id":"https:\/\/www.cric-colombia.org\/portal\/#\/schema\/logo\/image\/","url":"https:\/\/www.cric-colombia.org\/portal\/wp-content\/uploads\/2015\/08\/logo_cric.jpg","contentUrl":"https:\/\/www.cric-colombia.org\/portal\/wp-content\/uploads\/2015\/08\/logo_cric.jpg","width":512,"height":512,"caption":"Consejo Regional Ind\u00edgena del Cauca"},"image":{"@id":"https:\/\/www.cric-colombia.org\/portal\/#\/schema\/logo\/image\/"},"sameAs":["https:\/\/www.facebook.com\/cric.colombia\/","https:\/\/twitter.com\/CRIC_Cauca"]},{"@type":"Person","@id":"https:\/\/www.cric-colombia.org\/portal\/#\/schema\/person\/ab3a3099267de33d55f74f34ba201931","name":"Comunicaciones CRIC","image":{"@type":"ImageObject","inLanguage":"es","@id":"https:\/\/www.cric-colombia.org\/portal\/#\/schema\/person\/image\/","url":"https:\/\/secure.gravatar.com\/avatar\/a8d1a6cfcb82a80d09dafefdcc3dcc8a?s=96&d=retro&r=g","contentUrl":"https:\/\/secure.gravatar.com\/avatar\/a8d1a6cfcb82a80d09dafefdcc3dcc8a?s=96&d=retro&r=g","caption":"Comunicaciones CRIC"},"url":"https:\/\/www.cric-colombia.org\/portal\/author\/comunicaciones\/"}]}},"jetpack_featured_media_url":"https:\/\/www.cric-colombia.org\/portal\/wp-content\/uploads\/2021\/10\/WhatsApp-Image-2021-10-01-at-4.52.44-PM-1.jpeg","_links":{"self":[{"href":"https:\/\/www.cric-colombia.org\/portal\/wp-json\/wp\/v2\/posts\/32077"}],"collection":[{"href":"https:\/\/www.cric-colombia.org\/portal\/wp-json\/wp\/v2\/posts"}],"about":[{"href":"https:\/\/www.cric-colombia.org\/portal\/wp-json\/wp\/v2\/types\/post"}],"author":[{"embeddable":true,"href":"https:\/\/www.cric-colombia.org\/portal\/wp-json\/wp\/v2\/users\/6"}],"replies":[{"embeddable":true,"href":"https:\/\/www.cric-colombia.org\/portal\/wp-json\/wp\/v2\/comments?post=32077"}],"version-history":[{"count":2,"href":"https:\/\/www.cric-colombia.org\/portal\/wp-json\/wp\/v2\/posts\/32077\/revisions"}],"predecessor-version":[{"id":32080,"href":"https:\/\/www.cric-colombia.org\/portal\/wp-json\/wp\/v2\/posts\/32077\/revisions\/32080"}],"wp:featuredmedia":[{"embeddable":true,"href":"https:\/\/www.cric-colombia.org\/portal\/wp-json\/wp\/v2\/media\/32078"}],"wp:attachment":[{"href":"https:\/\/www.cric-colombia.org\/portal\/wp-json\/wp\/v2\/media?parent=32077"}],"wp:term":[{"taxonomy":"category","embeddable":true,"href":"https:\/\/www.cric-colombia.org\/portal\/wp-json\/wp\/v2\/categories?post=32077"},{"taxonomy":"post_tag","embeddable":true,"href":"https:\/\/www.cric-colombia.org\/portal\/wp-json\/wp\/v2\/tags?post=32077"}],"curies":[{"name":"wp","href":"https:\/\/api.w.org\/{rel}","templated":true}]}}