{"id":32045,"date":"2021-10-01T11:06:54","date_gmt":"2021-10-01T16:06:54","guid":{"rendered":"https:\/\/www.cric-colombia.org\/portal\/?p=32045"},"modified":"2021-10-01T11:23:44","modified_gmt":"2021-10-01T16:23:44","slug":"pronunciamiento-y-denuncia-publica-2","status":"publish","type":"post","link":"https:\/\/www.cric-colombia.org\/portal\/pronunciamiento-y-denuncia-publica-2\/","title":{"rendered":"Pronunciamiento y Denuncia P\u00fablica"},"content":{"rendered":"<p style=\"text-align: left\">EL PROGRAMA DE DEFENSA DE LA VIDA Y LOS DERECHOS HUMANOS CRIC-NACIONAL RECHAZA ATENTADO Y AMENAZAS EN CONTRA DEL COORDINADOR DE GUARDIA OVEIMAR TENORIO DE LA ZONA NORTE.<\/p>\n<p><strong>Las (139) Autoridades Tradicionales y los once (11) Pueblos Ind\u00edgenas pertenecientes al Consejo Regional Ind\u00edgena del Cauca-Cric-Nacional.<\/strong><\/p>\n<p><strong>Rechazamos <\/strong>el atentado del d\u00eda de hoy 01 de octubre de 2021, en donde el compa\u00f1ero Oveimar Tenorio quien se desempe\u00f1a como coordinador <strong>zonal de los Kiwe Thenas de Cxhab Wala Kiwe,<\/strong> fue atacado por desconocidos que le dispararon en repetidas ocasiones mientras se encontraba en su lugar de residencia en el resguardo ind\u00edgena de san francisco Toribio. Las agresiones en contra del compa\u00f1ero <strong>Oveimar Tenori<\/strong>o y su familia han aumentado de manera cr\u00edtica en el \u00faltimo mes. Es as\u00ed como los d\u00edas 12 y 13 de septiembre su n\u00facleo familiar recibi\u00f3 amenazas directas.\u00a0 De la misma manera, en el ejercicio de coordinaci\u00f3n de la guardia, ha sufrido al menos cinco persecuciones por las carreteras del norte del Cauca en las \u00faltimas dos semanas. <em>(fuente bolet\u00edn Cxhab Wala Kiwe).<\/em><\/p>\n<p>El Consejo regional Ind\u00edgena del <strong>Cauca CRIC- NACIONAL<\/strong> y su Programa de Defensa de la Vida y los Derechos Humanos <strong>Denunciamos, <\/strong>\u00a0<strong>contundentemente las continuas y sistem\u00e1ticas amenazas en contra de la guardia ind\u00edgena, autoridades y comunidad, protectora de la vida, el territorio y la paz, <\/strong>por parte de los diferentes grupos armados ilegales, quienes pretenden sembrar m\u00e1s violencia y terror en los territorios con el prop\u00f3sito de amedrentar los procesos\u00a0 de control y defensa territorial por parte de la Guardia Ind\u00edgena y en contra de los procesos pol\u00edticos organizativos.<\/p>\n<p>Exigimos al <strong>Gobierno Nacional<\/strong> en cabeza del presidente IVAN DUQUE MARQUEZ, para que se avance en la implementaci\u00f3n <strong>efectiva de los acuerdos de paz,<\/strong> se tomen las medidas necesarias en pro de salvaguardar la vida y garant\u00edas urgentes para que la guardia ind\u00edgena pueda continuar realizando los ejercicios de <strong>control territorial en defensa de la vida y la paz.<\/strong><\/p>\n<p>Por este tipo de hechos activamos las alarmas y hacemos un llamado al Estado Colombiano, a los Organismos Nacionales e Internacionales defensores y garantes de los <strong>DD. HH y el DIH, Defensor\u00eda del Pueblo, de Mapp OEA, ONU,<\/strong> para que de manera urgente y prioritaria hagan seguimiento a las acciones violentas que afectan a nuestras comunidades y territorios del Departamento, que se eviten las acciones de exterminio f\u00edsico, cultural y espiritual que se est\u00e1 dando en nuestro pa\u00eds, y se tomen medidas para garantizarnos la pervivencia como pueblos.<\/p>\n<p><strong><em>\u00a1CUENTEN CON NOSOTROS PARA LA PAZ, NUNCA PARA LA GUERRA!<\/em><\/strong><\/p>\n<p>POPAY\u00c1N 01 OCTUBRE DE 2021<\/p>\n","protected":false},"excerpt":{"rendered":"<p>EL PROGRAMA DE DEFENSA DE LA VIDA Y LOS DERECHOS HUMANOS CRIC-NACIONAL RECHAZA ATENTADO Y AMENAZAS EN CONTRA DEL COORDINADOR DE GUARDIA OVEIMAR TENORIO DE LA ZONA NORTE. Las (139) Autoridades Tradicionales y los once (11) Pueblos Ind\u00edgenas pertenecientes al Consejo Regional Ind\u00edgena del Cauca-Cric-Nacional. Rechazamos el atentado del d\u00eda de hoy 01 de octubre <\/p>\n","protected":false},"author":6,"featured_media":32046,"comment_status":"open","ping_status":"open","sticky":false,"template":"","format":"standard","meta":{"footnotes":""},"categories":[3],"tags":[462,88,610],"yoast_head":"<!-- This site is optimized with the Yoast SEO plugin v20.12 - https:\/\/yoast.com\/wordpress\/plugins\/seo\/ -->\n<title>Pronunciamiento y Denuncia P\u00fablica - Consejo Regional Ind\u00edgena del Cauca - CRIC<\/title>\n<meta name=\"robots\" content=\"index, follow, max-snippet:-1, max-image-preview:large, max-video-preview:-1\" \/>\n<link rel=\"canonical\" href=\"https:\/\/www.cric-colombia.org\/portal\/pronunciamiento-y-denuncia-publica-2\/\" \/>\n<meta property=\"og:locale\" content=\"es_ES\" \/>\n<meta property=\"og:type\" content=\"article\" \/>\n<meta property=\"og:title\" content=\"Pronunciamiento y Denuncia P\u00fablica - Consejo Regional Ind\u00edgena del Cauca - CRIC\" \/>\n<meta property=\"og:description\" content=\"EL PROGRAMA DE DEFENSA DE LA VIDA Y LOS DERECHOS HUMANOS CRIC-NACIONAL RECHAZA ATENTADO Y AMENAZAS EN CONTRA DEL COORDINADOR DE GUARDIA OVEIMAR TENORIO DE LA ZONA NORTE. Las (139) Autoridades Tradicionales y los once (11) Pueblos Ind\u00edgenas pertenecientes al Consejo Regional Ind\u00edgena del Cauca-Cric-Nacional. Rechazamos el atentado del d\u00eda de hoy 01 de octubre\" \/>\n<meta property=\"og:url\" content=\"https:\/\/www.cric-colombia.org\/portal\/pronunciamiento-y-denuncia-publica-2\/\" \/>\n<meta property=\"og:site_name\" content=\"Consejo Regional Ind\u00edgena del Cauca - CRIC\" \/>\n<meta property=\"article:publisher\" content=\"https:\/\/www.facebook.com\/cric.colombia\/\" \/>\n<meta property=\"article:published_time\" content=\"2021-10-01T16:06:54+00:00\" \/>\n<meta property=\"article:modified_time\" content=\"2021-10-01T16:23:44+00:00\" \/>\n<meta property=\"og:image\" content=\"https:\/\/www.cric-colombia.org\/portal\/wp-content\/uploads\/2021\/10\/logo-full-cric-UNIDAD-TIERRA-CULTURA-Y-AUTONOMIA-NEGRO-GRIS.png\" \/>\n\t<meta property=\"og:image:width\" content=\"5901\" \/>\n\t<meta property=\"og:image:height\" content=\"4744\" \/>\n\t<meta property=\"og:image:type\" content=\"image\/png\" \/>\n<meta name=\"author\" content=\"Comunicaciones CRIC\" \/>\n<meta name=\"twitter:card\" content=\"summary_large_image\" \/>\n<meta name=\"twitter:creator\" content=\"@CRIC_Cauca\" \/>\n<meta name=\"twitter:site\" content=\"@CRIC_Cauca\" \/>\n<meta name=\"twitter:label1\" content=\"Escrito por\" \/>\n\t<meta name=\"twitter:data1\" content=\"Comunicaciones CRIC\" \/>\n\t<meta name=\"twitter:label2\" content=\"Tiempo de lectura\" \/>\n\t<meta name=\"twitter:data2\" content=\"2 minutos\" \/>\n<script type=\"application\/ld+json\" class=\"yoast-schema-graph\">{\"@context\":\"https:\/\/schema.org\",\"@graph\":[{\"@type\":\"Article\",\"@id\":\"https:\/\/www.cric-colombia.org\/portal\/pronunciamiento-y-denuncia-publica-2\/#article\",\"isPartOf\":{\"@id\":\"https:\/\/www.cric-colombia.org\/portal\/pronunciamiento-y-denuncia-publica-2\/\"},\"author\":{\"name\":\"Comunicaciones CRIC\",\"@id\":\"https:\/\/www.cric-colombia.org\/portal\/#\/schema\/person\/ab3a3099267de33d55f74f34ba201931\"},\"headline\":\"Pronunciamiento y Denuncia P\u00fablica\",\"datePublished\":\"2021-10-01T16:06:54+00:00\",\"dateModified\":\"2021-10-01T16:23:44+00:00\",\"mainEntityOfPage\":{\"@id\":\"https:\/\/www.cric-colombia.org\/portal\/pronunciamiento-y-denuncia-publica-2\/\"},\"wordCount\":448,\"commentCount\":0,\"publisher\":{\"@id\":\"https:\/\/www.cric-colombia.org\/portal\/#organization\"},\"keywords\":[\"Atentado\",\"cric\",\"guardia ind\u00edgena\"],\"articleSection\":[\"Actualidad Ind\u00edgena del Cauca\"],\"inLanguage\":\"es\",\"potentialAction\":[{\"@type\":\"CommentAction\",\"name\":\"Comment\",\"target\":[\"https:\/\/www.cric-colombia.org\/portal\/pronunciamiento-y-denuncia-publica-2\/#respond\"]}]},{\"@type\":\"WebPage\",\"@id\":\"https:\/\/www.cric-colombia.org\/portal\/pronunciamiento-y-denuncia-publica-2\/\",\"url\":\"https:\/\/www.cric-colombia.org\/portal\/pronunciamiento-y-denuncia-publica-2\/\",\"name\":\"Pronunciamiento y Denuncia P\u00fablica - Consejo Regional Ind\u00edgena del Cauca - CRIC\",\"isPartOf\":{\"@id\":\"https:\/\/www.cric-colombia.org\/portal\/#website\"},\"datePublished\":\"2021-10-01T16:06:54+00:00\",\"dateModified\":\"2021-10-01T16:23:44+00:00\",\"breadcrumb\":{\"@id\":\"https:\/\/www.cric-colombia.org\/portal\/pronunciamiento-y-denuncia-publica-2\/#breadcrumb\"},\"inLanguage\":\"es\",\"potentialAction\":[{\"@type\":\"ReadAction\",\"target\":[\"https:\/\/www.cric-colombia.org\/portal\/pronunciamiento-y-denuncia-publica-2\/\"]}]},{\"@type\":\"BreadcrumbList\",\"@id\":\"https:\/\/www.cric-colombia.org\/portal\/pronunciamiento-y-denuncia-publica-2\/#breadcrumb\",\"itemListElement\":[{\"@type\":\"ListItem\",\"position\":1,\"name\":\"Portada\",\"item\":\"https:\/\/www.cric-colombia.org\/portal\/\"},{\"@type\":\"ListItem\",\"position\":2,\"name\":\"Pronunciamiento y Denuncia P\u00fablica\"}]},{\"@type\":\"WebSite\",\"@id\":\"https:\/\/www.cric-colombia.org\/portal\/#website\",\"url\":\"https:\/\/www.cric-colombia.org\/portal\/\",\"name\":\"Consejo Regional Ind\u00edgena del Cauca - CRIC\",\"description\":\"P\u00e1gina oficial del Consejo Regional Ind\u00edgena del Cauca, Colombia\",\"publisher\":{\"@id\":\"https:\/\/www.cric-colombia.org\/portal\/#organization\"},\"potentialAction\":[{\"@type\":\"SearchAction\",\"target\":{\"@type\":\"EntryPoint\",\"urlTemplate\":\"https:\/\/www.cric-colombia.org\/portal\/?s={search_term_string}\"},\"query-input\":\"required name=search_term_string\"}],\"inLanguage\":\"es\"},{\"@type\":\"Organization\",\"@id\":\"https:\/\/www.cric-colombia.org\/portal\/#organization\",\"name\":\"Consejo Regional Ind\u00edgena del Cauca\",\"url\":\"https:\/\/www.cric-colombia.org\/portal\/\",\"logo\":{\"@type\":\"ImageObject\",\"inLanguage\":\"es\",\"@id\":\"https:\/\/www.cric-colombia.org\/portal\/#\/schema\/logo\/image\/\",\"url\":\"https:\/\/www.cric-colombia.org\/portal\/wp-content\/uploads\/2015\/08\/logo_cric.jpg\",\"contentUrl\":\"https:\/\/www.cric-colombia.org\/portal\/wp-content\/uploads\/2015\/08\/logo_cric.jpg\",\"width\":512,\"height\":512,\"caption\":\"Consejo Regional Ind\u00edgena del Cauca\"},\"image\":{\"@id\":\"https:\/\/www.cric-colombia.org\/portal\/#\/schema\/logo\/image\/\"},\"sameAs\":[\"https:\/\/www.facebook.com\/cric.colombia\/\",\"https:\/\/twitter.com\/CRIC_Cauca\"]},{\"@type\":\"Person\",\"@id\":\"https:\/\/www.cric-colombia.org\/portal\/#\/schema\/person\/ab3a3099267de33d55f74f34ba201931\",\"name\":\"Comunicaciones CRIC\",\"image\":{\"@type\":\"ImageObject\",\"inLanguage\":\"es\",\"@id\":\"https:\/\/www.cric-colombia.org\/portal\/#\/schema\/person\/image\/\",\"url\":\"https:\/\/secure.gravatar.com\/avatar\/a8d1a6cfcb82a80d09dafefdcc3dcc8a?s=96&d=retro&r=g\",\"contentUrl\":\"https:\/\/secure.gravatar.com\/avatar\/a8d1a6cfcb82a80d09dafefdcc3dcc8a?s=96&d=retro&r=g\",\"caption\":\"Comunicaciones CRIC\"},\"url\":\"https:\/\/www.cric-colombia.org\/portal\/author\/comunicaciones\/\"}]}<\/script>\n<!-- \/ Yoast SEO plugin. -->","yoast_head_json":{"title":"Pronunciamiento y Denuncia P\u00fablica - Consejo Regional Ind\u00edgena del Cauca - CRIC","robots":{"index":"index","follow":"follow","max-snippet":"max-snippet:-1","max-image-preview":"max-image-preview:large","max-video-preview":"max-video-preview:-1"},"canonical":"https:\/\/www.cric-colombia.org\/portal\/pronunciamiento-y-denuncia-publica-2\/","og_locale":"es_ES","og_type":"article","og_title":"Pronunciamiento y Denuncia P\u00fablica - Consejo Regional Ind\u00edgena del Cauca - CRIC","og_description":"EL PROGRAMA DE DEFENSA DE LA VIDA Y LOS DERECHOS HUMANOS CRIC-NACIONAL RECHAZA ATENTADO Y AMENAZAS EN CONTRA DEL COORDINADOR DE GUARDIA OVEIMAR TENORIO DE LA ZONA NORTE. Las (139) Autoridades Tradicionales y los once (11) Pueblos Ind\u00edgenas pertenecientes al Consejo Regional Ind\u00edgena del Cauca-Cric-Nacional. Rechazamos el atentado del d\u00eda de hoy 01 de octubre","og_url":"https:\/\/www.cric-colombia.org\/portal\/pronunciamiento-y-denuncia-publica-2\/","og_site_name":"Consejo Regional Ind\u00edgena del Cauca - CRIC","article_publisher":"https:\/\/www.facebook.com\/cric.colombia\/","article_published_time":"2021-10-01T16:06:54+00:00","article_modified_time":"2021-10-01T16:23:44+00:00","og_image":[{"width":5901,"height":4744,"url":"https:\/\/www.cric-colombia.org\/portal\/wp-content\/uploads\/2021\/10\/logo-full-cric-UNIDAD-TIERRA-CULTURA-Y-AUTONOMIA-NEGRO-GRIS.png","type":"image\/png"}],"author":"Comunicaciones CRIC","twitter_card":"summary_large_image","twitter_creator":"@CRIC_Cauca","twitter_site":"@CRIC_Cauca","twitter_misc":{"Escrito por":"Comunicaciones CRIC","Tiempo de lectura":"2 minutos"},"schema":{"@context":"https:\/\/schema.org","@graph":[{"@type":"Article","@id":"https:\/\/www.cric-colombia.org\/portal\/pronunciamiento-y-denuncia-publica-2\/#article","isPartOf":{"@id":"https:\/\/www.cric-colombia.org\/portal\/pronunciamiento-y-denuncia-publica-2\/"},"author":{"name":"Comunicaciones CRIC","@id":"https:\/\/www.cric-colombia.org\/portal\/#\/schema\/person\/ab3a3099267de33d55f74f34ba201931"},"headline":"Pronunciamiento y Denuncia P\u00fablica","datePublished":"2021-10-01T16:06:54+00:00","dateModified":"2021-10-01T16:23:44+00:00","mainEntityOfPage":{"@id":"https:\/\/www.cric-colombia.org\/portal\/pronunciamiento-y-denuncia-publica-2\/"},"wordCount":448,"commentCount":0,"publisher":{"@id":"https:\/\/www.cric-colombia.org\/portal\/#organization"},"keywords":["Atentado","cric","guardia ind\u00edgena"],"articleSection":["Actualidad Ind\u00edgena del Cauca"],"inLanguage":"es","potentialAction":[{"@type":"CommentAction","name":"Comment","target":["https:\/\/www.cric-colombia.org\/portal\/pronunciamiento-y-denuncia-publica-2\/#respond"]}]},{"@type":"WebPage","@id":"https:\/\/www.cric-colombia.org\/portal\/pronunciamiento-y-denuncia-publica-2\/","url":"https:\/\/www.cric-colombia.org\/portal\/pronunciamiento-y-denuncia-publica-2\/","name":"Pronunciamiento y Denuncia P\u00fablica - Consejo Regional Ind\u00edgena del Cauca - CRIC","isPartOf":{"@id":"https:\/\/www.cric-colombia.org\/portal\/#website"},"datePublished":"2021-10-01T16:06:54+00:00","dateModified":"2021-10-01T16:23:44+00:00","breadcrumb":{"@id":"https:\/\/www.cric-colombia.org\/portal\/pronunciamiento-y-denuncia-publica-2\/#breadcrumb"},"inLanguage":"es","potentialAction":[{"@type":"ReadAction","target":["https:\/\/www.cric-colombia.org\/portal\/pronunciamiento-y-denuncia-publica-2\/"]}]},{"@type":"BreadcrumbList","@id":"https:\/\/www.cric-colombia.org\/portal\/pronunciamiento-y-denuncia-publica-2\/#breadcrumb","itemListElement":[{"@type":"ListItem","position":1,"name":"Portada","item":"https:\/\/www.cric-colombia.org\/portal\/"},{"@type":"ListItem","position":2,"name":"Pronunciamiento y Denuncia P\u00fablica"}]},{"@type":"WebSite","@id":"https:\/\/www.cric-colombia.org\/portal\/#website","url":"https:\/\/www.cric-colombia.org\/portal\/","name":"Consejo Regional Ind\u00edgena del Cauca - CRIC","description":"P\u00e1gina oficial del Consejo Regional Ind\u00edgena del Cauca, Colombia","publisher":{"@id":"https:\/\/www.cric-colombia.org\/portal\/#organization"},"potentialAction":[{"@type":"SearchAction","target":{"@type":"EntryPoint","urlTemplate":"https:\/\/www.cric-colombia.org\/portal\/?s={search_term_string}"},"query-input":"required name=search_term_string"}],"inLanguage":"es"},{"@type":"Organization","@id":"https:\/\/www.cric-colombia.org\/portal\/#organization","name":"Consejo Regional Ind\u00edgena del Cauca","url":"https:\/\/www.cric-colombia.org\/portal\/","logo":{"@type":"ImageObject","inLanguage":"es","@id":"https:\/\/www.cric-colombia.org\/portal\/#\/schema\/logo\/image\/","url":"https:\/\/www.cric-colombia.org\/portal\/wp-content\/uploads\/2015\/08\/logo_cric.jpg","contentUrl":"https:\/\/www.cric-colombia.org\/portal\/wp-content\/uploads\/2015\/08\/logo_cric.jpg","width":512,"height":512,"caption":"Consejo Regional Ind\u00edgena del Cauca"},"image":{"@id":"https:\/\/www.cric-colombia.org\/portal\/#\/schema\/logo\/image\/"},"sameAs":["https:\/\/www.facebook.com\/cric.colombia\/","https:\/\/twitter.com\/CRIC_Cauca"]},{"@type":"Person","@id":"https:\/\/www.cric-colombia.org\/portal\/#\/schema\/person\/ab3a3099267de33d55f74f34ba201931","name":"Comunicaciones CRIC","image":{"@type":"ImageObject","inLanguage":"es","@id":"https:\/\/www.cric-colombia.org\/portal\/#\/schema\/person\/image\/","url":"https:\/\/secure.gravatar.com\/avatar\/a8d1a6cfcb82a80d09dafefdcc3dcc8a?s=96&d=retro&r=g","contentUrl":"https:\/\/secure.gravatar.com\/avatar\/a8d1a6cfcb82a80d09dafefdcc3dcc8a?s=96&d=retro&r=g","caption":"Comunicaciones CRIC"},"url":"https:\/\/www.cric-colombia.org\/portal\/author\/comunicaciones\/"}]}},"jetpack_featured_media_url":"https:\/\/www.cric-colombia.org\/portal\/wp-content\/uploads\/2021\/10\/logo-full-cric-UNIDAD-TIERRA-CULTURA-Y-AUTONOMIA-NEGRO-GRIS.png","_links":{"self":[{"href":"https:\/\/www.cric-colombia.org\/portal\/wp-json\/wp\/v2\/posts\/32045"}],"collection":[{"href":"https:\/\/www.cric-colombia.org\/portal\/wp-json\/wp\/v2\/posts"}],"about":[{"href":"https:\/\/www.cric-colombia.org\/portal\/wp-json\/wp\/v2\/types\/post"}],"author":[{"embeddable":true,"href":"https:\/\/www.cric-colombia.org\/portal\/wp-json\/wp\/v2\/users\/6"}],"replies":[{"embeddable":true,"href":"https:\/\/www.cric-colombia.org\/portal\/wp-json\/wp\/v2\/comments?post=32045"}],"version-history":[{"count":5,"href":"https:\/\/www.cric-colombia.org\/portal\/wp-json\/wp\/v2\/posts\/32045\/revisions"}],"predecessor-version":[{"id":32053,"href":"https:\/\/www.cric-colombia.org\/portal\/wp-json\/wp\/v2\/posts\/32045\/revisions\/32053"}],"wp:featuredmedia":[{"embeddable":true,"href":"https:\/\/www.cric-colombia.org\/portal\/wp-json\/wp\/v2\/media\/32046"}],"wp:attachment":[{"href":"https:\/\/www.cric-colombia.org\/portal\/wp-json\/wp\/v2\/media?parent=32045"}],"wp:term":[{"taxonomy":"category","embeddable":true,"href":"https:\/\/www.cric-colombia.org\/portal\/wp-json\/wp\/v2\/categories?post=32045"},{"taxonomy":"post_tag","embeddable":true,"href":"https:\/\/www.cric-colombia.org\/portal\/wp-json\/wp\/v2\/tags?post=32045"}],"curies":[{"name":"wp","href":"https:\/\/api.w.org\/{rel}","templated":true}]}}