{"id":32010,"date":"2021-09-28T17:30:56","date_gmt":"2021-09-28T22:30:56","guid":{"rendered":"https:\/\/www.cric-colombia.org\/portal\/?p=32010"},"modified":"2021-09-28T18:15:27","modified_gmt":"2021-09-28T23:15:27","slug":"la-consulta-popular-inicio-el-camino-del-cambio","status":"publish","type":"post","link":"https:\/\/www.cric-colombia.org\/portal\/la-consulta-popular-inicio-el-camino-del-cambio\/","title":{"rendered":"La Consulta Popular inici\u00f3 el camino del cambio."},"content":{"rendered":"<p>La bandera roja y verde del <a href=\"https:\/\/www.cric-colombia.org\/portal\/contexto-general-informativo-regional-emision-28-septiembre-2021\/\">Consejo Regional Ind\u00edgena del Cauca<\/a>, CRIC, recorri\u00f3 la carrera s\u00e9ptima desde el parque nacional hasta la plaza de Bolivar, en la ciudad de Bogot\u00e1. En la marcha, programada por el comit\u00e9 nacional del paro, se ve\u00eda en cada costado a un guardia ind\u00edgena aferrando el s\u00edmbolo mientras caminaba junto a manifestantes de otras organizaciones sociales y sindicales del pa\u00eds, quienes desde hace meses, buscan, a trav\u00e9s de la protesta social, cambios estructurales en las pol\u00edticas actuales del pa\u00eds.<\/p>\n<p>La marcha del 28 de septiembre, fue para La <a href=\"https:\/\/www.cric-colombia.org\/portal\/alerta-a-la-comunidad-nacional-e-internacional\/\">Minga Nacional<\/a>, social, popular y comunitaria, el inicio del camino hacia la gran consulta popular por Colombia, una iniciativa que surgi\u00f3, en el marco del paro nacional, d\u00f3nde los j\u00f3venes de primera linea, comunidades ind\u00edgenas, sectores campesinos, afros, sindicales y otros, le apuestan a que sea, a trav\u00e9s de la participaci\u00f3n ciudadana, que se generen las soluciones a las principales necesidades que padecen la mayor\u00eda de colombianos.<\/p>\n<p>La consulta popular, que inicia su camino por el cambio, contiene trece puntos, donde se destacan temas como \u00e9l de la renta b\u00e1sica, que busca un m\u00ednimo vital para<br \/>\nlos sectores menos favorecidos del pa\u00eds; tambi\u00e9n, se establecen preguntas sobre reformas que garanticen la educaci\u00f3n gratuita y de calidad, la salud, la no violencia contra las mujeres y los derechos del campesinado, entre otras preguntas que esperan la aprobaci\u00f3n ciudadana.<\/p>\n<p>As\u00ed las cosas, la marcha del 28 se septiembre es un paso m\u00e1s hacia el cambio, es la apuesta ciudadana por pol\u00edticas que garanticen la vida y el bienestar de muchos colombianos que hoy est\u00e1n en condiciones precarias esperando soluciones de un gobierno que ha demostrado ser incapaz.<\/p>\n","protected":false},"excerpt":{"rendered":"<p>La bandera roja y verde del Consejo Regional Ind\u00edgena del Cauca, CRIC, recorri\u00f3 la carrera s\u00e9ptima desde el parque nacional hasta la plaza de Bolivar, en la ciudad de Bogot\u00e1. En la marcha, programada por el comit\u00e9 nacional del paro, se ve\u00eda en cada costado a un guardia ind\u00edgena aferrando el s\u00edmbolo mientras caminaba junto <\/p>\n","protected":false},"author":6,"featured_media":32011,"comment_status":"open","ping_status":"open","sticky":false,"template":"","format":"standard","meta":{"footnotes":""},"categories":[3,23],"tags":[89,189,864,453,87],"yoast_head":"<!-- This site is optimized with the Yoast SEO plugin v20.12 - https:\/\/yoast.com\/wordpress\/plugins\/seo\/ -->\n<title>La Consulta Popular inici\u00f3 el camino del cambio. - Consejo Regional Ind\u00edgena del Cauca - CRIC<\/title>\n<meta name=\"description\" content=\"La bandera roja y verde del Consejo Regional Ind\u00edgena del Cauca, CRIC, recorri\u00f3 la carrera s\u00e9ptima desde el parque nacional hasta la plaza de Bolivar, en la ciudad de Bogot\u00e1. En la marcha, programada por el comit\u00e9 nacional del paro, se ve\u00eda en cada costado a un guardia ind\u00edgena aferrando el s\u00edmbolo mientras caminaba junto a manifestantes de otras organizaciones sociales y sindicales del pa\u00eds, quienes desde hace meses, buscan, a trav\u00e9s de la protesta social, cambios estructurales en las pol\u00edticas actuales del pa\u00eds.\" \/>\n<meta name=\"robots\" content=\"index, follow, max-snippet:-1, max-image-preview:large, max-video-preview:-1\" \/>\n<link rel=\"canonical\" href=\"https:\/\/www.cric-colombia.org\/portal\/la-consulta-popular-inicio-el-camino-del-cambio\/\" \/>\n<meta property=\"og:locale\" content=\"es_ES\" \/>\n<meta property=\"og:type\" content=\"article\" \/>\n<meta property=\"og:title\" content=\"La Consulta Popular inici\u00f3 el camino del cambio. - Consejo Regional Ind\u00edgena del Cauca - CRIC\" \/>\n<meta property=\"og:description\" content=\"La bandera roja y verde del Consejo Regional Ind\u00edgena del Cauca, CRIC, recorri\u00f3 la carrera s\u00e9ptima desde el parque nacional hasta la plaza de Bolivar, en la ciudad de Bogot\u00e1. En la marcha, programada por el comit\u00e9 nacional del paro, se ve\u00eda en cada costado a un guardia ind\u00edgena aferrando el s\u00edmbolo mientras caminaba junto a manifestantes de otras organizaciones sociales y sindicales del pa\u00eds, quienes desde hace meses, buscan, a trav\u00e9s de la protesta social, cambios estructurales en las pol\u00edticas actuales del pa\u00eds.\" \/>\n<meta property=\"og:url\" content=\"https:\/\/www.cric-colombia.org\/portal\/la-consulta-popular-inicio-el-camino-del-cambio\/\" \/>\n<meta property=\"og:site_name\" content=\"Consejo Regional Ind\u00edgena del Cauca - CRIC\" \/>\n<meta property=\"article:publisher\" content=\"https:\/\/www.facebook.com\/cric.colombia\/\" \/>\n<meta property=\"article:published_time\" content=\"2021-09-28T22:30:56+00:00\" \/>\n<meta property=\"article:modified_time\" content=\"2021-09-28T23:15:27+00:00\" \/>\n<meta property=\"og:image\" content=\"https:\/\/www.cric-colombia.org\/portal\/wp-content\/uploads\/2021\/09\/WhatsApp-Image-2021-09-28-at-5.14.23-PM-1.jpeg\" \/>\n\t<meta property=\"og:image:width\" content=\"1600\" \/>\n\t<meta property=\"og:image:height\" content=\"900\" \/>\n\t<meta property=\"og:image:type\" content=\"image\/jpeg\" \/>\n<meta name=\"author\" content=\"Comunicaciones CRIC\" \/>\n<meta name=\"twitter:card\" content=\"summary_large_image\" \/>\n<meta name=\"twitter:creator\" content=\"@CRIC_Cauca\" \/>\n<meta name=\"twitter:site\" content=\"@CRIC_Cauca\" \/>\n<meta name=\"twitter:label1\" content=\"Escrito por\" \/>\n\t<meta name=\"twitter:data1\" content=\"Comunicaciones CRIC\" \/>\n\t<meta name=\"twitter:label2\" content=\"Tiempo de lectura\" \/>\n\t<meta name=\"twitter:data2\" content=\"2 minutos\" \/>\n<script type=\"application\/ld+json\" class=\"yoast-schema-graph\">{\"@context\":\"https:\/\/schema.org\",\"@graph\":[{\"@type\":\"Article\",\"@id\":\"https:\/\/www.cric-colombia.org\/portal\/la-consulta-popular-inicio-el-camino-del-cambio\/#article\",\"isPartOf\":{\"@id\":\"https:\/\/www.cric-colombia.org\/portal\/la-consulta-popular-inicio-el-camino-del-cambio\/\"},\"author\":{\"name\":\"Comunicaciones CRIC\",\"@id\":\"https:\/\/www.cric-colombia.org\/portal\/#\/schema\/person\/ab3a3099267de33d55f74f34ba201931\"},\"headline\":\"La Consulta Popular inici\u00f3 el camino del cambio.\",\"datePublished\":\"2021-09-28T22:30:56+00:00\",\"dateModified\":\"2021-09-28T23:15:27+00:00\",\"mainEntityOfPage\":{\"@id\":\"https:\/\/www.cric-colombia.org\/portal\/la-consulta-popular-inicio-el-camino-del-cambio\/\"},\"wordCount\":308,\"commentCount\":0,\"publisher\":{\"@id\":\"https:\/\/www.cric-colombia.org\/portal\/#organization\"},\"keywords\":[\"cauca\",\"CONSEJO REGIONAL INDIGENA DEL CAUCA CRIC\",\"CRIC Nacional\",\"Guardia\",\"indigenas\"],\"articleSection\":[\"Actualidad Ind\u00edgena del Cauca\",\"Actualidad Ind\u00edgena Nacional\"],\"inLanguage\":\"es\",\"potentialAction\":[{\"@type\":\"CommentAction\",\"name\":\"Comment\",\"target\":[\"https:\/\/www.cric-colombia.org\/portal\/la-consulta-popular-inicio-el-camino-del-cambio\/#respond\"]}]},{\"@type\":\"WebPage\",\"@id\":\"https:\/\/www.cric-colombia.org\/portal\/la-consulta-popular-inicio-el-camino-del-cambio\/\",\"url\":\"https:\/\/www.cric-colombia.org\/portal\/la-consulta-popular-inicio-el-camino-del-cambio\/\",\"name\":\"La Consulta Popular inici\u00f3 el camino del cambio. - Consejo Regional Ind\u00edgena del Cauca - CRIC\",\"isPartOf\":{\"@id\":\"https:\/\/www.cric-colombia.org\/portal\/#website\"},\"datePublished\":\"2021-09-28T22:30:56+00:00\",\"dateModified\":\"2021-09-28T23:15:27+00:00\",\"description\":\"La bandera roja y verde del Consejo Regional Ind\u00edgena del Cauca, CRIC, recorri\u00f3 la carrera s\u00e9ptima desde el parque nacional hasta la plaza de Bolivar, en la ciudad de Bogot\u00e1. En la marcha, programada por el comit\u00e9 nacional del paro, se ve\u00eda en cada costado a un guardia ind\u00edgena aferrando el s\u00edmbolo mientras caminaba junto a manifestantes de otras organizaciones sociales y sindicales del pa\u00eds, quienes desde hace meses, buscan, a trav\u00e9s de la protesta social, cambios estructurales en las pol\u00edticas actuales del pa\u00eds.\",\"breadcrumb\":{\"@id\":\"https:\/\/www.cric-colombia.org\/portal\/la-consulta-popular-inicio-el-camino-del-cambio\/#breadcrumb\"},\"inLanguage\":\"es\",\"potentialAction\":[{\"@type\":\"ReadAction\",\"target\":[\"https:\/\/www.cric-colombia.org\/portal\/la-consulta-popular-inicio-el-camino-del-cambio\/\"]}]},{\"@type\":\"BreadcrumbList\",\"@id\":\"https:\/\/www.cric-colombia.org\/portal\/la-consulta-popular-inicio-el-camino-del-cambio\/#breadcrumb\",\"itemListElement\":[{\"@type\":\"ListItem\",\"position\":1,\"name\":\"Portada\",\"item\":\"https:\/\/www.cric-colombia.org\/portal\/\"},{\"@type\":\"ListItem\",\"position\":2,\"name\":\"La Consulta Popular inici\u00f3 el camino del cambio.\"}]},{\"@type\":\"WebSite\",\"@id\":\"https:\/\/www.cric-colombia.org\/portal\/#website\",\"url\":\"https:\/\/www.cric-colombia.org\/portal\/\",\"name\":\"Consejo Regional Ind\u00edgena del Cauca - CRIC\",\"description\":\"P\u00e1gina oficial del Consejo Regional Ind\u00edgena del Cauca, Colombia\",\"publisher\":{\"@id\":\"https:\/\/www.cric-colombia.org\/portal\/#organization\"},\"potentialAction\":[{\"@type\":\"SearchAction\",\"target\":{\"@type\":\"EntryPoint\",\"urlTemplate\":\"https:\/\/www.cric-colombia.org\/portal\/?s={search_term_string}\"},\"query-input\":\"required name=search_term_string\"}],\"inLanguage\":\"es\"},{\"@type\":\"Organization\",\"@id\":\"https:\/\/www.cric-colombia.org\/portal\/#organization\",\"name\":\"Consejo Regional Ind\u00edgena del Cauca\",\"url\":\"https:\/\/www.cric-colombia.org\/portal\/\",\"logo\":{\"@type\":\"ImageObject\",\"inLanguage\":\"es\",\"@id\":\"https:\/\/www.cric-colombia.org\/portal\/#\/schema\/logo\/image\/\",\"url\":\"https:\/\/www.cric-colombia.org\/portal\/wp-content\/uploads\/2015\/08\/logo_cric.jpg\",\"contentUrl\":\"https:\/\/www.cric-colombia.org\/portal\/wp-content\/uploads\/2015\/08\/logo_cric.jpg\",\"width\":512,\"height\":512,\"caption\":\"Consejo Regional Ind\u00edgena del Cauca\"},\"image\":{\"@id\":\"https:\/\/www.cric-colombia.org\/portal\/#\/schema\/logo\/image\/\"},\"sameAs\":[\"https:\/\/www.facebook.com\/cric.colombia\/\",\"https:\/\/twitter.com\/CRIC_Cauca\"]},{\"@type\":\"Person\",\"@id\":\"https:\/\/www.cric-colombia.org\/portal\/#\/schema\/person\/ab3a3099267de33d55f74f34ba201931\",\"name\":\"Comunicaciones CRIC\",\"image\":{\"@type\":\"ImageObject\",\"inLanguage\":\"es\",\"@id\":\"https:\/\/www.cric-colombia.org\/portal\/#\/schema\/person\/image\/\",\"url\":\"https:\/\/secure.gravatar.com\/avatar\/a8d1a6cfcb82a80d09dafefdcc3dcc8a?s=96&d=retro&r=g\",\"contentUrl\":\"https:\/\/secure.gravatar.com\/avatar\/a8d1a6cfcb82a80d09dafefdcc3dcc8a?s=96&d=retro&r=g\",\"caption\":\"Comunicaciones CRIC\"},\"url\":\"https:\/\/www.cric-colombia.org\/portal\/author\/comunicaciones\/\"}]}<\/script>\n<!-- \/ Yoast SEO plugin. -->","yoast_head_json":{"title":"La Consulta Popular inici\u00f3 el camino del cambio. - Consejo Regional Ind\u00edgena del Cauca - CRIC","description":"La bandera roja y verde del Consejo Regional Ind\u00edgena del Cauca, CRIC, recorri\u00f3 la carrera s\u00e9ptima desde el parque nacional hasta la plaza de Bolivar, en la ciudad de Bogot\u00e1. En la marcha, programada por el comit\u00e9 nacional del paro, se ve\u00eda en cada costado a un guardia ind\u00edgena aferrando el s\u00edmbolo mientras caminaba junto a manifestantes de otras organizaciones sociales y sindicales del pa\u00eds, quienes desde hace meses, buscan, a trav\u00e9s de la protesta social, cambios estructurales en las pol\u00edticas actuales del pa\u00eds.","robots":{"index":"index","follow":"follow","max-snippet":"max-snippet:-1","max-image-preview":"max-image-preview:large","max-video-preview":"max-video-preview:-1"},"canonical":"https:\/\/www.cric-colombia.org\/portal\/la-consulta-popular-inicio-el-camino-del-cambio\/","og_locale":"es_ES","og_type":"article","og_title":"La Consulta Popular inici\u00f3 el camino del cambio. - Consejo Regional Ind\u00edgena del Cauca - CRIC","og_description":"La bandera roja y verde del Consejo Regional Ind\u00edgena del Cauca, CRIC, recorri\u00f3 la carrera s\u00e9ptima desde el parque nacional hasta la plaza de Bolivar, en la ciudad de Bogot\u00e1. En la marcha, programada por el comit\u00e9 nacional del paro, se ve\u00eda en cada costado a un guardia ind\u00edgena aferrando el s\u00edmbolo mientras caminaba junto a manifestantes de otras organizaciones sociales y sindicales del pa\u00eds, quienes desde hace meses, buscan, a trav\u00e9s de la protesta social, cambios estructurales en las pol\u00edticas actuales del pa\u00eds.","og_url":"https:\/\/www.cric-colombia.org\/portal\/la-consulta-popular-inicio-el-camino-del-cambio\/","og_site_name":"Consejo Regional Ind\u00edgena del Cauca - CRIC","article_publisher":"https:\/\/www.facebook.com\/cric.colombia\/","article_published_time":"2021-09-28T22:30:56+00:00","article_modified_time":"2021-09-28T23:15:27+00:00","og_image":[{"width":1600,"height":900,"url":"https:\/\/www.cric-colombia.org\/portal\/wp-content\/uploads\/2021\/09\/WhatsApp-Image-2021-09-28-at-5.14.23-PM-1.jpeg","type":"image\/jpeg"}],"author":"Comunicaciones CRIC","twitter_card":"summary_large_image","twitter_creator":"@CRIC_Cauca","twitter_site":"@CRIC_Cauca","twitter_misc":{"Escrito por":"Comunicaciones CRIC","Tiempo de lectura":"2 minutos"},"schema":{"@context":"https:\/\/schema.org","@graph":[{"@type":"Article","@id":"https:\/\/www.cric-colombia.org\/portal\/la-consulta-popular-inicio-el-camino-del-cambio\/#article","isPartOf":{"@id":"https:\/\/www.cric-colombia.org\/portal\/la-consulta-popular-inicio-el-camino-del-cambio\/"},"author":{"name":"Comunicaciones CRIC","@id":"https:\/\/www.cric-colombia.org\/portal\/#\/schema\/person\/ab3a3099267de33d55f74f34ba201931"},"headline":"La Consulta Popular inici\u00f3 el camino del cambio.","datePublished":"2021-09-28T22:30:56+00:00","dateModified":"2021-09-28T23:15:27+00:00","mainEntityOfPage":{"@id":"https:\/\/www.cric-colombia.org\/portal\/la-consulta-popular-inicio-el-camino-del-cambio\/"},"wordCount":308,"commentCount":0,"publisher":{"@id":"https:\/\/www.cric-colombia.org\/portal\/#organization"},"keywords":["cauca","CONSEJO REGIONAL INDIGENA DEL CAUCA CRIC","CRIC Nacional","Guardia","indigenas"],"articleSection":["Actualidad Ind\u00edgena del Cauca","Actualidad Ind\u00edgena Nacional"],"inLanguage":"es","potentialAction":[{"@type":"CommentAction","name":"Comment","target":["https:\/\/www.cric-colombia.org\/portal\/la-consulta-popular-inicio-el-camino-del-cambio\/#respond"]}]},{"@type":"WebPage","@id":"https:\/\/www.cric-colombia.org\/portal\/la-consulta-popular-inicio-el-camino-del-cambio\/","url":"https:\/\/www.cric-colombia.org\/portal\/la-consulta-popular-inicio-el-camino-del-cambio\/","name":"La Consulta Popular inici\u00f3 el camino del cambio. - Consejo Regional Ind\u00edgena del Cauca - CRIC","isPartOf":{"@id":"https:\/\/www.cric-colombia.org\/portal\/#website"},"datePublished":"2021-09-28T22:30:56+00:00","dateModified":"2021-09-28T23:15:27+00:00","description":"La bandera roja y verde del Consejo Regional Ind\u00edgena del Cauca, CRIC, recorri\u00f3 la carrera s\u00e9ptima desde el parque nacional hasta la plaza de Bolivar, en la ciudad de Bogot\u00e1. En la marcha, programada por el comit\u00e9 nacional del paro, se ve\u00eda en cada costado a un guardia ind\u00edgena aferrando el s\u00edmbolo mientras caminaba junto a manifestantes de otras organizaciones sociales y sindicales del pa\u00eds, quienes desde hace meses, buscan, a trav\u00e9s de la protesta social, cambios estructurales en las pol\u00edticas actuales del pa\u00eds.","breadcrumb":{"@id":"https:\/\/www.cric-colombia.org\/portal\/la-consulta-popular-inicio-el-camino-del-cambio\/#breadcrumb"},"inLanguage":"es","potentialAction":[{"@type":"ReadAction","target":["https:\/\/www.cric-colombia.org\/portal\/la-consulta-popular-inicio-el-camino-del-cambio\/"]}]},{"@type":"BreadcrumbList","@id":"https:\/\/www.cric-colombia.org\/portal\/la-consulta-popular-inicio-el-camino-del-cambio\/#breadcrumb","itemListElement":[{"@type":"ListItem","position":1,"name":"Portada","item":"https:\/\/www.cric-colombia.org\/portal\/"},{"@type":"ListItem","position":2,"name":"La Consulta Popular inici\u00f3 el camino del cambio."}]},{"@type":"WebSite","@id":"https:\/\/www.cric-colombia.org\/portal\/#website","url":"https:\/\/www.cric-colombia.org\/portal\/","name":"Consejo Regional Ind\u00edgena del Cauca - CRIC","description":"P\u00e1gina oficial del Consejo Regional Ind\u00edgena del Cauca, Colombia","publisher":{"@id":"https:\/\/www.cric-colombia.org\/portal\/#organization"},"potentialAction":[{"@type":"SearchAction","target":{"@type":"EntryPoint","urlTemplate":"https:\/\/www.cric-colombia.org\/portal\/?s={search_term_string}"},"query-input":"required name=search_term_string"}],"inLanguage":"es"},{"@type":"Organization","@id":"https:\/\/www.cric-colombia.org\/portal\/#organization","name":"Consejo Regional Ind\u00edgena del Cauca","url":"https:\/\/www.cric-colombia.org\/portal\/","logo":{"@type":"ImageObject","inLanguage":"es","@id":"https:\/\/www.cric-colombia.org\/portal\/#\/schema\/logo\/image\/","url":"https:\/\/www.cric-colombia.org\/portal\/wp-content\/uploads\/2015\/08\/logo_cric.jpg","contentUrl":"https:\/\/www.cric-colombia.org\/portal\/wp-content\/uploads\/2015\/08\/logo_cric.jpg","width":512,"height":512,"caption":"Consejo Regional Ind\u00edgena del Cauca"},"image":{"@id":"https:\/\/www.cric-colombia.org\/portal\/#\/schema\/logo\/image\/"},"sameAs":["https:\/\/www.facebook.com\/cric.colombia\/","https:\/\/twitter.com\/CRIC_Cauca"]},{"@type":"Person","@id":"https:\/\/www.cric-colombia.org\/portal\/#\/schema\/person\/ab3a3099267de33d55f74f34ba201931","name":"Comunicaciones CRIC","image":{"@type":"ImageObject","inLanguage":"es","@id":"https:\/\/www.cric-colombia.org\/portal\/#\/schema\/person\/image\/","url":"https:\/\/secure.gravatar.com\/avatar\/a8d1a6cfcb82a80d09dafefdcc3dcc8a?s=96&d=retro&r=g","contentUrl":"https:\/\/secure.gravatar.com\/avatar\/a8d1a6cfcb82a80d09dafefdcc3dcc8a?s=96&d=retro&r=g","caption":"Comunicaciones CRIC"},"url":"https:\/\/www.cric-colombia.org\/portal\/author\/comunicaciones\/"}]}},"jetpack_featured_media_url":"https:\/\/www.cric-colombia.org\/portal\/wp-content\/uploads\/2021\/09\/WhatsApp-Image-2021-09-28-at-5.14.23-PM-1.jpeg","_links":{"self":[{"href":"https:\/\/www.cric-colombia.org\/portal\/wp-json\/wp\/v2\/posts\/32010"}],"collection":[{"href":"https:\/\/www.cric-colombia.org\/portal\/wp-json\/wp\/v2\/posts"}],"about":[{"href":"https:\/\/www.cric-colombia.org\/portal\/wp-json\/wp\/v2\/types\/post"}],"author":[{"embeddable":true,"href":"https:\/\/www.cric-colombia.org\/portal\/wp-json\/wp\/v2\/users\/6"}],"replies":[{"embeddable":true,"href":"https:\/\/www.cric-colombia.org\/portal\/wp-json\/wp\/v2\/comments?post=32010"}],"version-history":[{"count":1,"href":"https:\/\/www.cric-colombia.org\/portal\/wp-json\/wp\/v2\/posts\/32010\/revisions"}],"predecessor-version":[{"id":32012,"href":"https:\/\/www.cric-colombia.org\/portal\/wp-json\/wp\/v2\/posts\/32010\/revisions\/32012"}],"wp:featuredmedia":[{"embeddable":true,"href":"https:\/\/www.cric-colombia.org\/portal\/wp-json\/wp\/v2\/media\/32011"}],"wp:attachment":[{"href":"https:\/\/www.cric-colombia.org\/portal\/wp-json\/wp\/v2\/media?parent=32010"}],"wp:term":[{"taxonomy":"category","embeddable":true,"href":"https:\/\/www.cric-colombia.org\/portal\/wp-json\/wp\/v2\/categories?post=32010"},{"taxonomy":"post_tag","embeddable":true,"href":"https:\/\/www.cric-colombia.org\/portal\/wp-json\/wp\/v2\/tags?post=32010"}],"curies":[{"name":"wp","href":"https:\/\/api.w.org\/{rel}","templated":true}]}}