{"id":31965,"date":"2021-09-23T22:37:17","date_gmt":"2021-09-24T03:37:17","guid":{"rendered":"https:\/\/www.cric-colombia.org\/portal\/?p=31965"},"modified":"2021-09-23T22:37:18","modified_gmt":"2021-09-24T03:37:18","slug":"hechos-de-violencia-contra-las-mujeres-causan-desarmonia-en-el-territorio-de-jambalo","status":"publish","type":"post","link":"https:\/\/www.cric-colombia.org\/portal\/hechos-de-violencia-contra-las-mujeres-causan-desarmonia-en-el-territorio-de-jambalo\/","title":{"rendered":"Hechos de violencia contra las mujeres causan desarmon\u00eda en el territorio de Jambal\u00f3."},"content":{"rendered":"<p>El d\u00eda mi\u00e9rcoles 22 de septiembre del 2021, cerca de las 6:30 pm, se present\u00f3 desarmon\u00eda en el territorio de Jambal\u00f3, por violencia a mano armada en contra de una <a href=\"https:\/\/www.cric-colombia.org\/portal\/mujeres-cric-conmemoraron-el-dia-internacional-de-la-mujer-indigena\/\">mujer<\/a> mayor de edad, la mayora Ilia Pilcue, quien se dirig\u00eda al trueque agropecuario liderado por las entidades del territorio.<\/p>\n<p>Ilia Pilcue fue interceptada en el camino por 3 personas las cuales la <a href=\"https:\/\/www.cric-colombia.org\/portal\/no-se-detiene-el-desangre-cae-asesinado-lider-indigena-en-choco\/\">asesinaron<\/a> a sangre fr\u00eda en pleno camino de la Herradura con varios impactos de armas de fuego, los responsables se dieron a la fuga y minutos m\u00e1s tarde los vecinos se percataron de lo acontecido e informaron a las autoridades locales y municipales para el debido levantamiento del cuerpo.<\/p>\n<p>El cuerpo ser\u00e1 trasladado a la ciudad de Popay\u00e1n a medicina Legal para la valoraci\u00f3n en la ma\u00f1ana de este jueves, mientras tanto el caso quedo disposici\u00f3n de las autoridades competentes para la respectiva investigaci\u00f3n del caso.<\/p>\n<p>Estos hechos de <a href=\"https:\/\/www.cric-colombia.org\/portal\/boletin-dhh-numerosos-hechos-de-violencia-en-los-territorios-del-norte-del-cauca\/\">violencia<\/a> causan desarmon\u00eda en el territorio y m\u00e1s a\u00fan cuando van en contra de la mujer quien es nuestra dadora de Vida.<\/p>\n","protected":false},"excerpt":{"rendered":"<p>El d\u00eda mi\u00e9rcoles 22 de septiembre del 2021, cerca de las 6:30 pm, se present\u00f3 desarmon\u00eda en el territorio de Jambal\u00f3, por violencia a mano armada en contra de una mujer mayor de edad, la mayora Ilia Pilcue, quien se dirig\u00eda al trueque agropecuario liderado por las entidades del territorio. Ilia Pilcue fue interceptada en <\/p>\n","protected":false},"author":6,"featured_media":31966,"comment_status":"open","ping_status":"open","sticky":false,"template":"","format":"standard","meta":{"footnotes":""},"categories":[3],"tags":[241,918],"yoast_head":"<!-- This site is optimized with the Yoast SEO plugin v20.12 - https:\/\/yoast.com\/wordpress\/plugins\/seo\/ -->\n<title>Hechos de violencia contra las mujeres causan desarmon\u00eda en el territorio de Jambal\u00f3. - Consejo Regional Ind\u00edgena del Cauca - CRIC<\/title>\n<meta name=\"description\" content=\"El d\u00eda mi\u00e9rcoles 22 de septiembre del 2021, cerca de las 6:30 pm, se present\u00f3 desarmon\u00eda en el territorio de Jambal\u00f3, por violencia a mano armada en contra de una mujer mayor de edad, la mayora Ilia Pilcue, quien se dirig\u00eda al trueque agropecuario liderado por las entidades del territorio.\" \/>\n<meta name=\"robots\" content=\"index, follow, max-snippet:-1, max-image-preview:large, max-video-preview:-1\" \/>\n<link rel=\"canonical\" href=\"https:\/\/www.cric-colombia.org\/portal\/hechos-de-violencia-contra-las-mujeres-causan-desarmonia-en-el-territorio-de-jambalo\/\" \/>\n<meta property=\"og:locale\" content=\"es_ES\" \/>\n<meta property=\"og:type\" content=\"article\" \/>\n<meta property=\"og:title\" content=\"Hechos de violencia contra las mujeres causan desarmon\u00eda en el territorio de Jambal\u00f3. - Consejo Regional Ind\u00edgena del Cauca - CRIC\" \/>\n<meta property=\"og:description\" content=\"El d\u00eda mi\u00e9rcoles 22 de septiembre del 2021, cerca de las 6:30 pm, se present\u00f3 desarmon\u00eda en el territorio de Jambal\u00f3, por violencia a mano armada en contra de una mujer mayor de edad, la mayora Ilia Pilcue, quien se dirig\u00eda al trueque agropecuario liderado por las entidades del territorio.\" \/>\n<meta property=\"og:url\" content=\"https:\/\/www.cric-colombia.org\/portal\/hechos-de-violencia-contra-las-mujeres-causan-desarmonia-en-el-territorio-de-jambalo\/\" \/>\n<meta property=\"og:site_name\" content=\"Consejo Regional Ind\u00edgena del Cauca - CRIC\" \/>\n<meta property=\"article:publisher\" content=\"https:\/\/www.facebook.com\/cric.colombia\/\" \/>\n<meta property=\"article:published_time\" content=\"2021-09-24T03:37:17+00:00\" \/>\n<meta property=\"article:modified_time\" content=\"2021-09-24T03:37:18+00:00\" \/>\n<meta property=\"og:image\" content=\"https:\/\/www.cric-colombia.org\/portal\/wp-content\/uploads\/2021\/09\/mayora-01.jpg\" \/>\n\t<meta property=\"og:image:width\" content=\"1488\" \/>\n\t<meta property=\"og:image:height\" content=\"1688\" \/>\n\t<meta property=\"og:image:type\" content=\"image\/jpeg\" \/>\n<meta name=\"author\" content=\"Comunicaciones CRIC\" \/>\n<meta name=\"twitter:card\" content=\"summary_large_image\" \/>\n<meta name=\"twitter:creator\" content=\"@CRIC_Cauca\" \/>\n<meta name=\"twitter:site\" content=\"@CRIC_Cauca\" \/>\n<meta name=\"twitter:label1\" content=\"Escrito por\" \/>\n\t<meta name=\"twitter:data1\" content=\"Comunicaciones CRIC\" \/>\n\t<meta name=\"twitter:label2\" content=\"Tiempo de lectura\" \/>\n\t<meta name=\"twitter:data2\" content=\"1 minuto\" \/>\n<script type=\"application\/ld+json\" class=\"yoast-schema-graph\">{\"@context\":\"https:\/\/schema.org\",\"@graph\":[{\"@type\":\"Article\",\"@id\":\"https:\/\/www.cric-colombia.org\/portal\/hechos-de-violencia-contra-las-mujeres-causan-desarmonia-en-el-territorio-de-jambalo\/#article\",\"isPartOf\":{\"@id\":\"https:\/\/www.cric-colombia.org\/portal\/hechos-de-violencia-contra-las-mujeres-causan-desarmonia-en-el-territorio-de-jambalo\/\"},\"author\":{\"name\":\"Comunicaciones CRIC\",\"@id\":\"https:\/\/www.cric-colombia.org\/portal\/#\/schema\/person\/ab3a3099267de33d55f74f34ba201931\"},\"headline\":\"Hechos de violencia contra las mujeres causan desarmon\u00eda en el territorio de Jambal\u00f3.\",\"datePublished\":\"2021-09-24T03:37:17+00:00\",\"dateModified\":\"2021-09-24T03:37:18+00:00\",\"mainEntityOfPage\":{\"@id\":\"https:\/\/www.cric-colombia.org\/portal\/hechos-de-violencia-contra-las-mujeres-causan-desarmonia-en-el-territorio-de-jambalo\/\"},\"wordCount\":198,\"commentCount\":0,\"publisher\":{\"@id\":\"https:\/\/www.cric-colombia.org\/portal\/#organization\"},\"keywords\":[\"asesinato\",\"mayora\"],\"articleSection\":[\"Actualidad Ind\u00edgena del Cauca\"],\"inLanguage\":\"es\",\"potentialAction\":[{\"@type\":\"CommentAction\",\"name\":\"Comment\",\"target\":[\"https:\/\/www.cric-colombia.org\/portal\/hechos-de-violencia-contra-las-mujeres-causan-desarmonia-en-el-territorio-de-jambalo\/#respond\"]}]},{\"@type\":\"WebPage\",\"@id\":\"https:\/\/www.cric-colombia.org\/portal\/hechos-de-violencia-contra-las-mujeres-causan-desarmonia-en-el-territorio-de-jambalo\/\",\"url\":\"https:\/\/www.cric-colombia.org\/portal\/hechos-de-violencia-contra-las-mujeres-causan-desarmonia-en-el-territorio-de-jambalo\/\",\"name\":\"Hechos de violencia contra las mujeres causan desarmon\u00eda en el territorio de Jambal\u00f3. - Consejo Regional Ind\u00edgena del Cauca - CRIC\",\"isPartOf\":{\"@id\":\"https:\/\/www.cric-colombia.org\/portal\/#website\"},\"datePublished\":\"2021-09-24T03:37:17+00:00\",\"dateModified\":\"2021-09-24T03:37:18+00:00\",\"description\":\"El d\u00eda mi\u00e9rcoles 22 de septiembre del 2021, cerca de las 6:30 pm, se present\u00f3 desarmon\u00eda en el territorio de Jambal\u00f3, por violencia a mano armada en contra de una mujer mayor de edad, la mayora Ilia Pilcue, quien se dirig\u00eda al trueque agropecuario liderado por las entidades del territorio.\",\"breadcrumb\":{\"@id\":\"https:\/\/www.cric-colombia.org\/portal\/hechos-de-violencia-contra-las-mujeres-causan-desarmonia-en-el-territorio-de-jambalo\/#breadcrumb\"},\"inLanguage\":\"es\",\"potentialAction\":[{\"@type\":\"ReadAction\",\"target\":[\"https:\/\/www.cric-colombia.org\/portal\/hechos-de-violencia-contra-las-mujeres-causan-desarmonia-en-el-territorio-de-jambalo\/\"]}]},{\"@type\":\"BreadcrumbList\",\"@id\":\"https:\/\/www.cric-colombia.org\/portal\/hechos-de-violencia-contra-las-mujeres-causan-desarmonia-en-el-territorio-de-jambalo\/#breadcrumb\",\"itemListElement\":[{\"@type\":\"ListItem\",\"position\":1,\"name\":\"Portada\",\"item\":\"https:\/\/www.cric-colombia.org\/portal\/\"},{\"@type\":\"ListItem\",\"position\":2,\"name\":\"Hechos de violencia contra las mujeres causan desarmon\u00eda en el territorio de Jambal\u00f3.\"}]},{\"@type\":\"WebSite\",\"@id\":\"https:\/\/www.cric-colombia.org\/portal\/#website\",\"url\":\"https:\/\/www.cric-colombia.org\/portal\/\",\"name\":\"Consejo Regional Ind\u00edgena del Cauca - CRIC\",\"description\":\"P\u00e1gina oficial del Consejo Regional Ind\u00edgena del Cauca, Colombia\",\"publisher\":{\"@id\":\"https:\/\/www.cric-colombia.org\/portal\/#organization\"},\"potentialAction\":[{\"@type\":\"SearchAction\",\"target\":{\"@type\":\"EntryPoint\",\"urlTemplate\":\"https:\/\/www.cric-colombia.org\/portal\/?s={search_term_string}\"},\"query-input\":\"required name=search_term_string\"}],\"inLanguage\":\"es\"},{\"@type\":\"Organization\",\"@id\":\"https:\/\/www.cric-colombia.org\/portal\/#organization\",\"name\":\"Consejo Regional Ind\u00edgena del Cauca\",\"url\":\"https:\/\/www.cric-colombia.org\/portal\/\",\"logo\":{\"@type\":\"ImageObject\",\"inLanguage\":\"es\",\"@id\":\"https:\/\/www.cric-colombia.org\/portal\/#\/schema\/logo\/image\/\",\"url\":\"https:\/\/www.cric-colombia.org\/portal\/wp-content\/uploads\/2015\/08\/logo_cric.jpg\",\"contentUrl\":\"https:\/\/www.cric-colombia.org\/portal\/wp-content\/uploads\/2015\/08\/logo_cric.jpg\",\"width\":512,\"height\":512,\"caption\":\"Consejo Regional Ind\u00edgena del Cauca\"},\"image\":{\"@id\":\"https:\/\/www.cric-colombia.org\/portal\/#\/schema\/logo\/image\/\"},\"sameAs\":[\"https:\/\/www.facebook.com\/cric.colombia\/\",\"https:\/\/twitter.com\/CRIC_Cauca\"]},{\"@type\":\"Person\",\"@id\":\"https:\/\/www.cric-colombia.org\/portal\/#\/schema\/person\/ab3a3099267de33d55f74f34ba201931\",\"name\":\"Comunicaciones CRIC\",\"image\":{\"@type\":\"ImageObject\",\"inLanguage\":\"es\",\"@id\":\"https:\/\/www.cric-colombia.org\/portal\/#\/schema\/person\/image\/\",\"url\":\"https:\/\/secure.gravatar.com\/avatar\/a8d1a6cfcb82a80d09dafefdcc3dcc8a?s=96&d=retro&r=g\",\"contentUrl\":\"https:\/\/secure.gravatar.com\/avatar\/a8d1a6cfcb82a80d09dafefdcc3dcc8a?s=96&d=retro&r=g\",\"caption\":\"Comunicaciones CRIC\"},\"url\":\"https:\/\/www.cric-colombia.org\/portal\/author\/comunicaciones\/\"}]}<\/script>\n<!-- \/ Yoast SEO plugin. -->","yoast_head_json":{"title":"Hechos de violencia contra las mujeres causan desarmon\u00eda en el territorio de Jambal\u00f3. - Consejo Regional Ind\u00edgena del Cauca - CRIC","description":"El d\u00eda mi\u00e9rcoles 22 de septiembre del 2021, cerca de las 6:30 pm, se present\u00f3 desarmon\u00eda en el territorio de Jambal\u00f3, por violencia a mano armada en contra de una mujer mayor de edad, la mayora Ilia Pilcue, quien se dirig\u00eda al trueque agropecuario liderado por las entidades del territorio.","robots":{"index":"index","follow":"follow","max-snippet":"max-snippet:-1","max-image-preview":"max-image-preview:large","max-video-preview":"max-video-preview:-1"},"canonical":"https:\/\/www.cric-colombia.org\/portal\/hechos-de-violencia-contra-las-mujeres-causan-desarmonia-en-el-territorio-de-jambalo\/","og_locale":"es_ES","og_type":"article","og_title":"Hechos de violencia contra las mujeres causan desarmon\u00eda en el territorio de Jambal\u00f3. - Consejo Regional Ind\u00edgena del Cauca - CRIC","og_description":"El d\u00eda mi\u00e9rcoles 22 de septiembre del 2021, cerca de las 6:30 pm, se present\u00f3 desarmon\u00eda en el territorio de Jambal\u00f3, por violencia a mano armada en contra de una mujer mayor de edad, la mayora Ilia Pilcue, quien se dirig\u00eda al trueque agropecuario liderado por las entidades del territorio.","og_url":"https:\/\/www.cric-colombia.org\/portal\/hechos-de-violencia-contra-las-mujeres-causan-desarmonia-en-el-territorio-de-jambalo\/","og_site_name":"Consejo Regional Ind\u00edgena del Cauca - CRIC","article_publisher":"https:\/\/www.facebook.com\/cric.colombia\/","article_published_time":"2021-09-24T03:37:17+00:00","article_modified_time":"2021-09-24T03:37:18+00:00","og_image":[{"width":1488,"height":1688,"url":"https:\/\/www.cric-colombia.org\/portal\/wp-content\/uploads\/2021\/09\/mayora-01.jpg","type":"image\/jpeg"}],"author":"Comunicaciones CRIC","twitter_card":"summary_large_image","twitter_creator":"@CRIC_Cauca","twitter_site":"@CRIC_Cauca","twitter_misc":{"Escrito por":"Comunicaciones CRIC","Tiempo de lectura":"1 minuto"},"schema":{"@context":"https:\/\/schema.org","@graph":[{"@type":"Article","@id":"https:\/\/www.cric-colombia.org\/portal\/hechos-de-violencia-contra-las-mujeres-causan-desarmonia-en-el-territorio-de-jambalo\/#article","isPartOf":{"@id":"https:\/\/www.cric-colombia.org\/portal\/hechos-de-violencia-contra-las-mujeres-causan-desarmonia-en-el-territorio-de-jambalo\/"},"author":{"name":"Comunicaciones CRIC","@id":"https:\/\/www.cric-colombia.org\/portal\/#\/schema\/person\/ab3a3099267de33d55f74f34ba201931"},"headline":"Hechos de violencia contra las mujeres causan desarmon\u00eda en el territorio de Jambal\u00f3.","datePublished":"2021-09-24T03:37:17+00:00","dateModified":"2021-09-24T03:37:18+00:00","mainEntityOfPage":{"@id":"https:\/\/www.cric-colombia.org\/portal\/hechos-de-violencia-contra-las-mujeres-causan-desarmonia-en-el-territorio-de-jambalo\/"},"wordCount":198,"commentCount":0,"publisher":{"@id":"https:\/\/www.cric-colombia.org\/portal\/#organization"},"keywords":["asesinato","mayora"],"articleSection":["Actualidad Ind\u00edgena del Cauca"],"inLanguage":"es","potentialAction":[{"@type":"CommentAction","name":"Comment","target":["https:\/\/www.cric-colombia.org\/portal\/hechos-de-violencia-contra-las-mujeres-causan-desarmonia-en-el-territorio-de-jambalo\/#respond"]}]},{"@type":"WebPage","@id":"https:\/\/www.cric-colombia.org\/portal\/hechos-de-violencia-contra-las-mujeres-causan-desarmonia-en-el-territorio-de-jambalo\/","url":"https:\/\/www.cric-colombia.org\/portal\/hechos-de-violencia-contra-las-mujeres-causan-desarmonia-en-el-territorio-de-jambalo\/","name":"Hechos de violencia contra las mujeres causan desarmon\u00eda en el territorio de Jambal\u00f3. - Consejo Regional Ind\u00edgena del Cauca - CRIC","isPartOf":{"@id":"https:\/\/www.cric-colombia.org\/portal\/#website"},"datePublished":"2021-09-24T03:37:17+00:00","dateModified":"2021-09-24T03:37:18+00:00","description":"El d\u00eda mi\u00e9rcoles 22 de septiembre del 2021, cerca de las 6:30 pm, se present\u00f3 desarmon\u00eda en el territorio de Jambal\u00f3, por violencia a mano armada en contra de una mujer mayor de edad, la mayora Ilia Pilcue, quien se dirig\u00eda al trueque agropecuario liderado por las entidades del territorio.","breadcrumb":{"@id":"https:\/\/www.cric-colombia.org\/portal\/hechos-de-violencia-contra-las-mujeres-causan-desarmonia-en-el-territorio-de-jambalo\/#breadcrumb"},"inLanguage":"es","potentialAction":[{"@type":"ReadAction","target":["https:\/\/www.cric-colombia.org\/portal\/hechos-de-violencia-contra-las-mujeres-causan-desarmonia-en-el-territorio-de-jambalo\/"]}]},{"@type":"BreadcrumbList","@id":"https:\/\/www.cric-colombia.org\/portal\/hechos-de-violencia-contra-las-mujeres-causan-desarmonia-en-el-territorio-de-jambalo\/#breadcrumb","itemListElement":[{"@type":"ListItem","position":1,"name":"Portada","item":"https:\/\/www.cric-colombia.org\/portal\/"},{"@type":"ListItem","position":2,"name":"Hechos de violencia contra las mujeres causan desarmon\u00eda en el territorio de Jambal\u00f3."}]},{"@type":"WebSite","@id":"https:\/\/www.cric-colombia.org\/portal\/#website","url":"https:\/\/www.cric-colombia.org\/portal\/","name":"Consejo Regional Ind\u00edgena del Cauca - CRIC","description":"P\u00e1gina oficial del Consejo Regional Ind\u00edgena del Cauca, Colombia","publisher":{"@id":"https:\/\/www.cric-colombia.org\/portal\/#organization"},"potentialAction":[{"@type":"SearchAction","target":{"@type":"EntryPoint","urlTemplate":"https:\/\/www.cric-colombia.org\/portal\/?s={search_term_string}"},"query-input":"required name=search_term_string"}],"inLanguage":"es"},{"@type":"Organization","@id":"https:\/\/www.cric-colombia.org\/portal\/#organization","name":"Consejo Regional Ind\u00edgena del Cauca","url":"https:\/\/www.cric-colombia.org\/portal\/","logo":{"@type":"ImageObject","inLanguage":"es","@id":"https:\/\/www.cric-colombia.org\/portal\/#\/schema\/logo\/image\/","url":"https:\/\/www.cric-colombia.org\/portal\/wp-content\/uploads\/2015\/08\/logo_cric.jpg","contentUrl":"https:\/\/www.cric-colombia.org\/portal\/wp-content\/uploads\/2015\/08\/logo_cric.jpg","width":512,"height":512,"caption":"Consejo Regional Ind\u00edgena del Cauca"},"image":{"@id":"https:\/\/www.cric-colombia.org\/portal\/#\/schema\/logo\/image\/"},"sameAs":["https:\/\/www.facebook.com\/cric.colombia\/","https:\/\/twitter.com\/CRIC_Cauca"]},{"@type":"Person","@id":"https:\/\/www.cric-colombia.org\/portal\/#\/schema\/person\/ab3a3099267de33d55f74f34ba201931","name":"Comunicaciones CRIC","image":{"@type":"ImageObject","inLanguage":"es","@id":"https:\/\/www.cric-colombia.org\/portal\/#\/schema\/person\/image\/","url":"https:\/\/secure.gravatar.com\/avatar\/a8d1a6cfcb82a80d09dafefdcc3dcc8a?s=96&d=retro&r=g","contentUrl":"https:\/\/secure.gravatar.com\/avatar\/a8d1a6cfcb82a80d09dafefdcc3dcc8a?s=96&d=retro&r=g","caption":"Comunicaciones CRIC"},"url":"https:\/\/www.cric-colombia.org\/portal\/author\/comunicaciones\/"}]}},"jetpack_featured_media_url":"https:\/\/www.cric-colombia.org\/portal\/wp-content\/uploads\/2021\/09\/mayora-01.jpg","_links":{"self":[{"href":"https:\/\/www.cric-colombia.org\/portal\/wp-json\/wp\/v2\/posts\/31965"}],"collection":[{"href":"https:\/\/www.cric-colombia.org\/portal\/wp-json\/wp\/v2\/posts"}],"about":[{"href":"https:\/\/www.cric-colombia.org\/portal\/wp-json\/wp\/v2\/types\/post"}],"author":[{"embeddable":true,"href":"https:\/\/www.cric-colombia.org\/portal\/wp-json\/wp\/v2\/users\/6"}],"replies":[{"embeddable":true,"href":"https:\/\/www.cric-colombia.org\/portal\/wp-json\/wp\/v2\/comments?post=31965"}],"version-history":[{"count":1,"href":"https:\/\/www.cric-colombia.org\/portal\/wp-json\/wp\/v2\/posts\/31965\/revisions"}],"predecessor-version":[{"id":31967,"href":"https:\/\/www.cric-colombia.org\/portal\/wp-json\/wp\/v2\/posts\/31965\/revisions\/31967"}],"wp:featuredmedia":[{"embeddable":true,"href":"https:\/\/www.cric-colombia.org\/portal\/wp-json\/wp\/v2\/media\/31966"}],"wp:attachment":[{"href":"https:\/\/www.cric-colombia.org\/portal\/wp-json\/wp\/v2\/media?parent=31965"}],"wp:term":[{"taxonomy":"category","embeddable":true,"href":"https:\/\/www.cric-colombia.org\/portal\/wp-json\/wp\/v2\/categories?post=31965"},{"taxonomy":"post_tag","embeddable":true,"href":"https:\/\/www.cric-colombia.org\/portal\/wp-json\/wp\/v2\/tags?post=31965"}],"curies":[{"name":"wp","href":"https:\/\/api.w.org\/{rel}","templated":true}]}}